{"id":140683,"date":"2015-10-12T15:09:13","date_gmt":"2015-10-12T13:09:13","guid":{"rendered":"https:\/\/sandzakpress.net\/arhiva\/?p=140683"},"modified":"2015-10-13T09:20:34","modified_gmt":"2015-10-13T07:20:34","slug":"u-becu-osnovan-muslimanski-omladinski-klub","status":"publish","type":"post","link":"https:\/\/sandzakpress.net\/arhiva\/u-becu-osnovan-muslimanski-omladinski-klub\/","title":{"rendered":"U Be\u010du osnovan Muslimanski omladinski klub"},"content":{"rendered":"<p><a href=\"http:\/\/sanapress.info\/wp-content\/uploads\/2015\/10\/unnamed.jpg\"><img loading=\"lazy\" decoding=\"async\" class=\"alignnone size-full wp-image-24656\" src=\"http:\/\/sanapress.info\/wp-content\/uploads\/2015\/10\/unnamed.jpg\" alt=\"unnamed\" width=\"640\" height=\"480\" data-wp-imgselect=\"1\" \/><\/a><\/p>\n<p><strong>Austrija &#8211; U subotu, 11. oktobra ove godine osnovan je ogranak MOK-a u Be\u010du koji ima za cilj da okupi \u0161to ve\u0107i broj bo\u0161nja\u010dke omladine koji bi putem korisnih projekata radili na o\u010duvanju i promovisanju vjerskog, kulturnog i nacionalnog identiteta.<\/strong><\/p>\n<p>Na skup\u0161tini MOK-a, na kojoj je prisustvovalo oko 30 mladi\u0107a i djevojaka predlo\u017een je Mervan ef. Ro\u017eajac za predsjednika a koordinatori ispred d\u017eemata su: Vekas Bahtjarevi\u0107 (el-Iman), Amel Tari\u0107 (el-Ihsan) i Suad Crni\u0161anin (et-Taqwa). U \u017eenskom sektoru MOK-a izabrane su Ai\u0161a Ka\u010dapor, Selma D\u017eankovi\u0107 i Azra Ibrahimovi\u0107.<\/p>\n<p>Na skup\u0161tini su se omladini pored predsjednika MOK-a ju\u010de obratili i predsjednik IKC-a Mithat Mujovi\u0107 kao i glavni imam IKC-a Nihat ef. Gegi\u0107 koji su uputili nekoliko korisnih savjeta o budu\u0107em anga\u017emanu aktivista MOK-a.<\/p>\n<p>Islamski kulturni centar Bo\u0161njaka u Be\u010du (IKC) je osnivanjem MOK-a dobio jo\u0161 jedno korisno udru\u017eenje od kojeg o\u010dekujemo velike reziltate na polju organiziranja mladih u narednom periodu.<\/p>\n<p>(SANA)<\/p>\n","protected":false},"excerpt":{"rendered":"<p>Austrija &#8211; U subotu, 11. oktobra ove godine osnovan je ogranak MOK-a u Be\u010du koji ima za cilj da okupi \u0161to ve\u0107i broj bo\u0161nja\u010dke omladine koji bi putem korisnih projekata radili na o\u010duvanju i promovisanju vjerskog, kulturnog i nacionalnog identiteta. Na skup\u0161tini MOK-a, na kojoj je prisustvovalo oko 30 mladi\u0107a i djevojaka predlo\u017een je Mervan [&hellip;]<\/p>\n","protected":false},"author":83,"featured_media":140684,"comment_status":"open","ping_status":"open","sticky":false,"template":"","format":"standard","meta":{"footnotes":""},"categories":[9539,802,8957,10429],"tags":[],"class_list":{"0":"post-140683","1":"post","2":"type-post","3":"status-publish","4":"format-standard","5":"has-post-thumbnail","7":"category-austrija-dijaspora-gradovi-vase-vijesti","8":"category-islamska_zajednica","9":"category-vijesti-dana","10":"category-vazno"},"yoast_head":"<!-- This site is optimized with the Yoast SEO Premium plugin v23.1 (Yoast SEO v24.9) - https:\/\/yoast.com\/wordpress\/plugins\/seo\/ -->\n<title>U Be\u010du osnovan Muslimanski omladinski klub<\/title>\n<meta name=\"robots\" content=\"index, follow, max-snippet:-1, max-image-preview:large, max-video-preview:-1\" \/>\n<link rel=\"canonical\" href=\"https:\/\/sandzakpress.net\/arhiva\/u-becu-osnovan-muslimanski-omladinski-klub\/\" \/>\n<meta property=\"og:locale\" content=\"bs_BA\" \/>\n<meta property=\"og:type\" content=\"article\" \/>\n<meta property=\"og:title\" content=\"U Be\u010du osnovan Muslimanski omladinski klub\" \/>\n<meta property=\"og:description\" content=\"Austrija &#8211; U subotu, 11. oktobra ove godine osnovan je ogranak MOK-a u Be\u010du koji ima za cilj da okupi \u0161to ve\u0107i broj bo\u0161nja\u010dke omladine koji bi putem korisnih projekata radili na o\u010duvanju i promovisanju vjerskog, kulturnog i nacionalnog identiteta. Na skup\u0161tini MOK-a, na kojoj je prisustvovalo oko 30 mladi\u0107a i djevojaka predlo\u017een je Mervan [&hellip;]\" \/>\n<meta property=\"og:url\" content=\"https:\/\/sandzakpress.net\/arhiva\/u-becu-osnovan-muslimanski-omladinski-klub\/\" \/>\n<meta property=\"og:site_name\" content=\"Sand\u017eak PRESS\" \/>\n<meta property=\"article:published_time\" content=\"2015-10-12T13:09:13+00:00\" \/>\n<meta property=\"article:modified_time\" content=\"2015-10-13T07:20:34+00:00\" \/>\n<meta property=\"og:image\" content=\"https:\/\/sandzakpress.net\/arhiva\/wp-content\/uploads\/2015\/10\/unnamed.jpg\" \/>\n\t<meta property=\"og:image:width\" content=\"640\" \/>\n\t<meta property=\"og:image:height\" content=\"480\" \/>\n\t<meta property=\"og:image:type\" content=\"image\/jpeg\" \/>\n<meta name=\"author\" content=\"bosniak\" \/>\n<meta name=\"twitter:card\" content=\"summary_large_image\" \/>\n<meta name=\"twitter:label1\" content=\"Written by\" \/>\n\t<meta name=\"twitter:data1\" content=\"bosniak\" \/>\n\t<meta name=\"twitter:label2\" content=\"Est. reading time\" \/>\n\t<meta name=\"twitter:data2\" content=\"1 minuta\" \/>\n<script type=\"application\/ld+json\" class=\"yoast-schema-graph\">{\"@context\":\"https:\/\/schema.org\",\"@graph\":[{\"@type\":\"Article\",\"@id\":\"https:\/\/sandzakpress.net\/arhiva\/u-becu-osnovan-muslimanski-omladinski-klub\/#article\",\"isPartOf\":{\"@id\":\"https:\/\/sandzakpress.net\/arhiva\/u-becu-osnovan-muslimanski-omladinski-klub\/\"},\"author\":{\"name\":\"bosniak\",\"@id\":\"https:\/\/sandzakpress.net\/arhiva\/#\/schema\/person\/c8baee722073534b583ea7bdb2e36c02\"},\"headline\":\"U Be\u010du osnovan Muslimanski omladinski klub\",\"datePublished\":\"2015-10-12T13:09:13+00:00\",\"dateModified\":\"2015-10-13T07:20:34+00:00\",\"mainEntityOfPage\":{\"@id\":\"https:\/\/sandzakpress.net\/arhiva\/u-becu-osnovan-muslimanski-omladinski-klub\/\"},\"wordCount\":176,\"commentCount\":2,\"publisher\":{\"@id\":\"https:\/\/sandzakpress.net\/arhiva\/#\/schema\/person\/6e72b67d6e51910a1117b3b483ba20bd\"},\"image\":{\"@id\":\"https:\/\/sandzakpress.net\/arhiva\/u-becu-osnovan-muslimanski-omladinski-klub\/#primaryimage\"},\"thumbnailUrl\":\"https:\/\/sandzakpress.net\/arhiva\/wp-content\/uploads\/2015\/10\/unnamed.jpg\",\"articleSection\":[\"Austrija\",\"Islamska zajednica\",\"VIJESTI DANA\",\"VA\u017dNO!\"],\"inLanguage\":\"bs-BA\",\"potentialAction\":[{\"@type\":\"CommentAction\",\"name\":\"Comment\",\"target\":[\"https:\/\/sandzakpress.net\/arhiva\/u-becu-osnovan-muslimanski-omladinski-klub\/#respond\"]}]},{\"@type\":\"WebPage\",\"@id\":\"https:\/\/sandzakpress.net\/arhiva\/u-becu-osnovan-muslimanski-omladinski-klub\/\",\"url\":\"https:\/\/sandzakpress.net\/arhiva\/u-becu-osnovan-muslimanski-omladinski-klub\/\",\"name\":\"U Be\u010du osnovan Muslimanski omladinski klub\",\"isPartOf\":{\"@id\":\"https:\/\/sandzakpress.net\/arhiva\/#website\"},\"primaryImageOfPage\":{\"@id\":\"https:\/\/sandzakpress.net\/arhiva\/u-becu-osnovan-muslimanski-omladinski-klub\/#primaryimage\"},\"image\":{\"@id\":\"https:\/\/sandzakpress.net\/arhiva\/u-becu-osnovan-muslimanski-omladinski-klub\/#primaryimage\"},\"thumbnailUrl\":\"https:\/\/sandzakpress.net\/arhiva\/wp-content\/uploads\/2015\/10\/unnamed.jpg\",\"datePublished\":\"2015-10-12T13:09:13+00:00\",\"dateModified\":\"2015-10-13T07:20:34+00:00\",\"breadcrumb\":{\"@id\":\"https:\/\/sandzakpress.net\/arhiva\/u-becu-osnovan-muslimanski-omladinski-klub\/#breadcrumb\"},\"inLanguage\":\"bs-BA\",\"potentialAction\":[{\"@type\":\"ReadAction\",\"target\":[\"https:\/\/sandzakpress.net\/arhiva\/u-becu-osnovan-muslimanski-omladinski-klub\/\"]}]},{\"@type\":\"ImageObject\",\"inLanguage\":\"bs-BA\",\"@id\":\"https:\/\/sandzakpress.net\/arhiva\/u-becu-osnovan-muslimanski-omladinski-klub\/#primaryimage\",\"url\":\"https:\/\/sandzakpress.net\/arhiva\/wp-content\/uploads\/2015\/10\/unnamed.jpg\",\"contentUrl\":\"https:\/\/sandzakpress.net\/arhiva\/wp-content\/uploads\/2015\/10\/unnamed.jpg\",\"width\":640,\"height\":480},{\"@type\":\"BreadcrumbList\",\"@id\":\"https:\/\/sandzakpress.net\/arhiva\/u-becu-osnovan-muslimanski-omladinski-klub\/#breadcrumb\",\"itemListElement\":[{\"@type\":\"ListItem\",\"position\":1,\"name\":\"Home\",\"item\":\"https:\/\/sandzakpress.net\/arhiva\/\"},{\"@type\":\"ListItem\",\"position\":2,\"name\":\"U Be\u010du osnovan Muslimanski omladinski klub\"}]},{\"@type\":\"WebSite\",\"@id\":\"https:\/\/sandzakpress.net\/arhiva\/#website\",\"url\":\"https:\/\/sandzakpress.net\/arhiva\/\",\"name\":\"Sand\u017eak PRESS\",\"description\":\"Prve elektronske novine u Sand\u017eaku\",\"publisher\":{\"@id\":\"https:\/\/sandzakpress.net\/arhiva\/#\/schema\/person\/6e72b67d6e51910a1117b3b483ba20bd\"},\"potentialAction\":[{\"@type\":\"SearchAction\",\"target\":{\"@type\":\"EntryPoint\",\"urlTemplate\":\"https:\/\/sandzakpress.net\/arhiva\/?s={search_term_string}\"},\"query-input\":{\"@type\":\"PropertyValueSpecification\",\"valueRequired\":true,\"valueName\":\"search_term_string\"}}],\"inLanguage\":\"bs-BA\"},{\"@type\":[\"Person\",\"Organization\"],\"@id\":\"https:\/\/sandzakpress.net\/arhiva\/#\/schema\/person\/6e72b67d6e51910a1117b3b483ba20bd\",\"name\":\"Kul\",\"image\":{\"@type\":\"ImageObject\",\"inLanguage\":\"bs-BA\",\"@id\":\"https:\/\/sandzakpress.net\/arhiva\/#\/schema\/person\/image\/\",\"url\":\"https:\/\/secure.gravatar.com\/avatar\/42263f39aa27ac04c43cab85c280eb2e?s=96&d=mm&r=pg\",\"contentUrl\":\"https:\/\/secure.gravatar.com\/avatar\/42263f39aa27ac04c43cab85c280eb2e?s=96&d=mm&r=pg\",\"caption\":\"Kul\"},\"logo\":{\"@id\":\"https:\/\/sandzakpress.net\/arhiva\/#\/schema\/person\/image\/\"}},{\"@type\":\"Person\",\"@id\":\"https:\/\/sandzakpress.net\/arhiva\/#\/schema\/person\/c8baee722073534b583ea7bdb2e36c02\",\"name\":\"bosniak\",\"image\":{\"@type\":\"ImageObject\",\"inLanguage\":\"bs-BA\",\"@id\":\"https:\/\/sandzakpress.net\/arhiva\/#\/schema\/person\/image\/\",\"url\":\"https:\/\/secure.gravatar.com\/avatar\/a04fd330bfe3a36a72a0ad4a6d89fca7?s=96&d=mm&r=pg\",\"contentUrl\":\"https:\/\/secure.gravatar.com\/avatar\/a04fd330bfe3a36a72a0ad4a6d89fca7?s=96&d=mm&r=pg\",\"caption\":\"bosniak\"},\"url\":\"https:\/\/sandzakpress.net\/arhiva\/author\/bosniak\/\"}]}<\/script>\n<!-- \/ Yoast SEO Premium plugin. -->","yoast_head_json":{"title":"U Be\u010du osnovan Muslimanski omladinski klub","robots":{"index":"index","follow":"follow","max-snippet":"max-snippet:-1","max-image-preview":"max-image-preview:large","max-video-preview":"max-video-preview:-1"},"canonical":"https:\/\/sandzakpress.net\/arhiva\/u-becu-osnovan-muslimanski-omladinski-klub\/","og_locale":"bs_BA","og_type":"article","og_title":"U Be\u010du osnovan Muslimanski omladinski klub","og_description":"Austrija &#8211; U subotu, 11. oktobra ove godine osnovan je ogranak MOK-a u Be\u010du koji ima za cilj da okupi \u0161to ve\u0107i broj bo\u0161nja\u010dke omladine koji bi putem korisnih projekata radili na o\u010duvanju i promovisanju vjerskog, kulturnog i nacionalnog identiteta. Na skup\u0161tini MOK-a, na kojoj je prisustvovalo oko 30 mladi\u0107a i djevojaka predlo\u017een je Mervan [&hellip;]","og_url":"https:\/\/sandzakpress.net\/arhiva\/u-becu-osnovan-muslimanski-omladinski-klub\/","og_site_name":"Sand\u017eak PRESS","article_published_time":"2015-10-12T13:09:13+00:00","article_modified_time":"2015-10-13T07:20:34+00:00","og_image":[{"width":640,"height":480,"url":"https:\/\/sandzakpress.net\/arhiva\/wp-content\/uploads\/2015\/10\/unnamed.jpg","type":"image\/jpeg"}],"author":"bosniak","twitter_card":"summary_large_image","twitter_misc":{"Written by":"bosniak","Est. reading time":"1 minuta"},"schema":{"@context":"https:\/\/schema.org","@graph":[{"@type":"Article","@id":"https:\/\/sandzakpress.net\/arhiva\/u-becu-osnovan-muslimanski-omladinski-klub\/#article","isPartOf":{"@id":"https:\/\/sandzakpress.net\/arhiva\/u-becu-osnovan-muslimanski-omladinski-klub\/"},"author":{"name":"bosniak","@id":"https:\/\/sandzakpress.net\/arhiva\/#\/schema\/person\/c8baee722073534b583ea7bdb2e36c02"},"headline":"U Be\u010du osnovan Muslimanski omladinski klub","datePublished":"2015-10-12T13:09:13+00:00","dateModified":"2015-10-13T07:20:34+00:00","mainEntityOfPage":{"@id":"https:\/\/sandzakpress.net\/arhiva\/u-becu-osnovan-muslimanski-omladinski-klub\/"},"wordCount":176,"commentCount":2,"publisher":{"@id":"https:\/\/sandzakpress.net\/arhiva\/#\/schema\/person\/6e72b67d6e51910a1117b3b483ba20bd"},"image":{"@id":"https:\/\/sandzakpress.net\/arhiva\/u-becu-osnovan-muslimanski-omladinski-klub\/#primaryimage"},"thumbnailUrl":"https:\/\/sandzakpress.net\/arhiva\/wp-content\/uploads\/2015\/10\/unnamed.jpg","articleSection":["Austrija","Islamska zajednica","VIJESTI DANA","VA\u017dNO!"],"inLanguage":"bs-BA","potentialAction":[{"@type":"CommentAction","name":"Comment","target":["https:\/\/sandzakpress.net\/arhiva\/u-becu-osnovan-muslimanski-omladinski-klub\/#respond"]}]},{"@type":"WebPage","@id":"https:\/\/sandzakpress.net\/arhiva\/u-becu-osnovan-muslimanski-omladinski-klub\/","url":"https:\/\/sandzakpress.net\/arhiva\/u-becu-osnovan-muslimanski-omladinski-klub\/","name":"U Be\u010du osnovan Muslimanski omladinski klub","isPartOf":{"@id":"https:\/\/sandzakpress.net\/arhiva\/#website"},"primaryImageOfPage":{"@id":"https:\/\/sandzakpress.net\/arhiva\/u-becu-osnovan-muslimanski-omladinski-klub\/#primaryimage"},"image":{"@id":"https:\/\/sandzakpress.net\/arhiva\/u-becu-osnovan-muslimanski-omladinski-klub\/#primaryimage"},"thumbnailUrl":"https:\/\/sandzakpress.net\/arhiva\/wp-content\/uploads\/2015\/10\/unnamed.jpg","datePublished":"2015-10-12T13:09:13+00:00","dateModified":"2015-10-13T07:20:34+00:00","breadcrumb":{"@id":"https:\/\/sandzakpress.net\/arhiva\/u-becu-osnovan-muslimanski-omladinski-klub\/#breadcrumb"},"inLanguage":"bs-BA","potentialAction":[{"@type":"ReadAction","target":["https:\/\/sandzakpress.net\/arhiva\/u-becu-osnovan-muslimanski-omladinski-klub\/"]}]},{"@type":"ImageObject","inLanguage":"bs-BA","@id":"https:\/\/sandzakpress.net\/arhiva\/u-becu-osnovan-muslimanski-omladinski-klub\/#primaryimage","url":"https:\/\/sandzakpress.net\/arhiva\/wp-content\/uploads\/2015\/10\/unnamed.jpg","contentUrl":"https:\/\/sandzakpress.net\/arhiva\/wp-content\/uploads\/2015\/10\/unnamed.jpg","width":640,"height":480},{"@type":"BreadcrumbList","@id":"https:\/\/sandzakpress.net\/arhiva\/u-becu-osnovan-muslimanski-omladinski-klub\/#breadcrumb","itemListElement":[{"@type":"ListItem","position":1,"name":"Home","item":"https:\/\/sandzakpress.net\/arhiva\/"},{"@type":"ListItem","position":2,"name":"U Be\u010du osnovan Muslimanski omladinski klub"}]},{"@type":"WebSite","@id":"https:\/\/sandzakpress.net\/arhiva\/#website","url":"https:\/\/sandzakpress.net\/arhiva\/","name":"Sand\u017eak PRESS","description":"Prve elektronske novine u Sand\u017eaku","publisher":{"@id":"https:\/\/sandzakpress.net\/arhiva\/#\/schema\/person\/6e72b67d6e51910a1117b3b483ba20bd"},"potentialAction":[{"@type":"SearchAction","target":{"@type":"EntryPoint","urlTemplate":"https:\/\/sandzakpress.net\/arhiva\/?s={search_term_string}"},"query-input":{"@type":"PropertyValueSpecification","valueRequired":true,"valueName":"search_term_string"}}],"inLanguage":"bs-BA"},{"@type":["Person","Organization"],"@id":"https:\/\/sandzakpress.net\/arhiva\/#\/schema\/person\/6e72b67d6e51910a1117b3b483ba20bd","name":"Kul","image":{"@type":"ImageObject","inLanguage":"bs-BA","@id":"https:\/\/sandzakpress.net\/arhiva\/#\/schema\/person\/image\/","url":"https:\/\/secure.gravatar.com\/avatar\/42263f39aa27ac04c43cab85c280eb2e?s=96&d=mm&r=pg","contentUrl":"https:\/\/secure.gravatar.com\/avatar\/42263f39aa27ac04c43cab85c280eb2e?s=96&d=mm&r=pg","caption":"Kul"},"logo":{"@id":"https:\/\/sandzakpress.net\/arhiva\/#\/schema\/person\/image\/"}},{"@type":"Person","@id":"https:\/\/sandzakpress.net\/arhiva\/#\/schema\/person\/c8baee722073534b583ea7bdb2e36c02","name":"bosniak","image":{"@type":"ImageObject","inLanguage":"bs-BA","@id":"https:\/\/sandzakpress.net\/arhiva\/#\/schema\/person\/image\/","url":"https:\/\/secure.gravatar.com\/avatar\/a04fd330bfe3a36a72a0ad4a6d89fca7?s=96&d=mm&r=pg","contentUrl":"https:\/\/secure.gravatar.com\/avatar\/a04fd330bfe3a36a72a0ad4a6d89fca7?s=96&d=mm&r=pg","caption":"bosniak"},"url":"https:\/\/sandzakpress.net\/arhiva\/author\/bosniak\/"}]}},"_links":{"self":[{"href":"https:\/\/sandzakpress.net\/arhiva\/wp-json\/wp\/v2\/posts\/140683"}],"collection":[{"href":"https:\/\/sandzakpress.net\/arhiva\/wp-json\/wp\/v2\/posts"}],"about":[{"href":"https:\/\/sandzakpress.net\/arhiva\/wp-json\/wp\/v2\/types\/post"}],"author":[{"embeddable":true,"href":"https:\/\/sandzakpress.net\/arhiva\/wp-json\/wp\/v2\/users\/83"}],"replies":[{"embeddable":true,"href":"https:\/\/sandzakpress.net\/arhiva\/wp-json\/wp\/v2\/comments?post=140683"}],"version-history":[{"count":0,"href":"https:\/\/sandzakpress.net\/arhiva\/wp-json\/wp\/v2\/posts\/140683\/revisions"}],"wp:featuredmedia":[{"embeddable":true,"href":"https:\/\/sandzakpress.net\/arhiva\/wp-json\/wp\/v2\/media\/140684"}],"wp:attachment":[{"href":"https:\/\/sandzakpress.net\/arhiva\/wp-json\/wp\/v2\/media?parent=140683"}],"wp:term":[{"taxonomy":"category","embeddable":true,"href":"https:\/\/sandzakpress.net\/arhiva\/wp-json\/wp\/v2\/categories?post=140683"},{"taxonomy":"post_tag","embeddable":true,"href":"https:\/\/sandzakpress.net\/arhiva\/wp-json\/wp\/v2\/tags?post=140683"}],"curies":[{"name":"wp","href":"https:\/\/api.w.org\/{rel}","templated":true}]}}