{"id":14066,"date":"2011-03-21T12:12:34","date_gmt":"2011-03-21T11:12:34","guid":{"rendered":"https:\/\/sandzakpress.net\/arhiva\/?p=14066"},"modified":"2011-03-21T12:12:34","modified_gmt":"2011-03-21T11:12:34","slug":"ljajic-poziva-na-krsenje-ustava-i-zakona","status":"publish","type":"post","link":"https:\/\/sandzakpress.net\/arhiva\/ljajic-poziva-na-krsenje-ustava-i-zakona\/","title":{"rendered":"Ljaji\u0107 poziva na kr\u0161enje Ustava i Zakona"},"content":{"rendered":"<p><strong><a href=\"https:\/\/sandzakpress.net\/arhiva\/wp-content\/uploads\/2011\/03\/BNV-odbor-za-ljudska-prava-i-sloboda-rgb.jpg\"><img loading=\"lazy\" decoding=\"async\" class=\"alignleft size-medium wp-image-14067\" title=\"BNV-odbor-za-ljudska-prava-i-sloboda-rgb\" src=\"https:\/\/sandzakpress.net\/arhiva\/wp-content\/uploads\/2011\/03\/BNV-odbor-za-ljudska-prava-i-sloboda-rgb-300x79.jpg\" alt=\"\" width=\"300\" height=\"79\" \/><\/a>Sjeverni Sand\u017eak &#8211; Odbor za za\u0161titu ljudskih prava i sloboda BNV-a najo\u0161trije protestvuje protiv kr\u0161enja kolektivnih, Ustavom garantovanih\u00a0 prava Bo\u0161njaka i ostalih gradjana Sand\u017eaka, kao i njihovo zastra\u0161ivanje u pogledu\u00a0 prava na slobodno izra\u017eavanje svoje volje i zalaganje za re\u0161avanje statusa regije Sand\u017eak, od strane najvi\u0161ih predstavnika Vlade Srbije.<\/strong><\/p>\n<p>Naime, gostuju\u0107i u emisiji \u201eRaspakivanje\u201c na Javnom servisu RTS, 17.03.2011. godine, Rasim Ljaji\u0107, ministar za rad i socijalnu politiku, izjavio je da je ideja autonomije Sand\u017eaka \u201eunaprijed propala stvar\u201c, te da \u0107e \u201eBo\u0161njaci imati velike \u0161tete od tih zahtjeva\u201c.<\/p>\n<p>Razumijemo potrebu gospodina Ljaji\u0107a da \u0161titi interese onih koji su mu, i u novoj \u201erekonstruisanoj Vladi\u201c dali da vodi isti resor, iako iza sebe nema ni izbliza onu politi\u010dku te\u017einu koju je imao nakon 11. maja 2008. godine. Shva\u0107amo njegovu \u201epoliti\u010dku visprenost\u201c da se, zbog re\u017eima u Beogradu odri\u010de, kako sam re\u010de, i \u010ditulje koju je uputio povodom smrti rahmetli predsjednika Alije Izetbegovi\u0107a; kao i to da ima pune ruke posla, da uvjerava glavnog tu\u017eioca Ha\u0161kog tribunala, Ser\u017ea Bramerca kako Ratko Mladi\u0107 nije u Srbiji.<\/p>\n<p>Ali, ono \u0161to ne mo\u017eemo razumjeti i \u0161to ne\u0107emo prihvatiti je \u010dinjenica da Rasim Ljaji\u0107, \u010dija je lista \u201eBo\u0161nja\u010dki preporod\u201c na izborima za Bo\u0161nja\u010dko nacionalno vije\u0107e, 6. juna pro\u0161le godine, dobila ne\u0161to preko 5% bo\u0161nja\u010dkih glasova, ima pravo govoriti u ime ogromne ve\u0107ine Bo\u0161njaka, koji su glasali za druge dvije liste, o njihovim nacionalnim interesima, zloupotrebljavaju\u0107i poziciju Ministra, na na\u010din da istu predstavlja kao \u201eostvarenje najve\u0107eg stepena individualnih i kolektivnih prava\u201c.<\/p>\n<p>Preko 90% Bo\u0161njaka Sand\u017eaka se na referendumu o Autotonomiji Sand\u017eaka 1991.\u00a0 godine, izjasnilo ZA AUTONOMIJU. Oni i danas, u skladu sa \u010dlanom 176 ustava Srbije, u kojem stoji da \u201egra\u0111ani imaju pravo na pokrajinsku autonomiju i lokalnu samoupravu, koje ostvaruju neposredno ili preko svojih slobodno izabranih predstavnika\u201c, imaju pravo na implementaciju referendumske odluke o AUTONOMIJI.<\/p>\n<p>Uskra\u0107ivanjem, pogotovo sa najvi\u0161ih pozicija vlasti kakav je polo\u017eaj Ministra, u\u017eivanja garantiranih prava \u010dini se diskriminaciji prema drugom i druga\u010dijem, koja je u pro\u0161losti, na ovim na\u0161im prostorima na\u017ealost, poprimala razmjere Genocida.<\/p>\n<p>U tom smislu pozivamo nadle\u017ene dr\u017eavne organe da sprije\u010de i sankcioni\u0161u pozive na kr\u0161enje Ustava i Zakona koje su sami donijeli.<\/p>\n<p>S po\u0161tovanjem,<\/p>\n<p><strong>Predsjednik Odbora za za\u0161titu ljudskih prava i sloboda BNV-a<\/strong><\/p>\n<p><strong>Prof. dr. Admir Muratovi\u0107<\/strong><\/p>\n<p>Izvor: <strong>BNV.rs<\/strong><\/p>\n","protected":false},"excerpt":{"rendered":"<p>Sjeverni Sand\u017eak &#8211; Odbor za za\u0161titu ljudskih prava i sloboda BNV-a najo\u0161trije protestvuje protiv kr\u0161enja kolektivnih, Ustavom garantovanih\u00a0 prava Bo\u0161njaka i ostalih gradjana Sand\u017eaka, kao i njihovo zastra\u0161ivanje u pogledu\u00a0 prava na slobodno izra\u017eavanje svoje volje i zalaganje za re\u0161avanje statusa regije Sand\u017eak, od strane najvi\u0161ih predstavnika Vlade Srbije. Naime, gostuju\u0107i u emisiji \u201eRaspakivanje\u201c na [&hellip;]<\/p>\n","protected":false},"author":83,"featured_media":14067,"comment_status":"open","ping_status":"open","sticky":false,"template":"","format":"standard","meta":{"footnotes":""},"categories":[72,800,52,327,392,393,394],"tags":[],"class_list":{"0":"post-14066","1":"post","2":"type-post","3":"status-publish","4":"format-standard","5":"has-post-thumbnail","7":"category-novi-pazar","8":"category-nacija","9":"category-sjenica","10":"category-tutin","11":"category-prijepolje_","12":"category-priboj","13":"category-nova-varos"},"yoast_head":"<!-- This site is optimized with the Yoast SEO Premium plugin v23.1 (Yoast SEO v24.9) - https:\/\/yoast.com\/wordpress\/plugins\/seo\/ -->\n<title>Ljaji\u0107 poziva na kr\u0161enje Ustava i Zakona<\/title>\n<meta name=\"robots\" content=\"index, follow, max-snippet:-1, max-image-preview:large, max-video-preview:-1\" \/>\n<link rel=\"canonical\" href=\"https:\/\/sandzakpress.net\/arhiva\/ljajic-poziva-na-krsenje-ustava-i-zakona\/\" \/>\n<meta property=\"og:locale\" content=\"bs_BA\" \/>\n<meta property=\"og:type\" content=\"article\" \/>\n<meta property=\"og:title\" content=\"Ljaji\u0107 poziva na kr\u0161enje Ustava i Zakona\" \/>\n<meta property=\"og:description\" content=\"Sjeverni Sand\u017eak &#8211; Odbor za za\u0161titu ljudskih prava i sloboda BNV-a najo\u0161trije protestvuje protiv kr\u0161enja kolektivnih, Ustavom garantovanih\u00a0 prava Bo\u0161njaka i ostalih gradjana Sand\u017eaka, kao i njihovo zastra\u0161ivanje u pogledu\u00a0 prava na slobodno izra\u017eavanje svoje volje i zalaganje za re\u0161avanje statusa regije Sand\u017eak, od strane najvi\u0161ih predstavnika Vlade Srbije. Naime, gostuju\u0107i u emisiji \u201eRaspakivanje\u201c na [&hellip;]\" \/>\n<meta property=\"og:url\" content=\"https:\/\/sandzakpress.net\/arhiva\/ljajic-poziva-na-krsenje-ustava-i-zakona\/\" \/>\n<meta property=\"og:site_name\" content=\"Sand\u017eak PRESS\" \/>\n<meta property=\"article:published_time\" content=\"2011-03-21T11:12:34+00:00\" \/>\n<meta property=\"og:image\" content=\"https:\/\/sandzakpress.net\/arhiva\/wp-content\/uploads\/2011\/03\/BNV-odbor-za-ljudska-prava-i-sloboda-rgb.jpg\" \/>\n\t<meta property=\"og:image:width\" content=\"500\" \/>\n\t<meta property=\"og:image:height\" content=\"133\" \/>\n\t<meta property=\"og:image:type\" content=\"image\/jpeg\" \/>\n<meta name=\"author\" content=\"bosniak\" \/>\n<meta name=\"twitter:card\" content=\"summary_large_image\" \/>\n<meta name=\"twitter:label1\" content=\"Written by\" \/>\n\t<meta name=\"twitter:data1\" content=\"bosniak\" \/>\n\t<meta name=\"twitter:label2\" content=\"Est. reading time\" \/>\n\t<meta name=\"twitter:data2\" content=\"2 minute\" \/>\n<script type=\"application\/ld+json\" class=\"yoast-schema-graph\">{\"@context\":\"https:\/\/schema.org\",\"@graph\":[{\"@type\":\"Article\",\"@id\":\"https:\/\/sandzakpress.net\/arhiva\/ljajic-poziva-na-krsenje-ustava-i-zakona\/#article\",\"isPartOf\":{\"@id\":\"https:\/\/sandzakpress.net\/arhiva\/ljajic-poziva-na-krsenje-ustava-i-zakona\/\"},\"author\":{\"name\":\"bosniak\",\"@id\":\"https:\/\/sandzakpress.net\/arhiva\/#\/schema\/person\/c8baee722073534b583ea7bdb2e36c02\"},\"headline\":\"Ljaji\u0107 poziva na kr\u0161enje Ustava i Zakona\",\"datePublished\":\"2011-03-21T11:12:34+00:00\",\"mainEntityOfPage\":{\"@id\":\"https:\/\/sandzakpress.net\/arhiva\/ljajic-poziva-na-krsenje-ustava-i-zakona\/\"},\"wordCount\":431,\"commentCount\":3,\"publisher\":{\"@id\":\"https:\/\/sandzakpress.net\/arhiva\/#\/schema\/person\/6e72b67d6e51910a1117b3b483ba20bd\"},\"image\":{\"@id\":\"https:\/\/sandzakpress.net\/arhiva\/ljajic-poziva-na-krsenje-ustava-i-zakona\/#primaryimage\"},\"thumbnailUrl\":\"https:\/\/sandzakpress.net\/arhiva\/wp-content\/uploads\/2011\/03\/BNV-odbor-za-ljudska-prava-i-sloboda-rgb.jpg\",\"articleSection\":[\"Novi Pazar\",\"Nacija\",\"Sjenica\",\"Tutin\",\"Prijepolje\",\"Priboj\",\"Nova Varo\u0161\"],\"inLanguage\":\"bs-BA\",\"potentialAction\":[{\"@type\":\"CommentAction\",\"name\":\"Comment\",\"target\":[\"https:\/\/sandzakpress.net\/arhiva\/ljajic-poziva-na-krsenje-ustava-i-zakona\/#respond\"]}]},{\"@type\":\"WebPage\",\"@id\":\"https:\/\/sandzakpress.net\/arhiva\/ljajic-poziva-na-krsenje-ustava-i-zakona\/\",\"url\":\"https:\/\/sandzakpress.net\/arhiva\/ljajic-poziva-na-krsenje-ustava-i-zakona\/\",\"name\":\"Ljaji\u0107 poziva na kr\u0161enje Ustava i Zakona\",\"isPartOf\":{\"@id\":\"https:\/\/sandzakpress.net\/arhiva\/#website\"},\"primaryImageOfPage\":{\"@id\":\"https:\/\/sandzakpress.net\/arhiva\/ljajic-poziva-na-krsenje-ustava-i-zakona\/#primaryimage\"},\"image\":{\"@id\":\"https:\/\/sandzakpress.net\/arhiva\/ljajic-poziva-na-krsenje-ustava-i-zakona\/#primaryimage\"},\"thumbnailUrl\":\"https:\/\/sandzakpress.net\/arhiva\/wp-content\/uploads\/2011\/03\/BNV-odbor-za-ljudska-prava-i-sloboda-rgb.jpg\",\"datePublished\":\"2011-03-21T11:12:34+00:00\",\"breadcrumb\":{\"@id\":\"https:\/\/sandzakpress.net\/arhiva\/ljajic-poziva-na-krsenje-ustava-i-zakona\/#breadcrumb\"},\"inLanguage\":\"bs-BA\",\"potentialAction\":[{\"@type\":\"ReadAction\",\"target\":[\"https:\/\/sandzakpress.net\/arhiva\/ljajic-poziva-na-krsenje-ustava-i-zakona\/\"]}]},{\"@type\":\"ImageObject\",\"inLanguage\":\"bs-BA\",\"@id\":\"https:\/\/sandzakpress.net\/arhiva\/ljajic-poziva-na-krsenje-ustava-i-zakona\/#primaryimage\",\"url\":\"https:\/\/sandzakpress.net\/arhiva\/wp-content\/uploads\/2011\/03\/BNV-odbor-za-ljudska-prava-i-sloboda-rgb.jpg\",\"contentUrl\":\"https:\/\/sandzakpress.net\/arhiva\/wp-content\/uploads\/2011\/03\/BNV-odbor-za-ljudska-prava-i-sloboda-rgb.jpg\",\"width\":500,\"height\":133},{\"@type\":\"BreadcrumbList\",\"@id\":\"https:\/\/sandzakpress.net\/arhiva\/ljajic-poziva-na-krsenje-ustava-i-zakona\/#breadcrumb\",\"itemListElement\":[{\"@type\":\"ListItem\",\"position\":1,\"name\":\"Home\",\"item\":\"https:\/\/sandzakpress.net\/arhiva\/\"},{\"@type\":\"ListItem\",\"position\":2,\"name\":\"Ljaji\u0107 poziva na kr\u0161enje Ustava i Zakona\"}]},{\"@type\":\"WebSite\",\"@id\":\"https:\/\/sandzakpress.net\/arhiva\/#website\",\"url\":\"https:\/\/sandzakpress.net\/arhiva\/\",\"name\":\"Sand\u017eak PRESS\",\"description\":\"Prve elektronske novine u Sand\u017eaku\",\"publisher\":{\"@id\":\"https:\/\/sandzakpress.net\/arhiva\/#\/schema\/person\/6e72b67d6e51910a1117b3b483ba20bd\"},\"potentialAction\":[{\"@type\":\"SearchAction\",\"target\":{\"@type\":\"EntryPoint\",\"urlTemplate\":\"https:\/\/sandzakpress.net\/arhiva\/?s={search_term_string}\"},\"query-input\":{\"@type\":\"PropertyValueSpecification\",\"valueRequired\":true,\"valueName\":\"search_term_string\"}}],\"inLanguage\":\"bs-BA\"},{\"@type\":[\"Person\",\"Organization\"],\"@id\":\"https:\/\/sandzakpress.net\/arhiva\/#\/schema\/person\/6e72b67d6e51910a1117b3b483ba20bd\",\"name\":\"Kul\",\"image\":{\"@type\":\"ImageObject\",\"inLanguage\":\"bs-BA\",\"@id\":\"https:\/\/sandzakpress.net\/arhiva\/#\/schema\/person\/image\/\",\"url\":\"https:\/\/secure.gravatar.com\/avatar\/42263f39aa27ac04c43cab85c280eb2e?s=96&d=mm&r=pg\",\"contentUrl\":\"https:\/\/secure.gravatar.com\/avatar\/42263f39aa27ac04c43cab85c280eb2e?s=96&d=mm&r=pg\",\"caption\":\"Kul\"},\"logo\":{\"@id\":\"https:\/\/sandzakpress.net\/arhiva\/#\/schema\/person\/image\/\"}},{\"@type\":\"Person\",\"@id\":\"https:\/\/sandzakpress.net\/arhiva\/#\/schema\/person\/c8baee722073534b583ea7bdb2e36c02\",\"name\":\"bosniak\",\"image\":{\"@type\":\"ImageObject\",\"inLanguage\":\"bs-BA\",\"@id\":\"https:\/\/sandzakpress.net\/arhiva\/#\/schema\/person\/image\/\",\"url\":\"https:\/\/secure.gravatar.com\/avatar\/a04fd330bfe3a36a72a0ad4a6d89fca7?s=96&d=mm&r=pg\",\"contentUrl\":\"https:\/\/secure.gravatar.com\/avatar\/a04fd330bfe3a36a72a0ad4a6d89fca7?s=96&d=mm&r=pg\",\"caption\":\"bosniak\"},\"url\":\"https:\/\/sandzakpress.net\/arhiva\/author\/bosniak\/\"}]}<\/script>\n<!-- \/ Yoast SEO Premium plugin. -->","yoast_head_json":{"title":"Ljaji\u0107 poziva na kr\u0161enje Ustava i Zakona","robots":{"index":"index","follow":"follow","max-snippet":"max-snippet:-1","max-image-preview":"max-image-preview:large","max-video-preview":"max-video-preview:-1"},"canonical":"https:\/\/sandzakpress.net\/arhiva\/ljajic-poziva-na-krsenje-ustava-i-zakona\/","og_locale":"bs_BA","og_type":"article","og_title":"Ljaji\u0107 poziva na kr\u0161enje Ustava i Zakona","og_description":"Sjeverni Sand\u017eak &#8211; Odbor za za\u0161titu ljudskih prava i sloboda BNV-a najo\u0161trije protestvuje protiv kr\u0161enja kolektivnih, Ustavom garantovanih\u00a0 prava Bo\u0161njaka i ostalih gradjana Sand\u017eaka, kao i njihovo zastra\u0161ivanje u pogledu\u00a0 prava na slobodno izra\u017eavanje svoje volje i zalaganje za re\u0161avanje statusa regije Sand\u017eak, od strane najvi\u0161ih predstavnika Vlade Srbije. Naime, gostuju\u0107i u emisiji \u201eRaspakivanje\u201c na [&hellip;]","og_url":"https:\/\/sandzakpress.net\/arhiva\/ljajic-poziva-na-krsenje-ustava-i-zakona\/","og_site_name":"Sand\u017eak PRESS","article_published_time":"2011-03-21T11:12:34+00:00","og_image":[{"width":500,"height":133,"url":"https:\/\/sandzakpress.net\/arhiva\/wp-content\/uploads\/2011\/03\/BNV-odbor-za-ljudska-prava-i-sloboda-rgb.jpg","type":"image\/jpeg"}],"author":"bosniak","twitter_card":"summary_large_image","twitter_misc":{"Written by":"bosniak","Est. reading time":"2 minute"},"schema":{"@context":"https:\/\/schema.org","@graph":[{"@type":"Article","@id":"https:\/\/sandzakpress.net\/arhiva\/ljajic-poziva-na-krsenje-ustava-i-zakona\/#article","isPartOf":{"@id":"https:\/\/sandzakpress.net\/arhiva\/ljajic-poziva-na-krsenje-ustava-i-zakona\/"},"author":{"name":"bosniak","@id":"https:\/\/sandzakpress.net\/arhiva\/#\/schema\/person\/c8baee722073534b583ea7bdb2e36c02"},"headline":"Ljaji\u0107 poziva na kr\u0161enje Ustava i Zakona","datePublished":"2011-03-21T11:12:34+00:00","mainEntityOfPage":{"@id":"https:\/\/sandzakpress.net\/arhiva\/ljajic-poziva-na-krsenje-ustava-i-zakona\/"},"wordCount":431,"commentCount":3,"publisher":{"@id":"https:\/\/sandzakpress.net\/arhiva\/#\/schema\/person\/6e72b67d6e51910a1117b3b483ba20bd"},"image":{"@id":"https:\/\/sandzakpress.net\/arhiva\/ljajic-poziva-na-krsenje-ustava-i-zakona\/#primaryimage"},"thumbnailUrl":"https:\/\/sandzakpress.net\/arhiva\/wp-content\/uploads\/2011\/03\/BNV-odbor-za-ljudska-prava-i-sloboda-rgb.jpg","articleSection":["Novi Pazar","Nacija","Sjenica","Tutin","Prijepolje","Priboj","Nova Varo\u0161"],"inLanguage":"bs-BA","potentialAction":[{"@type":"CommentAction","name":"Comment","target":["https:\/\/sandzakpress.net\/arhiva\/ljajic-poziva-na-krsenje-ustava-i-zakona\/#respond"]}]},{"@type":"WebPage","@id":"https:\/\/sandzakpress.net\/arhiva\/ljajic-poziva-na-krsenje-ustava-i-zakona\/","url":"https:\/\/sandzakpress.net\/arhiva\/ljajic-poziva-na-krsenje-ustava-i-zakona\/","name":"Ljaji\u0107 poziva na kr\u0161enje Ustava i Zakona","isPartOf":{"@id":"https:\/\/sandzakpress.net\/arhiva\/#website"},"primaryImageOfPage":{"@id":"https:\/\/sandzakpress.net\/arhiva\/ljajic-poziva-na-krsenje-ustava-i-zakona\/#primaryimage"},"image":{"@id":"https:\/\/sandzakpress.net\/arhiva\/ljajic-poziva-na-krsenje-ustava-i-zakona\/#primaryimage"},"thumbnailUrl":"https:\/\/sandzakpress.net\/arhiva\/wp-content\/uploads\/2011\/03\/BNV-odbor-za-ljudska-prava-i-sloboda-rgb.jpg","datePublished":"2011-03-21T11:12:34+00:00","breadcrumb":{"@id":"https:\/\/sandzakpress.net\/arhiva\/ljajic-poziva-na-krsenje-ustava-i-zakona\/#breadcrumb"},"inLanguage":"bs-BA","potentialAction":[{"@type":"ReadAction","target":["https:\/\/sandzakpress.net\/arhiva\/ljajic-poziva-na-krsenje-ustava-i-zakona\/"]}]},{"@type":"ImageObject","inLanguage":"bs-BA","@id":"https:\/\/sandzakpress.net\/arhiva\/ljajic-poziva-na-krsenje-ustava-i-zakona\/#primaryimage","url":"https:\/\/sandzakpress.net\/arhiva\/wp-content\/uploads\/2011\/03\/BNV-odbor-za-ljudska-prava-i-sloboda-rgb.jpg","contentUrl":"https:\/\/sandzakpress.net\/arhiva\/wp-content\/uploads\/2011\/03\/BNV-odbor-za-ljudska-prava-i-sloboda-rgb.jpg","width":500,"height":133},{"@type":"BreadcrumbList","@id":"https:\/\/sandzakpress.net\/arhiva\/ljajic-poziva-na-krsenje-ustava-i-zakona\/#breadcrumb","itemListElement":[{"@type":"ListItem","position":1,"name":"Home","item":"https:\/\/sandzakpress.net\/arhiva\/"},{"@type":"ListItem","position":2,"name":"Ljaji\u0107 poziva na kr\u0161enje Ustava i Zakona"}]},{"@type":"WebSite","@id":"https:\/\/sandzakpress.net\/arhiva\/#website","url":"https:\/\/sandzakpress.net\/arhiva\/","name":"Sand\u017eak PRESS","description":"Prve elektronske novine u Sand\u017eaku","publisher":{"@id":"https:\/\/sandzakpress.net\/arhiva\/#\/schema\/person\/6e72b67d6e51910a1117b3b483ba20bd"},"potentialAction":[{"@type":"SearchAction","target":{"@type":"EntryPoint","urlTemplate":"https:\/\/sandzakpress.net\/arhiva\/?s={search_term_string}"},"query-input":{"@type":"PropertyValueSpecification","valueRequired":true,"valueName":"search_term_string"}}],"inLanguage":"bs-BA"},{"@type":["Person","Organization"],"@id":"https:\/\/sandzakpress.net\/arhiva\/#\/schema\/person\/6e72b67d6e51910a1117b3b483ba20bd","name":"Kul","image":{"@type":"ImageObject","inLanguage":"bs-BA","@id":"https:\/\/sandzakpress.net\/arhiva\/#\/schema\/person\/image\/","url":"https:\/\/secure.gravatar.com\/avatar\/42263f39aa27ac04c43cab85c280eb2e?s=96&d=mm&r=pg","contentUrl":"https:\/\/secure.gravatar.com\/avatar\/42263f39aa27ac04c43cab85c280eb2e?s=96&d=mm&r=pg","caption":"Kul"},"logo":{"@id":"https:\/\/sandzakpress.net\/arhiva\/#\/schema\/person\/image\/"}},{"@type":"Person","@id":"https:\/\/sandzakpress.net\/arhiva\/#\/schema\/person\/c8baee722073534b583ea7bdb2e36c02","name":"bosniak","image":{"@type":"ImageObject","inLanguage":"bs-BA","@id":"https:\/\/sandzakpress.net\/arhiva\/#\/schema\/person\/image\/","url":"https:\/\/secure.gravatar.com\/avatar\/a04fd330bfe3a36a72a0ad4a6d89fca7?s=96&d=mm&r=pg","contentUrl":"https:\/\/secure.gravatar.com\/avatar\/a04fd330bfe3a36a72a0ad4a6d89fca7?s=96&d=mm&r=pg","caption":"bosniak"},"url":"https:\/\/sandzakpress.net\/arhiva\/author\/bosniak\/"}]}},"_links":{"self":[{"href":"https:\/\/sandzakpress.net\/arhiva\/wp-json\/wp\/v2\/posts\/14066"}],"collection":[{"href":"https:\/\/sandzakpress.net\/arhiva\/wp-json\/wp\/v2\/posts"}],"about":[{"href":"https:\/\/sandzakpress.net\/arhiva\/wp-json\/wp\/v2\/types\/post"}],"author":[{"embeddable":true,"href":"https:\/\/sandzakpress.net\/arhiva\/wp-json\/wp\/v2\/users\/83"}],"replies":[{"embeddable":true,"href":"https:\/\/sandzakpress.net\/arhiva\/wp-json\/wp\/v2\/comments?post=14066"}],"version-history":[{"count":0,"href":"https:\/\/sandzakpress.net\/arhiva\/wp-json\/wp\/v2\/posts\/14066\/revisions"}],"wp:featuredmedia":[{"embeddable":true,"href":"https:\/\/sandzakpress.net\/arhiva\/wp-json\/wp\/v2\/media\/14067"}],"wp:attachment":[{"href":"https:\/\/sandzakpress.net\/arhiva\/wp-json\/wp\/v2\/media?parent=14066"}],"wp:term":[{"taxonomy":"category","embeddable":true,"href":"https:\/\/sandzakpress.net\/arhiva\/wp-json\/wp\/v2\/categories?post=14066"},{"taxonomy":"post_tag","embeddable":true,"href":"https:\/\/sandzakpress.net\/arhiva\/wp-json\/wp\/v2\/tags?post=14066"}],"curies":[{"name":"wp","href":"https:\/\/api.w.org\/{rel}","templated":true}]}}