{"id":140475,"date":"2015-10-10T15:55:51","date_gmt":"2015-10-10T13:55:51","guid":{"rendered":"https:\/\/sandzakpress.net\/arhiva\/?p=140475"},"modified":"2015-10-10T15:56:12","modified_gmt":"2015-10-10T13:56:12","slug":"predsjednik-mesihata-primio-delegaciju-udruzenja-mimar-sinan-vakuf","status":"publish","type":"post","link":"https:\/\/sandzakpress.net\/arhiva\/predsjednik-mesihata-primio-delegaciju-udruzenja-mimar-sinan-vakuf\/","title":{"rendered":"Predsjednik Me\u0161ihata primio delegaciju udru\u017eenja Mimar Sinan vakuf"},"content":{"rendered":"<p><img loading=\"lazy\" decoding=\"async\" class=\"\" src=\"http:\/\/mesihat.org\/wp-content\/uploads\/2015\/10\/2751d3ad752c1b30f965b69a070b8ea8bba112e2110fa8477e06b5345f5d07ef-533x300.jpg\" alt=\"2751d3ad752c1b30f965b69a070b8ea8bba112e2110fa8477e06b5345f5d07ef\" width=\"601\" height=\"338\" \/><\/p>\n<p><strong>Novi Pazar, Turska &#8211; Predsjednik Me\u0161ihata IZ-e u Srbiji, muftija dr. Mevlud ef. Dudi\u0107 , dana 10.10.2015. godine primio je deseto\u010dlanu delegaciju udru\u017eenja \u201cEdirne Mimar Sinan Vakfi\u201d na \u010delu sa predsjednikom Hasan Gumu\u0161om iz Turske.<\/strong><span id=\"more-28418\"><\/span><\/p>\n<p>Na sastanku koji je odr\u017ean u Me\u0161ihatu Muftija Dudi\u0107 upoznao je goste sa radom i \u00a0djelovanjem IZ-e, gdje \u00a0je \u00a0dogovorena dalja me\u0111usobna saradnja i budu\u0107i projekti.<\/p>\n<p>Predsjednik Me\u0161ihata je zajedno sa gostima nakon sastanka obi\u0161ao zavr\u0161ne radove koji se izvode na vakufu Novopazarskoj banji, nakon \u010dega su klanjali podne namaz u Lejlek d\u017eamiji za koju \u00a0je ova organizacija obezbjedila potrebna sredstva za grijanje.<\/p>\n<p>Predstavnici udru\u017eenja \u201cEdirne Mimar Sinan Vakfi\u201d\u00a0\u00a0su prije posjete Me\u0161ihatu obi\u0161li Fakultet za islamske studije gdje ih je primio dekan FIS-a dr. Enver ef. Gici\u0107.<\/p>\n<p>Informativna slu\u017eba\/mesihat.org<\/p>\n<p>&nbsp;<\/p>\n<p><img loading=\"lazy\" decoding=\"async\" class=\"\" src=\"http:\/\/mesihat.org\/wp-content\/uploads\/2015\/10\/fe9a2ddd8c0dea5c92326e703da0462916e59767b4fc763da603141aaa26c75e.jpg\" alt=\"fe9a2ddd8c0dea5c92326e703da0462916e59767b4fc763da603141aaa26c75e\" width=\"601\" height=\"338\" \/><\/p>\n<p><img loading=\"lazy\" decoding=\"async\" class=\"\" src=\"http:\/\/mesihat.org\/wp-content\/uploads\/2015\/10\/eee4570a921f42a780761084618987a8bc3acae863e89cdfd1fcc4b145c96d43.jpg\" alt=\"eee4570a921f42a780761084618987a8bc3acae863e89cdfd1fcc4b145c96d43\" width=\"601\" height=\"338\" \/><\/p>\n<p><img loading=\"lazy\" decoding=\"async\" class=\"\" src=\"http:\/\/mesihat.org\/wp-content\/uploads\/2015\/10\/5a7ac2c6dd2503c1f90ee3dc5703ddcba10baf4a82664d2c080dc30b09ba8235.jpg\" alt=\"5a7ac2c6dd2503c1f90ee3dc5703ddcba10baf4a82664d2c080dc30b09ba8235\" width=\"601\" height=\"338\" \/><\/p>\n<p><img loading=\"lazy\" decoding=\"async\" class=\"\" src=\"http:\/\/mesihat.org\/wp-content\/uploads\/2015\/10\/6ca4b9bc29cefd81a37c2b5e2425cec28f9dd2064ab73805a798e2a62fd1fefe.jpg\" alt=\"6ca4b9bc29cefd81a37c2b5e2425cec28f9dd2064ab73805a798e2a62fd1fefe\" width=\"599\" height=\"337\" \/><\/p>\n<p><img loading=\"lazy\" decoding=\"async\" class=\"\" src=\"http:\/\/mesihat.org\/wp-content\/uploads\/2015\/10\/1e3101f58547cf023c6e8805704a1ffbe42ca76d14bb37b917719b93bb10c116.jpg\" alt=\"1e3101f58547cf023c6e8805704a1ffbe42ca76d14bb37b917719b93bb10c116\" width=\"601\" height=\"338\" \/><\/p>\n<p><img loading=\"lazy\" decoding=\"async\" class=\"\" src=\"http:\/\/mesihat.org\/wp-content\/uploads\/2015\/10\/15f69250185c5c7d9a752a9381ea59562340729e6c650cdcdcf9b1a3b9901449.jpg\" alt=\"15f69250185c5c7d9a752a9381ea59562340729e6c650cdcdcf9b1a3b9901449\" width=\"601\" height=\"338\" \/><\/p>\n<p>&nbsp;<\/p>\n","protected":false},"excerpt":{"rendered":"<p>Novi Pazar, Turska &#8211; Predsjednik Me\u0161ihata IZ-e u Srbiji, muftija dr. Mevlud ef. Dudi\u0107 , dana 10.10.2015. godine primio je deseto\u010dlanu delegaciju udru\u017eenja \u201cEdirne Mimar Sinan Vakfi\u201d na \u010delu sa predsjednikom Hasan Gumu\u0161om iz Turske. Na sastanku koji je odr\u017ean u Me\u0161ihatu Muftija Dudi\u0107 upoznao je goste sa radom i \u00a0djelovanjem IZ-e, gdje \u00a0je \u00a0dogovorena [&hellip;]<\/p>\n","protected":false},"author":509,"featured_media":140476,"comment_status":"open","ping_status":"open","sticky":false,"template":"","format":"standard","meta":{"footnotes":""},"categories":[72,802,8957,798,2692],"tags":[],"class_list":{"0":"post-140475","1":"post","2":"type-post","3":"status-publish","4":"format-standard","5":"has-post-thumbnail","7":"category-novi-pazar","8":"category-islamska_zajednica","9":"category-vijesti-dana","10":"category-teme","11":"category-turska-gradovi"},"yoast_head":"<!-- This site is optimized with the Yoast SEO Premium plugin v23.1 (Yoast SEO v24.9) - https:\/\/yoast.com\/wordpress\/plugins\/seo\/ -->\n<title>Predsjednik Me\u0161ihata primio delegaciju udru\u017eenja Mimar Sinan vakuf<\/title>\n<meta name=\"robots\" content=\"index, follow, max-snippet:-1, max-image-preview:large, max-video-preview:-1\" \/>\n<link rel=\"canonical\" href=\"https:\/\/sandzakpress.net\/arhiva\/predsjednik-mesihata-primio-delegaciju-udruzenja-mimar-sinan-vakuf\/\" \/>\n<meta property=\"og:locale\" content=\"bs_BA\" \/>\n<meta property=\"og:type\" content=\"article\" \/>\n<meta property=\"og:title\" content=\"Predsjednik Me\u0161ihata primio delegaciju udru\u017eenja Mimar Sinan vakuf\" \/>\n<meta property=\"og:description\" content=\"Novi Pazar, Turska &#8211; Predsjednik Me\u0161ihata IZ-e u Srbiji, muftija dr. Mevlud ef. Dudi\u0107 , dana 10.10.2015. godine primio je deseto\u010dlanu delegaciju udru\u017eenja \u201cEdirne Mimar Sinan Vakfi\u201d na \u010delu sa predsjednikom Hasan Gumu\u0161om iz Turske. Na sastanku koji je odr\u017ean u Me\u0161ihatu Muftija Dudi\u0107 upoznao je goste sa radom i \u00a0djelovanjem IZ-e, gdje \u00a0je \u00a0dogovorena [&hellip;]\" \/>\n<meta property=\"og:url\" content=\"https:\/\/sandzakpress.net\/arhiva\/predsjednik-mesihata-primio-delegaciju-udruzenja-mimar-sinan-vakuf\/\" \/>\n<meta property=\"og:site_name\" content=\"Sand\u017eak PRESS\" \/>\n<meta property=\"article:published_time\" content=\"2015-10-10T13:55:51+00:00\" \/>\n<meta property=\"article:modified_time\" content=\"2015-10-10T13:56:12+00:00\" \/>\n<meta property=\"og:image\" content=\"https:\/\/sandzakpress.net\/arhiva\/wp-content\/uploads\/2015\/10\/2751d3ad752c1b30f965b69a070b8ea8bba112e2110fa8477e06b5345f5d07ef-533x300.jpg\" \/>\n\t<meta property=\"og:image:width\" content=\"533\" \/>\n\t<meta property=\"og:image:height\" content=\"300\" \/>\n\t<meta property=\"og:image:type\" content=\"image\/jpeg\" \/>\n<meta name=\"author\" content=\"Agencija\" \/>\n<meta name=\"twitter:card\" content=\"summary_large_image\" \/>\n<meta name=\"twitter:label1\" content=\"Written by\" \/>\n\t<meta name=\"twitter:data1\" content=\"Agencija\" \/>\n\t<meta name=\"twitter:label2\" content=\"Est. reading time\" \/>\n\t<meta name=\"twitter:data2\" content=\"1 minuta\" \/>\n<script type=\"application\/ld+json\" class=\"yoast-schema-graph\">{\"@context\":\"https:\/\/schema.org\",\"@graph\":[{\"@type\":\"Article\",\"@id\":\"https:\/\/sandzakpress.net\/arhiva\/predsjednik-mesihata-primio-delegaciju-udruzenja-mimar-sinan-vakuf\/#article\",\"isPartOf\":{\"@id\":\"https:\/\/sandzakpress.net\/arhiva\/predsjednik-mesihata-primio-delegaciju-udruzenja-mimar-sinan-vakuf\/\"},\"author\":{\"name\":\"Agencija\",\"@id\":\"https:\/\/sandzakpress.net\/arhiva\/#\/schema\/person\/cb59d7e3ab91ab90dd680ad0305a6185\"},\"headline\":\"Predsjednik Me\u0161ihata primio delegaciju udru\u017eenja Mimar Sinan vakuf\",\"datePublished\":\"2015-10-10T13:55:51+00:00\",\"dateModified\":\"2015-10-10T13:56:12+00:00\",\"mainEntityOfPage\":{\"@id\":\"https:\/\/sandzakpress.net\/arhiva\/predsjednik-mesihata-primio-delegaciju-udruzenja-mimar-sinan-vakuf\/\"},\"wordCount\":153,\"commentCount\":0,\"publisher\":{\"@id\":\"https:\/\/sandzakpress.net\/arhiva\/#\/schema\/person\/6e72b67d6e51910a1117b3b483ba20bd\"},\"image\":{\"@id\":\"https:\/\/sandzakpress.net\/arhiva\/predsjednik-mesihata-primio-delegaciju-udruzenja-mimar-sinan-vakuf\/#primaryimage\"},\"thumbnailUrl\":\"https:\/\/sandzakpress.net\/arhiva\/wp-content\/uploads\/2015\/10\/2751d3ad752c1b30f965b69a070b8ea8bba112e2110fa8477e06b5345f5d07ef-533x300.jpg\",\"articleSection\":[\"Novi Pazar\",\"Islamska zajednica\",\"VIJESTI DANA\",\"NAJNOVIJE\",\"Turska\"],\"inLanguage\":\"bs-BA\",\"potentialAction\":[{\"@type\":\"CommentAction\",\"name\":\"Comment\",\"target\":[\"https:\/\/sandzakpress.net\/arhiva\/predsjednik-mesihata-primio-delegaciju-udruzenja-mimar-sinan-vakuf\/#respond\"]}]},{\"@type\":\"WebPage\",\"@id\":\"https:\/\/sandzakpress.net\/arhiva\/predsjednik-mesihata-primio-delegaciju-udruzenja-mimar-sinan-vakuf\/\",\"url\":\"https:\/\/sandzakpress.net\/arhiva\/predsjednik-mesihata-primio-delegaciju-udruzenja-mimar-sinan-vakuf\/\",\"name\":\"Predsjednik Me\u0161ihata primio delegaciju udru\u017eenja Mimar Sinan vakuf\",\"isPartOf\":{\"@id\":\"https:\/\/sandzakpress.net\/arhiva\/#website\"},\"primaryImageOfPage\":{\"@id\":\"https:\/\/sandzakpress.net\/arhiva\/predsjednik-mesihata-primio-delegaciju-udruzenja-mimar-sinan-vakuf\/#primaryimage\"},\"image\":{\"@id\":\"https:\/\/sandzakpress.net\/arhiva\/predsjednik-mesihata-primio-delegaciju-udruzenja-mimar-sinan-vakuf\/#primaryimage\"},\"thumbnailUrl\":\"https:\/\/sandzakpress.net\/arhiva\/wp-content\/uploads\/2015\/10\/2751d3ad752c1b30f965b69a070b8ea8bba112e2110fa8477e06b5345f5d07ef-533x300.jpg\",\"datePublished\":\"2015-10-10T13:55:51+00:00\",\"dateModified\":\"2015-10-10T13:56:12+00:00\",\"breadcrumb\":{\"@id\":\"https:\/\/sandzakpress.net\/arhiva\/predsjednik-mesihata-primio-delegaciju-udruzenja-mimar-sinan-vakuf\/#breadcrumb\"},\"inLanguage\":\"bs-BA\",\"potentialAction\":[{\"@type\":\"ReadAction\",\"target\":[\"https:\/\/sandzakpress.net\/arhiva\/predsjednik-mesihata-primio-delegaciju-udruzenja-mimar-sinan-vakuf\/\"]}]},{\"@type\":\"ImageObject\",\"inLanguage\":\"bs-BA\",\"@id\":\"https:\/\/sandzakpress.net\/arhiva\/predsjednik-mesihata-primio-delegaciju-udruzenja-mimar-sinan-vakuf\/#primaryimage\",\"url\":\"https:\/\/sandzakpress.net\/arhiva\/wp-content\/uploads\/2015\/10\/2751d3ad752c1b30f965b69a070b8ea8bba112e2110fa8477e06b5345f5d07ef-533x300.jpg\",\"contentUrl\":\"https:\/\/sandzakpress.net\/arhiva\/wp-content\/uploads\/2015\/10\/2751d3ad752c1b30f965b69a070b8ea8bba112e2110fa8477e06b5345f5d07ef-533x300.jpg\",\"width\":533,\"height\":300},{\"@type\":\"BreadcrumbList\",\"@id\":\"https:\/\/sandzakpress.net\/arhiva\/predsjednik-mesihata-primio-delegaciju-udruzenja-mimar-sinan-vakuf\/#breadcrumb\",\"itemListElement\":[{\"@type\":\"ListItem\",\"position\":1,\"name\":\"Home\",\"item\":\"https:\/\/sandzakpress.net\/arhiva\/\"},{\"@type\":\"ListItem\",\"position\":2,\"name\":\"Predsjednik Me\u0161ihata primio delegaciju udru\u017eenja Mimar Sinan vakuf\"}]},{\"@type\":\"WebSite\",\"@id\":\"https:\/\/sandzakpress.net\/arhiva\/#website\",\"url\":\"https:\/\/sandzakpress.net\/arhiva\/\",\"name\":\"Sand\u017eak PRESS\",\"description\":\"Prve elektronske novine u Sand\u017eaku\",\"publisher\":{\"@id\":\"https:\/\/sandzakpress.net\/arhiva\/#\/schema\/person\/6e72b67d6e51910a1117b3b483ba20bd\"},\"potentialAction\":[{\"@type\":\"SearchAction\",\"target\":{\"@type\":\"EntryPoint\",\"urlTemplate\":\"https:\/\/sandzakpress.net\/arhiva\/?s={search_term_string}\"},\"query-input\":{\"@type\":\"PropertyValueSpecification\",\"valueRequired\":true,\"valueName\":\"search_term_string\"}}],\"inLanguage\":\"bs-BA\"},{\"@type\":[\"Person\",\"Organization\"],\"@id\":\"https:\/\/sandzakpress.net\/arhiva\/#\/schema\/person\/6e72b67d6e51910a1117b3b483ba20bd\",\"name\":\"Kul\",\"image\":{\"@type\":\"ImageObject\",\"inLanguage\":\"bs-BA\",\"@id\":\"https:\/\/sandzakpress.net\/arhiva\/#\/schema\/person\/image\/\",\"url\":\"https:\/\/secure.gravatar.com\/avatar\/42263f39aa27ac04c43cab85c280eb2e?s=96&d=mm&r=pg\",\"contentUrl\":\"https:\/\/secure.gravatar.com\/avatar\/42263f39aa27ac04c43cab85c280eb2e?s=96&d=mm&r=pg\",\"caption\":\"Kul\"},\"logo\":{\"@id\":\"https:\/\/sandzakpress.net\/arhiva\/#\/schema\/person\/image\/\"}},{\"@type\":\"Person\",\"@id\":\"https:\/\/sandzakpress.net\/arhiva\/#\/schema\/person\/cb59d7e3ab91ab90dd680ad0305a6185\",\"name\":\"Agencija\",\"image\":{\"@type\":\"ImageObject\",\"inLanguage\":\"bs-BA\",\"@id\":\"https:\/\/sandzakpress.net\/arhiva\/#\/schema\/person\/image\/\",\"url\":\"https:\/\/secure.gravatar.com\/avatar\/4b7fafa80a22f0c2afe23966b3961fe0?s=96&d=mm&r=pg\",\"contentUrl\":\"https:\/\/secure.gravatar.com\/avatar\/4b7fafa80a22f0c2afe23966b3961fe0?s=96&d=mm&r=pg\",\"caption\":\"Agencija\"},\"url\":\"https:\/\/sandzakpress.net\/arhiva\/author\/agencija\/\"}]}<\/script>\n<!-- \/ Yoast SEO Premium plugin. -->","yoast_head_json":{"title":"Predsjednik Me\u0161ihata primio delegaciju udru\u017eenja Mimar Sinan vakuf","robots":{"index":"index","follow":"follow","max-snippet":"max-snippet:-1","max-image-preview":"max-image-preview:large","max-video-preview":"max-video-preview:-1"},"canonical":"https:\/\/sandzakpress.net\/arhiva\/predsjednik-mesihata-primio-delegaciju-udruzenja-mimar-sinan-vakuf\/","og_locale":"bs_BA","og_type":"article","og_title":"Predsjednik Me\u0161ihata primio delegaciju udru\u017eenja Mimar Sinan vakuf","og_description":"Novi Pazar, Turska &#8211; Predsjednik Me\u0161ihata IZ-e u Srbiji, muftija dr. Mevlud ef. Dudi\u0107 , dana 10.10.2015. godine primio je deseto\u010dlanu delegaciju udru\u017eenja \u201cEdirne Mimar Sinan Vakfi\u201d na \u010delu sa predsjednikom Hasan Gumu\u0161om iz Turske. Na sastanku koji je odr\u017ean u Me\u0161ihatu Muftija Dudi\u0107 upoznao je goste sa radom i \u00a0djelovanjem IZ-e, gdje \u00a0je \u00a0dogovorena [&hellip;]","og_url":"https:\/\/sandzakpress.net\/arhiva\/predsjednik-mesihata-primio-delegaciju-udruzenja-mimar-sinan-vakuf\/","og_site_name":"Sand\u017eak PRESS","article_published_time":"2015-10-10T13:55:51+00:00","article_modified_time":"2015-10-10T13:56:12+00:00","og_image":[{"width":533,"height":300,"url":"https:\/\/sandzakpress.net\/arhiva\/wp-content\/uploads\/2015\/10\/2751d3ad752c1b30f965b69a070b8ea8bba112e2110fa8477e06b5345f5d07ef-533x300.jpg","type":"image\/jpeg"}],"author":"Agencija","twitter_card":"summary_large_image","twitter_misc":{"Written by":"Agencija","Est. reading time":"1 minuta"},"schema":{"@context":"https:\/\/schema.org","@graph":[{"@type":"Article","@id":"https:\/\/sandzakpress.net\/arhiva\/predsjednik-mesihata-primio-delegaciju-udruzenja-mimar-sinan-vakuf\/#article","isPartOf":{"@id":"https:\/\/sandzakpress.net\/arhiva\/predsjednik-mesihata-primio-delegaciju-udruzenja-mimar-sinan-vakuf\/"},"author":{"name":"Agencija","@id":"https:\/\/sandzakpress.net\/arhiva\/#\/schema\/person\/cb59d7e3ab91ab90dd680ad0305a6185"},"headline":"Predsjednik Me\u0161ihata primio delegaciju udru\u017eenja Mimar Sinan vakuf","datePublished":"2015-10-10T13:55:51+00:00","dateModified":"2015-10-10T13:56:12+00:00","mainEntityOfPage":{"@id":"https:\/\/sandzakpress.net\/arhiva\/predsjednik-mesihata-primio-delegaciju-udruzenja-mimar-sinan-vakuf\/"},"wordCount":153,"commentCount":0,"publisher":{"@id":"https:\/\/sandzakpress.net\/arhiva\/#\/schema\/person\/6e72b67d6e51910a1117b3b483ba20bd"},"image":{"@id":"https:\/\/sandzakpress.net\/arhiva\/predsjednik-mesihata-primio-delegaciju-udruzenja-mimar-sinan-vakuf\/#primaryimage"},"thumbnailUrl":"https:\/\/sandzakpress.net\/arhiva\/wp-content\/uploads\/2015\/10\/2751d3ad752c1b30f965b69a070b8ea8bba112e2110fa8477e06b5345f5d07ef-533x300.jpg","articleSection":["Novi Pazar","Islamska zajednica","VIJESTI DANA","NAJNOVIJE","Turska"],"inLanguage":"bs-BA","potentialAction":[{"@type":"CommentAction","name":"Comment","target":["https:\/\/sandzakpress.net\/arhiva\/predsjednik-mesihata-primio-delegaciju-udruzenja-mimar-sinan-vakuf\/#respond"]}]},{"@type":"WebPage","@id":"https:\/\/sandzakpress.net\/arhiva\/predsjednik-mesihata-primio-delegaciju-udruzenja-mimar-sinan-vakuf\/","url":"https:\/\/sandzakpress.net\/arhiva\/predsjednik-mesihata-primio-delegaciju-udruzenja-mimar-sinan-vakuf\/","name":"Predsjednik Me\u0161ihata primio delegaciju udru\u017eenja Mimar Sinan vakuf","isPartOf":{"@id":"https:\/\/sandzakpress.net\/arhiva\/#website"},"primaryImageOfPage":{"@id":"https:\/\/sandzakpress.net\/arhiva\/predsjednik-mesihata-primio-delegaciju-udruzenja-mimar-sinan-vakuf\/#primaryimage"},"image":{"@id":"https:\/\/sandzakpress.net\/arhiva\/predsjednik-mesihata-primio-delegaciju-udruzenja-mimar-sinan-vakuf\/#primaryimage"},"thumbnailUrl":"https:\/\/sandzakpress.net\/arhiva\/wp-content\/uploads\/2015\/10\/2751d3ad752c1b30f965b69a070b8ea8bba112e2110fa8477e06b5345f5d07ef-533x300.jpg","datePublished":"2015-10-10T13:55:51+00:00","dateModified":"2015-10-10T13:56:12+00:00","breadcrumb":{"@id":"https:\/\/sandzakpress.net\/arhiva\/predsjednik-mesihata-primio-delegaciju-udruzenja-mimar-sinan-vakuf\/#breadcrumb"},"inLanguage":"bs-BA","potentialAction":[{"@type":"ReadAction","target":["https:\/\/sandzakpress.net\/arhiva\/predsjednik-mesihata-primio-delegaciju-udruzenja-mimar-sinan-vakuf\/"]}]},{"@type":"ImageObject","inLanguage":"bs-BA","@id":"https:\/\/sandzakpress.net\/arhiva\/predsjednik-mesihata-primio-delegaciju-udruzenja-mimar-sinan-vakuf\/#primaryimage","url":"https:\/\/sandzakpress.net\/arhiva\/wp-content\/uploads\/2015\/10\/2751d3ad752c1b30f965b69a070b8ea8bba112e2110fa8477e06b5345f5d07ef-533x300.jpg","contentUrl":"https:\/\/sandzakpress.net\/arhiva\/wp-content\/uploads\/2015\/10\/2751d3ad752c1b30f965b69a070b8ea8bba112e2110fa8477e06b5345f5d07ef-533x300.jpg","width":533,"height":300},{"@type":"BreadcrumbList","@id":"https:\/\/sandzakpress.net\/arhiva\/predsjednik-mesihata-primio-delegaciju-udruzenja-mimar-sinan-vakuf\/#breadcrumb","itemListElement":[{"@type":"ListItem","position":1,"name":"Home","item":"https:\/\/sandzakpress.net\/arhiva\/"},{"@type":"ListItem","position":2,"name":"Predsjednik Me\u0161ihata primio delegaciju udru\u017eenja Mimar Sinan vakuf"}]},{"@type":"WebSite","@id":"https:\/\/sandzakpress.net\/arhiva\/#website","url":"https:\/\/sandzakpress.net\/arhiva\/","name":"Sand\u017eak PRESS","description":"Prve elektronske novine u Sand\u017eaku","publisher":{"@id":"https:\/\/sandzakpress.net\/arhiva\/#\/schema\/person\/6e72b67d6e51910a1117b3b483ba20bd"},"potentialAction":[{"@type":"SearchAction","target":{"@type":"EntryPoint","urlTemplate":"https:\/\/sandzakpress.net\/arhiva\/?s={search_term_string}"},"query-input":{"@type":"PropertyValueSpecification","valueRequired":true,"valueName":"search_term_string"}}],"inLanguage":"bs-BA"},{"@type":["Person","Organization"],"@id":"https:\/\/sandzakpress.net\/arhiva\/#\/schema\/person\/6e72b67d6e51910a1117b3b483ba20bd","name":"Kul","image":{"@type":"ImageObject","inLanguage":"bs-BA","@id":"https:\/\/sandzakpress.net\/arhiva\/#\/schema\/person\/image\/","url":"https:\/\/secure.gravatar.com\/avatar\/42263f39aa27ac04c43cab85c280eb2e?s=96&d=mm&r=pg","contentUrl":"https:\/\/secure.gravatar.com\/avatar\/42263f39aa27ac04c43cab85c280eb2e?s=96&d=mm&r=pg","caption":"Kul"},"logo":{"@id":"https:\/\/sandzakpress.net\/arhiva\/#\/schema\/person\/image\/"}},{"@type":"Person","@id":"https:\/\/sandzakpress.net\/arhiva\/#\/schema\/person\/cb59d7e3ab91ab90dd680ad0305a6185","name":"Agencija","image":{"@type":"ImageObject","inLanguage":"bs-BA","@id":"https:\/\/sandzakpress.net\/arhiva\/#\/schema\/person\/image\/","url":"https:\/\/secure.gravatar.com\/avatar\/4b7fafa80a22f0c2afe23966b3961fe0?s=96&d=mm&r=pg","contentUrl":"https:\/\/secure.gravatar.com\/avatar\/4b7fafa80a22f0c2afe23966b3961fe0?s=96&d=mm&r=pg","caption":"Agencija"},"url":"https:\/\/sandzakpress.net\/arhiva\/author\/agencija\/"}]}},"_links":{"self":[{"href":"https:\/\/sandzakpress.net\/arhiva\/wp-json\/wp\/v2\/posts\/140475"}],"collection":[{"href":"https:\/\/sandzakpress.net\/arhiva\/wp-json\/wp\/v2\/posts"}],"about":[{"href":"https:\/\/sandzakpress.net\/arhiva\/wp-json\/wp\/v2\/types\/post"}],"author":[{"embeddable":true,"href":"https:\/\/sandzakpress.net\/arhiva\/wp-json\/wp\/v2\/users\/509"}],"replies":[{"embeddable":true,"href":"https:\/\/sandzakpress.net\/arhiva\/wp-json\/wp\/v2\/comments?post=140475"}],"version-history":[{"count":0,"href":"https:\/\/sandzakpress.net\/arhiva\/wp-json\/wp\/v2\/posts\/140475\/revisions"}],"wp:featuredmedia":[{"embeddable":true,"href":"https:\/\/sandzakpress.net\/arhiva\/wp-json\/wp\/v2\/media\/140476"}],"wp:attachment":[{"href":"https:\/\/sandzakpress.net\/arhiva\/wp-json\/wp\/v2\/media?parent=140475"}],"wp:term":[{"taxonomy":"category","embeddable":true,"href":"https:\/\/sandzakpress.net\/arhiva\/wp-json\/wp\/v2\/categories?post=140475"},{"taxonomy":"post_tag","embeddable":true,"href":"https:\/\/sandzakpress.net\/arhiva\/wp-json\/wp\/v2\/tags?post=140475"}],"curies":[{"name":"wp","href":"https:\/\/api.w.org\/{rel}","templated":true}]}}