{"id":14046,"date":"2011-03-20T19:03:18","date_gmt":"2011-03-20T18:03:18","guid":{"rendered":"https:\/\/sandzakpress.net\/arhiva\/?p=14046"},"modified":"2011-03-21T17:53:23","modified_gmt":"2011-03-21T16:53:23","slug":"humanitarna-akcija","status":"publish","type":"post","link":"https:\/\/sandzakpress.net\/arhiva\/humanitarna-akcija\/","title":{"rendered":"Humanitarna akcija"},"content":{"rendered":"<p><strong><a href=\"https:\/\/sandzakpress.net\/arhiva\/wp-content\/uploads\/2011\/03\/uradjenacg.jpg\"><img loading=\"lazy\" decoding=\"async\" class=\"alignleft size-medium wp-image-14047\" src=\"https:\/\/sandzakpress.net\/arhiva\/wp-content\/uploads\/2011\/03\/uradjenacg-300x225.jpg\" alt=\"\" width=\"300\" height=\"225\" \/><\/a>Evropa &#8211; Generalni konzul Republike Crne Gore, gospodin Abid Crnovr\u0161anin, u  \u010detvrtak 10 februara 2011 godine, primio je delegaciju zavi\u010dajnog  udru\u017eenja &#8220;Dijaspora Bo\u0161njaka Kosova &#8211; Njema\u010dka&#8221; e.V. koju su \u010dinili  predsjednik udru\u017eenja Osman Destanovi\u0107 iz Gutersloha, Jupo Rastoder iz  Kelna i Mi\u0161o Agovi\u0107 iz Frankfurta, \u010dlanovi Upravnog odbora. U srda\u010dnom i  prijateljskom razgovoru dominirale su uglavnom dvije teme. <\/strong><\/p>\n<p>Prva tema odnosila se na dosada\u0161nju saradnju ove udruge i konzulata  sobzirom da je najve\u0107i broj \u010dlanova ovog bo\u0161nja\u010dkog udru\u017eenja porijeklom  iz Crne Gore, te da najve\u0107i broj posjeduje dr\u017eavljanstvo i paso\u0161e Crne  Gore \u010dime su direktno vezani za administrativne poslove konzulata. Osim  toga ve\u0107ina njih posjeduje imovinu, pored one na Kosovu i u Crnoj Gori,  te su robinskim, prijateljskim, zavi\u010dajnim i drugim vezama vezani za ovu  dr\u017eavu, bez obzira \u0161to im je mati\u010dna dr\u017eava Republika Kosovo.<\/p>\n<p>Tokom razgovora predsjednik udruge, gospodin Destanovi\u0107, zahvalio se  generalnom konzulu gospodinu Crnovr\u0161aninu na pru\u017eanju konzularne pomo\u0107i  \u010dlanovima, simpatizerima i sponzorima udru\u017eenja koji za rad konzulata,  cjelokupnog osoblja ove institucije, imaju samo rije\u010di hvale. Ljubaznost  i expeditivnost u uslugama koje pru\u017ea ovaj konzulat po rije\u010dima  \u010dlanstva rijetko se gdje mogu sresti. Jo\u0161 se nije desilo da je neko  vra\u0107en bez obavljenog posla iako je bilo slu\u010dajeva da se u konzulat  odlazilo bez predhodno zakazanih termina, \u0161to je iziskivalo dodatne  napore zaposlenih u ovoj ustanovi. Nikad se ne \u017eali truda da bi gosti,  stranke, oti\u0161li zadovoljni i obavljenog posla. Na osnovu izjava \u010dlanova i  simpatizera UDBK Njema\u010dka e.V. ovaj konzulat i cjelokupno njegovo  osoblje se mo\u017ee ista\u0107i kao pozitivan primjer kako se radi sa strankama i  \u017eelimo da tako ostane i ubudu\u0107e.<br \/>\n<strong>Projekat humanitarne akcije<\/strong><\/p>\n<p>Druga tema bila je humanitarna akcija, &#8220;Dijaspora &#8211; Bijelom Polju&#8221;, za  \u0161ta je inicijativu dao i pokrenuo gospodin Jupo Rastoder &#8211; predsjednik  udru\u017eenja &#8220;Sandzak&#8221; e.V. , iz Kelna i ujedno \u010dlan UDBK &#8211; Njema\u010dka e.V..<\/p>\n<p>Cilj akcije je da se prikupe srestva za pomo\u0107 stara\u010dkom domu i domu za  djecu u zaostalom razvoju u Bijelom Polju. Akciju su podr\u017eala sva  relevantna udru\u017eenja koja \u010dine gradjani iz Crne Gore : Udru\u017eenje  &#8220;Sandzak&#8221; e.V. iz Kelna, udru\u017eenje &#8220;Klub Balkan 93&#8221;e.V. iz Sunderna,  udru\u017eenje &#8220;Plavskogusinjski Merhamet &#8220;e.V. iz Olpi, udru\u017eenje &#8220;Bo\u0161nja\u010dka  Kulturna Zajednica&#8221; e.V. iz Hannovera, udru\u017eenje &#8220;Dijaspora Bo\u0161njaka  Kosova &#8211; Njema\u010dka&#8221; e.V., istaknuti biznismeni i pojedinci sa podru\u010dja  Crne Gore na privremenom radu ili stalnom boravku u Njema\u010dku. Razgovoru  je prisustvovao i gospodin Sokolj Daci\u0107, sekretar asocijacije  crnogorskih udru\u017eenja iz Frankfurta koji takodje podr\u017eava akciju kojoj  \u0107e po najavama pristupiti jo\u0161 udru\u017eenja, firmi i pojedinaca.<\/p>\n<p>Po\u0161to je pa\u017eljivo saslu\u0161ao izlaganje cijelog porjekta humanitarne akcije  od strane gospodina Jupa Rastodera, Generalni konzul je pozdravio  namjere organizatora i odazvao se molbi koordinatora akcije, gospodina  Rastodera, da\u00a0podr\u017ei i pomogne\u00a0ovu humanitarnu manifestaciju koliko bude  u njegovoj mo\u0107i, i kao \u010dovjek, i kao predstavnik institucije na \u010dijem se \u010delu nalazi.<\/p>\n<p>Koristimo priliku da se u ime Organizacionog odbora humanitarne akcije  jo\u0161 jednom zahvalimo Generalnom konzulu, gospodinu Crnovr\u0161aninu na  toplom prijemu, razumijevanju i prihvatanju pokroviteljstva akcije.  Takodje se zahvaljujemo cijelokupnom osoblju konzulata na gostoprimstvu,  maksimalnoj pa\u017enji i ljubaznosti.<\/p>\n<p>Izvor: <strong>Dijaspora-bk.de<\/strong><\/p>\n","protected":false},"excerpt":{"rendered":"<p>Evropa &#8211; Generalni konzul Republike Crne Gore, gospodin Abid Crnovr\u0161anin, u \u010detvrtak 10 februara 2011 godine, primio je delegaciju zavi\u010dajnog udru\u017eenja &#8220;Dijaspora Bo\u0161njaka Kosova &#8211; Njema\u010dka&#8221; e.V. koju su \u010dinili predsjednik udru\u017eenja Osman Destanovi\u0107 iz Gutersloha, Jupo Rastoder iz Kelna i Mi\u0161o Agovi\u0107 iz Frankfurta, \u010dlanovi Upravnog odbora. U srda\u010dnom i prijateljskom razgovoru dominirale su [&hellip;]<\/p>\n","protected":false},"author":13,"featured_media":14047,"comment_status":"open","ping_status":"open","sticky":false,"template":"","format":"standard","meta":{"footnotes":""},"categories":[801,2693],"tags":[],"class_list":{"0":"post-14046","1":"post","2":"type-post","3":"status-publish","4":"format-standard","5":"has-post-thumbnail","7":"category-crna_hronika","8":"category-dijaspora-gradovi"},"yoast_head":"<!-- This site is optimized with the Yoast SEO Premium plugin v23.1 (Yoast SEO v24.9) - https:\/\/yoast.com\/wordpress\/plugins\/seo\/ -->\n<title>Humanitarna akcija<\/title>\n<meta name=\"robots\" content=\"index, follow, max-snippet:-1, max-image-preview:large, max-video-preview:-1\" \/>\n<link rel=\"canonical\" href=\"https:\/\/sandzakpress.net\/arhiva\/humanitarna-akcija\/\" \/>\n<meta property=\"og:locale\" content=\"bs_BA\" \/>\n<meta property=\"og:type\" content=\"article\" \/>\n<meta property=\"og:title\" content=\"Humanitarna akcija\" \/>\n<meta property=\"og:description\" content=\"Evropa &#8211; Generalni konzul Republike Crne Gore, gospodin Abid Crnovr\u0161anin, u \u010detvrtak 10 februara 2011 godine, primio je delegaciju zavi\u010dajnog udru\u017eenja &#8220;Dijaspora Bo\u0161njaka Kosova &#8211; Njema\u010dka&#8221; e.V. koju su \u010dinili predsjednik udru\u017eenja Osman Destanovi\u0107 iz Gutersloha, Jupo Rastoder iz Kelna i Mi\u0161o Agovi\u0107 iz Frankfurta, \u010dlanovi Upravnog odbora. U srda\u010dnom i prijateljskom razgovoru dominirale su [&hellip;]\" \/>\n<meta property=\"og:url\" content=\"https:\/\/sandzakpress.net\/arhiva\/humanitarna-akcija\/\" \/>\n<meta property=\"og:site_name\" content=\"Sand\u017eak PRESS\" \/>\n<meta property=\"article:published_time\" content=\"2011-03-20T18:03:18+00:00\" \/>\n<meta property=\"article:modified_time\" content=\"2011-03-21T16:53:23+00:00\" \/>\n<meta property=\"og:image\" content=\"https:\/\/sandzakpress.net\/arhiva\/wp-content\/uploads\/2011\/03\/uradjenacg.jpg\" \/>\n\t<meta property=\"og:image:width\" content=\"616\" \/>\n\t<meta property=\"og:image:height\" content=\"462\" \/>\n\t<meta property=\"og:image:type\" content=\"image\/jpeg\" \/>\n<meta name=\"twitter:card\" content=\"summary_large_image\" \/>\n<meta name=\"twitter:label1\" content=\"Written by\" \/>\n\t<meta name=\"twitter:data1\" content=\"\" \/>\n\t<meta name=\"twitter:label2\" content=\"Est. reading time\" \/>\n\t<meta name=\"twitter:data2\" content=\"3 minute\" \/>\n<script type=\"application\/ld+json\" class=\"yoast-schema-graph\">{\"@context\":\"https:\/\/schema.org\",\"@graph\":[{\"@type\":\"Article\",\"@id\":\"https:\/\/sandzakpress.net\/arhiva\/humanitarna-akcija\/#article\",\"isPartOf\":{\"@id\":\"https:\/\/sandzakpress.net\/arhiva\/humanitarna-akcija\/\"},\"author\":{\"name\":\"\",\"@id\":\"\"},\"headline\":\"Humanitarna akcija\",\"datePublished\":\"2011-03-20T18:03:18+00:00\",\"dateModified\":\"2011-03-21T16:53:23+00:00\",\"mainEntityOfPage\":{\"@id\":\"https:\/\/sandzakpress.net\/arhiva\/humanitarna-akcija\/\"},\"wordCount\":571,\"commentCount\":0,\"publisher\":{\"@id\":\"https:\/\/sandzakpress.net\/arhiva\/#\/schema\/person\/6e72b67d6e51910a1117b3b483ba20bd\"},\"image\":{\"@id\":\"https:\/\/sandzakpress.net\/arhiva\/humanitarna-akcija\/#primaryimage\"},\"thumbnailUrl\":\"https:\/\/sandzakpress.net\/arhiva\/wp-content\/uploads\/2011\/03\/uradjenacg.jpg\",\"articleSection\":[\"Hronika\",\"Evropa\"],\"inLanguage\":\"bs-BA\",\"potentialAction\":[{\"@type\":\"CommentAction\",\"name\":\"Comment\",\"target\":[\"https:\/\/sandzakpress.net\/arhiva\/humanitarna-akcija\/#respond\"]}]},{\"@type\":\"WebPage\",\"@id\":\"https:\/\/sandzakpress.net\/arhiva\/humanitarna-akcija\/\",\"url\":\"https:\/\/sandzakpress.net\/arhiva\/humanitarna-akcija\/\",\"name\":\"Humanitarna akcija\",\"isPartOf\":{\"@id\":\"https:\/\/sandzakpress.net\/arhiva\/#website\"},\"primaryImageOfPage\":{\"@id\":\"https:\/\/sandzakpress.net\/arhiva\/humanitarna-akcija\/#primaryimage\"},\"image\":{\"@id\":\"https:\/\/sandzakpress.net\/arhiva\/humanitarna-akcija\/#primaryimage\"},\"thumbnailUrl\":\"https:\/\/sandzakpress.net\/arhiva\/wp-content\/uploads\/2011\/03\/uradjenacg.jpg\",\"datePublished\":\"2011-03-20T18:03:18+00:00\",\"dateModified\":\"2011-03-21T16:53:23+00:00\",\"breadcrumb\":{\"@id\":\"https:\/\/sandzakpress.net\/arhiva\/humanitarna-akcija\/#breadcrumb\"},\"inLanguage\":\"bs-BA\",\"potentialAction\":[{\"@type\":\"ReadAction\",\"target\":[\"https:\/\/sandzakpress.net\/arhiva\/humanitarna-akcija\/\"]}]},{\"@type\":\"ImageObject\",\"inLanguage\":\"bs-BA\",\"@id\":\"https:\/\/sandzakpress.net\/arhiva\/humanitarna-akcija\/#primaryimage\",\"url\":\"https:\/\/sandzakpress.net\/arhiva\/wp-content\/uploads\/2011\/03\/uradjenacg.jpg\",\"contentUrl\":\"https:\/\/sandzakpress.net\/arhiva\/wp-content\/uploads\/2011\/03\/uradjenacg.jpg\",\"width\":616,\"height\":462},{\"@type\":\"BreadcrumbList\",\"@id\":\"https:\/\/sandzakpress.net\/arhiva\/humanitarna-akcija\/#breadcrumb\",\"itemListElement\":[{\"@type\":\"ListItem\",\"position\":1,\"name\":\"Home\",\"item\":\"https:\/\/sandzakpress.net\/arhiva\/\"},{\"@type\":\"ListItem\",\"position\":2,\"name\":\"Humanitarna akcija\"}]},{\"@type\":\"WebSite\",\"@id\":\"https:\/\/sandzakpress.net\/arhiva\/#website\",\"url\":\"https:\/\/sandzakpress.net\/arhiva\/\",\"name\":\"Sand\u017eak PRESS\",\"description\":\"Prve elektronske novine u Sand\u017eaku\",\"publisher\":{\"@id\":\"https:\/\/sandzakpress.net\/arhiva\/#\/schema\/person\/6e72b67d6e51910a1117b3b483ba20bd\"},\"potentialAction\":[{\"@type\":\"SearchAction\",\"target\":{\"@type\":\"EntryPoint\",\"urlTemplate\":\"https:\/\/sandzakpress.net\/arhiva\/?s={search_term_string}\"},\"query-input\":{\"@type\":\"PropertyValueSpecification\",\"valueRequired\":true,\"valueName\":\"search_term_string\"}}],\"inLanguage\":\"bs-BA\"},{\"@type\":[\"Person\",\"Organization\"],\"@id\":\"https:\/\/sandzakpress.net\/arhiva\/#\/schema\/person\/6e72b67d6e51910a1117b3b483ba20bd\",\"name\":\"Kul\",\"image\":{\"@type\":\"ImageObject\",\"inLanguage\":\"bs-BA\",\"@id\":\"https:\/\/sandzakpress.net\/arhiva\/#\/schema\/person\/image\/\",\"url\":\"https:\/\/secure.gravatar.com\/avatar\/42263f39aa27ac04c43cab85c280eb2e?s=96&d=mm&r=pg\",\"contentUrl\":\"https:\/\/secure.gravatar.com\/avatar\/42263f39aa27ac04c43cab85c280eb2e?s=96&d=mm&r=pg\",\"caption\":\"Kul\"},\"logo\":{\"@id\":\"https:\/\/sandzakpress.net\/arhiva\/#\/schema\/person\/image\/\"}},{\"@type\":\"Person\",\"@id\":\"\",\"url\":\"https:\/\/sandzakpress.net\/arhiva\/author\/\"}]}<\/script>\n<!-- \/ Yoast SEO Premium plugin. -->","yoast_head_json":{"title":"Humanitarna akcija","robots":{"index":"index","follow":"follow","max-snippet":"max-snippet:-1","max-image-preview":"max-image-preview:large","max-video-preview":"max-video-preview:-1"},"canonical":"https:\/\/sandzakpress.net\/arhiva\/humanitarna-akcija\/","og_locale":"bs_BA","og_type":"article","og_title":"Humanitarna akcija","og_description":"Evropa &#8211; Generalni konzul Republike Crne Gore, gospodin Abid Crnovr\u0161anin, u \u010detvrtak 10 februara 2011 godine, primio je delegaciju zavi\u010dajnog udru\u017eenja &#8220;Dijaspora Bo\u0161njaka Kosova &#8211; Njema\u010dka&#8221; e.V. koju su \u010dinili predsjednik udru\u017eenja Osman Destanovi\u0107 iz Gutersloha, Jupo Rastoder iz Kelna i Mi\u0161o Agovi\u0107 iz Frankfurta, \u010dlanovi Upravnog odbora. U srda\u010dnom i prijateljskom razgovoru dominirale su [&hellip;]","og_url":"https:\/\/sandzakpress.net\/arhiva\/humanitarna-akcija\/","og_site_name":"Sand\u017eak PRESS","article_published_time":"2011-03-20T18:03:18+00:00","article_modified_time":"2011-03-21T16:53:23+00:00","og_image":[{"width":616,"height":462,"url":"https:\/\/sandzakpress.net\/arhiva\/wp-content\/uploads\/2011\/03\/uradjenacg.jpg","type":"image\/jpeg"}],"twitter_card":"summary_large_image","twitter_misc":{"Written by":"","Est. reading time":"3 minute"},"schema":{"@context":"https:\/\/schema.org","@graph":[{"@type":"Article","@id":"https:\/\/sandzakpress.net\/arhiva\/humanitarna-akcija\/#article","isPartOf":{"@id":"https:\/\/sandzakpress.net\/arhiva\/humanitarna-akcija\/"},"author":{"name":"","@id":""},"headline":"Humanitarna akcija","datePublished":"2011-03-20T18:03:18+00:00","dateModified":"2011-03-21T16:53:23+00:00","mainEntityOfPage":{"@id":"https:\/\/sandzakpress.net\/arhiva\/humanitarna-akcija\/"},"wordCount":571,"commentCount":0,"publisher":{"@id":"https:\/\/sandzakpress.net\/arhiva\/#\/schema\/person\/6e72b67d6e51910a1117b3b483ba20bd"},"image":{"@id":"https:\/\/sandzakpress.net\/arhiva\/humanitarna-akcija\/#primaryimage"},"thumbnailUrl":"https:\/\/sandzakpress.net\/arhiva\/wp-content\/uploads\/2011\/03\/uradjenacg.jpg","articleSection":["Hronika","Evropa"],"inLanguage":"bs-BA","potentialAction":[{"@type":"CommentAction","name":"Comment","target":["https:\/\/sandzakpress.net\/arhiva\/humanitarna-akcija\/#respond"]}]},{"@type":"WebPage","@id":"https:\/\/sandzakpress.net\/arhiva\/humanitarna-akcija\/","url":"https:\/\/sandzakpress.net\/arhiva\/humanitarna-akcija\/","name":"Humanitarna akcija","isPartOf":{"@id":"https:\/\/sandzakpress.net\/arhiva\/#website"},"primaryImageOfPage":{"@id":"https:\/\/sandzakpress.net\/arhiva\/humanitarna-akcija\/#primaryimage"},"image":{"@id":"https:\/\/sandzakpress.net\/arhiva\/humanitarna-akcija\/#primaryimage"},"thumbnailUrl":"https:\/\/sandzakpress.net\/arhiva\/wp-content\/uploads\/2011\/03\/uradjenacg.jpg","datePublished":"2011-03-20T18:03:18+00:00","dateModified":"2011-03-21T16:53:23+00:00","breadcrumb":{"@id":"https:\/\/sandzakpress.net\/arhiva\/humanitarna-akcija\/#breadcrumb"},"inLanguage":"bs-BA","potentialAction":[{"@type":"ReadAction","target":["https:\/\/sandzakpress.net\/arhiva\/humanitarna-akcija\/"]}]},{"@type":"ImageObject","inLanguage":"bs-BA","@id":"https:\/\/sandzakpress.net\/arhiva\/humanitarna-akcija\/#primaryimage","url":"https:\/\/sandzakpress.net\/arhiva\/wp-content\/uploads\/2011\/03\/uradjenacg.jpg","contentUrl":"https:\/\/sandzakpress.net\/arhiva\/wp-content\/uploads\/2011\/03\/uradjenacg.jpg","width":616,"height":462},{"@type":"BreadcrumbList","@id":"https:\/\/sandzakpress.net\/arhiva\/humanitarna-akcija\/#breadcrumb","itemListElement":[{"@type":"ListItem","position":1,"name":"Home","item":"https:\/\/sandzakpress.net\/arhiva\/"},{"@type":"ListItem","position":2,"name":"Humanitarna akcija"}]},{"@type":"WebSite","@id":"https:\/\/sandzakpress.net\/arhiva\/#website","url":"https:\/\/sandzakpress.net\/arhiva\/","name":"Sand\u017eak PRESS","description":"Prve elektronske novine u Sand\u017eaku","publisher":{"@id":"https:\/\/sandzakpress.net\/arhiva\/#\/schema\/person\/6e72b67d6e51910a1117b3b483ba20bd"},"potentialAction":[{"@type":"SearchAction","target":{"@type":"EntryPoint","urlTemplate":"https:\/\/sandzakpress.net\/arhiva\/?s={search_term_string}"},"query-input":{"@type":"PropertyValueSpecification","valueRequired":true,"valueName":"search_term_string"}}],"inLanguage":"bs-BA"},{"@type":["Person","Organization"],"@id":"https:\/\/sandzakpress.net\/arhiva\/#\/schema\/person\/6e72b67d6e51910a1117b3b483ba20bd","name":"Kul","image":{"@type":"ImageObject","inLanguage":"bs-BA","@id":"https:\/\/sandzakpress.net\/arhiva\/#\/schema\/person\/image\/","url":"https:\/\/secure.gravatar.com\/avatar\/42263f39aa27ac04c43cab85c280eb2e?s=96&d=mm&r=pg","contentUrl":"https:\/\/secure.gravatar.com\/avatar\/42263f39aa27ac04c43cab85c280eb2e?s=96&d=mm&r=pg","caption":"Kul"},"logo":{"@id":"https:\/\/sandzakpress.net\/arhiva\/#\/schema\/person\/image\/"}},{"@type":"Person","@id":"","url":"https:\/\/sandzakpress.net\/arhiva\/author\/"}]}},"_links":{"self":[{"href":"https:\/\/sandzakpress.net\/arhiva\/wp-json\/wp\/v2\/posts\/14046"}],"collection":[{"href":"https:\/\/sandzakpress.net\/arhiva\/wp-json\/wp\/v2\/posts"}],"about":[{"href":"https:\/\/sandzakpress.net\/arhiva\/wp-json\/wp\/v2\/types\/post"}],"author":[{"embeddable":true,"href":"https:\/\/sandzakpress.net\/arhiva\/wp-json\/wp\/v2\/users\/13"}],"replies":[{"embeddable":true,"href":"https:\/\/sandzakpress.net\/arhiva\/wp-json\/wp\/v2\/comments?post=14046"}],"version-history":[{"count":0,"href":"https:\/\/sandzakpress.net\/arhiva\/wp-json\/wp\/v2\/posts\/14046\/revisions"}],"wp:featuredmedia":[{"embeddable":true,"href":"https:\/\/sandzakpress.net\/arhiva\/wp-json\/wp\/v2\/media\/14047"}],"wp:attachment":[{"href":"https:\/\/sandzakpress.net\/arhiva\/wp-json\/wp\/v2\/media?parent=14046"}],"wp:term":[{"taxonomy":"category","embeddable":true,"href":"https:\/\/sandzakpress.net\/arhiva\/wp-json\/wp\/v2\/categories?post=14046"},{"taxonomy":"post_tag","embeddable":true,"href":"https:\/\/sandzakpress.net\/arhiva\/wp-json\/wp\/v2\/tags?post=14046"}],"curies":[{"name":"wp","href":"https:\/\/api.w.org\/{rel}","templated":true}]}}