{"id":140331,"date":"2015-10-09T15:23:04","date_gmt":"2015-10-09T13:23:04","guid":{"rendered":"https:\/\/sandzakpress.net\/arhiva\/?p=140331"},"modified":"2015-10-09T15:23:04","modified_gmt":"2015-10-09T13:23:04","slug":"otvaranje-spomenika-u-sjeverimu-na-dan-godisnjice-zlocina","status":"publish","type":"post","link":"https:\/\/sandzakpress.net\/arhiva\/otvaranje-spomenika-u-sjeverimu-na-dan-godisnjice-zlocina\/","title":{"rendered":"Otvaranje spomenika u Sjeverimu na dan godi\u0161njice zlo\u010dina"},"content":{"rendered":"<p><strong>Priboj &#8211; Ekipa agencije SANA od Priboja do Sjeverina. Jedino konkretno, i to nakon borbi, opstrukcija, je spomenik \u017ertvama zlo\u010dina. Njih 16 je prije 23 godine krenulo u FAP po pla\u0107e. Nikad se vi\u0161e nisu vratili. Samo kosti jedne od \u017ertava prona\u0111ene. Zbog sporosti procesa i dokazivanja istine porodice najavljuju- direktno \u0107e se obratiti premijeru Vu\u010di\u0107u!<\/strong><\/p>\n<div class=\"youtube-embed\" data-video_id=\"KFvhq-iFNn0\"><iframe loading=\"lazy\" title=\"Privode se kraju radovi na spomeniku u Sjeverinu\" width=\"696\" height=\"522\" src=\"https:\/\/www.youtube.com\/embed\/KFvhq-iFNn0?feature=oembed&#038;enablejsapi=1\" frameborder=\"0\" allow=\"accelerometer; autoplay; encrypted-media; gyroscope; picture-in-picture\" allowfullscreen><\/iframe><\/div>\n<p>Nakon 15 godina mukotrpne borbe, spomen obilje\u017eje Sjeverin bit \u0107e otvoreno na 23. Godi\u0161njicu obilje\u017eavanja otmice i ubistva grupe Bo\u0161njaka me\u0111u kojima je bilo 16 mu\u0161karaca i jedna \u017eena. <\/p>\n<p>Balkan je, ka\u017ee, prvi \u010dovjek Op\u0107ine, prepun spomenika koji razdvajaju. Ovaj \u0107e, poru\u010duje spajati dva naroda.<\/p>\n<p>Kosti \u017ertava nisu prona\u0111ene, osim jedne kojoj ef. Hod\u017ei\u0107, kako ka\u017ee, ode na mezar i prou\u010di fatihu. (inserti 424_01, 425_01) Sve ubice jo\u0161 nisu osu\u0111ene, a dr\u017eava Srbija nije priznala zlo\u010din, za koji je Okru\u017eni sud u Beogradu osudio na po 20 godina zatvora Milana Luki\u0107a i Olivera Krsmanovi\u0107a (obojicu u odsustvu), a Dragutina Dragi\u0107evi\u0107a i \u0110or\u0111a \u0160evi\u0107a na po 15 godina zatvora. Da podsjetimo, Luki\u0107 je nakon \u0161to je uhap\u0161en u Argentini, u Ha\u0161kom tribunalu osu\u0111en na do\u017eivotnu kaznu zatvora za zlo\u010dine u Vi\u0161egradu. Zbog sporosti procesa ef. Hod\u017ei\u0107 koji je tog dana izgubio babu, najavljuje- direktno \u0107e se obratiti premijeru Vu\u010di\u0107u.<\/p>\n<p>A sje\u0107anja i danas \u017eiva. Ka\u017eu, nakon toga, svako dijete koje je izgubilo oca, a jedno i majku, odrastalo je br\u017ee od svojih vr\u0161njaka.<\/p>\n<p>D\u017eenana Mandal \u0160uki\u0107 izgubila babu. Ni dan danas ne zna gdje su mu kosti. Nakon 23 godine nikome vi\u0161e ne vjeruje.<\/p>\n<p>I dalje ponavljaju \u010dinjenicu da se radilo o smi\u0161ljenom i dobro organiziranom zlo\u010dinu, jer su sve \u017ertve pozvane da u \u0161to ve\u0107em broju tog dana do\u0111u u FAP po svoje pla\u0107e.<\/p>\n<p>SANA<\/p>\n","protected":false},"excerpt":{"rendered":"<p>Priboj &#8211; Ekipa agencije SANA od Priboja do Sjeverina. Jedino konkretno, i to nakon borbi, opstrukcija, je spomenik \u017ertvama zlo\u010dina. Njih 16 je prije 23 godine krenulo u FAP po pla\u0107e. Nikad se vi\u0161e nisu vratili. Samo kosti jedne od \u017ertava prona\u0111ene. Zbog sporosti procesa i dokazivanja istine porodice najavljuju- direktno \u0107e se obratiti premijeru [&hellip;]<\/p>\n","protected":false},"author":83,"featured_media":140332,"comment_status":"open","ping_status":"open","sticky":false,"template":"","format":"standard","meta":{"footnotes":""},"categories":[800,393,8957],"tags":[],"class_list":{"0":"post-140331","1":"post","2":"type-post","3":"status-publish","4":"format-standard","5":"has-post-thumbnail","7":"category-nacija","8":"category-priboj","9":"category-vijesti-dana"},"yoast_head":"<!-- This site is optimized with the Yoast SEO Premium plugin v23.1 (Yoast SEO v24.9) - https:\/\/yoast.com\/wordpress\/plugins\/seo\/ -->\n<title>Otvaranje spomenika u Sjeverimu na dan godi\u0161njice zlo\u010dina<\/title>\n<meta name=\"robots\" content=\"index, follow, max-snippet:-1, max-image-preview:large, max-video-preview:-1\" \/>\n<link rel=\"canonical\" href=\"https:\/\/sandzakpress.net\/arhiva\/otvaranje-spomenika-u-sjeverimu-na-dan-godisnjice-zlocina\/\" \/>\n<meta property=\"og:locale\" content=\"bs_BA\" \/>\n<meta property=\"og:type\" content=\"article\" \/>\n<meta property=\"og:title\" content=\"Otvaranje spomenika u Sjeverimu na dan godi\u0161njice zlo\u010dina\" \/>\n<meta property=\"og:description\" content=\"Priboj &#8211; Ekipa agencije SANA od Priboja do Sjeverina. Jedino konkretno, i to nakon borbi, opstrukcija, je spomenik \u017ertvama zlo\u010dina. Njih 16 je prije 23 godine krenulo u FAP po pla\u0107e. Nikad se vi\u0161e nisu vratili. Samo kosti jedne od \u017ertava prona\u0111ene. Zbog sporosti procesa i dokazivanja istine porodice najavljuju- direktno \u0107e se obratiti premijeru [&hellip;]\" \/>\n<meta property=\"og:url\" content=\"https:\/\/sandzakpress.net\/arhiva\/otvaranje-spomenika-u-sjeverimu-na-dan-godisnjice-zlocina\/\" \/>\n<meta property=\"og:site_name\" content=\"Sand\u017eak PRESS\" \/>\n<meta property=\"article:published_time\" content=\"2015-10-09T13:23:04+00:00\" \/>\n<meta property=\"og:image\" content=\"https:\/\/sandzakpress.net\/arhiva\/wp-content\/uploads\/2015\/10\/019.jpg\" \/>\n\t<meta property=\"og:image:width\" content=\"480\" \/>\n\t<meta property=\"og:image:height\" content=\"360\" \/>\n\t<meta property=\"og:image:type\" content=\"image\/jpeg\" \/>\n<meta name=\"author\" content=\"bosniak\" \/>\n<meta name=\"twitter:card\" content=\"summary_large_image\" \/>\n<meta name=\"twitter:label1\" content=\"Written by\" \/>\n\t<meta name=\"twitter:data1\" content=\"bosniak\" \/>\n\t<meta name=\"twitter:label2\" content=\"Est. reading time\" \/>\n\t<meta name=\"twitter:data2\" content=\"2 minute\" \/>\n<script type=\"application\/ld+json\" class=\"yoast-schema-graph\">{\"@context\":\"https:\/\/schema.org\",\"@graph\":[{\"@type\":\"Article\",\"@id\":\"https:\/\/sandzakpress.net\/arhiva\/otvaranje-spomenika-u-sjeverimu-na-dan-godisnjice-zlocina\/#article\",\"isPartOf\":{\"@id\":\"https:\/\/sandzakpress.net\/arhiva\/otvaranje-spomenika-u-sjeverimu-na-dan-godisnjice-zlocina\/\"},\"author\":{\"name\":\"bosniak\",\"@id\":\"https:\/\/sandzakpress.net\/arhiva\/#\/schema\/person\/c8baee722073534b583ea7bdb2e36c02\"},\"headline\":\"Otvaranje spomenika u Sjeverimu na dan godi\u0161njice zlo\u010dina\",\"datePublished\":\"2015-10-09T13:23:04+00:00\",\"mainEntityOfPage\":{\"@id\":\"https:\/\/sandzakpress.net\/arhiva\/otvaranje-spomenika-u-sjeverimu-na-dan-godisnjice-zlocina\/\"},\"wordCount\":337,\"commentCount\":6,\"publisher\":{\"@id\":\"https:\/\/sandzakpress.net\/arhiva\/#\/schema\/person\/6e72b67d6e51910a1117b3b483ba20bd\"},\"image\":{\"@id\":\"https:\/\/sandzakpress.net\/arhiva\/otvaranje-spomenika-u-sjeverimu-na-dan-godisnjice-zlocina\/#primaryimage\"},\"thumbnailUrl\":\"https:\/\/sandzakpress.net\/arhiva\/wp-content\/uploads\/2015\/10\/019.jpg\",\"articleSection\":[\"Nacija\",\"Priboj\",\"VIJESTI DANA\"],\"inLanguage\":\"bs-BA\",\"potentialAction\":[{\"@type\":\"CommentAction\",\"name\":\"Comment\",\"target\":[\"https:\/\/sandzakpress.net\/arhiva\/otvaranje-spomenika-u-sjeverimu-na-dan-godisnjice-zlocina\/#respond\"]}]},{\"@type\":\"WebPage\",\"@id\":\"https:\/\/sandzakpress.net\/arhiva\/otvaranje-spomenika-u-sjeverimu-na-dan-godisnjice-zlocina\/\",\"url\":\"https:\/\/sandzakpress.net\/arhiva\/otvaranje-spomenika-u-sjeverimu-na-dan-godisnjice-zlocina\/\",\"name\":\"Otvaranje spomenika u Sjeverimu na dan godi\u0161njice zlo\u010dina\",\"isPartOf\":{\"@id\":\"https:\/\/sandzakpress.net\/arhiva\/#website\"},\"primaryImageOfPage\":{\"@id\":\"https:\/\/sandzakpress.net\/arhiva\/otvaranje-spomenika-u-sjeverimu-na-dan-godisnjice-zlocina\/#primaryimage\"},\"image\":{\"@id\":\"https:\/\/sandzakpress.net\/arhiva\/otvaranje-spomenika-u-sjeverimu-na-dan-godisnjice-zlocina\/#primaryimage\"},\"thumbnailUrl\":\"https:\/\/sandzakpress.net\/arhiva\/wp-content\/uploads\/2015\/10\/019.jpg\",\"datePublished\":\"2015-10-09T13:23:04+00:00\",\"breadcrumb\":{\"@id\":\"https:\/\/sandzakpress.net\/arhiva\/otvaranje-spomenika-u-sjeverimu-na-dan-godisnjice-zlocina\/#breadcrumb\"},\"inLanguage\":\"bs-BA\",\"potentialAction\":[{\"@type\":\"ReadAction\",\"target\":[\"https:\/\/sandzakpress.net\/arhiva\/otvaranje-spomenika-u-sjeverimu-na-dan-godisnjice-zlocina\/\"]}]},{\"@type\":\"ImageObject\",\"inLanguage\":\"bs-BA\",\"@id\":\"https:\/\/sandzakpress.net\/arhiva\/otvaranje-spomenika-u-sjeverimu-na-dan-godisnjice-zlocina\/#primaryimage\",\"url\":\"https:\/\/sandzakpress.net\/arhiva\/wp-content\/uploads\/2015\/10\/019.jpg\",\"contentUrl\":\"https:\/\/sandzakpress.net\/arhiva\/wp-content\/uploads\/2015\/10\/019.jpg\",\"width\":480,\"height\":360},{\"@type\":\"BreadcrumbList\",\"@id\":\"https:\/\/sandzakpress.net\/arhiva\/otvaranje-spomenika-u-sjeverimu-na-dan-godisnjice-zlocina\/#breadcrumb\",\"itemListElement\":[{\"@type\":\"ListItem\",\"position\":1,\"name\":\"Home\",\"item\":\"https:\/\/sandzakpress.net\/arhiva\/\"},{\"@type\":\"ListItem\",\"position\":2,\"name\":\"Otvaranje spomenika u Sjeverimu na dan godi\u0161njice zlo\u010dina\"}]},{\"@type\":\"WebSite\",\"@id\":\"https:\/\/sandzakpress.net\/arhiva\/#website\",\"url\":\"https:\/\/sandzakpress.net\/arhiva\/\",\"name\":\"Sand\u017eak PRESS\",\"description\":\"Prve elektronske novine u Sand\u017eaku\",\"publisher\":{\"@id\":\"https:\/\/sandzakpress.net\/arhiva\/#\/schema\/person\/6e72b67d6e51910a1117b3b483ba20bd\"},\"potentialAction\":[{\"@type\":\"SearchAction\",\"target\":{\"@type\":\"EntryPoint\",\"urlTemplate\":\"https:\/\/sandzakpress.net\/arhiva\/?s={search_term_string}\"},\"query-input\":{\"@type\":\"PropertyValueSpecification\",\"valueRequired\":true,\"valueName\":\"search_term_string\"}}],\"inLanguage\":\"bs-BA\"},{\"@type\":[\"Person\",\"Organization\"],\"@id\":\"https:\/\/sandzakpress.net\/arhiva\/#\/schema\/person\/6e72b67d6e51910a1117b3b483ba20bd\",\"name\":\"Kul\",\"image\":{\"@type\":\"ImageObject\",\"inLanguage\":\"bs-BA\",\"@id\":\"https:\/\/sandzakpress.net\/arhiva\/#\/schema\/person\/image\/\",\"url\":\"https:\/\/secure.gravatar.com\/avatar\/42263f39aa27ac04c43cab85c280eb2e?s=96&d=mm&r=pg\",\"contentUrl\":\"https:\/\/secure.gravatar.com\/avatar\/42263f39aa27ac04c43cab85c280eb2e?s=96&d=mm&r=pg\",\"caption\":\"Kul\"},\"logo\":{\"@id\":\"https:\/\/sandzakpress.net\/arhiva\/#\/schema\/person\/image\/\"}},{\"@type\":\"Person\",\"@id\":\"https:\/\/sandzakpress.net\/arhiva\/#\/schema\/person\/c8baee722073534b583ea7bdb2e36c02\",\"name\":\"bosniak\",\"image\":{\"@type\":\"ImageObject\",\"inLanguage\":\"bs-BA\",\"@id\":\"https:\/\/sandzakpress.net\/arhiva\/#\/schema\/person\/image\/\",\"url\":\"https:\/\/secure.gravatar.com\/avatar\/a04fd330bfe3a36a72a0ad4a6d89fca7?s=96&d=mm&r=pg\",\"contentUrl\":\"https:\/\/secure.gravatar.com\/avatar\/a04fd330bfe3a36a72a0ad4a6d89fca7?s=96&d=mm&r=pg\",\"caption\":\"bosniak\"},\"url\":\"https:\/\/sandzakpress.net\/arhiva\/author\/bosniak\/\"}]}<\/script>\n<!-- \/ Yoast SEO Premium plugin. -->","yoast_head_json":{"title":"Otvaranje spomenika u Sjeverimu na dan godi\u0161njice zlo\u010dina","robots":{"index":"index","follow":"follow","max-snippet":"max-snippet:-1","max-image-preview":"max-image-preview:large","max-video-preview":"max-video-preview:-1"},"canonical":"https:\/\/sandzakpress.net\/arhiva\/otvaranje-spomenika-u-sjeverimu-na-dan-godisnjice-zlocina\/","og_locale":"bs_BA","og_type":"article","og_title":"Otvaranje spomenika u Sjeverimu na dan godi\u0161njice zlo\u010dina","og_description":"Priboj &#8211; Ekipa agencije SANA od Priboja do Sjeverina. Jedino konkretno, i to nakon borbi, opstrukcija, je spomenik \u017ertvama zlo\u010dina. Njih 16 je prije 23 godine krenulo u FAP po pla\u0107e. Nikad se vi\u0161e nisu vratili. Samo kosti jedne od \u017ertava prona\u0111ene. Zbog sporosti procesa i dokazivanja istine porodice najavljuju- direktno \u0107e se obratiti premijeru [&hellip;]","og_url":"https:\/\/sandzakpress.net\/arhiva\/otvaranje-spomenika-u-sjeverimu-na-dan-godisnjice-zlocina\/","og_site_name":"Sand\u017eak PRESS","article_published_time":"2015-10-09T13:23:04+00:00","og_image":[{"width":480,"height":360,"url":"https:\/\/sandzakpress.net\/arhiva\/wp-content\/uploads\/2015\/10\/019.jpg","type":"image\/jpeg"}],"author":"bosniak","twitter_card":"summary_large_image","twitter_misc":{"Written by":"bosniak","Est. reading time":"2 minute"},"schema":{"@context":"https:\/\/schema.org","@graph":[{"@type":"Article","@id":"https:\/\/sandzakpress.net\/arhiva\/otvaranje-spomenika-u-sjeverimu-na-dan-godisnjice-zlocina\/#article","isPartOf":{"@id":"https:\/\/sandzakpress.net\/arhiva\/otvaranje-spomenika-u-sjeverimu-na-dan-godisnjice-zlocina\/"},"author":{"name":"bosniak","@id":"https:\/\/sandzakpress.net\/arhiva\/#\/schema\/person\/c8baee722073534b583ea7bdb2e36c02"},"headline":"Otvaranje spomenika u Sjeverimu na dan godi\u0161njice zlo\u010dina","datePublished":"2015-10-09T13:23:04+00:00","mainEntityOfPage":{"@id":"https:\/\/sandzakpress.net\/arhiva\/otvaranje-spomenika-u-sjeverimu-na-dan-godisnjice-zlocina\/"},"wordCount":337,"commentCount":6,"publisher":{"@id":"https:\/\/sandzakpress.net\/arhiva\/#\/schema\/person\/6e72b67d6e51910a1117b3b483ba20bd"},"image":{"@id":"https:\/\/sandzakpress.net\/arhiva\/otvaranje-spomenika-u-sjeverimu-na-dan-godisnjice-zlocina\/#primaryimage"},"thumbnailUrl":"https:\/\/sandzakpress.net\/arhiva\/wp-content\/uploads\/2015\/10\/019.jpg","articleSection":["Nacija","Priboj","VIJESTI DANA"],"inLanguage":"bs-BA","potentialAction":[{"@type":"CommentAction","name":"Comment","target":["https:\/\/sandzakpress.net\/arhiva\/otvaranje-spomenika-u-sjeverimu-na-dan-godisnjice-zlocina\/#respond"]}]},{"@type":"WebPage","@id":"https:\/\/sandzakpress.net\/arhiva\/otvaranje-spomenika-u-sjeverimu-na-dan-godisnjice-zlocina\/","url":"https:\/\/sandzakpress.net\/arhiva\/otvaranje-spomenika-u-sjeverimu-na-dan-godisnjice-zlocina\/","name":"Otvaranje spomenika u Sjeverimu na dan godi\u0161njice zlo\u010dina","isPartOf":{"@id":"https:\/\/sandzakpress.net\/arhiva\/#website"},"primaryImageOfPage":{"@id":"https:\/\/sandzakpress.net\/arhiva\/otvaranje-spomenika-u-sjeverimu-na-dan-godisnjice-zlocina\/#primaryimage"},"image":{"@id":"https:\/\/sandzakpress.net\/arhiva\/otvaranje-spomenika-u-sjeverimu-na-dan-godisnjice-zlocina\/#primaryimage"},"thumbnailUrl":"https:\/\/sandzakpress.net\/arhiva\/wp-content\/uploads\/2015\/10\/019.jpg","datePublished":"2015-10-09T13:23:04+00:00","breadcrumb":{"@id":"https:\/\/sandzakpress.net\/arhiva\/otvaranje-spomenika-u-sjeverimu-na-dan-godisnjice-zlocina\/#breadcrumb"},"inLanguage":"bs-BA","potentialAction":[{"@type":"ReadAction","target":["https:\/\/sandzakpress.net\/arhiva\/otvaranje-spomenika-u-sjeverimu-na-dan-godisnjice-zlocina\/"]}]},{"@type":"ImageObject","inLanguage":"bs-BA","@id":"https:\/\/sandzakpress.net\/arhiva\/otvaranje-spomenika-u-sjeverimu-na-dan-godisnjice-zlocina\/#primaryimage","url":"https:\/\/sandzakpress.net\/arhiva\/wp-content\/uploads\/2015\/10\/019.jpg","contentUrl":"https:\/\/sandzakpress.net\/arhiva\/wp-content\/uploads\/2015\/10\/019.jpg","width":480,"height":360},{"@type":"BreadcrumbList","@id":"https:\/\/sandzakpress.net\/arhiva\/otvaranje-spomenika-u-sjeverimu-na-dan-godisnjice-zlocina\/#breadcrumb","itemListElement":[{"@type":"ListItem","position":1,"name":"Home","item":"https:\/\/sandzakpress.net\/arhiva\/"},{"@type":"ListItem","position":2,"name":"Otvaranje spomenika u Sjeverimu na dan godi\u0161njice zlo\u010dina"}]},{"@type":"WebSite","@id":"https:\/\/sandzakpress.net\/arhiva\/#website","url":"https:\/\/sandzakpress.net\/arhiva\/","name":"Sand\u017eak PRESS","description":"Prve elektronske novine u Sand\u017eaku","publisher":{"@id":"https:\/\/sandzakpress.net\/arhiva\/#\/schema\/person\/6e72b67d6e51910a1117b3b483ba20bd"},"potentialAction":[{"@type":"SearchAction","target":{"@type":"EntryPoint","urlTemplate":"https:\/\/sandzakpress.net\/arhiva\/?s={search_term_string}"},"query-input":{"@type":"PropertyValueSpecification","valueRequired":true,"valueName":"search_term_string"}}],"inLanguage":"bs-BA"},{"@type":["Person","Organization"],"@id":"https:\/\/sandzakpress.net\/arhiva\/#\/schema\/person\/6e72b67d6e51910a1117b3b483ba20bd","name":"Kul","image":{"@type":"ImageObject","inLanguage":"bs-BA","@id":"https:\/\/sandzakpress.net\/arhiva\/#\/schema\/person\/image\/","url":"https:\/\/secure.gravatar.com\/avatar\/42263f39aa27ac04c43cab85c280eb2e?s=96&d=mm&r=pg","contentUrl":"https:\/\/secure.gravatar.com\/avatar\/42263f39aa27ac04c43cab85c280eb2e?s=96&d=mm&r=pg","caption":"Kul"},"logo":{"@id":"https:\/\/sandzakpress.net\/arhiva\/#\/schema\/person\/image\/"}},{"@type":"Person","@id":"https:\/\/sandzakpress.net\/arhiva\/#\/schema\/person\/c8baee722073534b583ea7bdb2e36c02","name":"bosniak","image":{"@type":"ImageObject","inLanguage":"bs-BA","@id":"https:\/\/sandzakpress.net\/arhiva\/#\/schema\/person\/image\/","url":"https:\/\/secure.gravatar.com\/avatar\/a04fd330bfe3a36a72a0ad4a6d89fca7?s=96&d=mm&r=pg","contentUrl":"https:\/\/secure.gravatar.com\/avatar\/a04fd330bfe3a36a72a0ad4a6d89fca7?s=96&d=mm&r=pg","caption":"bosniak"},"url":"https:\/\/sandzakpress.net\/arhiva\/author\/bosniak\/"}]}},"_links":{"self":[{"href":"https:\/\/sandzakpress.net\/arhiva\/wp-json\/wp\/v2\/posts\/140331"}],"collection":[{"href":"https:\/\/sandzakpress.net\/arhiva\/wp-json\/wp\/v2\/posts"}],"about":[{"href":"https:\/\/sandzakpress.net\/arhiva\/wp-json\/wp\/v2\/types\/post"}],"author":[{"embeddable":true,"href":"https:\/\/sandzakpress.net\/arhiva\/wp-json\/wp\/v2\/users\/83"}],"replies":[{"embeddable":true,"href":"https:\/\/sandzakpress.net\/arhiva\/wp-json\/wp\/v2\/comments?post=140331"}],"version-history":[{"count":0,"href":"https:\/\/sandzakpress.net\/arhiva\/wp-json\/wp\/v2\/posts\/140331\/revisions"}],"wp:featuredmedia":[{"embeddable":true,"href":"https:\/\/sandzakpress.net\/arhiva\/wp-json\/wp\/v2\/media\/140332"}],"wp:attachment":[{"href":"https:\/\/sandzakpress.net\/arhiva\/wp-json\/wp\/v2\/media?parent=140331"}],"wp:term":[{"taxonomy":"category","embeddable":true,"href":"https:\/\/sandzakpress.net\/arhiva\/wp-json\/wp\/v2\/categories?post=140331"},{"taxonomy":"post_tag","embeddable":true,"href":"https:\/\/sandzakpress.net\/arhiva\/wp-json\/wp\/v2\/tags?post=140331"}],"curies":[{"name":"wp","href":"https:\/\/api.w.org\/{rel}","templated":true}]}}