{"id":140218,"date":"2015-10-08T17:56:59","date_gmt":"2015-10-08T15:56:59","guid":{"rendered":"https:\/\/sandzakpress.net\/arhiva\/sjecanje-na-heroje-rahmetli-senad-dzino"},"modified":"2015-10-08T17:56:59","modified_gmt":"2015-10-08T15:56:59","slug":"sjecanje-na-heroje-rahmetli-senad-dzino","status":"publish","type":"post","link":"https:\/\/sandzakpress.net\/arhiva\/sjecanje-na-heroje-rahmetli-senad-dzino\/","title":{"rendered":"Sje\u0107anje na heroje: Rahmetli Senad D\u017eino"},"content":{"rendered":"<p><img decoding=\"async\" src=\"http:\/\/i0.wp.com\/bosnjaci.agency\/wp-content\/uploads\/2015\/09\/Senad-Dzino.jpg?w=696\" alt=\"\" \/><\/p>\n<p><strong>Kad me detonacije usta\u0161kih granata iznenade na ulicama moga grada, kad kroz sumaglicu, strahom izazvanu, vidim kako ljudi tr\u010de u skloni\u0161ta, kad slu\u0161am zlokobni zvuk zlikova\u010dkih projektila iznad mene i moga grada, u\u010dini mi se da \u010dujem iz daljine njegov smireni glas i kao da ga vidim, obasjana prozirnom nestvarnom svjetlo\u0161\u0107u, uzbu\u0111ena i ustreptala, nekako iznad zemlje.<\/strong><\/p>\n<p>Ne govori, ali meni se \u010dini kao da ga \u010dujem, kao da poru\u010duje svima nama, kao da ka\u017ee: \u201eNe bojte se, ne\u0107e dugo, i mi smo uz vas.\u201c Vidim ga, svejedno \u0161to mi oko zamagljuje strah, smirena i odlu\u010dna, vidim i u uglovima njegovih usana skoro neprimjetno podrhtavanje smijeha.<\/p>\n<p>Vidim , i o\u0107utim u samom sebi, rahmetliju, \u0161ehida Senada D\u017einu, ratnika i junaka, \u010dovjeka kog \u010dovje\u010dnost, odanost, plemenitost u ovim zlehudim vremenima svrsta na \u010delo kolone onih koji po\u0111o\u0161e pravim putem u bitku za spas Bo\u0161njaka i ove zemlje, njihove jedine RBiH.<\/p>\n<p>A imao je samo 24 godine.<\/p>\n<p>Kad krenu zlotvorska, ratna ma\u0161inerija na ovaj narod i dr\u017eavu, kad neizmjerna mr\u017enja proklju\u010da u doju\u010dera\u0161njim kom\u0161ijama, kad po\u010de\u0161e, ubijati i gradove i sela i sve \u0161to se mi\u010de i di\u0161e, a ne misle kao oni, Seno ustade i stade sa svojim istomi\u0161ljenicima pod bijelu zastavu sa \u201ezlatnim ljiljanima\u201c da se suprostavi, da odbrani nedu\u017eni narod od onih koji pobjego\u0161e u brda, od onih koji jo\u0161 uvijek poku\u0161avaju zatrati trag Bo\u0161njaka i sve \u0161to podsje\u0107a na njih.<br \/>\n1992. godina, mjesec april, njegov dvadeseti dan. Senad D\u017eino je ve\u0107 borac protiv neprijatelja Bosne. Smiren i odmjeren, jasan i korektan, izvanredan planer i organizator, \u010dovjek od povjerenja izrasta u pouzdanog starje\u0161inu koji je uvijek na \u010delu svoje jedinice, uvijek prvi, uvijek gdje je najte\u017ee.<\/p>\n<p>U bitkama na Pazari\u0107u, Igmanu, Tisovici, po opet na Igmanu, u presudnim danima agresije HV i HVO na Jablanicu, u svim akcijama za njeno osloba\u0111anje, izrastao je Senad D\u017eino, i potvr\u0111ivao svoju veli\u010dinu, ljudskost i borbenost, posebno odlu\u010dnost i nepokolebljivost u presudnim trenucima.<\/p>\n<p>15. april 1993. godine. Iznenada, sa brda oko Jablanice, topnici Hrvatske vojske i HVO-a, otvaraju \u017eestoku artiljerijsku vatru po Jablanici i njenim selima s namjerom da je okupiraju i pokore, i pripoje njihovoj dr\u017eavi, tzv. Herceg-Bosni. Trenuta\u010dno iznena\u0111enje i zaprepa\u0161tenje, i naroda i Armije RBiH, 44. brdske brigade i jedinice SJB. Brzo su se organizovale i zaposjele polo\u017eaje gdje se o\u010dekivao udar agresorskih postrojbi.<\/p>\n<p>U jednom danu tri udara, tri naleta zapjenjenih Bobanovih i Tu\u0111manovih usta\u0161a. Prvi udar je odbijen, i drugi slomljen, tre\u0107i, naj\u017ee\u0161\u0107i usta\u0161e izvode na podru\u010dju kote Oskoru\u0161a, na jedinicu koju predvodi zamjenik komandanta 44. brdske brigade Senad D\u017eino.<\/p>\n<p>Uraganska vatra odjekuje dolinom Neretve. Zamjenik komandanta 44.brdske brigade Senad D\u017eino sa svojim borcima to sudbonosno ve\u010de, do\u010dekuje najelitniju agresorsku jedinicu, nekakve njihove specijalce, a me\u0111u njima bi i specijalaca iz elitnih jedinica Hrvatske vojske. Odlu\u010dnom akcijom razbijaju ih i nanose zna\u010dajne gubitke u \u017eivoj sili. To ve\u010de na padinama Oskoru\u0161e ostade desetak bojovnika, neuporedivo vi\u0161e ih je ranjeno, usta\u0161ki napadi ne prestaju, oni iz daljine, artiljerijski razaraju Jablanicu i njena sela. Privremeno okupirano spaljuju, narod progone. Slobodne teritorije razaraju kukavi\u010dki, iz daljine, topni\u0161tvom. I djeca ginu na asfaltu Jablanice, u avlijama seoskim. Brutalnost rata i zlo\u010dini usta\u0161a neupam\u0107eni i nevi\u0111eni na ovim prostorima.<\/p>\n<p>Julska pripeka kakva samo zna biti u dolini Neretve. Rat je, granatiranja traju skoro svakodnevno. I na ulicama Jablanice se gine. Zamjenik komandanta Senad D\u017eino je na polo\u017eajima, u obilascima jedinica i boraca u izvi\u0111anjima. Ponekad ga sretnem i na ulici i u zgradi Komande. Uvijek u uglovima usana titraj osmjeha, a u oku bljesak odlu\u010dnosti. Pokret energi\u010dan, korak odlu\u010dan, i uvijek za svakog ohrabrenje: \u201edobro je, bi\u0107e bolje!\u201c<\/p>\n<p>Dvadeset sedmog jula na \u010delu svoje jedinice upada munjevito, odlu\u010dno u usta\u0161ki osinjak u Doljane. Za tili \u010das, neshvatljivo brzo, Doljani su oslobo\u0111eni. Usta\u0161e i oni doma\u0107i izrodi, a i oni koji do\u0111o\u0161e iz Zapadne Hercegovine i iz Hrvatske, obezglavljeno bje\u017ee. Mnogo ih ostade na prostorima Doljana, a u Doljanima sve muslimansko spaljeno i sru\u0161eno. Ni d\u017eamije nema, a gdje je bila i mezarje oko nje, cestu zlikovci sagradi\u0161e. Ratni plijen ogroman, navukli krvoloci u jazbine svoje svega, mislili dovijeka ostati. Zakratko im bi, i ovdje, u Doljanima, a bi\u0107e i svugdje gdje poganim \u0161apama uprlja\u0161e ovu Bo\u0161nja\u010dku zemlju.<\/p>\n<p>Vrati se Senad D\u017eino sa svojim drugovima, sa svojom jedinicom jo\u0161 uspravniji, i ve\u0107i, a opet isti, smiren, skoro neprimjetan.<\/p>\n<p>Razularene usta\u0161e sa Ku\u0107ana, sa Slatine, sa kota Majna, Kri\u017ea i Duvnica razaraju sela na ju\u017enim padinama Bok\u0161evice. Svakodnevno iz njihovih jazbina po Rodi\u0107ima, \u0160aban\u010di\u0107ima, Mrakovu i \u017dugli\u0107ima padaju razorni projektili. Ru\u0161e ku\u0107e, ubijaju i ranjavaju nedu\u017ene civile, 16. septembra zamjenik komandanta Senad D\u017eino sa svojom jedinicom je na padinama Bok\u0161evice. I jedinica Stanice javne bezbjednosti je u akciji. Silovito, iznenada kre\u0107u borci Jablanice u akciju, u silovit juri\u0161. Nikakva prepreka nije ih mogla zaustaviti. Razbijaju usta\u0161ke zlikovce na kotama: Majan, Kri\u017e i Duvnice.<\/p>\n<p>U silovitom naletu osloba\u0111aju To\u0161\u0107anicu i Lizoperce, stjeruju bojovnike u Hudutsko, ku\u0107e-bunkere.<\/p>\n<p>Pred selom Senina jedinica na trenutak stade. A onda, zaneseni bitkom jablani\u010dki heroji, odlu\u010dni na sve, jurnu\u0161e naprijed. Skrivene cijevi \u201esija\u010da smrti\u201c i snajpera iz bunkera-ku\u0107a usta\u0161kih zlotvora otvaraju uragansku vatru. Jablani\u010dani kre\u0107u naprijed. Na \u010delu strelja\u010dkog stroja je njihov komandant, njihov drug i prijatelj, njihov Seno. Kao i uvijek, i sudbonosnog 16. septembra, prvi u juri\u0161u je zamjenik komandanta 44. brdske brigade Senad D\u017eino. Do\u010dekuje ih zlikova\u010dki rafal na prilazima selu Hudutsko i to s le\u0111a, a u le\u0111a \u010dovjeku puca ne\u010dovjek, izrod, nitkov, zlikovac. Zamjenik komandanta zastade, uspravi se pod usijanim mlazom \u010delika, a onda prelomljen, polahko pade. Te\u0161ko ranjenom pritr\u010davaju borci. On jo\u0161 uvijek smireno opominje i upozorava. O\u010di zamagljuje siva koprena. Te\u0161ko govori, u uglu usana crvena nit slila se niz bradu. Seno klonu na rukama boraca, prijatelja i drugova.<\/p>\n<p>Senad D\u017eino juna\u010dki na prilazima Hudutskog pogibe, a imao je samo 24 godine. Suze njegovih saboraca, muke suze, kvase njihova, suncem opaljena lica. Za trenutak tajac, a onda jo\u0161 silnije i odlu\u010dnije krenu\u0161e na juri\u0161. Do komandanta, na Hudutskom pada jo\u0161 njegovih pet boraca, heroja ovog kraja i ovog naroda: Ibrahim \u010cili\u0107, Haris Hon\u0111o, \u0160emsudin Begovi\u0107, \u0110emal \u0160\u0107uk i Mustafa Slatina.<\/p>\n<p>\u0160ehida Senada D\u017einu, zamjenika komandanta 44. Brdske brigade, borca, druga i prijatelja, prerano istrgo\u0161e, iz 44.brdske brigade. Prerano Seno, zlatni ljiljane, komandire i komandante, \u010dovje\u010de, dru\u017ee i prijatelju, suvi\u0161e rano, ostasmo bez tebe. Iza tebe osta ogromna praznina, nenadoknadiva, ali ostade, ovdje u Jablanici i svugdje dokle si stigao, dio tebe, ne\u0161to \u0161to \u0107e podsje\u0107ati na tebe, tvoj prepoznatljiv pe\u010dat ostavio si svugdje gdje si bio, dokle si do\u0161ao, posebno me\u0111u borcima, me\u0111u svim gra\u0111anima, na ulicama Jablanice. Bio si i ostao do kraja odan svome narodu i rodnom kraju, svojoj dr\u017eavi, za spas naroda i njegov obraz, za ovu dr\u017eavu dao si sebe u cvijetu mladosti, u 24-oj godini \u017eivota.<\/p>\n<p>\u017divio je sa istinom, i umro sa istinom.<\/p>\n<p>(Bosnjaci)<\/p>\n<p>Pogledajte vijest na izvornom sajtu:<\/p>\n<p><a href=\"http:\/\/bosnapress.net\/sjecanje-na-heroje-rahmetli-senad-dzino\/\" target=\"_blank\">Sje\u0107anje na heroje: Rahmetli Senad D\u017eino<\/a><\/p>\n","protected":false},"excerpt":{"rendered":"<p>Kad me detonacije usta\u0161kih granata iznenade na ulicama moga grada, kad kroz sumaglicu, strahom izazvanu, vidim kako ljudi tr\u010de u skloni\u0161ta, kad slu\u0161am zlokobni zvuk zlikova\u010dkih projektila iznad mene i moga grada, u\u010dini mi se da \u010dujem iz daljine njegov smireni glas i kao da ga vidim, obasjana prozirnom nestvarnom svjetlo\u0161\u0107u, uzbu\u0111ena i ustreptala, nekako [&hellip;]<\/p>\n","protected":false},"author":83,"featured_media":140219,"comment_status":"open","ping_status":"open","sticky":false,"template":"","format":"standard","meta":{"footnotes":""},"categories":[10513],"tags":[10466],"class_list":{"0":"post-140218","1":"post","2":"type-post","3":"status-publish","4":"format-standard","5":"has-post-thumbnail","7":"category-bosna-press","8":"tag-bosna-i-hercegovina"},"yoast_head":"<!-- This site is optimized with the Yoast SEO Premium plugin v23.1 (Yoast SEO v24.9) - https:\/\/yoast.com\/wordpress\/plugins\/seo\/ -->\n<title>Sje\u0107anje na heroje: Rahmetli Senad D\u017eino<\/title>\n<meta name=\"robots\" content=\"index, follow, max-snippet:-1, max-image-preview:large, max-video-preview:-1\" \/>\n<link rel=\"canonical\" href=\"https:\/\/sandzakpress.net\/arhiva\/sjecanje-na-heroje-rahmetli-senad-dzino\/\" \/>\n<meta property=\"og:locale\" content=\"bs_BA\" \/>\n<meta property=\"og:type\" content=\"article\" \/>\n<meta property=\"og:title\" content=\"Sje\u0107anje na heroje: Rahmetli Senad D\u017eino\" \/>\n<meta property=\"og:description\" content=\"Kad me detonacije usta\u0161kih granata iznenade na ulicama moga grada, kad kroz sumaglicu, strahom izazvanu, vidim kako ljudi tr\u010de u skloni\u0161ta, kad slu\u0161am zlokobni zvuk zlikova\u010dkih projektila iznad mene i moga grada, u\u010dini mi se da \u010dujem iz daljine njegov smireni glas i kao da ga vidim, obasjana prozirnom nestvarnom svjetlo\u0161\u0107u, uzbu\u0111ena i ustreptala, nekako [&hellip;]\" \/>\n<meta property=\"og:url\" content=\"https:\/\/sandzakpress.net\/arhiva\/sjecanje-na-heroje-rahmetli-senad-dzino\/\" \/>\n<meta property=\"og:site_name\" content=\"Sand\u017eak PRESS\" \/>\n<meta property=\"article:published_time\" content=\"2015-10-08T15:56:59+00:00\" \/>\n<meta property=\"og:image\" content=\"https:\/\/sandzakpress.net\/arhiva\/wp-content\/uploads\/2015\/10\/Senad-Dzino.jpg\" \/>\n\t<meta property=\"og:image:width\" content=\"696\" \/>\n\t<meta property=\"og:image:height\" content=\"829\" \/>\n\t<meta property=\"og:image:type\" content=\"image\/jpeg\" \/>\n<meta name=\"author\" content=\"bosniak\" \/>\n<meta name=\"twitter:card\" content=\"summary_large_image\" \/>\n<meta name=\"twitter:label1\" content=\"Written by\" \/>\n\t<meta name=\"twitter:data1\" content=\"bosniak\" \/>\n\t<meta name=\"twitter:label2\" content=\"Est. reading time\" \/>\n\t<meta name=\"twitter:data2\" content=\"6 minuta\" \/>\n<script type=\"application\/ld+json\" class=\"yoast-schema-graph\">{\"@context\":\"https:\/\/schema.org\",\"@graph\":[{\"@type\":\"Article\",\"@id\":\"https:\/\/sandzakpress.net\/arhiva\/sjecanje-na-heroje-rahmetli-senad-dzino\/#article\",\"isPartOf\":{\"@id\":\"https:\/\/sandzakpress.net\/arhiva\/sjecanje-na-heroje-rahmetli-senad-dzino\/\"},\"author\":{\"name\":\"bosniak\",\"@id\":\"https:\/\/sandzakpress.net\/arhiva\/#\/schema\/person\/c8baee722073534b583ea7bdb2e36c02\"},\"headline\":\"Sje\u0107anje na heroje: Rahmetli Senad D\u017eino\",\"datePublished\":\"2015-10-08T15:56:59+00:00\",\"mainEntityOfPage\":{\"@id\":\"https:\/\/sandzakpress.net\/arhiva\/sjecanje-na-heroje-rahmetli-senad-dzino\/\"},\"wordCount\":1291,\"commentCount\":1,\"publisher\":{\"@id\":\"https:\/\/sandzakpress.net\/arhiva\/#\/schema\/person\/6e72b67d6e51910a1117b3b483ba20bd\"},\"image\":{\"@id\":\"https:\/\/sandzakpress.net\/arhiva\/sjecanje-na-heroje-rahmetli-senad-dzino\/#primaryimage\"},\"thumbnailUrl\":\"https:\/\/sandzakpress.net\/arhiva\/wp-content\/uploads\/2015\/10\/Senad-Dzino.jpg\",\"keywords\":[\"Bosna i Hercegovina\"],\"articleSection\":[\"Bosna PRESS\"],\"inLanguage\":\"bs-BA\",\"potentialAction\":[{\"@type\":\"CommentAction\",\"name\":\"Comment\",\"target\":[\"https:\/\/sandzakpress.net\/arhiva\/sjecanje-na-heroje-rahmetli-senad-dzino\/#respond\"]}]},{\"@type\":\"WebPage\",\"@id\":\"https:\/\/sandzakpress.net\/arhiva\/sjecanje-na-heroje-rahmetli-senad-dzino\/\",\"url\":\"https:\/\/sandzakpress.net\/arhiva\/sjecanje-na-heroje-rahmetli-senad-dzino\/\",\"name\":\"Sje\u0107anje na heroje: Rahmetli Senad D\u017eino\",\"isPartOf\":{\"@id\":\"https:\/\/sandzakpress.net\/arhiva\/#website\"},\"primaryImageOfPage\":{\"@id\":\"https:\/\/sandzakpress.net\/arhiva\/sjecanje-na-heroje-rahmetli-senad-dzino\/#primaryimage\"},\"image\":{\"@id\":\"https:\/\/sandzakpress.net\/arhiva\/sjecanje-na-heroje-rahmetli-senad-dzino\/#primaryimage\"},\"thumbnailUrl\":\"https:\/\/sandzakpress.net\/arhiva\/wp-content\/uploads\/2015\/10\/Senad-Dzino.jpg\",\"datePublished\":\"2015-10-08T15:56:59+00:00\",\"breadcrumb\":{\"@id\":\"https:\/\/sandzakpress.net\/arhiva\/sjecanje-na-heroje-rahmetli-senad-dzino\/#breadcrumb\"},\"inLanguage\":\"bs-BA\",\"potentialAction\":[{\"@type\":\"ReadAction\",\"target\":[\"https:\/\/sandzakpress.net\/arhiva\/sjecanje-na-heroje-rahmetli-senad-dzino\/\"]}]},{\"@type\":\"ImageObject\",\"inLanguage\":\"bs-BA\",\"@id\":\"https:\/\/sandzakpress.net\/arhiva\/sjecanje-na-heroje-rahmetli-senad-dzino\/#primaryimage\",\"url\":\"https:\/\/sandzakpress.net\/arhiva\/wp-content\/uploads\/2015\/10\/Senad-Dzino.jpg\",\"contentUrl\":\"https:\/\/sandzakpress.net\/arhiva\/wp-content\/uploads\/2015\/10\/Senad-Dzino.jpg\",\"width\":696,\"height\":829},{\"@type\":\"BreadcrumbList\",\"@id\":\"https:\/\/sandzakpress.net\/arhiva\/sjecanje-na-heroje-rahmetli-senad-dzino\/#breadcrumb\",\"itemListElement\":[{\"@type\":\"ListItem\",\"position\":1,\"name\":\"Home\",\"item\":\"https:\/\/sandzakpress.net\/arhiva\/\"},{\"@type\":\"ListItem\",\"position\":2,\"name\":\"Sje\u0107anje na heroje: Rahmetli Senad D\u017eino\"}]},{\"@type\":\"WebSite\",\"@id\":\"https:\/\/sandzakpress.net\/arhiva\/#website\",\"url\":\"https:\/\/sandzakpress.net\/arhiva\/\",\"name\":\"Sand\u017eak PRESS\",\"description\":\"Prve elektronske novine u Sand\u017eaku\",\"publisher\":{\"@id\":\"https:\/\/sandzakpress.net\/arhiva\/#\/schema\/person\/6e72b67d6e51910a1117b3b483ba20bd\"},\"potentialAction\":[{\"@type\":\"SearchAction\",\"target\":{\"@type\":\"EntryPoint\",\"urlTemplate\":\"https:\/\/sandzakpress.net\/arhiva\/?s={search_term_string}\"},\"query-input\":{\"@type\":\"PropertyValueSpecification\",\"valueRequired\":true,\"valueName\":\"search_term_string\"}}],\"inLanguage\":\"bs-BA\"},{\"@type\":[\"Person\",\"Organization\"],\"@id\":\"https:\/\/sandzakpress.net\/arhiva\/#\/schema\/person\/6e72b67d6e51910a1117b3b483ba20bd\",\"name\":\"Kul\",\"image\":{\"@type\":\"ImageObject\",\"inLanguage\":\"bs-BA\",\"@id\":\"https:\/\/sandzakpress.net\/arhiva\/#\/schema\/person\/image\/\",\"url\":\"https:\/\/secure.gravatar.com\/avatar\/42263f39aa27ac04c43cab85c280eb2e?s=96&d=mm&r=pg\",\"contentUrl\":\"https:\/\/secure.gravatar.com\/avatar\/42263f39aa27ac04c43cab85c280eb2e?s=96&d=mm&r=pg\",\"caption\":\"Kul\"},\"logo\":{\"@id\":\"https:\/\/sandzakpress.net\/arhiva\/#\/schema\/person\/image\/\"}},{\"@type\":\"Person\",\"@id\":\"https:\/\/sandzakpress.net\/arhiva\/#\/schema\/person\/c8baee722073534b583ea7bdb2e36c02\",\"name\":\"bosniak\",\"image\":{\"@type\":\"ImageObject\",\"inLanguage\":\"bs-BA\",\"@id\":\"https:\/\/sandzakpress.net\/arhiva\/#\/schema\/person\/image\/\",\"url\":\"https:\/\/secure.gravatar.com\/avatar\/a04fd330bfe3a36a72a0ad4a6d89fca7?s=96&d=mm&r=pg\",\"contentUrl\":\"https:\/\/secure.gravatar.com\/avatar\/a04fd330bfe3a36a72a0ad4a6d89fca7?s=96&d=mm&r=pg\",\"caption\":\"bosniak\"},\"url\":\"https:\/\/sandzakpress.net\/arhiva\/author\/bosniak\/\"}]}<\/script>\n<!-- \/ Yoast SEO Premium plugin. -->","yoast_head_json":{"title":"Sje\u0107anje na heroje: Rahmetli Senad D\u017eino","robots":{"index":"index","follow":"follow","max-snippet":"max-snippet:-1","max-image-preview":"max-image-preview:large","max-video-preview":"max-video-preview:-1"},"canonical":"https:\/\/sandzakpress.net\/arhiva\/sjecanje-na-heroje-rahmetli-senad-dzino\/","og_locale":"bs_BA","og_type":"article","og_title":"Sje\u0107anje na heroje: Rahmetli Senad D\u017eino","og_description":"Kad me detonacije usta\u0161kih granata iznenade na ulicama moga grada, kad kroz sumaglicu, strahom izazvanu, vidim kako ljudi tr\u010de u skloni\u0161ta, kad slu\u0161am zlokobni zvuk zlikova\u010dkih projektila iznad mene i moga grada, u\u010dini mi se da \u010dujem iz daljine njegov smireni glas i kao da ga vidim, obasjana prozirnom nestvarnom svjetlo\u0161\u0107u, uzbu\u0111ena i ustreptala, nekako [&hellip;]","og_url":"https:\/\/sandzakpress.net\/arhiva\/sjecanje-na-heroje-rahmetli-senad-dzino\/","og_site_name":"Sand\u017eak PRESS","article_published_time":"2015-10-08T15:56:59+00:00","og_image":[{"width":696,"height":829,"url":"https:\/\/sandzakpress.net\/arhiva\/wp-content\/uploads\/2015\/10\/Senad-Dzino.jpg","type":"image\/jpeg"}],"author":"bosniak","twitter_card":"summary_large_image","twitter_misc":{"Written by":"bosniak","Est. reading time":"6 minuta"},"schema":{"@context":"https:\/\/schema.org","@graph":[{"@type":"Article","@id":"https:\/\/sandzakpress.net\/arhiva\/sjecanje-na-heroje-rahmetli-senad-dzino\/#article","isPartOf":{"@id":"https:\/\/sandzakpress.net\/arhiva\/sjecanje-na-heroje-rahmetli-senad-dzino\/"},"author":{"name":"bosniak","@id":"https:\/\/sandzakpress.net\/arhiva\/#\/schema\/person\/c8baee722073534b583ea7bdb2e36c02"},"headline":"Sje\u0107anje na heroje: Rahmetli Senad D\u017eino","datePublished":"2015-10-08T15:56:59+00:00","mainEntityOfPage":{"@id":"https:\/\/sandzakpress.net\/arhiva\/sjecanje-na-heroje-rahmetli-senad-dzino\/"},"wordCount":1291,"commentCount":1,"publisher":{"@id":"https:\/\/sandzakpress.net\/arhiva\/#\/schema\/person\/6e72b67d6e51910a1117b3b483ba20bd"},"image":{"@id":"https:\/\/sandzakpress.net\/arhiva\/sjecanje-na-heroje-rahmetli-senad-dzino\/#primaryimage"},"thumbnailUrl":"https:\/\/sandzakpress.net\/arhiva\/wp-content\/uploads\/2015\/10\/Senad-Dzino.jpg","keywords":["Bosna i Hercegovina"],"articleSection":["Bosna PRESS"],"inLanguage":"bs-BA","potentialAction":[{"@type":"CommentAction","name":"Comment","target":["https:\/\/sandzakpress.net\/arhiva\/sjecanje-na-heroje-rahmetli-senad-dzino\/#respond"]}]},{"@type":"WebPage","@id":"https:\/\/sandzakpress.net\/arhiva\/sjecanje-na-heroje-rahmetli-senad-dzino\/","url":"https:\/\/sandzakpress.net\/arhiva\/sjecanje-na-heroje-rahmetli-senad-dzino\/","name":"Sje\u0107anje na heroje: Rahmetli Senad D\u017eino","isPartOf":{"@id":"https:\/\/sandzakpress.net\/arhiva\/#website"},"primaryImageOfPage":{"@id":"https:\/\/sandzakpress.net\/arhiva\/sjecanje-na-heroje-rahmetli-senad-dzino\/#primaryimage"},"image":{"@id":"https:\/\/sandzakpress.net\/arhiva\/sjecanje-na-heroje-rahmetli-senad-dzino\/#primaryimage"},"thumbnailUrl":"https:\/\/sandzakpress.net\/arhiva\/wp-content\/uploads\/2015\/10\/Senad-Dzino.jpg","datePublished":"2015-10-08T15:56:59+00:00","breadcrumb":{"@id":"https:\/\/sandzakpress.net\/arhiva\/sjecanje-na-heroje-rahmetli-senad-dzino\/#breadcrumb"},"inLanguage":"bs-BA","potentialAction":[{"@type":"ReadAction","target":["https:\/\/sandzakpress.net\/arhiva\/sjecanje-na-heroje-rahmetli-senad-dzino\/"]}]},{"@type":"ImageObject","inLanguage":"bs-BA","@id":"https:\/\/sandzakpress.net\/arhiva\/sjecanje-na-heroje-rahmetli-senad-dzino\/#primaryimage","url":"https:\/\/sandzakpress.net\/arhiva\/wp-content\/uploads\/2015\/10\/Senad-Dzino.jpg","contentUrl":"https:\/\/sandzakpress.net\/arhiva\/wp-content\/uploads\/2015\/10\/Senad-Dzino.jpg","width":696,"height":829},{"@type":"BreadcrumbList","@id":"https:\/\/sandzakpress.net\/arhiva\/sjecanje-na-heroje-rahmetli-senad-dzino\/#breadcrumb","itemListElement":[{"@type":"ListItem","position":1,"name":"Home","item":"https:\/\/sandzakpress.net\/arhiva\/"},{"@type":"ListItem","position":2,"name":"Sje\u0107anje na heroje: Rahmetli Senad D\u017eino"}]},{"@type":"WebSite","@id":"https:\/\/sandzakpress.net\/arhiva\/#website","url":"https:\/\/sandzakpress.net\/arhiva\/","name":"Sand\u017eak PRESS","description":"Prve elektronske novine u Sand\u017eaku","publisher":{"@id":"https:\/\/sandzakpress.net\/arhiva\/#\/schema\/person\/6e72b67d6e51910a1117b3b483ba20bd"},"potentialAction":[{"@type":"SearchAction","target":{"@type":"EntryPoint","urlTemplate":"https:\/\/sandzakpress.net\/arhiva\/?s={search_term_string}"},"query-input":{"@type":"PropertyValueSpecification","valueRequired":true,"valueName":"search_term_string"}}],"inLanguage":"bs-BA"},{"@type":["Person","Organization"],"@id":"https:\/\/sandzakpress.net\/arhiva\/#\/schema\/person\/6e72b67d6e51910a1117b3b483ba20bd","name":"Kul","image":{"@type":"ImageObject","inLanguage":"bs-BA","@id":"https:\/\/sandzakpress.net\/arhiva\/#\/schema\/person\/image\/","url":"https:\/\/secure.gravatar.com\/avatar\/42263f39aa27ac04c43cab85c280eb2e?s=96&d=mm&r=pg","contentUrl":"https:\/\/secure.gravatar.com\/avatar\/42263f39aa27ac04c43cab85c280eb2e?s=96&d=mm&r=pg","caption":"Kul"},"logo":{"@id":"https:\/\/sandzakpress.net\/arhiva\/#\/schema\/person\/image\/"}},{"@type":"Person","@id":"https:\/\/sandzakpress.net\/arhiva\/#\/schema\/person\/c8baee722073534b583ea7bdb2e36c02","name":"bosniak","image":{"@type":"ImageObject","inLanguage":"bs-BA","@id":"https:\/\/sandzakpress.net\/arhiva\/#\/schema\/person\/image\/","url":"https:\/\/secure.gravatar.com\/avatar\/a04fd330bfe3a36a72a0ad4a6d89fca7?s=96&d=mm&r=pg","contentUrl":"https:\/\/secure.gravatar.com\/avatar\/a04fd330bfe3a36a72a0ad4a6d89fca7?s=96&d=mm&r=pg","caption":"bosniak"},"url":"https:\/\/sandzakpress.net\/arhiva\/author\/bosniak\/"}]}},"_links":{"self":[{"href":"https:\/\/sandzakpress.net\/arhiva\/wp-json\/wp\/v2\/posts\/140218"}],"collection":[{"href":"https:\/\/sandzakpress.net\/arhiva\/wp-json\/wp\/v2\/posts"}],"about":[{"href":"https:\/\/sandzakpress.net\/arhiva\/wp-json\/wp\/v2\/types\/post"}],"author":[{"embeddable":true,"href":"https:\/\/sandzakpress.net\/arhiva\/wp-json\/wp\/v2\/users\/83"}],"replies":[{"embeddable":true,"href":"https:\/\/sandzakpress.net\/arhiva\/wp-json\/wp\/v2\/comments?post=140218"}],"version-history":[{"count":0,"href":"https:\/\/sandzakpress.net\/arhiva\/wp-json\/wp\/v2\/posts\/140218\/revisions"}],"wp:featuredmedia":[{"embeddable":true,"href":"https:\/\/sandzakpress.net\/arhiva\/wp-json\/wp\/v2\/media\/140219"}],"wp:attachment":[{"href":"https:\/\/sandzakpress.net\/arhiva\/wp-json\/wp\/v2\/media?parent=140218"}],"wp:term":[{"taxonomy":"category","embeddable":true,"href":"https:\/\/sandzakpress.net\/arhiva\/wp-json\/wp\/v2\/categories?post=140218"},{"taxonomy":"post_tag","embeddable":true,"href":"https:\/\/sandzakpress.net\/arhiva\/wp-json\/wp\/v2\/tags?post=140218"}],"curies":[{"name":"wp","href":"https:\/\/api.w.org\/{rel}","templated":true}]}}