{"id":14021,"date":"2011-03-20T06:22:30","date_gmt":"2011-03-20T05:22:30","guid":{"rendered":"https:\/\/sandzakpress.net\/arhiva\/?p=14021"},"modified":"2011-03-20T06:23:34","modified_gmt":"2011-03-20T05:23:34","slug":"sandzacki-izazovi-slobode","status":"publish","type":"post","link":"https:\/\/sandzakpress.net\/arhiva\/sandzacki-izazovi-slobode\/","title":{"rendered":"Sand\u017ea\u010dki izazovi slobode"},"content":{"rendered":"<p><a href=\"https:\/\/sandzakpress.net\/arhiva\/wp-content\/uploads\/2011\/03\/muftija-sandzak-sloboda.jpg\"><img loading=\"lazy\" decoding=\"async\" class=\"aligncenter size-full wp-image-14024\" title=\"muftija - sandzak - sloboda\" src=\"https:\/\/sandzakpress.net\/arhiva\/wp-content\/uploads\/2011\/03\/muftija-sandzak-sloboda.jpg\" alt=\"\" width=\"616\" height=\"287\" \/><\/a><\/p>\n<p><strong>&#8220;sand\u017eak&#8221; &#8211; Razmi\u0161ljaju\u0107i o slobodi kao najve\u0107em ljudskom porivu, nametnule su se, kao premise, neke politi\u010dke teme, odnosno ono \u0161to se uobi\u010dajava zvati politikom a \u0161to je u osnovi ljudskog \u017eivota, temelj njegovih prava i sloboda.<\/strong><\/p>\n<p>Da po\u010dnem s prostim pitanjima. Da li je \u010dovjek slobodno bi\u0107e ako mu se ospori pravo da misli, govori to \u0161to misli, djeluje; pravo da \u017eivi duhom vlastite kulture i u skladu s pravilima njegove vjere? U kojoj mjeri se mo\u017ee govoriti o slobodi \u010dovjeka u uvjetima potpune determiniranosti ili propisanosti o tome ko se i kako mo\u017ee baviti \u010dime i na koji na\u010din? O kakvim je ljudskim i vjerskim slobodama rije\u010d ako se dogma jedne od vjera poku\u0161ava nametnuti kao obrazac ispoljavanja svih vjera na jednom multivjerskom prostoru?<\/p>\n<p>Op\u0107edru\u0161tvenom standardizacijom, po kanonima ve\u0107ine, u\u00a0 vi\u0161evjerskom i vi\u0161enacionalnom dru\u0161tvu, jasno je, prestaje sloboda a po\u010dinje najbrutalnije nasilje. Ovu vrstu brutalnosti, sand\u017ea\u010dki Bo\u0161njaci do\u017eivljavaju kroz \u010ditav posljednji vijek, poku\u0161avaju\u0107i se oduprijeti i izboriti za svoja prava uvijek konstruktivnom i kooperativnom politikom su\u017eivota.<\/p>\n<p>Ogromno kulturno blago, vjekovima sabirano, kao i polumilenijska vjerska tradicija, bili su i ostali argumenti duboke historijske utemeljenosti bo\u0161nja\u010dkog naroda pred permanentnim nasrtajima od strane kom\u0161ijskih naroda. Sve \u0161to se od tog kulturnog blaga moglo preto\u010diti, preimenovati ili usvojiti, a \u0161to nije bilo za\u0161ti\u0107eno nepromjenjivim islamskim pe\u010datom, brutalno je oteto i danas se prezentira kao tu\u0111a ba\u0161tina. Bo\u0161njaci su i na tom planu bili ozbiljna prepreka nacionalnog i kulturnog zaokru\u017eivanja susjeda, pa su, kao svjedoci izvornog vlasni\u0161tva nad ogromnim kulturnim naslje\u0111em koje se \u201ena\u0161lo\u201c kod drugih, bili osu\u0111eni na istrjebljenje. U tom dugotraju\u0107em i svakovrsnom brutalnom obespravljivanju, progonu i \u010destim genocidnim etni\u010dkim \u010distkama, Bo\u0161njaci Sand\u017eaka su se u relacionim broj\u010danim vrijednostima stalno smanjivali, i od ve\u0107ine postajali manjina. Jedini pouzdan oslonac i jedina institucionalna za\u0161tita u tom vijeku golgote bila je Islamska zajednica. Takvu ulogu ona ima i danas, i reklo bi se, sa mnogobrojnimnovimizazovima, zasjenjuje sve ostale politi\u010dke, strukovne i ine intelektualne krugove, i pokazuje da je, kao i uvijek, na nivou zadatka.<\/p>\n<p><a href=\"https:\/\/sandzakpress.net\/arhiva\/wp-content\/uploads\/2011\/03\/59650_451812421696_69393956696_5831754_7584563_n.jpg\"><img loading=\"lazy\" decoding=\"async\" class=\"alignleft size-full wp-image-14022\" title=\"59650_451812421696_69393956696_5831754_7584563_n\" src=\"https:\/\/sandzakpress.net\/arhiva\/wp-content\/uploads\/2011\/03\/59650_451812421696_69393956696_5831754_7584563_n.jpg\" alt=\"\" width=\"267\" height=\"270\" srcset=\"https:\/\/sandzakpress.net\/arhiva\/wp-content\/uploads\/2011\/03\/59650_451812421696_69393956696_5831754_7584563_n.jpg 267w, https:\/\/sandzakpress.net\/arhiva\/wp-content\/uploads\/2011\/03\/59650_451812421696_69393956696_5831754_7584563_n-90x90.jpg 90w, https:\/\/sandzakpress.net\/arhiva\/wp-content\/uploads\/2011\/03\/59650_451812421696_69393956696_5831754_7584563_n-125x125.jpg 125w\" sizes=\"(max-width: 267px) 100vw, 267px\" \/><\/a>Ta ista Islamska zajednica je, kao ba\u0161tinik vi\u0161evjekovne borbe za politi\u010dka, gra\u0111anska i vjerska prava Bo\u0161njaka, iz svojih redova iznjedrila danas nezaobilazno ime, borca za slobodu svoga naroda, pred starim ali i novim izazovima: muftiju Muamer-ef. Zukorli\u0107a.<br \/>\nMalo je ljudi koji su na ovim politi\u010dki kontroliranim prostorima, na tako neuobi\u010dajen, neo\u010dekivan, nestandardan i, kona\u010dno, za vlasti, krajnje neprihvatljiv na\u010din, uzdrmali politi\u010dku, a to zna\u010di naj\u0161iru javnost, bacaju\u0107i sasvim novo svjetlo na ljudsku slobodu i dostojanstvo \u010dovjeka, zajednice i naroda, kao \u0161to je to u proteklih nekoliko godina u\u010dinio sand\u017ea\u010dki muftija, Muamer-ef. Zukorli\u0107.<br \/>\nMuftija je u kratkom vremenu postao primjer kako jedan Bo\u017eiji rob podi\u017ee glavu i na jednostavan na\u010din saop\u0107ava glasom naroda ono \u0161to se moralo izre\u0107i. U ovom glasu, neo\u010dekivano, bez podrazumijevanog straha, na maternjem bosanskom, progovorio je porobljeni \u010dovjek. Onaj sakriveni, mali, veliki \u010dovjek, \u0161to je \u0107utao i trpio \u010ditavo stolje\u0107e i du\u017ee, povratio je odjednom glas poga\u017eenog dostojanstva i jasno progovorio misao koja bi se u najkra\u0107em mogla sa\u017eeti u sljede\u0107oj poruci: \u201c\u010covjek sam, rob Jedinog Boga, Allaha Svemogu\u0107eg, i tako mi Njega, ostajem ovdje, na svojoj zemlji, u svom Sand\u017eaku! I neka znaju silnici \u0161to nas progone, mimo Njega Svemogu\u0107eg, nema te sile koja \u0107e me vi\u0161e pomjeriti!\u201d\u00a0 Ovaj prkos izre\u010den glasno i bez straha, iznenadio je i za\u010dudio i \u201emale\u201c i \u201evelike\u201c, obes-pravljene i silnike, diskriminirane i diskriminatore. \u201eMali\u201c su odjednom postali veliki, a \u201eveliki\u201c su osjetili nemo\u0107.<\/p>\n<p>Glasom naroda, Zukorli\u0107 je pravo na slobodu prizvao u Zakonu, i to svjetovnom, koji je rezultanta politi\u010dkog konsenzusa kao demokratskog standarda. Prema istom tom Zakonu, du\u017enost je svakog gra\u0111anina da se poziva na Zakon i u pravima i u obavezama, ali i na rezultate njegove istovjetne primjene na sve one koji su u zastupni\u010dkom sistemu vlasti ugradili dio sopstvenog gra\u0111anskog suvereniteta. Svaka neistovjetnost primjene Zakona, obavezuje na gra\u0111ansku reakciju, a vjerskog poglavara \u2013 Muftiju, jo\u0161 i vi\u0161e.<\/p>\n<p>Ali problem nije nastao u njegovoj reakciji. \u010cak ga ne bi bilo ni u tome \u0161to u momentu reakcije Muftija Zukorli\u0107 nosi ahmediju. Problem je nastao kada se vidjelo da Muftijine reakcije nedvosmisleno dokazuju selektivnu primjenu Zakona, \u0161to drugim rije\u010dima zna\u010di kr\u0161enje Zakona s jasnim elementima diskriminacije, i to od strane onih koji su prema osnovnom demokratskom modelu dr\u017eavnog ure\u0111enja zadu\u017eeni da ga neselektivno primjenjuju. Da se desilo, kako je po ve\u0107 ustaljenoj praksi bilo za o\u010dekivati, da reakcije fingiraju aktivnost a ne otkrivaju pozadinu nezakonite primjene Zakona, reakcija ne bi \u201edobila\u201c karakter politi\u010dkog djelovanja. Ovog puta je reakcija bila su\u0161tinska, takva da razgoli\u0107uje pozadinu i namjeru, ukazuje na uzroke i posljedice i, kao takva, otkriva namjere i ciljeve kako politi\u010dke elite tako i organa dr\u017eavne vlasti. Zbog toga je i ahmedija postala problem. Zbog toga je rekacija \u201epostala\u201c politika a Muftija politi\u010dar, prozvan da skine ahmediju.<\/p>\n<p><a href=\"https:\/\/sandzakpress.net\/arhiva\/wp-content\/uploads\/2011\/03\/muftija.jpg\"><img loading=\"lazy\" decoding=\"async\" class=\"alignright size-full wp-image-14023\" title=\"muftija\" src=\"https:\/\/sandzakpress.net\/arhiva\/wp-content\/uploads\/2011\/03\/muftija.jpg\" alt=\"\" width=\"316\" height=\"514\" \/><\/a>U svom\u00a0 \u201enestandardnom\u201c hodu, Muftija Zukorli\u0107 uspijeva uhvatiti jedan korak ispred, osvajaju\u0107i slobodu izgradnjom \u010dvrstih nacionalnih i vjerskih institucija. Ali, istovremeno na tom putu osvajanja slobode, poput \u0160\u0107epanovi\u0107evog junaka iz romana Usta puna zemlje pridobija sve vi\u0161e hajka\u010da koji, po uli\u010dnoj inerciji, nenaviknuti na slobodu, tr\u010de vi\u010du\u0107i za njim. Me\u0111u hajka\u010dima, posebno su postali vidljivi pojedini politi\u010dari kojima je Muftijina \u201edijag-nostika\u201c otkrila trgova\u010dko lice i nali\u010dje nacionalnim interesima. No vlast se pobrinula da u hajka\u010de ugura i paralelnu vjersku organizaciju, ali i tzv. nevladine organizacije, kako bi se stekao utisak \u0161ireg instituconalnog i gra\u0111anskog otpora prema Muftijinom djelovanju.<\/p>\n<p>Muftija Muamer Zukorli\u0107 je tako postao tema broj jedan na sand\u017ea\u010dkom, ali i \u0161irem balkanskom prostoru. Za ili protiv muftije Zukorli\u0107a \u2013 postalo je svojevrsno raskr\u0161\u0107e puteva. U Sand\u017eaku je njegova pojava postala najvi\u0161e problemati\u010dna za one politi\u010dke projekte kojima se Sand\u017eak nastoji tihim rastakanjem u\u010diniti besperspektivnim i raseliti. On je takvima objavio politi\u010dki rat prizivanjem na zakone Dr\u017eave i doveo ih u \u0107orsokak iz kojeg izlaz vodi samo u novim kr\u0161enjima Zakona. U takvim projektima na\u0161li su se i neki Bo\u0161njaci, koji kroz slugansku rolu \u201epoku\u0161avaju\u201c nadmudriti svoje gospodare, prihva\u0107aju\u0107i igru nezakonja i duplih standarda kao podrazumijevano pravilo pona\u0161anja. U takvoj igri, jasno je, po matemati\u010dkim zakonima velikih brojeva, mali nemaju nikakve \u0161anse, pa se politika tihog nadmudrivanja sluge i gospodara, u su\u0161tini svela samo na lagahnu zabavu gospodara.<\/p>\n<p>Vlast je vremenom shvatila da gubi bitku u sudaru s razgoli\u0107enom istinom o skrivenim namjerama politi\u010dkih i dr\u017eavnih elita, pa se ubrzano po\u010dela pokrivati medijskom halabukom, pripomognuta reakcijama nekih \u201eumjerenih\u201c politi\u010dara, ali i \u201enezavisnih\u201c medijskih poslenika. Zukorli\u0107 se tako na\u0161ao na ni\u0161anu \u010dak i onih koji su se koliko do ju\u010der borili za ono \u0161ta danas Muftija ve\u0107 ostvaruje, ali im je sopstveni program nekako postao stran i neprijateljski, kada se pokazalo da postoje ljudi koji su spremni osloboditi utamni\u010dene ideje i preto\u010diti ih u djela.<br \/>\nSloboda i na ovom na\u0161em sand\u017ea\u010dkom primjeru dokazuje staro pravilo da je ima toliko koliko se nje i osvoji. Kroz povijest se, ipak, potvrdilo iskustvo da se sloboda najprije i najbolje osvaja pravdom, pravi\u010dno\u0161\u0107u i plemenitim srcem, a manje i najte\u017ee ma\u010dem. Zato je prva i najte\u017ea borba borba sa samim sobom, svojim navikama, borba protiv neznanja, zavisti, naraslog ega&#8230;<\/p>\n<p>U kona\u010dnom, ovu pri\u010du o slobodi mo\u017eemo povezati s duhovnim stanjem jednog naroda, pa je u tom smislu najadekvatnije podsjetiti se na Bo\u017eiju poruku koja nas upu\u0107uje na to da jedan narod ne\u0107e do\u017eivjeti napredak (oslobo\u0111enje) dok sam sebe ne promijeni (ujedini).<\/p>\n<p>Prevazila\u017eenjem podjela unutar sand\u017ea\u010dkog naroda, kona\u010dno \u0107e se staviti na znanje stratezima nemira i permanentnog haosa da \u0107e Sand\u017eak opstati kao stub balkanske stabilnosti i da se \u201einvesticije\u201c koje, u kona\u010dnom imaju cilj raseljavanje bo\u0161nja\u010dkog stanovni\u0161tva, na ovim prostorima nikada vi\u0161e ne\u0107e isplatiti. Na ovom prvorazrednom egzistencijalnom, a to zna\u010di i politi\u010dkom pitanju, svako ima svoje mjesto, i oni kojima je politika profesija ali i oni kojima je oru\u0111e da se sa\u010duva stado od ostrvljenih vukova. I pred jednima i pred drugima, na pitanju pomirenja posva\u0111anog i podijeljenog naroda, ogromna je historijska odgovornost. Pred prvima, u imperativu modernog evropskog polit\u010dkog trenda, a pred drugima, i jo\u0161 dodatno, u osnovama obavezuju\u0107e primjene same Bo\u017eije poruke da se pravi put tra\u017ei u miru i jedinstvu vjernika.<\/p>\n<p>Za o\u010dekivati je iz svih tih razloga da \u0107e muftija Zukorli\u0107, kao lider politi\u010dke, kulturne i vjerske\u00a0 borbe za slobodu sand\u017ea\u010dkih Bo\u0161njaka, uspjeti uhvatiti korak sa vremenom i polo\u017eiti ispit na pitanju svih pitanja: pomirenju naroda i njegovom kona\u010dnom usidrenju u mirnu sand\u017ea\u010dku luku.<\/p>\n<p>Autor: <strong>mr. Hazbija Kala\u010d<\/strong><\/p>\n","protected":false},"excerpt":{"rendered":"<p>&#8220;sand\u017eak&#8221; &#8211; Razmi\u0161ljaju\u0107i o slobodi kao najve\u0107em ljudskom porivu, nametnule su se, kao premise, neke politi\u010dke teme, odnosno ono \u0161to se uobi\u010dajava zvati politikom a \u0161to je u osnovi ljudskog \u017eivota, temelj njegovih prava i sloboda. Da po\u010dnem s prostim pitanjima. Da li je \u010dovjek slobodno bi\u0107e ako mu se ospori pravo da misli, govori [&hellip;]<\/p>\n","protected":false},"author":83,"featured_media":14024,"comment_status":"open","ping_status":"open","sticky":false,"template":"","format":"standard","meta":{"footnotes":""},"categories":[398,397,396,395,399],"tags":[],"class_list":{"0":"post-14021","1":"post","2":"type-post","3":"status-publish","4":"format-standard","5":"has-post-thumbnail","7":"category-rozaje","8":"category-berane","9":"category-bijelo_polje","10":"category-pljevlja_","11":"category-plav_"},"yoast_head":"<!-- This site is optimized with the Yoast SEO Premium plugin v23.1 (Yoast SEO v24.9) - https:\/\/yoast.com\/wordpress\/plugins\/seo\/ -->\n<title>Sand\u017ea\u010dki izazovi slobode<\/title>\n<meta name=\"robots\" content=\"index, follow, max-snippet:-1, max-image-preview:large, max-video-preview:-1\" \/>\n<link rel=\"canonical\" href=\"https:\/\/sandzakpress.net\/arhiva\/sandzacki-izazovi-slobode\/\" \/>\n<meta property=\"og:locale\" content=\"bs_BA\" \/>\n<meta property=\"og:type\" content=\"article\" \/>\n<meta property=\"og:title\" content=\"Sand\u017ea\u010dki izazovi slobode\" \/>\n<meta property=\"og:description\" content=\"&#8220;sand\u017eak&#8221; &#8211; Razmi\u0161ljaju\u0107i o slobodi kao najve\u0107em ljudskom porivu, nametnule su se, kao premise, neke politi\u010dke teme, odnosno ono \u0161to se uobi\u010dajava zvati politikom a \u0161to je u osnovi ljudskog \u017eivota, temelj njegovih prava i sloboda. Da po\u010dnem s prostim pitanjima. Da li je \u010dovjek slobodno bi\u0107e ako mu se ospori pravo da misli, govori [&hellip;]\" \/>\n<meta property=\"og:url\" content=\"https:\/\/sandzakpress.net\/arhiva\/sandzacki-izazovi-slobode\/\" \/>\n<meta property=\"og:site_name\" content=\"Sand\u017eak PRESS\" \/>\n<meta property=\"article:published_time\" content=\"2011-03-20T05:22:30+00:00\" \/>\n<meta property=\"article:modified_time\" content=\"2011-03-20T05:23:34+00:00\" \/>\n<meta property=\"og:image\" content=\"https:\/\/sandzakpress.net\/arhiva\/wp-content\/uploads\/2011\/03\/muftija-sandzak-sloboda.jpg\" \/>\n\t<meta property=\"og:image:width\" content=\"616\" \/>\n\t<meta property=\"og:image:height\" content=\"287\" \/>\n\t<meta property=\"og:image:type\" content=\"image\/jpeg\" \/>\n<meta name=\"author\" content=\"bosniak\" \/>\n<meta name=\"twitter:card\" content=\"summary_large_image\" \/>\n<meta name=\"twitter:label1\" content=\"Written by\" \/>\n\t<meta name=\"twitter:data1\" content=\"bosniak\" \/>\n\t<meta name=\"twitter:label2\" content=\"Est. reading time\" \/>\n\t<meta name=\"twitter:data2\" content=\"8 minuta\" \/>\n<script type=\"application\/ld+json\" class=\"yoast-schema-graph\">{\"@context\":\"https:\/\/schema.org\",\"@graph\":[{\"@type\":\"Article\",\"@id\":\"https:\/\/sandzakpress.net\/arhiva\/sandzacki-izazovi-slobode\/#article\",\"isPartOf\":{\"@id\":\"https:\/\/sandzakpress.net\/arhiva\/sandzacki-izazovi-slobode\/\"},\"author\":{\"name\":\"bosniak\",\"@id\":\"https:\/\/sandzakpress.net\/arhiva\/#\/schema\/person\/c8baee722073534b583ea7bdb2e36c02\"},\"headline\":\"Sand\u017ea\u010dki izazovi slobode\",\"datePublished\":\"2011-03-20T05:22:30+00:00\",\"dateModified\":\"2011-03-20T05:23:34+00:00\",\"mainEntityOfPage\":{\"@id\":\"https:\/\/sandzakpress.net\/arhiva\/sandzacki-izazovi-slobode\/\"},\"wordCount\":1575,\"commentCount\":12,\"publisher\":{\"@id\":\"https:\/\/sandzakpress.net\/arhiva\/#\/schema\/person\/6e72b67d6e51910a1117b3b483ba20bd\"},\"image\":{\"@id\":\"https:\/\/sandzakpress.net\/arhiva\/sandzacki-izazovi-slobode\/#primaryimage\"},\"thumbnailUrl\":\"https:\/\/sandzakpress.net\/arhiva\/wp-content\/uploads\/2011\/03\/muftija-sandzak-sloboda.jpg\",\"articleSection\":[\"Ro\u017eaje\",\"Berane\",\"Bijelo Polje\",\"Pljevlja\",\"Plav\"],\"inLanguage\":\"bs-BA\",\"potentialAction\":[{\"@type\":\"CommentAction\",\"name\":\"Comment\",\"target\":[\"https:\/\/sandzakpress.net\/arhiva\/sandzacki-izazovi-slobode\/#respond\"]}]},{\"@type\":\"WebPage\",\"@id\":\"https:\/\/sandzakpress.net\/arhiva\/sandzacki-izazovi-slobode\/\",\"url\":\"https:\/\/sandzakpress.net\/arhiva\/sandzacki-izazovi-slobode\/\",\"name\":\"Sand\u017ea\u010dki izazovi slobode\",\"isPartOf\":{\"@id\":\"https:\/\/sandzakpress.net\/arhiva\/#website\"},\"primaryImageOfPage\":{\"@id\":\"https:\/\/sandzakpress.net\/arhiva\/sandzacki-izazovi-slobode\/#primaryimage\"},\"image\":{\"@id\":\"https:\/\/sandzakpress.net\/arhiva\/sandzacki-izazovi-slobode\/#primaryimage\"},\"thumbnailUrl\":\"https:\/\/sandzakpress.net\/arhiva\/wp-content\/uploads\/2011\/03\/muftija-sandzak-sloboda.jpg\",\"datePublished\":\"2011-03-20T05:22:30+00:00\",\"dateModified\":\"2011-03-20T05:23:34+00:00\",\"breadcrumb\":{\"@id\":\"https:\/\/sandzakpress.net\/arhiva\/sandzacki-izazovi-slobode\/#breadcrumb\"},\"inLanguage\":\"bs-BA\",\"potentialAction\":[{\"@type\":\"ReadAction\",\"target\":[\"https:\/\/sandzakpress.net\/arhiva\/sandzacki-izazovi-slobode\/\"]}]},{\"@type\":\"ImageObject\",\"inLanguage\":\"bs-BA\",\"@id\":\"https:\/\/sandzakpress.net\/arhiva\/sandzacki-izazovi-slobode\/#primaryimage\",\"url\":\"https:\/\/sandzakpress.net\/arhiva\/wp-content\/uploads\/2011\/03\/muftija-sandzak-sloboda.jpg\",\"contentUrl\":\"https:\/\/sandzakpress.net\/arhiva\/wp-content\/uploads\/2011\/03\/muftija-sandzak-sloboda.jpg\",\"width\":616,\"height\":287},{\"@type\":\"BreadcrumbList\",\"@id\":\"https:\/\/sandzakpress.net\/arhiva\/sandzacki-izazovi-slobode\/#breadcrumb\",\"itemListElement\":[{\"@type\":\"ListItem\",\"position\":1,\"name\":\"Home\",\"item\":\"https:\/\/sandzakpress.net\/arhiva\/\"},{\"@type\":\"ListItem\",\"position\":2,\"name\":\"Sand\u017ea\u010dki izazovi slobode\"}]},{\"@type\":\"WebSite\",\"@id\":\"https:\/\/sandzakpress.net\/arhiva\/#website\",\"url\":\"https:\/\/sandzakpress.net\/arhiva\/\",\"name\":\"Sand\u017eak PRESS\",\"description\":\"Prve elektronske novine u Sand\u017eaku\",\"publisher\":{\"@id\":\"https:\/\/sandzakpress.net\/arhiva\/#\/schema\/person\/6e72b67d6e51910a1117b3b483ba20bd\"},\"potentialAction\":[{\"@type\":\"SearchAction\",\"target\":{\"@type\":\"EntryPoint\",\"urlTemplate\":\"https:\/\/sandzakpress.net\/arhiva\/?s={search_term_string}\"},\"query-input\":{\"@type\":\"PropertyValueSpecification\",\"valueRequired\":true,\"valueName\":\"search_term_string\"}}],\"inLanguage\":\"bs-BA\"},{\"@type\":[\"Person\",\"Organization\"],\"@id\":\"https:\/\/sandzakpress.net\/arhiva\/#\/schema\/person\/6e72b67d6e51910a1117b3b483ba20bd\",\"name\":\"Kul\",\"image\":{\"@type\":\"ImageObject\",\"inLanguage\":\"bs-BA\",\"@id\":\"https:\/\/sandzakpress.net\/arhiva\/#\/schema\/person\/image\/\",\"url\":\"https:\/\/secure.gravatar.com\/avatar\/42263f39aa27ac04c43cab85c280eb2e?s=96&d=mm&r=pg\",\"contentUrl\":\"https:\/\/secure.gravatar.com\/avatar\/42263f39aa27ac04c43cab85c280eb2e?s=96&d=mm&r=pg\",\"caption\":\"Kul\"},\"logo\":{\"@id\":\"https:\/\/sandzakpress.net\/arhiva\/#\/schema\/person\/image\/\"}},{\"@type\":\"Person\",\"@id\":\"https:\/\/sandzakpress.net\/arhiva\/#\/schema\/person\/c8baee722073534b583ea7bdb2e36c02\",\"name\":\"bosniak\",\"image\":{\"@type\":\"ImageObject\",\"inLanguage\":\"bs-BA\",\"@id\":\"https:\/\/sandzakpress.net\/arhiva\/#\/schema\/person\/image\/\",\"url\":\"https:\/\/secure.gravatar.com\/avatar\/a04fd330bfe3a36a72a0ad4a6d89fca7?s=96&d=mm&r=pg\",\"contentUrl\":\"https:\/\/secure.gravatar.com\/avatar\/a04fd330bfe3a36a72a0ad4a6d89fca7?s=96&d=mm&r=pg\",\"caption\":\"bosniak\"},\"url\":\"https:\/\/sandzakpress.net\/arhiva\/author\/bosniak\/\"}]}<\/script>\n<!-- \/ Yoast SEO Premium plugin. -->","yoast_head_json":{"title":"Sand\u017ea\u010dki izazovi slobode","robots":{"index":"index","follow":"follow","max-snippet":"max-snippet:-1","max-image-preview":"max-image-preview:large","max-video-preview":"max-video-preview:-1"},"canonical":"https:\/\/sandzakpress.net\/arhiva\/sandzacki-izazovi-slobode\/","og_locale":"bs_BA","og_type":"article","og_title":"Sand\u017ea\u010dki izazovi slobode","og_description":"&#8220;sand\u017eak&#8221; &#8211; Razmi\u0161ljaju\u0107i o slobodi kao najve\u0107em ljudskom porivu, nametnule su se, kao premise, neke politi\u010dke teme, odnosno ono \u0161to se uobi\u010dajava zvati politikom a \u0161to je u osnovi ljudskog \u017eivota, temelj njegovih prava i sloboda. Da po\u010dnem s prostim pitanjima. Da li je \u010dovjek slobodno bi\u0107e ako mu se ospori pravo da misli, govori [&hellip;]","og_url":"https:\/\/sandzakpress.net\/arhiva\/sandzacki-izazovi-slobode\/","og_site_name":"Sand\u017eak PRESS","article_published_time":"2011-03-20T05:22:30+00:00","article_modified_time":"2011-03-20T05:23:34+00:00","og_image":[{"width":616,"height":287,"url":"https:\/\/sandzakpress.net\/arhiva\/wp-content\/uploads\/2011\/03\/muftija-sandzak-sloboda.jpg","type":"image\/jpeg"}],"author":"bosniak","twitter_card":"summary_large_image","twitter_misc":{"Written by":"bosniak","Est. reading time":"8 minuta"},"schema":{"@context":"https:\/\/schema.org","@graph":[{"@type":"Article","@id":"https:\/\/sandzakpress.net\/arhiva\/sandzacki-izazovi-slobode\/#article","isPartOf":{"@id":"https:\/\/sandzakpress.net\/arhiva\/sandzacki-izazovi-slobode\/"},"author":{"name":"bosniak","@id":"https:\/\/sandzakpress.net\/arhiva\/#\/schema\/person\/c8baee722073534b583ea7bdb2e36c02"},"headline":"Sand\u017ea\u010dki izazovi slobode","datePublished":"2011-03-20T05:22:30+00:00","dateModified":"2011-03-20T05:23:34+00:00","mainEntityOfPage":{"@id":"https:\/\/sandzakpress.net\/arhiva\/sandzacki-izazovi-slobode\/"},"wordCount":1575,"commentCount":12,"publisher":{"@id":"https:\/\/sandzakpress.net\/arhiva\/#\/schema\/person\/6e72b67d6e51910a1117b3b483ba20bd"},"image":{"@id":"https:\/\/sandzakpress.net\/arhiva\/sandzacki-izazovi-slobode\/#primaryimage"},"thumbnailUrl":"https:\/\/sandzakpress.net\/arhiva\/wp-content\/uploads\/2011\/03\/muftija-sandzak-sloboda.jpg","articleSection":["Ro\u017eaje","Berane","Bijelo Polje","Pljevlja","Plav"],"inLanguage":"bs-BA","potentialAction":[{"@type":"CommentAction","name":"Comment","target":["https:\/\/sandzakpress.net\/arhiva\/sandzacki-izazovi-slobode\/#respond"]}]},{"@type":"WebPage","@id":"https:\/\/sandzakpress.net\/arhiva\/sandzacki-izazovi-slobode\/","url":"https:\/\/sandzakpress.net\/arhiva\/sandzacki-izazovi-slobode\/","name":"Sand\u017ea\u010dki izazovi slobode","isPartOf":{"@id":"https:\/\/sandzakpress.net\/arhiva\/#website"},"primaryImageOfPage":{"@id":"https:\/\/sandzakpress.net\/arhiva\/sandzacki-izazovi-slobode\/#primaryimage"},"image":{"@id":"https:\/\/sandzakpress.net\/arhiva\/sandzacki-izazovi-slobode\/#primaryimage"},"thumbnailUrl":"https:\/\/sandzakpress.net\/arhiva\/wp-content\/uploads\/2011\/03\/muftija-sandzak-sloboda.jpg","datePublished":"2011-03-20T05:22:30+00:00","dateModified":"2011-03-20T05:23:34+00:00","breadcrumb":{"@id":"https:\/\/sandzakpress.net\/arhiva\/sandzacki-izazovi-slobode\/#breadcrumb"},"inLanguage":"bs-BA","potentialAction":[{"@type":"ReadAction","target":["https:\/\/sandzakpress.net\/arhiva\/sandzacki-izazovi-slobode\/"]}]},{"@type":"ImageObject","inLanguage":"bs-BA","@id":"https:\/\/sandzakpress.net\/arhiva\/sandzacki-izazovi-slobode\/#primaryimage","url":"https:\/\/sandzakpress.net\/arhiva\/wp-content\/uploads\/2011\/03\/muftija-sandzak-sloboda.jpg","contentUrl":"https:\/\/sandzakpress.net\/arhiva\/wp-content\/uploads\/2011\/03\/muftija-sandzak-sloboda.jpg","width":616,"height":287},{"@type":"BreadcrumbList","@id":"https:\/\/sandzakpress.net\/arhiva\/sandzacki-izazovi-slobode\/#breadcrumb","itemListElement":[{"@type":"ListItem","position":1,"name":"Home","item":"https:\/\/sandzakpress.net\/arhiva\/"},{"@type":"ListItem","position":2,"name":"Sand\u017ea\u010dki izazovi slobode"}]},{"@type":"WebSite","@id":"https:\/\/sandzakpress.net\/arhiva\/#website","url":"https:\/\/sandzakpress.net\/arhiva\/","name":"Sand\u017eak PRESS","description":"Prve elektronske novine u Sand\u017eaku","publisher":{"@id":"https:\/\/sandzakpress.net\/arhiva\/#\/schema\/person\/6e72b67d6e51910a1117b3b483ba20bd"},"potentialAction":[{"@type":"SearchAction","target":{"@type":"EntryPoint","urlTemplate":"https:\/\/sandzakpress.net\/arhiva\/?s={search_term_string}"},"query-input":{"@type":"PropertyValueSpecification","valueRequired":true,"valueName":"search_term_string"}}],"inLanguage":"bs-BA"},{"@type":["Person","Organization"],"@id":"https:\/\/sandzakpress.net\/arhiva\/#\/schema\/person\/6e72b67d6e51910a1117b3b483ba20bd","name":"Kul","image":{"@type":"ImageObject","inLanguage":"bs-BA","@id":"https:\/\/sandzakpress.net\/arhiva\/#\/schema\/person\/image\/","url":"https:\/\/secure.gravatar.com\/avatar\/42263f39aa27ac04c43cab85c280eb2e?s=96&d=mm&r=pg","contentUrl":"https:\/\/secure.gravatar.com\/avatar\/42263f39aa27ac04c43cab85c280eb2e?s=96&d=mm&r=pg","caption":"Kul"},"logo":{"@id":"https:\/\/sandzakpress.net\/arhiva\/#\/schema\/person\/image\/"}},{"@type":"Person","@id":"https:\/\/sandzakpress.net\/arhiva\/#\/schema\/person\/c8baee722073534b583ea7bdb2e36c02","name":"bosniak","image":{"@type":"ImageObject","inLanguage":"bs-BA","@id":"https:\/\/sandzakpress.net\/arhiva\/#\/schema\/person\/image\/","url":"https:\/\/secure.gravatar.com\/avatar\/a04fd330bfe3a36a72a0ad4a6d89fca7?s=96&d=mm&r=pg","contentUrl":"https:\/\/secure.gravatar.com\/avatar\/a04fd330bfe3a36a72a0ad4a6d89fca7?s=96&d=mm&r=pg","caption":"bosniak"},"url":"https:\/\/sandzakpress.net\/arhiva\/author\/bosniak\/"}]}},"_links":{"self":[{"href":"https:\/\/sandzakpress.net\/arhiva\/wp-json\/wp\/v2\/posts\/14021"}],"collection":[{"href":"https:\/\/sandzakpress.net\/arhiva\/wp-json\/wp\/v2\/posts"}],"about":[{"href":"https:\/\/sandzakpress.net\/arhiva\/wp-json\/wp\/v2\/types\/post"}],"author":[{"embeddable":true,"href":"https:\/\/sandzakpress.net\/arhiva\/wp-json\/wp\/v2\/users\/83"}],"replies":[{"embeddable":true,"href":"https:\/\/sandzakpress.net\/arhiva\/wp-json\/wp\/v2\/comments?post=14021"}],"version-history":[{"count":0,"href":"https:\/\/sandzakpress.net\/arhiva\/wp-json\/wp\/v2\/posts\/14021\/revisions"}],"wp:featuredmedia":[{"embeddable":true,"href":"https:\/\/sandzakpress.net\/arhiva\/wp-json\/wp\/v2\/media\/14024"}],"wp:attachment":[{"href":"https:\/\/sandzakpress.net\/arhiva\/wp-json\/wp\/v2\/media?parent=14021"}],"wp:term":[{"taxonomy":"category","embeddable":true,"href":"https:\/\/sandzakpress.net\/arhiva\/wp-json\/wp\/v2\/categories?post=14021"},{"taxonomy":"post_tag","embeddable":true,"href":"https:\/\/sandzakpress.net\/arhiva\/wp-json\/wp\/v2\/tags?post=14021"}],"curies":[{"name":"wp","href":"https:\/\/api.w.org\/{rel}","templated":true}]}}