{"id":140188,"date":"2015-10-08T12:02:07","date_gmt":"2015-10-08T10:02:07","guid":{"rendered":"https:\/\/sandzakpress.net\/arhiva\/zasto-se-isus-u-islamu-ne-smatra-bozijim-sinom"},"modified":"2015-10-08T12:02:07","modified_gmt":"2015-10-08T10:02:07","slug":"zasto-se-isus-u-islamu-ne-smatra-bozijim-sinom","status":"publish","type":"post","link":"https:\/\/sandzakpress.net\/arhiva\/zasto-se-isus-u-islamu-ne-smatra-bozijim-sinom\/","title":{"rendered":"Za\u0161to se Isus u islamu ne smatra bo\u017eijim sinom?"},"content":{"rendered":"<p><img decoding=\"async\" class=\"aligncenter\" src=\"http:\/\/www.theglobepress.com\/wp-content\/uploads\/2012\/12\/Dr-Zakir-Naik-Peace-Conference-2012.jpg\" alt=\"\" \/><\/p>\n<p>Pogledajte vijest na izvornom sajtu:<\/p>\n<p><a href=\"http:\/\/islampress.net\/dijeli\/zasto-se-isus-u-islamu-ne-smatra-bozijim-sinom\" target=\"_blank\">Za\u0161to se Isus u islamu ne smatra bo\u017eijim sinom?<\/a><\/p>\n","protected":false},"excerpt":{"rendered":"<p>Pogledajte vijest na izvornom sajtu: Za\u0161to se Isus u islamu ne smatra bo\u017eijim sinom?<\/p>\n","protected":false},"author":83,"featured_media":140190,"comment_status":"open","ping_status":"open","sticky":false,"template":"","format":"standard","meta":{"footnotes":""},"categories":[10514],"tags":[10516],"class_list":{"0":"post-140188","1":"post","2":"type-post","3":"status-publish","4":"format-standard","5":"has-post-thumbnail","7":"category-islam-press","8":"tag-islam"},"yoast_head":"<!-- This site is optimized with the Yoast SEO Premium plugin v23.1 (Yoast SEO v24.9) - https:\/\/yoast.com\/wordpress\/plugins\/seo\/ -->\n<title>Za\u0161to se Isus u islamu ne smatra bo\u017eijim sinom?<\/title>\n<meta name=\"robots\" content=\"index, follow, max-snippet:-1, max-image-preview:large, max-video-preview:-1\" \/>\n<link rel=\"canonical\" href=\"https:\/\/sandzakpress.net\/arhiva\/zasto-se-isus-u-islamu-ne-smatra-bozijim-sinom\/\" \/>\n<meta property=\"og:locale\" content=\"bs_BA\" \/>\n<meta property=\"og:type\" content=\"article\" \/>\n<meta property=\"og:title\" content=\"Za\u0161to se Isus u islamu ne smatra bo\u017eijim sinom?\" \/>\n<meta property=\"og:description\" content=\"Pogledajte vijest na izvornom sajtu: Za\u0161to se Isus u islamu ne smatra bo\u017eijim sinom?\" \/>\n<meta property=\"og:url\" content=\"https:\/\/sandzakpress.net\/arhiva\/zasto-se-isus-u-islamu-ne-smatra-bozijim-sinom\/\" \/>\n<meta property=\"og:site_name\" content=\"Sand\u017eak PRESS\" \/>\n<meta property=\"article:published_time\" content=\"2015-10-08T10:02:07+00:00\" \/>\n<meta property=\"og:image\" content=\"https:\/\/sandzakpress.net\/arhiva\/wp-content\/uploads\/2015\/10\/Dr-Zakir-Naik-Peace-Conference-20121.jpg\" \/>\n\t<meta property=\"og:image:width\" content=\"490\" \/>\n\t<meta property=\"og:image:height\" content=\"280\" \/>\n\t<meta property=\"og:image:type\" content=\"image\/jpeg\" \/>\n<meta name=\"author\" content=\"bosniak\" \/>\n<meta name=\"twitter:card\" content=\"summary_large_image\" \/>\n<meta name=\"twitter:label1\" content=\"Written by\" \/>\n\t<meta name=\"twitter:data1\" content=\"bosniak\" \/>\n<script type=\"application\/ld+json\" class=\"yoast-schema-graph\">{\"@context\":\"https:\/\/schema.org\",\"@graph\":[{\"@type\":\"Article\",\"@id\":\"https:\/\/sandzakpress.net\/arhiva\/zasto-se-isus-u-islamu-ne-smatra-bozijim-sinom\/#article\",\"isPartOf\":{\"@id\":\"https:\/\/sandzakpress.net\/arhiva\/zasto-se-isus-u-islamu-ne-smatra-bozijim-sinom\/\"},\"author\":{\"name\":\"bosniak\",\"@id\":\"https:\/\/sandzakpress.net\/arhiva\/#\/schema\/person\/c8baee722073534b583ea7bdb2e36c02\"},\"headline\":\"Za\u0161to se Isus u islamu ne smatra bo\u017eijim sinom?\",\"datePublished\":\"2015-10-08T10:02:07+00:00\",\"mainEntityOfPage\":{\"@id\":\"https:\/\/sandzakpress.net\/arhiva\/zasto-se-isus-u-islamu-ne-smatra-bozijim-sinom\/\"},\"wordCount\":27,\"commentCount\":0,\"publisher\":{\"@id\":\"https:\/\/sandzakpress.net\/arhiva\/#\/schema\/person\/6e72b67d6e51910a1117b3b483ba20bd\"},\"image\":{\"@id\":\"https:\/\/sandzakpress.net\/arhiva\/zasto-se-isus-u-islamu-ne-smatra-bozijim-sinom\/#primaryimage\"},\"thumbnailUrl\":\"https:\/\/sandzakpress.net\/arhiva\/wp-content\/uploads\/2015\/10\/Dr-Zakir-Naik-Peace-Conference-20121.jpg\",\"keywords\":[\"Islam\"],\"articleSection\":[\"Islam PRESS\"],\"inLanguage\":\"bs-BA\",\"potentialAction\":[{\"@type\":\"CommentAction\",\"name\":\"Comment\",\"target\":[\"https:\/\/sandzakpress.net\/arhiva\/zasto-se-isus-u-islamu-ne-smatra-bozijim-sinom\/#respond\"]}]},{\"@type\":\"WebPage\",\"@id\":\"https:\/\/sandzakpress.net\/arhiva\/zasto-se-isus-u-islamu-ne-smatra-bozijim-sinom\/\",\"url\":\"https:\/\/sandzakpress.net\/arhiva\/zasto-se-isus-u-islamu-ne-smatra-bozijim-sinom\/\",\"name\":\"Za\u0161to se Isus u islamu ne smatra bo\u017eijim sinom?\",\"isPartOf\":{\"@id\":\"https:\/\/sandzakpress.net\/arhiva\/#website\"},\"primaryImageOfPage\":{\"@id\":\"https:\/\/sandzakpress.net\/arhiva\/zasto-se-isus-u-islamu-ne-smatra-bozijim-sinom\/#primaryimage\"},\"image\":{\"@id\":\"https:\/\/sandzakpress.net\/arhiva\/zasto-se-isus-u-islamu-ne-smatra-bozijim-sinom\/#primaryimage\"},\"thumbnailUrl\":\"https:\/\/sandzakpress.net\/arhiva\/wp-content\/uploads\/2015\/10\/Dr-Zakir-Naik-Peace-Conference-20121.jpg\",\"datePublished\":\"2015-10-08T10:02:07+00:00\",\"breadcrumb\":{\"@id\":\"https:\/\/sandzakpress.net\/arhiva\/zasto-se-isus-u-islamu-ne-smatra-bozijim-sinom\/#breadcrumb\"},\"inLanguage\":\"bs-BA\",\"potentialAction\":[{\"@type\":\"ReadAction\",\"target\":[\"https:\/\/sandzakpress.net\/arhiva\/zasto-se-isus-u-islamu-ne-smatra-bozijim-sinom\/\"]}]},{\"@type\":\"ImageObject\",\"inLanguage\":\"bs-BA\",\"@id\":\"https:\/\/sandzakpress.net\/arhiva\/zasto-se-isus-u-islamu-ne-smatra-bozijim-sinom\/#primaryimage\",\"url\":\"https:\/\/sandzakpress.net\/arhiva\/wp-content\/uploads\/2015\/10\/Dr-Zakir-Naik-Peace-Conference-20121.jpg\",\"contentUrl\":\"https:\/\/sandzakpress.net\/arhiva\/wp-content\/uploads\/2015\/10\/Dr-Zakir-Naik-Peace-Conference-20121.jpg\",\"width\":490,\"height\":280},{\"@type\":\"BreadcrumbList\",\"@id\":\"https:\/\/sandzakpress.net\/arhiva\/zasto-se-isus-u-islamu-ne-smatra-bozijim-sinom\/#breadcrumb\",\"itemListElement\":[{\"@type\":\"ListItem\",\"position\":1,\"name\":\"Home\",\"item\":\"https:\/\/sandzakpress.net\/arhiva\/\"},{\"@type\":\"ListItem\",\"position\":2,\"name\":\"Za\u0161to se Isus u islamu ne smatra bo\u017eijim sinom?\"}]},{\"@type\":\"WebSite\",\"@id\":\"https:\/\/sandzakpress.net\/arhiva\/#website\",\"url\":\"https:\/\/sandzakpress.net\/arhiva\/\",\"name\":\"Sand\u017eak PRESS\",\"description\":\"Prve elektronske novine u Sand\u017eaku\",\"publisher\":{\"@id\":\"https:\/\/sandzakpress.net\/arhiva\/#\/schema\/person\/6e72b67d6e51910a1117b3b483ba20bd\"},\"potentialAction\":[{\"@type\":\"SearchAction\",\"target\":{\"@type\":\"EntryPoint\",\"urlTemplate\":\"https:\/\/sandzakpress.net\/arhiva\/?s={search_term_string}\"},\"query-input\":{\"@type\":\"PropertyValueSpecification\",\"valueRequired\":true,\"valueName\":\"search_term_string\"}}],\"inLanguage\":\"bs-BA\"},{\"@type\":[\"Person\",\"Organization\"],\"@id\":\"https:\/\/sandzakpress.net\/arhiva\/#\/schema\/person\/6e72b67d6e51910a1117b3b483ba20bd\",\"name\":\"Kul\",\"image\":{\"@type\":\"ImageObject\",\"inLanguage\":\"bs-BA\",\"@id\":\"https:\/\/sandzakpress.net\/arhiva\/#\/schema\/person\/image\/\",\"url\":\"https:\/\/secure.gravatar.com\/avatar\/42263f39aa27ac04c43cab85c280eb2e?s=96&d=mm&r=pg\",\"contentUrl\":\"https:\/\/secure.gravatar.com\/avatar\/42263f39aa27ac04c43cab85c280eb2e?s=96&d=mm&r=pg\",\"caption\":\"Kul\"},\"logo\":{\"@id\":\"https:\/\/sandzakpress.net\/arhiva\/#\/schema\/person\/image\/\"}},{\"@type\":\"Person\",\"@id\":\"https:\/\/sandzakpress.net\/arhiva\/#\/schema\/person\/c8baee722073534b583ea7bdb2e36c02\",\"name\":\"bosniak\",\"image\":{\"@type\":\"ImageObject\",\"inLanguage\":\"bs-BA\",\"@id\":\"https:\/\/sandzakpress.net\/arhiva\/#\/schema\/person\/image\/\",\"url\":\"https:\/\/secure.gravatar.com\/avatar\/a04fd330bfe3a36a72a0ad4a6d89fca7?s=96&d=mm&r=pg\",\"contentUrl\":\"https:\/\/secure.gravatar.com\/avatar\/a04fd330bfe3a36a72a0ad4a6d89fca7?s=96&d=mm&r=pg\",\"caption\":\"bosniak\"},\"url\":\"https:\/\/sandzakpress.net\/arhiva\/author\/bosniak\/\"}]}<\/script>\n<!-- \/ Yoast SEO Premium plugin. -->","yoast_head_json":{"title":"Za\u0161to se Isus u islamu ne smatra bo\u017eijim sinom?","robots":{"index":"index","follow":"follow","max-snippet":"max-snippet:-1","max-image-preview":"max-image-preview:large","max-video-preview":"max-video-preview:-1"},"canonical":"https:\/\/sandzakpress.net\/arhiva\/zasto-se-isus-u-islamu-ne-smatra-bozijim-sinom\/","og_locale":"bs_BA","og_type":"article","og_title":"Za\u0161to se Isus u islamu ne smatra bo\u017eijim sinom?","og_description":"Pogledajte vijest na izvornom sajtu: Za\u0161to se Isus u islamu ne smatra bo\u017eijim sinom?","og_url":"https:\/\/sandzakpress.net\/arhiva\/zasto-se-isus-u-islamu-ne-smatra-bozijim-sinom\/","og_site_name":"Sand\u017eak PRESS","article_published_time":"2015-10-08T10:02:07+00:00","og_image":[{"width":490,"height":280,"url":"https:\/\/sandzakpress.net\/arhiva\/wp-content\/uploads\/2015\/10\/Dr-Zakir-Naik-Peace-Conference-20121.jpg","type":"image\/jpeg"}],"author":"bosniak","twitter_card":"summary_large_image","twitter_misc":{"Written by":"bosniak"},"schema":{"@context":"https:\/\/schema.org","@graph":[{"@type":"Article","@id":"https:\/\/sandzakpress.net\/arhiva\/zasto-se-isus-u-islamu-ne-smatra-bozijim-sinom\/#article","isPartOf":{"@id":"https:\/\/sandzakpress.net\/arhiva\/zasto-se-isus-u-islamu-ne-smatra-bozijim-sinom\/"},"author":{"name":"bosniak","@id":"https:\/\/sandzakpress.net\/arhiva\/#\/schema\/person\/c8baee722073534b583ea7bdb2e36c02"},"headline":"Za\u0161to se Isus u islamu ne smatra bo\u017eijim sinom?","datePublished":"2015-10-08T10:02:07+00:00","mainEntityOfPage":{"@id":"https:\/\/sandzakpress.net\/arhiva\/zasto-se-isus-u-islamu-ne-smatra-bozijim-sinom\/"},"wordCount":27,"commentCount":0,"publisher":{"@id":"https:\/\/sandzakpress.net\/arhiva\/#\/schema\/person\/6e72b67d6e51910a1117b3b483ba20bd"},"image":{"@id":"https:\/\/sandzakpress.net\/arhiva\/zasto-se-isus-u-islamu-ne-smatra-bozijim-sinom\/#primaryimage"},"thumbnailUrl":"https:\/\/sandzakpress.net\/arhiva\/wp-content\/uploads\/2015\/10\/Dr-Zakir-Naik-Peace-Conference-20121.jpg","keywords":["Islam"],"articleSection":["Islam PRESS"],"inLanguage":"bs-BA","potentialAction":[{"@type":"CommentAction","name":"Comment","target":["https:\/\/sandzakpress.net\/arhiva\/zasto-se-isus-u-islamu-ne-smatra-bozijim-sinom\/#respond"]}]},{"@type":"WebPage","@id":"https:\/\/sandzakpress.net\/arhiva\/zasto-se-isus-u-islamu-ne-smatra-bozijim-sinom\/","url":"https:\/\/sandzakpress.net\/arhiva\/zasto-se-isus-u-islamu-ne-smatra-bozijim-sinom\/","name":"Za\u0161to se Isus u islamu ne smatra bo\u017eijim sinom?","isPartOf":{"@id":"https:\/\/sandzakpress.net\/arhiva\/#website"},"primaryImageOfPage":{"@id":"https:\/\/sandzakpress.net\/arhiva\/zasto-se-isus-u-islamu-ne-smatra-bozijim-sinom\/#primaryimage"},"image":{"@id":"https:\/\/sandzakpress.net\/arhiva\/zasto-se-isus-u-islamu-ne-smatra-bozijim-sinom\/#primaryimage"},"thumbnailUrl":"https:\/\/sandzakpress.net\/arhiva\/wp-content\/uploads\/2015\/10\/Dr-Zakir-Naik-Peace-Conference-20121.jpg","datePublished":"2015-10-08T10:02:07+00:00","breadcrumb":{"@id":"https:\/\/sandzakpress.net\/arhiva\/zasto-se-isus-u-islamu-ne-smatra-bozijim-sinom\/#breadcrumb"},"inLanguage":"bs-BA","potentialAction":[{"@type":"ReadAction","target":["https:\/\/sandzakpress.net\/arhiva\/zasto-se-isus-u-islamu-ne-smatra-bozijim-sinom\/"]}]},{"@type":"ImageObject","inLanguage":"bs-BA","@id":"https:\/\/sandzakpress.net\/arhiva\/zasto-se-isus-u-islamu-ne-smatra-bozijim-sinom\/#primaryimage","url":"https:\/\/sandzakpress.net\/arhiva\/wp-content\/uploads\/2015\/10\/Dr-Zakir-Naik-Peace-Conference-20121.jpg","contentUrl":"https:\/\/sandzakpress.net\/arhiva\/wp-content\/uploads\/2015\/10\/Dr-Zakir-Naik-Peace-Conference-20121.jpg","width":490,"height":280},{"@type":"BreadcrumbList","@id":"https:\/\/sandzakpress.net\/arhiva\/zasto-se-isus-u-islamu-ne-smatra-bozijim-sinom\/#breadcrumb","itemListElement":[{"@type":"ListItem","position":1,"name":"Home","item":"https:\/\/sandzakpress.net\/arhiva\/"},{"@type":"ListItem","position":2,"name":"Za\u0161to se Isus u islamu ne smatra bo\u017eijim sinom?"}]},{"@type":"WebSite","@id":"https:\/\/sandzakpress.net\/arhiva\/#website","url":"https:\/\/sandzakpress.net\/arhiva\/","name":"Sand\u017eak PRESS","description":"Prve elektronske novine u Sand\u017eaku","publisher":{"@id":"https:\/\/sandzakpress.net\/arhiva\/#\/schema\/person\/6e72b67d6e51910a1117b3b483ba20bd"},"potentialAction":[{"@type":"SearchAction","target":{"@type":"EntryPoint","urlTemplate":"https:\/\/sandzakpress.net\/arhiva\/?s={search_term_string}"},"query-input":{"@type":"PropertyValueSpecification","valueRequired":true,"valueName":"search_term_string"}}],"inLanguage":"bs-BA"},{"@type":["Person","Organization"],"@id":"https:\/\/sandzakpress.net\/arhiva\/#\/schema\/person\/6e72b67d6e51910a1117b3b483ba20bd","name":"Kul","image":{"@type":"ImageObject","inLanguage":"bs-BA","@id":"https:\/\/sandzakpress.net\/arhiva\/#\/schema\/person\/image\/","url":"https:\/\/secure.gravatar.com\/avatar\/42263f39aa27ac04c43cab85c280eb2e?s=96&d=mm&r=pg","contentUrl":"https:\/\/secure.gravatar.com\/avatar\/42263f39aa27ac04c43cab85c280eb2e?s=96&d=mm&r=pg","caption":"Kul"},"logo":{"@id":"https:\/\/sandzakpress.net\/arhiva\/#\/schema\/person\/image\/"}},{"@type":"Person","@id":"https:\/\/sandzakpress.net\/arhiva\/#\/schema\/person\/c8baee722073534b583ea7bdb2e36c02","name":"bosniak","image":{"@type":"ImageObject","inLanguage":"bs-BA","@id":"https:\/\/sandzakpress.net\/arhiva\/#\/schema\/person\/image\/","url":"https:\/\/secure.gravatar.com\/avatar\/a04fd330bfe3a36a72a0ad4a6d89fca7?s=96&d=mm&r=pg","contentUrl":"https:\/\/secure.gravatar.com\/avatar\/a04fd330bfe3a36a72a0ad4a6d89fca7?s=96&d=mm&r=pg","caption":"bosniak"},"url":"https:\/\/sandzakpress.net\/arhiva\/author\/bosniak\/"}]}},"_links":{"self":[{"href":"https:\/\/sandzakpress.net\/arhiva\/wp-json\/wp\/v2\/posts\/140188"}],"collection":[{"href":"https:\/\/sandzakpress.net\/arhiva\/wp-json\/wp\/v2\/posts"}],"about":[{"href":"https:\/\/sandzakpress.net\/arhiva\/wp-json\/wp\/v2\/types\/post"}],"author":[{"embeddable":true,"href":"https:\/\/sandzakpress.net\/arhiva\/wp-json\/wp\/v2\/users\/83"}],"replies":[{"embeddable":true,"href":"https:\/\/sandzakpress.net\/arhiva\/wp-json\/wp\/v2\/comments?post=140188"}],"version-history":[{"count":0,"href":"https:\/\/sandzakpress.net\/arhiva\/wp-json\/wp\/v2\/posts\/140188\/revisions"}],"wp:featuredmedia":[{"embeddable":true,"href":"https:\/\/sandzakpress.net\/arhiva\/wp-json\/wp\/v2\/media\/140190"}],"wp:attachment":[{"href":"https:\/\/sandzakpress.net\/arhiva\/wp-json\/wp\/v2\/media?parent=140188"}],"wp:term":[{"taxonomy":"category","embeddable":true,"href":"https:\/\/sandzakpress.net\/arhiva\/wp-json\/wp\/v2\/categories?post=140188"},{"taxonomy":"post_tag","embeddable":true,"href":"https:\/\/sandzakpress.net\/arhiva\/wp-json\/wp\/v2\/tags?post=140188"}],"curies":[{"name":"wp","href":"https:\/\/api.w.org\/{rel}","templated":true}]}}