{"id":140180,"date":"2015-10-08T14:26:05","date_gmt":"2015-10-08T12:26:05","guid":{"rendered":"https:\/\/sandzakpress.net\/arhiva\/tuzlanska-solana-obiljezila-130-godina-postojanja-pustanjem-u-rad-novog-transportnog-sistema"},"modified":"2015-10-08T14:26:05","modified_gmt":"2015-10-08T12:26:05","slug":"tuzlanska-solana-obiljezila-130-godina-postojanja-pustanjem-u-rad-novog-transportnog-sistema","status":"publish","type":"post","link":"https:\/\/sandzakpress.net\/arhiva\/tuzlanska-solana-obiljezila-130-godina-postojanja-pustanjem-u-rad-novog-transportnog-sistema\/","title":{"rendered":"Tuzlanska Solana obilje\u017eila 130 godina postojanja pu\u0161tanjem u rad novog transportnog sistema"},"content":{"rendered":"<p><img decoding=\"async\" src=\"http:\/\/static.klix.ba\/media\/images\/vijesti\/151008069.6_xl.jpg\" alt=\"\" \/><\/p>\n<p><strong>Tuzla \u2013 Povodom obilje\u017eavanja 130 godina poslovanja u tuzlanskoj Solani danas je sve\u010dano pu\u0161ten u rad novi transportni sistem s pripadaju\u0107im mostom-tunelom visine 5,5 metara, koji transportuje gotov proizvod od Pogona pakovanja do novoizgra\u0111enog visokoregalnog skladi\u0161ta soli u du\u017eini oko 300 metara.<\/strong><\/p>\n<p>Solana d.d. Tuzla danas upo\u0161ljava vi\u0161e od 400 radnika, a izvozi vi\u0161e od 80 posto svojih proizvoda u zemlje regije i na tr\u017ei\u0161te EU.<\/p>\n<p>Danas je uprili\u010dena i sve\u010dana ceremonija obilje\u017eavanja 130 godina rada u BKC-u Tuzla.<\/p>\n<p>\u201cDragi solari, zadovoljstvo mi je pozdraviti vas povodom na\u0161eg velikog jubileja \u2013 130 godina neprekinute industrijske tradicije proizvodnje soli, pu\u0161tanjem u rad novog transportnog sistema\u201d, kazao je Izudin Kapetanovi\u0107, direktor Solane d.d. Tuzla, dodav\u0161i da novi sistem povezuje sve ma\u0161ine za pakovanje kapaciteta 500 tona na dan, \u010dime \u0107e biti osiguran funkcionalniji i ekonomi\u010dniji sistem i ekolo\u0161ki \u010dist pogon.<\/p>\n<p>Premijer TK Bego Guti\u0107 ocijenio je da je Solana d.d. Tuzla recept uspje\u0161nog poslovanja koji bi drugi trebali da prepi\u0161u.<\/p>\n<p>\u201cMalo je kompanija koje se mogu pohvaliti ovako dugom tradicijom uspje\u0161nog poslovanja\u201c, kazao je Guti\u0107, podsjetiv\u0161i da je Solana d.d. bila u problemima koje danas imaju odre\u0111ene firme s podru\u010dja TK, ali je prema njegovim rije\u010dima promjenom rada i poslovnom politikom Solana d.d. Tuzla jedan od najuspje\u0161nijih privrednih kolektiva na podru\u010dju TK.<\/p>\n<p>(Tuzla)<\/p>\n<p>Pogledajte vijest na izvornom sajtu:<\/p>\n<p><a href=\"http:\/\/bosnapress.net\/tuzlanska-solana-obiljezila-130-godina-postojanja-pustanjem-u-rad-novog-transportnog-sistema\/\" target=\"_blank\">Tuzlanska Solana obilje\u017eila 130 godina postojanja pu\u0161tanjem u rad novog transportnog sistema<\/a><\/p>\n","protected":false},"excerpt":{"rendered":"<p>Tuzla \u2013 Povodom obilje\u017eavanja 130 godina poslovanja u tuzlanskoj Solani danas je sve\u010dano pu\u0161ten u rad novi transportni sistem s pripadaju\u0107im mostom-tunelom visine 5,5 metara, koji transportuje gotov proizvod od Pogona pakovanja do novoizgra\u0111enog visokoregalnog skladi\u0161ta soli u du\u017eini oko 300 metara. Solana d.d. Tuzla danas upo\u0161ljava vi\u0161e od 400 radnika, a izvozi vi\u0161e od [&hellip;]<\/p>\n","protected":false},"author":83,"featured_media":140182,"comment_status":"open","ping_status":"open","sticky":false,"template":"","format":"standard","meta":{"footnotes":""},"categories":[10513],"tags":[10466],"class_list":{"0":"post-140180","1":"post","2":"type-post","3":"status-publish","4":"format-standard","5":"has-post-thumbnail","7":"category-bosna-press","8":"tag-bosna-i-hercegovina"},"yoast_head":"<!-- This site is optimized with the Yoast SEO Premium plugin v23.1 (Yoast SEO v24.9) - https:\/\/yoast.com\/wordpress\/plugins\/seo\/ -->\n<title>Tuzlanska Solana obilje\u017eila 130 godina postojanja pu\u0161tanjem u rad novog transportnog sistema<\/title>\n<meta name=\"robots\" content=\"index, follow, max-snippet:-1, max-image-preview:large, max-video-preview:-1\" \/>\n<link rel=\"canonical\" href=\"https:\/\/sandzakpress.net\/arhiva\/tuzlanska-solana-obiljezila-130-godina-postojanja-pustanjem-u-rad-novog-transportnog-sistema\/\" \/>\n<meta property=\"og:locale\" content=\"bs_BA\" \/>\n<meta property=\"og:type\" content=\"article\" \/>\n<meta property=\"og:title\" content=\"Tuzlanska Solana obilje\u017eila 130 godina postojanja pu\u0161tanjem u rad novog transportnog sistema\" \/>\n<meta property=\"og:description\" content=\"Tuzla \u2013 Povodom obilje\u017eavanja 130 godina poslovanja u tuzlanskoj Solani danas je sve\u010dano pu\u0161ten u rad novi transportni sistem s pripadaju\u0107im mostom-tunelom visine 5,5 metara, koji transportuje gotov proizvod od Pogona pakovanja do novoizgra\u0111enog visokoregalnog skladi\u0161ta soli u du\u017eini oko 300 metara. Solana d.d. Tuzla danas upo\u0161ljava vi\u0161e od 400 radnika, a izvozi vi\u0161e od [&hellip;]\" \/>\n<meta property=\"og:url\" content=\"https:\/\/sandzakpress.net\/arhiva\/tuzlanska-solana-obiljezila-130-godina-postojanja-pustanjem-u-rad-novog-transportnog-sistema\/\" \/>\n<meta property=\"og:site_name\" content=\"Sand\u017eak PRESS\" \/>\n<meta property=\"article:published_time\" content=\"2015-10-08T12:26:05+00:00\" \/>\n<meta property=\"og:image\" content=\"https:\/\/sandzakpress.net\/arhiva\/wp-content\/uploads\/2015\/10\/151008069.6_xl1.jpg\" \/>\n\t<meta property=\"og:image:width\" content=\"938\" \/>\n\t<meta property=\"og:image:height\" content=\"623\" \/>\n\t<meta property=\"og:image:type\" content=\"image\/jpeg\" \/>\n<meta name=\"author\" content=\"bosniak\" \/>\n<meta name=\"twitter:card\" content=\"summary_large_image\" \/>\n<meta name=\"twitter:label1\" content=\"Written by\" \/>\n\t<meta name=\"twitter:data1\" content=\"bosniak\" \/>\n\t<meta name=\"twitter:label2\" content=\"Est. reading time\" \/>\n\t<meta name=\"twitter:data2\" content=\"1 minuta\" \/>\n<script type=\"application\/ld+json\" class=\"yoast-schema-graph\">{\"@context\":\"https:\/\/schema.org\",\"@graph\":[{\"@type\":\"Article\",\"@id\":\"https:\/\/sandzakpress.net\/arhiva\/tuzlanska-solana-obiljezila-130-godina-postojanja-pustanjem-u-rad-novog-transportnog-sistema\/#article\",\"isPartOf\":{\"@id\":\"https:\/\/sandzakpress.net\/arhiva\/tuzlanska-solana-obiljezila-130-godina-postojanja-pustanjem-u-rad-novog-transportnog-sistema\/\"},\"author\":{\"name\":\"bosniak\",\"@id\":\"https:\/\/sandzakpress.net\/arhiva\/#\/schema\/person\/c8baee722073534b583ea7bdb2e36c02\"},\"headline\":\"Tuzlanska Solana obilje\u017eila 130 godina postojanja pu\u0161tanjem u rad novog transportnog sistema\",\"datePublished\":\"2015-10-08T12:26:05+00:00\",\"mainEntityOfPage\":{\"@id\":\"https:\/\/sandzakpress.net\/arhiva\/tuzlanska-solana-obiljezila-130-godina-postojanja-pustanjem-u-rad-novog-transportnog-sistema\/\"},\"wordCount\":267,\"commentCount\":0,\"publisher\":{\"@id\":\"https:\/\/sandzakpress.net\/arhiva\/#\/schema\/person\/6e72b67d6e51910a1117b3b483ba20bd\"},\"image\":{\"@id\":\"https:\/\/sandzakpress.net\/arhiva\/tuzlanska-solana-obiljezila-130-godina-postojanja-pustanjem-u-rad-novog-transportnog-sistema\/#primaryimage\"},\"thumbnailUrl\":\"https:\/\/sandzakpress.net\/arhiva\/wp-content\/uploads\/2015\/10\/151008069.6_xl1.jpg\",\"keywords\":[\"Bosna i Hercegovina\"],\"articleSection\":[\"Bosna PRESS\"],\"inLanguage\":\"bs-BA\",\"potentialAction\":[{\"@type\":\"CommentAction\",\"name\":\"Comment\",\"target\":[\"https:\/\/sandzakpress.net\/arhiva\/tuzlanska-solana-obiljezila-130-godina-postojanja-pustanjem-u-rad-novog-transportnog-sistema\/#respond\"]}]},{\"@type\":\"WebPage\",\"@id\":\"https:\/\/sandzakpress.net\/arhiva\/tuzlanska-solana-obiljezila-130-godina-postojanja-pustanjem-u-rad-novog-transportnog-sistema\/\",\"url\":\"https:\/\/sandzakpress.net\/arhiva\/tuzlanska-solana-obiljezila-130-godina-postojanja-pustanjem-u-rad-novog-transportnog-sistema\/\",\"name\":\"Tuzlanska Solana obilje\u017eila 130 godina postojanja pu\u0161tanjem u rad novog transportnog sistema\",\"isPartOf\":{\"@id\":\"https:\/\/sandzakpress.net\/arhiva\/#website\"},\"primaryImageOfPage\":{\"@id\":\"https:\/\/sandzakpress.net\/arhiva\/tuzlanska-solana-obiljezila-130-godina-postojanja-pustanjem-u-rad-novog-transportnog-sistema\/#primaryimage\"},\"image\":{\"@id\":\"https:\/\/sandzakpress.net\/arhiva\/tuzlanska-solana-obiljezila-130-godina-postojanja-pustanjem-u-rad-novog-transportnog-sistema\/#primaryimage\"},\"thumbnailUrl\":\"https:\/\/sandzakpress.net\/arhiva\/wp-content\/uploads\/2015\/10\/151008069.6_xl1.jpg\",\"datePublished\":\"2015-10-08T12:26:05+00:00\",\"breadcrumb\":{\"@id\":\"https:\/\/sandzakpress.net\/arhiva\/tuzlanska-solana-obiljezila-130-godina-postojanja-pustanjem-u-rad-novog-transportnog-sistema\/#breadcrumb\"},\"inLanguage\":\"bs-BA\",\"potentialAction\":[{\"@type\":\"ReadAction\",\"target\":[\"https:\/\/sandzakpress.net\/arhiva\/tuzlanska-solana-obiljezila-130-godina-postojanja-pustanjem-u-rad-novog-transportnog-sistema\/\"]}]},{\"@type\":\"ImageObject\",\"inLanguage\":\"bs-BA\",\"@id\":\"https:\/\/sandzakpress.net\/arhiva\/tuzlanska-solana-obiljezila-130-godina-postojanja-pustanjem-u-rad-novog-transportnog-sistema\/#primaryimage\",\"url\":\"https:\/\/sandzakpress.net\/arhiva\/wp-content\/uploads\/2015\/10\/151008069.6_xl1.jpg\",\"contentUrl\":\"https:\/\/sandzakpress.net\/arhiva\/wp-content\/uploads\/2015\/10\/151008069.6_xl1.jpg\",\"width\":938,\"height\":623},{\"@type\":\"BreadcrumbList\",\"@id\":\"https:\/\/sandzakpress.net\/arhiva\/tuzlanska-solana-obiljezila-130-godina-postojanja-pustanjem-u-rad-novog-transportnog-sistema\/#breadcrumb\",\"itemListElement\":[{\"@type\":\"ListItem\",\"position\":1,\"name\":\"Home\",\"item\":\"https:\/\/sandzakpress.net\/arhiva\/\"},{\"@type\":\"ListItem\",\"position\":2,\"name\":\"Tuzlanska Solana obilje\u017eila 130 godina postojanja pu\u0161tanjem u rad novog transportnog sistema\"}]},{\"@type\":\"WebSite\",\"@id\":\"https:\/\/sandzakpress.net\/arhiva\/#website\",\"url\":\"https:\/\/sandzakpress.net\/arhiva\/\",\"name\":\"Sand\u017eak PRESS\",\"description\":\"Prve elektronske novine u Sand\u017eaku\",\"publisher\":{\"@id\":\"https:\/\/sandzakpress.net\/arhiva\/#\/schema\/person\/6e72b67d6e51910a1117b3b483ba20bd\"},\"potentialAction\":[{\"@type\":\"SearchAction\",\"target\":{\"@type\":\"EntryPoint\",\"urlTemplate\":\"https:\/\/sandzakpress.net\/arhiva\/?s={search_term_string}\"},\"query-input\":{\"@type\":\"PropertyValueSpecification\",\"valueRequired\":true,\"valueName\":\"search_term_string\"}}],\"inLanguage\":\"bs-BA\"},{\"@type\":[\"Person\",\"Organization\"],\"@id\":\"https:\/\/sandzakpress.net\/arhiva\/#\/schema\/person\/6e72b67d6e51910a1117b3b483ba20bd\",\"name\":\"Kul\",\"image\":{\"@type\":\"ImageObject\",\"inLanguage\":\"bs-BA\",\"@id\":\"https:\/\/sandzakpress.net\/arhiva\/#\/schema\/person\/image\/\",\"url\":\"https:\/\/secure.gravatar.com\/avatar\/42263f39aa27ac04c43cab85c280eb2e?s=96&d=mm&r=pg\",\"contentUrl\":\"https:\/\/secure.gravatar.com\/avatar\/42263f39aa27ac04c43cab85c280eb2e?s=96&d=mm&r=pg\",\"caption\":\"Kul\"},\"logo\":{\"@id\":\"https:\/\/sandzakpress.net\/arhiva\/#\/schema\/person\/image\/\"}},{\"@type\":\"Person\",\"@id\":\"https:\/\/sandzakpress.net\/arhiva\/#\/schema\/person\/c8baee722073534b583ea7bdb2e36c02\",\"name\":\"bosniak\",\"image\":{\"@type\":\"ImageObject\",\"inLanguage\":\"bs-BA\",\"@id\":\"https:\/\/sandzakpress.net\/arhiva\/#\/schema\/person\/image\/\",\"url\":\"https:\/\/secure.gravatar.com\/avatar\/a04fd330bfe3a36a72a0ad4a6d89fca7?s=96&d=mm&r=pg\",\"contentUrl\":\"https:\/\/secure.gravatar.com\/avatar\/a04fd330bfe3a36a72a0ad4a6d89fca7?s=96&d=mm&r=pg\",\"caption\":\"bosniak\"},\"url\":\"https:\/\/sandzakpress.net\/arhiva\/author\/bosniak\/\"}]}<\/script>\n<!-- \/ Yoast SEO Premium plugin. -->","yoast_head_json":{"title":"Tuzlanska Solana obilje\u017eila 130 godina postojanja pu\u0161tanjem u rad novog transportnog sistema","robots":{"index":"index","follow":"follow","max-snippet":"max-snippet:-1","max-image-preview":"max-image-preview:large","max-video-preview":"max-video-preview:-1"},"canonical":"https:\/\/sandzakpress.net\/arhiva\/tuzlanska-solana-obiljezila-130-godina-postojanja-pustanjem-u-rad-novog-transportnog-sistema\/","og_locale":"bs_BA","og_type":"article","og_title":"Tuzlanska Solana obilje\u017eila 130 godina postojanja pu\u0161tanjem u rad novog transportnog sistema","og_description":"Tuzla \u2013 Povodom obilje\u017eavanja 130 godina poslovanja u tuzlanskoj Solani danas je sve\u010dano pu\u0161ten u rad novi transportni sistem s pripadaju\u0107im mostom-tunelom visine 5,5 metara, koji transportuje gotov proizvod od Pogona pakovanja do novoizgra\u0111enog visokoregalnog skladi\u0161ta soli u du\u017eini oko 300 metara. Solana d.d. Tuzla danas upo\u0161ljava vi\u0161e od 400 radnika, a izvozi vi\u0161e od [&hellip;]","og_url":"https:\/\/sandzakpress.net\/arhiva\/tuzlanska-solana-obiljezila-130-godina-postojanja-pustanjem-u-rad-novog-transportnog-sistema\/","og_site_name":"Sand\u017eak PRESS","article_published_time":"2015-10-08T12:26:05+00:00","og_image":[{"width":938,"height":623,"url":"https:\/\/sandzakpress.net\/arhiva\/wp-content\/uploads\/2015\/10\/151008069.6_xl1.jpg","type":"image\/jpeg"}],"author":"bosniak","twitter_card":"summary_large_image","twitter_misc":{"Written by":"bosniak","Est. reading time":"1 minuta"},"schema":{"@context":"https:\/\/schema.org","@graph":[{"@type":"Article","@id":"https:\/\/sandzakpress.net\/arhiva\/tuzlanska-solana-obiljezila-130-godina-postojanja-pustanjem-u-rad-novog-transportnog-sistema\/#article","isPartOf":{"@id":"https:\/\/sandzakpress.net\/arhiva\/tuzlanska-solana-obiljezila-130-godina-postojanja-pustanjem-u-rad-novog-transportnog-sistema\/"},"author":{"name":"bosniak","@id":"https:\/\/sandzakpress.net\/arhiva\/#\/schema\/person\/c8baee722073534b583ea7bdb2e36c02"},"headline":"Tuzlanska Solana obilje\u017eila 130 godina postojanja pu\u0161tanjem u rad novog transportnog sistema","datePublished":"2015-10-08T12:26:05+00:00","mainEntityOfPage":{"@id":"https:\/\/sandzakpress.net\/arhiva\/tuzlanska-solana-obiljezila-130-godina-postojanja-pustanjem-u-rad-novog-transportnog-sistema\/"},"wordCount":267,"commentCount":0,"publisher":{"@id":"https:\/\/sandzakpress.net\/arhiva\/#\/schema\/person\/6e72b67d6e51910a1117b3b483ba20bd"},"image":{"@id":"https:\/\/sandzakpress.net\/arhiva\/tuzlanska-solana-obiljezila-130-godina-postojanja-pustanjem-u-rad-novog-transportnog-sistema\/#primaryimage"},"thumbnailUrl":"https:\/\/sandzakpress.net\/arhiva\/wp-content\/uploads\/2015\/10\/151008069.6_xl1.jpg","keywords":["Bosna i Hercegovina"],"articleSection":["Bosna PRESS"],"inLanguage":"bs-BA","potentialAction":[{"@type":"CommentAction","name":"Comment","target":["https:\/\/sandzakpress.net\/arhiva\/tuzlanska-solana-obiljezila-130-godina-postojanja-pustanjem-u-rad-novog-transportnog-sistema\/#respond"]}]},{"@type":"WebPage","@id":"https:\/\/sandzakpress.net\/arhiva\/tuzlanska-solana-obiljezila-130-godina-postojanja-pustanjem-u-rad-novog-transportnog-sistema\/","url":"https:\/\/sandzakpress.net\/arhiva\/tuzlanska-solana-obiljezila-130-godina-postojanja-pustanjem-u-rad-novog-transportnog-sistema\/","name":"Tuzlanska Solana obilje\u017eila 130 godina postojanja pu\u0161tanjem u rad novog transportnog sistema","isPartOf":{"@id":"https:\/\/sandzakpress.net\/arhiva\/#website"},"primaryImageOfPage":{"@id":"https:\/\/sandzakpress.net\/arhiva\/tuzlanska-solana-obiljezila-130-godina-postojanja-pustanjem-u-rad-novog-transportnog-sistema\/#primaryimage"},"image":{"@id":"https:\/\/sandzakpress.net\/arhiva\/tuzlanska-solana-obiljezila-130-godina-postojanja-pustanjem-u-rad-novog-transportnog-sistema\/#primaryimage"},"thumbnailUrl":"https:\/\/sandzakpress.net\/arhiva\/wp-content\/uploads\/2015\/10\/151008069.6_xl1.jpg","datePublished":"2015-10-08T12:26:05+00:00","breadcrumb":{"@id":"https:\/\/sandzakpress.net\/arhiva\/tuzlanska-solana-obiljezila-130-godina-postojanja-pustanjem-u-rad-novog-transportnog-sistema\/#breadcrumb"},"inLanguage":"bs-BA","potentialAction":[{"@type":"ReadAction","target":["https:\/\/sandzakpress.net\/arhiva\/tuzlanska-solana-obiljezila-130-godina-postojanja-pustanjem-u-rad-novog-transportnog-sistema\/"]}]},{"@type":"ImageObject","inLanguage":"bs-BA","@id":"https:\/\/sandzakpress.net\/arhiva\/tuzlanska-solana-obiljezila-130-godina-postojanja-pustanjem-u-rad-novog-transportnog-sistema\/#primaryimage","url":"https:\/\/sandzakpress.net\/arhiva\/wp-content\/uploads\/2015\/10\/151008069.6_xl1.jpg","contentUrl":"https:\/\/sandzakpress.net\/arhiva\/wp-content\/uploads\/2015\/10\/151008069.6_xl1.jpg","width":938,"height":623},{"@type":"BreadcrumbList","@id":"https:\/\/sandzakpress.net\/arhiva\/tuzlanska-solana-obiljezila-130-godina-postojanja-pustanjem-u-rad-novog-transportnog-sistema\/#breadcrumb","itemListElement":[{"@type":"ListItem","position":1,"name":"Home","item":"https:\/\/sandzakpress.net\/arhiva\/"},{"@type":"ListItem","position":2,"name":"Tuzlanska Solana obilje\u017eila 130 godina postojanja pu\u0161tanjem u rad novog transportnog sistema"}]},{"@type":"WebSite","@id":"https:\/\/sandzakpress.net\/arhiva\/#website","url":"https:\/\/sandzakpress.net\/arhiva\/","name":"Sand\u017eak PRESS","description":"Prve elektronske novine u Sand\u017eaku","publisher":{"@id":"https:\/\/sandzakpress.net\/arhiva\/#\/schema\/person\/6e72b67d6e51910a1117b3b483ba20bd"},"potentialAction":[{"@type":"SearchAction","target":{"@type":"EntryPoint","urlTemplate":"https:\/\/sandzakpress.net\/arhiva\/?s={search_term_string}"},"query-input":{"@type":"PropertyValueSpecification","valueRequired":true,"valueName":"search_term_string"}}],"inLanguage":"bs-BA"},{"@type":["Person","Organization"],"@id":"https:\/\/sandzakpress.net\/arhiva\/#\/schema\/person\/6e72b67d6e51910a1117b3b483ba20bd","name":"Kul","image":{"@type":"ImageObject","inLanguage":"bs-BA","@id":"https:\/\/sandzakpress.net\/arhiva\/#\/schema\/person\/image\/","url":"https:\/\/secure.gravatar.com\/avatar\/42263f39aa27ac04c43cab85c280eb2e?s=96&d=mm&r=pg","contentUrl":"https:\/\/secure.gravatar.com\/avatar\/42263f39aa27ac04c43cab85c280eb2e?s=96&d=mm&r=pg","caption":"Kul"},"logo":{"@id":"https:\/\/sandzakpress.net\/arhiva\/#\/schema\/person\/image\/"}},{"@type":"Person","@id":"https:\/\/sandzakpress.net\/arhiva\/#\/schema\/person\/c8baee722073534b583ea7bdb2e36c02","name":"bosniak","image":{"@type":"ImageObject","inLanguage":"bs-BA","@id":"https:\/\/sandzakpress.net\/arhiva\/#\/schema\/person\/image\/","url":"https:\/\/secure.gravatar.com\/avatar\/a04fd330bfe3a36a72a0ad4a6d89fca7?s=96&d=mm&r=pg","contentUrl":"https:\/\/secure.gravatar.com\/avatar\/a04fd330bfe3a36a72a0ad4a6d89fca7?s=96&d=mm&r=pg","caption":"bosniak"},"url":"https:\/\/sandzakpress.net\/arhiva\/author\/bosniak\/"}]}},"_links":{"self":[{"href":"https:\/\/sandzakpress.net\/arhiva\/wp-json\/wp\/v2\/posts\/140180"}],"collection":[{"href":"https:\/\/sandzakpress.net\/arhiva\/wp-json\/wp\/v2\/posts"}],"about":[{"href":"https:\/\/sandzakpress.net\/arhiva\/wp-json\/wp\/v2\/types\/post"}],"author":[{"embeddable":true,"href":"https:\/\/sandzakpress.net\/arhiva\/wp-json\/wp\/v2\/users\/83"}],"replies":[{"embeddable":true,"href":"https:\/\/sandzakpress.net\/arhiva\/wp-json\/wp\/v2\/comments?post=140180"}],"version-history":[{"count":0,"href":"https:\/\/sandzakpress.net\/arhiva\/wp-json\/wp\/v2\/posts\/140180\/revisions"}],"wp:featuredmedia":[{"embeddable":true,"href":"https:\/\/sandzakpress.net\/arhiva\/wp-json\/wp\/v2\/media\/140182"}],"wp:attachment":[{"href":"https:\/\/sandzakpress.net\/arhiva\/wp-json\/wp\/v2\/media?parent=140180"}],"wp:term":[{"taxonomy":"category","embeddable":true,"href":"https:\/\/sandzakpress.net\/arhiva\/wp-json\/wp\/v2\/categories?post=140180"},{"taxonomy":"post_tag","embeddable":true,"href":"https:\/\/sandzakpress.net\/arhiva\/wp-json\/wp\/v2\/tags?post=140180"}],"curies":[{"name":"wp","href":"https:\/\/api.w.org\/{rel}","templated":true}]}}