{"id":139994,"date":"2015-10-07T15:49:47","date_gmt":"2015-10-07T13:49:47","guid":{"rendered":"https:\/\/sandzakpress.net\/arhiva\/?p=139994"},"modified":"2015-10-07T15:49:47","modified_gmt":"2015-10-07T13:49:47","slug":"do-kada-mahmutovic-planira-da-vara-ovaj-narod","status":"publish","type":"post","link":"https:\/\/sandzakpress.net\/arhiva\/do-kada-mahmutovic-planira-da-vara-ovaj-narod\/","title":{"rendered":"Do kada Mahmutovi\u0107 planira da vara ovaj narod?"},"content":{"rendered":"<p><iframe loading=\"lazy\" src=\"https:\/\/www.youtube.com\/embed\/386HBLTxmD4?feature=oembed\" width=\"474\" height=\"356\" frameborder=\"0\" allowfullscreen=\"allowfullscreen\"><\/iframe><\/p>\n<p style=\"text-align: center;\"><span style=\"text-decoration: underline;\"><strong><span style=\"color: #800000; text-decoration: underline;\">&#8220;Ko god da kupi Regionalnu TV dobi\u0107e opremu i napustit \u0107e zgradu&#8221; &#8211; Mahmutovi\u0107<\/span><\/strong><\/span><\/p>\n<p><strong>Novi Pazar &#8211; Uprkos novom zakonu o privatizaciji medija, \u0161to se ti\u010de RTV ni\u0161ta se nije promijenilo. Ona i dalje ima istu ure\u0111iva\u010dku politiku, i ako je nakon privatizacije njen direktor Denis Mavri\u0107 najavio promjene. Podsje\u0107amo, gradona\u010delnik je bio jako zabrinut ko \u0107e kupiti televiziju, da je cio dan proveo u Beograd skupa sa konzorcijumom koji \u017eeli ovu televiziju.<\/strong><\/p>\n<p>Samo nekoliko dana prije,\u00a0 gradona\u010delnik je na konferenciji za novinare naglasio da onaj koji kupi tu TV mora\u0107e da napusti njene tada\u0161nje prostorije, nagla\u0161avaju\u0107i da je to njihovo.<\/p>\n<p>Vlast nema pravo na bilo koji na\u010din pomagati rad medija, osim prostorija, trenutna vlast i dalje finansira RTV, ni manje ni vi\u0161e nego novcem iz bud\u017eeta Novog Pazara, \u0161to je potvr\u0111eno na ju\u010dera\u0161njoj sjednici.<\/p>\n<p>Lako je naslutiti za\u0161to sve to, predizborna kampanja vladaju\u0107e koalicije uveliko krenula, asfaltiranje skoro svake ulice ve\u0107 mjesecima traje. A da je ostala \u201eOp\u0161tinska televizija\u201c to potvr\u0111uje svojim svakodnevnim prilozima. Hvaljenje vladaju\u0107e garniture i stavljanje u prvi plan SDP aktiviste.<\/p>\n<p>Ra\u010dun ovog preduze\u0107a bio je blokiran, o tome je narodni poslanik Enis Imamovi\u0107 govorio na sku\u0161tini.<\/p>\n<p>Zbog jeftinog predizbornog trika, asfalt i \u0161oder ra\u010duni \u0161kola su u blokadi, kao i ra\u010duni javnih preduze\u0107a a radnici mjesecima ne primaju plate.<\/p>\n<p>SANA<\/p>\n","protected":false},"excerpt":{"rendered":"<p>&#8220;Ko god da kupi Regionalnu TV dobi\u0107e opremu i napustit \u0107e zgradu&#8221; &#8211; Mahmutovi\u0107 Novi Pazar &#8211; Uprkos novom zakonu o privatizaciji medija, \u0161to se ti\u010de RTV ni\u0161ta se nije promijenilo. Ona i dalje ima istu ure\u0111iva\u010dku politiku, i ako je nakon privatizacije njen direktor Denis Mavri\u0107 najavio promjene. Podsje\u0107amo, gradona\u010delnik je bio jako zabrinut [&hellip;]<\/p>\n","protected":false},"author":83,"featured_media":139995,"comment_status":"open","ping_status":"open","sticky":false,"template":"","format":"standard","meta":{"footnotes":""},"categories":[72,1,52,392,8957],"tags":[10248],"class_list":{"0":"post-139994","1":"post","2":"type-post","3":"status-publish","4":"format-standard","5":"has-post-thumbnail","7":"category-novi-pazar","8":"category-politika","9":"category-sjenica","10":"category-prijepolje_","11":"category-vijesti-dana","12":"tag-gradska-uprava-novi-pazar"},"yoast_head":"<!-- This site is optimized with the Yoast SEO Premium plugin v23.1 (Yoast SEO v24.9) - https:\/\/yoast.com\/wordpress\/plugins\/seo\/ -->\n<title>Do kada Mahmutovi\u0107 planira da vara ovaj narod?<\/title>\n<meta name=\"robots\" content=\"index, follow, max-snippet:-1, max-image-preview:large, max-video-preview:-1\" \/>\n<link rel=\"canonical\" href=\"https:\/\/sandzakpress.net\/arhiva\/do-kada-mahmutovic-planira-da-vara-ovaj-narod\/\" \/>\n<meta property=\"og:locale\" content=\"bs_BA\" \/>\n<meta property=\"og:type\" content=\"article\" \/>\n<meta property=\"og:title\" content=\"Do kada Mahmutovi\u0107 planira da vara ovaj narod?\" \/>\n<meta property=\"og:description\" content=\"&#8220;Ko god da kupi Regionalnu TV dobi\u0107e opremu i napustit \u0107e zgradu&#8221; &#8211; Mahmutovi\u0107 Novi Pazar &#8211; Uprkos novom zakonu o privatizaciji medija, \u0161to se ti\u010de RTV ni\u0161ta se nije promijenilo. Ona i dalje ima istu ure\u0111iva\u010dku politiku, i ako je nakon privatizacije njen direktor Denis Mavri\u0107 najavio promjene. Podsje\u0107amo, gradona\u010delnik je bio jako zabrinut [&hellip;]\" \/>\n<meta property=\"og:url\" content=\"https:\/\/sandzakpress.net\/arhiva\/do-kada-mahmutovic-planira-da-vara-ovaj-narod\/\" \/>\n<meta property=\"og:site_name\" content=\"Sand\u017eak PRESS\" \/>\n<meta property=\"article:published_time\" content=\"2015-10-07T13:49:47+00:00\" \/>\n<meta property=\"og:image\" content=\"https:\/\/sandzakpress.net\/arhiva\/wp-content\/uploads\/2015\/10\/014.jpg\" \/>\n\t<meta property=\"og:image:width\" content=\"480\" \/>\n\t<meta property=\"og:image:height\" content=\"360\" \/>\n\t<meta property=\"og:image:type\" content=\"image\/jpeg\" \/>\n<meta name=\"author\" content=\"bosniak\" \/>\n<meta name=\"twitter:card\" content=\"summary_large_image\" \/>\n<meta name=\"twitter:label1\" content=\"Written by\" \/>\n\t<meta name=\"twitter:data1\" content=\"bosniak\" \/>\n\t<meta name=\"twitter:label2\" content=\"Est. reading time\" \/>\n\t<meta name=\"twitter:data2\" content=\"1 minuta\" \/>\n<script type=\"application\/ld+json\" class=\"yoast-schema-graph\">{\"@context\":\"https:\/\/schema.org\",\"@graph\":[{\"@type\":\"Article\",\"@id\":\"https:\/\/sandzakpress.net\/arhiva\/do-kada-mahmutovic-planira-da-vara-ovaj-narod\/#article\",\"isPartOf\":{\"@id\":\"https:\/\/sandzakpress.net\/arhiva\/do-kada-mahmutovic-planira-da-vara-ovaj-narod\/\"},\"author\":{\"name\":\"bosniak\",\"@id\":\"https:\/\/sandzakpress.net\/arhiva\/#\/schema\/person\/c8baee722073534b583ea7bdb2e36c02\"},\"headline\":\"Do kada Mahmutovi\u0107 planira da vara ovaj narod?\",\"datePublished\":\"2015-10-07T13:49:47+00:00\",\"mainEntityOfPage\":{\"@id\":\"https:\/\/sandzakpress.net\/arhiva\/do-kada-mahmutovic-planira-da-vara-ovaj-narod\/\"},\"wordCount\":252,\"commentCount\":18,\"publisher\":{\"@id\":\"https:\/\/sandzakpress.net\/arhiva\/#\/schema\/person\/6e72b67d6e51910a1117b3b483ba20bd\"},\"image\":{\"@id\":\"https:\/\/sandzakpress.net\/arhiva\/do-kada-mahmutovic-planira-da-vara-ovaj-narod\/#primaryimage\"},\"thumbnailUrl\":\"https:\/\/sandzakpress.net\/arhiva\/wp-content\/uploads\/2015\/10\/014.jpg\",\"keywords\":[\"Vlast u Novom Pazaru\"],\"articleSection\":[\"Novi Pazar\",\"Politika\",\"Sjenica\",\"Prijepolje\",\"VIJESTI DANA\"],\"inLanguage\":\"bs-BA\",\"potentialAction\":[{\"@type\":\"CommentAction\",\"name\":\"Comment\",\"target\":[\"https:\/\/sandzakpress.net\/arhiva\/do-kada-mahmutovic-planira-da-vara-ovaj-narod\/#respond\"]}]},{\"@type\":\"WebPage\",\"@id\":\"https:\/\/sandzakpress.net\/arhiva\/do-kada-mahmutovic-planira-da-vara-ovaj-narod\/\",\"url\":\"https:\/\/sandzakpress.net\/arhiva\/do-kada-mahmutovic-planira-da-vara-ovaj-narod\/\",\"name\":\"Do kada Mahmutovi\u0107 planira da vara ovaj narod?\",\"isPartOf\":{\"@id\":\"https:\/\/sandzakpress.net\/arhiva\/#website\"},\"primaryImageOfPage\":{\"@id\":\"https:\/\/sandzakpress.net\/arhiva\/do-kada-mahmutovic-planira-da-vara-ovaj-narod\/#primaryimage\"},\"image\":{\"@id\":\"https:\/\/sandzakpress.net\/arhiva\/do-kada-mahmutovic-planira-da-vara-ovaj-narod\/#primaryimage\"},\"thumbnailUrl\":\"https:\/\/sandzakpress.net\/arhiva\/wp-content\/uploads\/2015\/10\/014.jpg\",\"datePublished\":\"2015-10-07T13:49:47+00:00\",\"breadcrumb\":{\"@id\":\"https:\/\/sandzakpress.net\/arhiva\/do-kada-mahmutovic-planira-da-vara-ovaj-narod\/#breadcrumb\"},\"inLanguage\":\"bs-BA\",\"potentialAction\":[{\"@type\":\"ReadAction\",\"target\":[\"https:\/\/sandzakpress.net\/arhiva\/do-kada-mahmutovic-planira-da-vara-ovaj-narod\/\"]}]},{\"@type\":\"ImageObject\",\"inLanguage\":\"bs-BA\",\"@id\":\"https:\/\/sandzakpress.net\/arhiva\/do-kada-mahmutovic-planira-da-vara-ovaj-narod\/#primaryimage\",\"url\":\"https:\/\/sandzakpress.net\/arhiva\/wp-content\/uploads\/2015\/10\/014.jpg\",\"contentUrl\":\"https:\/\/sandzakpress.net\/arhiva\/wp-content\/uploads\/2015\/10\/014.jpg\",\"width\":480,\"height\":360},{\"@type\":\"BreadcrumbList\",\"@id\":\"https:\/\/sandzakpress.net\/arhiva\/do-kada-mahmutovic-planira-da-vara-ovaj-narod\/#breadcrumb\",\"itemListElement\":[{\"@type\":\"ListItem\",\"position\":1,\"name\":\"Home\",\"item\":\"https:\/\/sandzakpress.net\/arhiva\/\"},{\"@type\":\"ListItem\",\"position\":2,\"name\":\"Do kada Mahmutovi\u0107 planira da vara ovaj narod?\"}]},{\"@type\":\"WebSite\",\"@id\":\"https:\/\/sandzakpress.net\/arhiva\/#website\",\"url\":\"https:\/\/sandzakpress.net\/arhiva\/\",\"name\":\"Sand\u017eak PRESS\",\"description\":\"Prve elektronske novine u Sand\u017eaku\",\"publisher\":{\"@id\":\"https:\/\/sandzakpress.net\/arhiva\/#\/schema\/person\/6e72b67d6e51910a1117b3b483ba20bd\"},\"potentialAction\":[{\"@type\":\"SearchAction\",\"target\":{\"@type\":\"EntryPoint\",\"urlTemplate\":\"https:\/\/sandzakpress.net\/arhiva\/?s={search_term_string}\"},\"query-input\":{\"@type\":\"PropertyValueSpecification\",\"valueRequired\":true,\"valueName\":\"search_term_string\"}}],\"inLanguage\":\"bs-BA\"},{\"@type\":[\"Person\",\"Organization\"],\"@id\":\"https:\/\/sandzakpress.net\/arhiva\/#\/schema\/person\/6e72b67d6e51910a1117b3b483ba20bd\",\"name\":\"Kul\",\"image\":{\"@type\":\"ImageObject\",\"inLanguage\":\"bs-BA\",\"@id\":\"https:\/\/sandzakpress.net\/arhiva\/#\/schema\/person\/image\/\",\"url\":\"https:\/\/secure.gravatar.com\/avatar\/42263f39aa27ac04c43cab85c280eb2e?s=96&d=mm&r=pg\",\"contentUrl\":\"https:\/\/secure.gravatar.com\/avatar\/42263f39aa27ac04c43cab85c280eb2e?s=96&d=mm&r=pg\",\"caption\":\"Kul\"},\"logo\":{\"@id\":\"https:\/\/sandzakpress.net\/arhiva\/#\/schema\/person\/image\/\"}},{\"@type\":\"Person\",\"@id\":\"https:\/\/sandzakpress.net\/arhiva\/#\/schema\/person\/c8baee722073534b583ea7bdb2e36c02\",\"name\":\"bosniak\",\"image\":{\"@type\":\"ImageObject\",\"inLanguage\":\"bs-BA\",\"@id\":\"https:\/\/sandzakpress.net\/arhiva\/#\/schema\/person\/image\/\",\"url\":\"https:\/\/secure.gravatar.com\/avatar\/a04fd330bfe3a36a72a0ad4a6d89fca7?s=96&d=mm&r=pg\",\"contentUrl\":\"https:\/\/secure.gravatar.com\/avatar\/a04fd330bfe3a36a72a0ad4a6d89fca7?s=96&d=mm&r=pg\",\"caption\":\"bosniak\"},\"url\":\"https:\/\/sandzakpress.net\/arhiva\/author\/bosniak\/\"}]}<\/script>\n<!-- \/ Yoast SEO Premium plugin. -->","yoast_head_json":{"title":"Do kada Mahmutovi\u0107 planira da vara ovaj narod?","robots":{"index":"index","follow":"follow","max-snippet":"max-snippet:-1","max-image-preview":"max-image-preview:large","max-video-preview":"max-video-preview:-1"},"canonical":"https:\/\/sandzakpress.net\/arhiva\/do-kada-mahmutovic-planira-da-vara-ovaj-narod\/","og_locale":"bs_BA","og_type":"article","og_title":"Do kada Mahmutovi\u0107 planira da vara ovaj narod?","og_description":"&#8220;Ko god da kupi Regionalnu TV dobi\u0107e opremu i napustit \u0107e zgradu&#8221; &#8211; Mahmutovi\u0107 Novi Pazar &#8211; Uprkos novom zakonu o privatizaciji medija, \u0161to se ti\u010de RTV ni\u0161ta se nije promijenilo. Ona i dalje ima istu ure\u0111iva\u010dku politiku, i ako je nakon privatizacije njen direktor Denis Mavri\u0107 najavio promjene. Podsje\u0107amo, gradona\u010delnik je bio jako zabrinut [&hellip;]","og_url":"https:\/\/sandzakpress.net\/arhiva\/do-kada-mahmutovic-planira-da-vara-ovaj-narod\/","og_site_name":"Sand\u017eak PRESS","article_published_time":"2015-10-07T13:49:47+00:00","og_image":[{"width":480,"height":360,"url":"https:\/\/sandzakpress.net\/arhiva\/wp-content\/uploads\/2015\/10\/014.jpg","type":"image\/jpeg"}],"author":"bosniak","twitter_card":"summary_large_image","twitter_misc":{"Written by":"bosniak","Est. reading time":"1 minuta"},"schema":{"@context":"https:\/\/schema.org","@graph":[{"@type":"Article","@id":"https:\/\/sandzakpress.net\/arhiva\/do-kada-mahmutovic-planira-da-vara-ovaj-narod\/#article","isPartOf":{"@id":"https:\/\/sandzakpress.net\/arhiva\/do-kada-mahmutovic-planira-da-vara-ovaj-narod\/"},"author":{"name":"bosniak","@id":"https:\/\/sandzakpress.net\/arhiva\/#\/schema\/person\/c8baee722073534b583ea7bdb2e36c02"},"headline":"Do kada Mahmutovi\u0107 planira da vara ovaj narod?","datePublished":"2015-10-07T13:49:47+00:00","mainEntityOfPage":{"@id":"https:\/\/sandzakpress.net\/arhiva\/do-kada-mahmutovic-planira-da-vara-ovaj-narod\/"},"wordCount":252,"commentCount":18,"publisher":{"@id":"https:\/\/sandzakpress.net\/arhiva\/#\/schema\/person\/6e72b67d6e51910a1117b3b483ba20bd"},"image":{"@id":"https:\/\/sandzakpress.net\/arhiva\/do-kada-mahmutovic-planira-da-vara-ovaj-narod\/#primaryimage"},"thumbnailUrl":"https:\/\/sandzakpress.net\/arhiva\/wp-content\/uploads\/2015\/10\/014.jpg","keywords":["Vlast u Novom Pazaru"],"articleSection":["Novi Pazar","Politika","Sjenica","Prijepolje","VIJESTI DANA"],"inLanguage":"bs-BA","potentialAction":[{"@type":"CommentAction","name":"Comment","target":["https:\/\/sandzakpress.net\/arhiva\/do-kada-mahmutovic-planira-da-vara-ovaj-narod\/#respond"]}]},{"@type":"WebPage","@id":"https:\/\/sandzakpress.net\/arhiva\/do-kada-mahmutovic-planira-da-vara-ovaj-narod\/","url":"https:\/\/sandzakpress.net\/arhiva\/do-kada-mahmutovic-planira-da-vara-ovaj-narod\/","name":"Do kada Mahmutovi\u0107 planira da vara ovaj narod?","isPartOf":{"@id":"https:\/\/sandzakpress.net\/arhiva\/#website"},"primaryImageOfPage":{"@id":"https:\/\/sandzakpress.net\/arhiva\/do-kada-mahmutovic-planira-da-vara-ovaj-narod\/#primaryimage"},"image":{"@id":"https:\/\/sandzakpress.net\/arhiva\/do-kada-mahmutovic-planira-da-vara-ovaj-narod\/#primaryimage"},"thumbnailUrl":"https:\/\/sandzakpress.net\/arhiva\/wp-content\/uploads\/2015\/10\/014.jpg","datePublished":"2015-10-07T13:49:47+00:00","breadcrumb":{"@id":"https:\/\/sandzakpress.net\/arhiva\/do-kada-mahmutovic-planira-da-vara-ovaj-narod\/#breadcrumb"},"inLanguage":"bs-BA","potentialAction":[{"@type":"ReadAction","target":["https:\/\/sandzakpress.net\/arhiva\/do-kada-mahmutovic-planira-da-vara-ovaj-narod\/"]}]},{"@type":"ImageObject","inLanguage":"bs-BA","@id":"https:\/\/sandzakpress.net\/arhiva\/do-kada-mahmutovic-planira-da-vara-ovaj-narod\/#primaryimage","url":"https:\/\/sandzakpress.net\/arhiva\/wp-content\/uploads\/2015\/10\/014.jpg","contentUrl":"https:\/\/sandzakpress.net\/arhiva\/wp-content\/uploads\/2015\/10\/014.jpg","width":480,"height":360},{"@type":"BreadcrumbList","@id":"https:\/\/sandzakpress.net\/arhiva\/do-kada-mahmutovic-planira-da-vara-ovaj-narod\/#breadcrumb","itemListElement":[{"@type":"ListItem","position":1,"name":"Home","item":"https:\/\/sandzakpress.net\/arhiva\/"},{"@type":"ListItem","position":2,"name":"Do kada Mahmutovi\u0107 planira da vara ovaj narod?"}]},{"@type":"WebSite","@id":"https:\/\/sandzakpress.net\/arhiva\/#website","url":"https:\/\/sandzakpress.net\/arhiva\/","name":"Sand\u017eak PRESS","description":"Prve elektronske novine u Sand\u017eaku","publisher":{"@id":"https:\/\/sandzakpress.net\/arhiva\/#\/schema\/person\/6e72b67d6e51910a1117b3b483ba20bd"},"potentialAction":[{"@type":"SearchAction","target":{"@type":"EntryPoint","urlTemplate":"https:\/\/sandzakpress.net\/arhiva\/?s={search_term_string}"},"query-input":{"@type":"PropertyValueSpecification","valueRequired":true,"valueName":"search_term_string"}}],"inLanguage":"bs-BA"},{"@type":["Person","Organization"],"@id":"https:\/\/sandzakpress.net\/arhiva\/#\/schema\/person\/6e72b67d6e51910a1117b3b483ba20bd","name":"Kul","image":{"@type":"ImageObject","inLanguage":"bs-BA","@id":"https:\/\/sandzakpress.net\/arhiva\/#\/schema\/person\/image\/","url":"https:\/\/secure.gravatar.com\/avatar\/42263f39aa27ac04c43cab85c280eb2e?s=96&d=mm&r=pg","contentUrl":"https:\/\/secure.gravatar.com\/avatar\/42263f39aa27ac04c43cab85c280eb2e?s=96&d=mm&r=pg","caption":"Kul"},"logo":{"@id":"https:\/\/sandzakpress.net\/arhiva\/#\/schema\/person\/image\/"}},{"@type":"Person","@id":"https:\/\/sandzakpress.net\/arhiva\/#\/schema\/person\/c8baee722073534b583ea7bdb2e36c02","name":"bosniak","image":{"@type":"ImageObject","inLanguage":"bs-BA","@id":"https:\/\/sandzakpress.net\/arhiva\/#\/schema\/person\/image\/","url":"https:\/\/secure.gravatar.com\/avatar\/a04fd330bfe3a36a72a0ad4a6d89fca7?s=96&d=mm&r=pg","contentUrl":"https:\/\/secure.gravatar.com\/avatar\/a04fd330bfe3a36a72a0ad4a6d89fca7?s=96&d=mm&r=pg","caption":"bosniak"},"url":"https:\/\/sandzakpress.net\/arhiva\/author\/bosniak\/"}]}},"_links":{"self":[{"href":"https:\/\/sandzakpress.net\/arhiva\/wp-json\/wp\/v2\/posts\/139994"}],"collection":[{"href":"https:\/\/sandzakpress.net\/arhiva\/wp-json\/wp\/v2\/posts"}],"about":[{"href":"https:\/\/sandzakpress.net\/arhiva\/wp-json\/wp\/v2\/types\/post"}],"author":[{"embeddable":true,"href":"https:\/\/sandzakpress.net\/arhiva\/wp-json\/wp\/v2\/users\/83"}],"replies":[{"embeddable":true,"href":"https:\/\/sandzakpress.net\/arhiva\/wp-json\/wp\/v2\/comments?post=139994"}],"version-history":[{"count":0,"href":"https:\/\/sandzakpress.net\/arhiva\/wp-json\/wp\/v2\/posts\/139994\/revisions"}],"wp:featuredmedia":[{"embeddable":true,"href":"https:\/\/sandzakpress.net\/arhiva\/wp-json\/wp\/v2\/media\/139995"}],"wp:attachment":[{"href":"https:\/\/sandzakpress.net\/arhiva\/wp-json\/wp\/v2\/media?parent=139994"}],"wp:term":[{"taxonomy":"category","embeddable":true,"href":"https:\/\/sandzakpress.net\/arhiva\/wp-json\/wp\/v2\/categories?post=139994"},{"taxonomy":"post_tag","embeddable":true,"href":"https:\/\/sandzakpress.net\/arhiva\/wp-json\/wp\/v2\/tags?post=139994"}],"curies":[{"name":"wp","href":"https:\/\/api.w.org\/{rel}","templated":true}]}}