{"id":139895,"date":"2015-10-07T09:38:36","date_gmt":"2015-10-07T07:38:36","guid":{"rendered":"https:\/\/sandzakpress.net\/arhiva\/?p=139895"},"modified":"2015-10-07T10:20:03","modified_gmt":"2015-10-07T08:20:03","slug":"premijer-crne-gore-upozorava-demonstrante-satore-i-binu-da-uklone-do-sjutra","status":"publish","type":"post","link":"https:\/\/sandzakpress.net\/arhiva\/premijer-crne-gore-upozorava-demonstrante-satore-i-binu-da-uklone-do-sjutra\/","title":{"rendered":"Premijer Crne Gore upozorava demonstrante: \u0160atore i binu da uklone do sutra"},"content":{"rendered":"<p><img decoding=\"async\" src=\"http:\/\/rtcg.me\/upload\/boxImageData\/2015\/10\/6\/144229\/IMG_6474.JPG\" alt=\"Stijepovi\u0107 apelovao na organizatore protesta da oslobode bulevar (Foto Portal RTCG)\" \/><br \/>Rok za micanje s gradskih prometnica je sutra u 10 sati. Ako se demonstranti ne budu htjeli premjestiti, komunalna policija je spremna.<\/p>\n<p>Opozicioni Demokratski front u Crnoj Gori nastavlja s protestima. U srijedu isti\u010de rok gradskih vlasti u Podgorici da pomjere binu i blokadu s puta.\u00a0<\/p>\n<p>Pred zgradom skup\u0161tine u Podgorici ve\u0107 deseti dan demonstranti tra\u017ee prijelaznu Vladu i slobodne izbore, javlja Ivan Pavkovi\u0107, novinar Al Jazeere.<\/p>\n<p>Premijer Milo \u0110ukanovi\u0107 poru\u010dio je demonstrantima da svojim porukama dovode u pitanje evropski i euroatlantski put zemlje. Upro je prstom u njihove vanjske saveznike.<\/p>\n<p>&#8220;Podr\u0161ka sti\u017ee sa samo jednog mjesta, iz Beograda. Ne od dr\u017eavne politike Srbije, \u0161to je va\u017eno i \u0161to potvr\u0111uje kvalitet novih odnosa Srbije i Crne Gore. Nego iz samo jednog politi\u010dkog kruga Demokratske stranke Srbije, da podsjetimo, nekada\u0161njeg lidera Vojislava Ko\u0161tunice&#8221;, poru\u010dio je \u0110ukanovi\u0107.<\/p>\n<p>\u0110ukanovi\u0107u je upitna i priroda okupljanja iza kojeg, ka\u017ee, stoji tek mali dio opozicije.<\/p>\n<p>On je rekao: &#8220;Posljednji doga\u0111aji od nedjelje ve\u010deri ukazuju da je upitno je je li rije\u010d o protestima DF-a ili samo jedne partije &#8211; Nove srpske demokratije. Svakako nije rije\u010d o gra\u0111anskim protestima&#8221;.<\/p>\n<p>Nije se dugo \u010dekao odgovor.<\/p>\n<p><strong>Kritika DF-a<\/strong><\/p>\n<p>&#8220;On se pona\u0161a kao i svaki diktator. Saop\u0161tava to \u0161to saop\u0161tava. Ja ga pozivam da podnese ostavku&#8221;, poru\u010dio je Predrag Bulatovi\u0107 iz Demokratskog fronta.<\/p>\n<p>Nemaju namjeru prekidati proteste. &#8220;Mi \u0107emo biti istrajni u na\u0161im protestima. Oni su iz dana u dan brojniji&#8221;. Gradske vlasti, pak, pozivaju demonstrante da se makar maknu s ceste.<\/p>\n<p>Gradona\u010delnik Podgorice Slavoljub Stijepovi\u0107 je kazao: &#8220;Apelujem na organizatore protesta da i oni budu odgovorni prema gra\u0111anima glavnog grada, te da oslobode glavnu gradsku sabra\u0107ajnicu i omogu\u0107e nesmetano funkcionisanje saobra\u0107aja&#8221;.<\/p>\n<p>Rok za micanje s gradskih prometnica je sutra u 10 sati. Ako se demonstranti ne budu htjeli premjestiti, komunalna policija je spremna.<\/p>\n<p>&#8220;Evo ja vam dajem odgovor. Primjenit \u0107emo sva ovla\u0161\u0107enja koja nam je dao zakon. U skladu sa Zakonom o inspekcijskom nadzoru mo\u017ee se tra\u017eiti asistencija policije&#8221;, poru\u010dio je Goran Jankovi\u0107, na\u010delnik komunalne policije.<\/p>\n<p>Podgoricu bi, sredinom mjeseca, trebali posjetiti generalni sekretar NATO-a i ambasadori zemalja \u010dlanica \u0161to se tuma\u010di kao finalizacija na putu za \u010dlanstvo u ovoj alijansi.<\/p>\n<p>Do sada je u pregovorima sa Evropskom unijom zatvorila dva pregovara\u010dka poglavlja, a od evropskih zvani\u010dnika je pohvaljena kao regionalni lider u EU integracijama.<\/p>\n<p><img decoding=\"async\" src=\"http:\/\/rtcg.me\/upload\/boxImageData\/2015\/10\/6\/144228\/DSCN0050.JPG\" alt=\"\u0160atore i binu da uklone do sjutra u 10.30 sati\" \/><\/p>\n<p>Glavni grad je poru\u010dio organizatorima protesta ispred Skup\u0161tine Crne Gore da do sjutra ujutru uklone binu i \u0161atore sa Bulevara Svetog Petra Cetinjskog. U suprotnom \u0107e, kako je saop\u0161teno, reagovati Komunalna policija.<\/p>\n<p>Organizatori protesta moraju sjutra do 10 sati i 30 minuta da uklone binu i prate\u0107e objekte sa bulevara ispred zgrade Skup\u0161tine, a ukoliko to ne u\u010dine reagova\u0107e komunalna policija Glavnog grada, u skladu sa zakonskim ovla\u0161\u0107enjima, saop\u0161tio je\u00a0na\u010delnik Komunalne policije Glavnog grada, Goran Jankovi\u0107.<\/p>\n<p>Jankovi\u0107 je objasnio da komunalna policija, prilikom uklanjanja \u0161atora i mobilijara, u skladu sa zakonom, mo\u017ee zatra\u017eiti i asistenciju policije.<\/p>\n<p>Gradona\u010delnik Podgorice Slavoljub Stijepovi\u0107 apelovao je na organizatore protesta, Demokratski front, da oslobode dio Bulevara Svetog Petra Cetinjskog ispred parlamenta. On je pozvao organizatore protesta da budu odgovorni prema gra\u0111anima i da protest nastave, \u00a0preko puta zgrade Skup\u0161tine.<\/p>\n<p>&#8220;Apelujem na organizatore protesta da oslobode glavnu gradsku saobra\u0107ajnicu, a da svoja prava tra\u017ee sa javnih povr\u0161ina preko puta zgrade Skup\u0161tine&#8221;, kazao je Stijepovi\u0107 na konferenciji za novinare.<\/p>\n<div class=\"youtube-embed\" data-video_id=\"UCq0368kYoA\"><iframe loading=\"lazy\" title=\"\u0110ukanovi\u0107: Nije rije\u010d o gra\u0111anskim protestima\" width=\"696\" height=\"392\" src=\"https:\/\/www.youtube.com\/embed\/UCq0368kYoA?feature=oembed&#038;enablejsapi=1\" frameborder=\"0\" allow=\"accelerometer; autoplay; encrypted-media; gyroscope; picture-in-picture\" allowfullscreen><\/iframe><\/div>\n","protected":false},"excerpt":{"rendered":"<p>Rok za micanje s gradskih prometnica je sutra u 10 sati. Ako se demonstranti ne budu htjeli premjestiti, komunalna policija je spremna. Opozicioni Demokratski front u Crnoj Gori nastavlja s protestima. U srijedu isti\u010de rok gradskih vlasti u Podgorici da pomjere binu i blokadu s puta.\u00a0 Pred zgradom skup\u0161tine u Podgorici ve\u0107 deseti dan demonstranti [&hellip;]<\/p>\n","protected":false},"author":83,"featured_media":139896,"comment_status":"open","ping_status":"open","sticky":false,"template":"","format":"standard","meta":{"footnotes":""},"categories":[10308,8957],"tags":[],"class_list":{"0":"post-139895","1":"post","2":"type-post","3":"status-publish","4":"format-standard","5":"has-post-thumbnail","7":"category-crna-gora","8":"category-vijesti-dana"},"yoast_head":"<!-- This site is optimized with the Yoast SEO Premium plugin v23.1 (Yoast SEO v24.9) - https:\/\/yoast.com\/wordpress\/plugins\/seo\/ -->\n<title>Premijer Crne Gore upozorava demonstrante: \u0160atore i binu da uklone do sutra<\/title>\n<meta name=\"robots\" content=\"index, follow, max-snippet:-1, max-image-preview:large, max-video-preview:-1\" \/>\n<link rel=\"canonical\" href=\"https:\/\/sandzakpress.net\/arhiva\/premijer-crne-gore-upozorava-demonstrante-satore-i-binu-da-uklone-do-sjutra\/\" \/>\n<meta property=\"og:locale\" content=\"bs_BA\" \/>\n<meta property=\"og:type\" content=\"article\" \/>\n<meta property=\"og:title\" content=\"Premijer Crne Gore upozorava demonstrante: \u0160atore i binu da uklone do sutra\" \/>\n<meta property=\"og:description\" content=\"Rok za micanje s gradskih prometnica je sutra u 10 sati. Ako se demonstranti ne budu htjeli premjestiti, komunalna policija je spremna. Opozicioni Demokratski front u Crnoj Gori nastavlja s protestima. U srijedu isti\u010de rok gradskih vlasti u Podgorici da pomjere binu i blokadu s puta.\u00a0 Pred zgradom skup\u0161tine u Podgorici ve\u0107 deseti dan demonstranti [&hellip;]\" \/>\n<meta property=\"og:url\" content=\"https:\/\/sandzakpress.net\/arhiva\/premijer-crne-gore-upozorava-demonstrante-satore-i-binu-da-uklone-do-sjutra\/\" \/>\n<meta property=\"og:site_name\" content=\"Sand\u017eak PRESS\" \/>\n<meta property=\"article:published_time\" content=\"2015-10-07T07:38:36+00:00\" \/>\n<meta property=\"article:modified_time\" content=\"2015-10-07T08:20:03+00:00\" \/>\n<meta property=\"og:image\" content=\"https:\/\/sandzakpress.net\/arhiva\/wp-content\/uploads\/2015\/10\/IMG_6474.jpg\" \/>\n\t<meta property=\"og:image:width\" content=\"900\" \/>\n\t<meta property=\"og:image:height\" content=\"600\" \/>\n\t<meta property=\"og:image:type\" content=\"image\/jpeg\" \/>\n<meta name=\"author\" content=\"bosniak\" \/>\n<meta name=\"twitter:card\" content=\"summary_large_image\" \/>\n<meta name=\"twitter:label1\" content=\"Written by\" \/>\n\t<meta name=\"twitter:data1\" content=\"bosniak\" \/>\n\t<meta name=\"twitter:label2\" content=\"Est. reading time\" \/>\n\t<meta name=\"twitter:data2\" content=\"3 minute\" \/>\n<script type=\"application\/ld+json\" class=\"yoast-schema-graph\">{\"@context\":\"https:\/\/schema.org\",\"@graph\":[{\"@type\":\"Article\",\"@id\":\"https:\/\/sandzakpress.net\/arhiva\/premijer-crne-gore-upozorava-demonstrante-satore-i-binu-da-uklone-do-sjutra\/#article\",\"isPartOf\":{\"@id\":\"https:\/\/sandzakpress.net\/arhiva\/premijer-crne-gore-upozorava-demonstrante-satore-i-binu-da-uklone-do-sjutra\/\"},\"author\":{\"name\":\"bosniak\",\"@id\":\"https:\/\/sandzakpress.net\/arhiva\/#\/schema\/person\/c8baee722073534b583ea7bdb2e36c02\"},\"headline\":\"Premijer Crne Gore upozorava demonstrante: \u0160atore i binu da uklone do sutra\",\"datePublished\":\"2015-10-07T07:38:36+00:00\",\"dateModified\":\"2015-10-07T08:20:03+00:00\",\"mainEntityOfPage\":{\"@id\":\"https:\/\/sandzakpress.net\/arhiva\/premijer-crne-gore-upozorava-demonstrante-satore-i-binu-da-uklone-do-sjutra\/\"},\"wordCount\":610,\"commentCount\":6,\"publisher\":{\"@id\":\"https:\/\/sandzakpress.net\/arhiva\/#\/schema\/person\/6e72b67d6e51910a1117b3b483ba20bd\"},\"image\":{\"@id\":\"https:\/\/sandzakpress.net\/arhiva\/premijer-crne-gore-upozorava-demonstrante-satore-i-binu-da-uklone-do-sjutra\/#primaryimage\"},\"thumbnailUrl\":\"https:\/\/sandzakpress.net\/arhiva\/wp-content\/uploads\/2015\/10\/IMG_6474.jpg\",\"articleSection\":[\"Crna Gora\",\"VIJESTI DANA\"],\"inLanguage\":\"bs-BA\",\"potentialAction\":[{\"@type\":\"CommentAction\",\"name\":\"Comment\",\"target\":[\"https:\/\/sandzakpress.net\/arhiva\/premijer-crne-gore-upozorava-demonstrante-satore-i-binu-da-uklone-do-sjutra\/#respond\"]}]},{\"@type\":\"WebPage\",\"@id\":\"https:\/\/sandzakpress.net\/arhiva\/premijer-crne-gore-upozorava-demonstrante-satore-i-binu-da-uklone-do-sjutra\/\",\"url\":\"https:\/\/sandzakpress.net\/arhiva\/premijer-crne-gore-upozorava-demonstrante-satore-i-binu-da-uklone-do-sjutra\/\",\"name\":\"Premijer Crne Gore upozorava demonstrante: \u0160atore i binu da uklone do sutra\",\"isPartOf\":{\"@id\":\"https:\/\/sandzakpress.net\/arhiva\/#website\"},\"primaryImageOfPage\":{\"@id\":\"https:\/\/sandzakpress.net\/arhiva\/premijer-crne-gore-upozorava-demonstrante-satore-i-binu-da-uklone-do-sjutra\/#primaryimage\"},\"image\":{\"@id\":\"https:\/\/sandzakpress.net\/arhiva\/premijer-crne-gore-upozorava-demonstrante-satore-i-binu-da-uklone-do-sjutra\/#primaryimage\"},\"thumbnailUrl\":\"https:\/\/sandzakpress.net\/arhiva\/wp-content\/uploads\/2015\/10\/IMG_6474.jpg\",\"datePublished\":\"2015-10-07T07:38:36+00:00\",\"dateModified\":\"2015-10-07T08:20:03+00:00\",\"breadcrumb\":{\"@id\":\"https:\/\/sandzakpress.net\/arhiva\/premijer-crne-gore-upozorava-demonstrante-satore-i-binu-da-uklone-do-sjutra\/#breadcrumb\"},\"inLanguage\":\"bs-BA\",\"potentialAction\":[{\"@type\":\"ReadAction\",\"target\":[\"https:\/\/sandzakpress.net\/arhiva\/premijer-crne-gore-upozorava-demonstrante-satore-i-binu-da-uklone-do-sjutra\/\"]}]},{\"@type\":\"ImageObject\",\"inLanguage\":\"bs-BA\",\"@id\":\"https:\/\/sandzakpress.net\/arhiva\/premijer-crne-gore-upozorava-demonstrante-satore-i-binu-da-uklone-do-sjutra\/#primaryimage\",\"url\":\"https:\/\/sandzakpress.net\/arhiva\/wp-content\/uploads\/2015\/10\/IMG_6474.jpg\",\"contentUrl\":\"https:\/\/sandzakpress.net\/arhiva\/wp-content\/uploads\/2015\/10\/IMG_6474.jpg\",\"width\":900,\"height\":600},{\"@type\":\"BreadcrumbList\",\"@id\":\"https:\/\/sandzakpress.net\/arhiva\/premijer-crne-gore-upozorava-demonstrante-satore-i-binu-da-uklone-do-sjutra\/#breadcrumb\",\"itemListElement\":[{\"@type\":\"ListItem\",\"position\":1,\"name\":\"Home\",\"item\":\"https:\/\/sandzakpress.net\/arhiva\/\"},{\"@type\":\"ListItem\",\"position\":2,\"name\":\"Premijer Crne Gore upozorava demonstrante: \u0160atore i binu da uklone do sutra\"}]},{\"@type\":\"WebSite\",\"@id\":\"https:\/\/sandzakpress.net\/arhiva\/#website\",\"url\":\"https:\/\/sandzakpress.net\/arhiva\/\",\"name\":\"Sand\u017eak PRESS\",\"description\":\"Prve elektronske novine u Sand\u017eaku\",\"publisher\":{\"@id\":\"https:\/\/sandzakpress.net\/arhiva\/#\/schema\/person\/6e72b67d6e51910a1117b3b483ba20bd\"},\"potentialAction\":[{\"@type\":\"SearchAction\",\"target\":{\"@type\":\"EntryPoint\",\"urlTemplate\":\"https:\/\/sandzakpress.net\/arhiva\/?s={search_term_string}\"},\"query-input\":{\"@type\":\"PropertyValueSpecification\",\"valueRequired\":true,\"valueName\":\"search_term_string\"}}],\"inLanguage\":\"bs-BA\"},{\"@type\":[\"Person\",\"Organization\"],\"@id\":\"https:\/\/sandzakpress.net\/arhiva\/#\/schema\/person\/6e72b67d6e51910a1117b3b483ba20bd\",\"name\":\"Kul\",\"image\":{\"@type\":\"ImageObject\",\"inLanguage\":\"bs-BA\",\"@id\":\"https:\/\/sandzakpress.net\/arhiva\/#\/schema\/person\/image\/\",\"url\":\"https:\/\/secure.gravatar.com\/avatar\/42263f39aa27ac04c43cab85c280eb2e?s=96&d=mm&r=pg\",\"contentUrl\":\"https:\/\/secure.gravatar.com\/avatar\/42263f39aa27ac04c43cab85c280eb2e?s=96&d=mm&r=pg\",\"caption\":\"Kul\"},\"logo\":{\"@id\":\"https:\/\/sandzakpress.net\/arhiva\/#\/schema\/person\/image\/\"}},{\"@type\":\"Person\",\"@id\":\"https:\/\/sandzakpress.net\/arhiva\/#\/schema\/person\/c8baee722073534b583ea7bdb2e36c02\",\"name\":\"bosniak\",\"image\":{\"@type\":\"ImageObject\",\"inLanguage\":\"bs-BA\",\"@id\":\"https:\/\/sandzakpress.net\/arhiva\/#\/schema\/person\/image\/\",\"url\":\"https:\/\/secure.gravatar.com\/avatar\/a04fd330bfe3a36a72a0ad4a6d89fca7?s=96&d=mm&r=pg\",\"contentUrl\":\"https:\/\/secure.gravatar.com\/avatar\/a04fd330bfe3a36a72a0ad4a6d89fca7?s=96&d=mm&r=pg\",\"caption\":\"bosniak\"},\"url\":\"https:\/\/sandzakpress.net\/arhiva\/author\/bosniak\/\"}]}<\/script>\n<!-- \/ Yoast SEO Premium plugin. -->","yoast_head_json":{"title":"Premijer Crne Gore upozorava demonstrante: \u0160atore i binu da uklone do sutra","robots":{"index":"index","follow":"follow","max-snippet":"max-snippet:-1","max-image-preview":"max-image-preview:large","max-video-preview":"max-video-preview:-1"},"canonical":"https:\/\/sandzakpress.net\/arhiva\/premijer-crne-gore-upozorava-demonstrante-satore-i-binu-da-uklone-do-sjutra\/","og_locale":"bs_BA","og_type":"article","og_title":"Premijer Crne Gore upozorava demonstrante: \u0160atore i binu da uklone do sutra","og_description":"Rok za micanje s gradskih prometnica je sutra u 10 sati. Ako se demonstranti ne budu htjeli premjestiti, komunalna policija je spremna. Opozicioni Demokratski front u Crnoj Gori nastavlja s protestima. U srijedu isti\u010de rok gradskih vlasti u Podgorici da pomjere binu i blokadu s puta.\u00a0 Pred zgradom skup\u0161tine u Podgorici ve\u0107 deseti dan demonstranti [&hellip;]","og_url":"https:\/\/sandzakpress.net\/arhiva\/premijer-crne-gore-upozorava-demonstrante-satore-i-binu-da-uklone-do-sjutra\/","og_site_name":"Sand\u017eak PRESS","article_published_time":"2015-10-07T07:38:36+00:00","article_modified_time":"2015-10-07T08:20:03+00:00","og_image":[{"width":900,"height":600,"url":"https:\/\/sandzakpress.net\/arhiva\/wp-content\/uploads\/2015\/10\/IMG_6474.jpg","type":"image\/jpeg"}],"author":"bosniak","twitter_card":"summary_large_image","twitter_misc":{"Written by":"bosniak","Est. reading time":"3 minute"},"schema":{"@context":"https:\/\/schema.org","@graph":[{"@type":"Article","@id":"https:\/\/sandzakpress.net\/arhiva\/premijer-crne-gore-upozorava-demonstrante-satore-i-binu-da-uklone-do-sjutra\/#article","isPartOf":{"@id":"https:\/\/sandzakpress.net\/arhiva\/premijer-crne-gore-upozorava-demonstrante-satore-i-binu-da-uklone-do-sjutra\/"},"author":{"name":"bosniak","@id":"https:\/\/sandzakpress.net\/arhiva\/#\/schema\/person\/c8baee722073534b583ea7bdb2e36c02"},"headline":"Premijer Crne Gore upozorava demonstrante: \u0160atore i binu da uklone do sutra","datePublished":"2015-10-07T07:38:36+00:00","dateModified":"2015-10-07T08:20:03+00:00","mainEntityOfPage":{"@id":"https:\/\/sandzakpress.net\/arhiva\/premijer-crne-gore-upozorava-demonstrante-satore-i-binu-da-uklone-do-sjutra\/"},"wordCount":610,"commentCount":6,"publisher":{"@id":"https:\/\/sandzakpress.net\/arhiva\/#\/schema\/person\/6e72b67d6e51910a1117b3b483ba20bd"},"image":{"@id":"https:\/\/sandzakpress.net\/arhiva\/premijer-crne-gore-upozorava-demonstrante-satore-i-binu-da-uklone-do-sjutra\/#primaryimage"},"thumbnailUrl":"https:\/\/sandzakpress.net\/arhiva\/wp-content\/uploads\/2015\/10\/IMG_6474.jpg","articleSection":["Crna Gora","VIJESTI DANA"],"inLanguage":"bs-BA","potentialAction":[{"@type":"CommentAction","name":"Comment","target":["https:\/\/sandzakpress.net\/arhiva\/premijer-crne-gore-upozorava-demonstrante-satore-i-binu-da-uklone-do-sjutra\/#respond"]}]},{"@type":"WebPage","@id":"https:\/\/sandzakpress.net\/arhiva\/premijer-crne-gore-upozorava-demonstrante-satore-i-binu-da-uklone-do-sjutra\/","url":"https:\/\/sandzakpress.net\/arhiva\/premijer-crne-gore-upozorava-demonstrante-satore-i-binu-da-uklone-do-sjutra\/","name":"Premijer Crne Gore upozorava demonstrante: \u0160atore i binu da uklone do sutra","isPartOf":{"@id":"https:\/\/sandzakpress.net\/arhiva\/#website"},"primaryImageOfPage":{"@id":"https:\/\/sandzakpress.net\/arhiva\/premijer-crne-gore-upozorava-demonstrante-satore-i-binu-da-uklone-do-sjutra\/#primaryimage"},"image":{"@id":"https:\/\/sandzakpress.net\/arhiva\/premijer-crne-gore-upozorava-demonstrante-satore-i-binu-da-uklone-do-sjutra\/#primaryimage"},"thumbnailUrl":"https:\/\/sandzakpress.net\/arhiva\/wp-content\/uploads\/2015\/10\/IMG_6474.jpg","datePublished":"2015-10-07T07:38:36+00:00","dateModified":"2015-10-07T08:20:03+00:00","breadcrumb":{"@id":"https:\/\/sandzakpress.net\/arhiva\/premijer-crne-gore-upozorava-demonstrante-satore-i-binu-da-uklone-do-sjutra\/#breadcrumb"},"inLanguage":"bs-BA","potentialAction":[{"@type":"ReadAction","target":["https:\/\/sandzakpress.net\/arhiva\/premijer-crne-gore-upozorava-demonstrante-satore-i-binu-da-uklone-do-sjutra\/"]}]},{"@type":"ImageObject","inLanguage":"bs-BA","@id":"https:\/\/sandzakpress.net\/arhiva\/premijer-crne-gore-upozorava-demonstrante-satore-i-binu-da-uklone-do-sjutra\/#primaryimage","url":"https:\/\/sandzakpress.net\/arhiva\/wp-content\/uploads\/2015\/10\/IMG_6474.jpg","contentUrl":"https:\/\/sandzakpress.net\/arhiva\/wp-content\/uploads\/2015\/10\/IMG_6474.jpg","width":900,"height":600},{"@type":"BreadcrumbList","@id":"https:\/\/sandzakpress.net\/arhiva\/premijer-crne-gore-upozorava-demonstrante-satore-i-binu-da-uklone-do-sjutra\/#breadcrumb","itemListElement":[{"@type":"ListItem","position":1,"name":"Home","item":"https:\/\/sandzakpress.net\/arhiva\/"},{"@type":"ListItem","position":2,"name":"Premijer Crne Gore upozorava demonstrante: \u0160atore i binu da uklone do sutra"}]},{"@type":"WebSite","@id":"https:\/\/sandzakpress.net\/arhiva\/#website","url":"https:\/\/sandzakpress.net\/arhiva\/","name":"Sand\u017eak PRESS","description":"Prve elektronske novine u Sand\u017eaku","publisher":{"@id":"https:\/\/sandzakpress.net\/arhiva\/#\/schema\/person\/6e72b67d6e51910a1117b3b483ba20bd"},"potentialAction":[{"@type":"SearchAction","target":{"@type":"EntryPoint","urlTemplate":"https:\/\/sandzakpress.net\/arhiva\/?s={search_term_string}"},"query-input":{"@type":"PropertyValueSpecification","valueRequired":true,"valueName":"search_term_string"}}],"inLanguage":"bs-BA"},{"@type":["Person","Organization"],"@id":"https:\/\/sandzakpress.net\/arhiva\/#\/schema\/person\/6e72b67d6e51910a1117b3b483ba20bd","name":"Kul","image":{"@type":"ImageObject","inLanguage":"bs-BA","@id":"https:\/\/sandzakpress.net\/arhiva\/#\/schema\/person\/image\/","url":"https:\/\/secure.gravatar.com\/avatar\/42263f39aa27ac04c43cab85c280eb2e?s=96&d=mm&r=pg","contentUrl":"https:\/\/secure.gravatar.com\/avatar\/42263f39aa27ac04c43cab85c280eb2e?s=96&d=mm&r=pg","caption":"Kul"},"logo":{"@id":"https:\/\/sandzakpress.net\/arhiva\/#\/schema\/person\/image\/"}},{"@type":"Person","@id":"https:\/\/sandzakpress.net\/arhiva\/#\/schema\/person\/c8baee722073534b583ea7bdb2e36c02","name":"bosniak","image":{"@type":"ImageObject","inLanguage":"bs-BA","@id":"https:\/\/sandzakpress.net\/arhiva\/#\/schema\/person\/image\/","url":"https:\/\/secure.gravatar.com\/avatar\/a04fd330bfe3a36a72a0ad4a6d89fca7?s=96&d=mm&r=pg","contentUrl":"https:\/\/secure.gravatar.com\/avatar\/a04fd330bfe3a36a72a0ad4a6d89fca7?s=96&d=mm&r=pg","caption":"bosniak"},"url":"https:\/\/sandzakpress.net\/arhiva\/author\/bosniak\/"}]}},"_links":{"self":[{"href":"https:\/\/sandzakpress.net\/arhiva\/wp-json\/wp\/v2\/posts\/139895"}],"collection":[{"href":"https:\/\/sandzakpress.net\/arhiva\/wp-json\/wp\/v2\/posts"}],"about":[{"href":"https:\/\/sandzakpress.net\/arhiva\/wp-json\/wp\/v2\/types\/post"}],"author":[{"embeddable":true,"href":"https:\/\/sandzakpress.net\/arhiva\/wp-json\/wp\/v2\/users\/83"}],"replies":[{"embeddable":true,"href":"https:\/\/sandzakpress.net\/arhiva\/wp-json\/wp\/v2\/comments?post=139895"}],"version-history":[{"count":0,"href":"https:\/\/sandzakpress.net\/arhiva\/wp-json\/wp\/v2\/posts\/139895\/revisions"}],"wp:featuredmedia":[{"embeddable":true,"href":"https:\/\/sandzakpress.net\/arhiva\/wp-json\/wp\/v2\/media\/139896"}],"wp:attachment":[{"href":"https:\/\/sandzakpress.net\/arhiva\/wp-json\/wp\/v2\/media?parent=139895"}],"wp:term":[{"taxonomy":"category","embeddable":true,"href":"https:\/\/sandzakpress.net\/arhiva\/wp-json\/wp\/v2\/categories?post=139895"},{"taxonomy":"post_tag","embeddable":true,"href":"https:\/\/sandzakpress.net\/arhiva\/wp-json\/wp\/v2\/tags?post=139895"}],"curies":[{"name":"wp","href":"https:\/\/api.w.org\/{rel}","templated":true}]}}