{"id":13980,"date":"2011-03-19T11:16:34","date_gmt":"2011-03-19T10:16:34","guid":{"rendered":"https:\/\/sandzakpress.net\/arhiva\/?p=13980"},"modified":"2011-03-19T11:16:34","modified_gmt":"2011-03-19T10:16:34","slug":"vaskovic-izasao-iz-zatvorske-udobnosti-da-bi-se-patio-na-slobodi","status":"publish","type":"post","link":"https:\/\/sandzakpress.net\/arhiva\/vaskovic-izasao-iz-zatvorske-udobnosti-da-bi-se-patio-na-slobodi\/","title":{"rendered":"Vaskovi\u0107 iza\u0161ao iz zatvorske udobnosti da bi se patio na slobodi"},"content":{"rendered":"<p><strong><a href=\"https:\/\/sandzakpress.net\/arhiva\/wp-content\/uploads\/2011\/03\/Rifat_Veskovic66.jpg\"><img loading=\"lazy\" decoding=\"async\" class=\"alignleft size-medium wp-image-13981\" src=\"https:\/\/sandzakpress.net\/arhiva\/wp-content\/uploads\/2011\/03\/Rifat_Veskovic66-221x300.jpg\" alt=\"\" width=\"221\" height=\"300\" \/><\/a>Ju\u017eni Sand\u017eak &#8211; Povodom ju\u010deranjeg svjedo\u010denja Rifata Veskovi\u0107a u nelegalnom krivi\u010dnom  postupku koji se vodi protiv Ibrahima \u010ciki\u0107a u Osnovnom sudu u Bijelom  Polju, kojim predsjedava sudija Rahmo Banda, \u010ciki\u0107 je dao izjavu  javnost.<br \/>\nU listu &#8220;Dan&#8221; 17. 03 2011 godine u tekstu koji je naslovljen &#8220;NEKADA\u0160NJI  \u010cELNIK SDA \u0160TITI ZATVORSKE \u010cUVARE&#8221; \u010ciki\u0107 je na po\u010detku naglasio: &#8211;  \u010cestitam ti, Rifate Veskovi\u0107u!!!<\/strong><\/p>\n<p>U nastavku izjave \u010ciki\u0107 tvrdi: &#8211; Ja nikada u svom \u017eivotu nisam imao  nikakve komunikacije sa Rifatom Veskovi\u0107em, niti sam ikada bio \u010dlan bilo  koje njegove stranke. Za vrijeme mojih zatvorskih dana u bjelopoljskom  Istra\u017enom zatvoru, tokom 1994. godine, nikada se nisam sreo sa  Veskovi\u0107em, niti sam kad sa njim dijelio zatvorsku \u0107eliju, \u0161to je i sam  na su\u0111enju priznao, zato se \u010dudim njegovom svjedo\u010denju!<\/p>\n<p>\u010ciki\u0107 dalje ka\u017ee: &#8211; Kakav je bio njegov tretman u zatvoru ja o tome  nisam pisao u svojoj knjizi, ja sam samo opisao djeli\u0107 pakla kroz koji  sam ja pro\u0161ao. \u0160to se ti\u010de njegove sumnje izre\u010dene na su\u0111enju da ja  nisam pisao knjigu, to je njegovo pravo i ja ne \u017eelim o tome sa njim  polemisati, rekao je \u010ciki\u0107 nastavljaju\u0107i: &#8211; Ovom prilikom podsje\u0107am  svjetsku demokratsku javnost, ali i Crne Gore, da knjiga \u201eGdje sunce ne  grije\u201c ima DOKUMENTARNU vrijednost, da je izdata od strane \u201eInicijative  mladih za ljudska prava Crne Gore\u201c, a da su recenzenti knjige prof. dr.  Re\u0161id Hafizovi\u0107, Miodrag \u017divkovi\u0107 i Andrej Nikolaidis. Radi javnosti  \u017eelim napomenuti da poslije promocije 2008. godine u Podgorici, te  po\u010detkom maja 2010. godine u organizaciji \u201eInstituta za<\/p>\n<table style=\"height: 24px\" border=\"0\" cellspacing=\"0\" cellpadding=\"5\" width=\"240\" align=\"right\" bgcolor=\"Gainsboro\">\n<tbody>\n<tr>\n<td align=\"left\"><\/td>\n<\/tr>\n<\/tbody>\n<\/table>\n<p>istra\u017eivanje  zlo\u010dina protiv \u010dovje\u010dnosti i kr\u0161enja me\u0111unarodnog prava\u201c Univerziteta u  Sarajevu u \u201eDomu Oru\u017eanih snaga BiH\u201c na promociji moje knjige su uzeli  u\u010de\u0161\u0107a najeminentniji nau\u010dni radnici i univerzitetski profesori svih  nacionalnosti sa prostora biv\u0161e Jugoslavije. Pomenut \u0107u samo neke od  njih: Prof. dr. Mile Babi\u0107, Franjeva\u010dka Bogoslovija, Prof. dr. Smail  \u010ceki\u0107, direkrot Instituta; Prof. dr. Milan Popovi\u0107, Prof. dr. Enes  Pelidija, Prof. dr. Ismet Dizdarevi\u0107, Prof. dr. Rasim Muratovi\u0107, Prof.  dr. Faruk Dalagija, Gojko Beri\u0107, Esad Ko\u010dan, knji\u017eevnik Milika Pavlovi\u0107,  Neboj\u0161a Medojevi\u0107, Slobo Pejovi\u0107, Safet Sijari\u0107&#8230;  Zatim odr\u017eane su  promocije u Kelnu, Frankfurtu, Hanoveru, Luxemburgu; 2. aprila bit \u0107e  odr\u017eana promocija u Amsterdamu&#8230; Knjiga je do sada imala dva izdanja, a  u pripremi je i tre\u0107e, to dovoljno govori o vrijednosti knjige, rekao  je \u010ciki\u0107 o svojoj knjizi, gdje jo\u0161 ukazuje: &#8211; Da je Veskovi\u0107 vi\u0161e pratio  medije imao je prilike pro\u010ditati vi\u0161e mojih kolumni i stavova, kojih \u0107e  iz dana u dan biti sve vi\u0161e, ako Bog da.<\/p>\n<p>\u010ciki\u0107 je u zaklju\u010dku izjave naglasio: &#8211; Nije mi jasno iz kojih razloga  je Veskovi\u0107 iza\u0161ao iz zatvorske udobnosti da bi se patio na slobodi!<\/p>\n<p>Po pitanju su\u0111enja protiv njega, \u010ciki\u0107 je istakao: Su\u0111enje protiv mene  je obi\u010dna farsa i produ\u017eeni zlo\u010din nadamnom \u0161to potvr\u0111uje i odustajanje  od tu\u017ebe Rasima Agi\u0107a i svjedo\u010denje Rifata Veskovi\u0107a. Na kraju, onoga  trenutka kad dobijem poziv za su\u0111enje ja \u0107u se odazvati, rekao je \u010ciki\u0107,  koji je \u010dlan Me\u0111unarodnog ekspertnog tima Instituta za istra\u017eivanje  genocida &#8211; Kanada (IRGC).<\/p>\n<p>Bo\u0161njaci.Net dobro znaju kolika je potra\u017enja \u010ciki\u0107eve knjige, time je  ispod akademskog nivoa da se prote\u017ee sumnja ko je autor i ko je pisao  knjigu, a da se uz to zaobilazi zbog \u010dega je \u010ciki\u0107 uhap\u0161en i  zlostavljan, maltretiran i prebijan po crnogorskim kazamatima. Najzad, i  \u010ditala\u010dka publika na vi\u0161e promocija na Balkanu i Evropi je pokazala  kako mi\u0161ljenje ima o knjizi i \u010ciki\u0107u.<br \/>\nNaporotiv, Bo\u0161njaci.Net saznaju da upravo knjigu Rifata Veskovi\u0107a pi\u0161u  Milan Radovi\u0107, nekada\u0161nji dr\u017eavni tu\u017eilac protiv \u010ciki\u0107a, a sada direktor  ZIKS-a u Spu\u017eu i Zoran Lazovi\u0107, jedan od \u0161efova ANB-a po nalogu ratnog  zlo\u010dinca i vo\u0111e mafija\u0161kog kartela Mila \u0110ukanovi\u0107a, koju upravo Veskovi\u0107  treba samo da potpi\u0161e i da se spase d\u017eelati bo\u0161nja\u010dkog naroda.  Veskovi\u0107u treba biti jasno da takva pri\u010da ne prolazi ni kod male djece u  Sand\u017eaku. S pravom se pitamo zar nije dosta sluganstva uvla\u010denja u  stra\u017enji dio ki\u010dme katila, progonitelja i istrebljiva\u010da bo\u0161nja\u010dkog  naroda!?<\/p>\n<p>Izvor: <strong>Bosnjaci.net<\/strong><\/p>\n","protected":false},"excerpt":{"rendered":"<p>Ju\u017eni Sand\u017eak &#8211; Povodom ju\u010deranjeg svjedo\u010denja Rifata Veskovi\u0107a u nelegalnom krivi\u010dnom postupku koji se vodi protiv Ibrahima \u010ciki\u0107a u Osnovnom sudu u Bijelom Polju, kojim predsjedava sudija Rahmo Banda, \u010ciki\u0107 je dao izjavu javnost. U listu &#8220;Dan&#8221; 17. 03 2011 godine u tekstu koji je naslovljen &#8220;NEKADA\u0160NJI \u010cELNIK SDA \u0160TITI ZATVORSKE \u010cUVARE&#8221; \u010ciki\u0107 je na [&hellip;]<\/p>\n","protected":false},"author":13,"featured_media":13981,"comment_status":"open","ping_status":"open","sticky":false,"template":"","format":"standard","meta":{"footnotes":""},"categories":[398,800,397,396,395,399],"tags":[],"class_list":{"0":"post-13980","1":"post","2":"type-post","3":"status-publish","4":"format-standard","5":"has-post-thumbnail","7":"category-rozaje","8":"category-nacija","9":"category-berane","10":"category-bijelo_polje","11":"category-pljevlja_","12":"category-plav_"},"yoast_head":"<!-- This site is optimized with the Yoast SEO Premium plugin v23.1 (Yoast SEO v24.9) - https:\/\/yoast.com\/wordpress\/plugins\/seo\/ -->\n<title>Vaskovi\u0107 iza\u0161ao iz zatvorske udobnosti da bi se patio na slobodi<\/title>\n<meta name=\"robots\" content=\"index, follow, max-snippet:-1, max-image-preview:large, max-video-preview:-1\" \/>\n<link rel=\"canonical\" href=\"https:\/\/sandzakpress.net\/arhiva\/vaskovic-izasao-iz-zatvorske-udobnosti-da-bi-se-patio-na-slobodi\/\" \/>\n<meta property=\"og:locale\" content=\"bs_BA\" \/>\n<meta property=\"og:type\" content=\"article\" \/>\n<meta property=\"og:title\" content=\"Vaskovi\u0107 iza\u0161ao iz zatvorske udobnosti da bi se patio na slobodi\" \/>\n<meta property=\"og:description\" content=\"Ju\u017eni Sand\u017eak &#8211; Povodom ju\u010deranjeg svjedo\u010denja Rifata Veskovi\u0107a u nelegalnom krivi\u010dnom postupku koji se vodi protiv Ibrahima \u010ciki\u0107a u Osnovnom sudu u Bijelom Polju, kojim predsjedava sudija Rahmo Banda, \u010ciki\u0107 je dao izjavu javnost. U listu &#8220;Dan&#8221; 17. 03 2011 godine u tekstu koji je naslovljen &#8220;NEKADA\u0160NJI \u010cELNIK SDA \u0160TITI ZATVORSKE \u010cUVARE&#8221; \u010ciki\u0107 je na [&hellip;]\" \/>\n<meta property=\"og:url\" content=\"https:\/\/sandzakpress.net\/arhiva\/vaskovic-izasao-iz-zatvorske-udobnosti-da-bi-se-patio-na-slobodi\/\" \/>\n<meta property=\"og:site_name\" content=\"Sand\u017eak PRESS\" \/>\n<meta property=\"article:published_time\" content=\"2011-03-19T10:16:34+00:00\" \/>\n<meta property=\"og:image\" content=\"https:\/\/sandzakpress.net\/arhiva\/wp-content\/uploads\/2011\/03\/Rifat_Veskovic66.jpg\" \/>\n\t<meta property=\"og:image:width\" content=\"235\" \/>\n\t<meta property=\"og:image:height\" content=\"318\" \/>\n\t<meta property=\"og:image:type\" content=\"image\/jpeg\" \/>\n<meta name=\"twitter:card\" content=\"summary_large_image\" \/>\n<meta name=\"twitter:label1\" content=\"Written by\" \/>\n\t<meta name=\"twitter:data1\" content=\"\" \/>\n\t<meta name=\"twitter:label2\" content=\"Est. reading time\" \/>\n\t<meta name=\"twitter:data2\" content=\"4 minute\" \/>\n<script type=\"application\/ld+json\" class=\"yoast-schema-graph\">{\"@context\":\"https:\/\/schema.org\",\"@graph\":[{\"@type\":\"Article\",\"@id\":\"https:\/\/sandzakpress.net\/arhiva\/vaskovic-izasao-iz-zatvorske-udobnosti-da-bi-se-patio-na-slobodi\/#article\",\"isPartOf\":{\"@id\":\"https:\/\/sandzakpress.net\/arhiva\/vaskovic-izasao-iz-zatvorske-udobnosti-da-bi-se-patio-na-slobodi\/\"},\"author\":{\"name\":\"\",\"@id\":\"\"},\"headline\":\"Vaskovi\u0107 iza\u0161ao iz zatvorske udobnosti da bi se patio na slobodi\",\"datePublished\":\"2011-03-19T10:16:34+00:00\",\"mainEntityOfPage\":{\"@id\":\"https:\/\/sandzakpress.net\/arhiva\/vaskovic-izasao-iz-zatvorske-udobnosti-da-bi-se-patio-na-slobodi\/\"},\"wordCount\":751,\"commentCount\":0,\"publisher\":{\"@id\":\"https:\/\/sandzakpress.net\/arhiva\/#\/schema\/person\/6e72b67d6e51910a1117b3b483ba20bd\"},\"image\":{\"@id\":\"https:\/\/sandzakpress.net\/arhiva\/vaskovic-izasao-iz-zatvorske-udobnosti-da-bi-se-patio-na-slobodi\/#primaryimage\"},\"thumbnailUrl\":\"https:\/\/sandzakpress.net\/arhiva\/wp-content\/uploads\/2011\/03\/Rifat_Veskovic66.jpg\",\"articleSection\":[\"Ro\u017eaje\",\"Nacija\",\"Berane\",\"Bijelo Polje\",\"Pljevlja\",\"Plav\"],\"inLanguage\":\"bs-BA\",\"potentialAction\":[{\"@type\":\"CommentAction\",\"name\":\"Comment\",\"target\":[\"https:\/\/sandzakpress.net\/arhiva\/vaskovic-izasao-iz-zatvorske-udobnosti-da-bi-se-patio-na-slobodi\/#respond\"]}]},{\"@type\":\"WebPage\",\"@id\":\"https:\/\/sandzakpress.net\/arhiva\/vaskovic-izasao-iz-zatvorske-udobnosti-da-bi-se-patio-na-slobodi\/\",\"url\":\"https:\/\/sandzakpress.net\/arhiva\/vaskovic-izasao-iz-zatvorske-udobnosti-da-bi-se-patio-na-slobodi\/\",\"name\":\"Vaskovi\u0107 iza\u0161ao iz zatvorske udobnosti da bi se patio na slobodi\",\"isPartOf\":{\"@id\":\"https:\/\/sandzakpress.net\/arhiva\/#website\"},\"primaryImageOfPage\":{\"@id\":\"https:\/\/sandzakpress.net\/arhiva\/vaskovic-izasao-iz-zatvorske-udobnosti-da-bi-se-patio-na-slobodi\/#primaryimage\"},\"image\":{\"@id\":\"https:\/\/sandzakpress.net\/arhiva\/vaskovic-izasao-iz-zatvorske-udobnosti-da-bi-se-patio-na-slobodi\/#primaryimage\"},\"thumbnailUrl\":\"https:\/\/sandzakpress.net\/arhiva\/wp-content\/uploads\/2011\/03\/Rifat_Veskovic66.jpg\",\"datePublished\":\"2011-03-19T10:16:34+00:00\",\"breadcrumb\":{\"@id\":\"https:\/\/sandzakpress.net\/arhiva\/vaskovic-izasao-iz-zatvorske-udobnosti-da-bi-se-patio-na-slobodi\/#breadcrumb\"},\"inLanguage\":\"bs-BA\",\"potentialAction\":[{\"@type\":\"ReadAction\",\"target\":[\"https:\/\/sandzakpress.net\/arhiva\/vaskovic-izasao-iz-zatvorske-udobnosti-da-bi-se-patio-na-slobodi\/\"]}]},{\"@type\":\"ImageObject\",\"inLanguage\":\"bs-BA\",\"@id\":\"https:\/\/sandzakpress.net\/arhiva\/vaskovic-izasao-iz-zatvorske-udobnosti-da-bi-se-patio-na-slobodi\/#primaryimage\",\"url\":\"https:\/\/sandzakpress.net\/arhiva\/wp-content\/uploads\/2011\/03\/Rifat_Veskovic66.jpg\",\"contentUrl\":\"https:\/\/sandzakpress.net\/arhiva\/wp-content\/uploads\/2011\/03\/Rifat_Veskovic66.jpg\",\"width\":235,\"height\":318},{\"@type\":\"BreadcrumbList\",\"@id\":\"https:\/\/sandzakpress.net\/arhiva\/vaskovic-izasao-iz-zatvorske-udobnosti-da-bi-se-patio-na-slobodi\/#breadcrumb\",\"itemListElement\":[{\"@type\":\"ListItem\",\"position\":1,\"name\":\"Home\",\"item\":\"https:\/\/sandzakpress.net\/arhiva\/\"},{\"@type\":\"ListItem\",\"position\":2,\"name\":\"Vaskovi\u0107 iza\u0161ao iz zatvorske udobnosti da bi se patio na slobodi\"}]},{\"@type\":\"WebSite\",\"@id\":\"https:\/\/sandzakpress.net\/arhiva\/#website\",\"url\":\"https:\/\/sandzakpress.net\/arhiva\/\",\"name\":\"Sand\u017eak PRESS\",\"description\":\"Prve elektronske novine u Sand\u017eaku\",\"publisher\":{\"@id\":\"https:\/\/sandzakpress.net\/arhiva\/#\/schema\/person\/6e72b67d6e51910a1117b3b483ba20bd\"},\"potentialAction\":[{\"@type\":\"SearchAction\",\"target\":{\"@type\":\"EntryPoint\",\"urlTemplate\":\"https:\/\/sandzakpress.net\/arhiva\/?s={search_term_string}\"},\"query-input\":{\"@type\":\"PropertyValueSpecification\",\"valueRequired\":true,\"valueName\":\"search_term_string\"}}],\"inLanguage\":\"bs-BA\"},{\"@type\":[\"Person\",\"Organization\"],\"@id\":\"https:\/\/sandzakpress.net\/arhiva\/#\/schema\/person\/6e72b67d6e51910a1117b3b483ba20bd\",\"name\":\"Kul\",\"image\":{\"@type\":\"ImageObject\",\"inLanguage\":\"bs-BA\",\"@id\":\"https:\/\/sandzakpress.net\/arhiva\/#\/schema\/person\/image\/\",\"url\":\"https:\/\/secure.gravatar.com\/avatar\/42263f39aa27ac04c43cab85c280eb2e?s=96&d=mm&r=pg\",\"contentUrl\":\"https:\/\/secure.gravatar.com\/avatar\/42263f39aa27ac04c43cab85c280eb2e?s=96&d=mm&r=pg\",\"caption\":\"Kul\"},\"logo\":{\"@id\":\"https:\/\/sandzakpress.net\/arhiva\/#\/schema\/person\/image\/\"}},{\"@type\":\"Person\",\"@id\":\"\",\"url\":\"https:\/\/sandzakpress.net\/arhiva\/author\/\"}]}<\/script>\n<!-- \/ Yoast SEO Premium plugin. -->","yoast_head_json":{"title":"Vaskovi\u0107 iza\u0161ao iz zatvorske udobnosti da bi se patio na slobodi","robots":{"index":"index","follow":"follow","max-snippet":"max-snippet:-1","max-image-preview":"max-image-preview:large","max-video-preview":"max-video-preview:-1"},"canonical":"https:\/\/sandzakpress.net\/arhiva\/vaskovic-izasao-iz-zatvorske-udobnosti-da-bi-se-patio-na-slobodi\/","og_locale":"bs_BA","og_type":"article","og_title":"Vaskovi\u0107 iza\u0161ao iz zatvorske udobnosti da bi se patio na slobodi","og_description":"Ju\u017eni Sand\u017eak &#8211; Povodom ju\u010deranjeg svjedo\u010denja Rifata Veskovi\u0107a u nelegalnom krivi\u010dnom postupku koji se vodi protiv Ibrahima \u010ciki\u0107a u Osnovnom sudu u Bijelom Polju, kojim predsjedava sudija Rahmo Banda, \u010ciki\u0107 je dao izjavu javnost. U listu &#8220;Dan&#8221; 17. 03 2011 godine u tekstu koji je naslovljen &#8220;NEKADA\u0160NJI \u010cELNIK SDA \u0160TITI ZATVORSKE \u010cUVARE&#8221; \u010ciki\u0107 je na [&hellip;]","og_url":"https:\/\/sandzakpress.net\/arhiva\/vaskovic-izasao-iz-zatvorske-udobnosti-da-bi-se-patio-na-slobodi\/","og_site_name":"Sand\u017eak PRESS","article_published_time":"2011-03-19T10:16:34+00:00","og_image":[{"width":235,"height":318,"url":"https:\/\/sandzakpress.net\/arhiva\/wp-content\/uploads\/2011\/03\/Rifat_Veskovic66.jpg","type":"image\/jpeg"}],"twitter_card":"summary_large_image","twitter_misc":{"Written by":"","Est. reading time":"4 minute"},"schema":{"@context":"https:\/\/schema.org","@graph":[{"@type":"Article","@id":"https:\/\/sandzakpress.net\/arhiva\/vaskovic-izasao-iz-zatvorske-udobnosti-da-bi-se-patio-na-slobodi\/#article","isPartOf":{"@id":"https:\/\/sandzakpress.net\/arhiva\/vaskovic-izasao-iz-zatvorske-udobnosti-da-bi-se-patio-na-slobodi\/"},"author":{"name":"","@id":""},"headline":"Vaskovi\u0107 iza\u0161ao iz zatvorske udobnosti da bi se patio na slobodi","datePublished":"2011-03-19T10:16:34+00:00","mainEntityOfPage":{"@id":"https:\/\/sandzakpress.net\/arhiva\/vaskovic-izasao-iz-zatvorske-udobnosti-da-bi-se-patio-na-slobodi\/"},"wordCount":751,"commentCount":0,"publisher":{"@id":"https:\/\/sandzakpress.net\/arhiva\/#\/schema\/person\/6e72b67d6e51910a1117b3b483ba20bd"},"image":{"@id":"https:\/\/sandzakpress.net\/arhiva\/vaskovic-izasao-iz-zatvorske-udobnosti-da-bi-se-patio-na-slobodi\/#primaryimage"},"thumbnailUrl":"https:\/\/sandzakpress.net\/arhiva\/wp-content\/uploads\/2011\/03\/Rifat_Veskovic66.jpg","articleSection":["Ro\u017eaje","Nacija","Berane","Bijelo Polje","Pljevlja","Plav"],"inLanguage":"bs-BA","potentialAction":[{"@type":"CommentAction","name":"Comment","target":["https:\/\/sandzakpress.net\/arhiva\/vaskovic-izasao-iz-zatvorske-udobnosti-da-bi-se-patio-na-slobodi\/#respond"]}]},{"@type":"WebPage","@id":"https:\/\/sandzakpress.net\/arhiva\/vaskovic-izasao-iz-zatvorske-udobnosti-da-bi-se-patio-na-slobodi\/","url":"https:\/\/sandzakpress.net\/arhiva\/vaskovic-izasao-iz-zatvorske-udobnosti-da-bi-se-patio-na-slobodi\/","name":"Vaskovi\u0107 iza\u0161ao iz zatvorske udobnosti da bi se patio na slobodi","isPartOf":{"@id":"https:\/\/sandzakpress.net\/arhiva\/#website"},"primaryImageOfPage":{"@id":"https:\/\/sandzakpress.net\/arhiva\/vaskovic-izasao-iz-zatvorske-udobnosti-da-bi-se-patio-na-slobodi\/#primaryimage"},"image":{"@id":"https:\/\/sandzakpress.net\/arhiva\/vaskovic-izasao-iz-zatvorske-udobnosti-da-bi-se-patio-na-slobodi\/#primaryimage"},"thumbnailUrl":"https:\/\/sandzakpress.net\/arhiva\/wp-content\/uploads\/2011\/03\/Rifat_Veskovic66.jpg","datePublished":"2011-03-19T10:16:34+00:00","breadcrumb":{"@id":"https:\/\/sandzakpress.net\/arhiva\/vaskovic-izasao-iz-zatvorske-udobnosti-da-bi-se-patio-na-slobodi\/#breadcrumb"},"inLanguage":"bs-BA","potentialAction":[{"@type":"ReadAction","target":["https:\/\/sandzakpress.net\/arhiva\/vaskovic-izasao-iz-zatvorske-udobnosti-da-bi-se-patio-na-slobodi\/"]}]},{"@type":"ImageObject","inLanguage":"bs-BA","@id":"https:\/\/sandzakpress.net\/arhiva\/vaskovic-izasao-iz-zatvorske-udobnosti-da-bi-se-patio-na-slobodi\/#primaryimage","url":"https:\/\/sandzakpress.net\/arhiva\/wp-content\/uploads\/2011\/03\/Rifat_Veskovic66.jpg","contentUrl":"https:\/\/sandzakpress.net\/arhiva\/wp-content\/uploads\/2011\/03\/Rifat_Veskovic66.jpg","width":235,"height":318},{"@type":"BreadcrumbList","@id":"https:\/\/sandzakpress.net\/arhiva\/vaskovic-izasao-iz-zatvorske-udobnosti-da-bi-se-patio-na-slobodi\/#breadcrumb","itemListElement":[{"@type":"ListItem","position":1,"name":"Home","item":"https:\/\/sandzakpress.net\/arhiva\/"},{"@type":"ListItem","position":2,"name":"Vaskovi\u0107 iza\u0161ao iz zatvorske udobnosti da bi se patio na slobodi"}]},{"@type":"WebSite","@id":"https:\/\/sandzakpress.net\/arhiva\/#website","url":"https:\/\/sandzakpress.net\/arhiva\/","name":"Sand\u017eak PRESS","description":"Prve elektronske novine u Sand\u017eaku","publisher":{"@id":"https:\/\/sandzakpress.net\/arhiva\/#\/schema\/person\/6e72b67d6e51910a1117b3b483ba20bd"},"potentialAction":[{"@type":"SearchAction","target":{"@type":"EntryPoint","urlTemplate":"https:\/\/sandzakpress.net\/arhiva\/?s={search_term_string}"},"query-input":{"@type":"PropertyValueSpecification","valueRequired":true,"valueName":"search_term_string"}}],"inLanguage":"bs-BA"},{"@type":["Person","Organization"],"@id":"https:\/\/sandzakpress.net\/arhiva\/#\/schema\/person\/6e72b67d6e51910a1117b3b483ba20bd","name":"Kul","image":{"@type":"ImageObject","inLanguage":"bs-BA","@id":"https:\/\/sandzakpress.net\/arhiva\/#\/schema\/person\/image\/","url":"https:\/\/secure.gravatar.com\/avatar\/42263f39aa27ac04c43cab85c280eb2e?s=96&d=mm&r=pg","contentUrl":"https:\/\/secure.gravatar.com\/avatar\/42263f39aa27ac04c43cab85c280eb2e?s=96&d=mm&r=pg","caption":"Kul"},"logo":{"@id":"https:\/\/sandzakpress.net\/arhiva\/#\/schema\/person\/image\/"}},{"@type":"Person","@id":"","url":"https:\/\/sandzakpress.net\/arhiva\/author\/"}]}},"_links":{"self":[{"href":"https:\/\/sandzakpress.net\/arhiva\/wp-json\/wp\/v2\/posts\/13980"}],"collection":[{"href":"https:\/\/sandzakpress.net\/arhiva\/wp-json\/wp\/v2\/posts"}],"about":[{"href":"https:\/\/sandzakpress.net\/arhiva\/wp-json\/wp\/v2\/types\/post"}],"author":[{"embeddable":true,"href":"https:\/\/sandzakpress.net\/arhiva\/wp-json\/wp\/v2\/users\/13"}],"replies":[{"embeddable":true,"href":"https:\/\/sandzakpress.net\/arhiva\/wp-json\/wp\/v2\/comments?post=13980"}],"version-history":[{"count":0,"href":"https:\/\/sandzakpress.net\/arhiva\/wp-json\/wp\/v2\/posts\/13980\/revisions"}],"wp:featuredmedia":[{"embeddable":true,"href":"https:\/\/sandzakpress.net\/arhiva\/wp-json\/wp\/v2\/media\/13981"}],"wp:attachment":[{"href":"https:\/\/sandzakpress.net\/arhiva\/wp-json\/wp\/v2\/media?parent=13980"}],"wp:term":[{"taxonomy":"category","embeddable":true,"href":"https:\/\/sandzakpress.net\/arhiva\/wp-json\/wp\/v2\/categories?post=13980"},{"taxonomy":"post_tag","embeddable":true,"href":"https:\/\/sandzakpress.net\/arhiva\/wp-json\/wp\/v2\/tags?post=13980"}],"curies":[{"name":"wp","href":"https:\/\/api.w.org\/{rel}","templated":true}]}}