{"id":13972,"date":"2011-03-19T10:57:21","date_gmt":"2011-03-19T09:57:21","guid":{"rendered":"https:\/\/sandzakpress.net\/arhiva\/?p=13972"},"modified":"2011-03-19T10:58:40","modified_gmt":"2011-03-19T09:58:40","slug":"odbor-za-zastitu-ljudskih-prava-bnv-pisao-predsjednici-parlamenta","status":"publish","type":"post","link":"https:\/\/sandzakpress.net\/arhiva\/odbor-za-zastitu-ljudskih-prava-bnv-pisao-predsjednici-parlamenta\/","title":{"rendered":"Odbor za za\u0161titu ljudskih prava BNV pisao predsjednici Parlamenta"},"content":{"rendered":"<p><strong><a href=\"https:\/\/sandzakpress.net\/arhiva\/wp-content\/uploads\/2011\/03\/slavica-djukic-dejanovic-300x178.jpg\"><img loading=\"lazy\" decoding=\"async\" class=\"alignleft size-full wp-image-13973\" src=\"https:\/\/sandzakpress.net\/arhiva\/wp-content\/uploads\/2011\/03\/slavica-djukic-dejanovic-300x178.jpg\" alt=\"\" width=\"300\" height=\"178\" \/><\/a>Sjeverni Sand\u017eak &#8211; Predsjednik Odbora za za\u0161titu ljudskih prava BNV prof. dr. Admir  Muratovi\u0107 pisao je predsjednici Parlamenta Republike Srbije g-dji  Slavici Djuki\u0107\u00a0 Dejanovi\u0107. Pismo prenosimo u cjelosti. <\/strong><\/p>\n<p>Po\u0161tovana,<\/p>\n<p>Dana 22.10.2001.godine, navr\u0161i\u0107e se 19 godina od kako su  pripadnici paravojne formacije \u201eOsvetnici\u201c kojom je komandovao Milan  Luki\u0107, izvr\u0161ili otmicu sedamnaest gradjana SRJ bo\u0161nja\u010dke nacionalnosti u  mestu Mio\u010de koje se nalazi na samoj granici sa BiH. Otmi\u010dari su tada  zaustavili autobus koji je saobra\u0107ao na relaciji Rudo \u2013 Priboj i nakon  legitimisanja putnika iz autobusa izveli \u017ertve nakon \u010dega su ih kamionom  odvezli u Vi\u0161egrad. Od tada imenovanim se gubi svaki trag.<\/p>\n<p>27.02.2011. godine, navr\u0161ilo se punih osamnaest godina od  kada su pripadnici iste paravojne formacije, kojom su komandovali Milan i  Sredoje Luki\u0107, na \u017eeljezni\u010dkoj stanici \u0160trpci kod Rudog iz voza 671  izveli osamnaest Bo\u0161njaka i jednog Hrvata i odveli ih u nepoznatom  pravcu. Svi detalji otmice su ostali nepoznati, posmrtni ostaci svih  pogubljenih civila nisu prona\u0111eni, porodicama stradalih niko od dr\u017eavnih  zvani\u010dnika nije ponudio niti moralnu, niti materijalnu, niti bilo kakvu  drugu satisfakciju, a najpora\u017eavaju\u0107e je \u0161to jo\u0161 uvijek ovaj stravi\u010dni  zlo\u010din protiv civilnog stanovni\u0161tva nije do\u017eivio sudski epilog.<\/p>\n<p>Takodjer, ove godine se navr\u0161ava 18 godina od kako je zapo\u010deo  montirani politi\u010dki proces protiv 45 Bo\u0161njaka, tokom kojeg je, u  policijskim kazamatima, prebijeno vi\u0161e od 17.000 Bo\u0161njaka. Ni ovaj  dr\u017eavni teror nad nedu\u017enim stanovni\u0161tvom Sand\u017eaka nije do\u017eivio sudski  epilog, naprotiv, vinovnici istog, iz redova slu\u017ebenika Policije su  oslobodjeni krivice, a neki i nagradjeni.<\/p>\n<p>Obzirom na \u010dinjenicu da smo u obavezi, kao najvi\u0161e  predstavni\u010dko tijelo Bo\u0161njaka u ovoj zemlji istra\u017eiti i saop\u0161titi istinu  javnosti o ovim zlo\u010dinima, pozivamo Vas da imenujete po jednog  predstavnika u mje\u0161ovitu komisiju u kojoj \u0107e biti kako predstavnici  BNV-a, tako i predstavnici Narodne Skup\u0161tine Srbije i predstavnici  Savjeta Evrope, koja bi imala za cilj da se kona\u010dno ispita ko su  nalogodavci a ko izvr\u0161ioci ovih najve\u0107ih, u savremenoj historiji,  zlo\u010dina nad Bo\u0161njacima u ovoj zemlji.<\/p>\n<p>Smatramo da je utvrdjivanje \u010dinjenica o ovim zlo\u010dinima od  izuzetne va\u017enosti za mir i stabilnost u Sand\u017eaku i Srbiji, \u010dime bi se  doprinijelo uspjehu evrointegracije ovih prostora.<\/p>\n<p>Ova komisija bi\u0107e formirana u narednih mjesec dana.<\/p>\n<p>Izvor:<strong> Bnv.rs<\/strong><\/p>\n","protected":false},"excerpt":{"rendered":"<p>Sjeverni Sand\u017eak &#8211; Predsjednik Odbora za za\u0161titu ljudskih prava BNV prof. dr. Admir Muratovi\u0107 pisao je predsjednici Parlamenta Republike Srbije g-dji Slavici Djuki\u0107\u00a0 Dejanovi\u0107. Pismo prenosimo u cjelosti. Po\u0161tovana, Dana 22.10.2001.godine, navr\u0161i\u0107e se 19 godina od kako su pripadnici paravojne formacije \u201eOsvetnici\u201c kojom je komandovao Milan Luki\u0107, izvr\u0161ili otmicu sedamnaest gradjana SRJ bo\u0161nja\u010dke nacionalnosti u [&hellip;]<\/p>\n","protected":false},"author":13,"featured_media":13973,"comment_status":"open","ping_status":"open","sticky":false,"template":"","format":"standard","meta":{"footnotes":""},"categories":[72,800,52,327,392,393,394],"tags":[],"class_list":{"0":"post-13972","1":"post","2":"type-post","3":"status-publish","4":"format-standard","5":"has-post-thumbnail","7":"category-novi-pazar","8":"category-nacija","9":"category-sjenica","10":"category-tutin","11":"category-prijepolje_","12":"category-priboj","13":"category-nova-varos"},"yoast_head":"<!-- This site is optimized with the Yoast SEO Premium plugin v23.1 (Yoast SEO v24.9) - https:\/\/yoast.com\/wordpress\/plugins\/seo\/ -->\n<title>Odbor za za\u0161titu ljudskih prava BNV pisao predsjednici Parlamenta<\/title>\n<meta name=\"robots\" content=\"index, follow, max-snippet:-1, max-image-preview:large, max-video-preview:-1\" \/>\n<link rel=\"canonical\" href=\"https:\/\/sandzakpress.net\/arhiva\/odbor-za-zastitu-ljudskih-prava-bnv-pisao-predsjednici-parlamenta\/\" \/>\n<meta property=\"og:locale\" content=\"bs_BA\" \/>\n<meta property=\"og:type\" content=\"article\" \/>\n<meta property=\"og:title\" content=\"Odbor za za\u0161titu ljudskih prava BNV pisao predsjednici Parlamenta\" \/>\n<meta property=\"og:description\" content=\"Sjeverni Sand\u017eak &#8211; Predsjednik Odbora za za\u0161titu ljudskih prava BNV prof. dr. Admir Muratovi\u0107 pisao je predsjednici Parlamenta Republike Srbije g-dji Slavici Djuki\u0107\u00a0 Dejanovi\u0107. Pismo prenosimo u cjelosti. Po\u0161tovana, Dana 22.10.2001.godine, navr\u0161i\u0107e se 19 godina od kako su pripadnici paravojne formacije \u201eOsvetnici\u201c kojom je komandovao Milan Luki\u0107, izvr\u0161ili otmicu sedamnaest gradjana SRJ bo\u0161nja\u010dke nacionalnosti u [&hellip;]\" \/>\n<meta property=\"og:url\" content=\"https:\/\/sandzakpress.net\/arhiva\/odbor-za-zastitu-ljudskih-prava-bnv-pisao-predsjednici-parlamenta\/\" \/>\n<meta property=\"og:site_name\" content=\"Sand\u017eak PRESS\" \/>\n<meta property=\"article:published_time\" content=\"2011-03-19T09:57:21+00:00\" \/>\n<meta property=\"article:modified_time\" content=\"2011-03-19T09:58:40+00:00\" \/>\n<meta property=\"og:image\" content=\"https:\/\/sandzakpress.net\/arhiva\/wp-content\/uploads\/2011\/03\/slavica-djukic-dejanovic-300x178.jpg\" \/>\n\t<meta property=\"og:image:width\" content=\"300\" \/>\n\t<meta property=\"og:image:height\" content=\"178\" \/>\n\t<meta property=\"og:image:type\" content=\"image\/jpeg\" \/>\n<meta name=\"twitter:card\" content=\"summary_large_image\" \/>\n<meta name=\"twitter:label1\" content=\"Written by\" \/>\n\t<meta name=\"twitter:data1\" content=\"\" \/>\n\t<meta name=\"twitter:label2\" content=\"Est. reading time\" \/>\n\t<meta name=\"twitter:data2\" content=\"2 minute\" \/>\n<script type=\"application\/ld+json\" class=\"yoast-schema-graph\">{\"@context\":\"https:\/\/schema.org\",\"@graph\":[{\"@type\":\"Article\",\"@id\":\"https:\/\/sandzakpress.net\/arhiva\/odbor-za-zastitu-ljudskih-prava-bnv-pisao-predsjednici-parlamenta\/#article\",\"isPartOf\":{\"@id\":\"https:\/\/sandzakpress.net\/arhiva\/odbor-za-zastitu-ljudskih-prava-bnv-pisao-predsjednici-parlamenta\/\"},\"author\":{\"name\":\"\",\"@id\":\"\"},\"headline\":\"Odbor za za\u0161titu ljudskih prava BNV pisao predsjednici Parlamenta\",\"datePublished\":\"2011-03-19T09:57:21+00:00\",\"dateModified\":\"2011-03-19T09:58:40+00:00\",\"mainEntityOfPage\":{\"@id\":\"https:\/\/sandzakpress.net\/arhiva\/odbor-za-zastitu-ljudskih-prava-bnv-pisao-predsjednici-parlamenta\/\"},\"wordCount\":413,\"commentCount\":0,\"publisher\":{\"@id\":\"https:\/\/sandzakpress.net\/arhiva\/#\/schema\/person\/6e72b67d6e51910a1117b3b483ba20bd\"},\"image\":{\"@id\":\"https:\/\/sandzakpress.net\/arhiva\/odbor-za-zastitu-ljudskih-prava-bnv-pisao-predsjednici-parlamenta\/#primaryimage\"},\"thumbnailUrl\":\"https:\/\/sandzakpress.net\/arhiva\/wp-content\/uploads\/2011\/03\/slavica-djukic-dejanovic-300x178.jpg\",\"articleSection\":[\"Novi Pazar\",\"Nacija\",\"Sjenica\",\"Tutin\",\"Prijepolje\",\"Priboj\",\"Nova Varo\u0161\"],\"inLanguage\":\"bs-BA\",\"potentialAction\":[{\"@type\":\"CommentAction\",\"name\":\"Comment\",\"target\":[\"https:\/\/sandzakpress.net\/arhiva\/odbor-za-zastitu-ljudskih-prava-bnv-pisao-predsjednici-parlamenta\/#respond\"]}]},{\"@type\":\"WebPage\",\"@id\":\"https:\/\/sandzakpress.net\/arhiva\/odbor-za-zastitu-ljudskih-prava-bnv-pisao-predsjednici-parlamenta\/\",\"url\":\"https:\/\/sandzakpress.net\/arhiva\/odbor-za-zastitu-ljudskih-prava-bnv-pisao-predsjednici-parlamenta\/\",\"name\":\"Odbor za za\u0161titu ljudskih prava BNV pisao predsjednici Parlamenta\",\"isPartOf\":{\"@id\":\"https:\/\/sandzakpress.net\/arhiva\/#website\"},\"primaryImageOfPage\":{\"@id\":\"https:\/\/sandzakpress.net\/arhiva\/odbor-za-zastitu-ljudskih-prava-bnv-pisao-predsjednici-parlamenta\/#primaryimage\"},\"image\":{\"@id\":\"https:\/\/sandzakpress.net\/arhiva\/odbor-za-zastitu-ljudskih-prava-bnv-pisao-predsjednici-parlamenta\/#primaryimage\"},\"thumbnailUrl\":\"https:\/\/sandzakpress.net\/arhiva\/wp-content\/uploads\/2011\/03\/slavica-djukic-dejanovic-300x178.jpg\",\"datePublished\":\"2011-03-19T09:57:21+00:00\",\"dateModified\":\"2011-03-19T09:58:40+00:00\",\"breadcrumb\":{\"@id\":\"https:\/\/sandzakpress.net\/arhiva\/odbor-za-zastitu-ljudskih-prava-bnv-pisao-predsjednici-parlamenta\/#breadcrumb\"},\"inLanguage\":\"bs-BA\",\"potentialAction\":[{\"@type\":\"ReadAction\",\"target\":[\"https:\/\/sandzakpress.net\/arhiva\/odbor-za-zastitu-ljudskih-prava-bnv-pisao-predsjednici-parlamenta\/\"]}]},{\"@type\":\"ImageObject\",\"inLanguage\":\"bs-BA\",\"@id\":\"https:\/\/sandzakpress.net\/arhiva\/odbor-za-zastitu-ljudskih-prava-bnv-pisao-predsjednici-parlamenta\/#primaryimage\",\"url\":\"https:\/\/sandzakpress.net\/arhiva\/wp-content\/uploads\/2011\/03\/slavica-djukic-dejanovic-300x178.jpg\",\"contentUrl\":\"https:\/\/sandzakpress.net\/arhiva\/wp-content\/uploads\/2011\/03\/slavica-djukic-dejanovic-300x178.jpg\",\"width\":300,\"height\":178},{\"@type\":\"BreadcrumbList\",\"@id\":\"https:\/\/sandzakpress.net\/arhiva\/odbor-za-zastitu-ljudskih-prava-bnv-pisao-predsjednici-parlamenta\/#breadcrumb\",\"itemListElement\":[{\"@type\":\"ListItem\",\"position\":1,\"name\":\"Home\",\"item\":\"https:\/\/sandzakpress.net\/arhiva\/\"},{\"@type\":\"ListItem\",\"position\":2,\"name\":\"Odbor za za\u0161titu ljudskih prava BNV pisao predsjednici Parlamenta\"}]},{\"@type\":\"WebSite\",\"@id\":\"https:\/\/sandzakpress.net\/arhiva\/#website\",\"url\":\"https:\/\/sandzakpress.net\/arhiva\/\",\"name\":\"Sand\u017eak PRESS\",\"description\":\"Prve elektronske novine u Sand\u017eaku\",\"publisher\":{\"@id\":\"https:\/\/sandzakpress.net\/arhiva\/#\/schema\/person\/6e72b67d6e51910a1117b3b483ba20bd\"},\"potentialAction\":[{\"@type\":\"SearchAction\",\"target\":{\"@type\":\"EntryPoint\",\"urlTemplate\":\"https:\/\/sandzakpress.net\/arhiva\/?s={search_term_string}\"},\"query-input\":{\"@type\":\"PropertyValueSpecification\",\"valueRequired\":true,\"valueName\":\"search_term_string\"}}],\"inLanguage\":\"bs-BA\"},{\"@type\":[\"Person\",\"Organization\"],\"@id\":\"https:\/\/sandzakpress.net\/arhiva\/#\/schema\/person\/6e72b67d6e51910a1117b3b483ba20bd\",\"name\":\"Kul\",\"image\":{\"@type\":\"ImageObject\",\"inLanguage\":\"bs-BA\",\"@id\":\"https:\/\/sandzakpress.net\/arhiva\/#\/schema\/person\/image\/\",\"url\":\"https:\/\/secure.gravatar.com\/avatar\/42263f39aa27ac04c43cab85c280eb2e?s=96&d=mm&r=pg\",\"contentUrl\":\"https:\/\/secure.gravatar.com\/avatar\/42263f39aa27ac04c43cab85c280eb2e?s=96&d=mm&r=pg\",\"caption\":\"Kul\"},\"logo\":{\"@id\":\"https:\/\/sandzakpress.net\/arhiva\/#\/schema\/person\/image\/\"}},{\"@type\":\"Person\",\"@id\":\"\",\"url\":\"https:\/\/sandzakpress.net\/arhiva\/author\/\"}]}<\/script>\n<!-- \/ Yoast SEO Premium plugin. -->","yoast_head_json":{"title":"Odbor za za\u0161titu ljudskih prava BNV pisao predsjednici Parlamenta","robots":{"index":"index","follow":"follow","max-snippet":"max-snippet:-1","max-image-preview":"max-image-preview:large","max-video-preview":"max-video-preview:-1"},"canonical":"https:\/\/sandzakpress.net\/arhiva\/odbor-za-zastitu-ljudskih-prava-bnv-pisao-predsjednici-parlamenta\/","og_locale":"bs_BA","og_type":"article","og_title":"Odbor za za\u0161titu ljudskih prava BNV pisao predsjednici Parlamenta","og_description":"Sjeverni Sand\u017eak &#8211; Predsjednik Odbora za za\u0161titu ljudskih prava BNV prof. dr. Admir Muratovi\u0107 pisao je predsjednici Parlamenta Republike Srbije g-dji Slavici Djuki\u0107\u00a0 Dejanovi\u0107. Pismo prenosimo u cjelosti. Po\u0161tovana, Dana 22.10.2001.godine, navr\u0161i\u0107e se 19 godina od kako su pripadnici paravojne formacije \u201eOsvetnici\u201c kojom je komandovao Milan Luki\u0107, izvr\u0161ili otmicu sedamnaest gradjana SRJ bo\u0161nja\u010dke nacionalnosti u [&hellip;]","og_url":"https:\/\/sandzakpress.net\/arhiva\/odbor-za-zastitu-ljudskih-prava-bnv-pisao-predsjednici-parlamenta\/","og_site_name":"Sand\u017eak PRESS","article_published_time":"2011-03-19T09:57:21+00:00","article_modified_time":"2011-03-19T09:58:40+00:00","og_image":[{"width":300,"height":178,"url":"https:\/\/sandzakpress.net\/arhiva\/wp-content\/uploads\/2011\/03\/slavica-djukic-dejanovic-300x178.jpg","type":"image\/jpeg"}],"twitter_card":"summary_large_image","twitter_misc":{"Written by":"","Est. reading time":"2 minute"},"schema":{"@context":"https:\/\/schema.org","@graph":[{"@type":"Article","@id":"https:\/\/sandzakpress.net\/arhiva\/odbor-za-zastitu-ljudskih-prava-bnv-pisao-predsjednici-parlamenta\/#article","isPartOf":{"@id":"https:\/\/sandzakpress.net\/arhiva\/odbor-za-zastitu-ljudskih-prava-bnv-pisao-predsjednici-parlamenta\/"},"author":{"name":"","@id":""},"headline":"Odbor za za\u0161titu ljudskih prava BNV pisao predsjednici Parlamenta","datePublished":"2011-03-19T09:57:21+00:00","dateModified":"2011-03-19T09:58:40+00:00","mainEntityOfPage":{"@id":"https:\/\/sandzakpress.net\/arhiva\/odbor-za-zastitu-ljudskih-prava-bnv-pisao-predsjednici-parlamenta\/"},"wordCount":413,"commentCount":0,"publisher":{"@id":"https:\/\/sandzakpress.net\/arhiva\/#\/schema\/person\/6e72b67d6e51910a1117b3b483ba20bd"},"image":{"@id":"https:\/\/sandzakpress.net\/arhiva\/odbor-za-zastitu-ljudskih-prava-bnv-pisao-predsjednici-parlamenta\/#primaryimage"},"thumbnailUrl":"https:\/\/sandzakpress.net\/arhiva\/wp-content\/uploads\/2011\/03\/slavica-djukic-dejanovic-300x178.jpg","articleSection":["Novi Pazar","Nacija","Sjenica","Tutin","Prijepolje","Priboj","Nova Varo\u0161"],"inLanguage":"bs-BA","potentialAction":[{"@type":"CommentAction","name":"Comment","target":["https:\/\/sandzakpress.net\/arhiva\/odbor-za-zastitu-ljudskih-prava-bnv-pisao-predsjednici-parlamenta\/#respond"]}]},{"@type":"WebPage","@id":"https:\/\/sandzakpress.net\/arhiva\/odbor-za-zastitu-ljudskih-prava-bnv-pisao-predsjednici-parlamenta\/","url":"https:\/\/sandzakpress.net\/arhiva\/odbor-za-zastitu-ljudskih-prava-bnv-pisao-predsjednici-parlamenta\/","name":"Odbor za za\u0161titu ljudskih prava BNV pisao predsjednici Parlamenta","isPartOf":{"@id":"https:\/\/sandzakpress.net\/arhiva\/#website"},"primaryImageOfPage":{"@id":"https:\/\/sandzakpress.net\/arhiva\/odbor-za-zastitu-ljudskih-prava-bnv-pisao-predsjednici-parlamenta\/#primaryimage"},"image":{"@id":"https:\/\/sandzakpress.net\/arhiva\/odbor-za-zastitu-ljudskih-prava-bnv-pisao-predsjednici-parlamenta\/#primaryimage"},"thumbnailUrl":"https:\/\/sandzakpress.net\/arhiva\/wp-content\/uploads\/2011\/03\/slavica-djukic-dejanovic-300x178.jpg","datePublished":"2011-03-19T09:57:21+00:00","dateModified":"2011-03-19T09:58:40+00:00","breadcrumb":{"@id":"https:\/\/sandzakpress.net\/arhiva\/odbor-za-zastitu-ljudskih-prava-bnv-pisao-predsjednici-parlamenta\/#breadcrumb"},"inLanguage":"bs-BA","potentialAction":[{"@type":"ReadAction","target":["https:\/\/sandzakpress.net\/arhiva\/odbor-za-zastitu-ljudskih-prava-bnv-pisao-predsjednici-parlamenta\/"]}]},{"@type":"ImageObject","inLanguage":"bs-BA","@id":"https:\/\/sandzakpress.net\/arhiva\/odbor-za-zastitu-ljudskih-prava-bnv-pisao-predsjednici-parlamenta\/#primaryimage","url":"https:\/\/sandzakpress.net\/arhiva\/wp-content\/uploads\/2011\/03\/slavica-djukic-dejanovic-300x178.jpg","contentUrl":"https:\/\/sandzakpress.net\/arhiva\/wp-content\/uploads\/2011\/03\/slavica-djukic-dejanovic-300x178.jpg","width":300,"height":178},{"@type":"BreadcrumbList","@id":"https:\/\/sandzakpress.net\/arhiva\/odbor-za-zastitu-ljudskih-prava-bnv-pisao-predsjednici-parlamenta\/#breadcrumb","itemListElement":[{"@type":"ListItem","position":1,"name":"Home","item":"https:\/\/sandzakpress.net\/arhiva\/"},{"@type":"ListItem","position":2,"name":"Odbor za za\u0161titu ljudskih prava BNV pisao predsjednici Parlamenta"}]},{"@type":"WebSite","@id":"https:\/\/sandzakpress.net\/arhiva\/#website","url":"https:\/\/sandzakpress.net\/arhiva\/","name":"Sand\u017eak PRESS","description":"Prve elektronske novine u Sand\u017eaku","publisher":{"@id":"https:\/\/sandzakpress.net\/arhiva\/#\/schema\/person\/6e72b67d6e51910a1117b3b483ba20bd"},"potentialAction":[{"@type":"SearchAction","target":{"@type":"EntryPoint","urlTemplate":"https:\/\/sandzakpress.net\/arhiva\/?s={search_term_string}"},"query-input":{"@type":"PropertyValueSpecification","valueRequired":true,"valueName":"search_term_string"}}],"inLanguage":"bs-BA"},{"@type":["Person","Organization"],"@id":"https:\/\/sandzakpress.net\/arhiva\/#\/schema\/person\/6e72b67d6e51910a1117b3b483ba20bd","name":"Kul","image":{"@type":"ImageObject","inLanguage":"bs-BA","@id":"https:\/\/sandzakpress.net\/arhiva\/#\/schema\/person\/image\/","url":"https:\/\/secure.gravatar.com\/avatar\/42263f39aa27ac04c43cab85c280eb2e?s=96&d=mm&r=pg","contentUrl":"https:\/\/secure.gravatar.com\/avatar\/42263f39aa27ac04c43cab85c280eb2e?s=96&d=mm&r=pg","caption":"Kul"},"logo":{"@id":"https:\/\/sandzakpress.net\/arhiva\/#\/schema\/person\/image\/"}},{"@type":"Person","@id":"","url":"https:\/\/sandzakpress.net\/arhiva\/author\/"}]}},"_links":{"self":[{"href":"https:\/\/sandzakpress.net\/arhiva\/wp-json\/wp\/v2\/posts\/13972"}],"collection":[{"href":"https:\/\/sandzakpress.net\/arhiva\/wp-json\/wp\/v2\/posts"}],"about":[{"href":"https:\/\/sandzakpress.net\/arhiva\/wp-json\/wp\/v2\/types\/post"}],"author":[{"embeddable":true,"href":"https:\/\/sandzakpress.net\/arhiva\/wp-json\/wp\/v2\/users\/13"}],"replies":[{"embeddable":true,"href":"https:\/\/sandzakpress.net\/arhiva\/wp-json\/wp\/v2\/comments?post=13972"}],"version-history":[{"count":0,"href":"https:\/\/sandzakpress.net\/arhiva\/wp-json\/wp\/v2\/posts\/13972\/revisions"}],"wp:featuredmedia":[{"embeddable":true,"href":"https:\/\/sandzakpress.net\/arhiva\/wp-json\/wp\/v2\/media\/13973"}],"wp:attachment":[{"href":"https:\/\/sandzakpress.net\/arhiva\/wp-json\/wp\/v2\/media?parent=13972"}],"wp:term":[{"taxonomy":"category","embeddable":true,"href":"https:\/\/sandzakpress.net\/arhiva\/wp-json\/wp\/v2\/categories?post=13972"},{"taxonomy":"post_tag","embeddable":true,"href":"https:\/\/sandzakpress.net\/arhiva\/wp-json\/wp\/v2\/tags?post=13972"}],"curies":[{"name":"wp","href":"https:\/\/api.w.org\/{rel}","templated":true}]}}