{"id":139691,"date":"2015-10-05T17:50:27","date_gmt":"2015-10-05T15:50:27","guid":{"rendered":"https:\/\/sandzakpress.net\/arhiva\/?p=139691"},"modified":"2015-10-05T17:50:27","modified_gmt":"2015-10-05T15:50:27","slug":"kosovska-vlada-dacic-je-bio-dio-rezima-koji-je-palio-dzamije","status":"publish","type":"post","link":"https:\/\/sandzakpress.net\/arhiva\/kosovska-vlada-dacic-je-bio-dio-rezima-koji-je-palio-dzamije\/","title":{"rendered":"Kosovska vlada: Da\u010di\u0107 je bio dio re\u017eima koji je palio d\u017eamije"},"content":{"rendered":"<p><img loading=\"lazy\" decoding=\"async\" class=\"\" src=\"http:\/\/i2.wp.com\/bosnjaci.agency\/wp-content\/uploads\/2015\/10\/Ivica-Dacic.jpg?w=696\" alt=\"\" width=\"600\" height=\"338\" \/><\/p>\n<p><strong>Kosovo, Srbija &#8211; Kosovska vlada reagirala je na izjavu vicepremijera Srbije Ivice Da\u010di\u0107a o tome za\u0161to Kosovo ne treba primiti u UNESCO.<\/strong><\/p>\n<p>Potpredsjednik Kosovske vlade Bajram Gecaj reagirao je na izjavu potpredsjednika Vlade Srbije Ivice Da\u010di\u0107a o tome za\u0161to Kosovo ne treba primiti u UNESCO, rekav\u0161i da je on bio dio re\u017eima koji je spalio 200 d\u017eamija i drugih objekata na Kosovu, pi\u0161e pri\u0161tinska Koha ditore.<\/p>\n<p>Povodom Da\u010di\u0107eve izjave da bi prijem Kosova u UNESCO bio samoubila\u010dki i apsurdan potez jednako kao kada bi neko predlo\u017eio Islamsku dr\u017eavu za \u010dlanstvo u toj organizaciji, Gecaj je rekao:<\/p>\n<p>\u201cIzjava ministra za vanjske poslove Srbije Ivice Da\u010di\u0107a jo\u0161 jednom potvr\u0111uje da ni on ni srpska politika jo\u0161 ne mogu da se u potpunosti odvoje od zlo\u010dina\u010dke pro\u0161losti Srbije. Da\u010di\u0107 je bio dio re\u017eima u vrijeme kada je taj re\u017eim organizirano spalio vi\u0161e od 200 d\u017eamija i drugih kultnih objekata na Kosovu, zatvorio \u0161kole i fakultete na albanskom jeziku, oteo bogatstva kulturnog naslije\u0111a\u2026\u201d, napisao je Gecaj u svom reagiranju.<\/p>\n<p>Gecaj je rekao i da takve izjave srpskog ministra i potpredsjednika Vlade jo\u0161 vi\u0161e ote\u017eavaju pobolj\u0161avanje me\u0111udr\u017eavnih odnosa Kosova i Srbije.<\/p>\n<p>\u201cDok on sada poku\u0161ava izjedna\u010diti jedan takav zlo\u010din koji su isplanirali i organizirali njihovi dr\u017eavni organi sa pojedina\u010dnim nezadovoljstvom nekih pojedinaca na Kosovu, dakle sa nezadovoljstvom koje kosovske institucije ne samo da nisu organizirale ve\u0107 su u\u010dinile sve za njihovo spre\u010davanje i zaustavljanje\u201d, zaklju\u010dio je Gecaj.<\/p>\n<h2>\u2018Samouni\u0161tavaju\u0107a odluka\u2019<\/h2>\n<p>Da\u010di\u0107 je na konferenciji za medije u nedjelju rekao da bi prijem Kosova u UNESCO bila bi samouni\u0161tavaju\u0107a odluka ove organizacije, dodaju\u0107i da bi to bilo apsurdno kao i kada bi neko predlo\u017eio da Islamska dr\u017eava Irak i Levant (ISIL) postane \u010dlanica UNESCO.<\/p>\n<p>\u201c\u010cetiri na\u0161e svetinje na Kosovu i Metohiji progla\u0161ene su za svetsku kulturnu ba\u0161tinu \u2013 Visoki De\u010dani, Pe\u0107ka patrijar\u0161ija, Gra\u010danica i Bogorodica Ljevi\u0161ka, a Unesko ih je proglasio svetskim kulturnim dobrima u opasnosti. A od koga im preti opasnost? To bi bilo kao da neko predlo\u017ei Islamsku dr\u017eavu za \u010dlanstvo u Unesko. U \u010demu je razlika?\u201d, naveo je Da\u010di\u0107, prenio je Tanjug.<\/p>\n<p>On je istakao da je Albanija stavila na dnevni red prijem Kosova u UNESCO izvan standardne procedure, a glasanje u Izvr\u0161nom vije\u0107u UNESCO-a donosi se ve\u0107inom glasova.<\/p>\n<p>\u0160ef srpske diplomatije naglasio je da je, od kada je KFOR na Kosovu, uni\u0161teno vi\u0161e od 200 crkava, manastira i drugih vjerskih i kulturnih objekata, da su oni ru\u0161eni dinamitom, da su paljeni i da je uni\u0161teno 8.000 nadgrobnih spomenika.<\/p>\n<p>\u201cBori\u0107emo se koliko mo\u017eemo i ulo\u017ei\u0107emo sva diplomatska sredstva da spre\u010dimo\u201d, prijem Kosova u Unesko, zaklju\u010dio je Da\u010di\u0107.<\/p>\n<p>(bosnjaci.agency)<\/p>\n","protected":false},"excerpt":{"rendered":"<p>Kosovo, Srbija &#8211; Kosovska vlada reagirala je na izjavu vicepremijera Srbije Ivice Da\u010di\u0107a o tome za\u0161to Kosovo ne treba primiti u UNESCO. Potpredsjednik Kosovske vlade Bajram Gecaj reagirao je na izjavu potpredsjednika Vlade Srbije Ivice Da\u010di\u0107a o tome za\u0161to Kosovo ne treba primiti u UNESCO, rekav\u0161i da je on bio dio re\u017eima koji je spalio [&hellip;]<\/p>\n","protected":false},"author":509,"featured_media":139692,"comment_status":"open","ping_status":"open","sticky":false,"template":"","format":"standard","meta":{"footnotes":""},"categories":[1,2690,10307,8957,798],"tags":[],"class_list":{"0":"post-139691","1":"post","2":"type-post","3":"status-publish","4":"format-standard","5":"has-post-thumbnail","7":"category-politika","8":"category-kosovo-gradovi","9":"category-srbija","10":"category-vijesti-dana","11":"category-teme"},"yoast_head":"<!-- This site is optimized with the Yoast SEO Premium plugin v23.1 (Yoast SEO v24.9) - https:\/\/yoast.com\/wordpress\/plugins\/seo\/ -->\n<title>Kosovska vlada: Da\u010di\u0107 je bio dio re\u017eima koji je palio d\u017eamije<\/title>\n<meta name=\"robots\" content=\"index, follow, max-snippet:-1, max-image-preview:large, max-video-preview:-1\" \/>\n<link rel=\"canonical\" href=\"https:\/\/sandzakpress.net\/arhiva\/kosovska-vlada-dacic-je-bio-dio-rezima-koji-je-palio-dzamije\/\" \/>\n<meta property=\"og:locale\" content=\"bs_BA\" \/>\n<meta property=\"og:type\" content=\"article\" \/>\n<meta property=\"og:title\" content=\"Kosovska vlada: Da\u010di\u0107 je bio dio re\u017eima koji je palio d\u017eamije\" \/>\n<meta property=\"og:description\" content=\"Kosovo, Srbija &#8211; Kosovska vlada reagirala je na izjavu vicepremijera Srbije Ivice Da\u010di\u0107a o tome za\u0161to Kosovo ne treba primiti u UNESCO. Potpredsjednik Kosovske vlade Bajram Gecaj reagirao je na izjavu potpredsjednika Vlade Srbije Ivice Da\u010di\u0107a o tome za\u0161to Kosovo ne treba primiti u UNESCO, rekav\u0161i da je on bio dio re\u017eima koji je spalio [&hellip;]\" \/>\n<meta property=\"og:url\" content=\"https:\/\/sandzakpress.net\/arhiva\/kosovska-vlada-dacic-je-bio-dio-rezima-koji-je-palio-dzamije\/\" \/>\n<meta property=\"og:site_name\" content=\"Sand\u017eak PRESS\" \/>\n<meta property=\"article:published_time\" content=\"2015-10-05T15:50:27+00:00\" \/>\n<meta property=\"og:image\" content=\"https:\/\/sandzakpress.net\/arhiva\/wp-content\/uploads\/2015\/10\/Ivica-Dacic.jpg\" \/>\n\t<meta property=\"og:image:width\" content=\"696\" \/>\n\t<meta property=\"og:image:height\" content=\"392\" \/>\n\t<meta property=\"og:image:type\" content=\"image\/jpeg\" \/>\n<meta name=\"author\" content=\"Agencija\" \/>\n<meta name=\"twitter:card\" content=\"summary_large_image\" \/>\n<meta name=\"twitter:label1\" content=\"Written by\" \/>\n\t<meta name=\"twitter:data1\" content=\"Agencija\" \/>\n\t<meta name=\"twitter:label2\" content=\"Est. reading time\" \/>\n\t<meta name=\"twitter:data2\" content=\"2 minute\" \/>\n<script type=\"application\/ld+json\" class=\"yoast-schema-graph\">{\"@context\":\"https:\/\/schema.org\",\"@graph\":[{\"@type\":\"Article\",\"@id\":\"https:\/\/sandzakpress.net\/arhiva\/kosovska-vlada-dacic-je-bio-dio-rezima-koji-je-palio-dzamije\/#article\",\"isPartOf\":{\"@id\":\"https:\/\/sandzakpress.net\/arhiva\/kosovska-vlada-dacic-je-bio-dio-rezima-koji-je-palio-dzamije\/\"},\"author\":{\"name\":\"Agencija\",\"@id\":\"https:\/\/sandzakpress.net\/arhiva\/#\/schema\/person\/cb59d7e3ab91ab90dd680ad0305a6185\"},\"headline\":\"Kosovska vlada: Da\u010di\u0107 je bio dio re\u017eima koji je palio d\u017eamije\",\"datePublished\":\"2015-10-05T15:50:27+00:00\",\"mainEntityOfPage\":{\"@id\":\"https:\/\/sandzakpress.net\/arhiva\/kosovska-vlada-dacic-je-bio-dio-rezima-koji-je-palio-dzamije\/\"},\"wordCount\":508,\"commentCount\":14,\"publisher\":{\"@id\":\"https:\/\/sandzakpress.net\/arhiva\/#\/schema\/person\/6e72b67d6e51910a1117b3b483ba20bd\"},\"image\":{\"@id\":\"https:\/\/sandzakpress.net\/arhiva\/kosovska-vlada-dacic-je-bio-dio-rezima-koji-je-palio-dzamije\/#primaryimage\"},\"thumbnailUrl\":\"https:\/\/sandzakpress.net\/arhiva\/wp-content\/uploads\/2015\/10\/Ivica-Dacic.jpg\",\"articleSection\":[\"Politika\",\"Kosovo\",\"Srbija\",\"VIJESTI DANA\",\"NAJNOVIJE\"],\"inLanguage\":\"bs-BA\",\"potentialAction\":[{\"@type\":\"CommentAction\",\"name\":\"Comment\",\"target\":[\"https:\/\/sandzakpress.net\/arhiva\/kosovska-vlada-dacic-je-bio-dio-rezima-koji-je-palio-dzamije\/#respond\"]}]},{\"@type\":\"WebPage\",\"@id\":\"https:\/\/sandzakpress.net\/arhiva\/kosovska-vlada-dacic-je-bio-dio-rezima-koji-je-palio-dzamije\/\",\"url\":\"https:\/\/sandzakpress.net\/arhiva\/kosovska-vlada-dacic-je-bio-dio-rezima-koji-je-palio-dzamije\/\",\"name\":\"Kosovska vlada: Da\u010di\u0107 je bio dio re\u017eima koji je palio d\u017eamije\",\"isPartOf\":{\"@id\":\"https:\/\/sandzakpress.net\/arhiva\/#website\"},\"primaryImageOfPage\":{\"@id\":\"https:\/\/sandzakpress.net\/arhiva\/kosovska-vlada-dacic-je-bio-dio-rezima-koji-je-palio-dzamije\/#primaryimage\"},\"image\":{\"@id\":\"https:\/\/sandzakpress.net\/arhiva\/kosovska-vlada-dacic-je-bio-dio-rezima-koji-je-palio-dzamije\/#primaryimage\"},\"thumbnailUrl\":\"https:\/\/sandzakpress.net\/arhiva\/wp-content\/uploads\/2015\/10\/Ivica-Dacic.jpg\",\"datePublished\":\"2015-10-05T15:50:27+00:00\",\"breadcrumb\":{\"@id\":\"https:\/\/sandzakpress.net\/arhiva\/kosovska-vlada-dacic-je-bio-dio-rezima-koji-je-palio-dzamije\/#breadcrumb\"},\"inLanguage\":\"bs-BA\",\"potentialAction\":[{\"@type\":\"ReadAction\",\"target\":[\"https:\/\/sandzakpress.net\/arhiva\/kosovska-vlada-dacic-je-bio-dio-rezima-koji-je-palio-dzamije\/\"]}]},{\"@type\":\"ImageObject\",\"inLanguage\":\"bs-BA\",\"@id\":\"https:\/\/sandzakpress.net\/arhiva\/kosovska-vlada-dacic-je-bio-dio-rezima-koji-je-palio-dzamije\/#primaryimage\",\"url\":\"https:\/\/sandzakpress.net\/arhiva\/wp-content\/uploads\/2015\/10\/Ivica-Dacic.jpg\",\"contentUrl\":\"https:\/\/sandzakpress.net\/arhiva\/wp-content\/uploads\/2015\/10\/Ivica-Dacic.jpg\",\"width\":696,\"height\":392},{\"@type\":\"BreadcrumbList\",\"@id\":\"https:\/\/sandzakpress.net\/arhiva\/kosovska-vlada-dacic-je-bio-dio-rezima-koji-je-palio-dzamije\/#breadcrumb\",\"itemListElement\":[{\"@type\":\"ListItem\",\"position\":1,\"name\":\"Home\",\"item\":\"https:\/\/sandzakpress.net\/arhiva\/\"},{\"@type\":\"ListItem\",\"position\":2,\"name\":\"Kosovska vlada: Da\u010di\u0107 je bio dio re\u017eima koji je palio d\u017eamije\"}]},{\"@type\":\"WebSite\",\"@id\":\"https:\/\/sandzakpress.net\/arhiva\/#website\",\"url\":\"https:\/\/sandzakpress.net\/arhiva\/\",\"name\":\"Sand\u017eak PRESS\",\"description\":\"Prve elektronske novine u Sand\u017eaku\",\"publisher\":{\"@id\":\"https:\/\/sandzakpress.net\/arhiva\/#\/schema\/person\/6e72b67d6e51910a1117b3b483ba20bd\"},\"potentialAction\":[{\"@type\":\"SearchAction\",\"target\":{\"@type\":\"EntryPoint\",\"urlTemplate\":\"https:\/\/sandzakpress.net\/arhiva\/?s={search_term_string}\"},\"query-input\":{\"@type\":\"PropertyValueSpecification\",\"valueRequired\":true,\"valueName\":\"search_term_string\"}}],\"inLanguage\":\"bs-BA\"},{\"@type\":[\"Person\",\"Organization\"],\"@id\":\"https:\/\/sandzakpress.net\/arhiva\/#\/schema\/person\/6e72b67d6e51910a1117b3b483ba20bd\",\"name\":\"Kul\",\"image\":{\"@type\":\"ImageObject\",\"inLanguage\":\"bs-BA\",\"@id\":\"https:\/\/sandzakpress.net\/arhiva\/#\/schema\/person\/image\/\",\"url\":\"https:\/\/secure.gravatar.com\/avatar\/42263f39aa27ac04c43cab85c280eb2e?s=96&d=mm&r=pg\",\"contentUrl\":\"https:\/\/secure.gravatar.com\/avatar\/42263f39aa27ac04c43cab85c280eb2e?s=96&d=mm&r=pg\",\"caption\":\"Kul\"},\"logo\":{\"@id\":\"https:\/\/sandzakpress.net\/arhiva\/#\/schema\/person\/image\/\"}},{\"@type\":\"Person\",\"@id\":\"https:\/\/sandzakpress.net\/arhiva\/#\/schema\/person\/cb59d7e3ab91ab90dd680ad0305a6185\",\"name\":\"Agencija\",\"image\":{\"@type\":\"ImageObject\",\"inLanguage\":\"bs-BA\",\"@id\":\"https:\/\/sandzakpress.net\/arhiva\/#\/schema\/person\/image\/\",\"url\":\"https:\/\/secure.gravatar.com\/avatar\/4b7fafa80a22f0c2afe23966b3961fe0?s=96&d=mm&r=pg\",\"contentUrl\":\"https:\/\/secure.gravatar.com\/avatar\/4b7fafa80a22f0c2afe23966b3961fe0?s=96&d=mm&r=pg\",\"caption\":\"Agencija\"},\"url\":\"https:\/\/sandzakpress.net\/arhiva\/author\/agencija\/\"}]}<\/script>\n<!-- \/ Yoast SEO Premium plugin. -->","yoast_head_json":{"title":"Kosovska vlada: Da\u010di\u0107 je bio dio re\u017eima koji je palio d\u017eamije","robots":{"index":"index","follow":"follow","max-snippet":"max-snippet:-1","max-image-preview":"max-image-preview:large","max-video-preview":"max-video-preview:-1"},"canonical":"https:\/\/sandzakpress.net\/arhiva\/kosovska-vlada-dacic-je-bio-dio-rezima-koji-je-palio-dzamije\/","og_locale":"bs_BA","og_type":"article","og_title":"Kosovska vlada: Da\u010di\u0107 je bio dio re\u017eima koji je palio d\u017eamije","og_description":"Kosovo, Srbija &#8211; Kosovska vlada reagirala je na izjavu vicepremijera Srbije Ivice Da\u010di\u0107a o tome za\u0161to Kosovo ne treba primiti u UNESCO. Potpredsjednik Kosovske vlade Bajram Gecaj reagirao je na izjavu potpredsjednika Vlade Srbije Ivice Da\u010di\u0107a o tome za\u0161to Kosovo ne treba primiti u UNESCO, rekav\u0161i da je on bio dio re\u017eima koji je spalio [&hellip;]","og_url":"https:\/\/sandzakpress.net\/arhiva\/kosovska-vlada-dacic-je-bio-dio-rezima-koji-je-palio-dzamije\/","og_site_name":"Sand\u017eak PRESS","article_published_time":"2015-10-05T15:50:27+00:00","og_image":[{"width":696,"height":392,"url":"https:\/\/sandzakpress.net\/arhiva\/wp-content\/uploads\/2015\/10\/Ivica-Dacic.jpg","type":"image\/jpeg"}],"author":"Agencija","twitter_card":"summary_large_image","twitter_misc":{"Written by":"Agencija","Est. reading time":"2 minute"},"schema":{"@context":"https:\/\/schema.org","@graph":[{"@type":"Article","@id":"https:\/\/sandzakpress.net\/arhiva\/kosovska-vlada-dacic-je-bio-dio-rezima-koji-je-palio-dzamije\/#article","isPartOf":{"@id":"https:\/\/sandzakpress.net\/arhiva\/kosovska-vlada-dacic-je-bio-dio-rezima-koji-je-palio-dzamije\/"},"author":{"name":"Agencija","@id":"https:\/\/sandzakpress.net\/arhiva\/#\/schema\/person\/cb59d7e3ab91ab90dd680ad0305a6185"},"headline":"Kosovska vlada: Da\u010di\u0107 je bio dio re\u017eima koji je palio d\u017eamije","datePublished":"2015-10-05T15:50:27+00:00","mainEntityOfPage":{"@id":"https:\/\/sandzakpress.net\/arhiva\/kosovska-vlada-dacic-je-bio-dio-rezima-koji-je-palio-dzamije\/"},"wordCount":508,"commentCount":14,"publisher":{"@id":"https:\/\/sandzakpress.net\/arhiva\/#\/schema\/person\/6e72b67d6e51910a1117b3b483ba20bd"},"image":{"@id":"https:\/\/sandzakpress.net\/arhiva\/kosovska-vlada-dacic-je-bio-dio-rezima-koji-je-palio-dzamije\/#primaryimage"},"thumbnailUrl":"https:\/\/sandzakpress.net\/arhiva\/wp-content\/uploads\/2015\/10\/Ivica-Dacic.jpg","articleSection":["Politika","Kosovo","Srbija","VIJESTI DANA","NAJNOVIJE"],"inLanguage":"bs-BA","potentialAction":[{"@type":"CommentAction","name":"Comment","target":["https:\/\/sandzakpress.net\/arhiva\/kosovska-vlada-dacic-je-bio-dio-rezima-koji-je-palio-dzamije\/#respond"]}]},{"@type":"WebPage","@id":"https:\/\/sandzakpress.net\/arhiva\/kosovska-vlada-dacic-je-bio-dio-rezima-koji-je-palio-dzamije\/","url":"https:\/\/sandzakpress.net\/arhiva\/kosovska-vlada-dacic-je-bio-dio-rezima-koji-je-palio-dzamije\/","name":"Kosovska vlada: Da\u010di\u0107 je bio dio re\u017eima koji je palio d\u017eamije","isPartOf":{"@id":"https:\/\/sandzakpress.net\/arhiva\/#website"},"primaryImageOfPage":{"@id":"https:\/\/sandzakpress.net\/arhiva\/kosovska-vlada-dacic-je-bio-dio-rezima-koji-je-palio-dzamije\/#primaryimage"},"image":{"@id":"https:\/\/sandzakpress.net\/arhiva\/kosovska-vlada-dacic-je-bio-dio-rezima-koji-je-palio-dzamije\/#primaryimage"},"thumbnailUrl":"https:\/\/sandzakpress.net\/arhiva\/wp-content\/uploads\/2015\/10\/Ivica-Dacic.jpg","datePublished":"2015-10-05T15:50:27+00:00","breadcrumb":{"@id":"https:\/\/sandzakpress.net\/arhiva\/kosovska-vlada-dacic-je-bio-dio-rezima-koji-je-palio-dzamije\/#breadcrumb"},"inLanguage":"bs-BA","potentialAction":[{"@type":"ReadAction","target":["https:\/\/sandzakpress.net\/arhiva\/kosovska-vlada-dacic-je-bio-dio-rezima-koji-je-palio-dzamije\/"]}]},{"@type":"ImageObject","inLanguage":"bs-BA","@id":"https:\/\/sandzakpress.net\/arhiva\/kosovska-vlada-dacic-je-bio-dio-rezima-koji-je-palio-dzamije\/#primaryimage","url":"https:\/\/sandzakpress.net\/arhiva\/wp-content\/uploads\/2015\/10\/Ivica-Dacic.jpg","contentUrl":"https:\/\/sandzakpress.net\/arhiva\/wp-content\/uploads\/2015\/10\/Ivica-Dacic.jpg","width":696,"height":392},{"@type":"BreadcrumbList","@id":"https:\/\/sandzakpress.net\/arhiva\/kosovska-vlada-dacic-je-bio-dio-rezima-koji-je-palio-dzamije\/#breadcrumb","itemListElement":[{"@type":"ListItem","position":1,"name":"Home","item":"https:\/\/sandzakpress.net\/arhiva\/"},{"@type":"ListItem","position":2,"name":"Kosovska vlada: Da\u010di\u0107 je bio dio re\u017eima koji je palio d\u017eamije"}]},{"@type":"WebSite","@id":"https:\/\/sandzakpress.net\/arhiva\/#website","url":"https:\/\/sandzakpress.net\/arhiva\/","name":"Sand\u017eak PRESS","description":"Prve elektronske novine u Sand\u017eaku","publisher":{"@id":"https:\/\/sandzakpress.net\/arhiva\/#\/schema\/person\/6e72b67d6e51910a1117b3b483ba20bd"},"potentialAction":[{"@type":"SearchAction","target":{"@type":"EntryPoint","urlTemplate":"https:\/\/sandzakpress.net\/arhiva\/?s={search_term_string}"},"query-input":{"@type":"PropertyValueSpecification","valueRequired":true,"valueName":"search_term_string"}}],"inLanguage":"bs-BA"},{"@type":["Person","Organization"],"@id":"https:\/\/sandzakpress.net\/arhiva\/#\/schema\/person\/6e72b67d6e51910a1117b3b483ba20bd","name":"Kul","image":{"@type":"ImageObject","inLanguage":"bs-BA","@id":"https:\/\/sandzakpress.net\/arhiva\/#\/schema\/person\/image\/","url":"https:\/\/secure.gravatar.com\/avatar\/42263f39aa27ac04c43cab85c280eb2e?s=96&d=mm&r=pg","contentUrl":"https:\/\/secure.gravatar.com\/avatar\/42263f39aa27ac04c43cab85c280eb2e?s=96&d=mm&r=pg","caption":"Kul"},"logo":{"@id":"https:\/\/sandzakpress.net\/arhiva\/#\/schema\/person\/image\/"}},{"@type":"Person","@id":"https:\/\/sandzakpress.net\/arhiva\/#\/schema\/person\/cb59d7e3ab91ab90dd680ad0305a6185","name":"Agencija","image":{"@type":"ImageObject","inLanguage":"bs-BA","@id":"https:\/\/sandzakpress.net\/arhiva\/#\/schema\/person\/image\/","url":"https:\/\/secure.gravatar.com\/avatar\/4b7fafa80a22f0c2afe23966b3961fe0?s=96&d=mm&r=pg","contentUrl":"https:\/\/secure.gravatar.com\/avatar\/4b7fafa80a22f0c2afe23966b3961fe0?s=96&d=mm&r=pg","caption":"Agencija"},"url":"https:\/\/sandzakpress.net\/arhiva\/author\/agencija\/"}]}},"_links":{"self":[{"href":"https:\/\/sandzakpress.net\/arhiva\/wp-json\/wp\/v2\/posts\/139691"}],"collection":[{"href":"https:\/\/sandzakpress.net\/arhiva\/wp-json\/wp\/v2\/posts"}],"about":[{"href":"https:\/\/sandzakpress.net\/arhiva\/wp-json\/wp\/v2\/types\/post"}],"author":[{"embeddable":true,"href":"https:\/\/sandzakpress.net\/arhiva\/wp-json\/wp\/v2\/users\/509"}],"replies":[{"embeddable":true,"href":"https:\/\/sandzakpress.net\/arhiva\/wp-json\/wp\/v2\/comments?post=139691"}],"version-history":[{"count":0,"href":"https:\/\/sandzakpress.net\/arhiva\/wp-json\/wp\/v2\/posts\/139691\/revisions"}],"wp:featuredmedia":[{"embeddable":true,"href":"https:\/\/sandzakpress.net\/arhiva\/wp-json\/wp\/v2\/media\/139692"}],"wp:attachment":[{"href":"https:\/\/sandzakpress.net\/arhiva\/wp-json\/wp\/v2\/media?parent=139691"}],"wp:term":[{"taxonomy":"category","embeddable":true,"href":"https:\/\/sandzakpress.net\/arhiva\/wp-json\/wp\/v2\/categories?post=139691"},{"taxonomy":"post_tag","embeddable":true,"href":"https:\/\/sandzakpress.net\/arhiva\/wp-json\/wp\/v2\/tags?post=139691"}],"curies":[{"name":"wp","href":"https:\/\/api.w.org\/{rel}","templated":true}]}}