{"id":139671,"date":"2015-10-05T16:12:53","date_gmt":"2015-10-05T14:12:53","guid":{"rendered":"https:\/\/sandzakpress.net\/arhiva\/?p=139671"},"modified":"2015-10-05T17:52:28","modified_gmt":"2015-10-05T15:52:28","slug":"uprkos-privatizaciji-vlast-u-novom-pazaru-nastavila-finansirati-regionalnu-televiziju","status":"publish","type":"post","link":"https:\/\/sandzakpress.net\/arhiva\/uprkos-privatizaciji-vlast-u-novom-pazaru-nastavila-finansirati-regionalnu-televiziju\/","title":{"rendered":"Uprkos privatizaciji Vlast u Novom Pazaru nastavila finansirati Regionalnu televiziju"},"content":{"rendered":"<p><img decoding=\"async\" src=\"http:\/\/sanapress.info\/wp-content\/uploads\/2015\/10\/11.jpg\" alt=\"1\" \/><\/p>\n<p><strong>Novi Pazar &#8211;\u00a0Danas odr\u017eana osmo zasijedanje Skup\u0161tine grada Novog Pazara. I ovo zasijedanje proteklo je turbulentno, jer bud\u017eet grada je ono o \u010demu svi \u017eele slu\u0161ati. Pored toga \u0161to je iz bud\u017eeta grada za izgradnju\u00a0 atletskog stadiona, izdvojeno jo\u0161 dodatnih 5.300.000 dinara, iz bud\u017eeta se i dalje finansira Regionalna televizija.<\/strong><\/p>\n<p>\u201eNemate pravo bud\u017eetska sredstva da koristite za va\u0161u privatnu televiziju\u201c, kazao je dr. Muratovi\u0107, \u0161ef odborni\u010dke grupe BDZ Sand\u017eaka, koji je istakao da se atletski stadion gradi na vakufskom zemlji\u0161tu.<\/p>\n<p>\u201eAtletski stadion se pravi na vakufskom zemlji\u0161tu, nema problema, usvojite vi ovu odluku, ali da znate ni 2 000 pripadnika \u017eandermerije ne\u0107e vam pomo\u0107i kada se to bude vra\u0107alo\u201c, naglasio je Muratovi\u0107.<\/p>\n<p>Odbornici BDZ Sand\u017eaka, poku\u0161ali su baciti svjetlo na goru\u0107e probleme u gradu. Nakon stradanja trojice mladi\u0107a, i ubistva jednog u\u010desnika tu\u010de, prijedlog ove odborni\u010dke grupe bio je odricanje zarada do kraja mandata, kako bi se formirao edukativni centar za mlade.<\/p>\n<p>\u201eDa se do kraja mandata odreknemo svih zarada, svih dnevnica kako bi to ulo\u017eili kao po\u010detni kapital za formirnje zajedni\u010dkog edukativnog centra, koji bi se bavio promocijom zajedni\u010dkog \u017eivota mladih ljudi\u201c, kazao je Muratovi\u0107, dodaju\u0107i da bi to bila zajedni\u010dka borba za bolju budu\u0107nost.<\/p>\n<p>Ovaj prijedlog nije prihva\u0107en, \u0161ef odborni\u010dke grupe dr. Muamer Ba\u010devac izri\u010dito je odbio da se odrekne svojih primanja, tvrde\u0107i da je to jedino primanje koje ima.<\/p>\n<p>\u201eJa ne\u0107u da se odreknem, ja od toga \u017eivim. Ja nemam nikakvo drugo primanja osim toga i ovoga\u201c, nejasan je Ba\u010devac<\/p>\n<p>Pored ovog prijedloga dr. Muratovi\u0107 je iznio prijedlog o usvajanju odluke o prekidu neprijateljstva prema Islamskog zajednici od strane lokalne samouprave.<\/p>\n<p>\u201eIslamska zajednica je ustanova koja u\u017eiva povjerenje gra\u0111ana, me\u0111u kojima ogromni dio je va\u0161ih bira\u010da\u201c, rekao je Muratovi\u0107 koji ih je podsjetio da je ve\u0107ina odbornika branila Islamsku zajednicu kada se desio napad od paravjerske tvorevine 2008 godine.<\/p>\n<p>Nezobilazna tema je svakako legalizacija vjerskih objekata, o kojoj se ovih dana posebno slu\u0161alo u medijima. Odbornik Jonuz D\u017eankovi\u0107 za govornicom, ukazao je na nepobitne \u010dinjenice koje se vezuju za Islamsku zajednicu.<\/p>\n<p>\u201eGradona\u010delni\u010de, zajedno smo ja i ti branili Islamsku zajednicu, zajedno smo stajali ispred Altun Alem d\u017eamije. Ovo \u0161to iznosim je istina i \u010dinjenica, pravna slu\u017eba Islamse zajednice dostavlja zahtjeve za legalizovanje\u201c, isti\u010de D\u017eankovi\u0107.<\/p>\n<p>Gradona\u010delnik tvrdi da je Islamska zajednica njegova zajednica, ali da zahtjevi za legalizaciju vjerskih objekata ne postoje.<\/p>\n<p>\u201eTo je i moja Islamska zejednica!\u201c<\/p>\n<p>Na sjednici je smijenjen direktor Sportskog Centra Ilda Zorani\u0107,\u00a0 a na njenom mjestu postavljen VD direktor Zenib Biberovi\u0107. Jo\u0161 uvijek nije poznato ko \u0107e zaostale 24. plate isplatiti radnicima Sportskog centra.<\/p>\n<p>N.R.<\/p>\n<p>SANA &#8211; N.R.<\/p>\n<p><a href=\"http:\/\/sanapress.info\/wp-content\/uploads\/2015\/10\/21.jpg\"><img loading=\"lazy\" decoding=\"async\" class=\"alignnone  wp-image-24622\" src=\"http:\/\/sanapress.info\/wp-content\/uploads\/2015\/10\/21.jpg\" alt=\"2\" width=\"744\" height=\"419\" \/><\/a><a href=\"http:\/\/sanapress.info\/wp-content\/uploads\/2015\/10\/3.jpg\"><img loading=\"lazy\" decoding=\"async\" class=\"alignnone  wp-image-24623\" src=\"http:\/\/sanapress.info\/wp-content\/uploads\/2015\/10\/3.jpg\" alt=\"3\" width=\"740\" height=\"417\" \/><\/a><\/p>\n","protected":false},"excerpt":{"rendered":"<p>Novi Pazar &#8211;\u00a0Danas odr\u017eana osmo zasijedanje Skup\u0161tine grada Novog Pazara. I ovo zasijedanje proteklo je turbulentno, jer bud\u017eet grada je ono o \u010demu svi \u017eele slu\u0161ati. Pored toga \u0161to je iz bud\u017eeta grada za izgradnju\u00a0 atletskog stadiona, izdvojeno jo\u0161 dodatnih 5.300.000 dinara, iz bud\u017eeta se i dalje finansira Regionalna televizija. \u201eNemate pravo bud\u017eetska sredstva da [&hellip;]<\/p>\n","protected":false},"author":83,"featured_media":139684,"comment_status":"open","ping_status":"open","sticky":false,"template":"","format":"standard","meta":{"footnotes":""},"categories":[72,1,8957],"tags":[10248],"class_list":{"0":"post-139671","1":"post","2":"type-post","3":"status-publish","4":"format-standard","5":"has-post-thumbnail","7":"category-novi-pazar","8":"category-politika","9":"category-vijesti-dana","10":"tag-gradska-uprava-novi-pazar"},"yoast_head":"<!-- This site is optimized with the Yoast SEO Premium plugin v23.1 (Yoast SEO v24.9) - https:\/\/yoast.com\/wordpress\/plugins\/seo\/ -->\n<title>Uprkos privatizaciji Vlast u Novom Pazaru nastavila finansirati Regionalnu televiziju<\/title>\n<meta name=\"robots\" content=\"index, follow, max-snippet:-1, max-image-preview:large, max-video-preview:-1\" \/>\n<link rel=\"canonical\" href=\"https:\/\/sandzakpress.net\/arhiva\/uprkos-privatizaciji-vlast-u-novom-pazaru-nastavila-finansirati-regionalnu-televiziju\/\" \/>\n<meta property=\"og:locale\" content=\"bs_BA\" \/>\n<meta property=\"og:type\" content=\"article\" \/>\n<meta property=\"og:title\" content=\"Uprkos privatizaciji Vlast u Novom Pazaru nastavila finansirati Regionalnu televiziju\" \/>\n<meta property=\"og:description\" content=\"Novi Pazar &#8211;\u00a0Danas odr\u017eana osmo zasijedanje Skup\u0161tine grada Novog Pazara. I ovo zasijedanje proteklo je turbulentno, jer bud\u017eet grada je ono o \u010demu svi \u017eele slu\u0161ati. Pored toga \u0161to je iz bud\u017eeta grada za izgradnju\u00a0 atletskog stadiona, izdvojeno jo\u0161 dodatnih 5.300.000 dinara, iz bud\u017eeta se i dalje finansira Regionalna televizija. \u201eNemate pravo bud\u017eetska sredstva da [&hellip;]\" \/>\n<meta property=\"og:url\" content=\"https:\/\/sandzakpress.net\/arhiva\/uprkos-privatizaciji-vlast-u-novom-pazaru-nastavila-finansirati-regionalnu-televiziju\/\" \/>\n<meta property=\"og:site_name\" content=\"Sand\u017eak PRESS\" \/>\n<meta property=\"article:published_time\" content=\"2015-10-05T14:12:53+00:00\" \/>\n<meta property=\"article:modified_time\" content=\"2015-10-05T15:52:28+00:00\" \/>\n<meta property=\"og:image\" content=\"https:\/\/sandzakpress.net\/arhiva\/wp-content\/uploads\/2015\/10\/112.jpg\" \/>\n\t<meta property=\"og:image:width\" content=\"1280\" \/>\n\t<meta property=\"og:image:height\" content=\"720\" \/>\n\t<meta property=\"og:image:type\" content=\"image\/jpeg\" \/>\n<meta name=\"author\" content=\"bosniak\" \/>\n<meta name=\"twitter:card\" content=\"summary_large_image\" \/>\n<meta name=\"twitter:label1\" content=\"Written by\" \/>\n\t<meta name=\"twitter:data1\" content=\"bosniak\" \/>\n\t<meta name=\"twitter:label2\" content=\"Est. reading time\" \/>\n\t<meta name=\"twitter:data2\" content=\"2 minute\" \/>\n<script type=\"application\/ld+json\" class=\"yoast-schema-graph\">{\"@context\":\"https:\/\/schema.org\",\"@graph\":[{\"@type\":\"Article\",\"@id\":\"https:\/\/sandzakpress.net\/arhiva\/uprkos-privatizaciji-vlast-u-novom-pazaru-nastavila-finansirati-regionalnu-televiziju\/#article\",\"isPartOf\":{\"@id\":\"https:\/\/sandzakpress.net\/arhiva\/uprkos-privatizaciji-vlast-u-novom-pazaru-nastavila-finansirati-regionalnu-televiziju\/\"},\"author\":{\"name\":\"bosniak\",\"@id\":\"https:\/\/sandzakpress.net\/arhiva\/#\/schema\/person\/c8baee722073534b583ea7bdb2e36c02\"},\"headline\":\"Uprkos privatizaciji Vlast u Novom Pazaru nastavila finansirati Regionalnu televiziju\",\"datePublished\":\"2015-10-05T14:12:53+00:00\",\"dateModified\":\"2015-10-05T15:52:28+00:00\",\"mainEntityOfPage\":{\"@id\":\"https:\/\/sandzakpress.net\/arhiva\/uprkos-privatizaciji-vlast-u-novom-pazaru-nastavila-finansirati-regionalnu-televiziju\/\"},\"wordCount\":484,\"commentCount\":8,\"publisher\":{\"@id\":\"https:\/\/sandzakpress.net\/arhiva\/#\/schema\/person\/6e72b67d6e51910a1117b3b483ba20bd\"},\"image\":{\"@id\":\"https:\/\/sandzakpress.net\/arhiva\/uprkos-privatizaciji-vlast-u-novom-pazaru-nastavila-finansirati-regionalnu-televiziju\/#primaryimage\"},\"thumbnailUrl\":\"https:\/\/sandzakpress.net\/arhiva\/wp-content\/uploads\/2015\/10\/112.jpg\",\"keywords\":[\"Vlast u Novom Pazaru\"],\"articleSection\":[\"Novi Pazar\",\"Politika\",\"VIJESTI DANA\"],\"inLanguage\":\"bs-BA\",\"potentialAction\":[{\"@type\":\"CommentAction\",\"name\":\"Comment\",\"target\":[\"https:\/\/sandzakpress.net\/arhiva\/uprkos-privatizaciji-vlast-u-novom-pazaru-nastavila-finansirati-regionalnu-televiziju\/#respond\"]}]},{\"@type\":\"WebPage\",\"@id\":\"https:\/\/sandzakpress.net\/arhiva\/uprkos-privatizaciji-vlast-u-novom-pazaru-nastavila-finansirati-regionalnu-televiziju\/\",\"url\":\"https:\/\/sandzakpress.net\/arhiva\/uprkos-privatizaciji-vlast-u-novom-pazaru-nastavila-finansirati-regionalnu-televiziju\/\",\"name\":\"Uprkos privatizaciji Vlast u Novom Pazaru nastavila finansirati Regionalnu televiziju\",\"isPartOf\":{\"@id\":\"https:\/\/sandzakpress.net\/arhiva\/#website\"},\"primaryImageOfPage\":{\"@id\":\"https:\/\/sandzakpress.net\/arhiva\/uprkos-privatizaciji-vlast-u-novom-pazaru-nastavila-finansirati-regionalnu-televiziju\/#primaryimage\"},\"image\":{\"@id\":\"https:\/\/sandzakpress.net\/arhiva\/uprkos-privatizaciji-vlast-u-novom-pazaru-nastavila-finansirati-regionalnu-televiziju\/#primaryimage\"},\"thumbnailUrl\":\"https:\/\/sandzakpress.net\/arhiva\/wp-content\/uploads\/2015\/10\/112.jpg\",\"datePublished\":\"2015-10-05T14:12:53+00:00\",\"dateModified\":\"2015-10-05T15:52:28+00:00\",\"breadcrumb\":{\"@id\":\"https:\/\/sandzakpress.net\/arhiva\/uprkos-privatizaciji-vlast-u-novom-pazaru-nastavila-finansirati-regionalnu-televiziju\/#breadcrumb\"},\"inLanguage\":\"bs-BA\",\"potentialAction\":[{\"@type\":\"ReadAction\",\"target\":[\"https:\/\/sandzakpress.net\/arhiva\/uprkos-privatizaciji-vlast-u-novom-pazaru-nastavila-finansirati-regionalnu-televiziju\/\"]}]},{\"@type\":\"ImageObject\",\"inLanguage\":\"bs-BA\",\"@id\":\"https:\/\/sandzakpress.net\/arhiva\/uprkos-privatizaciji-vlast-u-novom-pazaru-nastavila-finansirati-regionalnu-televiziju\/#primaryimage\",\"url\":\"https:\/\/sandzakpress.net\/arhiva\/wp-content\/uploads\/2015\/10\/112.jpg\",\"contentUrl\":\"https:\/\/sandzakpress.net\/arhiva\/wp-content\/uploads\/2015\/10\/112.jpg\",\"width\":1280,\"height\":720},{\"@type\":\"BreadcrumbList\",\"@id\":\"https:\/\/sandzakpress.net\/arhiva\/uprkos-privatizaciji-vlast-u-novom-pazaru-nastavila-finansirati-regionalnu-televiziju\/#breadcrumb\",\"itemListElement\":[{\"@type\":\"ListItem\",\"position\":1,\"name\":\"Home\",\"item\":\"https:\/\/sandzakpress.net\/arhiva\/\"},{\"@type\":\"ListItem\",\"position\":2,\"name\":\"Uprkos privatizaciji Vlast u Novom Pazaru nastavila finansirati Regionalnu televiziju\"}]},{\"@type\":\"WebSite\",\"@id\":\"https:\/\/sandzakpress.net\/arhiva\/#website\",\"url\":\"https:\/\/sandzakpress.net\/arhiva\/\",\"name\":\"Sand\u017eak PRESS\",\"description\":\"Prve elektronske novine u Sand\u017eaku\",\"publisher\":{\"@id\":\"https:\/\/sandzakpress.net\/arhiva\/#\/schema\/person\/6e72b67d6e51910a1117b3b483ba20bd\"},\"potentialAction\":[{\"@type\":\"SearchAction\",\"target\":{\"@type\":\"EntryPoint\",\"urlTemplate\":\"https:\/\/sandzakpress.net\/arhiva\/?s={search_term_string}\"},\"query-input\":{\"@type\":\"PropertyValueSpecification\",\"valueRequired\":true,\"valueName\":\"search_term_string\"}}],\"inLanguage\":\"bs-BA\"},{\"@type\":[\"Person\",\"Organization\"],\"@id\":\"https:\/\/sandzakpress.net\/arhiva\/#\/schema\/person\/6e72b67d6e51910a1117b3b483ba20bd\",\"name\":\"Kul\",\"image\":{\"@type\":\"ImageObject\",\"inLanguage\":\"bs-BA\",\"@id\":\"https:\/\/sandzakpress.net\/arhiva\/#\/schema\/person\/image\/\",\"url\":\"https:\/\/secure.gravatar.com\/avatar\/42263f39aa27ac04c43cab85c280eb2e?s=96&d=mm&r=pg\",\"contentUrl\":\"https:\/\/secure.gravatar.com\/avatar\/42263f39aa27ac04c43cab85c280eb2e?s=96&d=mm&r=pg\",\"caption\":\"Kul\"},\"logo\":{\"@id\":\"https:\/\/sandzakpress.net\/arhiva\/#\/schema\/person\/image\/\"}},{\"@type\":\"Person\",\"@id\":\"https:\/\/sandzakpress.net\/arhiva\/#\/schema\/person\/c8baee722073534b583ea7bdb2e36c02\",\"name\":\"bosniak\",\"image\":{\"@type\":\"ImageObject\",\"inLanguage\":\"bs-BA\",\"@id\":\"https:\/\/sandzakpress.net\/arhiva\/#\/schema\/person\/image\/\",\"url\":\"https:\/\/secure.gravatar.com\/avatar\/a04fd330bfe3a36a72a0ad4a6d89fca7?s=96&d=mm&r=pg\",\"contentUrl\":\"https:\/\/secure.gravatar.com\/avatar\/a04fd330bfe3a36a72a0ad4a6d89fca7?s=96&d=mm&r=pg\",\"caption\":\"bosniak\"},\"url\":\"https:\/\/sandzakpress.net\/arhiva\/author\/bosniak\/\"}]}<\/script>\n<!-- \/ Yoast SEO Premium plugin. -->","yoast_head_json":{"title":"Uprkos privatizaciji Vlast u Novom Pazaru nastavila finansirati Regionalnu televiziju","robots":{"index":"index","follow":"follow","max-snippet":"max-snippet:-1","max-image-preview":"max-image-preview:large","max-video-preview":"max-video-preview:-1"},"canonical":"https:\/\/sandzakpress.net\/arhiva\/uprkos-privatizaciji-vlast-u-novom-pazaru-nastavila-finansirati-regionalnu-televiziju\/","og_locale":"bs_BA","og_type":"article","og_title":"Uprkos privatizaciji Vlast u Novom Pazaru nastavila finansirati Regionalnu televiziju","og_description":"Novi Pazar &#8211;\u00a0Danas odr\u017eana osmo zasijedanje Skup\u0161tine grada Novog Pazara. I ovo zasijedanje proteklo je turbulentno, jer bud\u017eet grada je ono o \u010demu svi \u017eele slu\u0161ati. Pored toga \u0161to je iz bud\u017eeta grada za izgradnju\u00a0 atletskog stadiona, izdvojeno jo\u0161 dodatnih 5.300.000 dinara, iz bud\u017eeta se i dalje finansira Regionalna televizija. \u201eNemate pravo bud\u017eetska sredstva da [&hellip;]","og_url":"https:\/\/sandzakpress.net\/arhiva\/uprkos-privatizaciji-vlast-u-novom-pazaru-nastavila-finansirati-regionalnu-televiziju\/","og_site_name":"Sand\u017eak PRESS","article_published_time":"2015-10-05T14:12:53+00:00","article_modified_time":"2015-10-05T15:52:28+00:00","og_image":[{"width":1280,"height":720,"url":"https:\/\/sandzakpress.net\/arhiva\/wp-content\/uploads\/2015\/10\/112.jpg","type":"image\/jpeg"}],"author":"bosniak","twitter_card":"summary_large_image","twitter_misc":{"Written by":"bosniak","Est. reading time":"2 minute"},"schema":{"@context":"https:\/\/schema.org","@graph":[{"@type":"Article","@id":"https:\/\/sandzakpress.net\/arhiva\/uprkos-privatizaciji-vlast-u-novom-pazaru-nastavila-finansirati-regionalnu-televiziju\/#article","isPartOf":{"@id":"https:\/\/sandzakpress.net\/arhiva\/uprkos-privatizaciji-vlast-u-novom-pazaru-nastavila-finansirati-regionalnu-televiziju\/"},"author":{"name":"bosniak","@id":"https:\/\/sandzakpress.net\/arhiva\/#\/schema\/person\/c8baee722073534b583ea7bdb2e36c02"},"headline":"Uprkos privatizaciji Vlast u Novom Pazaru nastavila finansirati Regionalnu televiziju","datePublished":"2015-10-05T14:12:53+00:00","dateModified":"2015-10-05T15:52:28+00:00","mainEntityOfPage":{"@id":"https:\/\/sandzakpress.net\/arhiva\/uprkos-privatizaciji-vlast-u-novom-pazaru-nastavila-finansirati-regionalnu-televiziju\/"},"wordCount":484,"commentCount":8,"publisher":{"@id":"https:\/\/sandzakpress.net\/arhiva\/#\/schema\/person\/6e72b67d6e51910a1117b3b483ba20bd"},"image":{"@id":"https:\/\/sandzakpress.net\/arhiva\/uprkos-privatizaciji-vlast-u-novom-pazaru-nastavila-finansirati-regionalnu-televiziju\/#primaryimage"},"thumbnailUrl":"https:\/\/sandzakpress.net\/arhiva\/wp-content\/uploads\/2015\/10\/112.jpg","keywords":["Vlast u Novom Pazaru"],"articleSection":["Novi Pazar","Politika","VIJESTI DANA"],"inLanguage":"bs-BA","potentialAction":[{"@type":"CommentAction","name":"Comment","target":["https:\/\/sandzakpress.net\/arhiva\/uprkos-privatizaciji-vlast-u-novom-pazaru-nastavila-finansirati-regionalnu-televiziju\/#respond"]}]},{"@type":"WebPage","@id":"https:\/\/sandzakpress.net\/arhiva\/uprkos-privatizaciji-vlast-u-novom-pazaru-nastavila-finansirati-regionalnu-televiziju\/","url":"https:\/\/sandzakpress.net\/arhiva\/uprkos-privatizaciji-vlast-u-novom-pazaru-nastavila-finansirati-regionalnu-televiziju\/","name":"Uprkos privatizaciji Vlast u Novom Pazaru nastavila finansirati Regionalnu televiziju","isPartOf":{"@id":"https:\/\/sandzakpress.net\/arhiva\/#website"},"primaryImageOfPage":{"@id":"https:\/\/sandzakpress.net\/arhiva\/uprkos-privatizaciji-vlast-u-novom-pazaru-nastavila-finansirati-regionalnu-televiziju\/#primaryimage"},"image":{"@id":"https:\/\/sandzakpress.net\/arhiva\/uprkos-privatizaciji-vlast-u-novom-pazaru-nastavila-finansirati-regionalnu-televiziju\/#primaryimage"},"thumbnailUrl":"https:\/\/sandzakpress.net\/arhiva\/wp-content\/uploads\/2015\/10\/112.jpg","datePublished":"2015-10-05T14:12:53+00:00","dateModified":"2015-10-05T15:52:28+00:00","breadcrumb":{"@id":"https:\/\/sandzakpress.net\/arhiva\/uprkos-privatizaciji-vlast-u-novom-pazaru-nastavila-finansirati-regionalnu-televiziju\/#breadcrumb"},"inLanguage":"bs-BA","potentialAction":[{"@type":"ReadAction","target":["https:\/\/sandzakpress.net\/arhiva\/uprkos-privatizaciji-vlast-u-novom-pazaru-nastavila-finansirati-regionalnu-televiziju\/"]}]},{"@type":"ImageObject","inLanguage":"bs-BA","@id":"https:\/\/sandzakpress.net\/arhiva\/uprkos-privatizaciji-vlast-u-novom-pazaru-nastavila-finansirati-regionalnu-televiziju\/#primaryimage","url":"https:\/\/sandzakpress.net\/arhiva\/wp-content\/uploads\/2015\/10\/112.jpg","contentUrl":"https:\/\/sandzakpress.net\/arhiva\/wp-content\/uploads\/2015\/10\/112.jpg","width":1280,"height":720},{"@type":"BreadcrumbList","@id":"https:\/\/sandzakpress.net\/arhiva\/uprkos-privatizaciji-vlast-u-novom-pazaru-nastavila-finansirati-regionalnu-televiziju\/#breadcrumb","itemListElement":[{"@type":"ListItem","position":1,"name":"Home","item":"https:\/\/sandzakpress.net\/arhiva\/"},{"@type":"ListItem","position":2,"name":"Uprkos privatizaciji Vlast u Novom Pazaru nastavila finansirati Regionalnu televiziju"}]},{"@type":"WebSite","@id":"https:\/\/sandzakpress.net\/arhiva\/#website","url":"https:\/\/sandzakpress.net\/arhiva\/","name":"Sand\u017eak PRESS","description":"Prve elektronske novine u Sand\u017eaku","publisher":{"@id":"https:\/\/sandzakpress.net\/arhiva\/#\/schema\/person\/6e72b67d6e51910a1117b3b483ba20bd"},"potentialAction":[{"@type":"SearchAction","target":{"@type":"EntryPoint","urlTemplate":"https:\/\/sandzakpress.net\/arhiva\/?s={search_term_string}"},"query-input":{"@type":"PropertyValueSpecification","valueRequired":true,"valueName":"search_term_string"}}],"inLanguage":"bs-BA"},{"@type":["Person","Organization"],"@id":"https:\/\/sandzakpress.net\/arhiva\/#\/schema\/person\/6e72b67d6e51910a1117b3b483ba20bd","name":"Kul","image":{"@type":"ImageObject","inLanguage":"bs-BA","@id":"https:\/\/sandzakpress.net\/arhiva\/#\/schema\/person\/image\/","url":"https:\/\/secure.gravatar.com\/avatar\/42263f39aa27ac04c43cab85c280eb2e?s=96&d=mm&r=pg","contentUrl":"https:\/\/secure.gravatar.com\/avatar\/42263f39aa27ac04c43cab85c280eb2e?s=96&d=mm&r=pg","caption":"Kul"},"logo":{"@id":"https:\/\/sandzakpress.net\/arhiva\/#\/schema\/person\/image\/"}},{"@type":"Person","@id":"https:\/\/sandzakpress.net\/arhiva\/#\/schema\/person\/c8baee722073534b583ea7bdb2e36c02","name":"bosniak","image":{"@type":"ImageObject","inLanguage":"bs-BA","@id":"https:\/\/sandzakpress.net\/arhiva\/#\/schema\/person\/image\/","url":"https:\/\/secure.gravatar.com\/avatar\/a04fd330bfe3a36a72a0ad4a6d89fca7?s=96&d=mm&r=pg","contentUrl":"https:\/\/secure.gravatar.com\/avatar\/a04fd330bfe3a36a72a0ad4a6d89fca7?s=96&d=mm&r=pg","caption":"bosniak"},"url":"https:\/\/sandzakpress.net\/arhiva\/author\/bosniak\/"}]}},"_links":{"self":[{"href":"https:\/\/sandzakpress.net\/arhiva\/wp-json\/wp\/v2\/posts\/139671"}],"collection":[{"href":"https:\/\/sandzakpress.net\/arhiva\/wp-json\/wp\/v2\/posts"}],"about":[{"href":"https:\/\/sandzakpress.net\/arhiva\/wp-json\/wp\/v2\/types\/post"}],"author":[{"embeddable":true,"href":"https:\/\/sandzakpress.net\/arhiva\/wp-json\/wp\/v2\/users\/83"}],"replies":[{"embeddable":true,"href":"https:\/\/sandzakpress.net\/arhiva\/wp-json\/wp\/v2\/comments?post=139671"}],"version-history":[{"count":0,"href":"https:\/\/sandzakpress.net\/arhiva\/wp-json\/wp\/v2\/posts\/139671\/revisions"}],"wp:featuredmedia":[{"embeddable":true,"href":"https:\/\/sandzakpress.net\/arhiva\/wp-json\/wp\/v2\/media\/139684"}],"wp:attachment":[{"href":"https:\/\/sandzakpress.net\/arhiva\/wp-json\/wp\/v2\/media?parent=139671"}],"wp:term":[{"taxonomy":"category","embeddable":true,"href":"https:\/\/sandzakpress.net\/arhiva\/wp-json\/wp\/v2\/categories?post=139671"},{"taxonomy":"post_tag","embeddable":true,"href":"https:\/\/sandzakpress.net\/arhiva\/wp-json\/wp\/v2\/tags?post=139671"}],"curies":[{"name":"wp","href":"https:\/\/api.w.org\/{rel}","templated":true}]}}