{"id":139657,"date":"2015-10-04T10:20:07","date_gmt":"2015-10-04T08:20:07","guid":{"rendered":"https:\/\/sandzakpress.net\/arhiva\/islamu-se-ne-pise-lose-propast-ce-dozivjeti-oni-koji-ga-napadaju-i-zele-utrnuti-njegovo-svjetlo"},"modified":"2015-10-04T10:20:07","modified_gmt":"2015-10-04T08:20:07","slug":"islamu-se-ne-pise-lose-propast-ce-dozivjeti-oni-koji-ga-napadaju-i-zele-utrnuti-njegovo-svjetlo","status":"publish","type":"post","link":"https:\/\/sandzakpress.net\/arhiva\/islamu-se-ne-pise-lose-propast-ce-dozivjeti-oni-koji-ga-napadaju-i-zele-utrnuti-njegovo-svjetlo\/","title":{"rendered":"Islamu se ne pi\u0161e lo\u0161e, propast \u0107e do\u017eivjeti oni koji ga napadaju i \u017eele utrnuti njegovo svjetlo"},"content":{"rendered":"<p><img loading=\"lazy\" decoding=\"async\" class=\"\" src=\"http:\/\/i2.wp.com\/bosnjaci.agency\/wp-content\/uploads\/2015\/10\/Vlastimir-Mijovic.jpg?w=696\" alt=\"\" width=\"600\" height=\"450\" \/><\/p>\n<p><strong>BiH \u2013 \u0160ta bi se desilo kada bi jedan muslimanski autor\/publicista svoju kolumnu naslovio sa \u201eKr\u0161\u0107anstvu se ne pi\u0161e dobro\u201c?<\/strong><\/p>\n<p>Vjerovatno bi to bio kraj njegove i karijere medija koji bi takav naslov objavio? \u0160ta bi se desilo kada bi kr\u0161\u0107anski autor\/publicista (ovdje mislim na kulturolo\u0161ku pripadnost, a ne strogo religijsku) napisao \u201eIslamu se lo\u0161e pi\u0161e\u201c? Ni\u0161ta. Ve\u0107 se desilo, i koliko vidim taj naslov, ne samo da nije izazvao nikakve reakcije javnosti, nego je pro\u0161ao potpuno neopa\u017eeno. Naslov je djelo poznatog bosanskohercegova\u010dkog kolumniste Vlastimira Mijovi\u0107a, i redakcije bosanskog portala fokus.ba. Sasvim je svejedno da li je Mijovi\u0107ev naslov plod njegovog dubokog uvjerenja ili obi\u010dne ljudske empatije i saosje\u0107anja, jer, stavljen u savremeni kontekst, \u010dini ogromnu \u0161tetu Bosni i Hercegovini i njenom najbrojnijem narodu, koji kakve li slu\u010dajnosti, upravo pripada islamskom civilizacijskom krugu. Srpsko-hrvatskom, a dijelom i bosanskom, antiislamskom ozra\u010dju nedostajao je samo ovaj naslov, koji, opet ponavljam, bez obzira \u0161to je mo\u017eda napisan sa najboljim namjerama, predstavlja sr\u017e savremene kr\u0161\u0107anske filozofije i percepcije islama, koju, kako i sam autor ka\u017ee, \u201emnogi \u201emudro\u201c pre\u0161u\u0107uju.<\/p>\n<p>Istina Mijovi\u0107 je naveo sijaset konkretnih \u010dinjenica, koje bi neupu\u0107enog \u010ditaoca mogle navesti na zaklju\u010dak iz naslova, od kojih je najva\u017enija rije\u0161enost dviju najve\u0107ih svjetskih politi\u010dkih i vojnih sila, Amerike i Rusije, da se kona\u010dno obra\u010dunaju sa \u201eislamistima\u201c, dakle islamom. Nije Mijovi\u0107 zaboravio spomenuti ni fa\u0161isti\u010dke izjave hrvatskog franjevca Danijela Maljura, koji je poslanika Muhameda, sallallahu alejhi ve sellem, nazvao \u201eoli\u010denjem svega lo\u0161eg\u201c, a Kur\u2019an \u201e\u0111avoljim nadahnu\u0107em\u201c. Sve su to, po Mijovi\u0107u, indikatori krajnje neizvjesne budu\u0107nosti islama.<\/p>\n<p>Mijovi\u0107 je svojim naslovom i tezom samo pokazao koliko ne poznaje islam, njegovu prirodu i povijest. Gospodine Mijovi\u0107u, \u201eislamu se nije lo\u0161e pisalo\u201c ni u puno gorim i te\u017eim vremenima, ho\u0107u re\u0107i, ako je islam pre\u017eivio mongolsku najezdu, u kojoj je do temelja poru\u0161ena tada\u0161nja prijestonica islama Bagdad, i uni\u0161tena ve\u0107ina nau\u010dnog, kulturnog i civilizacijskog islamskog blaga; ako je pre\u017eivio dvanaest kri\u017earskih ratova, koji su, protiv islama, okupili kompletnu kr\u0161\u0107ansku politi\u010dku i vjersku elitu, i \u201enajhrabrije\u201c kr\u0161\u0107anske sinove, i u toku kojeg su po\u010dinjeni nezapam\u0107eni zlo\u010dini nad muslimanima; ako je pre\u017eivio \u0161pansku inkviziciju, u kojoj je za samo sto godina ubijeno vi\u0161e od tri miliona muslimana; ako je pre\u017eivio kolonijalne ratove, udru\u017eenu englesko-italijansko-francusko-gr\u010dku invaziju na srce Osmanske imperije, pokolje i genocide u XX vijeku, progone u Sibir, komunisti\u010dke gulage, sigurno \u0107e pre\u017eivjeti i nadi\u017evjeti najnoviju ameri\u010dko-rusku agresiju na Bliski istok, licemjernu i antimuslimansku politiku \u201emodernog\u201c Zapada, i nikogovi\u0107e poput Karad\u017ei\u0107a, Mladi\u0107a, Dodika i franjevca Danijela Maljura.<br \/>\nI ne samo da \u0107e islam pre\u017eivjeti i da \u201emu se ne pi\u0161e lo\u0161e\u201c, nego \u0107e zajedno sa njim, pa makar to bilo krivo du\u0161manima, pre\u017eivjeti njegova najznamenitija obilje\u017eja\/simboli, Kur\u2019an, ezan, namaz, had\u017e, bajram, tekbir i njegovo kompletno vjersko, duhovno i moralno naslije\u0111e na kojem po\u010divaju najve\u0107a civilizacijska, nau\u010dna, kulturolo\u0161ka, dru\u0161tvena dostignu\u0107a modernog svijeta. Zapravo, zahvalju\u0107i isklju\u010divo islamskoj duhovnoj i moralnoj snazi, i nadahnutosti islamskih vladara i vojske uzvi\u0161enim principima pravde i humanizma, \u010dovje\u010danstvo evo \u017eivi svoj 21. vijek. Veliko je pitanje, da su u Srednjem vijeku konci svjetske vlasti, umjesto Osmanlijama, date tada\u0161njim kr\u0161\u0107anskim vladarima, \u0161ta bi danas ostalo od sveukupnog ljudskog, civilizacijskog i kulturnog, naslije\u0111a.<\/p>\n<p>Samo su u okviru muslimanske vlasti mogli, nesmetano jedni pored drugih \u017eivjeti, djelovati i privre\u0111ivati, muslimani, kr\u0161\u0107ani, jevreji, i sljedbenici razli\u010ditih politeisti\u010dkih vjerovanja. Samo je muslimanska osmanska dr\u017eava imala snage primiti prognane jevreje iz \u0160panije, u vrijeme kada se na njih u Evropi gledalo kao \u201eneljudsku\u201c vrstu. Samo su muslimanski\/bo\u0161nja\u010dki intelektualci imali snage, u II svjetskom ratu, javno osuditi usta\u0161ke i \u010detni\u010dke zlo\u010dine. Samo na teritorijima pod bo\u0161nja\u010dkom\/muslimanskom kontrolom, u posljednjoj agresiji na Bosnu i Hercegovinu, nisu po\u010dinjeni masovni zlo\u010dini, etni\u010dko \u010di\u0161\u0107enje, silovanja, nisu poru\u0161eni vjerski objekti i groblja, nema masovnih grobnica, a sve to zahvalju\u0107i islamu kao dominantnoj komponenti bo\u0161nja\u010dkog identiteta. Vjera koja ima takve ljudske, politi\u010dke i eti\u010dke kapacitete, gospodine Mijovi\u0107u, ne\u0107e nestati i \u201ene pi\u0161e joj se lo\u0161e.\u201c<\/p>\n<p>\u201eNe pi\u0161e joj se lo\u0161e\u201c i zbog toga \u0161to je to jedina autenti\u010dna vjera od Boga, vjera svih Bo\u017eijih poslanika, od Adema do Muhameda, alejhimus-selam, \u0161to je Poslanik islama, sallallahu alejhi ve sellem, obe\u0107ao da \u0107e islam u\u0107i u svaku ku\u0107u, bila ona od \u010derpi\u0107a ili pru\u0107a, \u0161to je ona u Bo\u017eijoj a ne u ljudskim ingerencijama, \u0161to je njegov izvor Kur\u2019an, nenadma\u0161ivi spoj jezi\u010dke, stilske, estetske, duhovne, ljudske, moralno-eti\u010dke ljepote, i \u010dije svjetlo, i pored silnih \u017eelja i nastojanja, niko nije uspio utrnuti.<br \/>\nPrije \u0107e biti da se lo\u0161e pi\u0161e zapadnim mo\u0107nicima, uzurpatorima, silnicima i kriminalcima, ogrezlim u otimanju muslimanske zemlje i bogatstava i ubijanju muslimanske neja\u010di, kr\u0161\u0107anskim autorima, ogrezlim u falsifikovanju o\u010diglednih \u010dinjenica i istina i vjerskim zvani\u010dnicima, ogrezlim u hu\u0161kanju zalu\u0111enih masa protiv svega islamskog i muslimanskog.<br \/>\nI da, gospodine Mijovi\u0107u, nemojte se vi sekirati za islam. Islam ima svog Gospodara, i svoje iskrene sljedbenike, koji ga nikada nisu i ne\u0107e ostaviti na cjedilu. Bolje vam je da se pobrinete za moralni i duhovni mete\u017e unutar kr\u0161\u0107anskog, politi\u010dkog, intelektualnog i vjerskog kruga, jer je najbolji \u201e\u010duvarku\u0107a\u201c onaj koji svoju avliju mete prije tu\u0111ih.<\/p>\n<p>(bosnjaci.agency)<\/p>\n<p>Pogledajte vijest na izvornom sajtu:<\/p>\n<p><a href=\"http:\/\/islampress.net\/dijeli\/islamu-se-ne-pise-lose-propast-ce-dozivjeti-oni-koji-ga-napadaju-i-zele-utrnuti-njegovo-svjetlo\" target=\"_blank\">Islamu se ne pi\u0161e lo\u0161e, propast \u0107e do\u017eivjeti oni koji ga napadaju i \u017eele utrnuti njegovo svjetlo<\/a><\/p>\n","protected":false},"excerpt":{"rendered":"<p>BiH \u2013 \u0160ta bi se desilo kada bi jedan muslimanski autor\/publicista svoju kolumnu naslovio sa \u201eKr\u0161\u0107anstvu se ne pi\u0161e dobro\u201c? Vjerovatno bi to bio kraj njegove i karijere medija koji bi takav naslov objavio? \u0160ta bi se desilo kada bi kr\u0161\u0107anski autor\/publicista (ovdje mislim na kulturolo\u0161ku pripadnost, a ne strogo religijsku) napisao \u201eIslamu se lo\u0161e [&hellip;]<\/p>\n","protected":false},"author":83,"featured_media":139658,"comment_status":"open","ping_status":"open","sticky":false,"template":"","format":"standard","meta":{"footnotes":""},"categories":[10514],"tags":[10516],"class_list":{"0":"post-139657","1":"post","2":"type-post","3":"status-publish","4":"format-standard","5":"has-post-thumbnail","7":"category-islam-press","8":"tag-islam"},"yoast_head":"<!-- This site is optimized with the Yoast SEO Premium plugin v23.1 (Yoast SEO v24.9) - https:\/\/yoast.com\/wordpress\/plugins\/seo\/ -->\n<title>Islamu se ne pi\u0161e lo\u0161e, propast \u0107e do\u017eivjeti oni koji ga napadaju i \u017eele utrnuti njegovo svjetlo<\/title>\n<meta name=\"robots\" content=\"index, follow, max-snippet:-1, max-image-preview:large, max-video-preview:-1\" \/>\n<link rel=\"canonical\" href=\"https:\/\/sandzakpress.net\/arhiva\/islamu-se-ne-pise-lose-propast-ce-dozivjeti-oni-koji-ga-napadaju-i-zele-utrnuti-njegovo-svjetlo\/\" \/>\n<meta property=\"og:locale\" content=\"bs_BA\" \/>\n<meta property=\"og:type\" content=\"article\" \/>\n<meta property=\"og:title\" content=\"Islamu se ne pi\u0161e lo\u0161e, propast \u0107e do\u017eivjeti oni koji ga napadaju i \u017eele utrnuti njegovo svjetlo\" \/>\n<meta property=\"og:description\" content=\"BiH \u2013 \u0160ta bi se desilo kada bi jedan muslimanski autor\/publicista svoju kolumnu naslovio sa \u201eKr\u0161\u0107anstvu se ne pi\u0161e dobro\u201c? Vjerovatno bi to bio kraj njegove i karijere medija koji bi takav naslov objavio? \u0160ta bi se desilo kada bi kr\u0161\u0107anski autor\/publicista (ovdje mislim na kulturolo\u0161ku pripadnost, a ne strogo religijsku) napisao \u201eIslamu se lo\u0161e [&hellip;]\" \/>\n<meta property=\"og:url\" content=\"https:\/\/sandzakpress.net\/arhiva\/islamu-se-ne-pise-lose-propast-ce-dozivjeti-oni-koji-ga-napadaju-i-zele-utrnuti-njegovo-svjetlo\/\" \/>\n<meta property=\"og:site_name\" content=\"Sand\u017eak PRESS\" \/>\n<meta property=\"article:published_time\" content=\"2015-10-04T08:20:07+00:00\" \/>\n<meta property=\"og:image\" content=\"https:\/\/sandzakpress.net\/arhiva\/wp-content\/uploads\/2015\/10\/Vlastimir-Mijovic.jpg\" \/>\n\t<meta property=\"og:image:width\" content=\"696\" \/>\n\t<meta property=\"og:image:height\" content=\"522\" \/>\n\t<meta property=\"og:image:type\" content=\"image\/jpeg\" \/>\n<meta name=\"author\" content=\"bosniak\" \/>\n<meta name=\"twitter:card\" content=\"summary_large_image\" \/>\n<meta name=\"twitter:label1\" content=\"Written by\" \/>\n\t<meta name=\"twitter:data1\" content=\"bosniak\" \/>\n\t<meta name=\"twitter:label2\" content=\"Est. reading time\" \/>\n\t<meta name=\"twitter:data2\" content=\"5 minuta\" \/>\n<script type=\"application\/ld+json\" class=\"yoast-schema-graph\">{\"@context\":\"https:\/\/schema.org\",\"@graph\":[{\"@type\":\"Article\",\"@id\":\"https:\/\/sandzakpress.net\/arhiva\/islamu-se-ne-pise-lose-propast-ce-dozivjeti-oni-koji-ga-napadaju-i-zele-utrnuti-njegovo-svjetlo\/#article\",\"isPartOf\":{\"@id\":\"https:\/\/sandzakpress.net\/arhiva\/islamu-se-ne-pise-lose-propast-ce-dozivjeti-oni-koji-ga-napadaju-i-zele-utrnuti-njegovo-svjetlo\/\"},\"author\":{\"name\":\"bosniak\",\"@id\":\"https:\/\/sandzakpress.net\/arhiva\/#\/schema\/person\/c8baee722073534b583ea7bdb2e36c02\"},\"headline\":\"Islamu se ne pi\u0161e lo\u0161e, propast \u0107e do\u017eivjeti oni koji ga napadaju i \u017eele utrnuti njegovo svjetlo\",\"datePublished\":\"2015-10-04T08:20:07+00:00\",\"mainEntityOfPage\":{\"@id\":\"https:\/\/sandzakpress.net\/arhiva\/islamu-se-ne-pise-lose-propast-ce-dozivjeti-oni-koji-ga-napadaju-i-zele-utrnuti-njegovo-svjetlo\/\"},\"wordCount\":1017,\"commentCount\":0,\"publisher\":{\"@id\":\"https:\/\/sandzakpress.net\/arhiva\/#\/schema\/person\/6e72b67d6e51910a1117b3b483ba20bd\"},\"image\":{\"@id\":\"https:\/\/sandzakpress.net\/arhiva\/islamu-se-ne-pise-lose-propast-ce-dozivjeti-oni-koji-ga-napadaju-i-zele-utrnuti-njegovo-svjetlo\/#primaryimage\"},\"thumbnailUrl\":\"https:\/\/sandzakpress.net\/arhiva\/wp-content\/uploads\/2015\/10\/Vlastimir-Mijovic.jpg\",\"keywords\":[\"Islam\"],\"articleSection\":[\"Islam PRESS\"],\"inLanguage\":\"bs-BA\",\"potentialAction\":[{\"@type\":\"CommentAction\",\"name\":\"Comment\",\"target\":[\"https:\/\/sandzakpress.net\/arhiva\/islamu-se-ne-pise-lose-propast-ce-dozivjeti-oni-koji-ga-napadaju-i-zele-utrnuti-njegovo-svjetlo\/#respond\"]}]},{\"@type\":\"WebPage\",\"@id\":\"https:\/\/sandzakpress.net\/arhiva\/islamu-se-ne-pise-lose-propast-ce-dozivjeti-oni-koji-ga-napadaju-i-zele-utrnuti-njegovo-svjetlo\/\",\"url\":\"https:\/\/sandzakpress.net\/arhiva\/islamu-se-ne-pise-lose-propast-ce-dozivjeti-oni-koji-ga-napadaju-i-zele-utrnuti-njegovo-svjetlo\/\",\"name\":\"Islamu se ne pi\u0161e lo\u0161e, propast \u0107e do\u017eivjeti oni koji ga napadaju i \u017eele utrnuti njegovo svjetlo\",\"isPartOf\":{\"@id\":\"https:\/\/sandzakpress.net\/arhiva\/#website\"},\"primaryImageOfPage\":{\"@id\":\"https:\/\/sandzakpress.net\/arhiva\/islamu-se-ne-pise-lose-propast-ce-dozivjeti-oni-koji-ga-napadaju-i-zele-utrnuti-njegovo-svjetlo\/#primaryimage\"},\"image\":{\"@id\":\"https:\/\/sandzakpress.net\/arhiva\/islamu-se-ne-pise-lose-propast-ce-dozivjeti-oni-koji-ga-napadaju-i-zele-utrnuti-njegovo-svjetlo\/#primaryimage\"},\"thumbnailUrl\":\"https:\/\/sandzakpress.net\/arhiva\/wp-content\/uploads\/2015\/10\/Vlastimir-Mijovic.jpg\",\"datePublished\":\"2015-10-04T08:20:07+00:00\",\"breadcrumb\":{\"@id\":\"https:\/\/sandzakpress.net\/arhiva\/islamu-se-ne-pise-lose-propast-ce-dozivjeti-oni-koji-ga-napadaju-i-zele-utrnuti-njegovo-svjetlo\/#breadcrumb\"},\"inLanguage\":\"bs-BA\",\"potentialAction\":[{\"@type\":\"ReadAction\",\"target\":[\"https:\/\/sandzakpress.net\/arhiva\/islamu-se-ne-pise-lose-propast-ce-dozivjeti-oni-koji-ga-napadaju-i-zele-utrnuti-njegovo-svjetlo\/\"]}]},{\"@type\":\"ImageObject\",\"inLanguage\":\"bs-BA\",\"@id\":\"https:\/\/sandzakpress.net\/arhiva\/islamu-se-ne-pise-lose-propast-ce-dozivjeti-oni-koji-ga-napadaju-i-zele-utrnuti-njegovo-svjetlo\/#primaryimage\",\"url\":\"https:\/\/sandzakpress.net\/arhiva\/wp-content\/uploads\/2015\/10\/Vlastimir-Mijovic.jpg\",\"contentUrl\":\"https:\/\/sandzakpress.net\/arhiva\/wp-content\/uploads\/2015\/10\/Vlastimir-Mijovic.jpg\",\"width\":696,\"height\":522},{\"@type\":\"BreadcrumbList\",\"@id\":\"https:\/\/sandzakpress.net\/arhiva\/islamu-se-ne-pise-lose-propast-ce-dozivjeti-oni-koji-ga-napadaju-i-zele-utrnuti-njegovo-svjetlo\/#breadcrumb\",\"itemListElement\":[{\"@type\":\"ListItem\",\"position\":1,\"name\":\"Home\",\"item\":\"https:\/\/sandzakpress.net\/arhiva\/\"},{\"@type\":\"ListItem\",\"position\":2,\"name\":\"Islamu se ne pi\u0161e lo\u0161e, propast \u0107e do\u017eivjeti oni koji ga napadaju i \u017eele utrnuti njegovo svjetlo\"}]},{\"@type\":\"WebSite\",\"@id\":\"https:\/\/sandzakpress.net\/arhiva\/#website\",\"url\":\"https:\/\/sandzakpress.net\/arhiva\/\",\"name\":\"Sand\u017eak PRESS\",\"description\":\"Prve elektronske novine u Sand\u017eaku\",\"publisher\":{\"@id\":\"https:\/\/sandzakpress.net\/arhiva\/#\/schema\/person\/6e72b67d6e51910a1117b3b483ba20bd\"},\"potentialAction\":[{\"@type\":\"SearchAction\",\"target\":{\"@type\":\"EntryPoint\",\"urlTemplate\":\"https:\/\/sandzakpress.net\/arhiva\/?s={search_term_string}\"},\"query-input\":{\"@type\":\"PropertyValueSpecification\",\"valueRequired\":true,\"valueName\":\"search_term_string\"}}],\"inLanguage\":\"bs-BA\"},{\"@type\":[\"Person\",\"Organization\"],\"@id\":\"https:\/\/sandzakpress.net\/arhiva\/#\/schema\/person\/6e72b67d6e51910a1117b3b483ba20bd\",\"name\":\"Kul\",\"image\":{\"@type\":\"ImageObject\",\"inLanguage\":\"bs-BA\",\"@id\":\"https:\/\/sandzakpress.net\/arhiva\/#\/schema\/person\/image\/\",\"url\":\"https:\/\/secure.gravatar.com\/avatar\/42263f39aa27ac04c43cab85c280eb2e?s=96&d=mm&r=pg\",\"contentUrl\":\"https:\/\/secure.gravatar.com\/avatar\/42263f39aa27ac04c43cab85c280eb2e?s=96&d=mm&r=pg\",\"caption\":\"Kul\"},\"logo\":{\"@id\":\"https:\/\/sandzakpress.net\/arhiva\/#\/schema\/person\/image\/\"}},{\"@type\":\"Person\",\"@id\":\"https:\/\/sandzakpress.net\/arhiva\/#\/schema\/person\/c8baee722073534b583ea7bdb2e36c02\",\"name\":\"bosniak\",\"image\":{\"@type\":\"ImageObject\",\"inLanguage\":\"bs-BA\",\"@id\":\"https:\/\/sandzakpress.net\/arhiva\/#\/schema\/person\/image\/\",\"url\":\"https:\/\/secure.gravatar.com\/avatar\/a04fd330bfe3a36a72a0ad4a6d89fca7?s=96&d=mm&r=pg\",\"contentUrl\":\"https:\/\/secure.gravatar.com\/avatar\/a04fd330bfe3a36a72a0ad4a6d89fca7?s=96&d=mm&r=pg\",\"caption\":\"bosniak\"},\"url\":\"https:\/\/sandzakpress.net\/arhiva\/author\/bosniak\/\"}]}<\/script>\n<!-- \/ Yoast SEO Premium plugin. -->","yoast_head_json":{"title":"Islamu se ne pi\u0161e lo\u0161e, propast \u0107e do\u017eivjeti oni koji ga napadaju i \u017eele utrnuti njegovo svjetlo","robots":{"index":"index","follow":"follow","max-snippet":"max-snippet:-1","max-image-preview":"max-image-preview:large","max-video-preview":"max-video-preview:-1"},"canonical":"https:\/\/sandzakpress.net\/arhiva\/islamu-se-ne-pise-lose-propast-ce-dozivjeti-oni-koji-ga-napadaju-i-zele-utrnuti-njegovo-svjetlo\/","og_locale":"bs_BA","og_type":"article","og_title":"Islamu se ne pi\u0161e lo\u0161e, propast \u0107e do\u017eivjeti oni koji ga napadaju i \u017eele utrnuti njegovo svjetlo","og_description":"BiH \u2013 \u0160ta bi se desilo kada bi jedan muslimanski autor\/publicista svoju kolumnu naslovio sa \u201eKr\u0161\u0107anstvu se ne pi\u0161e dobro\u201c? Vjerovatno bi to bio kraj njegove i karijere medija koji bi takav naslov objavio? \u0160ta bi se desilo kada bi kr\u0161\u0107anski autor\/publicista (ovdje mislim na kulturolo\u0161ku pripadnost, a ne strogo religijsku) napisao \u201eIslamu se lo\u0161e [&hellip;]","og_url":"https:\/\/sandzakpress.net\/arhiva\/islamu-se-ne-pise-lose-propast-ce-dozivjeti-oni-koji-ga-napadaju-i-zele-utrnuti-njegovo-svjetlo\/","og_site_name":"Sand\u017eak PRESS","article_published_time":"2015-10-04T08:20:07+00:00","og_image":[{"width":696,"height":522,"url":"https:\/\/sandzakpress.net\/arhiva\/wp-content\/uploads\/2015\/10\/Vlastimir-Mijovic.jpg","type":"image\/jpeg"}],"author":"bosniak","twitter_card":"summary_large_image","twitter_misc":{"Written by":"bosniak","Est. reading time":"5 minuta"},"schema":{"@context":"https:\/\/schema.org","@graph":[{"@type":"Article","@id":"https:\/\/sandzakpress.net\/arhiva\/islamu-se-ne-pise-lose-propast-ce-dozivjeti-oni-koji-ga-napadaju-i-zele-utrnuti-njegovo-svjetlo\/#article","isPartOf":{"@id":"https:\/\/sandzakpress.net\/arhiva\/islamu-se-ne-pise-lose-propast-ce-dozivjeti-oni-koji-ga-napadaju-i-zele-utrnuti-njegovo-svjetlo\/"},"author":{"name":"bosniak","@id":"https:\/\/sandzakpress.net\/arhiva\/#\/schema\/person\/c8baee722073534b583ea7bdb2e36c02"},"headline":"Islamu se ne pi\u0161e lo\u0161e, propast \u0107e do\u017eivjeti oni koji ga napadaju i \u017eele utrnuti njegovo svjetlo","datePublished":"2015-10-04T08:20:07+00:00","mainEntityOfPage":{"@id":"https:\/\/sandzakpress.net\/arhiva\/islamu-se-ne-pise-lose-propast-ce-dozivjeti-oni-koji-ga-napadaju-i-zele-utrnuti-njegovo-svjetlo\/"},"wordCount":1017,"commentCount":0,"publisher":{"@id":"https:\/\/sandzakpress.net\/arhiva\/#\/schema\/person\/6e72b67d6e51910a1117b3b483ba20bd"},"image":{"@id":"https:\/\/sandzakpress.net\/arhiva\/islamu-se-ne-pise-lose-propast-ce-dozivjeti-oni-koji-ga-napadaju-i-zele-utrnuti-njegovo-svjetlo\/#primaryimage"},"thumbnailUrl":"https:\/\/sandzakpress.net\/arhiva\/wp-content\/uploads\/2015\/10\/Vlastimir-Mijovic.jpg","keywords":["Islam"],"articleSection":["Islam PRESS"],"inLanguage":"bs-BA","potentialAction":[{"@type":"CommentAction","name":"Comment","target":["https:\/\/sandzakpress.net\/arhiva\/islamu-se-ne-pise-lose-propast-ce-dozivjeti-oni-koji-ga-napadaju-i-zele-utrnuti-njegovo-svjetlo\/#respond"]}]},{"@type":"WebPage","@id":"https:\/\/sandzakpress.net\/arhiva\/islamu-se-ne-pise-lose-propast-ce-dozivjeti-oni-koji-ga-napadaju-i-zele-utrnuti-njegovo-svjetlo\/","url":"https:\/\/sandzakpress.net\/arhiva\/islamu-se-ne-pise-lose-propast-ce-dozivjeti-oni-koji-ga-napadaju-i-zele-utrnuti-njegovo-svjetlo\/","name":"Islamu se ne pi\u0161e lo\u0161e, propast \u0107e do\u017eivjeti oni koji ga napadaju i \u017eele utrnuti njegovo svjetlo","isPartOf":{"@id":"https:\/\/sandzakpress.net\/arhiva\/#website"},"primaryImageOfPage":{"@id":"https:\/\/sandzakpress.net\/arhiva\/islamu-se-ne-pise-lose-propast-ce-dozivjeti-oni-koji-ga-napadaju-i-zele-utrnuti-njegovo-svjetlo\/#primaryimage"},"image":{"@id":"https:\/\/sandzakpress.net\/arhiva\/islamu-se-ne-pise-lose-propast-ce-dozivjeti-oni-koji-ga-napadaju-i-zele-utrnuti-njegovo-svjetlo\/#primaryimage"},"thumbnailUrl":"https:\/\/sandzakpress.net\/arhiva\/wp-content\/uploads\/2015\/10\/Vlastimir-Mijovic.jpg","datePublished":"2015-10-04T08:20:07+00:00","breadcrumb":{"@id":"https:\/\/sandzakpress.net\/arhiva\/islamu-se-ne-pise-lose-propast-ce-dozivjeti-oni-koji-ga-napadaju-i-zele-utrnuti-njegovo-svjetlo\/#breadcrumb"},"inLanguage":"bs-BA","potentialAction":[{"@type":"ReadAction","target":["https:\/\/sandzakpress.net\/arhiva\/islamu-se-ne-pise-lose-propast-ce-dozivjeti-oni-koji-ga-napadaju-i-zele-utrnuti-njegovo-svjetlo\/"]}]},{"@type":"ImageObject","inLanguage":"bs-BA","@id":"https:\/\/sandzakpress.net\/arhiva\/islamu-se-ne-pise-lose-propast-ce-dozivjeti-oni-koji-ga-napadaju-i-zele-utrnuti-njegovo-svjetlo\/#primaryimage","url":"https:\/\/sandzakpress.net\/arhiva\/wp-content\/uploads\/2015\/10\/Vlastimir-Mijovic.jpg","contentUrl":"https:\/\/sandzakpress.net\/arhiva\/wp-content\/uploads\/2015\/10\/Vlastimir-Mijovic.jpg","width":696,"height":522},{"@type":"BreadcrumbList","@id":"https:\/\/sandzakpress.net\/arhiva\/islamu-se-ne-pise-lose-propast-ce-dozivjeti-oni-koji-ga-napadaju-i-zele-utrnuti-njegovo-svjetlo\/#breadcrumb","itemListElement":[{"@type":"ListItem","position":1,"name":"Home","item":"https:\/\/sandzakpress.net\/arhiva\/"},{"@type":"ListItem","position":2,"name":"Islamu se ne pi\u0161e lo\u0161e, propast \u0107e do\u017eivjeti oni koji ga napadaju i \u017eele utrnuti njegovo svjetlo"}]},{"@type":"WebSite","@id":"https:\/\/sandzakpress.net\/arhiva\/#website","url":"https:\/\/sandzakpress.net\/arhiva\/","name":"Sand\u017eak PRESS","description":"Prve elektronske novine u Sand\u017eaku","publisher":{"@id":"https:\/\/sandzakpress.net\/arhiva\/#\/schema\/person\/6e72b67d6e51910a1117b3b483ba20bd"},"potentialAction":[{"@type":"SearchAction","target":{"@type":"EntryPoint","urlTemplate":"https:\/\/sandzakpress.net\/arhiva\/?s={search_term_string}"},"query-input":{"@type":"PropertyValueSpecification","valueRequired":true,"valueName":"search_term_string"}}],"inLanguage":"bs-BA"},{"@type":["Person","Organization"],"@id":"https:\/\/sandzakpress.net\/arhiva\/#\/schema\/person\/6e72b67d6e51910a1117b3b483ba20bd","name":"Kul","image":{"@type":"ImageObject","inLanguage":"bs-BA","@id":"https:\/\/sandzakpress.net\/arhiva\/#\/schema\/person\/image\/","url":"https:\/\/secure.gravatar.com\/avatar\/42263f39aa27ac04c43cab85c280eb2e?s=96&d=mm&r=pg","contentUrl":"https:\/\/secure.gravatar.com\/avatar\/42263f39aa27ac04c43cab85c280eb2e?s=96&d=mm&r=pg","caption":"Kul"},"logo":{"@id":"https:\/\/sandzakpress.net\/arhiva\/#\/schema\/person\/image\/"}},{"@type":"Person","@id":"https:\/\/sandzakpress.net\/arhiva\/#\/schema\/person\/c8baee722073534b583ea7bdb2e36c02","name":"bosniak","image":{"@type":"ImageObject","inLanguage":"bs-BA","@id":"https:\/\/sandzakpress.net\/arhiva\/#\/schema\/person\/image\/","url":"https:\/\/secure.gravatar.com\/avatar\/a04fd330bfe3a36a72a0ad4a6d89fca7?s=96&d=mm&r=pg","contentUrl":"https:\/\/secure.gravatar.com\/avatar\/a04fd330bfe3a36a72a0ad4a6d89fca7?s=96&d=mm&r=pg","caption":"bosniak"},"url":"https:\/\/sandzakpress.net\/arhiva\/author\/bosniak\/"}]}},"_links":{"self":[{"href":"https:\/\/sandzakpress.net\/arhiva\/wp-json\/wp\/v2\/posts\/139657"}],"collection":[{"href":"https:\/\/sandzakpress.net\/arhiva\/wp-json\/wp\/v2\/posts"}],"about":[{"href":"https:\/\/sandzakpress.net\/arhiva\/wp-json\/wp\/v2\/types\/post"}],"author":[{"embeddable":true,"href":"https:\/\/sandzakpress.net\/arhiva\/wp-json\/wp\/v2\/users\/83"}],"replies":[{"embeddable":true,"href":"https:\/\/sandzakpress.net\/arhiva\/wp-json\/wp\/v2\/comments?post=139657"}],"version-history":[{"count":0,"href":"https:\/\/sandzakpress.net\/arhiva\/wp-json\/wp\/v2\/posts\/139657\/revisions"}],"wp:featuredmedia":[{"embeddable":true,"href":"https:\/\/sandzakpress.net\/arhiva\/wp-json\/wp\/v2\/media\/139658"}],"wp:attachment":[{"href":"https:\/\/sandzakpress.net\/arhiva\/wp-json\/wp\/v2\/media?parent=139657"}],"wp:term":[{"taxonomy":"category","embeddable":true,"href":"https:\/\/sandzakpress.net\/arhiva\/wp-json\/wp\/v2\/categories?post=139657"},{"taxonomy":"post_tag","embeddable":true,"href":"https:\/\/sandzakpress.net\/arhiva\/wp-json\/wp\/v2\/tags?post=139657"}],"curies":[{"name":"wp","href":"https:\/\/api.w.org\/{rel}","templated":true}]}}