{"id":139622,"date":"2015-10-05T14:15:24","date_gmt":"2015-10-05T12:15:24","guid":{"rendered":"https:\/\/sandzakpress.net\/arhiva\/?p=139622"},"modified":"2015-10-05T14:15:24","modified_gmt":"2015-10-05T12:15:24","slug":"sjajna-trka-i-rekord-bibica-u-uzicu","status":"publish","type":"post","link":"https:\/\/sandzakpress.net\/arhiva\/sjajna-trka-i-rekord-bibica-u-uzicu\/","title":{"rendered":"Sjajna trka i rekord Bibi\u0107a u U\u017eicu"},"content":{"rendered":"<p><img decoding=\"async\" src=\"http:\/\/www.radiostoplus.com\/images\/clanci\/SPORT\/trofej_uzzica.jpg\" alt=\"\" \/><\/p>\n<p><strong>Novi Pazar &#8211; Atleti\u010dar Novog Pazara Elzan Bibi\u0107 popravio je danas li\u010dni rekord na 3.000 metara za vi\u0161e od devet sekundi, osvojiv\u0161i drugo mjesto na 13. Trofeju U\u017eica.<\/strong><\/p>\n<p>On je zabilje\u017eio vrijeme od osam minuta, 19 sekundi i tri desetinke, dok je pobjednik Du\u0161an Babi\u0107 iz Banja Luke zaustavio \u0161topericu na 8:18,9 minuta.<\/p>\n<p>U konkurenciji 15 atleti\u010dara iz Srbije, Bosne i Hercegovine i Kenije, tre\u0107e mjesto pripalo je Marku Ni\u010di\u0107u iz Po\u017earevca sa 8:27,9.<\/p>\n<p>Prethodni najbolji Bibi\u0107ev rezultat na 3.000 metara iznosio je 8:28,32 minuta, ostvaren 17. septembra u Prijepolju.<\/p>\n<p>Izvor: <a href=\"http:\/\/www.radiostoplus.com\/item\/17527\">Radio100+<\/a><\/p>\n","protected":false},"excerpt":{"rendered":"<p>Novi Pazar &#8211; Atleti\u010dar Novog Pazara Elzan Bibi\u0107 popravio je danas li\u010dni rekord na 3.000 metara za vi\u0161e od devet sekundi, osvojiv\u0161i drugo mjesto na 13. Trofeju U\u017eica. On je zabilje\u017eio vrijeme od osam minuta, 19 sekundi i tri desetinke, dok je pobjednik Du\u0161an Babi\u0107 iz Banja Luke zaustavio \u0161topericu na 8:18,9 minuta. U konkurenciji [&hellip;]<\/p>\n","protected":false},"author":83,"featured_media":139623,"comment_status":"open","ping_status":"open","sticky":false,"template":"","format":"standard","meta":{"footnotes":""},"categories":[72,13,10429],"tags":[],"class_list":{"0":"post-139622","1":"post","2":"type-post","3":"status-publish","4":"format-standard","5":"has-post-thumbnail","7":"category-novi-pazar","8":"category-sport","9":"category-vazno"},"yoast_head":"<!-- This site is optimized with the Yoast SEO Premium plugin v23.1 (Yoast SEO v24.9) - https:\/\/yoast.com\/wordpress\/plugins\/seo\/ -->\n<title>Sjajna trka i rekord Bibi\u0107a u U\u017eicu<\/title>\n<meta name=\"robots\" content=\"index, follow, max-snippet:-1, max-image-preview:large, max-video-preview:-1\" \/>\n<link rel=\"canonical\" href=\"https:\/\/sandzakpress.net\/arhiva\/sjajna-trka-i-rekord-bibica-u-uzicu\/\" \/>\n<meta property=\"og:locale\" content=\"bs_BA\" \/>\n<meta property=\"og:type\" content=\"article\" \/>\n<meta property=\"og:title\" content=\"Sjajna trka i rekord Bibi\u0107a u U\u017eicu\" \/>\n<meta property=\"og:description\" content=\"Novi Pazar &#8211; Atleti\u010dar Novog Pazara Elzan Bibi\u0107 popravio je danas li\u010dni rekord na 3.000 metara za vi\u0161e od devet sekundi, osvojiv\u0161i drugo mjesto na 13. Trofeju U\u017eica. On je zabilje\u017eio vrijeme od osam minuta, 19 sekundi i tri desetinke, dok je pobjednik Du\u0161an Babi\u0107 iz Banja Luke zaustavio \u0161topericu na 8:18,9 minuta. U konkurenciji [&hellip;]\" \/>\n<meta property=\"og:url\" content=\"https:\/\/sandzakpress.net\/arhiva\/sjajna-trka-i-rekord-bibica-u-uzicu\/\" \/>\n<meta property=\"og:site_name\" content=\"Sand\u017eak PRESS\" \/>\n<meta property=\"article:published_time\" content=\"2015-10-05T12:15:24+00:00\" \/>\n<meta property=\"og:image\" content=\"https:\/\/sandzakpress.net\/arhiva\/wp-content\/uploads\/2015\/10\/trofej_uzzica.jpg\" \/>\n\t<meta property=\"og:image:width\" content=\"480\" \/>\n\t<meta property=\"og:image:height\" content=\"270\" \/>\n\t<meta property=\"og:image:type\" content=\"image\/jpeg\" \/>\n<meta name=\"author\" content=\"bosniak\" \/>\n<meta name=\"twitter:card\" content=\"summary_large_image\" \/>\n<meta name=\"twitter:label1\" content=\"Written by\" \/>\n\t<meta name=\"twitter:data1\" content=\"bosniak\" \/>\n<script type=\"application\/ld+json\" class=\"yoast-schema-graph\">{\"@context\":\"https:\/\/schema.org\",\"@graph\":[{\"@type\":\"Article\",\"@id\":\"https:\/\/sandzakpress.net\/arhiva\/sjajna-trka-i-rekord-bibica-u-uzicu\/#article\",\"isPartOf\":{\"@id\":\"https:\/\/sandzakpress.net\/arhiva\/sjajna-trka-i-rekord-bibica-u-uzicu\/\"},\"author\":{\"name\":\"bosniak\",\"@id\":\"https:\/\/sandzakpress.net\/arhiva\/#\/schema\/person\/c8baee722073534b583ea7bdb2e36c02\"},\"headline\":\"Sjajna trka i rekord Bibi\u0107a u U\u017eicu\",\"datePublished\":\"2015-10-05T12:15:24+00:00\",\"mainEntityOfPage\":{\"@id\":\"https:\/\/sandzakpress.net\/arhiva\/sjajna-trka-i-rekord-bibica-u-uzicu\/\"},\"wordCount\":105,\"commentCount\":0,\"publisher\":{\"@id\":\"https:\/\/sandzakpress.net\/arhiva\/#\/schema\/person\/6e72b67d6e51910a1117b3b483ba20bd\"},\"image\":{\"@id\":\"https:\/\/sandzakpress.net\/arhiva\/sjajna-trka-i-rekord-bibica-u-uzicu\/#primaryimage\"},\"thumbnailUrl\":\"https:\/\/sandzakpress.net\/arhiva\/wp-content\/uploads\/2015\/10\/trofej_uzzica.jpg\",\"articleSection\":[\"Novi Pazar\",\"Sport\",\"VA\u017dNO!\"],\"inLanguage\":\"bs-BA\",\"potentialAction\":[{\"@type\":\"CommentAction\",\"name\":\"Comment\",\"target\":[\"https:\/\/sandzakpress.net\/arhiva\/sjajna-trka-i-rekord-bibica-u-uzicu\/#respond\"]}]},{\"@type\":\"WebPage\",\"@id\":\"https:\/\/sandzakpress.net\/arhiva\/sjajna-trka-i-rekord-bibica-u-uzicu\/\",\"url\":\"https:\/\/sandzakpress.net\/arhiva\/sjajna-trka-i-rekord-bibica-u-uzicu\/\",\"name\":\"Sjajna trka i rekord Bibi\u0107a u U\u017eicu\",\"isPartOf\":{\"@id\":\"https:\/\/sandzakpress.net\/arhiva\/#website\"},\"primaryImageOfPage\":{\"@id\":\"https:\/\/sandzakpress.net\/arhiva\/sjajna-trka-i-rekord-bibica-u-uzicu\/#primaryimage\"},\"image\":{\"@id\":\"https:\/\/sandzakpress.net\/arhiva\/sjajna-trka-i-rekord-bibica-u-uzicu\/#primaryimage\"},\"thumbnailUrl\":\"https:\/\/sandzakpress.net\/arhiva\/wp-content\/uploads\/2015\/10\/trofej_uzzica.jpg\",\"datePublished\":\"2015-10-05T12:15:24+00:00\",\"breadcrumb\":{\"@id\":\"https:\/\/sandzakpress.net\/arhiva\/sjajna-trka-i-rekord-bibica-u-uzicu\/#breadcrumb\"},\"inLanguage\":\"bs-BA\",\"potentialAction\":[{\"@type\":\"ReadAction\",\"target\":[\"https:\/\/sandzakpress.net\/arhiva\/sjajna-trka-i-rekord-bibica-u-uzicu\/\"]}]},{\"@type\":\"ImageObject\",\"inLanguage\":\"bs-BA\",\"@id\":\"https:\/\/sandzakpress.net\/arhiva\/sjajna-trka-i-rekord-bibica-u-uzicu\/#primaryimage\",\"url\":\"https:\/\/sandzakpress.net\/arhiva\/wp-content\/uploads\/2015\/10\/trofej_uzzica.jpg\",\"contentUrl\":\"https:\/\/sandzakpress.net\/arhiva\/wp-content\/uploads\/2015\/10\/trofej_uzzica.jpg\",\"width\":480,\"height\":270},{\"@type\":\"BreadcrumbList\",\"@id\":\"https:\/\/sandzakpress.net\/arhiva\/sjajna-trka-i-rekord-bibica-u-uzicu\/#breadcrumb\",\"itemListElement\":[{\"@type\":\"ListItem\",\"position\":1,\"name\":\"Home\",\"item\":\"https:\/\/sandzakpress.net\/arhiva\/\"},{\"@type\":\"ListItem\",\"position\":2,\"name\":\"Sjajna trka i rekord Bibi\u0107a u U\u017eicu\"}]},{\"@type\":\"WebSite\",\"@id\":\"https:\/\/sandzakpress.net\/arhiva\/#website\",\"url\":\"https:\/\/sandzakpress.net\/arhiva\/\",\"name\":\"Sand\u017eak PRESS\",\"description\":\"Prve elektronske novine u Sand\u017eaku\",\"publisher\":{\"@id\":\"https:\/\/sandzakpress.net\/arhiva\/#\/schema\/person\/6e72b67d6e51910a1117b3b483ba20bd\"},\"potentialAction\":[{\"@type\":\"SearchAction\",\"target\":{\"@type\":\"EntryPoint\",\"urlTemplate\":\"https:\/\/sandzakpress.net\/arhiva\/?s={search_term_string}\"},\"query-input\":{\"@type\":\"PropertyValueSpecification\",\"valueRequired\":true,\"valueName\":\"search_term_string\"}}],\"inLanguage\":\"bs-BA\"},{\"@type\":[\"Person\",\"Organization\"],\"@id\":\"https:\/\/sandzakpress.net\/arhiva\/#\/schema\/person\/6e72b67d6e51910a1117b3b483ba20bd\",\"name\":\"Kul\",\"image\":{\"@type\":\"ImageObject\",\"inLanguage\":\"bs-BA\",\"@id\":\"https:\/\/sandzakpress.net\/arhiva\/#\/schema\/person\/image\/\",\"url\":\"https:\/\/secure.gravatar.com\/avatar\/42263f39aa27ac04c43cab85c280eb2e?s=96&d=mm&r=pg\",\"contentUrl\":\"https:\/\/secure.gravatar.com\/avatar\/42263f39aa27ac04c43cab85c280eb2e?s=96&d=mm&r=pg\",\"caption\":\"Kul\"},\"logo\":{\"@id\":\"https:\/\/sandzakpress.net\/arhiva\/#\/schema\/person\/image\/\"}},{\"@type\":\"Person\",\"@id\":\"https:\/\/sandzakpress.net\/arhiva\/#\/schema\/person\/c8baee722073534b583ea7bdb2e36c02\",\"name\":\"bosniak\",\"image\":{\"@type\":\"ImageObject\",\"inLanguage\":\"bs-BA\",\"@id\":\"https:\/\/sandzakpress.net\/arhiva\/#\/schema\/person\/image\/\",\"url\":\"https:\/\/secure.gravatar.com\/avatar\/a04fd330bfe3a36a72a0ad4a6d89fca7?s=96&d=mm&r=pg\",\"contentUrl\":\"https:\/\/secure.gravatar.com\/avatar\/a04fd330bfe3a36a72a0ad4a6d89fca7?s=96&d=mm&r=pg\",\"caption\":\"bosniak\"},\"url\":\"https:\/\/sandzakpress.net\/arhiva\/author\/bosniak\/\"}]}<\/script>\n<!-- \/ Yoast SEO Premium plugin. -->","yoast_head_json":{"title":"Sjajna trka i rekord Bibi\u0107a u U\u017eicu","robots":{"index":"index","follow":"follow","max-snippet":"max-snippet:-1","max-image-preview":"max-image-preview:large","max-video-preview":"max-video-preview:-1"},"canonical":"https:\/\/sandzakpress.net\/arhiva\/sjajna-trka-i-rekord-bibica-u-uzicu\/","og_locale":"bs_BA","og_type":"article","og_title":"Sjajna trka i rekord Bibi\u0107a u U\u017eicu","og_description":"Novi Pazar &#8211; Atleti\u010dar Novog Pazara Elzan Bibi\u0107 popravio je danas li\u010dni rekord na 3.000 metara za vi\u0161e od devet sekundi, osvojiv\u0161i drugo mjesto na 13. Trofeju U\u017eica. On je zabilje\u017eio vrijeme od osam minuta, 19 sekundi i tri desetinke, dok je pobjednik Du\u0161an Babi\u0107 iz Banja Luke zaustavio \u0161topericu na 8:18,9 minuta. U konkurenciji [&hellip;]","og_url":"https:\/\/sandzakpress.net\/arhiva\/sjajna-trka-i-rekord-bibica-u-uzicu\/","og_site_name":"Sand\u017eak PRESS","article_published_time":"2015-10-05T12:15:24+00:00","og_image":[{"width":480,"height":270,"url":"https:\/\/sandzakpress.net\/arhiva\/wp-content\/uploads\/2015\/10\/trofej_uzzica.jpg","type":"image\/jpeg"}],"author":"bosniak","twitter_card":"summary_large_image","twitter_misc":{"Written by":"bosniak"},"schema":{"@context":"https:\/\/schema.org","@graph":[{"@type":"Article","@id":"https:\/\/sandzakpress.net\/arhiva\/sjajna-trka-i-rekord-bibica-u-uzicu\/#article","isPartOf":{"@id":"https:\/\/sandzakpress.net\/arhiva\/sjajna-trka-i-rekord-bibica-u-uzicu\/"},"author":{"name":"bosniak","@id":"https:\/\/sandzakpress.net\/arhiva\/#\/schema\/person\/c8baee722073534b583ea7bdb2e36c02"},"headline":"Sjajna trka i rekord Bibi\u0107a u U\u017eicu","datePublished":"2015-10-05T12:15:24+00:00","mainEntityOfPage":{"@id":"https:\/\/sandzakpress.net\/arhiva\/sjajna-trka-i-rekord-bibica-u-uzicu\/"},"wordCount":105,"commentCount":0,"publisher":{"@id":"https:\/\/sandzakpress.net\/arhiva\/#\/schema\/person\/6e72b67d6e51910a1117b3b483ba20bd"},"image":{"@id":"https:\/\/sandzakpress.net\/arhiva\/sjajna-trka-i-rekord-bibica-u-uzicu\/#primaryimage"},"thumbnailUrl":"https:\/\/sandzakpress.net\/arhiva\/wp-content\/uploads\/2015\/10\/trofej_uzzica.jpg","articleSection":["Novi Pazar","Sport","VA\u017dNO!"],"inLanguage":"bs-BA","potentialAction":[{"@type":"CommentAction","name":"Comment","target":["https:\/\/sandzakpress.net\/arhiva\/sjajna-trka-i-rekord-bibica-u-uzicu\/#respond"]}]},{"@type":"WebPage","@id":"https:\/\/sandzakpress.net\/arhiva\/sjajna-trka-i-rekord-bibica-u-uzicu\/","url":"https:\/\/sandzakpress.net\/arhiva\/sjajna-trka-i-rekord-bibica-u-uzicu\/","name":"Sjajna trka i rekord Bibi\u0107a u U\u017eicu","isPartOf":{"@id":"https:\/\/sandzakpress.net\/arhiva\/#website"},"primaryImageOfPage":{"@id":"https:\/\/sandzakpress.net\/arhiva\/sjajna-trka-i-rekord-bibica-u-uzicu\/#primaryimage"},"image":{"@id":"https:\/\/sandzakpress.net\/arhiva\/sjajna-trka-i-rekord-bibica-u-uzicu\/#primaryimage"},"thumbnailUrl":"https:\/\/sandzakpress.net\/arhiva\/wp-content\/uploads\/2015\/10\/trofej_uzzica.jpg","datePublished":"2015-10-05T12:15:24+00:00","breadcrumb":{"@id":"https:\/\/sandzakpress.net\/arhiva\/sjajna-trka-i-rekord-bibica-u-uzicu\/#breadcrumb"},"inLanguage":"bs-BA","potentialAction":[{"@type":"ReadAction","target":["https:\/\/sandzakpress.net\/arhiva\/sjajna-trka-i-rekord-bibica-u-uzicu\/"]}]},{"@type":"ImageObject","inLanguage":"bs-BA","@id":"https:\/\/sandzakpress.net\/arhiva\/sjajna-trka-i-rekord-bibica-u-uzicu\/#primaryimage","url":"https:\/\/sandzakpress.net\/arhiva\/wp-content\/uploads\/2015\/10\/trofej_uzzica.jpg","contentUrl":"https:\/\/sandzakpress.net\/arhiva\/wp-content\/uploads\/2015\/10\/trofej_uzzica.jpg","width":480,"height":270},{"@type":"BreadcrumbList","@id":"https:\/\/sandzakpress.net\/arhiva\/sjajna-trka-i-rekord-bibica-u-uzicu\/#breadcrumb","itemListElement":[{"@type":"ListItem","position":1,"name":"Home","item":"https:\/\/sandzakpress.net\/arhiva\/"},{"@type":"ListItem","position":2,"name":"Sjajna trka i rekord Bibi\u0107a u U\u017eicu"}]},{"@type":"WebSite","@id":"https:\/\/sandzakpress.net\/arhiva\/#website","url":"https:\/\/sandzakpress.net\/arhiva\/","name":"Sand\u017eak PRESS","description":"Prve elektronske novine u Sand\u017eaku","publisher":{"@id":"https:\/\/sandzakpress.net\/arhiva\/#\/schema\/person\/6e72b67d6e51910a1117b3b483ba20bd"},"potentialAction":[{"@type":"SearchAction","target":{"@type":"EntryPoint","urlTemplate":"https:\/\/sandzakpress.net\/arhiva\/?s={search_term_string}"},"query-input":{"@type":"PropertyValueSpecification","valueRequired":true,"valueName":"search_term_string"}}],"inLanguage":"bs-BA"},{"@type":["Person","Organization"],"@id":"https:\/\/sandzakpress.net\/arhiva\/#\/schema\/person\/6e72b67d6e51910a1117b3b483ba20bd","name":"Kul","image":{"@type":"ImageObject","inLanguage":"bs-BA","@id":"https:\/\/sandzakpress.net\/arhiva\/#\/schema\/person\/image\/","url":"https:\/\/secure.gravatar.com\/avatar\/42263f39aa27ac04c43cab85c280eb2e?s=96&d=mm&r=pg","contentUrl":"https:\/\/secure.gravatar.com\/avatar\/42263f39aa27ac04c43cab85c280eb2e?s=96&d=mm&r=pg","caption":"Kul"},"logo":{"@id":"https:\/\/sandzakpress.net\/arhiva\/#\/schema\/person\/image\/"}},{"@type":"Person","@id":"https:\/\/sandzakpress.net\/arhiva\/#\/schema\/person\/c8baee722073534b583ea7bdb2e36c02","name":"bosniak","image":{"@type":"ImageObject","inLanguage":"bs-BA","@id":"https:\/\/sandzakpress.net\/arhiva\/#\/schema\/person\/image\/","url":"https:\/\/secure.gravatar.com\/avatar\/a04fd330bfe3a36a72a0ad4a6d89fca7?s=96&d=mm&r=pg","contentUrl":"https:\/\/secure.gravatar.com\/avatar\/a04fd330bfe3a36a72a0ad4a6d89fca7?s=96&d=mm&r=pg","caption":"bosniak"},"url":"https:\/\/sandzakpress.net\/arhiva\/author\/bosniak\/"}]}},"_links":{"self":[{"href":"https:\/\/sandzakpress.net\/arhiva\/wp-json\/wp\/v2\/posts\/139622"}],"collection":[{"href":"https:\/\/sandzakpress.net\/arhiva\/wp-json\/wp\/v2\/posts"}],"about":[{"href":"https:\/\/sandzakpress.net\/arhiva\/wp-json\/wp\/v2\/types\/post"}],"author":[{"embeddable":true,"href":"https:\/\/sandzakpress.net\/arhiva\/wp-json\/wp\/v2\/users\/83"}],"replies":[{"embeddable":true,"href":"https:\/\/sandzakpress.net\/arhiva\/wp-json\/wp\/v2\/comments?post=139622"}],"version-history":[{"count":0,"href":"https:\/\/sandzakpress.net\/arhiva\/wp-json\/wp\/v2\/posts\/139622\/revisions"}],"wp:featuredmedia":[{"embeddable":true,"href":"https:\/\/sandzakpress.net\/arhiva\/wp-json\/wp\/v2\/media\/139623"}],"wp:attachment":[{"href":"https:\/\/sandzakpress.net\/arhiva\/wp-json\/wp\/v2\/media?parent=139622"}],"wp:term":[{"taxonomy":"category","embeddable":true,"href":"https:\/\/sandzakpress.net\/arhiva\/wp-json\/wp\/v2\/categories?post=139622"},{"taxonomy":"post_tag","embeddable":true,"href":"https:\/\/sandzakpress.net\/arhiva\/wp-json\/wp\/v2\/tags?post=139622"}],"curies":[{"name":"wp","href":"https:\/\/api.w.org\/{rel}","templated":true}]}}