{"id":13957,"date":"2011-03-19T10:30:45","date_gmt":"2011-03-19T09:30:45","guid":{"rendered":"https:\/\/sandzakpress.net\/arhiva\/?p=13957"},"modified":"2011-03-19T10:30:45","modified_gmt":"2011-03-19T09:30:45","slug":"u-galeriji-mmc-a-izlozba-halka-halilovica","status":"publish","type":"post","link":"https:\/\/sandzakpress.net\/arhiva\/u-galeriji-mmc-a-izlozba-halka-halilovica\/","title":{"rendered":"U galeriji MMC-a izlo\u017eba Halka Halilovi\u0107a"},"content":{"rendered":"<p><strong><a href=\"https:\/\/sandzakpress.net\/arhiva\/wp-content\/uploads\/2011\/03\/images9.jpg\"><img loading=\"lazy\" decoding=\"async\" class=\"alignleft size-full wp-image-13958\" src=\"https:\/\/sandzakpress.net\/arhiva\/wp-content\/uploads\/2011\/03\/images9.jpg\" alt=\"\" width=\"275\" height=\"184\" \/><\/a>Na temeljima ve\u0107 ste\u010denih iskustava i plodova aktivnog  likovnog \u017eivota,  najprije u dugogodisnjem radu, te iskrene  zaljubljenosti u umjetnost,  akademski slikar Halko Halilovi\u0107 poznati  novopazarski slikar je\u00a0 u  Kulturnom centru samostalno po  trideset sedmii put pokazao svoja  umjetni\u010dka djela svim  zainteresovanima Novopazarcima. <\/strong><\/p>\n<p>Rukopis ovog novopazarskog slikara godinama je prepoznatljiv i poznat  na prostoru Sand\u017eaka ali i \u0161ire. U Kulturnom centru Novi Pazar, svi  ljubitelji umjetni\u010dkih djela, a posebno ljubitelji djela akademskog  slikara Halka Halilovica imali su priliku\u00a0 da u\u017eivaju i prisustvuju  jos jednoj u nizu izlo\u017ebi slika, koja je nastala kako Halilovi\u0107 ka\u017ee, u  posljednje dvije godine od kada se penzionisao.<\/p>\n<p>Halilovi\u0107 tako\u0111er dodaje  da iako je njegov rukopis ve\u0107 godinama prepoznatljiv, ova izlo\u017eba se  ipak razlikuje od svih drugih, jer sam period u kojem su nastale slike  koje su prikazane posjetiocima, je specifi\u010dan period &#8211;  period kada su i same \u0161are i linije daleko zrelije i apstraktnije, gdje  je jasno izra\u017eeno dugogodi\u0161nje iskustvo moga slikanja &#8211; rekao je Halko  Halilovi\u0107, akademski novopazarski slikar.<\/p>\n<p>Izvor: <strong>Universa.tv<\/strong><\/p>\n","protected":false},"excerpt":{"rendered":"<p>Na temeljima ve\u0107 ste\u010denih iskustava i plodova aktivnog likovnog \u017eivota, najprije u dugogodisnjem radu, te iskrene zaljubljenosti u umjetnost, akademski slikar Halko Halilovi\u0107 poznati novopazarski slikar je\u00a0 u Kulturnom centru samostalno po trideset sedmii put pokazao svoja umjetni\u010dka djela svim zainteresovanima Novopazarcima. Rukopis ovog novopazarskog slikara godinama je prepoznatljiv i poznat na prostoru Sand\u017eaka ali [&hellip;]<\/p>\n","protected":false},"author":13,"featured_media":13958,"comment_status":"open","ping_status":"open","sticky":false,"template":"","format":"standard","meta":{"footnotes":""},"categories":[72],"tags":[],"class_list":{"0":"post-13957","1":"post","2":"type-post","3":"status-publish","4":"format-standard","5":"has-post-thumbnail","7":"category-novi-pazar"},"yoast_head":"<!-- This site is optimized with the Yoast SEO Premium plugin v23.1 (Yoast SEO v24.9) - https:\/\/yoast.com\/wordpress\/plugins\/seo\/ -->\n<title>U galeriji MMC-a izlo\u017eba Halka Halilovi\u0107a<\/title>\n<meta name=\"robots\" content=\"index, follow, max-snippet:-1, max-image-preview:large, max-video-preview:-1\" \/>\n<link rel=\"canonical\" href=\"https:\/\/sandzakpress.net\/arhiva\/u-galeriji-mmc-a-izlozba-halka-halilovica\/\" \/>\n<meta property=\"og:locale\" content=\"bs_BA\" \/>\n<meta property=\"og:type\" content=\"article\" \/>\n<meta property=\"og:title\" content=\"U galeriji MMC-a izlo\u017eba Halka Halilovi\u0107a\" \/>\n<meta property=\"og:description\" content=\"Na temeljima ve\u0107 ste\u010denih iskustava i plodova aktivnog likovnog \u017eivota, najprije u dugogodisnjem radu, te iskrene zaljubljenosti u umjetnost, akademski slikar Halko Halilovi\u0107 poznati novopazarski slikar je\u00a0 u Kulturnom centru samostalno po trideset sedmii put pokazao svoja umjetni\u010dka djela svim zainteresovanima Novopazarcima. Rukopis ovog novopazarskog slikara godinama je prepoznatljiv i poznat na prostoru Sand\u017eaka ali [&hellip;]\" \/>\n<meta property=\"og:url\" content=\"https:\/\/sandzakpress.net\/arhiva\/u-galeriji-mmc-a-izlozba-halka-halilovica\/\" \/>\n<meta property=\"og:site_name\" content=\"Sand\u017eak PRESS\" \/>\n<meta property=\"article:published_time\" content=\"2011-03-19T09:30:45+00:00\" \/>\n<meta property=\"og:image\" content=\"https:\/\/sandzakpress.net\/arhiva\/wp-content\/uploads\/2011\/03\/images9.jpg\" \/>\n\t<meta property=\"og:image:width\" content=\"275\" \/>\n\t<meta property=\"og:image:height\" content=\"184\" \/>\n\t<meta property=\"og:image:type\" content=\"image\/jpeg\" \/>\n<meta name=\"twitter:card\" content=\"summary_large_image\" \/>\n<meta name=\"twitter:label1\" content=\"Written by\" \/>\n\t<meta name=\"twitter:data1\" content=\"\" \/>\n\t<meta name=\"twitter:label2\" content=\"Est. reading time\" \/>\n\t<meta name=\"twitter:data2\" content=\"1 minuta\" \/>\n<script type=\"application\/ld+json\" class=\"yoast-schema-graph\">{\"@context\":\"https:\/\/schema.org\",\"@graph\":[{\"@type\":\"Article\",\"@id\":\"https:\/\/sandzakpress.net\/arhiva\/u-galeriji-mmc-a-izlozba-halka-halilovica\/#article\",\"isPartOf\":{\"@id\":\"https:\/\/sandzakpress.net\/arhiva\/u-galeriji-mmc-a-izlozba-halka-halilovica\/\"},\"author\":{\"name\":\"\",\"@id\":\"\"},\"headline\":\"U galeriji MMC-a izlo\u017eba Halka Halilovi\u0107a\",\"datePublished\":\"2011-03-19T09:30:45+00:00\",\"mainEntityOfPage\":{\"@id\":\"https:\/\/sandzakpress.net\/arhiva\/u-galeriji-mmc-a-izlozba-halka-halilovica\/\"},\"wordCount\":187,\"commentCount\":0,\"publisher\":{\"@id\":\"https:\/\/sandzakpress.net\/arhiva\/#\/schema\/person\/6e72b67d6e51910a1117b3b483ba20bd\"},\"image\":{\"@id\":\"https:\/\/sandzakpress.net\/arhiva\/u-galeriji-mmc-a-izlozba-halka-halilovica\/#primaryimage\"},\"thumbnailUrl\":\"https:\/\/sandzakpress.net\/arhiva\/wp-content\/uploads\/2011\/03\/images9.jpg\",\"articleSection\":[\"Novi Pazar\"],\"inLanguage\":\"bs-BA\",\"potentialAction\":[{\"@type\":\"CommentAction\",\"name\":\"Comment\",\"target\":[\"https:\/\/sandzakpress.net\/arhiva\/u-galeriji-mmc-a-izlozba-halka-halilovica\/#respond\"]}]},{\"@type\":\"WebPage\",\"@id\":\"https:\/\/sandzakpress.net\/arhiva\/u-galeriji-mmc-a-izlozba-halka-halilovica\/\",\"url\":\"https:\/\/sandzakpress.net\/arhiva\/u-galeriji-mmc-a-izlozba-halka-halilovica\/\",\"name\":\"U galeriji MMC-a izlo\u017eba Halka Halilovi\u0107a\",\"isPartOf\":{\"@id\":\"https:\/\/sandzakpress.net\/arhiva\/#website\"},\"primaryImageOfPage\":{\"@id\":\"https:\/\/sandzakpress.net\/arhiva\/u-galeriji-mmc-a-izlozba-halka-halilovica\/#primaryimage\"},\"image\":{\"@id\":\"https:\/\/sandzakpress.net\/arhiva\/u-galeriji-mmc-a-izlozba-halka-halilovica\/#primaryimage\"},\"thumbnailUrl\":\"https:\/\/sandzakpress.net\/arhiva\/wp-content\/uploads\/2011\/03\/images9.jpg\",\"datePublished\":\"2011-03-19T09:30:45+00:00\",\"breadcrumb\":{\"@id\":\"https:\/\/sandzakpress.net\/arhiva\/u-galeriji-mmc-a-izlozba-halka-halilovica\/#breadcrumb\"},\"inLanguage\":\"bs-BA\",\"potentialAction\":[{\"@type\":\"ReadAction\",\"target\":[\"https:\/\/sandzakpress.net\/arhiva\/u-galeriji-mmc-a-izlozba-halka-halilovica\/\"]}]},{\"@type\":\"ImageObject\",\"inLanguage\":\"bs-BA\",\"@id\":\"https:\/\/sandzakpress.net\/arhiva\/u-galeriji-mmc-a-izlozba-halka-halilovica\/#primaryimage\",\"url\":\"https:\/\/sandzakpress.net\/arhiva\/wp-content\/uploads\/2011\/03\/images9.jpg\",\"contentUrl\":\"https:\/\/sandzakpress.net\/arhiva\/wp-content\/uploads\/2011\/03\/images9.jpg\",\"width\":275,\"height\":184},{\"@type\":\"BreadcrumbList\",\"@id\":\"https:\/\/sandzakpress.net\/arhiva\/u-galeriji-mmc-a-izlozba-halka-halilovica\/#breadcrumb\",\"itemListElement\":[{\"@type\":\"ListItem\",\"position\":1,\"name\":\"Home\",\"item\":\"https:\/\/sandzakpress.net\/arhiva\/\"},{\"@type\":\"ListItem\",\"position\":2,\"name\":\"U galeriji MMC-a izlo\u017eba Halka Halilovi\u0107a\"}]},{\"@type\":\"WebSite\",\"@id\":\"https:\/\/sandzakpress.net\/arhiva\/#website\",\"url\":\"https:\/\/sandzakpress.net\/arhiva\/\",\"name\":\"Sand\u017eak PRESS\",\"description\":\"Prve elektronske novine u Sand\u017eaku\",\"publisher\":{\"@id\":\"https:\/\/sandzakpress.net\/arhiva\/#\/schema\/person\/6e72b67d6e51910a1117b3b483ba20bd\"},\"potentialAction\":[{\"@type\":\"SearchAction\",\"target\":{\"@type\":\"EntryPoint\",\"urlTemplate\":\"https:\/\/sandzakpress.net\/arhiva\/?s={search_term_string}\"},\"query-input\":{\"@type\":\"PropertyValueSpecification\",\"valueRequired\":true,\"valueName\":\"search_term_string\"}}],\"inLanguage\":\"bs-BA\"},{\"@type\":[\"Person\",\"Organization\"],\"@id\":\"https:\/\/sandzakpress.net\/arhiva\/#\/schema\/person\/6e72b67d6e51910a1117b3b483ba20bd\",\"name\":\"Kul\",\"image\":{\"@type\":\"ImageObject\",\"inLanguage\":\"bs-BA\",\"@id\":\"https:\/\/sandzakpress.net\/arhiva\/#\/schema\/person\/image\/\",\"url\":\"https:\/\/secure.gravatar.com\/avatar\/42263f39aa27ac04c43cab85c280eb2e?s=96&d=mm&r=pg\",\"contentUrl\":\"https:\/\/secure.gravatar.com\/avatar\/42263f39aa27ac04c43cab85c280eb2e?s=96&d=mm&r=pg\",\"caption\":\"Kul\"},\"logo\":{\"@id\":\"https:\/\/sandzakpress.net\/arhiva\/#\/schema\/person\/image\/\"}},{\"@type\":\"Person\",\"@id\":\"\",\"url\":\"https:\/\/sandzakpress.net\/arhiva\/author\/\"}]}<\/script>\n<!-- \/ Yoast SEO Premium plugin. -->","yoast_head_json":{"title":"U galeriji MMC-a izlo\u017eba Halka Halilovi\u0107a","robots":{"index":"index","follow":"follow","max-snippet":"max-snippet:-1","max-image-preview":"max-image-preview:large","max-video-preview":"max-video-preview:-1"},"canonical":"https:\/\/sandzakpress.net\/arhiva\/u-galeriji-mmc-a-izlozba-halka-halilovica\/","og_locale":"bs_BA","og_type":"article","og_title":"U galeriji MMC-a izlo\u017eba Halka Halilovi\u0107a","og_description":"Na temeljima ve\u0107 ste\u010denih iskustava i plodova aktivnog likovnog \u017eivota, najprije u dugogodisnjem radu, te iskrene zaljubljenosti u umjetnost, akademski slikar Halko Halilovi\u0107 poznati novopazarski slikar je\u00a0 u Kulturnom centru samostalno po trideset sedmii put pokazao svoja umjetni\u010dka djela svim zainteresovanima Novopazarcima. Rukopis ovog novopazarskog slikara godinama je prepoznatljiv i poznat na prostoru Sand\u017eaka ali [&hellip;]","og_url":"https:\/\/sandzakpress.net\/arhiva\/u-galeriji-mmc-a-izlozba-halka-halilovica\/","og_site_name":"Sand\u017eak PRESS","article_published_time":"2011-03-19T09:30:45+00:00","og_image":[{"width":275,"height":184,"url":"https:\/\/sandzakpress.net\/arhiva\/wp-content\/uploads\/2011\/03\/images9.jpg","type":"image\/jpeg"}],"twitter_card":"summary_large_image","twitter_misc":{"Written by":"","Est. reading time":"1 minuta"},"schema":{"@context":"https:\/\/schema.org","@graph":[{"@type":"Article","@id":"https:\/\/sandzakpress.net\/arhiva\/u-galeriji-mmc-a-izlozba-halka-halilovica\/#article","isPartOf":{"@id":"https:\/\/sandzakpress.net\/arhiva\/u-galeriji-mmc-a-izlozba-halka-halilovica\/"},"author":{"name":"","@id":""},"headline":"U galeriji MMC-a izlo\u017eba Halka Halilovi\u0107a","datePublished":"2011-03-19T09:30:45+00:00","mainEntityOfPage":{"@id":"https:\/\/sandzakpress.net\/arhiva\/u-galeriji-mmc-a-izlozba-halka-halilovica\/"},"wordCount":187,"commentCount":0,"publisher":{"@id":"https:\/\/sandzakpress.net\/arhiva\/#\/schema\/person\/6e72b67d6e51910a1117b3b483ba20bd"},"image":{"@id":"https:\/\/sandzakpress.net\/arhiva\/u-galeriji-mmc-a-izlozba-halka-halilovica\/#primaryimage"},"thumbnailUrl":"https:\/\/sandzakpress.net\/arhiva\/wp-content\/uploads\/2011\/03\/images9.jpg","articleSection":["Novi Pazar"],"inLanguage":"bs-BA","potentialAction":[{"@type":"CommentAction","name":"Comment","target":["https:\/\/sandzakpress.net\/arhiva\/u-galeriji-mmc-a-izlozba-halka-halilovica\/#respond"]}]},{"@type":"WebPage","@id":"https:\/\/sandzakpress.net\/arhiva\/u-galeriji-mmc-a-izlozba-halka-halilovica\/","url":"https:\/\/sandzakpress.net\/arhiva\/u-galeriji-mmc-a-izlozba-halka-halilovica\/","name":"U galeriji MMC-a izlo\u017eba Halka Halilovi\u0107a","isPartOf":{"@id":"https:\/\/sandzakpress.net\/arhiva\/#website"},"primaryImageOfPage":{"@id":"https:\/\/sandzakpress.net\/arhiva\/u-galeriji-mmc-a-izlozba-halka-halilovica\/#primaryimage"},"image":{"@id":"https:\/\/sandzakpress.net\/arhiva\/u-galeriji-mmc-a-izlozba-halka-halilovica\/#primaryimage"},"thumbnailUrl":"https:\/\/sandzakpress.net\/arhiva\/wp-content\/uploads\/2011\/03\/images9.jpg","datePublished":"2011-03-19T09:30:45+00:00","breadcrumb":{"@id":"https:\/\/sandzakpress.net\/arhiva\/u-galeriji-mmc-a-izlozba-halka-halilovica\/#breadcrumb"},"inLanguage":"bs-BA","potentialAction":[{"@type":"ReadAction","target":["https:\/\/sandzakpress.net\/arhiva\/u-galeriji-mmc-a-izlozba-halka-halilovica\/"]}]},{"@type":"ImageObject","inLanguage":"bs-BA","@id":"https:\/\/sandzakpress.net\/arhiva\/u-galeriji-mmc-a-izlozba-halka-halilovica\/#primaryimage","url":"https:\/\/sandzakpress.net\/arhiva\/wp-content\/uploads\/2011\/03\/images9.jpg","contentUrl":"https:\/\/sandzakpress.net\/arhiva\/wp-content\/uploads\/2011\/03\/images9.jpg","width":275,"height":184},{"@type":"BreadcrumbList","@id":"https:\/\/sandzakpress.net\/arhiva\/u-galeriji-mmc-a-izlozba-halka-halilovica\/#breadcrumb","itemListElement":[{"@type":"ListItem","position":1,"name":"Home","item":"https:\/\/sandzakpress.net\/arhiva\/"},{"@type":"ListItem","position":2,"name":"U galeriji MMC-a izlo\u017eba Halka Halilovi\u0107a"}]},{"@type":"WebSite","@id":"https:\/\/sandzakpress.net\/arhiva\/#website","url":"https:\/\/sandzakpress.net\/arhiva\/","name":"Sand\u017eak PRESS","description":"Prve elektronske novine u Sand\u017eaku","publisher":{"@id":"https:\/\/sandzakpress.net\/arhiva\/#\/schema\/person\/6e72b67d6e51910a1117b3b483ba20bd"},"potentialAction":[{"@type":"SearchAction","target":{"@type":"EntryPoint","urlTemplate":"https:\/\/sandzakpress.net\/arhiva\/?s={search_term_string}"},"query-input":{"@type":"PropertyValueSpecification","valueRequired":true,"valueName":"search_term_string"}}],"inLanguage":"bs-BA"},{"@type":["Person","Organization"],"@id":"https:\/\/sandzakpress.net\/arhiva\/#\/schema\/person\/6e72b67d6e51910a1117b3b483ba20bd","name":"Kul","image":{"@type":"ImageObject","inLanguage":"bs-BA","@id":"https:\/\/sandzakpress.net\/arhiva\/#\/schema\/person\/image\/","url":"https:\/\/secure.gravatar.com\/avatar\/42263f39aa27ac04c43cab85c280eb2e?s=96&d=mm&r=pg","contentUrl":"https:\/\/secure.gravatar.com\/avatar\/42263f39aa27ac04c43cab85c280eb2e?s=96&d=mm&r=pg","caption":"Kul"},"logo":{"@id":"https:\/\/sandzakpress.net\/arhiva\/#\/schema\/person\/image\/"}},{"@type":"Person","@id":"","url":"https:\/\/sandzakpress.net\/arhiva\/author\/"}]}},"_links":{"self":[{"href":"https:\/\/sandzakpress.net\/arhiva\/wp-json\/wp\/v2\/posts\/13957"}],"collection":[{"href":"https:\/\/sandzakpress.net\/arhiva\/wp-json\/wp\/v2\/posts"}],"about":[{"href":"https:\/\/sandzakpress.net\/arhiva\/wp-json\/wp\/v2\/types\/post"}],"author":[{"embeddable":true,"href":"https:\/\/sandzakpress.net\/arhiva\/wp-json\/wp\/v2\/users\/13"}],"replies":[{"embeddable":true,"href":"https:\/\/sandzakpress.net\/arhiva\/wp-json\/wp\/v2\/comments?post=13957"}],"version-history":[{"count":0,"href":"https:\/\/sandzakpress.net\/arhiva\/wp-json\/wp\/v2\/posts\/13957\/revisions"}],"wp:featuredmedia":[{"embeddable":true,"href":"https:\/\/sandzakpress.net\/arhiva\/wp-json\/wp\/v2\/media\/13958"}],"wp:attachment":[{"href":"https:\/\/sandzakpress.net\/arhiva\/wp-json\/wp\/v2\/media?parent=13957"}],"wp:term":[{"taxonomy":"category","embeddable":true,"href":"https:\/\/sandzakpress.net\/arhiva\/wp-json\/wp\/v2\/categories?post=13957"},{"taxonomy":"post_tag","embeddable":true,"href":"https:\/\/sandzakpress.net\/arhiva\/wp-json\/wp\/v2\/tags?post=13957"}],"curies":[{"name":"wp","href":"https:\/\/api.w.org\/{rel}","templated":true}]}}