{"id":13933,"date":"2011-03-19T07:12:24","date_gmt":"2011-03-19T06:12:24","guid":{"rendered":"https:\/\/sandzakpress.net\/arhiva\/?p=13933"},"modified":"2011-03-19T07:12:24","modified_gmt":"2011-03-19T06:12:24","slug":"smjena-ciplica-%e2%80%93-prilika-vladi-za-ispravljanje-gresaka","status":"publish","type":"post","link":"https:\/\/sandzakpress.net\/arhiva\/smjena-ciplica-%e2%80%93-prilika-vladi-za-ispravljanje-gresaka\/","title":{"rendered":"Smjena \u010cipli\u0107a \u2013 prilika Vladi za ispravljanje gre\u0161aka"},"content":{"rendered":"<p><strong><a href=\"https:\/\/sandzakpress.net\/arhiva\/wp-content\/uploads\/2011\/03\/D\u017eulija-Bobit-u-posjeti-BDZ-u-2-300x216.jpg\"><img loading=\"lazy\" decoding=\"async\" class=\"alignleft size-full wp-image-13934\" title=\"D\u017eulija-Bobit-u-posjeti-BDZ-u-2-300x216\" src=\"https:\/\/sandzakpress.net\/arhiva\/wp-content\/uploads\/2011\/03\/D\u017eulija-Bobit-u-posjeti-BDZ-u-2-300x216.jpg\" alt=\"\" width=\"300\" height=\"216\" \/><\/a>Sjeverni Sand\u017eak &#8211; Delegacija Bo\u0161nja\u010dke demokratske zajednice, u sastavu predsjednika Emira Elfi\u0107a i potpredsjednika Zehnije Buli\u0107a, sastala se danas u prostorijama stranke\u00a0 sa predstavnicom Ameri\u010dke ambasade u Beogradu D\u017eulijom Bobit.<\/strong><\/p>\n<p>Predsjednik Emir Elfi\u0107 upoznao je ameri\u010dke diplomate o aktuelnoj politi\u010dkoj situaciji, Programskim na\u010delima BDZ-a i\u00a0 goru\u0107im problemima sa kojima se Bo\u0161njaci susre\u0107u. Posebno se razgovaralo o najavi ponavljanja izbora za Bo\u0161nja\u010dko nacionalno vije\u0107e.<\/p>\n<p>Predstavnici BDZ-a izrazili su stav da smjena \u010cipli\u0107a mo\u017ee otvoriti prostor rekonstruisanoj Vladi da ispravi na\u010dinjene gre\u0161ke i da prihvati rad legelano izabranog i konstituisanog Vije\u0107a u skladu sa zakonom Republike Srbije \u010dime bi se vratilo\u00a0 povjerenje Bo\u0161njaka u dr\u017eavne institucije.<\/p>\n<p>Elfi\u0107 je istakao da \u0107e se BDZ svim svojim kapacitetima zalagati za afirmaciju demokratskih vrijednosti i vladavini prava te biti jedan od klju\u010dnih faktora za postizanje politi\u010dke stabilnosti u Sand\u017eaku.<\/p>\n<p>Izvor: <strong>BDZ.rs<\/strong><\/p>\n","protected":false},"excerpt":{"rendered":"<p>Sjeverni Sand\u017eak &#8211; Delegacija Bo\u0161nja\u010dke demokratske zajednice, u sastavu predsjednika Emira Elfi\u0107a i potpredsjednika Zehnije Buli\u0107a, sastala se danas u prostorijama stranke\u00a0 sa predstavnicom Ameri\u010dke ambasade u Beogradu D\u017eulijom Bobit. Predsjednik Emir Elfi\u0107 upoznao je ameri\u010dke diplomate o aktuelnoj politi\u010dkoj situaciji, Programskim na\u010delima BDZ-a i\u00a0 goru\u0107im problemima sa kojima se Bo\u0161njaci susre\u0107u. Posebno se razgovaralo [&hellip;]<\/p>\n","protected":false},"author":83,"featured_media":13934,"comment_status":"open","ping_status":"open","sticky":false,"template":"","format":"standard","meta":{"footnotes":""},"categories":[72,1,52,327,392,393,394],"tags":[],"class_list":{"0":"post-13933","1":"post","2":"type-post","3":"status-publish","4":"format-standard","5":"has-post-thumbnail","7":"category-novi-pazar","8":"category-politika","9":"category-sjenica","10":"category-tutin","11":"category-prijepolje_","12":"category-priboj","13":"category-nova-varos"},"yoast_head":"<!-- This site is optimized with the Yoast SEO Premium plugin v23.1 (Yoast SEO v24.9) - https:\/\/yoast.com\/wordpress\/plugins\/seo\/ -->\n<title>Smjena \u010cipli\u0107a \u2013 prilika Vladi za ispravljanje gre\u0161aka<\/title>\n<meta name=\"robots\" content=\"index, follow, max-snippet:-1, max-image-preview:large, max-video-preview:-1\" \/>\n<link rel=\"canonical\" href=\"https:\/\/sandzakpress.net\/arhiva\/smjena-ciplica-\u2013-prilika-vladi-za-ispravljanje-gresaka\/\" \/>\n<meta property=\"og:locale\" content=\"bs_BA\" \/>\n<meta property=\"og:type\" content=\"article\" \/>\n<meta property=\"og:title\" content=\"Smjena \u010cipli\u0107a \u2013 prilika Vladi za ispravljanje gre\u0161aka\" \/>\n<meta property=\"og:description\" content=\"Sjeverni Sand\u017eak &#8211; Delegacija Bo\u0161nja\u010dke demokratske zajednice, u sastavu predsjednika Emira Elfi\u0107a i potpredsjednika Zehnije Buli\u0107a, sastala se danas u prostorijama stranke\u00a0 sa predstavnicom Ameri\u010dke ambasade u Beogradu D\u017eulijom Bobit. Predsjednik Emir Elfi\u0107 upoznao je ameri\u010dke diplomate o aktuelnoj politi\u010dkoj situaciji, Programskim na\u010delima BDZ-a i\u00a0 goru\u0107im problemima sa kojima se Bo\u0161njaci susre\u0107u. Posebno se razgovaralo [&hellip;]\" \/>\n<meta property=\"og:url\" content=\"https:\/\/sandzakpress.net\/arhiva\/smjena-ciplica-\u2013-prilika-vladi-za-ispravljanje-gresaka\/\" \/>\n<meta property=\"og:site_name\" content=\"Sand\u017eak PRESS\" \/>\n<meta property=\"article:published_time\" content=\"2011-03-19T06:12:24+00:00\" \/>\n<meta property=\"og:image\" content=\"https:\/\/sandzakpress.net\/arhiva\/wp-content\/uploads\/2011\/03\/D\u017eulija-Bobit-u-posjeti-BDZ-u-2-300x216.jpg\" \/>\n\t<meta property=\"og:image:width\" content=\"300\" \/>\n\t<meta property=\"og:image:height\" content=\"216\" \/>\n\t<meta property=\"og:image:type\" content=\"image\/jpeg\" \/>\n<meta name=\"author\" content=\"bosniak\" \/>\n<meta name=\"twitter:card\" content=\"summary_large_image\" \/>\n<meta name=\"twitter:label1\" content=\"Written by\" \/>\n\t<meta name=\"twitter:data1\" content=\"bosniak\" \/>\n\t<meta name=\"twitter:label2\" content=\"Est. reading time\" \/>\n\t<meta name=\"twitter:data2\" content=\"1 minuta\" \/>\n<script type=\"application\/ld+json\" class=\"yoast-schema-graph\">{\"@context\":\"https:\/\/schema.org\",\"@graph\":[{\"@type\":\"Article\",\"@id\":\"https:\/\/sandzakpress.net\/arhiva\/smjena-ciplica-%e2%80%93-prilika-vladi-za-ispravljanje-gresaka\/#article\",\"isPartOf\":{\"@id\":\"https:\/\/sandzakpress.net\/arhiva\/smjena-ciplica-%e2%80%93-prilika-vladi-za-ispravljanje-gresaka\/\"},\"author\":{\"name\":\"bosniak\",\"@id\":\"https:\/\/sandzakpress.net\/arhiva\/#\/schema\/person\/c8baee722073534b583ea7bdb2e36c02\"},\"headline\":\"Smjena \u010cipli\u0107a \u2013 prilika Vladi za ispravljanje gre\u0161aka\",\"datePublished\":\"2011-03-19T06:12:24+00:00\",\"mainEntityOfPage\":{\"@id\":\"https:\/\/sandzakpress.net\/arhiva\/smjena-ciplica-%e2%80%93-prilika-vladi-za-ispravljanje-gresaka\/\"},\"wordCount\":172,\"commentCount\":0,\"publisher\":{\"@id\":\"https:\/\/sandzakpress.net\/arhiva\/#\/schema\/person\/6e72b67d6e51910a1117b3b483ba20bd\"},\"image\":{\"@id\":\"https:\/\/sandzakpress.net\/arhiva\/smjena-ciplica-%e2%80%93-prilika-vladi-za-ispravljanje-gresaka\/#primaryimage\"},\"thumbnailUrl\":\"https:\/\/sandzakpress.net\/arhiva\/wp-content\/uploads\/2011\/03\/D\u017eulija-Bobit-u-posjeti-BDZ-u-2-300x216.jpg\",\"articleSection\":[\"Novi Pazar\",\"Politika\",\"Sjenica\",\"Tutin\",\"Prijepolje\",\"Priboj\",\"Nova Varo\u0161\"],\"inLanguage\":\"bs-BA\",\"potentialAction\":[{\"@type\":\"CommentAction\",\"name\":\"Comment\",\"target\":[\"https:\/\/sandzakpress.net\/arhiva\/smjena-ciplica-%e2%80%93-prilika-vladi-za-ispravljanje-gresaka\/#respond\"]}]},{\"@type\":\"WebPage\",\"@id\":\"https:\/\/sandzakpress.net\/arhiva\/smjena-ciplica-%e2%80%93-prilika-vladi-za-ispravljanje-gresaka\/\",\"url\":\"https:\/\/sandzakpress.net\/arhiva\/smjena-ciplica-%e2%80%93-prilika-vladi-za-ispravljanje-gresaka\/\",\"name\":\"Smjena \u010cipli\u0107a \u2013 prilika Vladi za ispravljanje gre\u0161aka\",\"isPartOf\":{\"@id\":\"https:\/\/sandzakpress.net\/arhiva\/#website\"},\"primaryImageOfPage\":{\"@id\":\"https:\/\/sandzakpress.net\/arhiva\/smjena-ciplica-%e2%80%93-prilika-vladi-za-ispravljanje-gresaka\/#primaryimage\"},\"image\":{\"@id\":\"https:\/\/sandzakpress.net\/arhiva\/smjena-ciplica-%e2%80%93-prilika-vladi-za-ispravljanje-gresaka\/#primaryimage\"},\"thumbnailUrl\":\"https:\/\/sandzakpress.net\/arhiva\/wp-content\/uploads\/2011\/03\/D\u017eulija-Bobit-u-posjeti-BDZ-u-2-300x216.jpg\",\"datePublished\":\"2011-03-19T06:12:24+00:00\",\"breadcrumb\":{\"@id\":\"https:\/\/sandzakpress.net\/arhiva\/smjena-ciplica-%e2%80%93-prilika-vladi-za-ispravljanje-gresaka\/#breadcrumb\"},\"inLanguage\":\"bs-BA\",\"potentialAction\":[{\"@type\":\"ReadAction\",\"target\":[\"https:\/\/sandzakpress.net\/arhiva\/smjena-ciplica-%e2%80%93-prilika-vladi-za-ispravljanje-gresaka\/\"]}]},{\"@type\":\"ImageObject\",\"inLanguage\":\"bs-BA\",\"@id\":\"https:\/\/sandzakpress.net\/arhiva\/smjena-ciplica-%e2%80%93-prilika-vladi-za-ispravljanje-gresaka\/#primaryimage\",\"url\":\"https:\/\/sandzakpress.net\/arhiva\/wp-content\/uploads\/2011\/03\/D\u017eulija-Bobit-u-posjeti-BDZ-u-2-300x216.jpg\",\"contentUrl\":\"https:\/\/sandzakpress.net\/arhiva\/wp-content\/uploads\/2011\/03\/D\u017eulija-Bobit-u-posjeti-BDZ-u-2-300x216.jpg\",\"width\":300,\"height\":216},{\"@type\":\"BreadcrumbList\",\"@id\":\"https:\/\/sandzakpress.net\/arhiva\/smjena-ciplica-%e2%80%93-prilika-vladi-za-ispravljanje-gresaka\/#breadcrumb\",\"itemListElement\":[{\"@type\":\"ListItem\",\"position\":1,\"name\":\"Home\",\"item\":\"https:\/\/sandzakpress.net\/arhiva\/\"},{\"@type\":\"ListItem\",\"position\":2,\"name\":\"Smjena \u010cipli\u0107a \u2013 prilika Vladi za ispravljanje gre\u0161aka\"}]},{\"@type\":\"WebSite\",\"@id\":\"https:\/\/sandzakpress.net\/arhiva\/#website\",\"url\":\"https:\/\/sandzakpress.net\/arhiva\/\",\"name\":\"Sand\u017eak PRESS\",\"description\":\"Prve elektronske novine u Sand\u017eaku\",\"publisher\":{\"@id\":\"https:\/\/sandzakpress.net\/arhiva\/#\/schema\/person\/6e72b67d6e51910a1117b3b483ba20bd\"},\"potentialAction\":[{\"@type\":\"SearchAction\",\"target\":{\"@type\":\"EntryPoint\",\"urlTemplate\":\"https:\/\/sandzakpress.net\/arhiva\/?s={search_term_string}\"},\"query-input\":{\"@type\":\"PropertyValueSpecification\",\"valueRequired\":true,\"valueName\":\"search_term_string\"}}],\"inLanguage\":\"bs-BA\"},{\"@type\":[\"Person\",\"Organization\"],\"@id\":\"https:\/\/sandzakpress.net\/arhiva\/#\/schema\/person\/6e72b67d6e51910a1117b3b483ba20bd\",\"name\":\"Kul\",\"image\":{\"@type\":\"ImageObject\",\"inLanguage\":\"bs-BA\",\"@id\":\"https:\/\/sandzakpress.net\/arhiva\/#\/schema\/person\/image\/\",\"url\":\"https:\/\/secure.gravatar.com\/avatar\/42263f39aa27ac04c43cab85c280eb2e?s=96&d=mm&r=pg\",\"contentUrl\":\"https:\/\/secure.gravatar.com\/avatar\/42263f39aa27ac04c43cab85c280eb2e?s=96&d=mm&r=pg\",\"caption\":\"Kul\"},\"logo\":{\"@id\":\"https:\/\/sandzakpress.net\/arhiva\/#\/schema\/person\/image\/\"}},{\"@type\":\"Person\",\"@id\":\"https:\/\/sandzakpress.net\/arhiva\/#\/schema\/person\/c8baee722073534b583ea7bdb2e36c02\",\"name\":\"bosniak\",\"image\":{\"@type\":\"ImageObject\",\"inLanguage\":\"bs-BA\",\"@id\":\"https:\/\/sandzakpress.net\/arhiva\/#\/schema\/person\/image\/\",\"url\":\"https:\/\/secure.gravatar.com\/avatar\/a04fd330bfe3a36a72a0ad4a6d89fca7?s=96&d=mm&r=pg\",\"contentUrl\":\"https:\/\/secure.gravatar.com\/avatar\/a04fd330bfe3a36a72a0ad4a6d89fca7?s=96&d=mm&r=pg\",\"caption\":\"bosniak\"},\"url\":\"https:\/\/sandzakpress.net\/arhiva\/author\/bosniak\/\"}]}<\/script>\n<!-- \/ Yoast SEO Premium plugin. -->","yoast_head_json":{"title":"Smjena \u010cipli\u0107a \u2013 prilika Vladi za ispravljanje gre\u0161aka","robots":{"index":"index","follow":"follow","max-snippet":"max-snippet:-1","max-image-preview":"max-image-preview:large","max-video-preview":"max-video-preview:-1"},"canonical":"https:\/\/sandzakpress.net\/arhiva\/smjena-ciplica-\u2013-prilika-vladi-za-ispravljanje-gresaka\/","og_locale":"bs_BA","og_type":"article","og_title":"Smjena \u010cipli\u0107a \u2013 prilika Vladi za ispravljanje gre\u0161aka","og_description":"Sjeverni Sand\u017eak &#8211; Delegacija Bo\u0161nja\u010dke demokratske zajednice, u sastavu predsjednika Emira Elfi\u0107a i potpredsjednika Zehnije Buli\u0107a, sastala se danas u prostorijama stranke\u00a0 sa predstavnicom Ameri\u010dke ambasade u Beogradu D\u017eulijom Bobit. Predsjednik Emir Elfi\u0107 upoznao je ameri\u010dke diplomate o aktuelnoj politi\u010dkoj situaciji, Programskim na\u010delima BDZ-a i\u00a0 goru\u0107im problemima sa kojima se Bo\u0161njaci susre\u0107u. Posebno se razgovaralo [&hellip;]","og_url":"https:\/\/sandzakpress.net\/arhiva\/smjena-ciplica-\u2013-prilika-vladi-za-ispravljanje-gresaka\/","og_site_name":"Sand\u017eak PRESS","article_published_time":"2011-03-19T06:12:24+00:00","og_image":[{"width":300,"height":216,"url":"https:\/\/sandzakpress.net\/arhiva\/wp-content\/uploads\/2011\/03\/D\u017eulija-Bobit-u-posjeti-BDZ-u-2-300x216.jpg","type":"image\/jpeg"}],"author":"bosniak","twitter_card":"summary_large_image","twitter_misc":{"Written by":"bosniak","Est. reading time":"1 minuta"},"schema":{"@context":"https:\/\/schema.org","@graph":[{"@type":"Article","@id":"https:\/\/sandzakpress.net\/arhiva\/smjena-ciplica-%e2%80%93-prilika-vladi-za-ispravljanje-gresaka\/#article","isPartOf":{"@id":"https:\/\/sandzakpress.net\/arhiva\/smjena-ciplica-%e2%80%93-prilika-vladi-za-ispravljanje-gresaka\/"},"author":{"name":"bosniak","@id":"https:\/\/sandzakpress.net\/arhiva\/#\/schema\/person\/c8baee722073534b583ea7bdb2e36c02"},"headline":"Smjena \u010cipli\u0107a \u2013 prilika Vladi za ispravljanje gre\u0161aka","datePublished":"2011-03-19T06:12:24+00:00","mainEntityOfPage":{"@id":"https:\/\/sandzakpress.net\/arhiva\/smjena-ciplica-%e2%80%93-prilika-vladi-za-ispravljanje-gresaka\/"},"wordCount":172,"commentCount":0,"publisher":{"@id":"https:\/\/sandzakpress.net\/arhiva\/#\/schema\/person\/6e72b67d6e51910a1117b3b483ba20bd"},"image":{"@id":"https:\/\/sandzakpress.net\/arhiva\/smjena-ciplica-%e2%80%93-prilika-vladi-za-ispravljanje-gresaka\/#primaryimage"},"thumbnailUrl":"https:\/\/sandzakpress.net\/arhiva\/wp-content\/uploads\/2011\/03\/D\u017eulija-Bobit-u-posjeti-BDZ-u-2-300x216.jpg","articleSection":["Novi Pazar","Politika","Sjenica","Tutin","Prijepolje","Priboj","Nova Varo\u0161"],"inLanguage":"bs-BA","potentialAction":[{"@type":"CommentAction","name":"Comment","target":["https:\/\/sandzakpress.net\/arhiva\/smjena-ciplica-%e2%80%93-prilika-vladi-za-ispravljanje-gresaka\/#respond"]}]},{"@type":"WebPage","@id":"https:\/\/sandzakpress.net\/arhiva\/smjena-ciplica-%e2%80%93-prilika-vladi-za-ispravljanje-gresaka\/","url":"https:\/\/sandzakpress.net\/arhiva\/smjena-ciplica-%e2%80%93-prilika-vladi-za-ispravljanje-gresaka\/","name":"Smjena \u010cipli\u0107a \u2013 prilika Vladi za ispravljanje gre\u0161aka","isPartOf":{"@id":"https:\/\/sandzakpress.net\/arhiva\/#website"},"primaryImageOfPage":{"@id":"https:\/\/sandzakpress.net\/arhiva\/smjena-ciplica-%e2%80%93-prilika-vladi-za-ispravljanje-gresaka\/#primaryimage"},"image":{"@id":"https:\/\/sandzakpress.net\/arhiva\/smjena-ciplica-%e2%80%93-prilika-vladi-za-ispravljanje-gresaka\/#primaryimage"},"thumbnailUrl":"https:\/\/sandzakpress.net\/arhiva\/wp-content\/uploads\/2011\/03\/D\u017eulija-Bobit-u-posjeti-BDZ-u-2-300x216.jpg","datePublished":"2011-03-19T06:12:24+00:00","breadcrumb":{"@id":"https:\/\/sandzakpress.net\/arhiva\/smjena-ciplica-%e2%80%93-prilika-vladi-za-ispravljanje-gresaka\/#breadcrumb"},"inLanguage":"bs-BA","potentialAction":[{"@type":"ReadAction","target":["https:\/\/sandzakpress.net\/arhiva\/smjena-ciplica-%e2%80%93-prilika-vladi-za-ispravljanje-gresaka\/"]}]},{"@type":"ImageObject","inLanguage":"bs-BA","@id":"https:\/\/sandzakpress.net\/arhiva\/smjena-ciplica-%e2%80%93-prilika-vladi-za-ispravljanje-gresaka\/#primaryimage","url":"https:\/\/sandzakpress.net\/arhiva\/wp-content\/uploads\/2011\/03\/D\u017eulija-Bobit-u-posjeti-BDZ-u-2-300x216.jpg","contentUrl":"https:\/\/sandzakpress.net\/arhiva\/wp-content\/uploads\/2011\/03\/D\u017eulija-Bobit-u-posjeti-BDZ-u-2-300x216.jpg","width":300,"height":216},{"@type":"BreadcrumbList","@id":"https:\/\/sandzakpress.net\/arhiva\/smjena-ciplica-%e2%80%93-prilika-vladi-za-ispravljanje-gresaka\/#breadcrumb","itemListElement":[{"@type":"ListItem","position":1,"name":"Home","item":"https:\/\/sandzakpress.net\/arhiva\/"},{"@type":"ListItem","position":2,"name":"Smjena \u010cipli\u0107a \u2013 prilika Vladi za ispravljanje gre\u0161aka"}]},{"@type":"WebSite","@id":"https:\/\/sandzakpress.net\/arhiva\/#website","url":"https:\/\/sandzakpress.net\/arhiva\/","name":"Sand\u017eak PRESS","description":"Prve elektronske novine u Sand\u017eaku","publisher":{"@id":"https:\/\/sandzakpress.net\/arhiva\/#\/schema\/person\/6e72b67d6e51910a1117b3b483ba20bd"},"potentialAction":[{"@type":"SearchAction","target":{"@type":"EntryPoint","urlTemplate":"https:\/\/sandzakpress.net\/arhiva\/?s={search_term_string}"},"query-input":{"@type":"PropertyValueSpecification","valueRequired":true,"valueName":"search_term_string"}}],"inLanguage":"bs-BA"},{"@type":["Person","Organization"],"@id":"https:\/\/sandzakpress.net\/arhiva\/#\/schema\/person\/6e72b67d6e51910a1117b3b483ba20bd","name":"Kul","image":{"@type":"ImageObject","inLanguage":"bs-BA","@id":"https:\/\/sandzakpress.net\/arhiva\/#\/schema\/person\/image\/","url":"https:\/\/secure.gravatar.com\/avatar\/42263f39aa27ac04c43cab85c280eb2e?s=96&d=mm&r=pg","contentUrl":"https:\/\/secure.gravatar.com\/avatar\/42263f39aa27ac04c43cab85c280eb2e?s=96&d=mm&r=pg","caption":"Kul"},"logo":{"@id":"https:\/\/sandzakpress.net\/arhiva\/#\/schema\/person\/image\/"}},{"@type":"Person","@id":"https:\/\/sandzakpress.net\/arhiva\/#\/schema\/person\/c8baee722073534b583ea7bdb2e36c02","name":"bosniak","image":{"@type":"ImageObject","inLanguage":"bs-BA","@id":"https:\/\/sandzakpress.net\/arhiva\/#\/schema\/person\/image\/","url":"https:\/\/secure.gravatar.com\/avatar\/a04fd330bfe3a36a72a0ad4a6d89fca7?s=96&d=mm&r=pg","contentUrl":"https:\/\/secure.gravatar.com\/avatar\/a04fd330bfe3a36a72a0ad4a6d89fca7?s=96&d=mm&r=pg","caption":"bosniak"},"url":"https:\/\/sandzakpress.net\/arhiva\/author\/bosniak\/"}]}},"_links":{"self":[{"href":"https:\/\/sandzakpress.net\/arhiva\/wp-json\/wp\/v2\/posts\/13933"}],"collection":[{"href":"https:\/\/sandzakpress.net\/arhiva\/wp-json\/wp\/v2\/posts"}],"about":[{"href":"https:\/\/sandzakpress.net\/arhiva\/wp-json\/wp\/v2\/types\/post"}],"author":[{"embeddable":true,"href":"https:\/\/sandzakpress.net\/arhiva\/wp-json\/wp\/v2\/users\/83"}],"replies":[{"embeddable":true,"href":"https:\/\/sandzakpress.net\/arhiva\/wp-json\/wp\/v2\/comments?post=13933"}],"version-history":[{"count":0,"href":"https:\/\/sandzakpress.net\/arhiva\/wp-json\/wp\/v2\/posts\/13933\/revisions"}],"wp:featuredmedia":[{"embeddable":true,"href":"https:\/\/sandzakpress.net\/arhiva\/wp-json\/wp\/v2\/media\/13934"}],"wp:attachment":[{"href":"https:\/\/sandzakpress.net\/arhiva\/wp-json\/wp\/v2\/media?parent=13933"}],"wp:term":[{"taxonomy":"category","embeddable":true,"href":"https:\/\/sandzakpress.net\/arhiva\/wp-json\/wp\/v2\/categories?post=13933"},{"taxonomy":"post_tag","embeddable":true,"href":"https:\/\/sandzakpress.net\/arhiva\/wp-json\/wp\/v2\/tags?post=13933"}],"curies":[{"name":"wp","href":"https:\/\/api.w.org\/{rel}","templated":true}]}}