{"id":13925,"date":"2011-03-18T08:31:27","date_gmt":"2011-03-18T07:31:27","guid":{"rendered":"https:\/\/sandzakpress.net\/arhiva\/?p=13925"},"modified":"2011-03-18T08:31:27","modified_gmt":"2011-03-18T07:31:27","slug":"eu-ambasadori-u-posjeti-bnv-u","status":"publish","type":"post","link":"https:\/\/sandzakpress.net\/arhiva\/eu-ambasadori-u-posjeti-bnv-u\/","title":{"rendered":"EU ambasadori u posjeti BNV-u"},"content":{"rendered":"<p><a href=\"https:\/\/sandzakpress.net\/arhiva\/wp-content\/uploads\/2011\/03\/ambasadori-u-bnv-21.jpg\"><img loading=\"lazy\" decoding=\"async\" class=\"alignleft size-medium wp-image-13927\" src=\"https:\/\/sandzakpress.net\/arhiva\/wp-content\/uploads\/2011\/03\/ambasadori-u-bnv-21-300x199.jpg\" alt=\"\" width=\"300\" height=\"199\" \/><\/a><strong>Sjeverni Sand\u017eak &#8211; Ambasador OEBS-a u Srbiji Dimitrios Kipreos, zamjenik \u0161efa delegacije  Evropske unije u Srbiji Adriano Martins i Ambasador \u0160vajcarske Ervin  Hofer, sa svojim brojnim saradnicima posjetili su Internacionalni  univerzitet u Novom Pazaru (IUNP) gdje ih je primio rektor Univerziteta  prof. dr. Mevlud Dudi\u0107.Ambasadori, borave u  dvodnevnoj posjeti Novom Pazaru gdje \u0107e obi\u0107i lokalnu upravu i druge  organizacije i institucije, a poseban akcenat njihove posjete je na  visokom obrazovanju i pravima manjina, u ovom slu\u010daju pravima Bo\u0161njaka.<\/strong><\/p>\n<p>\u0160ef Misije OEBS-a u Srbiji Dimitreos Kipreos izjavio je tokom posjete  Internacionalnom univerzitetu u Novom Pazaru da je kvalitetno  obrazovanje manjina jedan od prioriteta OEBS-a.<\/p>\n<p>\u201d OEBS je jako zainteresovan za visoko obrazovanje manjina. \u017delimo  sve najbolje za sam razvoj studenata ovog univerziteta, a radit \u0107emo  zajedno da otkrijemo, prona\u0111emo i rije\u0161imo sve probleme sa kojima se ovi  studenti i ovaj univerzitet suo\u010davaju\u201d, rekao je Kipreos.<\/p>\n<p>Glavni problem je taj \u0161to Internacionalni univerzitet nije  reakreditovan zbog politi\u010dkih odluka u Beogradu jer je predsjednik\u00a0  Internacionalnog univerziteta glavni muftija Muamer ef. Zukorli\u0107, a  Univerzitet je u svojinskom smimilu vakuf (zadu\u017ebina).<\/p>\n<p>Rektor Internacionalnog univerziteta Mevlud Dudi\u0107 rekao je da je  obnavljanje akreditacije jedan od osnovnih problema te visokoobrazovne  ustanove.<\/p>\n<p>\u201cDobili smo \u010dvrsta uvjeravanja da \u0107e na\u0161i dana\u0161nji gosti pratiti  razvoj univerziteta i pomo\u0107i nam u re\u0161vanju problema. Ve\u0107 dve godine  \u010dekamo od akreditacione komisije, koja je politi\u010dko a ne stru\u010dno tijelo,  da bude zavr\u0161en postupak reakreditacije univerziteta. To je jo\u0161 jedna u  nizu nepravilnosti i atak na nas Bo\u0161njake sa \u010dime sam upoznao na\u0161e  goste. Tako\u0111er sam ih upoznao o obespravljenosti Bo\u0161njaka kroz 5 stvari  pored Univerziteta, to je jedinstvena Islamska zajednica, nesmetan rad  Bo\u0161nja\u010dkog nacionalnog vije\u0107a, vra\u0107anje vjerou\u010ditelja na posao, vra\u0107anje  oduzete imovine islamskoj zajednici\u201d,rekao je Dudi\u0107.<\/p>\n<p>Ambasador \u0160vajcarske Hofer je rekao da su Novi Pazar i taj region jedan od prioriteta Vlade \u0160vajcarske.<\/p>\n<p>\u201cMi smo danas ovdje da bismo pokazali na\u0161u podr\u0161ku studentima ovog  univerziteta. Obrazovanje je osnova ne samo ovog regiona, nego i zemlje u  cjelini. \u0160vajcarska Vlada je u ovom regionu u saradnji sa Evropskom  unijom zastupljena i kroz program \u201eProgres\u201c koji je usmjeren na ja\u010danje  kapaciteta op\u0161tina i gra\u0111ana koji \u017eive u njima.\u201d, rekao je Hofer.<\/p>\n<p>Zamenik \u0161efa delegacije Evropske unije Adriano Martins je izrazi  zadovoljstvo \u0161to je u posjeti univerzitetu i naglasio da Evropska unija  poklanja veliku pa\u017enju obrazovanju manjina i njihovim pravima i izrazio  je zadovoljstvo infrastrukturom i uslovima koje IUNP posjeduje.<\/p>\n<p>\u201eSrbija je podnela kandidaturu za \u010dlanstvo u EU, i mi radimo jedan  dokument koji \u0107e ocijeniti sve odgovore iz upitnika na koje Srbija treba  da odgovori. Na osnovu tog dokumenta Evropska unija \u0107e dati svoje  mi\u0161ljenje o kandidaturi srbije. Ova posjeta je tako\u0111er u cilju same  ocjene spremnosti Srbije po pitanju ljudskih i manjinskih prava\u201c \u2013 rekao  je Martins.<\/p>\n<p>Izvor: <strong>Bnv.rs<\/strong><\/p>\n","protected":false},"excerpt":{"rendered":"<p>Sjeverni Sand\u017eak &#8211; Ambasador OEBS-a u Srbiji Dimitrios Kipreos, zamjenik \u0161efa delegacije Evropske unije u Srbiji Adriano Martins i Ambasador \u0160vajcarske Ervin Hofer, sa svojim brojnim saradnicima posjetili su Internacionalni univerzitet u Novom Pazaru (IUNP) gdje ih je primio rektor Univerziteta prof. dr. Mevlud Dudi\u0107.Ambasadori, borave u dvodnevnoj posjeti Novom Pazaru gdje \u0107e obi\u0107i lokalnu [&hellip;]<\/p>\n","protected":false},"author":13,"featured_media":13927,"comment_status":"open","ping_status":"open","sticky":false,"template":"","format":"standard","meta":{"footnotes":""},"categories":[72,800,52,327,392,393,394],"tags":[],"class_list":{"0":"post-13925","1":"post","2":"type-post","3":"status-publish","4":"format-standard","5":"has-post-thumbnail","7":"category-novi-pazar","8":"category-nacija","9":"category-sjenica","10":"category-tutin","11":"category-prijepolje_","12":"category-priboj","13":"category-nova-varos"},"yoast_head":"<!-- This site is optimized with the Yoast SEO Premium plugin v23.1 (Yoast SEO v24.9) - https:\/\/yoast.com\/wordpress\/plugins\/seo\/ -->\n<title>EU ambasadori u posjeti BNV-u<\/title>\n<meta name=\"robots\" content=\"index, follow, max-snippet:-1, max-image-preview:large, max-video-preview:-1\" \/>\n<link rel=\"canonical\" href=\"https:\/\/sandzakpress.net\/arhiva\/eu-ambasadori-u-posjeti-bnv-u\/\" \/>\n<meta property=\"og:locale\" content=\"bs_BA\" \/>\n<meta property=\"og:type\" content=\"article\" \/>\n<meta property=\"og:title\" content=\"EU ambasadori u posjeti BNV-u\" \/>\n<meta property=\"og:description\" content=\"Sjeverni Sand\u017eak &#8211; Ambasador OEBS-a u Srbiji Dimitrios Kipreos, zamjenik \u0161efa delegacije Evropske unije u Srbiji Adriano Martins i Ambasador \u0160vajcarske Ervin Hofer, sa svojim brojnim saradnicima posjetili su Internacionalni univerzitet u Novom Pazaru (IUNP) gdje ih je primio rektor Univerziteta prof. dr. Mevlud Dudi\u0107.Ambasadori, borave u dvodnevnoj posjeti Novom Pazaru gdje \u0107e obi\u0107i lokalnu [&hellip;]\" \/>\n<meta property=\"og:url\" content=\"https:\/\/sandzakpress.net\/arhiva\/eu-ambasadori-u-posjeti-bnv-u\/\" \/>\n<meta property=\"og:site_name\" content=\"Sand\u017eak PRESS\" \/>\n<meta property=\"article:published_time\" content=\"2011-03-18T07:31:27+00:00\" \/>\n<meta property=\"og:image\" content=\"https:\/\/sandzakpress.net\/arhiva\/wp-content\/uploads\/2011\/03\/ambasadori-u-bnv-21.jpg\" \/>\n\t<meta property=\"og:image:width\" content=\"600\" \/>\n\t<meta property=\"og:image:height\" content=\"399\" \/>\n\t<meta property=\"og:image:type\" content=\"image\/jpeg\" \/>\n<meta name=\"twitter:card\" content=\"summary_large_image\" \/>\n<meta name=\"twitter:label1\" content=\"Written by\" \/>\n\t<meta name=\"twitter:data1\" content=\"\" \/>\n\t<meta name=\"twitter:label2\" content=\"Est. reading time\" \/>\n\t<meta name=\"twitter:data2\" content=\"2 minute\" \/>\n<script type=\"application\/ld+json\" class=\"yoast-schema-graph\">{\"@context\":\"https:\/\/schema.org\",\"@graph\":[{\"@type\":\"Article\",\"@id\":\"https:\/\/sandzakpress.net\/arhiva\/eu-ambasadori-u-posjeti-bnv-u\/#article\",\"isPartOf\":{\"@id\":\"https:\/\/sandzakpress.net\/arhiva\/eu-ambasadori-u-posjeti-bnv-u\/\"},\"author\":{\"name\":\"\",\"@id\":\"\"},\"headline\":\"EU ambasadori u posjeti BNV-u\",\"datePublished\":\"2011-03-18T07:31:27+00:00\",\"mainEntityOfPage\":{\"@id\":\"https:\/\/sandzakpress.net\/arhiva\/eu-ambasadori-u-posjeti-bnv-u\/\"},\"wordCount\":494,\"commentCount\":0,\"publisher\":{\"@id\":\"https:\/\/sandzakpress.net\/arhiva\/#\/schema\/person\/6e72b67d6e51910a1117b3b483ba20bd\"},\"image\":{\"@id\":\"https:\/\/sandzakpress.net\/arhiva\/eu-ambasadori-u-posjeti-bnv-u\/#primaryimage\"},\"thumbnailUrl\":\"https:\/\/sandzakpress.net\/arhiva\/wp-content\/uploads\/2011\/03\/ambasadori-u-bnv-21.jpg\",\"articleSection\":[\"Novi Pazar\",\"Nacija\",\"Sjenica\",\"Tutin\",\"Prijepolje\",\"Priboj\",\"Nova Varo\u0161\"],\"inLanguage\":\"bs-BA\",\"potentialAction\":[{\"@type\":\"CommentAction\",\"name\":\"Comment\",\"target\":[\"https:\/\/sandzakpress.net\/arhiva\/eu-ambasadori-u-posjeti-bnv-u\/#respond\"]}]},{\"@type\":\"WebPage\",\"@id\":\"https:\/\/sandzakpress.net\/arhiva\/eu-ambasadori-u-posjeti-bnv-u\/\",\"url\":\"https:\/\/sandzakpress.net\/arhiva\/eu-ambasadori-u-posjeti-bnv-u\/\",\"name\":\"EU ambasadori u posjeti BNV-u\",\"isPartOf\":{\"@id\":\"https:\/\/sandzakpress.net\/arhiva\/#website\"},\"primaryImageOfPage\":{\"@id\":\"https:\/\/sandzakpress.net\/arhiva\/eu-ambasadori-u-posjeti-bnv-u\/#primaryimage\"},\"image\":{\"@id\":\"https:\/\/sandzakpress.net\/arhiva\/eu-ambasadori-u-posjeti-bnv-u\/#primaryimage\"},\"thumbnailUrl\":\"https:\/\/sandzakpress.net\/arhiva\/wp-content\/uploads\/2011\/03\/ambasadori-u-bnv-21.jpg\",\"datePublished\":\"2011-03-18T07:31:27+00:00\",\"breadcrumb\":{\"@id\":\"https:\/\/sandzakpress.net\/arhiva\/eu-ambasadori-u-posjeti-bnv-u\/#breadcrumb\"},\"inLanguage\":\"bs-BA\",\"potentialAction\":[{\"@type\":\"ReadAction\",\"target\":[\"https:\/\/sandzakpress.net\/arhiva\/eu-ambasadori-u-posjeti-bnv-u\/\"]}]},{\"@type\":\"ImageObject\",\"inLanguage\":\"bs-BA\",\"@id\":\"https:\/\/sandzakpress.net\/arhiva\/eu-ambasadori-u-posjeti-bnv-u\/#primaryimage\",\"url\":\"https:\/\/sandzakpress.net\/arhiva\/wp-content\/uploads\/2011\/03\/ambasadori-u-bnv-21.jpg\",\"contentUrl\":\"https:\/\/sandzakpress.net\/arhiva\/wp-content\/uploads\/2011\/03\/ambasadori-u-bnv-21.jpg\",\"width\":600,\"height\":399},{\"@type\":\"BreadcrumbList\",\"@id\":\"https:\/\/sandzakpress.net\/arhiva\/eu-ambasadori-u-posjeti-bnv-u\/#breadcrumb\",\"itemListElement\":[{\"@type\":\"ListItem\",\"position\":1,\"name\":\"Home\",\"item\":\"https:\/\/sandzakpress.net\/arhiva\/\"},{\"@type\":\"ListItem\",\"position\":2,\"name\":\"EU ambasadori u posjeti BNV-u\"}]},{\"@type\":\"WebSite\",\"@id\":\"https:\/\/sandzakpress.net\/arhiva\/#website\",\"url\":\"https:\/\/sandzakpress.net\/arhiva\/\",\"name\":\"Sand\u017eak PRESS\",\"description\":\"Prve elektronske novine u Sand\u017eaku\",\"publisher\":{\"@id\":\"https:\/\/sandzakpress.net\/arhiva\/#\/schema\/person\/6e72b67d6e51910a1117b3b483ba20bd\"},\"potentialAction\":[{\"@type\":\"SearchAction\",\"target\":{\"@type\":\"EntryPoint\",\"urlTemplate\":\"https:\/\/sandzakpress.net\/arhiva\/?s={search_term_string}\"},\"query-input\":{\"@type\":\"PropertyValueSpecification\",\"valueRequired\":true,\"valueName\":\"search_term_string\"}}],\"inLanguage\":\"bs-BA\"},{\"@type\":[\"Person\",\"Organization\"],\"@id\":\"https:\/\/sandzakpress.net\/arhiva\/#\/schema\/person\/6e72b67d6e51910a1117b3b483ba20bd\",\"name\":\"Kul\",\"image\":{\"@type\":\"ImageObject\",\"inLanguage\":\"bs-BA\",\"@id\":\"https:\/\/sandzakpress.net\/arhiva\/#\/schema\/person\/image\/\",\"url\":\"https:\/\/secure.gravatar.com\/avatar\/42263f39aa27ac04c43cab85c280eb2e?s=96&d=mm&r=pg\",\"contentUrl\":\"https:\/\/secure.gravatar.com\/avatar\/42263f39aa27ac04c43cab85c280eb2e?s=96&d=mm&r=pg\",\"caption\":\"Kul\"},\"logo\":{\"@id\":\"https:\/\/sandzakpress.net\/arhiva\/#\/schema\/person\/image\/\"}},{\"@type\":\"Person\",\"@id\":\"\",\"url\":\"https:\/\/sandzakpress.net\/arhiva\/author\/\"}]}<\/script>\n<!-- \/ Yoast SEO Premium plugin. -->","yoast_head_json":{"title":"EU ambasadori u posjeti BNV-u","robots":{"index":"index","follow":"follow","max-snippet":"max-snippet:-1","max-image-preview":"max-image-preview:large","max-video-preview":"max-video-preview:-1"},"canonical":"https:\/\/sandzakpress.net\/arhiva\/eu-ambasadori-u-posjeti-bnv-u\/","og_locale":"bs_BA","og_type":"article","og_title":"EU ambasadori u posjeti BNV-u","og_description":"Sjeverni Sand\u017eak &#8211; Ambasador OEBS-a u Srbiji Dimitrios Kipreos, zamjenik \u0161efa delegacije Evropske unije u Srbiji Adriano Martins i Ambasador \u0160vajcarske Ervin Hofer, sa svojim brojnim saradnicima posjetili su Internacionalni univerzitet u Novom Pazaru (IUNP) gdje ih je primio rektor Univerziteta prof. dr. Mevlud Dudi\u0107.Ambasadori, borave u dvodnevnoj posjeti Novom Pazaru gdje \u0107e obi\u0107i lokalnu [&hellip;]","og_url":"https:\/\/sandzakpress.net\/arhiva\/eu-ambasadori-u-posjeti-bnv-u\/","og_site_name":"Sand\u017eak PRESS","article_published_time":"2011-03-18T07:31:27+00:00","og_image":[{"width":600,"height":399,"url":"https:\/\/sandzakpress.net\/arhiva\/wp-content\/uploads\/2011\/03\/ambasadori-u-bnv-21.jpg","type":"image\/jpeg"}],"twitter_card":"summary_large_image","twitter_misc":{"Written by":"","Est. reading time":"2 minute"},"schema":{"@context":"https:\/\/schema.org","@graph":[{"@type":"Article","@id":"https:\/\/sandzakpress.net\/arhiva\/eu-ambasadori-u-posjeti-bnv-u\/#article","isPartOf":{"@id":"https:\/\/sandzakpress.net\/arhiva\/eu-ambasadori-u-posjeti-bnv-u\/"},"author":{"name":"","@id":""},"headline":"EU ambasadori u posjeti BNV-u","datePublished":"2011-03-18T07:31:27+00:00","mainEntityOfPage":{"@id":"https:\/\/sandzakpress.net\/arhiva\/eu-ambasadori-u-posjeti-bnv-u\/"},"wordCount":494,"commentCount":0,"publisher":{"@id":"https:\/\/sandzakpress.net\/arhiva\/#\/schema\/person\/6e72b67d6e51910a1117b3b483ba20bd"},"image":{"@id":"https:\/\/sandzakpress.net\/arhiva\/eu-ambasadori-u-posjeti-bnv-u\/#primaryimage"},"thumbnailUrl":"https:\/\/sandzakpress.net\/arhiva\/wp-content\/uploads\/2011\/03\/ambasadori-u-bnv-21.jpg","articleSection":["Novi Pazar","Nacija","Sjenica","Tutin","Prijepolje","Priboj","Nova Varo\u0161"],"inLanguage":"bs-BA","potentialAction":[{"@type":"CommentAction","name":"Comment","target":["https:\/\/sandzakpress.net\/arhiva\/eu-ambasadori-u-posjeti-bnv-u\/#respond"]}]},{"@type":"WebPage","@id":"https:\/\/sandzakpress.net\/arhiva\/eu-ambasadori-u-posjeti-bnv-u\/","url":"https:\/\/sandzakpress.net\/arhiva\/eu-ambasadori-u-posjeti-bnv-u\/","name":"EU ambasadori u posjeti BNV-u","isPartOf":{"@id":"https:\/\/sandzakpress.net\/arhiva\/#website"},"primaryImageOfPage":{"@id":"https:\/\/sandzakpress.net\/arhiva\/eu-ambasadori-u-posjeti-bnv-u\/#primaryimage"},"image":{"@id":"https:\/\/sandzakpress.net\/arhiva\/eu-ambasadori-u-posjeti-bnv-u\/#primaryimage"},"thumbnailUrl":"https:\/\/sandzakpress.net\/arhiva\/wp-content\/uploads\/2011\/03\/ambasadori-u-bnv-21.jpg","datePublished":"2011-03-18T07:31:27+00:00","breadcrumb":{"@id":"https:\/\/sandzakpress.net\/arhiva\/eu-ambasadori-u-posjeti-bnv-u\/#breadcrumb"},"inLanguage":"bs-BA","potentialAction":[{"@type":"ReadAction","target":["https:\/\/sandzakpress.net\/arhiva\/eu-ambasadori-u-posjeti-bnv-u\/"]}]},{"@type":"ImageObject","inLanguage":"bs-BA","@id":"https:\/\/sandzakpress.net\/arhiva\/eu-ambasadori-u-posjeti-bnv-u\/#primaryimage","url":"https:\/\/sandzakpress.net\/arhiva\/wp-content\/uploads\/2011\/03\/ambasadori-u-bnv-21.jpg","contentUrl":"https:\/\/sandzakpress.net\/arhiva\/wp-content\/uploads\/2011\/03\/ambasadori-u-bnv-21.jpg","width":600,"height":399},{"@type":"BreadcrumbList","@id":"https:\/\/sandzakpress.net\/arhiva\/eu-ambasadori-u-posjeti-bnv-u\/#breadcrumb","itemListElement":[{"@type":"ListItem","position":1,"name":"Home","item":"https:\/\/sandzakpress.net\/arhiva\/"},{"@type":"ListItem","position":2,"name":"EU ambasadori u posjeti BNV-u"}]},{"@type":"WebSite","@id":"https:\/\/sandzakpress.net\/arhiva\/#website","url":"https:\/\/sandzakpress.net\/arhiva\/","name":"Sand\u017eak PRESS","description":"Prve elektronske novine u Sand\u017eaku","publisher":{"@id":"https:\/\/sandzakpress.net\/arhiva\/#\/schema\/person\/6e72b67d6e51910a1117b3b483ba20bd"},"potentialAction":[{"@type":"SearchAction","target":{"@type":"EntryPoint","urlTemplate":"https:\/\/sandzakpress.net\/arhiva\/?s={search_term_string}"},"query-input":{"@type":"PropertyValueSpecification","valueRequired":true,"valueName":"search_term_string"}}],"inLanguage":"bs-BA"},{"@type":["Person","Organization"],"@id":"https:\/\/sandzakpress.net\/arhiva\/#\/schema\/person\/6e72b67d6e51910a1117b3b483ba20bd","name":"Kul","image":{"@type":"ImageObject","inLanguage":"bs-BA","@id":"https:\/\/sandzakpress.net\/arhiva\/#\/schema\/person\/image\/","url":"https:\/\/secure.gravatar.com\/avatar\/42263f39aa27ac04c43cab85c280eb2e?s=96&d=mm&r=pg","contentUrl":"https:\/\/secure.gravatar.com\/avatar\/42263f39aa27ac04c43cab85c280eb2e?s=96&d=mm&r=pg","caption":"Kul"},"logo":{"@id":"https:\/\/sandzakpress.net\/arhiva\/#\/schema\/person\/image\/"}},{"@type":"Person","@id":"","url":"https:\/\/sandzakpress.net\/arhiva\/author\/"}]}},"_links":{"self":[{"href":"https:\/\/sandzakpress.net\/arhiva\/wp-json\/wp\/v2\/posts\/13925"}],"collection":[{"href":"https:\/\/sandzakpress.net\/arhiva\/wp-json\/wp\/v2\/posts"}],"about":[{"href":"https:\/\/sandzakpress.net\/arhiva\/wp-json\/wp\/v2\/types\/post"}],"author":[{"embeddable":true,"href":"https:\/\/sandzakpress.net\/arhiva\/wp-json\/wp\/v2\/users\/13"}],"replies":[{"embeddable":true,"href":"https:\/\/sandzakpress.net\/arhiva\/wp-json\/wp\/v2\/comments?post=13925"}],"version-history":[{"count":0,"href":"https:\/\/sandzakpress.net\/arhiva\/wp-json\/wp\/v2\/posts\/13925\/revisions"}],"wp:featuredmedia":[{"embeddable":true,"href":"https:\/\/sandzakpress.net\/arhiva\/wp-json\/wp\/v2\/media\/13927"}],"wp:attachment":[{"href":"https:\/\/sandzakpress.net\/arhiva\/wp-json\/wp\/v2\/media?parent=13925"}],"wp:term":[{"taxonomy":"category","embeddable":true,"href":"https:\/\/sandzakpress.net\/arhiva\/wp-json\/wp\/v2\/categories?post=13925"},{"taxonomy":"post_tag","embeddable":true,"href":"https:\/\/sandzakpress.net\/arhiva\/wp-json\/wp\/v2\/tags?post=13925"}],"curies":[{"name":"wp","href":"https:\/\/api.w.org\/{rel}","templated":true}]}}