{"id":13912,"date":"2011-03-16T01:36:49","date_gmt":"2011-03-16T00:36:49","guid":{"rendered":"https:\/\/sandzakpress.net\/arhiva\/?p=13912"},"modified":"2011-03-16T01:36:49","modified_gmt":"2011-03-16T00:36:49","slug":"sinonim-za-autonomiju-sandzaka","status":"publish","type":"post","link":"https:\/\/sandzakpress.net\/arhiva\/sinonim-za-autonomiju-sandzaka\/","title":{"rendered":"Sinonim za autonomiju Sand\u017eaka"},"content":{"rendered":"<p><a href=\"https:\/\/sandzakpress.net\/arhiva\/wp-content\/uploads\/2011\/03\/dzemail-suljevic2.jpg\"><img loading=\"lazy\" decoding=\"async\" class=\"aligncenter size-full wp-image-13917\" title=\"dzemail-suljevic\" src=\"https:\/\/sandzakpress.net\/arhiva\/wp-content\/uploads\/2011\/03\/dzemail-suljevic2.jpg\" alt=\"\" width=\"616\" height=\"283\" \/><\/a><\/p>\n<p><strong>&#8220;sand\u017eak&#8221; &#8211; Od kako je narod Sand\u017eaka izglasao Autonomiju Sand\u017eaka 25-27. oktobra 1991. godine, nikada nije odustao od te ideje. Nije posustao, a kamoli izdao, kao njegove tada\u0161nje strana\u010dke kolege. Uvijek se borio za narod. Zato je i on danas u safu sand\u017ea\u010dkih gazija, ponosnih sinova Sand\u017eaka koji su svoje \u017eivote ispunili borbom za Sand\u017eak i Bo\u0161njake.<\/strong><\/p>\n<p>D\u017eemail Suljevi\u0107 je ro\u0111en u selu Aliverovi\u0107e kod Sjenice, 29. maja 1948. godine,\u00a0 od oca Salka i majke Hafke, ro\u0111ene Me\u0161i\u0107.<\/p>\n<p>Osnovnu \u0161kolu zavr\u0161io je u rodnom mjestu, a srednju arhitektonsku u Skoplju. Nakon srednje \u0161kole, odslu\u017eio je vojni rok i po\u010deo raditi kao tehni\u010dar, ali se ubrzo odlu\u010duje za studije. Zbog izuzetnih sposobnosti i afiniteta prema crtanju, upisuje Arhitektonski fakultet u Skoplju, na kom diplomira 1980. godine. O\u017eenjen je Makedonkom, arhitekticom, otac je troje uspje\u0161ne djece.<\/p>\n<p><strong>Buntovnik iz studentskih dana<\/strong><\/p>\n<p>D\u017eemail se tokom studija isticao kao buntovnik i borio za prava studenta. Zato je tokom studija bio studentski predstavnik u Nastavno-nau\u010dnom vije\u0107u. \u010cesto je vodio polemike s profesorima koji nisu davali \u0161ansu studentima. Zato je bio respektiran kako me\u0111u studentima tako i me\u0111u profesorima, njegove \u017ealbe i primjedbe su uvijek prihva\u0107ane.<\/p>\n<p><strong>Zapo\u0161ljenje<\/strong><\/p>\n<p>Odmah nakon zavr\u0161enih studija, aplicira na konkurs Op\u0107inske uprave Sjenica, za mjesto Urbanisti\u010dko-gra\u0111evinskog inspektora. Dobija prvo zapo\u0161ljenje i stan, kao prvi sjeni\u010dki arhitekta. Na tom mjestu je radio \u010detiri godine, nakon \u010dega dolazi do nesuglasica s upravom. Zbog nepravednog otkaza, pokrenuo je sudski proces i dobio ga, biva vra\u0107en na posao uz obe\u0161te\u0107enje. Poslije vra\u0107anja na posao, izba\u010den je iz stana.<br \/>\nNakon vi\u0161ednevnog protesta s porodicom ispred zgrade Op\u0107ine, te \u0161trajka gla\u0111u, D\u017eemail dobija stan natrag, koji se od tada do danas vodi pod sporom. Kasnije, 1993. godine, dobija drugi otkaz.<\/p>\n<p><strong>Politi\u010dki anga\u017eman<\/strong><\/p>\n<p>Jedva je do\u010dekao Stranku demokratske akcije Sand\u017eaka. Bio je jedan od njezinih osniva\u010da i naja\u017eurnijih aktivista. Na prvim redovnim strana\u010dkim izborima, \u00a0izabran je za predsjednika SDA \u2013 podru\u017enice Sjenica. Zbog sr\u010danog zalaganja, biva sve omiljeniji me\u0111u kolegama. Kada je formirano Bo\u0161nja\u010dko nacionalno vije\u0107e Sand\u017eaka 1991. godine, ve\u0107 je u prvom sazivu bio \u010dlan.<\/p>\n<p>U odsustvu Sulejmana Ugljanina, D\u017eemail Suljevi\u0107 je zastupao stranku SDA Sand\u017eaka u Zemlji i inostranstvu. Ostvario je komunikaciju i saradnju s ve\u0107inom tada\u0161njih demokratskih, politi\u010dkih i intelektualnih struktura u Sand\u017eaku i Zemlji.<\/p>\n<p><strong>Predsjednik Op\u0107ine<\/strong><\/p>\n<p><a href=\"https:\/\/sandzakpress.net\/arhiva\/wp-content\/uploads\/2011\/03\/Dzemail_Suljevic.jpg\"><img loading=\"lazy\" decoding=\"async\" class=\"alignright size-medium wp-image-13916\" title=\"Dzemail_Suljevic\" src=\"https:\/\/sandzakpress.net\/arhiva\/wp-content\/uploads\/2011\/03\/Dzemail_Suljevic-247x300.jpg\" alt=\"\" width=\"247\" height=\"300\" \/><\/a>Na lokalnim izborima 1996. godine,\u00a0 D\u017eemail Suljevi\u0107 biva izabran za predsjednika op\u0107ine Sjenica,\u00a0 ispred stranke SDA Sand\u017eaka. I dan danas Sjeni\u010daci pamte dobro koje je u\u010dinio za vrijeme svog predsjedni\u010dkog\u00a0mandata u op\u0107ini Sjenica.<\/p>\n<p>Zatekao je te\u0161ko stanje u op\u0107ini. Javna preduze\u0107a su bila u kolapsu. Zatekao je vi\u0161e\u00a0 ugovora o izvo\u0111enju javnih radova sa preduze\u0107ima iz drugih gradova, dok su se lokalna preduze\u0107a zanemarivala. D\u017eemail \u00a0to nije dozvolio, poni\u0161tio je sve ugovore i uposlio svoj narod.<\/p>\n<p>Nakon velikih ulaganja u osposobljavanju \u00a0ma\u0161ina \u201eNovogradnje\u201c i JKP-a, krenula je akcija popravljanja i izgradnje infrastrukture u sjeni\u010dkoj op\u0107ini. Za samo dva ljeta,\u00a0izgra\u0111eno je preko 10 km fekalne kanalizacijske mre\u017ee. Izgra\u0111eno je preko 50 km novih seoskih puteva, popravljeni su i rekonstruirani svi postoje\u0107i makadamski putevi na teritoriji sjeni\u010dke op\u0107ine. Zapo\u010deta je izgradnja tranzitnog puta. Sve je to ura\u0111eno bez ikakve pomo\u0107i Vlade i njenih direkcija.<\/p>\n<p>Sve je to postignuto anga\u017eovanjem doma\u0107ih firmi i javnih preduze\u0107a. Nije D\u017eemail nikada za sitne provizije prodavao poslove ljudima iz drugih gradova, kao razni SDA-ovci i SDP-ovci u Sjenici, Novom Pazaru, Tutinu. Njegova logika bila je da sve \u0161to \u010dovjek mo\u017ee sam uraditi, ne treba pla\u0107ati majstora sa strane.<\/p>\n<p><strong>Rad u Parlamentu<\/strong><\/p>\n<p>Na drugim \u00a0parlamentarnim izborima, izabran je za narodnog poslanika ispred zapadno-sand\u017ea\u010dkih op\u0107ina. Ostat \u0107e upam\u0107en po izjavama i debatama u Parlamentu Srbije. Na ozbiljne optu\u017ebe je umio odgovoriti ozbiljno, ali isto tako je znao uzvratiti i na \u201eniske udarce\u201c koje je naj\u010de\u0161\u0107e dobijao od Vojislava \u0160e\u0161elja.<\/p>\n<p><strong>Sumnje u patriotizam nekada\u0161njih kolega<\/strong><\/p>\n<p>Prvu sumnju u patriotizam nekada\u0161njih strana\u010dkih kolega i \u010dlanova tada\u0161njih \u010dlanova BNVS, D\u017eemail Suljevi\u0107 je izrazio davne 1997. godine. Poslije parlamentarnih izbora u Republici Srbiji, Suljevi\u0107 je pregovarao s Nenadom \u010cankom o formiranju zajedni\u010dkog poslani\u010dkog kluba. \u010canak je odbio bilo kakvu saradnju, tvrde\u0107i da su Bo\u0161njaci i SDA Sand\u017eaka Milo\u0161evi\u0107evi igra\u010di. Druga sumnja je uslijedila iste godine, kada su raspisani predsjedni\u010dki izbori u Republici Srbiji, nakon \u0161to su neki opozicioni kandidati nudili da potpi\u0161u Autonomiju Sand\u017eaka u skladu s evropskim standardima, tra\u017ee\u0107i za uzvrat da ih SDA podr\u017ei. Kada je ta ponuda odbijena uz jo\u0161 nekoliko postupaka koji su uslijedili, Suljevi\u0107u je bilo jasno da se radi o trgovini sa sopstvenim narodom i izdaji Sand\u017eaka.<\/p>\n<p><strong>AUTONOMIJA<\/strong><\/p>\n<p>D\u017eemail Suljevi\u0107 ima svoje drugo ime i prezime: Autonomija Sand\u017eaka. Za ideju Autonomije, D\u017eemail se bori od prvih dana politi\u010dkog anga\u017emana. Borio se i kada mu je i\u0161lo za rukom i kada nije. Nikada nije odustao od ideje Autonomije, i u tome je bez ikakve sumnje dosljedan. Autonomija Sand\u017eaka je bila jedan od razloga njegovog razila\u017eenja sa Ugljaninom.<\/p>\n<p><a href=\"https:\/\/sandzakpress.net\/arhiva\/wp-content\/uploads\/2011\/03\/dzemail-suljevic1.jpg\"><img loading=\"lazy\" decoding=\"async\" class=\"alignleft size-full wp-image-13915\" title=\"dzemail suljevic\" src=\"https:\/\/sandzakpress.net\/arhiva\/wp-content\/uploads\/2011\/03\/dzemail-suljevic1.jpg\" alt=\"\" width=\"393\" height=\"579\" \/><\/a><strong>Autonomija je realnost<\/strong><\/p>\n<p>U razgovoru s Evropskim diplomatama, D\u017eemail Suljevi\u0107 je, izu\u010davaju\u0107i i promoviraju\u0107i Autonomiju Sand\u017eaka, dobio potvrde da je ona ne\u0161to \u0161to nas sljeduje po najvi\u0161im evropskim standardima, kao i da nam to pravo ne mogu osporiti ni Srbija ni Crna Gora.<\/p>\n<p>Tako\u0111er, u razgovoru s Evropskim diplomatama, D\u017eemail Suljevi\u0107 je zatra\u017eio da se usvoje rezolucije o za\u0161titi ljudskih prava Bo\u0161njaka u Srbiji. To je bilo kada je Parlamentarna skup\u0161tina Savjeta Evrope donijela rezoluciju o te\u0161kom polo\u017eaju Ma\u0111ara u Vojvodini. Dobio je odgovor da nisu u mogu\u0107nosti praviti bilo kakve programe za\u0161tite Bo\u0161njaka, jer predstavnici Bo\u0161njaka (Ljaji\u0107 i Ugljanin) govore da Bo\u0161njaci imaju sva prava u Srbiji, i da su privilegirani u odnosu na druge narode.<\/p>\n<p><strong>Dana\u0161nja borba za autonomiju<\/strong><\/p>\n<p>\u201eAutonomiju \u0107emo ostvariti u skladu sa Evropskim standardima, \u00a0i to nam niko ne mo\u017ee braniti.\u201c \u2013 \u010desta je izjava D\u017eemaila Suljevi\u0107a. Izborom za predsjednika Odbora za obnovu Narodnog vije\u0107a Sand\u017eaka, D\u017eemail Suljevi\u0107 je u proteklih nekoliko mjeseci intenzivirao aktivnosti u borbi za ostvarenjem vjekovne te\u017enje obespravljenog bo\u0161nja\u010dkog naroda. Kako sam ka\u017ee, ovo je dvadeset i prvi vijek, Sand\u017eak nije ni\u010dija kolonija, Bo\u0161njaci Sand\u017eaka su na svojoj zemlji i \u017eele da \u017eive ravnopravno s drugim narodima, sa svim svojim kulturolo\u0161kim osobenostima. Rje\u0161avanjem statusa Sand\u017eaka i polo\u017eaja bo\u0161nja\u010dkog naroda, ne dovodi se u pitanje suverenitet i integritet nijedne dr\u017eave. Sve evropske dr\u017eave su decentralizirane i regionalizirane u autonomije, kantone i sli\u010dno. Neke ve\u0107 funkcioniraju na federalnim principima i u mnogima se sve vi\u0161e te\u017ei ka federalizaciji.<\/p>\n<p><strong>Krajnji zahtjev<\/strong><\/p>\n<p>\u201eNa\u0161 krajnji zahtjev zavisit \u0107e od kona\u010dnog statusa srpskog naroda u Bosni i Hercegovini. Ako Republika Srpska ostane, onda \u0107emo i mi tra\u017eiti Republiku Sand\u017eak. Naziv Srpska je neodr\u017eiv, posebno ako se zna da je na tom prostoru, prije agresije na BiH, postojalo i \u017eivjelo preko 50% Bo\u0161njaka i drugih. Sand\u017eak je kroz \u010ditavu svoju historiju bio corpus separatum sa svim atributima jednog entiteta. Sand\u017eak je historijska \u010dinjenica i sada\u0161nja realnost jeste da bude autonoman. \u0160to prije, to bolje za sve. Sand\u017eak \u0107e biti autonomija svih njegovih gra\u0111ana, i ne mo\u017ee se zvati Bo\u0161nja\u010dka, jer bi to bilo zaista fa\u0161istoidno i, kao takvo, neodr\u017eivo, kao \u0161to je neodr\u017eiva Republika Srpska, posebno ne srpska stvorena agresijom, genocidom i etni\u010dkim \u010di\u0161\u0107enjem, slobodno se mo\u017ee re\u0107i sramotom svijeta. Sand\u017eak je historijska i evropska regija, Bo\u0161njaci Sand\u017eaka su autohton i evropski narod i imaju pravo na svoj politi\u010dki i nacionalni subjektivitet.\u201c<\/p>\n<p><strong>Progla\u0161enje autonomije<\/strong><\/p>\n<p>Prema D\u017eemailu Suljevi\u0107u, bilo je nekoliko okolnosti i razloga\u00a0 za progla\u0161enje Autonomije Sand\u017eaka:<\/p>\n<p>1.\u00a0 Nakon potpisivanja Dejtonskog sporazuma, kojim je nagra\u0111ena agresija i genocid nad Bo\u0161njacima.<br \/>\n2. Nakon sramne odluke Ha\u0161kog tribunala o osloba\u0111anju od odgovornosti agresora na BiH i izvr\u0161enog genocida.<br \/>\n3. Uo\u010di cijepanja Sand\u017eaka i postavljanja me\u0111a izme\u0111u Srbije i Crne Gore, preko njegove teritorije.<br \/>\n4. Sada kada aktuelni srbijanski re\u017eim doprinosi br\u017eem progla\u0161enju Autonomije Sand\u017eaka.<\/p>\n<p>Autor: <strong>Salahudin Feti\u0107<\/strong><\/p>\n","protected":false},"excerpt":{"rendered":"<p>&#8220;sand\u017eak&#8221; &#8211; Od kako je narod Sand\u017eaka izglasao Autonomiju Sand\u017eaka 25-27. oktobra 1991. godine, nikada nije odustao od te ideje. Nije posustao, a kamoli izdao, kao njegove tada\u0161nje strana\u010dke kolege. Uvijek se borio za narod. Zato je i on danas u safu sand\u017ea\u010dkih gazija, ponosnih sinova Sand\u017eaka koji su svoje \u017eivote ispunili borbom za Sand\u017eak [&hellip;]<\/p>\n","protected":false},"author":83,"featured_media":13917,"comment_status":"open","ping_status":"open","sticky":false,"template":"","format":"standard","meta":{"footnotes":""},"categories":[52],"tags":[],"class_list":{"0":"post-13912","1":"post","2":"type-post","3":"status-publish","4":"format-standard","5":"has-post-thumbnail","7":"category-sjenica"},"yoast_head":"<!-- This site is optimized with the Yoast SEO Premium plugin v23.1 (Yoast SEO v24.9) - https:\/\/yoast.com\/wordpress\/plugins\/seo\/ -->\n<title>Sinonim za autonomiju Sand\u017eaka<\/title>\n<meta name=\"robots\" content=\"index, follow, max-snippet:-1, max-image-preview:large, max-video-preview:-1\" \/>\n<link rel=\"canonical\" href=\"https:\/\/sandzakpress.net\/arhiva\/sinonim-za-autonomiju-sandzaka\/\" \/>\n<meta property=\"og:locale\" content=\"bs_BA\" \/>\n<meta property=\"og:type\" content=\"article\" \/>\n<meta property=\"og:title\" content=\"Sinonim za autonomiju Sand\u017eaka\" \/>\n<meta property=\"og:description\" content=\"&#8220;sand\u017eak&#8221; &#8211; Od kako je narod Sand\u017eaka izglasao Autonomiju Sand\u017eaka 25-27. oktobra 1991. godine, nikada nije odustao od te ideje. Nije posustao, a kamoli izdao, kao njegove tada\u0161nje strana\u010dke kolege. Uvijek se borio za narod. Zato je i on danas u safu sand\u017ea\u010dkih gazija, ponosnih sinova Sand\u017eaka koji su svoje \u017eivote ispunili borbom za Sand\u017eak [&hellip;]\" \/>\n<meta property=\"og:url\" content=\"https:\/\/sandzakpress.net\/arhiva\/sinonim-za-autonomiju-sandzaka\/\" \/>\n<meta property=\"og:site_name\" content=\"Sand\u017eak PRESS\" \/>\n<meta property=\"article:published_time\" content=\"2011-03-16T00:36:49+00:00\" \/>\n<meta property=\"og:image\" content=\"https:\/\/sandzakpress.net\/arhiva\/wp-content\/uploads\/2011\/03\/dzemail-suljevic2.jpg\" \/>\n\t<meta property=\"og:image:width\" content=\"616\" \/>\n\t<meta property=\"og:image:height\" content=\"283\" \/>\n\t<meta property=\"og:image:type\" content=\"image\/jpeg\" \/>\n<meta name=\"author\" content=\"bosniak\" \/>\n<meta name=\"twitter:card\" content=\"summary_large_image\" \/>\n<meta name=\"twitter:label1\" content=\"Written by\" \/>\n\t<meta name=\"twitter:data1\" content=\"bosniak\" \/>\n\t<meta name=\"twitter:label2\" content=\"Est. reading time\" \/>\n\t<meta name=\"twitter:data2\" content=\"7 minuta\" \/>\n<script type=\"application\/ld+json\" class=\"yoast-schema-graph\">{\"@context\":\"https:\/\/schema.org\",\"@graph\":[{\"@type\":\"Article\",\"@id\":\"https:\/\/sandzakpress.net\/arhiva\/sinonim-za-autonomiju-sandzaka\/#article\",\"isPartOf\":{\"@id\":\"https:\/\/sandzakpress.net\/arhiva\/sinonim-za-autonomiju-sandzaka\/\"},\"author\":{\"name\":\"bosniak\",\"@id\":\"https:\/\/sandzakpress.net\/arhiva\/#\/schema\/person\/c8baee722073534b583ea7bdb2e36c02\"},\"headline\":\"Sinonim za autonomiju Sand\u017eaka\",\"datePublished\":\"2011-03-16T00:36:49+00:00\",\"mainEntityOfPage\":{\"@id\":\"https:\/\/sandzakpress.net\/arhiva\/sinonim-za-autonomiju-sandzaka\/\"},\"wordCount\":1471,\"commentCount\":16,\"publisher\":{\"@id\":\"https:\/\/sandzakpress.net\/arhiva\/#\/schema\/person\/6e72b67d6e51910a1117b3b483ba20bd\"},\"image\":{\"@id\":\"https:\/\/sandzakpress.net\/arhiva\/sinonim-za-autonomiju-sandzaka\/#primaryimage\"},\"thumbnailUrl\":\"https:\/\/sandzakpress.net\/arhiva\/wp-content\/uploads\/2011\/03\/dzemail-suljevic2.jpg\",\"articleSection\":[\"Sjenica\"],\"inLanguage\":\"bs-BA\",\"potentialAction\":[{\"@type\":\"CommentAction\",\"name\":\"Comment\",\"target\":[\"https:\/\/sandzakpress.net\/arhiva\/sinonim-za-autonomiju-sandzaka\/#respond\"]}]},{\"@type\":\"WebPage\",\"@id\":\"https:\/\/sandzakpress.net\/arhiva\/sinonim-za-autonomiju-sandzaka\/\",\"url\":\"https:\/\/sandzakpress.net\/arhiva\/sinonim-za-autonomiju-sandzaka\/\",\"name\":\"Sinonim za autonomiju Sand\u017eaka\",\"isPartOf\":{\"@id\":\"https:\/\/sandzakpress.net\/arhiva\/#website\"},\"primaryImageOfPage\":{\"@id\":\"https:\/\/sandzakpress.net\/arhiva\/sinonim-za-autonomiju-sandzaka\/#primaryimage\"},\"image\":{\"@id\":\"https:\/\/sandzakpress.net\/arhiva\/sinonim-za-autonomiju-sandzaka\/#primaryimage\"},\"thumbnailUrl\":\"https:\/\/sandzakpress.net\/arhiva\/wp-content\/uploads\/2011\/03\/dzemail-suljevic2.jpg\",\"datePublished\":\"2011-03-16T00:36:49+00:00\",\"breadcrumb\":{\"@id\":\"https:\/\/sandzakpress.net\/arhiva\/sinonim-za-autonomiju-sandzaka\/#breadcrumb\"},\"inLanguage\":\"bs-BA\",\"potentialAction\":[{\"@type\":\"ReadAction\",\"target\":[\"https:\/\/sandzakpress.net\/arhiva\/sinonim-za-autonomiju-sandzaka\/\"]}]},{\"@type\":\"ImageObject\",\"inLanguage\":\"bs-BA\",\"@id\":\"https:\/\/sandzakpress.net\/arhiva\/sinonim-za-autonomiju-sandzaka\/#primaryimage\",\"url\":\"https:\/\/sandzakpress.net\/arhiva\/wp-content\/uploads\/2011\/03\/dzemail-suljevic2.jpg\",\"contentUrl\":\"https:\/\/sandzakpress.net\/arhiva\/wp-content\/uploads\/2011\/03\/dzemail-suljevic2.jpg\",\"width\":616,\"height\":283},{\"@type\":\"BreadcrumbList\",\"@id\":\"https:\/\/sandzakpress.net\/arhiva\/sinonim-za-autonomiju-sandzaka\/#breadcrumb\",\"itemListElement\":[{\"@type\":\"ListItem\",\"position\":1,\"name\":\"Home\",\"item\":\"https:\/\/sandzakpress.net\/arhiva\/\"},{\"@type\":\"ListItem\",\"position\":2,\"name\":\"Sinonim za autonomiju Sand\u017eaka\"}]},{\"@type\":\"WebSite\",\"@id\":\"https:\/\/sandzakpress.net\/arhiva\/#website\",\"url\":\"https:\/\/sandzakpress.net\/arhiva\/\",\"name\":\"Sand\u017eak PRESS\",\"description\":\"Prve elektronske novine u Sand\u017eaku\",\"publisher\":{\"@id\":\"https:\/\/sandzakpress.net\/arhiva\/#\/schema\/person\/6e72b67d6e51910a1117b3b483ba20bd\"},\"potentialAction\":[{\"@type\":\"SearchAction\",\"target\":{\"@type\":\"EntryPoint\",\"urlTemplate\":\"https:\/\/sandzakpress.net\/arhiva\/?s={search_term_string}\"},\"query-input\":{\"@type\":\"PropertyValueSpecification\",\"valueRequired\":true,\"valueName\":\"search_term_string\"}}],\"inLanguage\":\"bs-BA\"},{\"@type\":[\"Person\",\"Organization\"],\"@id\":\"https:\/\/sandzakpress.net\/arhiva\/#\/schema\/person\/6e72b67d6e51910a1117b3b483ba20bd\",\"name\":\"Kul\",\"image\":{\"@type\":\"ImageObject\",\"inLanguage\":\"bs-BA\",\"@id\":\"https:\/\/sandzakpress.net\/arhiva\/#\/schema\/person\/image\/\",\"url\":\"https:\/\/secure.gravatar.com\/avatar\/42263f39aa27ac04c43cab85c280eb2e?s=96&d=mm&r=pg\",\"contentUrl\":\"https:\/\/secure.gravatar.com\/avatar\/42263f39aa27ac04c43cab85c280eb2e?s=96&d=mm&r=pg\",\"caption\":\"Kul\"},\"logo\":{\"@id\":\"https:\/\/sandzakpress.net\/arhiva\/#\/schema\/person\/image\/\"}},{\"@type\":\"Person\",\"@id\":\"https:\/\/sandzakpress.net\/arhiva\/#\/schema\/person\/c8baee722073534b583ea7bdb2e36c02\",\"name\":\"bosniak\",\"image\":{\"@type\":\"ImageObject\",\"inLanguage\":\"bs-BA\",\"@id\":\"https:\/\/sandzakpress.net\/arhiva\/#\/schema\/person\/image\/\",\"url\":\"https:\/\/secure.gravatar.com\/avatar\/a04fd330bfe3a36a72a0ad4a6d89fca7?s=96&d=mm&r=pg\",\"contentUrl\":\"https:\/\/secure.gravatar.com\/avatar\/a04fd330bfe3a36a72a0ad4a6d89fca7?s=96&d=mm&r=pg\",\"caption\":\"bosniak\"},\"url\":\"https:\/\/sandzakpress.net\/arhiva\/author\/bosniak\/\"}]}<\/script>\n<!-- \/ Yoast SEO Premium plugin. -->","yoast_head_json":{"title":"Sinonim za autonomiju Sand\u017eaka","robots":{"index":"index","follow":"follow","max-snippet":"max-snippet:-1","max-image-preview":"max-image-preview:large","max-video-preview":"max-video-preview:-1"},"canonical":"https:\/\/sandzakpress.net\/arhiva\/sinonim-za-autonomiju-sandzaka\/","og_locale":"bs_BA","og_type":"article","og_title":"Sinonim za autonomiju Sand\u017eaka","og_description":"&#8220;sand\u017eak&#8221; &#8211; Od kako je narod Sand\u017eaka izglasao Autonomiju Sand\u017eaka 25-27. oktobra 1991. godine, nikada nije odustao od te ideje. Nije posustao, a kamoli izdao, kao njegove tada\u0161nje strana\u010dke kolege. Uvijek se borio za narod. Zato je i on danas u safu sand\u017ea\u010dkih gazija, ponosnih sinova Sand\u017eaka koji su svoje \u017eivote ispunili borbom za Sand\u017eak [&hellip;]","og_url":"https:\/\/sandzakpress.net\/arhiva\/sinonim-za-autonomiju-sandzaka\/","og_site_name":"Sand\u017eak PRESS","article_published_time":"2011-03-16T00:36:49+00:00","og_image":[{"width":616,"height":283,"url":"https:\/\/sandzakpress.net\/arhiva\/wp-content\/uploads\/2011\/03\/dzemail-suljevic2.jpg","type":"image\/jpeg"}],"author":"bosniak","twitter_card":"summary_large_image","twitter_misc":{"Written by":"bosniak","Est. reading time":"7 minuta"},"schema":{"@context":"https:\/\/schema.org","@graph":[{"@type":"Article","@id":"https:\/\/sandzakpress.net\/arhiva\/sinonim-za-autonomiju-sandzaka\/#article","isPartOf":{"@id":"https:\/\/sandzakpress.net\/arhiva\/sinonim-za-autonomiju-sandzaka\/"},"author":{"name":"bosniak","@id":"https:\/\/sandzakpress.net\/arhiva\/#\/schema\/person\/c8baee722073534b583ea7bdb2e36c02"},"headline":"Sinonim za autonomiju Sand\u017eaka","datePublished":"2011-03-16T00:36:49+00:00","mainEntityOfPage":{"@id":"https:\/\/sandzakpress.net\/arhiva\/sinonim-za-autonomiju-sandzaka\/"},"wordCount":1471,"commentCount":16,"publisher":{"@id":"https:\/\/sandzakpress.net\/arhiva\/#\/schema\/person\/6e72b67d6e51910a1117b3b483ba20bd"},"image":{"@id":"https:\/\/sandzakpress.net\/arhiva\/sinonim-za-autonomiju-sandzaka\/#primaryimage"},"thumbnailUrl":"https:\/\/sandzakpress.net\/arhiva\/wp-content\/uploads\/2011\/03\/dzemail-suljevic2.jpg","articleSection":["Sjenica"],"inLanguage":"bs-BA","potentialAction":[{"@type":"CommentAction","name":"Comment","target":["https:\/\/sandzakpress.net\/arhiva\/sinonim-za-autonomiju-sandzaka\/#respond"]}]},{"@type":"WebPage","@id":"https:\/\/sandzakpress.net\/arhiva\/sinonim-za-autonomiju-sandzaka\/","url":"https:\/\/sandzakpress.net\/arhiva\/sinonim-za-autonomiju-sandzaka\/","name":"Sinonim za autonomiju Sand\u017eaka","isPartOf":{"@id":"https:\/\/sandzakpress.net\/arhiva\/#website"},"primaryImageOfPage":{"@id":"https:\/\/sandzakpress.net\/arhiva\/sinonim-za-autonomiju-sandzaka\/#primaryimage"},"image":{"@id":"https:\/\/sandzakpress.net\/arhiva\/sinonim-za-autonomiju-sandzaka\/#primaryimage"},"thumbnailUrl":"https:\/\/sandzakpress.net\/arhiva\/wp-content\/uploads\/2011\/03\/dzemail-suljevic2.jpg","datePublished":"2011-03-16T00:36:49+00:00","breadcrumb":{"@id":"https:\/\/sandzakpress.net\/arhiva\/sinonim-za-autonomiju-sandzaka\/#breadcrumb"},"inLanguage":"bs-BA","potentialAction":[{"@type":"ReadAction","target":["https:\/\/sandzakpress.net\/arhiva\/sinonim-za-autonomiju-sandzaka\/"]}]},{"@type":"ImageObject","inLanguage":"bs-BA","@id":"https:\/\/sandzakpress.net\/arhiva\/sinonim-za-autonomiju-sandzaka\/#primaryimage","url":"https:\/\/sandzakpress.net\/arhiva\/wp-content\/uploads\/2011\/03\/dzemail-suljevic2.jpg","contentUrl":"https:\/\/sandzakpress.net\/arhiva\/wp-content\/uploads\/2011\/03\/dzemail-suljevic2.jpg","width":616,"height":283},{"@type":"BreadcrumbList","@id":"https:\/\/sandzakpress.net\/arhiva\/sinonim-za-autonomiju-sandzaka\/#breadcrumb","itemListElement":[{"@type":"ListItem","position":1,"name":"Home","item":"https:\/\/sandzakpress.net\/arhiva\/"},{"@type":"ListItem","position":2,"name":"Sinonim za autonomiju Sand\u017eaka"}]},{"@type":"WebSite","@id":"https:\/\/sandzakpress.net\/arhiva\/#website","url":"https:\/\/sandzakpress.net\/arhiva\/","name":"Sand\u017eak PRESS","description":"Prve elektronske novine u Sand\u017eaku","publisher":{"@id":"https:\/\/sandzakpress.net\/arhiva\/#\/schema\/person\/6e72b67d6e51910a1117b3b483ba20bd"},"potentialAction":[{"@type":"SearchAction","target":{"@type":"EntryPoint","urlTemplate":"https:\/\/sandzakpress.net\/arhiva\/?s={search_term_string}"},"query-input":{"@type":"PropertyValueSpecification","valueRequired":true,"valueName":"search_term_string"}}],"inLanguage":"bs-BA"},{"@type":["Person","Organization"],"@id":"https:\/\/sandzakpress.net\/arhiva\/#\/schema\/person\/6e72b67d6e51910a1117b3b483ba20bd","name":"Kul","image":{"@type":"ImageObject","inLanguage":"bs-BA","@id":"https:\/\/sandzakpress.net\/arhiva\/#\/schema\/person\/image\/","url":"https:\/\/secure.gravatar.com\/avatar\/42263f39aa27ac04c43cab85c280eb2e?s=96&d=mm&r=pg","contentUrl":"https:\/\/secure.gravatar.com\/avatar\/42263f39aa27ac04c43cab85c280eb2e?s=96&d=mm&r=pg","caption":"Kul"},"logo":{"@id":"https:\/\/sandzakpress.net\/arhiva\/#\/schema\/person\/image\/"}},{"@type":"Person","@id":"https:\/\/sandzakpress.net\/arhiva\/#\/schema\/person\/c8baee722073534b583ea7bdb2e36c02","name":"bosniak","image":{"@type":"ImageObject","inLanguage":"bs-BA","@id":"https:\/\/sandzakpress.net\/arhiva\/#\/schema\/person\/image\/","url":"https:\/\/secure.gravatar.com\/avatar\/a04fd330bfe3a36a72a0ad4a6d89fca7?s=96&d=mm&r=pg","contentUrl":"https:\/\/secure.gravatar.com\/avatar\/a04fd330bfe3a36a72a0ad4a6d89fca7?s=96&d=mm&r=pg","caption":"bosniak"},"url":"https:\/\/sandzakpress.net\/arhiva\/author\/bosniak\/"}]}},"_links":{"self":[{"href":"https:\/\/sandzakpress.net\/arhiva\/wp-json\/wp\/v2\/posts\/13912"}],"collection":[{"href":"https:\/\/sandzakpress.net\/arhiva\/wp-json\/wp\/v2\/posts"}],"about":[{"href":"https:\/\/sandzakpress.net\/arhiva\/wp-json\/wp\/v2\/types\/post"}],"author":[{"embeddable":true,"href":"https:\/\/sandzakpress.net\/arhiva\/wp-json\/wp\/v2\/users\/83"}],"replies":[{"embeddable":true,"href":"https:\/\/sandzakpress.net\/arhiva\/wp-json\/wp\/v2\/comments?post=13912"}],"version-history":[{"count":0,"href":"https:\/\/sandzakpress.net\/arhiva\/wp-json\/wp\/v2\/posts\/13912\/revisions"}],"wp:featuredmedia":[{"embeddable":true,"href":"https:\/\/sandzakpress.net\/arhiva\/wp-json\/wp\/v2\/media\/13917"}],"wp:attachment":[{"href":"https:\/\/sandzakpress.net\/arhiva\/wp-json\/wp\/v2\/media?parent=13912"}],"wp:term":[{"taxonomy":"category","embeddable":true,"href":"https:\/\/sandzakpress.net\/arhiva\/wp-json\/wp\/v2\/categories?post=13912"},{"taxonomy":"post_tag","embeddable":true,"href":"https:\/\/sandzakpress.net\/arhiva\/wp-json\/wp\/v2\/tags?post=13912"}],"curies":[{"name":"wp","href":"https:\/\/api.w.org\/{rel}","templated":true}]}}