{"id":138864,"date":"2015-09-29T14:18:38","date_gmt":"2015-09-29T12:18:38","guid":{"rendered":"https:\/\/sandzakpress.net\/arhiva\/dodik-laz-o-zlatu-je-reciklirana-zbog-referenduma"},"modified":"2015-09-29T14:18:38","modified_gmt":"2015-09-29T12:18:38","slug":"dodik-laz-o-zlatu-je-reciklirana-zbog-referenduma","status":"publish","type":"post","link":"https:\/\/sandzakpress.net\/arhiva\/dodik-laz-o-zlatu-je-reciklirana-zbog-referenduma\/","title":{"rendered":"Dodik: La\u017e o zlatu je reciklirana zbog referenduma"},"content":{"rendered":"<p><img decoding=\"async\" src=\"http:\/\/static.ba.n1info.com\/Picture\/31220\/jpeg\/dodik-1.jpg\" alt=\"Dodik: La\u017e o zlatu je reciklirana zbog referenduma\" \/><\/p>\n<p><strong>Banja Luka \u2013 Predsjednik RS, Milorad Dodik, ocijenio je da se od ranije poznata la\u017e da je kao mito primio kilogram zlata sada \u201creciklira\u201d zbog referenduma o Sudu i Tu\u017eila\u0161tvu BiH, navode\u0107i da je spreman da prihvati da ove institucije taj slu\u010daj \u201cdovedu do kraja\u201d i time doka\u017ee da razlog njegove referendumske inicijative nije li\u010dna za\u0161tita.<\/strong><\/p>\n<p>\u201cVeoma je te\u0161ko uporno odgovarati na reciklirane la\u017ei koje se pojavljuju. Ista la\u017e je bila prisutna prije godinu i ne\u0161to dana, tada je to plasirano od drugog \u010dovjeka, gospodina Mladena Bosi\u0107a\u201d, podsjetio je Dodik.<\/p>\n<p>On je u izjavi novinarima u Kostajnici napomenuo da su sve te tvrdnje i tada demantovali svi koji su spomenuti u tom slu\u010daju, ali da se ista la\u017e sada \u201creciklira\u201d u trenutku kada se vode aktivnosti u vezi sa referendumom o pravosu\u0111u BiH.<\/p>\n<p>\u201cJa ne podr\u017eavam Tu\u017eila\u0161tvo i Sud BiH, oni su politi\u010dki motivisani i nepravno postavljeni, ali u ovom slu\u010daju sam spreman da prihvatim da oni dovedu stvari do kraja i to ne\u0107u osporavati i u\u010destvova\u0107u u tome da im izbijem tu vrstu pri\u010de\u201d, rekao je Dodik.<\/p>\n<p>On je ocijenio da je sva ta pri\u010da o kilogramu zlata potpuno degutantna.<\/p>\n<p>\u201cNiti ima vrijeme kada se desilo niti mjesto, niti ko je bio prisutan, ni\u0161ta, samo ima kleveta koja o\u010digledno zaokuplja javnost, ali \u0161ta da radimo, u takvim vremenima \u017eivimo\u201d, istakao je Dodik i dodao da je ponosan na RS \u0161to ima takav demokratski ambijent, bez obzira koliko on bio za mnoge optere\u0107uju\u0107i.<\/p>\n<p>On je ocijenio da je nevjerovatno da ministar bezbjednosti BiH Dragan Mekti\u0107, koji je u proceduralnom smislu ikebana kada je rije\u010d o nadle\u017enostima jer ima samo ulogu koordinatora, izlazi na konferenciju za novinare i govori o tome.<\/p>\n<p>\u201cBilo je logi\u010dno da to uradi tu\u017eilac ili neko iz policije, a ne on\u2026 Ali, to govori o politi\u010dkoj motivisanosti, jer je trebala sna\u017ena interpretacija svemu tome\u201d, naglasio je Dodik.<\/p>\n<p>On je napomenuo da opozicione stranke iz ovog entiteta ve\u0107 gotovo godinu dana \u201csjede u vlasti na nivou BiH\u201d i govore za Sud i Tu\u017eila\u0161tvo BiH, te SIPA-u kako su to \u201cnjihovi organi\u201d.<\/p>\n<p>\u201cU redu, ali to nisu na\u0161i organi, to je BiH, a zna se \u0161ta ja mislim o BiH\u2026 Ali ako se na\u0161ao jedan broj Srba koji brane i \u017eele da ja\u010daju institucije na nivou BiH mimo procedura i pravila, s tim \u0107emo se suo\u010diti\u201d, isti\u010de Dodik.<\/p>\n<p>On je naglasio da nema razloga \u201cda ne hoda uzdignutog \u010dela\u201d, te da \u0107e se na kraju tog procesa u vezi sa navodnim mitom u vidu zlata pokazati da je to neistina.<\/p>\n<p>\u201cMe\u0111utim, istine ovdje malo koga interesuju, a neistine interesuju. Tako je bilo i u vezi sa zgradom Vlade kad su govorili o kriminalu, a kada je do\u0161lo do odustajanja od istrage jer nema dokaza onda to niko nije objavio. Samo se objavi ono \u0161to je prljavo i la\u017eno\u201d, rekao je Dodik.<\/p>\n<p>Podsjetiv\u0161i da je sli\u010dna \u201cgalama\u201d bila i kada se gradio autoput, koji sada niko i ne spominje, Dodik je rekao da se uvijek izmi\u0161lja neka nova pri\u010da ili \u201creciklirana\u201d stara koja treba da zaokupi novinare i javnost, apeluju\u0107i na medije da vode ra\u010duna o istinama, a ne samo o klevetama.<\/p>\n<p>\u201cNaprosto moramo da promijenimo diskurs, ne zbog mene, ili zbog ljudi koji se bave politikom \u2013 oni i treba da budu predmet upita javnosti, ve\u0107 zbog ovog naroda\u201d, istakao je Dodik.<\/p>\n<p>On je dodao da razumije da je medijima va\u017eno da imaju tu vrstu pri\u010da zbog gledanosti ili \u010ditanosti, ali da to \u201czaga\u0111uje javnu scenu\u201d.<\/p>\n<p>\u201cNije Republika Srpska po tome specifi\u010dna, to se de\u0161ava i u drugim dru\u0161tvima, ali mi, kao ovako specifi\u010dno dru\u0161tvo, moramo da se odbranimo, a na\u0161a odbrana je jedino istina, a ne spekulanti raznih vrsta\u201d, poru\u010dio je Dodik.<\/p>\n<p>(n1)<\/p>\n<p>Pogledajte vijest na izvornom sajtu:<\/p>\n<p><a href=\"http:\/\/bosnapress.net\/dodik-laz-o-zlatu-je-reciklirana-zbog-referenduma\/\" target=\"_blank\">Dodik: La\u017e o zlatu je reciklirana zbog referenduma<\/a><\/p>\n","protected":false},"excerpt":{"rendered":"<p>Banja Luka \u2013 Predsjednik RS, Milorad Dodik, ocijenio je da se od ranije poznata la\u017e da je kao mito primio kilogram zlata sada \u201creciklira\u201d zbog referenduma o Sudu i Tu\u017eila\u0161tvu BiH, navode\u0107i da je spreman da prihvati da ove institucije taj slu\u010daj \u201cdovedu do kraja\u201d i time doka\u017ee da razlog njegove referendumske inicijative nije li\u010dna [&hellip;]<\/p>\n","protected":false},"author":83,"featured_media":138866,"comment_status":"open","ping_status":"open","sticky":false,"template":"","format":"standard","meta":{"footnotes":""},"categories":[10513],"tags":[10466],"class_list":{"0":"post-138864","1":"post","2":"type-post","3":"status-publish","4":"format-standard","5":"has-post-thumbnail","7":"category-bosna-press","8":"tag-bosna-i-hercegovina"},"yoast_head":"<!-- This site is optimized with the Yoast SEO Premium plugin v23.1 (Yoast SEO v24.9) - https:\/\/yoast.com\/wordpress\/plugins\/seo\/ -->\n<title>Dodik: La\u017e o zlatu je reciklirana zbog referenduma<\/title>\n<meta name=\"robots\" content=\"index, follow, max-snippet:-1, max-image-preview:large, max-video-preview:-1\" \/>\n<link rel=\"canonical\" href=\"https:\/\/sandzakpress.net\/arhiva\/dodik-laz-o-zlatu-je-reciklirana-zbog-referenduma\/\" \/>\n<meta property=\"og:locale\" content=\"bs_BA\" \/>\n<meta property=\"og:type\" content=\"article\" \/>\n<meta property=\"og:title\" content=\"Dodik: La\u017e o zlatu je reciklirana zbog referenduma\" \/>\n<meta property=\"og:description\" content=\"Banja Luka \u2013 Predsjednik RS, Milorad Dodik, ocijenio je da se od ranije poznata la\u017e da je kao mito primio kilogram zlata sada \u201creciklira\u201d zbog referenduma o Sudu i Tu\u017eila\u0161tvu BiH, navode\u0107i da je spreman da prihvati da ove institucije taj slu\u010daj \u201cdovedu do kraja\u201d i time doka\u017ee da razlog njegove referendumske inicijative nije li\u010dna [&hellip;]\" \/>\n<meta property=\"og:url\" content=\"https:\/\/sandzakpress.net\/arhiva\/dodik-laz-o-zlatu-je-reciklirana-zbog-referenduma\/\" \/>\n<meta property=\"og:site_name\" content=\"Sand\u017eak PRESS\" \/>\n<meta property=\"article:published_time\" content=\"2015-09-29T12:18:38+00:00\" \/>\n<meta property=\"og:image\" content=\"https:\/\/sandzakpress.net\/arhiva\/wp-content\/uploads\/2015\/09\/dodik-11.jpg\" \/>\n\t<meta property=\"og:image:width\" content=\"940\" \/>\n\t<meta property=\"og:image:height\" content=\"528\" \/>\n\t<meta property=\"og:image:type\" content=\"image\/jpeg\" \/>\n<meta name=\"author\" content=\"bosniak\" \/>\n<meta name=\"twitter:card\" content=\"summary_large_image\" \/>\n<meta name=\"twitter:label1\" content=\"Written by\" \/>\n\t<meta name=\"twitter:data1\" content=\"bosniak\" \/>\n\t<meta name=\"twitter:label2\" content=\"Est. reading time\" \/>\n\t<meta name=\"twitter:data2\" content=\"3 minute\" \/>\n<script type=\"application\/ld+json\" class=\"yoast-schema-graph\">{\"@context\":\"https:\/\/schema.org\",\"@graph\":[{\"@type\":\"Article\",\"@id\":\"https:\/\/sandzakpress.net\/arhiva\/dodik-laz-o-zlatu-je-reciklirana-zbog-referenduma\/#article\",\"isPartOf\":{\"@id\":\"https:\/\/sandzakpress.net\/arhiva\/dodik-laz-o-zlatu-je-reciklirana-zbog-referenduma\/\"},\"author\":{\"name\":\"bosniak\",\"@id\":\"https:\/\/sandzakpress.net\/arhiva\/#\/schema\/person\/c8baee722073534b583ea7bdb2e36c02\"},\"headline\":\"Dodik: La\u017e o zlatu je reciklirana zbog referenduma\",\"datePublished\":\"2015-09-29T12:18:38+00:00\",\"mainEntityOfPage\":{\"@id\":\"https:\/\/sandzakpress.net\/arhiva\/dodik-laz-o-zlatu-je-reciklirana-zbog-referenduma\/\"},\"wordCount\":692,\"commentCount\":0,\"publisher\":{\"@id\":\"https:\/\/sandzakpress.net\/arhiva\/#\/schema\/person\/6e72b67d6e51910a1117b3b483ba20bd\"},\"image\":{\"@id\":\"https:\/\/sandzakpress.net\/arhiva\/dodik-laz-o-zlatu-je-reciklirana-zbog-referenduma\/#primaryimage\"},\"thumbnailUrl\":\"https:\/\/sandzakpress.net\/arhiva\/wp-content\/uploads\/2015\/09\/dodik-11.jpg\",\"keywords\":[\"Bosna i Hercegovina\"],\"articleSection\":[\"Bosna PRESS\"],\"inLanguage\":\"bs-BA\",\"potentialAction\":[{\"@type\":\"CommentAction\",\"name\":\"Comment\",\"target\":[\"https:\/\/sandzakpress.net\/arhiva\/dodik-laz-o-zlatu-je-reciklirana-zbog-referenduma\/#respond\"]}]},{\"@type\":\"WebPage\",\"@id\":\"https:\/\/sandzakpress.net\/arhiva\/dodik-laz-o-zlatu-je-reciklirana-zbog-referenduma\/\",\"url\":\"https:\/\/sandzakpress.net\/arhiva\/dodik-laz-o-zlatu-je-reciklirana-zbog-referenduma\/\",\"name\":\"Dodik: La\u017e o zlatu je reciklirana zbog referenduma\",\"isPartOf\":{\"@id\":\"https:\/\/sandzakpress.net\/arhiva\/#website\"},\"primaryImageOfPage\":{\"@id\":\"https:\/\/sandzakpress.net\/arhiva\/dodik-laz-o-zlatu-je-reciklirana-zbog-referenduma\/#primaryimage\"},\"image\":{\"@id\":\"https:\/\/sandzakpress.net\/arhiva\/dodik-laz-o-zlatu-je-reciklirana-zbog-referenduma\/#primaryimage\"},\"thumbnailUrl\":\"https:\/\/sandzakpress.net\/arhiva\/wp-content\/uploads\/2015\/09\/dodik-11.jpg\",\"datePublished\":\"2015-09-29T12:18:38+00:00\",\"breadcrumb\":{\"@id\":\"https:\/\/sandzakpress.net\/arhiva\/dodik-laz-o-zlatu-je-reciklirana-zbog-referenduma\/#breadcrumb\"},\"inLanguage\":\"bs-BA\",\"potentialAction\":[{\"@type\":\"ReadAction\",\"target\":[\"https:\/\/sandzakpress.net\/arhiva\/dodik-laz-o-zlatu-je-reciklirana-zbog-referenduma\/\"]}]},{\"@type\":\"ImageObject\",\"inLanguage\":\"bs-BA\",\"@id\":\"https:\/\/sandzakpress.net\/arhiva\/dodik-laz-o-zlatu-je-reciklirana-zbog-referenduma\/#primaryimage\",\"url\":\"https:\/\/sandzakpress.net\/arhiva\/wp-content\/uploads\/2015\/09\/dodik-11.jpg\",\"contentUrl\":\"https:\/\/sandzakpress.net\/arhiva\/wp-content\/uploads\/2015\/09\/dodik-11.jpg\",\"width\":940,\"height\":528},{\"@type\":\"BreadcrumbList\",\"@id\":\"https:\/\/sandzakpress.net\/arhiva\/dodik-laz-o-zlatu-je-reciklirana-zbog-referenduma\/#breadcrumb\",\"itemListElement\":[{\"@type\":\"ListItem\",\"position\":1,\"name\":\"Home\",\"item\":\"https:\/\/sandzakpress.net\/arhiva\/\"},{\"@type\":\"ListItem\",\"position\":2,\"name\":\"Dodik: La\u017e o zlatu je reciklirana zbog referenduma\"}]},{\"@type\":\"WebSite\",\"@id\":\"https:\/\/sandzakpress.net\/arhiva\/#website\",\"url\":\"https:\/\/sandzakpress.net\/arhiva\/\",\"name\":\"Sand\u017eak PRESS\",\"description\":\"Prve elektronske novine u Sand\u017eaku\",\"publisher\":{\"@id\":\"https:\/\/sandzakpress.net\/arhiva\/#\/schema\/person\/6e72b67d6e51910a1117b3b483ba20bd\"},\"potentialAction\":[{\"@type\":\"SearchAction\",\"target\":{\"@type\":\"EntryPoint\",\"urlTemplate\":\"https:\/\/sandzakpress.net\/arhiva\/?s={search_term_string}\"},\"query-input\":{\"@type\":\"PropertyValueSpecification\",\"valueRequired\":true,\"valueName\":\"search_term_string\"}}],\"inLanguage\":\"bs-BA\"},{\"@type\":[\"Person\",\"Organization\"],\"@id\":\"https:\/\/sandzakpress.net\/arhiva\/#\/schema\/person\/6e72b67d6e51910a1117b3b483ba20bd\",\"name\":\"Kul\",\"image\":{\"@type\":\"ImageObject\",\"inLanguage\":\"bs-BA\",\"@id\":\"https:\/\/sandzakpress.net\/arhiva\/#\/schema\/person\/image\/\",\"url\":\"https:\/\/secure.gravatar.com\/avatar\/42263f39aa27ac04c43cab85c280eb2e?s=96&d=mm&r=pg\",\"contentUrl\":\"https:\/\/secure.gravatar.com\/avatar\/42263f39aa27ac04c43cab85c280eb2e?s=96&d=mm&r=pg\",\"caption\":\"Kul\"},\"logo\":{\"@id\":\"https:\/\/sandzakpress.net\/arhiva\/#\/schema\/person\/image\/\"}},{\"@type\":\"Person\",\"@id\":\"https:\/\/sandzakpress.net\/arhiva\/#\/schema\/person\/c8baee722073534b583ea7bdb2e36c02\",\"name\":\"bosniak\",\"image\":{\"@type\":\"ImageObject\",\"inLanguage\":\"bs-BA\",\"@id\":\"https:\/\/sandzakpress.net\/arhiva\/#\/schema\/person\/image\/\",\"url\":\"https:\/\/secure.gravatar.com\/avatar\/a04fd330bfe3a36a72a0ad4a6d89fca7?s=96&d=mm&r=pg\",\"contentUrl\":\"https:\/\/secure.gravatar.com\/avatar\/a04fd330bfe3a36a72a0ad4a6d89fca7?s=96&d=mm&r=pg\",\"caption\":\"bosniak\"},\"url\":\"https:\/\/sandzakpress.net\/arhiva\/author\/bosniak\/\"}]}<\/script>\n<!-- \/ Yoast SEO Premium plugin. -->","yoast_head_json":{"title":"Dodik: La\u017e o zlatu je reciklirana zbog referenduma","robots":{"index":"index","follow":"follow","max-snippet":"max-snippet:-1","max-image-preview":"max-image-preview:large","max-video-preview":"max-video-preview:-1"},"canonical":"https:\/\/sandzakpress.net\/arhiva\/dodik-laz-o-zlatu-je-reciklirana-zbog-referenduma\/","og_locale":"bs_BA","og_type":"article","og_title":"Dodik: La\u017e o zlatu je reciklirana zbog referenduma","og_description":"Banja Luka \u2013 Predsjednik RS, Milorad Dodik, ocijenio je da se od ranije poznata la\u017e da je kao mito primio kilogram zlata sada \u201creciklira\u201d zbog referenduma o Sudu i Tu\u017eila\u0161tvu BiH, navode\u0107i da je spreman da prihvati da ove institucije taj slu\u010daj \u201cdovedu do kraja\u201d i time doka\u017ee da razlog njegove referendumske inicijative nije li\u010dna [&hellip;]","og_url":"https:\/\/sandzakpress.net\/arhiva\/dodik-laz-o-zlatu-je-reciklirana-zbog-referenduma\/","og_site_name":"Sand\u017eak PRESS","article_published_time":"2015-09-29T12:18:38+00:00","og_image":[{"width":940,"height":528,"url":"https:\/\/sandzakpress.net\/arhiva\/wp-content\/uploads\/2015\/09\/dodik-11.jpg","type":"image\/jpeg"}],"author":"bosniak","twitter_card":"summary_large_image","twitter_misc":{"Written by":"bosniak","Est. reading time":"3 minute"},"schema":{"@context":"https:\/\/schema.org","@graph":[{"@type":"Article","@id":"https:\/\/sandzakpress.net\/arhiva\/dodik-laz-o-zlatu-je-reciklirana-zbog-referenduma\/#article","isPartOf":{"@id":"https:\/\/sandzakpress.net\/arhiva\/dodik-laz-o-zlatu-je-reciklirana-zbog-referenduma\/"},"author":{"name":"bosniak","@id":"https:\/\/sandzakpress.net\/arhiva\/#\/schema\/person\/c8baee722073534b583ea7bdb2e36c02"},"headline":"Dodik: La\u017e o zlatu je reciklirana zbog referenduma","datePublished":"2015-09-29T12:18:38+00:00","mainEntityOfPage":{"@id":"https:\/\/sandzakpress.net\/arhiva\/dodik-laz-o-zlatu-je-reciklirana-zbog-referenduma\/"},"wordCount":692,"commentCount":0,"publisher":{"@id":"https:\/\/sandzakpress.net\/arhiva\/#\/schema\/person\/6e72b67d6e51910a1117b3b483ba20bd"},"image":{"@id":"https:\/\/sandzakpress.net\/arhiva\/dodik-laz-o-zlatu-je-reciklirana-zbog-referenduma\/#primaryimage"},"thumbnailUrl":"https:\/\/sandzakpress.net\/arhiva\/wp-content\/uploads\/2015\/09\/dodik-11.jpg","keywords":["Bosna i Hercegovina"],"articleSection":["Bosna PRESS"],"inLanguage":"bs-BA","potentialAction":[{"@type":"CommentAction","name":"Comment","target":["https:\/\/sandzakpress.net\/arhiva\/dodik-laz-o-zlatu-je-reciklirana-zbog-referenduma\/#respond"]}]},{"@type":"WebPage","@id":"https:\/\/sandzakpress.net\/arhiva\/dodik-laz-o-zlatu-je-reciklirana-zbog-referenduma\/","url":"https:\/\/sandzakpress.net\/arhiva\/dodik-laz-o-zlatu-je-reciklirana-zbog-referenduma\/","name":"Dodik: La\u017e o zlatu je reciklirana zbog referenduma","isPartOf":{"@id":"https:\/\/sandzakpress.net\/arhiva\/#website"},"primaryImageOfPage":{"@id":"https:\/\/sandzakpress.net\/arhiva\/dodik-laz-o-zlatu-je-reciklirana-zbog-referenduma\/#primaryimage"},"image":{"@id":"https:\/\/sandzakpress.net\/arhiva\/dodik-laz-o-zlatu-je-reciklirana-zbog-referenduma\/#primaryimage"},"thumbnailUrl":"https:\/\/sandzakpress.net\/arhiva\/wp-content\/uploads\/2015\/09\/dodik-11.jpg","datePublished":"2015-09-29T12:18:38+00:00","breadcrumb":{"@id":"https:\/\/sandzakpress.net\/arhiva\/dodik-laz-o-zlatu-je-reciklirana-zbog-referenduma\/#breadcrumb"},"inLanguage":"bs-BA","potentialAction":[{"@type":"ReadAction","target":["https:\/\/sandzakpress.net\/arhiva\/dodik-laz-o-zlatu-je-reciklirana-zbog-referenduma\/"]}]},{"@type":"ImageObject","inLanguage":"bs-BA","@id":"https:\/\/sandzakpress.net\/arhiva\/dodik-laz-o-zlatu-je-reciklirana-zbog-referenduma\/#primaryimage","url":"https:\/\/sandzakpress.net\/arhiva\/wp-content\/uploads\/2015\/09\/dodik-11.jpg","contentUrl":"https:\/\/sandzakpress.net\/arhiva\/wp-content\/uploads\/2015\/09\/dodik-11.jpg","width":940,"height":528},{"@type":"BreadcrumbList","@id":"https:\/\/sandzakpress.net\/arhiva\/dodik-laz-o-zlatu-je-reciklirana-zbog-referenduma\/#breadcrumb","itemListElement":[{"@type":"ListItem","position":1,"name":"Home","item":"https:\/\/sandzakpress.net\/arhiva\/"},{"@type":"ListItem","position":2,"name":"Dodik: La\u017e o zlatu je reciklirana zbog referenduma"}]},{"@type":"WebSite","@id":"https:\/\/sandzakpress.net\/arhiva\/#website","url":"https:\/\/sandzakpress.net\/arhiva\/","name":"Sand\u017eak PRESS","description":"Prve elektronske novine u Sand\u017eaku","publisher":{"@id":"https:\/\/sandzakpress.net\/arhiva\/#\/schema\/person\/6e72b67d6e51910a1117b3b483ba20bd"},"potentialAction":[{"@type":"SearchAction","target":{"@type":"EntryPoint","urlTemplate":"https:\/\/sandzakpress.net\/arhiva\/?s={search_term_string}"},"query-input":{"@type":"PropertyValueSpecification","valueRequired":true,"valueName":"search_term_string"}}],"inLanguage":"bs-BA"},{"@type":["Person","Organization"],"@id":"https:\/\/sandzakpress.net\/arhiva\/#\/schema\/person\/6e72b67d6e51910a1117b3b483ba20bd","name":"Kul","image":{"@type":"ImageObject","inLanguage":"bs-BA","@id":"https:\/\/sandzakpress.net\/arhiva\/#\/schema\/person\/image\/","url":"https:\/\/secure.gravatar.com\/avatar\/42263f39aa27ac04c43cab85c280eb2e?s=96&d=mm&r=pg","contentUrl":"https:\/\/secure.gravatar.com\/avatar\/42263f39aa27ac04c43cab85c280eb2e?s=96&d=mm&r=pg","caption":"Kul"},"logo":{"@id":"https:\/\/sandzakpress.net\/arhiva\/#\/schema\/person\/image\/"}},{"@type":"Person","@id":"https:\/\/sandzakpress.net\/arhiva\/#\/schema\/person\/c8baee722073534b583ea7bdb2e36c02","name":"bosniak","image":{"@type":"ImageObject","inLanguage":"bs-BA","@id":"https:\/\/sandzakpress.net\/arhiva\/#\/schema\/person\/image\/","url":"https:\/\/secure.gravatar.com\/avatar\/a04fd330bfe3a36a72a0ad4a6d89fca7?s=96&d=mm&r=pg","contentUrl":"https:\/\/secure.gravatar.com\/avatar\/a04fd330bfe3a36a72a0ad4a6d89fca7?s=96&d=mm&r=pg","caption":"bosniak"},"url":"https:\/\/sandzakpress.net\/arhiva\/author\/bosniak\/"}]}},"_links":{"self":[{"href":"https:\/\/sandzakpress.net\/arhiva\/wp-json\/wp\/v2\/posts\/138864"}],"collection":[{"href":"https:\/\/sandzakpress.net\/arhiva\/wp-json\/wp\/v2\/posts"}],"about":[{"href":"https:\/\/sandzakpress.net\/arhiva\/wp-json\/wp\/v2\/types\/post"}],"author":[{"embeddable":true,"href":"https:\/\/sandzakpress.net\/arhiva\/wp-json\/wp\/v2\/users\/83"}],"replies":[{"embeddable":true,"href":"https:\/\/sandzakpress.net\/arhiva\/wp-json\/wp\/v2\/comments?post=138864"}],"version-history":[{"count":0,"href":"https:\/\/sandzakpress.net\/arhiva\/wp-json\/wp\/v2\/posts\/138864\/revisions"}],"wp:featuredmedia":[{"embeddable":true,"href":"https:\/\/sandzakpress.net\/arhiva\/wp-json\/wp\/v2\/media\/138866"}],"wp:attachment":[{"href":"https:\/\/sandzakpress.net\/arhiva\/wp-json\/wp\/v2\/media?parent=138864"}],"wp:term":[{"taxonomy":"category","embeddable":true,"href":"https:\/\/sandzakpress.net\/arhiva\/wp-json\/wp\/v2\/categories?post=138864"},{"taxonomy":"post_tag","embeddable":true,"href":"https:\/\/sandzakpress.net\/arhiva\/wp-json\/wp\/v2\/tags?post=138864"}],"curies":[{"name":"wp","href":"https:\/\/api.w.org\/{rel}","templated":true}]}}