{"id":138855,"date":"2015-09-29T15:39:19","date_gmt":"2015-09-29T13:39:19","guid":{"rendered":"https:\/\/sandzakpress.net\/arhiva\/?p=138855"},"modified":"2015-09-29T15:39:19","modified_gmt":"2015-09-29T13:39:19","slug":"muslimani-sandzaka-zrtve-polupismenog-novinarstva","status":"publish","type":"post","link":"https:\/\/sandzakpress.net\/arhiva\/muslimani-sandzaka-zrtve-polupismenog-novinarstva\/","title":{"rendered":"Muslimani Sand\u017eaka \u017ertve polupismenog novinarstva"},"content":{"rendered":"<p><img loading=\"lazy\" decoding=\"async\" class=\"aligncenter size-full wp-image-138856\" src=\"https:\/\/sandzakpress.net\/arhiva\/wp-content\/uploads\/2015\/09\/1111.jpg\" alt=\"111\" width=\"766\" height=\"766\" srcset=\"https:\/\/sandzakpress.net\/arhiva\/wp-content\/uploads\/2015\/09\/1111.jpg 766w, https:\/\/sandzakpress.net\/arhiva\/wp-content\/uploads\/2015\/09\/1111-150x150.jpg 150w, https:\/\/sandzakpress.net\/arhiva\/wp-content\/uploads\/2015\/09\/1111-616x616.jpg 616w, https:\/\/sandzakpress.net\/arhiva\/wp-content\/uploads\/2015\/09\/1111-90x90.jpg 90w, https:\/\/sandzakpress.net\/arhiva\/wp-content\/uploads\/2015\/09\/1111-380x380.jpg 380w, https:\/\/sandzakpress.net\/arhiva\/wp-content\/uploads\/2015\/09\/1111-125x125.jpg 125w\" sizes=\"(max-width: 766px) 100vw, 766px\" \/>Medijsko i\u017eivljavanje nad na\u0161im narodom postaje ustaljena praksa svakog polupismenog zlonamjernog\u00a0 novinara u Srbiji. Na\u0161e \u0107utanje, na\u0161e prihva\u0107anje podmuklih fa\u0161isti\u010dkih tekstova je jednom tinjaju\u0107em zlu dalo potreban legalitet da napreduje i pre\u0111e sve granice humanosti, etike i profesionalizma. Li\u010dno u mentalitetu muslimana Srbije se desilo ono najgore. Mi smo se jednostavno navikli na tekstove tipa <em>Tra\u017ee dr\u017eavu u Sand\u017eaku, Sprema se haos u Pazaru ako izru\u010de Ori\u0107a? Stotinu ljudi be\u017ei iz ovog srpskog grada, Navija\u010di iz Sand\u017eaka Vu\u010di\u0107u prete smr\u0107u <\/em>i mnoge druge\u00a0 fantasti\u010dne pri\u010de iz bolesnih novinarskih umova Srbije. Mi smo navikli da nas mrze! A to je za na\u0161u bezbednu budu\u0107nost veoma opasno. Kada su za vrijeme poplava Pazarci po ko zna koji put pokazali svoju dobrotu, i kada su bili me\u0111u prvima koji su pomogli o tome se u medijima minimalno izve\u0161tavalo. Kada je za RTS izjavio Mersid Duranovi\u0107: &#8220;Do\u0161ao sam da dam jednu moju penziju. Penzija mi je osam hiljada. Od\u00a0srca je dajem ugro\u017eenom narodu Srbije.&#8221;, to je bilo samo na sajtu RTS-a. Nikad se o takvim primjerima nije izve\u0161tavano. Mi smo za srpke medije, vehabije, ubice, faktori rizika, faktori nestabilnosti i huligani. To je Pazarac koji se prikazuje ostaloj Srbiji, ostalom svijetu. Sje\u0107ate se zemljotresa u Kraljevu? Me\u0111u svim op\u0161tinama, najve\u0107u pomo\u0107 je pru\u017eila Pazarska op\u0161tina kroz sve svoje institucije. Ali ne, i o tome se \u0161uti. Novi Pazar \u010dak nije ni dostojan da bude prikazan na mapi vremenske prognoze.<\/p>\n<p>Neodgovorno pona\u0161anje na\u0161ih predstavnika dodatno gnoji fa\u0161isti\u010dko novinarstvo. Na\u0161i lideri \u0107ute ukoliko o njemu li\u010dno izvje\u0161tavaju dobro. Ba\u0161 njega briga \u0161ta pi\u0161u o gradu koji vodi ili narodu koji predstavlja. \u00a0Sti\u010de se utisak kao da smo obi\u010dna strvina ba\u010dena pred krvolo\u010dne novinare pune \u017eudnje za nekim novim devedesetim. Jo\u0161 gora je na\u0161a reakcija, kada pristanemo da tre\u0107inu na\u0161ih sugra\u0111ana proglase paravojnom vojskom, ili drugu tre\u0107inu bolesnim borcima za parazitsku autonomiju. Po ovom pitanju moramo biti ujedinjeni i o\u0161tro osuditi svaki napad, <strong>jer to nije napad protiv politi\u010dke opcije koju biramo, to je varvarski \u010din protiv vjere i naroda kojem pripadamo.<\/strong><\/p>\n<p>Cilj zlonamjernih medija nikada nije mali. Ne \u017eele oni samo da nam okrnje ugled, ne \u017eele oni \u010dak ni da nas provociraju. Njihov jedini cilj je opstanak mr\u017enje i nevjerice prema bo\u0161nja\u010dkim muslimanima u Sand\u017eaku. Njihova jedina \u017eelja, mo\u017eda trenutno fantasti\u010dna ali ipak ambiciozna jeste prizivanje nekih novih genocida. Mi ne smijemo spavati i nijemo gledati njihove napade mi moramo na vrijeme reagirati. Zar ne vidite da ne smijemo podi\u0107i jedan prst pred kamerama, prst koji simbolizira Bo\u017eije jedinstvo. Oni dobro znaju da jedan prst kod muslimana zna\u010di Bo\u017eije jedinstvo, ali ne,\u00a0 to nije ni\u0161ta manje nego prijetnja dr\u017eavi.<\/p>\n<p>Gotovo ve\u0107ina printanih medija po\u010dev od <em>Kurira, Telegrafa, Blica<\/em> i bezbroj elektsonskih izve\u0161tava na diskriminiraju\u0107i na\u010din o Bo\u0161njacima i Sand\u017eaku. \u00a0To ne treba zanemarivati i zaboravljati. Ipak \u017ertve ovakve propagande su nemarni i slabi. A mi nismo nemarni i slabi. U vezi sa tim. Napravit \u0107emo bazu podataka u saradnji sa na\u0161im novinarima i svim \u010ditaocima gdje \u0107emo sakupljati sve diskriminiraju\u0107e tekstove i javne govore mr\u017enje protiv Bo\u0161njaka od strane medija. Zamolio bih sve Bo\u0161njake da jednostavne uvredljive tekstove na ra\u010dun bo\u0161nja\u010dkih muslimana fotografi\u0161u sa datumom objave i po\u0161alju na mail <a href=\"mailto:stopmedijskojdiskriminaciji@hotmail.com\"><em>stopmedijskojdiskriminaciji@hotmail.com<\/em><\/a><em> . <\/em>Svi zajedno \u0107emo biti ti koji pamte i sakupljaju, u budu\u0107em periodu bi\u0107e organizirana izlo\u017eba svih fotografija sa temom <em>Mediji koji mrze<\/em>. Poka\u017eimo im tako da mi ne spavamo i da ih pratimo. Naravno ovo je minimalno, pozivam Bo\u0161nja\u010dko nacionalno vije\u0107e da reagira, predstavnike pozicije i opozicije. Ako ste se prihvatili naroda onda budite odgovorni prema njemu. Znajte, ova medijska mr\u017enja nije za ignoriranje. Propaganda mr\u017enje je vjesnik genocida.<\/p>\n<p style=\"text-align: left;\"><strong><em>Autor: \u00a0Haris Ibrahimovi\u0107<\/em><\/strong><\/p>\n<p>&nbsp;<\/p>\n<p>&nbsp;<\/p>\n","protected":false},"excerpt":{"rendered":"<p>Haris Ibrahimovi\u0107<\/p>\n","protected":false},"author":83,"featured_media":138856,"comment_status":"open","ping_status":"open","sticky":false,"template":"","format":"standard","meta":{"footnotes":""},"categories":[10196],"tags":[],"class_list":{"0":"post-138855","1":"post","2":"type-post","3":"status-publish","4":"format-standard","5":"has-post-thumbnail","7":"category-iz-pera-nasih-autora"},"yoast_head":"<!-- This site is optimized with the Yoast SEO Premium plugin v23.1 (Yoast SEO v24.9) - https:\/\/yoast.com\/wordpress\/plugins\/seo\/ -->\n<title>Muslimani Sand\u017eaka \u017ertve polupismenog novinarstva<\/title>\n<meta name=\"robots\" content=\"index, follow, max-snippet:-1, max-image-preview:large, max-video-preview:-1\" \/>\n<link rel=\"canonical\" href=\"https:\/\/sandzakpress.net\/arhiva\/muslimani-sandzaka-zrtve-polupismenog-novinarstva\/\" \/>\n<meta property=\"og:locale\" content=\"bs_BA\" \/>\n<meta property=\"og:type\" content=\"article\" \/>\n<meta property=\"og:title\" content=\"Muslimani Sand\u017eaka \u017ertve polupismenog novinarstva\" \/>\n<meta property=\"og:description\" content=\"Haris Ibrahimovi\u0107\" \/>\n<meta property=\"og:url\" content=\"https:\/\/sandzakpress.net\/arhiva\/muslimani-sandzaka-zrtve-polupismenog-novinarstva\/\" \/>\n<meta property=\"og:site_name\" content=\"Sand\u017eak PRESS\" \/>\n<meta property=\"article:published_time\" content=\"2015-09-29T13:39:19+00:00\" \/>\n<meta property=\"og:image\" content=\"https:\/\/sandzakpress.net\/arhiva\/wp-content\/uploads\/2015\/09\/1111.jpg\" \/>\n\t<meta property=\"og:image:width\" content=\"766\" \/>\n\t<meta property=\"og:image:height\" content=\"766\" \/>\n\t<meta property=\"og:image:type\" content=\"image\/jpeg\" \/>\n<meta name=\"author\" content=\"bosniak\" \/>\n<meta name=\"twitter:card\" content=\"summary_large_image\" \/>\n<meta name=\"twitter:label1\" content=\"Written by\" \/>\n\t<meta name=\"twitter:data1\" content=\"bosniak\" \/>\n\t<meta name=\"twitter:label2\" content=\"Est. reading time\" \/>\n\t<meta name=\"twitter:data2\" content=\"3 minute\" \/>\n<script type=\"application\/ld+json\" class=\"yoast-schema-graph\">{\"@context\":\"https:\/\/schema.org\",\"@graph\":[{\"@type\":\"Article\",\"@id\":\"https:\/\/sandzakpress.net\/arhiva\/muslimani-sandzaka-zrtve-polupismenog-novinarstva\/#article\",\"isPartOf\":{\"@id\":\"https:\/\/sandzakpress.net\/arhiva\/muslimani-sandzaka-zrtve-polupismenog-novinarstva\/\"},\"author\":{\"name\":\"bosniak\",\"@id\":\"https:\/\/sandzakpress.net\/arhiva\/#\/schema\/person\/c8baee722073534b583ea7bdb2e36c02\"},\"headline\":\"Muslimani Sand\u017eaka \u017ertve polupismenog novinarstva\",\"datePublished\":\"2015-09-29T13:39:19+00:00\",\"mainEntityOfPage\":{\"@id\":\"https:\/\/sandzakpress.net\/arhiva\/muslimani-sandzaka-zrtve-polupismenog-novinarstva\/\"},\"wordCount\":702,\"commentCount\":10,\"publisher\":{\"@id\":\"https:\/\/sandzakpress.net\/arhiva\/#\/schema\/person\/6e72b67d6e51910a1117b3b483ba20bd\"},\"image\":{\"@id\":\"https:\/\/sandzakpress.net\/arhiva\/muslimani-sandzaka-zrtve-polupismenog-novinarstva\/#primaryimage\"},\"thumbnailUrl\":\"https:\/\/sandzakpress.net\/arhiva\/wp-content\/uploads\/2015\/09\/1111.jpg\",\"articleSection\":[\"Iz pera na\u0161ih autora\"],\"inLanguage\":\"bs-BA\",\"potentialAction\":[{\"@type\":\"CommentAction\",\"name\":\"Comment\",\"target\":[\"https:\/\/sandzakpress.net\/arhiva\/muslimani-sandzaka-zrtve-polupismenog-novinarstva\/#respond\"]}]},{\"@type\":\"WebPage\",\"@id\":\"https:\/\/sandzakpress.net\/arhiva\/muslimani-sandzaka-zrtve-polupismenog-novinarstva\/\",\"url\":\"https:\/\/sandzakpress.net\/arhiva\/muslimani-sandzaka-zrtve-polupismenog-novinarstva\/\",\"name\":\"Muslimani Sand\u017eaka \u017ertve polupismenog novinarstva\",\"isPartOf\":{\"@id\":\"https:\/\/sandzakpress.net\/arhiva\/#website\"},\"primaryImageOfPage\":{\"@id\":\"https:\/\/sandzakpress.net\/arhiva\/muslimani-sandzaka-zrtve-polupismenog-novinarstva\/#primaryimage\"},\"image\":{\"@id\":\"https:\/\/sandzakpress.net\/arhiva\/muslimani-sandzaka-zrtve-polupismenog-novinarstva\/#primaryimage\"},\"thumbnailUrl\":\"https:\/\/sandzakpress.net\/arhiva\/wp-content\/uploads\/2015\/09\/1111.jpg\",\"datePublished\":\"2015-09-29T13:39:19+00:00\",\"breadcrumb\":{\"@id\":\"https:\/\/sandzakpress.net\/arhiva\/muslimani-sandzaka-zrtve-polupismenog-novinarstva\/#breadcrumb\"},\"inLanguage\":\"bs-BA\",\"potentialAction\":[{\"@type\":\"ReadAction\",\"target\":[\"https:\/\/sandzakpress.net\/arhiva\/muslimani-sandzaka-zrtve-polupismenog-novinarstva\/\"]}]},{\"@type\":\"ImageObject\",\"inLanguage\":\"bs-BA\",\"@id\":\"https:\/\/sandzakpress.net\/arhiva\/muslimani-sandzaka-zrtve-polupismenog-novinarstva\/#primaryimage\",\"url\":\"https:\/\/sandzakpress.net\/arhiva\/wp-content\/uploads\/2015\/09\/1111.jpg\",\"contentUrl\":\"https:\/\/sandzakpress.net\/arhiva\/wp-content\/uploads\/2015\/09\/1111.jpg\",\"width\":766,\"height\":766},{\"@type\":\"BreadcrumbList\",\"@id\":\"https:\/\/sandzakpress.net\/arhiva\/muslimani-sandzaka-zrtve-polupismenog-novinarstva\/#breadcrumb\",\"itemListElement\":[{\"@type\":\"ListItem\",\"position\":1,\"name\":\"Home\",\"item\":\"https:\/\/sandzakpress.net\/arhiva\/\"},{\"@type\":\"ListItem\",\"position\":2,\"name\":\"Muslimani Sand\u017eaka \u017ertve polupismenog novinarstva\"}]},{\"@type\":\"WebSite\",\"@id\":\"https:\/\/sandzakpress.net\/arhiva\/#website\",\"url\":\"https:\/\/sandzakpress.net\/arhiva\/\",\"name\":\"Sand\u017eak PRESS\",\"description\":\"Prve elektronske novine u Sand\u017eaku\",\"publisher\":{\"@id\":\"https:\/\/sandzakpress.net\/arhiva\/#\/schema\/person\/6e72b67d6e51910a1117b3b483ba20bd\"},\"potentialAction\":[{\"@type\":\"SearchAction\",\"target\":{\"@type\":\"EntryPoint\",\"urlTemplate\":\"https:\/\/sandzakpress.net\/arhiva\/?s={search_term_string}\"},\"query-input\":{\"@type\":\"PropertyValueSpecification\",\"valueRequired\":true,\"valueName\":\"search_term_string\"}}],\"inLanguage\":\"bs-BA\"},{\"@type\":[\"Person\",\"Organization\"],\"@id\":\"https:\/\/sandzakpress.net\/arhiva\/#\/schema\/person\/6e72b67d6e51910a1117b3b483ba20bd\",\"name\":\"Kul\",\"image\":{\"@type\":\"ImageObject\",\"inLanguage\":\"bs-BA\",\"@id\":\"https:\/\/sandzakpress.net\/arhiva\/#\/schema\/person\/image\/\",\"url\":\"https:\/\/secure.gravatar.com\/avatar\/42263f39aa27ac04c43cab85c280eb2e?s=96&d=mm&r=pg\",\"contentUrl\":\"https:\/\/secure.gravatar.com\/avatar\/42263f39aa27ac04c43cab85c280eb2e?s=96&d=mm&r=pg\",\"caption\":\"Kul\"},\"logo\":{\"@id\":\"https:\/\/sandzakpress.net\/arhiva\/#\/schema\/person\/image\/\"}},{\"@type\":\"Person\",\"@id\":\"https:\/\/sandzakpress.net\/arhiva\/#\/schema\/person\/c8baee722073534b583ea7bdb2e36c02\",\"name\":\"bosniak\",\"image\":{\"@type\":\"ImageObject\",\"inLanguage\":\"bs-BA\",\"@id\":\"https:\/\/sandzakpress.net\/arhiva\/#\/schema\/person\/image\/\",\"url\":\"https:\/\/secure.gravatar.com\/avatar\/a04fd330bfe3a36a72a0ad4a6d89fca7?s=96&d=mm&r=pg\",\"contentUrl\":\"https:\/\/secure.gravatar.com\/avatar\/a04fd330bfe3a36a72a0ad4a6d89fca7?s=96&d=mm&r=pg\",\"caption\":\"bosniak\"},\"url\":\"https:\/\/sandzakpress.net\/arhiva\/author\/bosniak\/\"}]}<\/script>\n<!-- \/ Yoast SEO Premium plugin. -->","yoast_head_json":{"title":"Muslimani Sand\u017eaka \u017ertve polupismenog novinarstva","robots":{"index":"index","follow":"follow","max-snippet":"max-snippet:-1","max-image-preview":"max-image-preview:large","max-video-preview":"max-video-preview:-1"},"canonical":"https:\/\/sandzakpress.net\/arhiva\/muslimani-sandzaka-zrtve-polupismenog-novinarstva\/","og_locale":"bs_BA","og_type":"article","og_title":"Muslimani Sand\u017eaka \u017ertve polupismenog novinarstva","og_description":"Haris Ibrahimovi\u0107","og_url":"https:\/\/sandzakpress.net\/arhiva\/muslimani-sandzaka-zrtve-polupismenog-novinarstva\/","og_site_name":"Sand\u017eak PRESS","article_published_time":"2015-09-29T13:39:19+00:00","og_image":[{"width":766,"height":766,"url":"https:\/\/sandzakpress.net\/arhiva\/wp-content\/uploads\/2015\/09\/1111.jpg","type":"image\/jpeg"}],"author":"bosniak","twitter_card":"summary_large_image","twitter_misc":{"Written by":"bosniak","Est. reading time":"3 minute"},"schema":{"@context":"https:\/\/schema.org","@graph":[{"@type":"Article","@id":"https:\/\/sandzakpress.net\/arhiva\/muslimani-sandzaka-zrtve-polupismenog-novinarstva\/#article","isPartOf":{"@id":"https:\/\/sandzakpress.net\/arhiva\/muslimani-sandzaka-zrtve-polupismenog-novinarstva\/"},"author":{"name":"bosniak","@id":"https:\/\/sandzakpress.net\/arhiva\/#\/schema\/person\/c8baee722073534b583ea7bdb2e36c02"},"headline":"Muslimani Sand\u017eaka \u017ertve polupismenog novinarstva","datePublished":"2015-09-29T13:39:19+00:00","mainEntityOfPage":{"@id":"https:\/\/sandzakpress.net\/arhiva\/muslimani-sandzaka-zrtve-polupismenog-novinarstva\/"},"wordCount":702,"commentCount":10,"publisher":{"@id":"https:\/\/sandzakpress.net\/arhiva\/#\/schema\/person\/6e72b67d6e51910a1117b3b483ba20bd"},"image":{"@id":"https:\/\/sandzakpress.net\/arhiva\/muslimani-sandzaka-zrtve-polupismenog-novinarstva\/#primaryimage"},"thumbnailUrl":"https:\/\/sandzakpress.net\/arhiva\/wp-content\/uploads\/2015\/09\/1111.jpg","articleSection":["Iz pera na\u0161ih autora"],"inLanguage":"bs-BA","potentialAction":[{"@type":"CommentAction","name":"Comment","target":["https:\/\/sandzakpress.net\/arhiva\/muslimani-sandzaka-zrtve-polupismenog-novinarstva\/#respond"]}]},{"@type":"WebPage","@id":"https:\/\/sandzakpress.net\/arhiva\/muslimani-sandzaka-zrtve-polupismenog-novinarstva\/","url":"https:\/\/sandzakpress.net\/arhiva\/muslimani-sandzaka-zrtve-polupismenog-novinarstva\/","name":"Muslimani Sand\u017eaka \u017ertve polupismenog novinarstva","isPartOf":{"@id":"https:\/\/sandzakpress.net\/arhiva\/#website"},"primaryImageOfPage":{"@id":"https:\/\/sandzakpress.net\/arhiva\/muslimani-sandzaka-zrtve-polupismenog-novinarstva\/#primaryimage"},"image":{"@id":"https:\/\/sandzakpress.net\/arhiva\/muslimani-sandzaka-zrtve-polupismenog-novinarstva\/#primaryimage"},"thumbnailUrl":"https:\/\/sandzakpress.net\/arhiva\/wp-content\/uploads\/2015\/09\/1111.jpg","datePublished":"2015-09-29T13:39:19+00:00","breadcrumb":{"@id":"https:\/\/sandzakpress.net\/arhiva\/muslimani-sandzaka-zrtve-polupismenog-novinarstva\/#breadcrumb"},"inLanguage":"bs-BA","potentialAction":[{"@type":"ReadAction","target":["https:\/\/sandzakpress.net\/arhiva\/muslimani-sandzaka-zrtve-polupismenog-novinarstva\/"]}]},{"@type":"ImageObject","inLanguage":"bs-BA","@id":"https:\/\/sandzakpress.net\/arhiva\/muslimani-sandzaka-zrtve-polupismenog-novinarstva\/#primaryimage","url":"https:\/\/sandzakpress.net\/arhiva\/wp-content\/uploads\/2015\/09\/1111.jpg","contentUrl":"https:\/\/sandzakpress.net\/arhiva\/wp-content\/uploads\/2015\/09\/1111.jpg","width":766,"height":766},{"@type":"BreadcrumbList","@id":"https:\/\/sandzakpress.net\/arhiva\/muslimani-sandzaka-zrtve-polupismenog-novinarstva\/#breadcrumb","itemListElement":[{"@type":"ListItem","position":1,"name":"Home","item":"https:\/\/sandzakpress.net\/arhiva\/"},{"@type":"ListItem","position":2,"name":"Muslimani Sand\u017eaka \u017ertve polupismenog novinarstva"}]},{"@type":"WebSite","@id":"https:\/\/sandzakpress.net\/arhiva\/#website","url":"https:\/\/sandzakpress.net\/arhiva\/","name":"Sand\u017eak PRESS","description":"Prve elektronske novine u Sand\u017eaku","publisher":{"@id":"https:\/\/sandzakpress.net\/arhiva\/#\/schema\/person\/6e72b67d6e51910a1117b3b483ba20bd"},"potentialAction":[{"@type":"SearchAction","target":{"@type":"EntryPoint","urlTemplate":"https:\/\/sandzakpress.net\/arhiva\/?s={search_term_string}"},"query-input":{"@type":"PropertyValueSpecification","valueRequired":true,"valueName":"search_term_string"}}],"inLanguage":"bs-BA"},{"@type":["Person","Organization"],"@id":"https:\/\/sandzakpress.net\/arhiva\/#\/schema\/person\/6e72b67d6e51910a1117b3b483ba20bd","name":"Kul","image":{"@type":"ImageObject","inLanguage":"bs-BA","@id":"https:\/\/sandzakpress.net\/arhiva\/#\/schema\/person\/image\/","url":"https:\/\/secure.gravatar.com\/avatar\/42263f39aa27ac04c43cab85c280eb2e?s=96&d=mm&r=pg","contentUrl":"https:\/\/secure.gravatar.com\/avatar\/42263f39aa27ac04c43cab85c280eb2e?s=96&d=mm&r=pg","caption":"Kul"},"logo":{"@id":"https:\/\/sandzakpress.net\/arhiva\/#\/schema\/person\/image\/"}},{"@type":"Person","@id":"https:\/\/sandzakpress.net\/arhiva\/#\/schema\/person\/c8baee722073534b583ea7bdb2e36c02","name":"bosniak","image":{"@type":"ImageObject","inLanguage":"bs-BA","@id":"https:\/\/sandzakpress.net\/arhiva\/#\/schema\/person\/image\/","url":"https:\/\/secure.gravatar.com\/avatar\/a04fd330bfe3a36a72a0ad4a6d89fca7?s=96&d=mm&r=pg","contentUrl":"https:\/\/secure.gravatar.com\/avatar\/a04fd330bfe3a36a72a0ad4a6d89fca7?s=96&d=mm&r=pg","caption":"bosniak"},"url":"https:\/\/sandzakpress.net\/arhiva\/author\/bosniak\/"}]}},"_links":{"self":[{"href":"https:\/\/sandzakpress.net\/arhiva\/wp-json\/wp\/v2\/posts\/138855"}],"collection":[{"href":"https:\/\/sandzakpress.net\/arhiva\/wp-json\/wp\/v2\/posts"}],"about":[{"href":"https:\/\/sandzakpress.net\/arhiva\/wp-json\/wp\/v2\/types\/post"}],"author":[{"embeddable":true,"href":"https:\/\/sandzakpress.net\/arhiva\/wp-json\/wp\/v2\/users\/83"}],"replies":[{"embeddable":true,"href":"https:\/\/sandzakpress.net\/arhiva\/wp-json\/wp\/v2\/comments?post=138855"}],"version-history":[{"count":0,"href":"https:\/\/sandzakpress.net\/arhiva\/wp-json\/wp\/v2\/posts\/138855\/revisions"}],"wp:featuredmedia":[{"embeddable":true,"href":"https:\/\/sandzakpress.net\/arhiva\/wp-json\/wp\/v2\/media\/138856"}],"wp:attachment":[{"href":"https:\/\/sandzakpress.net\/arhiva\/wp-json\/wp\/v2\/media?parent=138855"}],"wp:term":[{"taxonomy":"category","embeddable":true,"href":"https:\/\/sandzakpress.net\/arhiva\/wp-json\/wp\/v2\/categories?post=138855"},{"taxonomy":"post_tag","embeddable":true,"href":"https:\/\/sandzakpress.net\/arhiva\/wp-json\/wp\/v2\/tags?post=138855"}],"curies":[{"name":"wp","href":"https:\/\/api.w.org\/{rel}","templated":true}]}}