{"id":13882,"date":"2011-03-15T23:05:47","date_gmt":"2011-03-15T22:05:47","guid":{"rendered":"https:\/\/sandzakpress.net\/arhiva\/?p=13882"},"modified":"2011-03-15T23:05:47","modified_gmt":"2011-03-15T22:05:47","slug":"direktori-ne-daju-nize-plate","status":"publish","type":"post","link":"https:\/\/sandzakpress.net\/arhiva\/direktori-ne-daju-nize-plate\/","title":{"rendered":"Direktori ne daju ni\u017ee plate"},"content":{"rendered":"<p><strong><a href=\"https:\/\/sandzakpress.net\/arhiva\/wp-content\/uploads\/2011\/03\/romi-u-skoli.jpg\"><img loading=\"lazy\" decoding=\"async\" class=\"alignleft size-medium wp-image-13883\" src=\"https:\/\/sandzakpress.net\/arhiva\/wp-content\/uploads\/2011\/03\/romi-u-skoli-300x236.jpg\" alt=\"\" width=\"300\" height=\"236\" \/><\/a>Prijepolje &#8212; Direktori osnovnih i srednjih \u0161kola u op\u0107ini Prijepolje ka\u017eu da ne\u0107e prihvatiti da budu &#8220;udarna pesnica za ka\u017enjavanje i disciplinovanje prosvjetnih radnika&#8221;.<\/strong><\/p>\n<p>Oni su u saop\u0107enju ocenili da probleme u prevazila\u017eenju \u0161trajka treba da tra\u017ee sindikati prosvjetnih radnika i Ministarstvo prosvjete.<\/p>\n<p>&#8220;Tra\u017eenje od direktora da obra\u010dunaju zarade radnicima u skladu sa ostvarenim efektivnim \u010dasovima, pokazuje da se direktori stavljaju u polo\u017eaj da treba da ka\u017enjavaju kolege&#8221;, navodi se u saop\u0107enju.<\/p>\n<p>Dodaje se da su podaci o \u0161trajku svakodnevno dostavljani \u0160kolskoj upravi, pa treba o\u010dekivati da <em>&#8220;obra\u010dun efektivnog rada izvr\u0161e stru\u010dne slu\u017ebe Ministarstva prosvjete, imaju\u0107i u vidu da rad u \u0161koli ne podrazumeva samo obaveznu nastavu ve\u0107 i niz drugih aktivnosti&#8221;. <\/em><\/p>\n<p><em>&#8220;Mi nismo u mogu\u0107nosti da procenimo i na\u0111emo modus za obra\u010dun efektivnih \u010dasova rada jer su nastavnici obavljali sve druge obaveze kako bi \u0161kola normalno funkcionisala \u010dak i u uslovima zakonskog \u0161trajka. <\/em><strong><em>Umanjenje plata prosvjetnim radnicima bi imalo dalekose\u017ene negativne posledice i sigurno ne bi dovelo do re\u0161enja problema<\/em><\/strong><em>&#8220;<\/em>, zaklju\u010dili su direktori \u0161kola.<\/p>\n<p>U op\u0107ini Prijepolje ima osam osnovnih i tri srednje \u0161kole.<\/p>\n<p>Ministar prosvjete \u017darko Obradovi\u0107 rekao je da \u0107e prosvjetni radnici koji \u0161trajkuju <strong>dobiti umanjene zarade, odnosno da \u0107e im biti pla\u0107eno koliko su radili. <\/strong><\/p>\n<p>Sindikati koji i dalje \u0161trajkuju skra\u0107ivanjem nastave na 30 minuta najavili su potpunu obustavu nastave ako im zarade budu umanjene.<\/p>\n<p>Izvor: <strong>B92.net<\/strong><\/p>\n","protected":false},"excerpt":{"rendered":"<p>Prijepolje &#8212; Direktori osnovnih i srednjih \u0161kola u op\u0107ini Prijepolje ka\u017eu da ne\u0107e prihvatiti da budu &#8220;udarna pesnica za ka\u017enjavanje i disciplinovanje prosvjetnih radnika&#8221;. Oni su u saop\u0107enju ocenili da probleme u prevazila\u017eenju \u0161trajka treba da tra\u017ee sindikati prosvjetnih radnika i Ministarstvo prosvjete. &#8220;Tra\u017eenje od direktora da obra\u010dunaju zarade radnicima u skladu sa ostvarenim efektivnim [&hellip;]<\/p>\n","protected":false},"author":13,"featured_media":13883,"comment_status":"open","ping_status":"open","sticky":false,"template":"","format":"standard","meta":{"footnotes":""},"categories":[392,4],"tags":[],"class_list":{"0":"post-13882","1":"post","2":"type-post","3":"status-publish","4":"format-standard","5":"has-post-thumbnail","7":"category-prijepolje_","8":"category-obrazovanje"},"yoast_head":"<!-- This site is optimized with the Yoast SEO Premium plugin v23.1 (Yoast SEO v24.9) - https:\/\/yoast.com\/wordpress\/plugins\/seo\/ -->\n<title>Direktori ne daju ni\u017ee plate<\/title>\n<meta name=\"robots\" content=\"index, follow, max-snippet:-1, max-image-preview:large, max-video-preview:-1\" \/>\n<link rel=\"canonical\" href=\"https:\/\/sandzakpress.net\/arhiva\/direktori-ne-daju-nize-plate\/\" \/>\n<meta property=\"og:locale\" content=\"bs_BA\" \/>\n<meta property=\"og:type\" content=\"article\" \/>\n<meta property=\"og:title\" content=\"Direktori ne daju ni\u017ee plate\" \/>\n<meta property=\"og:description\" content=\"Prijepolje &#8212; Direktori osnovnih i srednjih \u0161kola u op\u0107ini Prijepolje ka\u017eu da ne\u0107e prihvatiti da budu &#8220;udarna pesnica za ka\u017enjavanje i disciplinovanje prosvjetnih radnika&#8221;. Oni su u saop\u0107enju ocenili da probleme u prevazila\u017eenju \u0161trajka treba da tra\u017ee sindikati prosvjetnih radnika i Ministarstvo prosvjete. &#8220;Tra\u017eenje od direktora da obra\u010dunaju zarade radnicima u skladu sa ostvarenim efektivnim [&hellip;]\" \/>\n<meta property=\"og:url\" content=\"https:\/\/sandzakpress.net\/arhiva\/direktori-ne-daju-nize-plate\/\" \/>\n<meta property=\"og:site_name\" content=\"Sand\u017eak PRESS\" \/>\n<meta property=\"article:published_time\" content=\"2011-03-15T22:05:47+00:00\" \/>\n<meta property=\"og:image\" content=\"https:\/\/sandzakpress.net\/arhiva\/wp-content\/uploads\/2011\/03\/romi-u-skoli.jpg\" \/>\n\t<meta property=\"og:image:width\" content=\"380\" \/>\n\t<meta property=\"og:image:height\" content=\"300\" \/>\n\t<meta property=\"og:image:type\" content=\"image\/jpeg\" \/>\n<meta name=\"twitter:card\" content=\"summary_large_image\" \/>\n<meta name=\"twitter:label1\" content=\"Written by\" \/>\n\t<meta name=\"twitter:data1\" content=\"\" \/>\n\t<meta name=\"twitter:label2\" content=\"Est. reading time\" \/>\n\t<meta name=\"twitter:data2\" content=\"1 minuta\" \/>\n<script type=\"application\/ld+json\" class=\"yoast-schema-graph\">{\"@context\":\"https:\/\/schema.org\",\"@graph\":[{\"@type\":\"Article\",\"@id\":\"https:\/\/sandzakpress.net\/arhiva\/direktori-ne-daju-nize-plate\/#article\",\"isPartOf\":{\"@id\":\"https:\/\/sandzakpress.net\/arhiva\/direktori-ne-daju-nize-plate\/\"},\"author\":{\"name\":\"\",\"@id\":\"\"},\"headline\":\"Direktori ne daju ni\u017ee plate\",\"datePublished\":\"2011-03-15T22:05:47+00:00\",\"mainEntityOfPage\":{\"@id\":\"https:\/\/sandzakpress.net\/arhiva\/direktori-ne-daju-nize-plate\/\"},\"wordCount\":254,\"commentCount\":0,\"publisher\":{\"@id\":\"https:\/\/sandzakpress.net\/arhiva\/#\/schema\/person\/6e72b67d6e51910a1117b3b483ba20bd\"},\"image\":{\"@id\":\"https:\/\/sandzakpress.net\/arhiva\/direktori-ne-daju-nize-plate\/#primaryimage\"},\"thumbnailUrl\":\"https:\/\/sandzakpress.net\/arhiva\/wp-content\/uploads\/2011\/03\/romi-u-skoli.jpg\",\"articleSection\":[\"Prijepolje\",\"Obrazovanje\"],\"inLanguage\":\"bs-BA\",\"potentialAction\":[{\"@type\":\"CommentAction\",\"name\":\"Comment\",\"target\":[\"https:\/\/sandzakpress.net\/arhiva\/direktori-ne-daju-nize-plate\/#respond\"]}]},{\"@type\":\"WebPage\",\"@id\":\"https:\/\/sandzakpress.net\/arhiva\/direktori-ne-daju-nize-plate\/\",\"url\":\"https:\/\/sandzakpress.net\/arhiva\/direktori-ne-daju-nize-plate\/\",\"name\":\"Direktori ne daju ni\u017ee plate\",\"isPartOf\":{\"@id\":\"https:\/\/sandzakpress.net\/arhiva\/#website\"},\"primaryImageOfPage\":{\"@id\":\"https:\/\/sandzakpress.net\/arhiva\/direktori-ne-daju-nize-plate\/#primaryimage\"},\"image\":{\"@id\":\"https:\/\/sandzakpress.net\/arhiva\/direktori-ne-daju-nize-plate\/#primaryimage\"},\"thumbnailUrl\":\"https:\/\/sandzakpress.net\/arhiva\/wp-content\/uploads\/2011\/03\/romi-u-skoli.jpg\",\"datePublished\":\"2011-03-15T22:05:47+00:00\",\"breadcrumb\":{\"@id\":\"https:\/\/sandzakpress.net\/arhiva\/direktori-ne-daju-nize-plate\/#breadcrumb\"},\"inLanguage\":\"bs-BA\",\"potentialAction\":[{\"@type\":\"ReadAction\",\"target\":[\"https:\/\/sandzakpress.net\/arhiva\/direktori-ne-daju-nize-plate\/\"]}]},{\"@type\":\"ImageObject\",\"inLanguage\":\"bs-BA\",\"@id\":\"https:\/\/sandzakpress.net\/arhiva\/direktori-ne-daju-nize-plate\/#primaryimage\",\"url\":\"https:\/\/sandzakpress.net\/arhiva\/wp-content\/uploads\/2011\/03\/romi-u-skoli.jpg\",\"contentUrl\":\"https:\/\/sandzakpress.net\/arhiva\/wp-content\/uploads\/2011\/03\/romi-u-skoli.jpg\",\"width\":380,\"height\":300},{\"@type\":\"BreadcrumbList\",\"@id\":\"https:\/\/sandzakpress.net\/arhiva\/direktori-ne-daju-nize-plate\/#breadcrumb\",\"itemListElement\":[{\"@type\":\"ListItem\",\"position\":1,\"name\":\"Home\",\"item\":\"https:\/\/sandzakpress.net\/arhiva\/\"},{\"@type\":\"ListItem\",\"position\":2,\"name\":\"Direktori ne daju ni\u017ee plate\"}]},{\"@type\":\"WebSite\",\"@id\":\"https:\/\/sandzakpress.net\/arhiva\/#website\",\"url\":\"https:\/\/sandzakpress.net\/arhiva\/\",\"name\":\"Sand\u017eak PRESS\",\"description\":\"Prve elektronske novine u Sand\u017eaku\",\"publisher\":{\"@id\":\"https:\/\/sandzakpress.net\/arhiva\/#\/schema\/person\/6e72b67d6e51910a1117b3b483ba20bd\"},\"potentialAction\":[{\"@type\":\"SearchAction\",\"target\":{\"@type\":\"EntryPoint\",\"urlTemplate\":\"https:\/\/sandzakpress.net\/arhiva\/?s={search_term_string}\"},\"query-input\":{\"@type\":\"PropertyValueSpecification\",\"valueRequired\":true,\"valueName\":\"search_term_string\"}}],\"inLanguage\":\"bs-BA\"},{\"@type\":[\"Person\",\"Organization\"],\"@id\":\"https:\/\/sandzakpress.net\/arhiva\/#\/schema\/person\/6e72b67d6e51910a1117b3b483ba20bd\",\"name\":\"Kul\",\"image\":{\"@type\":\"ImageObject\",\"inLanguage\":\"bs-BA\",\"@id\":\"https:\/\/sandzakpress.net\/arhiva\/#\/schema\/person\/image\/\",\"url\":\"https:\/\/secure.gravatar.com\/avatar\/42263f39aa27ac04c43cab85c280eb2e?s=96&d=mm&r=pg\",\"contentUrl\":\"https:\/\/secure.gravatar.com\/avatar\/42263f39aa27ac04c43cab85c280eb2e?s=96&d=mm&r=pg\",\"caption\":\"Kul\"},\"logo\":{\"@id\":\"https:\/\/sandzakpress.net\/arhiva\/#\/schema\/person\/image\/\"}},{\"@type\":\"Person\",\"@id\":\"\",\"url\":\"https:\/\/sandzakpress.net\/arhiva\/author\/\"}]}<\/script>\n<!-- \/ Yoast SEO Premium plugin. -->","yoast_head_json":{"title":"Direktori ne daju ni\u017ee plate","robots":{"index":"index","follow":"follow","max-snippet":"max-snippet:-1","max-image-preview":"max-image-preview:large","max-video-preview":"max-video-preview:-1"},"canonical":"https:\/\/sandzakpress.net\/arhiva\/direktori-ne-daju-nize-plate\/","og_locale":"bs_BA","og_type":"article","og_title":"Direktori ne daju ni\u017ee plate","og_description":"Prijepolje &#8212; Direktori osnovnih i srednjih \u0161kola u op\u0107ini Prijepolje ka\u017eu da ne\u0107e prihvatiti da budu &#8220;udarna pesnica za ka\u017enjavanje i disciplinovanje prosvjetnih radnika&#8221;. Oni su u saop\u0107enju ocenili da probleme u prevazila\u017eenju \u0161trajka treba da tra\u017ee sindikati prosvjetnih radnika i Ministarstvo prosvjete. &#8220;Tra\u017eenje od direktora da obra\u010dunaju zarade radnicima u skladu sa ostvarenim efektivnim [&hellip;]","og_url":"https:\/\/sandzakpress.net\/arhiva\/direktori-ne-daju-nize-plate\/","og_site_name":"Sand\u017eak PRESS","article_published_time":"2011-03-15T22:05:47+00:00","og_image":[{"width":380,"height":300,"url":"https:\/\/sandzakpress.net\/arhiva\/wp-content\/uploads\/2011\/03\/romi-u-skoli.jpg","type":"image\/jpeg"}],"twitter_card":"summary_large_image","twitter_misc":{"Written by":"","Est. reading time":"1 minuta"},"schema":{"@context":"https:\/\/schema.org","@graph":[{"@type":"Article","@id":"https:\/\/sandzakpress.net\/arhiva\/direktori-ne-daju-nize-plate\/#article","isPartOf":{"@id":"https:\/\/sandzakpress.net\/arhiva\/direktori-ne-daju-nize-plate\/"},"author":{"name":"","@id":""},"headline":"Direktori ne daju ni\u017ee plate","datePublished":"2011-03-15T22:05:47+00:00","mainEntityOfPage":{"@id":"https:\/\/sandzakpress.net\/arhiva\/direktori-ne-daju-nize-plate\/"},"wordCount":254,"commentCount":0,"publisher":{"@id":"https:\/\/sandzakpress.net\/arhiva\/#\/schema\/person\/6e72b67d6e51910a1117b3b483ba20bd"},"image":{"@id":"https:\/\/sandzakpress.net\/arhiva\/direktori-ne-daju-nize-plate\/#primaryimage"},"thumbnailUrl":"https:\/\/sandzakpress.net\/arhiva\/wp-content\/uploads\/2011\/03\/romi-u-skoli.jpg","articleSection":["Prijepolje","Obrazovanje"],"inLanguage":"bs-BA","potentialAction":[{"@type":"CommentAction","name":"Comment","target":["https:\/\/sandzakpress.net\/arhiva\/direktori-ne-daju-nize-plate\/#respond"]}]},{"@type":"WebPage","@id":"https:\/\/sandzakpress.net\/arhiva\/direktori-ne-daju-nize-plate\/","url":"https:\/\/sandzakpress.net\/arhiva\/direktori-ne-daju-nize-plate\/","name":"Direktori ne daju ni\u017ee plate","isPartOf":{"@id":"https:\/\/sandzakpress.net\/arhiva\/#website"},"primaryImageOfPage":{"@id":"https:\/\/sandzakpress.net\/arhiva\/direktori-ne-daju-nize-plate\/#primaryimage"},"image":{"@id":"https:\/\/sandzakpress.net\/arhiva\/direktori-ne-daju-nize-plate\/#primaryimage"},"thumbnailUrl":"https:\/\/sandzakpress.net\/arhiva\/wp-content\/uploads\/2011\/03\/romi-u-skoli.jpg","datePublished":"2011-03-15T22:05:47+00:00","breadcrumb":{"@id":"https:\/\/sandzakpress.net\/arhiva\/direktori-ne-daju-nize-plate\/#breadcrumb"},"inLanguage":"bs-BA","potentialAction":[{"@type":"ReadAction","target":["https:\/\/sandzakpress.net\/arhiva\/direktori-ne-daju-nize-plate\/"]}]},{"@type":"ImageObject","inLanguage":"bs-BA","@id":"https:\/\/sandzakpress.net\/arhiva\/direktori-ne-daju-nize-plate\/#primaryimage","url":"https:\/\/sandzakpress.net\/arhiva\/wp-content\/uploads\/2011\/03\/romi-u-skoli.jpg","contentUrl":"https:\/\/sandzakpress.net\/arhiva\/wp-content\/uploads\/2011\/03\/romi-u-skoli.jpg","width":380,"height":300},{"@type":"BreadcrumbList","@id":"https:\/\/sandzakpress.net\/arhiva\/direktori-ne-daju-nize-plate\/#breadcrumb","itemListElement":[{"@type":"ListItem","position":1,"name":"Home","item":"https:\/\/sandzakpress.net\/arhiva\/"},{"@type":"ListItem","position":2,"name":"Direktori ne daju ni\u017ee plate"}]},{"@type":"WebSite","@id":"https:\/\/sandzakpress.net\/arhiva\/#website","url":"https:\/\/sandzakpress.net\/arhiva\/","name":"Sand\u017eak PRESS","description":"Prve elektronske novine u Sand\u017eaku","publisher":{"@id":"https:\/\/sandzakpress.net\/arhiva\/#\/schema\/person\/6e72b67d6e51910a1117b3b483ba20bd"},"potentialAction":[{"@type":"SearchAction","target":{"@type":"EntryPoint","urlTemplate":"https:\/\/sandzakpress.net\/arhiva\/?s={search_term_string}"},"query-input":{"@type":"PropertyValueSpecification","valueRequired":true,"valueName":"search_term_string"}}],"inLanguage":"bs-BA"},{"@type":["Person","Organization"],"@id":"https:\/\/sandzakpress.net\/arhiva\/#\/schema\/person\/6e72b67d6e51910a1117b3b483ba20bd","name":"Kul","image":{"@type":"ImageObject","inLanguage":"bs-BA","@id":"https:\/\/sandzakpress.net\/arhiva\/#\/schema\/person\/image\/","url":"https:\/\/secure.gravatar.com\/avatar\/42263f39aa27ac04c43cab85c280eb2e?s=96&d=mm&r=pg","contentUrl":"https:\/\/secure.gravatar.com\/avatar\/42263f39aa27ac04c43cab85c280eb2e?s=96&d=mm&r=pg","caption":"Kul"},"logo":{"@id":"https:\/\/sandzakpress.net\/arhiva\/#\/schema\/person\/image\/"}},{"@type":"Person","@id":"","url":"https:\/\/sandzakpress.net\/arhiva\/author\/"}]}},"_links":{"self":[{"href":"https:\/\/sandzakpress.net\/arhiva\/wp-json\/wp\/v2\/posts\/13882"}],"collection":[{"href":"https:\/\/sandzakpress.net\/arhiva\/wp-json\/wp\/v2\/posts"}],"about":[{"href":"https:\/\/sandzakpress.net\/arhiva\/wp-json\/wp\/v2\/types\/post"}],"author":[{"embeddable":true,"href":"https:\/\/sandzakpress.net\/arhiva\/wp-json\/wp\/v2\/users\/13"}],"replies":[{"embeddable":true,"href":"https:\/\/sandzakpress.net\/arhiva\/wp-json\/wp\/v2\/comments?post=13882"}],"version-history":[{"count":0,"href":"https:\/\/sandzakpress.net\/arhiva\/wp-json\/wp\/v2\/posts\/13882\/revisions"}],"wp:featuredmedia":[{"embeddable":true,"href":"https:\/\/sandzakpress.net\/arhiva\/wp-json\/wp\/v2\/media\/13883"}],"wp:attachment":[{"href":"https:\/\/sandzakpress.net\/arhiva\/wp-json\/wp\/v2\/media?parent=13882"}],"wp:term":[{"taxonomy":"category","embeddable":true,"href":"https:\/\/sandzakpress.net\/arhiva\/wp-json\/wp\/v2\/categories?post=13882"},{"taxonomy":"post_tag","embeddable":true,"href":"https:\/\/sandzakpress.net\/arhiva\/wp-json\/wp\/v2\/tags?post=13882"}],"curies":[{"name":"wp","href":"https:\/\/api.w.org\/{rel}","templated":true}]}}