{"id":138767,"date":"2015-09-29T10:59:39","date_gmt":"2015-09-29T08:59:39","guid":{"rendered":"https:\/\/sandzakpress.net\/arhiva\/?p=138767"},"modified":"2015-09-29T22:45:57","modified_gmt":"2015-09-29T20:45:57","slug":"odgovor-ef-plojovica-sa-hadzadza-svi-muslimani-podizu-jedan-prst-u-namazu-da-li-cete-ih-sve-nazvati-teroristima","status":"publish","type":"post","link":"https:\/\/sandzakpress.net\/arhiva\/odgovor-ef-plojovica-sa-hadzadza-svi-muslimani-podizu-jedan-prst-u-namazu-da-li-cete-ih-sve-nazvati-teroristima\/","title":{"rendered":"Odgovor ef. Plojovi\u0107a sa Had\u017ed\u017ea &#8211; &#8216;Svi muslimani podi\u017eu jedan prst u namazu, da li \u0107ete ih sve nazvati teroristima?&#8217;"},"content":{"rendered":"<p><img decoding=\"async\" src=\"https:\/\/sandzakpress.net\/arhiva\/wp-content\/uploads\/2015\/09\/cd5e7b71011445df7d31bd54dbc29f6bc771d2df4100c0d290868863379ffb6b.jpg\" alt=\"cd5e7b71011445df7d31bd54dbc29f6bc771d2df4100c0d290868863379ffb6b\" \/><\/p>\n<p><strong>Sand\u017eak, Srbija &#8211; Iznena\u0111uje, vrije\u0111a i \u010dudi ni\u010dim izazvana provokacija, prozivanje i optu\u017eba, ni manje ni vi\u0161e nego za terorizam, upu\u0107ena ovogodi\u0161njim had\u017eijama koji su posredstvom Me\u0161ihata Islamske zajednice u Srbiji putovali na had\u017e izvr\u0161avaju\u0107i jednu od temeljnih du\u017enosti islama.<\/strong><\/p>\n<p>Za one koji ne znaju, podizanje jednog prsta, tj. ka\u017eiprsta, od strane pripadnika islama simboli\u0161e jedno\u0107u Stvoritelja, Allaha d\u017e.\u0161., i to \u010dine svi muslimani koji obavljaju svakodnevno molitvu prilikom u\u010denja odre\u0111enih citata na svakom sjedenju u namazu.<\/p>\n<p>Optu\u017eba svakog muslimana koji podi\u017ee jedan prst svjedo\u010de\u0107i pripadnost vjeri u Jednog Boga, Allaha Uzvi\u0161enog, za terorizam, zna\u010di poziv na obra\u010dunavanje i istrebljivanje, ozna\u010dava postojanje i podr\u0161ku ideologije genocida i etni\u010dkog \u010di\u0161\u0107enja, \u0161to je stra\u0161na poruka za muslimane u Srbiji i otrovna i neprihvatljiva propaganda medija koji to \u010dine.<\/p>\n<p>Ako se stavlja znak jednakosti izme\u0111u svih muslimana koji svjedo\u010de jedinstvo Stvoritelja i terorizma, onda se isto tako mo\u017ee po toj iskrivljenoj, tendencioznoj, nakaradnoj i neprihvatljivoj logici zaklju\u010diti da je svaki pripadnik srpskog naroda i pravoslavlja koji podi\u017ee tri prsta, pokazuju\u0107i svoje vjersko opredjeljenje, \u010detnik, zlikovac i ratni zlo\u010dinac, \u0161to niko od muslimana nikada nije rekao!<\/p>\n<p><em>Glavni vodi\u010d had\u017eija, Re\u0161ad ef. Plojovi\u0107<\/em><\/p>\n","protected":false},"excerpt":{"rendered":"<p>Sand\u017eak, Srbija &#8211; Iznena\u0111uje, vrije\u0111a i \u010dudi ni\u010dim izazvana provokacija, prozivanje i optu\u017eba, ni manje ni vi\u0161e nego za terorizam, upu\u0107ena ovogodi\u0161njim had\u017eijama koji su posredstvom Me\u0161ihata Islamske zajednice u Srbiji putovali na had\u017e izvr\u0161avaju\u0107i jednu od temeljnih du\u017enosti islama. Za one koji ne znaju, podizanje jednog prsta, tj. ka\u017eiprsta, od strane pripadnika islama simboli\u0161e [&hellip;]<\/p>\n","protected":false},"author":83,"featured_media":138364,"comment_status":"open","ping_status":"open","sticky":false,"template":"","format":"standard","meta":{"footnotes":""},"categories":[72,398,800,52,327,392,393,394,8957],"tags":[],"class_list":{"0":"post-138767","1":"post","2":"type-post","3":"status-publish","4":"format-standard","5":"has-post-thumbnail","7":"category-novi-pazar","8":"category-rozaje","9":"category-nacija","10":"category-sjenica","11":"category-tutin","12":"category-prijepolje_","13":"category-priboj","14":"category-nova-varos","15":"category-vijesti-dana"},"yoast_head":"<!-- This site is optimized with the Yoast SEO Premium plugin v23.1 (Yoast SEO v24.9) - https:\/\/yoast.com\/wordpress\/plugins\/seo\/ -->\n<title>Odgovor ef. Plojovi\u0107a sa Had\u017ed\u017ea - &#039;Svi muslimani podi\u017eu jedan prst u namazu, da li \u0107ete ih sve nazvati teroristima?&#039;<\/title>\n<meta name=\"robots\" content=\"index, follow, max-snippet:-1, max-image-preview:large, max-video-preview:-1\" \/>\n<link rel=\"canonical\" href=\"https:\/\/sandzakpress.net\/arhiva\/odgovor-ef-plojovica-sa-hadzadza-svi-muslimani-podizu-jedan-prst-u-namazu-da-li-cete-ih-sve-nazvati-teroristima\/\" \/>\n<meta property=\"og:locale\" content=\"bs_BA\" \/>\n<meta property=\"og:type\" content=\"article\" \/>\n<meta property=\"og:title\" content=\"Odgovor ef. Plojovi\u0107a sa Had\u017ed\u017ea - &#039;Svi muslimani podi\u017eu jedan prst u namazu, da li \u0107ete ih sve nazvati teroristima?&#039;\" \/>\n<meta property=\"og:description\" content=\"Sand\u017eak, Srbija &#8211; Iznena\u0111uje, vrije\u0111a i \u010dudi ni\u010dim izazvana provokacija, prozivanje i optu\u017eba, ni manje ni vi\u0161e nego za terorizam, upu\u0107ena ovogodi\u0161njim had\u017eijama koji su posredstvom Me\u0161ihata Islamske zajednice u Srbiji putovali na had\u017e izvr\u0161avaju\u0107i jednu od temeljnih du\u017enosti islama. Za one koji ne znaju, podizanje jednog prsta, tj. ka\u017eiprsta, od strane pripadnika islama simboli\u0161e [&hellip;]\" \/>\n<meta property=\"og:url\" content=\"https:\/\/sandzakpress.net\/arhiva\/odgovor-ef-plojovica-sa-hadzadza-svi-muslimani-podizu-jedan-prst-u-namazu-da-li-cete-ih-sve-nazvati-teroristima\/\" \/>\n<meta property=\"og:site_name\" content=\"Sand\u017eak PRESS\" \/>\n<meta property=\"article:published_time\" content=\"2015-09-29T08:59:39+00:00\" \/>\n<meta property=\"article:modified_time\" content=\"2015-09-29T20:45:57+00:00\" \/>\n<meta property=\"og:image\" content=\"https:\/\/sandzakpress.net\/arhiva\/wp-content\/uploads\/2015\/09\/cd5e7b71011445df7d31bd54dbc29f6bc771d2df4100c0d290868863379ffb6b.jpg\" \/>\n\t<meta property=\"og:image:width\" content=\"1280\" \/>\n\t<meta property=\"og:image:height\" content=\"960\" \/>\n\t<meta property=\"og:image:type\" content=\"image\/jpeg\" \/>\n<meta name=\"author\" content=\"bosniak\" \/>\n<meta name=\"twitter:card\" content=\"summary_large_image\" \/>\n<meta name=\"twitter:label1\" content=\"Written by\" \/>\n\t<meta name=\"twitter:data1\" content=\"bosniak\" \/>\n\t<meta name=\"twitter:label2\" content=\"Est. reading time\" \/>\n\t<meta name=\"twitter:data2\" content=\"1 minuta\" \/>\n<script type=\"application\/ld+json\" class=\"yoast-schema-graph\">{\"@context\":\"https:\/\/schema.org\",\"@graph\":[{\"@type\":\"Article\",\"@id\":\"https:\/\/sandzakpress.net\/arhiva\/odgovor-ef-plojovica-sa-hadzadza-svi-muslimani-podizu-jedan-prst-u-namazu-da-li-cete-ih-sve-nazvati-teroristima\/#article\",\"isPartOf\":{\"@id\":\"https:\/\/sandzakpress.net\/arhiva\/odgovor-ef-plojovica-sa-hadzadza-svi-muslimani-podizu-jedan-prst-u-namazu-da-li-cete-ih-sve-nazvati-teroristima\/\"},\"author\":{\"name\":\"bosniak\",\"@id\":\"https:\/\/sandzakpress.net\/arhiva\/#\/schema\/person\/c8baee722073534b583ea7bdb2e36c02\"},\"headline\":\"Odgovor ef. Plojovi\u0107a sa Had\u017ed\u017ea &#8211; &#8216;Svi muslimani podi\u017eu jedan prst u namazu, da li \u0107ete ih sve nazvati teroristima?&#8217;\",\"datePublished\":\"2015-09-29T08:59:39+00:00\",\"dateModified\":\"2015-09-29T20:45:57+00:00\",\"mainEntityOfPage\":{\"@id\":\"https:\/\/sandzakpress.net\/arhiva\/odgovor-ef-plojovica-sa-hadzadza-svi-muslimani-podizu-jedan-prst-u-namazu-da-li-cete-ih-sve-nazvati-teroristima\/\"},\"wordCount\":251,\"commentCount\":8,\"publisher\":{\"@id\":\"https:\/\/sandzakpress.net\/arhiva\/#\/schema\/person\/6e72b67d6e51910a1117b3b483ba20bd\"},\"image\":{\"@id\":\"https:\/\/sandzakpress.net\/arhiva\/odgovor-ef-plojovica-sa-hadzadza-svi-muslimani-podizu-jedan-prst-u-namazu-da-li-cete-ih-sve-nazvati-teroristima\/#primaryimage\"},\"thumbnailUrl\":\"https:\/\/sandzakpress.net\/arhiva\/wp-content\/uploads\/2015\/09\/cd5e7b71011445df7d31bd54dbc29f6bc771d2df4100c0d290868863379ffb6b.jpg\",\"articleSection\":[\"Novi Pazar\",\"Ro\u017eaje\",\"Nacija\",\"Sjenica\",\"Tutin\",\"Prijepolje\",\"Priboj\",\"Nova Varo\u0161\",\"VIJESTI DANA\"],\"inLanguage\":\"bs-BA\",\"potentialAction\":[{\"@type\":\"CommentAction\",\"name\":\"Comment\",\"target\":[\"https:\/\/sandzakpress.net\/arhiva\/odgovor-ef-plojovica-sa-hadzadza-svi-muslimani-podizu-jedan-prst-u-namazu-da-li-cete-ih-sve-nazvati-teroristima\/#respond\"]}]},{\"@type\":\"WebPage\",\"@id\":\"https:\/\/sandzakpress.net\/arhiva\/odgovor-ef-plojovica-sa-hadzadza-svi-muslimani-podizu-jedan-prst-u-namazu-da-li-cete-ih-sve-nazvati-teroristima\/\",\"url\":\"https:\/\/sandzakpress.net\/arhiva\/odgovor-ef-plojovica-sa-hadzadza-svi-muslimani-podizu-jedan-prst-u-namazu-da-li-cete-ih-sve-nazvati-teroristima\/\",\"name\":\"Odgovor ef. Plojovi\u0107a sa Had\u017ed\u017ea - 'Svi muslimani podi\u017eu jedan prst u namazu, da li \u0107ete ih sve nazvati teroristima?'\",\"isPartOf\":{\"@id\":\"https:\/\/sandzakpress.net\/arhiva\/#website\"},\"primaryImageOfPage\":{\"@id\":\"https:\/\/sandzakpress.net\/arhiva\/odgovor-ef-plojovica-sa-hadzadza-svi-muslimani-podizu-jedan-prst-u-namazu-da-li-cete-ih-sve-nazvati-teroristima\/#primaryimage\"},\"image\":{\"@id\":\"https:\/\/sandzakpress.net\/arhiva\/odgovor-ef-plojovica-sa-hadzadza-svi-muslimani-podizu-jedan-prst-u-namazu-da-li-cete-ih-sve-nazvati-teroristima\/#primaryimage\"},\"thumbnailUrl\":\"https:\/\/sandzakpress.net\/arhiva\/wp-content\/uploads\/2015\/09\/cd5e7b71011445df7d31bd54dbc29f6bc771d2df4100c0d290868863379ffb6b.jpg\",\"datePublished\":\"2015-09-29T08:59:39+00:00\",\"dateModified\":\"2015-09-29T20:45:57+00:00\",\"breadcrumb\":{\"@id\":\"https:\/\/sandzakpress.net\/arhiva\/odgovor-ef-plojovica-sa-hadzadza-svi-muslimani-podizu-jedan-prst-u-namazu-da-li-cete-ih-sve-nazvati-teroristima\/#breadcrumb\"},\"inLanguage\":\"bs-BA\",\"potentialAction\":[{\"@type\":\"ReadAction\",\"target\":[\"https:\/\/sandzakpress.net\/arhiva\/odgovor-ef-plojovica-sa-hadzadza-svi-muslimani-podizu-jedan-prst-u-namazu-da-li-cete-ih-sve-nazvati-teroristima\/\"]}]},{\"@type\":\"ImageObject\",\"inLanguage\":\"bs-BA\",\"@id\":\"https:\/\/sandzakpress.net\/arhiva\/odgovor-ef-plojovica-sa-hadzadza-svi-muslimani-podizu-jedan-prst-u-namazu-da-li-cete-ih-sve-nazvati-teroristima\/#primaryimage\",\"url\":\"https:\/\/sandzakpress.net\/arhiva\/wp-content\/uploads\/2015\/09\/cd5e7b71011445df7d31bd54dbc29f6bc771d2df4100c0d290868863379ffb6b.jpg\",\"contentUrl\":\"https:\/\/sandzakpress.net\/arhiva\/wp-content\/uploads\/2015\/09\/cd5e7b71011445df7d31bd54dbc29f6bc771d2df4100c0d290868863379ffb6b.jpg\",\"width\":1280,\"height\":960},{\"@type\":\"BreadcrumbList\",\"@id\":\"https:\/\/sandzakpress.net\/arhiva\/odgovor-ef-plojovica-sa-hadzadza-svi-muslimani-podizu-jedan-prst-u-namazu-da-li-cete-ih-sve-nazvati-teroristima\/#breadcrumb\",\"itemListElement\":[{\"@type\":\"ListItem\",\"position\":1,\"name\":\"Home\",\"item\":\"https:\/\/sandzakpress.net\/arhiva\/\"},{\"@type\":\"ListItem\",\"position\":2,\"name\":\"Odgovor ef. Plojovi\u0107a sa Had\u017ed\u017ea &#8211; &#8216;Svi muslimani podi\u017eu jedan prst u namazu, da li \u0107ete ih sve nazvati teroristima?&#8217;\"}]},{\"@type\":\"WebSite\",\"@id\":\"https:\/\/sandzakpress.net\/arhiva\/#website\",\"url\":\"https:\/\/sandzakpress.net\/arhiva\/\",\"name\":\"Sand\u017eak PRESS\",\"description\":\"Prve elektronske novine u Sand\u017eaku\",\"publisher\":{\"@id\":\"https:\/\/sandzakpress.net\/arhiva\/#\/schema\/person\/6e72b67d6e51910a1117b3b483ba20bd\"},\"potentialAction\":[{\"@type\":\"SearchAction\",\"target\":{\"@type\":\"EntryPoint\",\"urlTemplate\":\"https:\/\/sandzakpress.net\/arhiva\/?s={search_term_string}\"},\"query-input\":{\"@type\":\"PropertyValueSpecification\",\"valueRequired\":true,\"valueName\":\"search_term_string\"}}],\"inLanguage\":\"bs-BA\"},{\"@type\":[\"Person\",\"Organization\"],\"@id\":\"https:\/\/sandzakpress.net\/arhiva\/#\/schema\/person\/6e72b67d6e51910a1117b3b483ba20bd\",\"name\":\"Kul\",\"image\":{\"@type\":\"ImageObject\",\"inLanguage\":\"bs-BA\",\"@id\":\"https:\/\/sandzakpress.net\/arhiva\/#\/schema\/person\/image\/\",\"url\":\"https:\/\/secure.gravatar.com\/avatar\/42263f39aa27ac04c43cab85c280eb2e?s=96&d=mm&r=pg\",\"contentUrl\":\"https:\/\/secure.gravatar.com\/avatar\/42263f39aa27ac04c43cab85c280eb2e?s=96&d=mm&r=pg\",\"caption\":\"Kul\"},\"logo\":{\"@id\":\"https:\/\/sandzakpress.net\/arhiva\/#\/schema\/person\/image\/\"}},{\"@type\":\"Person\",\"@id\":\"https:\/\/sandzakpress.net\/arhiva\/#\/schema\/person\/c8baee722073534b583ea7bdb2e36c02\",\"name\":\"bosniak\",\"image\":{\"@type\":\"ImageObject\",\"inLanguage\":\"bs-BA\",\"@id\":\"https:\/\/sandzakpress.net\/arhiva\/#\/schema\/person\/image\/\",\"url\":\"https:\/\/secure.gravatar.com\/avatar\/a04fd330bfe3a36a72a0ad4a6d89fca7?s=96&d=mm&r=pg\",\"contentUrl\":\"https:\/\/secure.gravatar.com\/avatar\/a04fd330bfe3a36a72a0ad4a6d89fca7?s=96&d=mm&r=pg\",\"caption\":\"bosniak\"},\"url\":\"https:\/\/sandzakpress.net\/arhiva\/author\/bosniak\/\"}]}<\/script>\n<!-- \/ Yoast SEO Premium plugin. -->","yoast_head_json":{"title":"Odgovor ef. Plojovi\u0107a sa Had\u017ed\u017ea - 'Svi muslimani podi\u017eu jedan prst u namazu, da li \u0107ete ih sve nazvati teroristima?'","robots":{"index":"index","follow":"follow","max-snippet":"max-snippet:-1","max-image-preview":"max-image-preview:large","max-video-preview":"max-video-preview:-1"},"canonical":"https:\/\/sandzakpress.net\/arhiva\/odgovor-ef-plojovica-sa-hadzadza-svi-muslimani-podizu-jedan-prst-u-namazu-da-li-cete-ih-sve-nazvati-teroristima\/","og_locale":"bs_BA","og_type":"article","og_title":"Odgovor ef. Plojovi\u0107a sa Had\u017ed\u017ea - 'Svi muslimani podi\u017eu jedan prst u namazu, da li \u0107ete ih sve nazvati teroristima?'","og_description":"Sand\u017eak, Srbija &#8211; Iznena\u0111uje, vrije\u0111a i \u010dudi ni\u010dim izazvana provokacija, prozivanje i optu\u017eba, ni manje ni vi\u0161e nego za terorizam, upu\u0107ena ovogodi\u0161njim had\u017eijama koji su posredstvom Me\u0161ihata Islamske zajednice u Srbiji putovali na had\u017e izvr\u0161avaju\u0107i jednu od temeljnih du\u017enosti islama. Za one koji ne znaju, podizanje jednog prsta, tj. ka\u017eiprsta, od strane pripadnika islama simboli\u0161e [&hellip;]","og_url":"https:\/\/sandzakpress.net\/arhiva\/odgovor-ef-plojovica-sa-hadzadza-svi-muslimani-podizu-jedan-prst-u-namazu-da-li-cete-ih-sve-nazvati-teroristima\/","og_site_name":"Sand\u017eak PRESS","article_published_time":"2015-09-29T08:59:39+00:00","article_modified_time":"2015-09-29T20:45:57+00:00","og_image":[{"width":1280,"height":960,"url":"https:\/\/sandzakpress.net\/arhiva\/wp-content\/uploads\/2015\/09\/cd5e7b71011445df7d31bd54dbc29f6bc771d2df4100c0d290868863379ffb6b.jpg","type":"image\/jpeg"}],"author":"bosniak","twitter_card":"summary_large_image","twitter_misc":{"Written by":"bosniak","Est. reading time":"1 minuta"},"schema":{"@context":"https:\/\/schema.org","@graph":[{"@type":"Article","@id":"https:\/\/sandzakpress.net\/arhiva\/odgovor-ef-plojovica-sa-hadzadza-svi-muslimani-podizu-jedan-prst-u-namazu-da-li-cete-ih-sve-nazvati-teroristima\/#article","isPartOf":{"@id":"https:\/\/sandzakpress.net\/arhiva\/odgovor-ef-plojovica-sa-hadzadza-svi-muslimani-podizu-jedan-prst-u-namazu-da-li-cete-ih-sve-nazvati-teroristima\/"},"author":{"name":"bosniak","@id":"https:\/\/sandzakpress.net\/arhiva\/#\/schema\/person\/c8baee722073534b583ea7bdb2e36c02"},"headline":"Odgovor ef. Plojovi\u0107a sa Had\u017ed\u017ea &#8211; &#8216;Svi muslimani podi\u017eu jedan prst u namazu, da li \u0107ete ih sve nazvati teroristima?&#8217;","datePublished":"2015-09-29T08:59:39+00:00","dateModified":"2015-09-29T20:45:57+00:00","mainEntityOfPage":{"@id":"https:\/\/sandzakpress.net\/arhiva\/odgovor-ef-plojovica-sa-hadzadza-svi-muslimani-podizu-jedan-prst-u-namazu-da-li-cete-ih-sve-nazvati-teroristima\/"},"wordCount":251,"commentCount":8,"publisher":{"@id":"https:\/\/sandzakpress.net\/arhiva\/#\/schema\/person\/6e72b67d6e51910a1117b3b483ba20bd"},"image":{"@id":"https:\/\/sandzakpress.net\/arhiva\/odgovor-ef-plojovica-sa-hadzadza-svi-muslimani-podizu-jedan-prst-u-namazu-da-li-cete-ih-sve-nazvati-teroristima\/#primaryimage"},"thumbnailUrl":"https:\/\/sandzakpress.net\/arhiva\/wp-content\/uploads\/2015\/09\/cd5e7b71011445df7d31bd54dbc29f6bc771d2df4100c0d290868863379ffb6b.jpg","articleSection":["Novi Pazar","Ro\u017eaje","Nacija","Sjenica","Tutin","Prijepolje","Priboj","Nova Varo\u0161","VIJESTI DANA"],"inLanguage":"bs-BA","potentialAction":[{"@type":"CommentAction","name":"Comment","target":["https:\/\/sandzakpress.net\/arhiva\/odgovor-ef-plojovica-sa-hadzadza-svi-muslimani-podizu-jedan-prst-u-namazu-da-li-cete-ih-sve-nazvati-teroristima\/#respond"]}]},{"@type":"WebPage","@id":"https:\/\/sandzakpress.net\/arhiva\/odgovor-ef-plojovica-sa-hadzadza-svi-muslimani-podizu-jedan-prst-u-namazu-da-li-cete-ih-sve-nazvati-teroristima\/","url":"https:\/\/sandzakpress.net\/arhiva\/odgovor-ef-plojovica-sa-hadzadza-svi-muslimani-podizu-jedan-prst-u-namazu-da-li-cete-ih-sve-nazvati-teroristima\/","name":"Odgovor ef. Plojovi\u0107a sa Had\u017ed\u017ea - 'Svi muslimani podi\u017eu jedan prst u namazu, da li \u0107ete ih sve nazvati teroristima?'","isPartOf":{"@id":"https:\/\/sandzakpress.net\/arhiva\/#website"},"primaryImageOfPage":{"@id":"https:\/\/sandzakpress.net\/arhiva\/odgovor-ef-plojovica-sa-hadzadza-svi-muslimani-podizu-jedan-prst-u-namazu-da-li-cete-ih-sve-nazvati-teroristima\/#primaryimage"},"image":{"@id":"https:\/\/sandzakpress.net\/arhiva\/odgovor-ef-plojovica-sa-hadzadza-svi-muslimani-podizu-jedan-prst-u-namazu-da-li-cete-ih-sve-nazvati-teroristima\/#primaryimage"},"thumbnailUrl":"https:\/\/sandzakpress.net\/arhiva\/wp-content\/uploads\/2015\/09\/cd5e7b71011445df7d31bd54dbc29f6bc771d2df4100c0d290868863379ffb6b.jpg","datePublished":"2015-09-29T08:59:39+00:00","dateModified":"2015-09-29T20:45:57+00:00","breadcrumb":{"@id":"https:\/\/sandzakpress.net\/arhiva\/odgovor-ef-plojovica-sa-hadzadza-svi-muslimani-podizu-jedan-prst-u-namazu-da-li-cete-ih-sve-nazvati-teroristima\/#breadcrumb"},"inLanguage":"bs-BA","potentialAction":[{"@type":"ReadAction","target":["https:\/\/sandzakpress.net\/arhiva\/odgovor-ef-plojovica-sa-hadzadza-svi-muslimani-podizu-jedan-prst-u-namazu-da-li-cete-ih-sve-nazvati-teroristima\/"]}]},{"@type":"ImageObject","inLanguage":"bs-BA","@id":"https:\/\/sandzakpress.net\/arhiva\/odgovor-ef-plojovica-sa-hadzadza-svi-muslimani-podizu-jedan-prst-u-namazu-da-li-cete-ih-sve-nazvati-teroristima\/#primaryimage","url":"https:\/\/sandzakpress.net\/arhiva\/wp-content\/uploads\/2015\/09\/cd5e7b71011445df7d31bd54dbc29f6bc771d2df4100c0d290868863379ffb6b.jpg","contentUrl":"https:\/\/sandzakpress.net\/arhiva\/wp-content\/uploads\/2015\/09\/cd5e7b71011445df7d31bd54dbc29f6bc771d2df4100c0d290868863379ffb6b.jpg","width":1280,"height":960},{"@type":"BreadcrumbList","@id":"https:\/\/sandzakpress.net\/arhiva\/odgovor-ef-plojovica-sa-hadzadza-svi-muslimani-podizu-jedan-prst-u-namazu-da-li-cete-ih-sve-nazvati-teroristima\/#breadcrumb","itemListElement":[{"@type":"ListItem","position":1,"name":"Home","item":"https:\/\/sandzakpress.net\/arhiva\/"},{"@type":"ListItem","position":2,"name":"Odgovor ef. Plojovi\u0107a sa Had\u017ed\u017ea &#8211; &#8216;Svi muslimani podi\u017eu jedan prst u namazu, da li \u0107ete ih sve nazvati teroristima?&#8217;"}]},{"@type":"WebSite","@id":"https:\/\/sandzakpress.net\/arhiva\/#website","url":"https:\/\/sandzakpress.net\/arhiva\/","name":"Sand\u017eak PRESS","description":"Prve elektronske novine u Sand\u017eaku","publisher":{"@id":"https:\/\/sandzakpress.net\/arhiva\/#\/schema\/person\/6e72b67d6e51910a1117b3b483ba20bd"},"potentialAction":[{"@type":"SearchAction","target":{"@type":"EntryPoint","urlTemplate":"https:\/\/sandzakpress.net\/arhiva\/?s={search_term_string}"},"query-input":{"@type":"PropertyValueSpecification","valueRequired":true,"valueName":"search_term_string"}}],"inLanguage":"bs-BA"},{"@type":["Person","Organization"],"@id":"https:\/\/sandzakpress.net\/arhiva\/#\/schema\/person\/6e72b67d6e51910a1117b3b483ba20bd","name":"Kul","image":{"@type":"ImageObject","inLanguage":"bs-BA","@id":"https:\/\/sandzakpress.net\/arhiva\/#\/schema\/person\/image\/","url":"https:\/\/secure.gravatar.com\/avatar\/42263f39aa27ac04c43cab85c280eb2e?s=96&d=mm&r=pg","contentUrl":"https:\/\/secure.gravatar.com\/avatar\/42263f39aa27ac04c43cab85c280eb2e?s=96&d=mm&r=pg","caption":"Kul"},"logo":{"@id":"https:\/\/sandzakpress.net\/arhiva\/#\/schema\/person\/image\/"}},{"@type":"Person","@id":"https:\/\/sandzakpress.net\/arhiva\/#\/schema\/person\/c8baee722073534b583ea7bdb2e36c02","name":"bosniak","image":{"@type":"ImageObject","inLanguage":"bs-BA","@id":"https:\/\/sandzakpress.net\/arhiva\/#\/schema\/person\/image\/","url":"https:\/\/secure.gravatar.com\/avatar\/a04fd330bfe3a36a72a0ad4a6d89fca7?s=96&d=mm&r=pg","contentUrl":"https:\/\/secure.gravatar.com\/avatar\/a04fd330bfe3a36a72a0ad4a6d89fca7?s=96&d=mm&r=pg","caption":"bosniak"},"url":"https:\/\/sandzakpress.net\/arhiva\/author\/bosniak\/"}]}},"_links":{"self":[{"href":"https:\/\/sandzakpress.net\/arhiva\/wp-json\/wp\/v2\/posts\/138767"}],"collection":[{"href":"https:\/\/sandzakpress.net\/arhiva\/wp-json\/wp\/v2\/posts"}],"about":[{"href":"https:\/\/sandzakpress.net\/arhiva\/wp-json\/wp\/v2\/types\/post"}],"author":[{"embeddable":true,"href":"https:\/\/sandzakpress.net\/arhiva\/wp-json\/wp\/v2\/users\/83"}],"replies":[{"embeddable":true,"href":"https:\/\/sandzakpress.net\/arhiva\/wp-json\/wp\/v2\/comments?post=138767"}],"version-history":[{"count":0,"href":"https:\/\/sandzakpress.net\/arhiva\/wp-json\/wp\/v2\/posts\/138767\/revisions"}],"wp:featuredmedia":[{"embeddable":true,"href":"https:\/\/sandzakpress.net\/arhiva\/wp-json\/wp\/v2\/media\/138364"}],"wp:attachment":[{"href":"https:\/\/sandzakpress.net\/arhiva\/wp-json\/wp\/v2\/media?parent=138767"}],"wp:term":[{"taxonomy":"category","embeddable":true,"href":"https:\/\/sandzakpress.net\/arhiva\/wp-json\/wp\/v2\/categories?post=138767"},{"taxonomy":"post_tag","embeddable":true,"href":"https:\/\/sandzakpress.net\/arhiva\/wp-json\/wp\/v2\/tags?post=138767"}],"curies":[{"name":"wp","href":"https:\/\/api.w.org\/{rel}","templated":true}]}}