{"id":138715,"date":"2015-09-28T17:47:56","date_gmt":"2015-09-28T15:47:56","guid":{"rendered":"https:\/\/sandzakpress.net\/arhiva\/?p=138715"},"modified":"2015-09-28T17:47:56","modified_gmt":"2015-09-28T15:47:56","slug":"isak-meta-bojkotujte-proslavu-vakatovih-dana-bosnjaka","status":"publish","type":"post","link":"https:\/\/sandzakpress.net\/arhiva\/isak-meta-bojkotujte-proslavu-vakatovih-dana-bosnjaka\/","title":{"rendered":"Isak Meta: Bojkotujte proslavu vakatovih Dana Bo\u0161njaka !"},"content":{"rendered":"<p><strong><img loading=\"lazy\" decoding=\"async\" class=\"aligncenter size-full wp-image-138716\" src=\"https:\/\/sandzakpress.net\/arhiva\/wp-content\/uploads\/2015\/09\/unnamed8.jpg\" alt=\"unnamed\" width=\"480\" height=\"360\" \/>Kosovo &#8211; Da, na\u017ealost, pozivam Vas na bojkot vakatove politi\u010dki motivisane proslave Dana Bo\u0161njaka. Pozivam vas na bojkot poteza i politikanstva koji su nas historijski razdvajali, ispolitizirali su ne\u0161to \u0161to nas u istoj toj historiji treba ujediniti<\/strong><\/p>\n<p>Kao prvi inicijator proslave Dana Bo\u0161njaka ( 2008. godine ), inicijator ( 2010. godine ) oduzimanja prava vakatu da u ime Bo\u0161njaka organizuje proslavu Dana Bo\u0161njaka i \u010dlan \u010detiri organizaciona odbora proslave Dana Bo\u0161njaka sa pravom sebi dajem legitimitet da vas pozovem na bojkot prikupljanja jeftinih politi\u010dkih poena na ra\u010dun ne\u010dega \u0161to nas je odr\u017ealo na ovim prostorima.<\/p>\n<p>Oduvek sam bio mi\u0161ljenja, i ostao sam pri tome, da niko sebi ne mo\u017ee dati za pravo da organizuje proslavu Dana Bo\u0161njaka u ime cijelokupne zajednice i da po strani ostavlja vi\u0161e od polovine politi\u010dkih neistomi\u0161ljenika. Najmanje za pravo ima vakat \u010dije su politi\u010dke partije i \u010delni ljudi sumnjive politi\u010dke pro\u0161losti i bez imalo doprinosa vra\u0107anju identiteta Bo\u0161njaka. Nazalost oni su 90-ih godina bili na strani agresorski nastrojene srbijanske politicke garniture u cilju stvaranja i realizacije velikosrpskih megalomansko imperijalisti\u010dkih ideja ! Razumijem da postoji potreba da kontrolom proslave poku\u0161aju ispraviti taj dio njihove historije ali ne trebaju pretjerivati&#8230;<\/p>\n<p>Kao \u010dlan organizacionih odbora proslave Dana Bo\u0161njaka pod pokroviteljstvom Bo\u0161njackog Savjeta Kosova 2010, 2011, 2012. i 2013. godine svjedok sam napora da politi\u010dari kontroli\u0161u samu proslavu i sebe promovi\u0161u, \u0161to je krajnje cini\u010dno i opisuje pre svega mentalno a zatim i politi\u010dku svijest na\u0161ih nazovi politi\u010dkih predstavnika. Uvijek su se pona\u0161ali kao da im je malo ostalih 3645 dana u godini da se uslovno re\u010deno dokazuju i promovi\u0161u&#8230;<\/p>\n<p>Pod organizacijom BSK-a proslave su bile dobro organizirane, bili su uklju\u010deni svi Bo\u0161njaci bez obzira na politi\u010dku opredeljenost i proslava je organizovana po svim mjestima gdje \u017eive Bo\u0161njaci. Organizacija je bila transparentna, sama agenda proslave kao i finansijski izvje\u0161taj.<\/p>\n<p>No takav vid organizacije njima nije odgovarao, \u0161to je u skladu sa njihovim politi\u010dkim potezima i aktivnostima.<\/p>\n<p>Pro\u0161le godine je proslava nasilni\u010dki otrgnuta iz nezavisnosti i ingerencije krovne organizacije Bo\u0161njackog Savjeta Kosova od strane vakata. Svjedoci smo da je jedan dio nvo \u010dlanica BSK-a otr\u010dao onima koji su raspolagali finansijskim sredstvima (vakatu) da se malo &#8220;ogrebu&#8221;, tako su pokazali svoju politi\u010dku \u201cnepristrasnost\u201d i sve je kona\u010dno iza\u0161lo na \u010distac. Postoje ne provjerene informacije i indikacije da je pro\u0161logodisnjom proslavom pronevjeren jedan dio donacija sto ipak ostaje na donatorima i nadle\u017enim pravosudnim organima da provjere (Kancelarija za manjine ureda premijera Republike Kosova 26.000 eura, Americka ambasada 5.000 usd i\u00a0 Turska ambasada 1.000 eura).<\/p>\n<p>Ove godine odlukom Vlade proslavu \u0107e organizovati Ministarstvo bez portfelja na \u010dijem je \u010delu &#8220;Bo\u0161njak&#8221;. Interesantno, opet su prona\u0161li nacin da manipuliraju organizacijom i ostave ve\u0107inu Bo\u0161njaka van proslave&#8230; Pitam se&#8230;zar to ministarstvo nema drugih obaveza i za\u0161to onda to ministarstvo ne organizuje proslavu praznika i drugih zajednica?!<\/p>\n<p>Bore se da se ovogodi\u0161nji bud\u017eet pove\u0107a jer malo je 15 hiljada malo. njima treba jo\u0161 10 hiljada&#8230;Ma njima i njihovim NVO vukovima je malo i 150 hiljada !<\/p>\n<p>Besramno&#8230;u vrijemenu te\u0161ke ekonomske krize kada nam polovina stanovni\u0161tva \u017eivi na ivici bijede oni opet \u017eele bahato tro\u0161iti i podmirivati strana\u010dke dugove na ra\u010dun poreskih obveznika ! I sve to u ime proslave i la\u017enog im patriotizma&#8230; Na tome i \u017eive, zar ne ?! Njima je bo\u0161nja\u0161tvo i blagi nacio-patriotizam fantasti\u010dna prilika da privatno &#8220;a\u0161i\u0107are&#8221;.<\/p>\n<p>Zbog svih ovih \u010dinjenica, mi\u0161ljenja sam da ovogodi\u0161nju proslavu Dana Bo\u0161njaka trebamo ignorisati i bojkovati, valjda \u0107emo ih na taj na\u010din ubjediti da prestanu sa manipulacijom proslave najve\u0107eg praznika Bo\u0161njaka na Kosovu.<\/p>\n<p>Pozivam sve nezavisne Bo\u0161njake, bo\u0161nja\u010dke NVO-e a i pristalice vakata na bojkot ovogodi\u0161nje proslave ! Ove godine je za\u0161titni znak ove proslave (bar meni) \u00a0pozori\u0161na predstava koja \u0107e biti organizirana u Prizrenu sa naslovom &#8220;Dr\u017eavni lopov&#8221;, eto nam parole za proslavu Dana Bo\u0161njaka&#8230;<\/p>\n<p><strong>Isak Meta<\/strong><\/p>\n<p>\u010clan Konsultativnog Vije\u0107a za zajednice pri uredu predsjednice Republike Kosova<br \/> Predsjedavaju\u0107i BSK-a 2011-2013<\/p>\n","protected":false},"excerpt":{"rendered":"<p>Kosovo &#8211; Da, na\u017ealost, pozivam Vas na bojkot vakatove politi\u010dki motivisane proslave Dana Bo\u0161njaka. Pozivam vas na bojkot poteza i politikanstva koji su nas historijski razdvajali, ispolitizirali su ne\u0161to \u0161to nas u istoj toj historiji treba ujediniti Kao prvi inicijator proslave Dana Bo\u0161njaka ( 2008. godine ), inicijator ( 2010. godine ) oduzimanja prava vakatu [&hellip;]<\/p>\n","protected":false},"author":83,"featured_media":138716,"comment_status":"open","ping_status":"open","sticky":false,"template":"","format":"standard","meta":{"footnotes":""},"categories":[800,2690,10429],"tags":[],"class_list":{"0":"post-138715","1":"post","2":"type-post","3":"status-publish","4":"format-standard","5":"has-post-thumbnail","7":"category-nacija","8":"category-kosovo-gradovi","9":"category-vazno"},"yoast_head":"<!-- This site is optimized with the Yoast SEO Premium plugin v23.1 (Yoast SEO v24.9) - https:\/\/yoast.com\/wordpress\/plugins\/seo\/ -->\n<title>Isak Meta: Bojkotujte proslavu vakatovih Dana Bo\u0161njaka !<\/title>\n<meta name=\"robots\" content=\"index, follow, max-snippet:-1, max-image-preview:large, max-video-preview:-1\" \/>\n<link rel=\"canonical\" href=\"https:\/\/sandzakpress.net\/arhiva\/isak-meta-bojkotujte-proslavu-vakatovih-dana-bosnjaka\/\" \/>\n<meta property=\"og:locale\" content=\"bs_BA\" \/>\n<meta property=\"og:type\" content=\"article\" \/>\n<meta property=\"og:title\" content=\"Isak Meta: Bojkotujte proslavu vakatovih Dana Bo\u0161njaka !\" \/>\n<meta property=\"og:description\" content=\"Kosovo &#8211; Da, na\u017ealost, pozivam Vas na bojkot vakatove politi\u010dki motivisane proslave Dana Bo\u0161njaka. Pozivam vas na bojkot poteza i politikanstva koji su nas historijski razdvajali, ispolitizirali su ne\u0161to \u0161to nas u istoj toj historiji treba ujediniti Kao prvi inicijator proslave Dana Bo\u0161njaka ( 2008. godine ), inicijator ( 2010. godine ) oduzimanja prava vakatu [&hellip;]\" \/>\n<meta property=\"og:url\" content=\"https:\/\/sandzakpress.net\/arhiva\/isak-meta-bojkotujte-proslavu-vakatovih-dana-bosnjaka\/\" \/>\n<meta property=\"og:site_name\" content=\"Sand\u017eak PRESS\" \/>\n<meta property=\"article:published_time\" content=\"2015-09-28T15:47:56+00:00\" \/>\n<meta property=\"og:image\" content=\"https:\/\/sandzakpress.net\/arhiva\/wp-content\/uploads\/2015\/09\/unnamed8.jpg\" \/>\n\t<meta property=\"og:image:width\" content=\"480\" \/>\n\t<meta property=\"og:image:height\" content=\"360\" \/>\n\t<meta property=\"og:image:type\" content=\"image\/jpeg\" \/>\n<meta name=\"author\" content=\"bosniak\" \/>\n<meta name=\"twitter:card\" content=\"summary_large_image\" \/>\n<meta name=\"twitter:label1\" content=\"Written by\" \/>\n\t<meta name=\"twitter:data1\" content=\"bosniak\" \/>\n\t<meta name=\"twitter:label2\" content=\"Est. reading time\" \/>\n\t<meta name=\"twitter:data2\" content=\"4 minute\" \/>\n<script type=\"application\/ld+json\" class=\"yoast-schema-graph\">{\"@context\":\"https:\/\/schema.org\",\"@graph\":[{\"@type\":\"Article\",\"@id\":\"https:\/\/sandzakpress.net\/arhiva\/isak-meta-bojkotujte-proslavu-vakatovih-dana-bosnjaka\/#article\",\"isPartOf\":{\"@id\":\"https:\/\/sandzakpress.net\/arhiva\/isak-meta-bojkotujte-proslavu-vakatovih-dana-bosnjaka\/\"},\"author\":{\"name\":\"bosniak\",\"@id\":\"https:\/\/sandzakpress.net\/arhiva\/#\/schema\/person\/c8baee722073534b583ea7bdb2e36c02\"},\"headline\":\"Isak Meta: Bojkotujte proslavu vakatovih Dana Bo\u0161njaka !\",\"datePublished\":\"2015-09-28T15:47:56+00:00\",\"mainEntityOfPage\":{\"@id\":\"https:\/\/sandzakpress.net\/arhiva\/isak-meta-bojkotujte-proslavu-vakatovih-dana-bosnjaka\/\"},\"wordCount\":710,\"commentCount\":1,\"publisher\":{\"@id\":\"https:\/\/sandzakpress.net\/arhiva\/#\/schema\/person\/6e72b67d6e51910a1117b3b483ba20bd\"},\"image\":{\"@id\":\"https:\/\/sandzakpress.net\/arhiva\/isak-meta-bojkotujte-proslavu-vakatovih-dana-bosnjaka\/#primaryimage\"},\"thumbnailUrl\":\"https:\/\/sandzakpress.net\/arhiva\/wp-content\/uploads\/2015\/09\/unnamed8.jpg\",\"articleSection\":[\"Nacija\",\"Kosovo\",\"VA\u017dNO!\"],\"inLanguage\":\"bs-BA\",\"potentialAction\":[{\"@type\":\"CommentAction\",\"name\":\"Comment\",\"target\":[\"https:\/\/sandzakpress.net\/arhiva\/isak-meta-bojkotujte-proslavu-vakatovih-dana-bosnjaka\/#respond\"]}]},{\"@type\":\"WebPage\",\"@id\":\"https:\/\/sandzakpress.net\/arhiva\/isak-meta-bojkotujte-proslavu-vakatovih-dana-bosnjaka\/\",\"url\":\"https:\/\/sandzakpress.net\/arhiva\/isak-meta-bojkotujte-proslavu-vakatovih-dana-bosnjaka\/\",\"name\":\"Isak Meta: Bojkotujte proslavu vakatovih Dana Bo\u0161njaka !\",\"isPartOf\":{\"@id\":\"https:\/\/sandzakpress.net\/arhiva\/#website\"},\"primaryImageOfPage\":{\"@id\":\"https:\/\/sandzakpress.net\/arhiva\/isak-meta-bojkotujte-proslavu-vakatovih-dana-bosnjaka\/#primaryimage\"},\"image\":{\"@id\":\"https:\/\/sandzakpress.net\/arhiva\/isak-meta-bojkotujte-proslavu-vakatovih-dana-bosnjaka\/#primaryimage\"},\"thumbnailUrl\":\"https:\/\/sandzakpress.net\/arhiva\/wp-content\/uploads\/2015\/09\/unnamed8.jpg\",\"datePublished\":\"2015-09-28T15:47:56+00:00\",\"breadcrumb\":{\"@id\":\"https:\/\/sandzakpress.net\/arhiva\/isak-meta-bojkotujte-proslavu-vakatovih-dana-bosnjaka\/#breadcrumb\"},\"inLanguage\":\"bs-BA\",\"potentialAction\":[{\"@type\":\"ReadAction\",\"target\":[\"https:\/\/sandzakpress.net\/arhiva\/isak-meta-bojkotujte-proslavu-vakatovih-dana-bosnjaka\/\"]}]},{\"@type\":\"ImageObject\",\"inLanguage\":\"bs-BA\",\"@id\":\"https:\/\/sandzakpress.net\/arhiva\/isak-meta-bojkotujte-proslavu-vakatovih-dana-bosnjaka\/#primaryimage\",\"url\":\"https:\/\/sandzakpress.net\/arhiva\/wp-content\/uploads\/2015\/09\/unnamed8.jpg\",\"contentUrl\":\"https:\/\/sandzakpress.net\/arhiva\/wp-content\/uploads\/2015\/09\/unnamed8.jpg\",\"width\":480,\"height\":360},{\"@type\":\"BreadcrumbList\",\"@id\":\"https:\/\/sandzakpress.net\/arhiva\/isak-meta-bojkotujte-proslavu-vakatovih-dana-bosnjaka\/#breadcrumb\",\"itemListElement\":[{\"@type\":\"ListItem\",\"position\":1,\"name\":\"Home\",\"item\":\"https:\/\/sandzakpress.net\/arhiva\/\"},{\"@type\":\"ListItem\",\"position\":2,\"name\":\"Isak Meta: Bojkotujte proslavu vakatovih Dana Bo\u0161njaka !\"}]},{\"@type\":\"WebSite\",\"@id\":\"https:\/\/sandzakpress.net\/arhiva\/#website\",\"url\":\"https:\/\/sandzakpress.net\/arhiva\/\",\"name\":\"Sand\u017eak PRESS\",\"description\":\"Prve elektronske novine u Sand\u017eaku\",\"publisher\":{\"@id\":\"https:\/\/sandzakpress.net\/arhiva\/#\/schema\/person\/6e72b67d6e51910a1117b3b483ba20bd\"},\"potentialAction\":[{\"@type\":\"SearchAction\",\"target\":{\"@type\":\"EntryPoint\",\"urlTemplate\":\"https:\/\/sandzakpress.net\/arhiva\/?s={search_term_string}\"},\"query-input\":{\"@type\":\"PropertyValueSpecification\",\"valueRequired\":true,\"valueName\":\"search_term_string\"}}],\"inLanguage\":\"bs-BA\"},{\"@type\":[\"Person\",\"Organization\"],\"@id\":\"https:\/\/sandzakpress.net\/arhiva\/#\/schema\/person\/6e72b67d6e51910a1117b3b483ba20bd\",\"name\":\"Kul\",\"image\":{\"@type\":\"ImageObject\",\"inLanguage\":\"bs-BA\",\"@id\":\"https:\/\/sandzakpress.net\/arhiva\/#\/schema\/person\/image\/\",\"url\":\"https:\/\/secure.gravatar.com\/avatar\/42263f39aa27ac04c43cab85c280eb2e?s=96&d=mm&r=pg\",\"contentUrl\":\"https:\/\/secure.gravatar.com\/avatar\/42263f39aa27ac04c43cab85c280eb2e?s=96&d=mm&r=pg\",\"caption\":\"Kul\"},\"logo\":{\"@id\":\"https:\/\/sandzakpress.net\/arhiva\/#\/schema\/person\/image\/\"}},{\"@type\":\"Person\",\"@id\":\"https:\/\/sandzakpress.net\/arhiva\/#\/schema\/person\/c8baee722073534b583ea7bdb2e36c02\",\"name\":\"bosniak\",\"image\":{\"@type\":\"ImageObject\",\"inLanguage\":\"bs-BA\",\"@id\":\"https:\/\/sandzakpress.net\/arhiva\/#\/schema\/person\/image\/\",\"url\":\"https:\/\/secure.gravatar.com\/avatar\/a04fd330bfe3a36a72a0ad4a6d89fca7?s=96&d=mm&r=pg\",\"contentUrl\":\"https:\/\/secure.gravatar.com\/avatar\/a04fd330bfe3a36a72a0ad4a6d89fca7?s=96&d=mm&r=pg\",\"caption\":\"bosniak\"},\"url\":\"https:\/\/sandzakpress.net\/arhiva\/author\/bosniak\/\"}]}<\/script>\n<!-- \/ Yoast SEO Premium plugin. -->","yoast_head_json":{"title":"Isak Meta: Bojkotujte proslavu vakatovih Dana Bo\u0161njaka !","robots":{"index":"index","follow":"follow","max-snippet":"max-snippet:-1","max-image-preview":"max-image-preview:large","max-video-preview":"max-video-preview:-1"},"canonical":"https:\/\/sandzakpress.net\/arhiva\/isak-meta-bojkotujte-proslavu-vakatovih-dana-bosnjaka\/","og_locale":"bs_BA","og_type":"article","og_title":"Isak Meta: Bojkotujte proslavu vakatovih Dana Bo\u0161njaka !","og_description":"Kosovo &#8211; Da, na\u017ealost, pozivam Vas na bojkot vakatove politi\u010dki motivisane proslave Dana Bo\u0161njaka. Pozivam vas na bojkot poteza i politikanstva koji su nas historijski razdvajali, ispolitizirali su ne\u0161to \u0161to nas u istoj toj historiji treba ujediniti Kao prvi inicijator proslave Dana Bo\u0161njaka ( 2008. godine ), inicijator ( 2010. godine ) oduzimanja prava vakatu [&hellip;]","og_url":"https:\/\/sandzakpress.net\/arhiva\/isak-meta-bojkotujte-proslavu-vakatovih-dana-bosnjaka\/","og_site_name":"Sand\u017eak PRESS","article_published_time":"2015-09-28T15:47:56+00:00","og_image":[{"width":480,"height":360,"url":"https:\/\/sandzakpress.net\/arhiva\/wp-content\/uploads\/2015\/09\/unnamed8.jpg","type":"image\/jpeg"}],"author":"bosniak","twitter_card":"summary_large_image","twitter_misc":{"Written by":"bosniak","Est. reading time":"4 minute"},"schema":{"@context":"https:\/\/schema.org","@graph":[{"@type":"Article","@id":"https:\/\/sandzakpress.net\/arhiva\/isak-meta-bojkotujte-proslavu-vakatovih-dana-bosnjaka\/#article","isPartOf":{"@id":"https:\/\/sandzakpress.net\/arhiva\/isak-meta-bojkotujte-proslavu-vakatovih-dana-bosnjaka\/"},"author":{"name":"bosniak","@id":"https:\/\/sandzakpress.net\/arhiva\/#\/schema\/person\/c8baee722073534b583ea7bdb2e36c02"},"headline":"Isak Meta: Bojkotujte proslavu vakatovih Dana Bo\u0161njaka !","datePublished":"2015-09-28T15:47:56+00:00","mainEntityOfPage":{"@id":"https:\/\/sandzakpress.net\/arhiva\/isak-meta-bojkotujte-proslavu-vakatovih-dana-bosnjaka\/"},"wordCount":710,"commentCount":1,"publisher":{"@id":"https:\/\/sandzakpress.net\/arhiva\/#\/schema\/person\/6e72b67d6e51910a1117b3b483ba20bd"},"image":{"@id":"https:\/\/sandzakpress.net\/arhiva\/isak-meta-bojkotujte-proslavu-vakatovih-dana-bosnjaka\/#primaryimage"},"thumbnailUrl":"https:\/\/sandzakpress.net\/arhiva\/wp-content\/uploads\/2015\/09\/unnamed8.jpg","articleSection":["Nacija","Kosovo","VA\u017dNO!"],"inLanguage":"bs-BA","potentialAction":[{"@type":"CommentAction","name":"Comment","target":["https:\/\/sandzakpress.net\/arhiva\/isak-meta-bojkotujte-proslavu-vakatovih-dana-bosnjaka\/#respond"]}]},{"@type":"WebPage","@id":"https:\/\/sandzakpress.net\/arhiva\/isak-meta-bojkotujte-proslavu-vakatovih-dana-bosnjaka\/","url":"https:\/\/sandzakpress.net\/arhiva\/isak-meta-bojkotujte-proslavu-vakatovih-dana-bosnjaka\/","name":"Isak Meta: Bojkotujte proslavu vakatovih Dana Bo\u0161njaka !","isPartOf":{"@id":"https:\/\/sandzakpress.net\/arhiva\/#website"},"primaryImageOfPage":{"@id":"https:\/\/sandzakpress.net\/arhiva\/isak-meta-bojkotujte-proslavu-vakatovih-dana-bosnjaka\/#primaryimage"},"image":{"@id":"https:\/\/sandzakpress.net\/arhiva\/isak-meta-bojkotujte-proslavu-vakatovih-dana-bosnjaka\/#primaryimage"},"thumbnailUrl":"https:\/\/sandzakpress.net\/arhiva\/wp-content\/uploads\/2015\/09\/unnamed8.jpg","datePublished":"2015-09-28T15:47:56+00:00","breadcrumb":{"@id":"https:\/\/sandzakpress.net\/arhiva\/isak-meta-bojkotujte-proslavu-vakatovih-dana-bosnjaka\/#breadcrumb"},"inLanguage":"bs-BA","potentialAction":[{"@type":"ReadAction","target":["https:\/\/sandzakpress.net\/arhiva\/isak-meta-bojkotujte-proslavu-vakatovih-dana-bosnjaka\/"]}]},{"@type":"ImageObject","inLanguage":"bs-BA","@id":"https:\/\/sandzakpress.net\/arhiva\/isak-meta-bojkotujte-proslavu-vakatovih-dana-bosnjaka\/#primaryimage","url":"https:\/\/sandzakpress.net\/arhiva\/wp-content\/uploads\/2015\/09\/unnamed8.jpg","contentUrl":"https:\/\/sandzakpress.net\/arhiva\/wp-content\/uploads\/2015\/09\/unnamed8.jpg","width":480,"height":360},{"@type":"BreadcrumbList","@id":"https:\/\/sandzakpress.net\/arhiva\/isak-meta-bojkotujte-proslavu-vakatovih-dana-bosnjaka\/#breadcrumb","itemListElement":[{"@type":"ListItem","position":1,"name":"Home","item":"https:\/\/sandzakpress.net\/arhiva\/"},{"@type":"ListItem","position":2,"name":"Isak Meta: Bojkotujte proslavu vakatovih Dana Bo\u0161njaka !"}]},{"@type":"WebSite","@id":"https:\/\/sandzakpress.net\/arhiva\/#website","url":"https:\/\/sandzakpress.net\/arhiva\/","name":"Sand\u017eak PRESS","description":"Prve elektronske novine u Sand\u017eaku","publisher":{"@id":"https:\/\/sandzakpress.net\/arhiva\/#\/schema\/person\/6e72b67d6e51910a1117b3b483ba20bd"},"potentialAction":[{"@type":"SearchAction","target":{"@type":"EntryPoint","urlTemplate":"https:\/\/sandzakpress.net\/arhiva\/?s={search_term_string}"},"query-input":{"@type":"PropertyValueSpecification","valueRequired":true,"valueName":"search_term_string"}}],"inLanguage":"bs-BA"},{"@type":["Person","Organization"],"@id":"https:\/\/sandzakpress.net\/arhiva\/#\/schema\/person\/6e72b67d6e51910a1117b3b483ba20bd","name":"Kul","image":{"@type":"ImageObject","inLanguage":"bs-BA","@id":"https:\/\/sandzakpress.net\/arhiva\/#\/schema\/person\/image\/","url":"https:\/\/secure.gravatar.com\/avatar\/42263f39aa27ac04c43cab85c280eb2e?s=96&d=mm&r=pg","contentUrl":"https:\/\/secure.gravatar.com\/avatar\/42263f39aa27ac04c43cab85c280eb2e?s=96&d=mm&r=pg","caption":"Kul"},"logo":{"@id":"https:\/\/sandzakpress.net\/arhiva\/#\/schema\/person\/image\/"}},{"@type":"Person","@id":"https:\/\/sandzakpress.net\/arhiva\/#\/schema\/person\/c8baee722073534b583ea7bdb2e36c02","name":"bosniak","image":{"@type":"ImageObject","inLanguage":"bs-BA","@id":"https:\/\/sandzakpress.net\/arhiva\/#\/schema\/person\/image\/","url":"https:\/\/secure.gravatar.com\/avatar\/a04fd330bfe3a36a72a0ad4a6d89fca7?s=96&d=mm&r=pg","contentUrl":"https:\/\/secure.gravatar.com\/avatar\/a04fd330bfe3a36a72a0ad4a6d89fca7?s=96&d=mm&r=pg","caption":"bosniak"},"url":"https:\/\/sandzakpress.net\/arhiva\/author\/bosniak\/"}]}},"_links":{"self":[{"href":"https:\/\/sandzakpress.net\/arhiva\/wp-json\/wp\/v2\/posts\/138715"}],"collection":[{"href":"https:\/\/sandzakpress.net\/arhiva\/wp-json\/wp\/v2\/posts"}],"about":[{"href":"https:\/\/sandzakpress.net\/arhiva\/wp-json\/wp\/v2\/types\/post"}],"author":[{"embeddable":true,"href":"https:\/\/sandzakpress.net\/arhiva\/wp-json\/wp\/v2\/users\/83"}],"replies":[{"embeddable":true,"href":"https:\/\/sandzakpress.net\/arhiva\/wp-json\/wp\/v2\/comments?post=138715"}],"version-history":[{"count":0,"href":"https:\/\/sandzakpress.net\/arhiva\/wp-json\/wp\/v2\/posts\/138715\/revisions"}],"wp:featuredmedia":[{"embeddable":true,"href":"https:\/\/sandzakpress.net\/arhiva\/wp-json\/wp\/v2\/media\/138716"}],"wp:attachment":[{"href":"https:\/\/sandzakpress.net\/arhiva\/wp-json\/wp\/v2\/media?parent=138715"}],"wp:term":[{"taxonomy":"category","embeddable":true,"href":"https:\/\/sandzakpress.net\/arhiva\/wp-json\/wp\/v2\/categories?post=138715"},{"taxonomy":"post_tag","embeddable":true,"href":"https:\/\/sandzakpress.net\/arhiva\/wp-json\/wp\/v2\/tags?post=138715"}],"curies":[{"name":"wp","href":"https:\/\/api.w.org\/{rel}","templated":true}]}}