{"id":138638,"date":"2015-09-28T14:19:04","date_gmt":"2015-09-28T12:19:04","guid":{"rendered":"https:\/\/sandzakpress.net\/arhiva\/?p=138638"},"modified":"2015-09-28T14:20:52","modified_gmt":"2015-09-28T12:20:52","slug":"protesti-u-cg-bdz-podrzala-opoziciju-rezimske-bosnjacke-stranke-uz-milovu-vladu","status":"publish","type":"post","link":"https:\/\/sandzakpress.net\/arhiva\/protesti-u-cg-bdz-podrzala-opoziciju-rezimske-bosnjacke-stranke-uz-milovu-vladu\/","title":{"rendered":"Protesti u CG &#8211; BDZ podr\u017eala opoziciju, re\u017eimske bo\u0161nja\u010dke stranke uz Milovu Vladu"},"content":{"rendered":"<p><img decoding=\"async\" src=\"http:\/\/www.sandzakhaber.net\/wp-content\/uploads\/2015\/09\/protest2.jpg\" alt=\"\" \/><\/p>\n<p><strong>Sand\u017eak, Crna Gora &#8211; Ju\u010der je u Podgorici odr\u017ean protest opozicije koju predvode Andrija Mandi\u0107 i Nikola Medojevi\u0107 na kojem se pojavila i zastava Sand\u017eaka.<\/strong><\/p>\n<p>Zastavu Sand\u017eaka su istakli demonstranti koji su se priklju\u010dili protestu iz BDZ stranke, predvp\u0111eni Almirom Muratovi\u0107em, predsjednikom BDZ za Petnjicu.<\/p>\n<h3>BS\u00a0uz Milovu Vladu<\/h3>\n<p class=\"lead\">&#8220;Najavljeni protesti nemaju socijalni karakter ve\u0107 isklju\u010divo su usmjereni na zbunjivanje gra\u0111ana i stvaranje pretpostavki za nasilje koje \u0107e biti na njihovu \u0161tetu&#8221;, kazao je Husovi\u0107<\/p>\n<h3 class=\"vf cf\">\u00a0I Ljaji\u0107ev SDP iz Novog Pazara uz Milovu Vladu<\/h3>\n<p class=\"vf cf\">Mediji bliski Rasimu Ljaji\u0107u su tako\u0111er podr\u017eali Vladu Mila \u0110ukanovi\u0107a, osu\u0111uju\u0107i BDZ zbog pru\u017eanja podr\u0161ke protestima.<\/p>\n<p><img decoding=\"async\" src=\"http:\/\/rtcg.me\/upload\/boxImageData\/2015\/09\/27\/143010\/%C5%A0atori%20u%20kampu.jpg\" alt=\"\u0160atori postavljeni i u parku preko puta Skup\u0161tine (rtcg.me)\" \/><\/p>\n<div class=\"youtube-embed\" data-video_id=\"qEb9nzDxsDU\"><iframe loading=\"lazy\" title=\"Marinovi\u0107 o podizanju \u0161atorskog naselja u centru Podgorice\" width=\"696\" height=\"392\" src=\"https:\/\/www.youtube.com\/embed\/qEb9nzDxsDU?start=127&#038;feature=oembed\" frameborder=\"0\" allow=\"accelerometer; autoplay; encrypted-media; gyroscope; picture-in-picture\" allowfullscreen><\/iframe><\/div>\n","protected":false},"excerpt":{"rendered":"<p>Sand\u017eak, Crna Gora &#8211; Ju\u010der je u Podgorici odr\u017ean protest opozicije koju predvode Andrija Mandi\u0107 i Nikola Medojevi\u0107 na kojem se pojavila i zastava Sand\u017eaka. Zastavu Sand\u017eaka su istakli demonstranti koji su se priklju\u010dili protestu iz BDZ stranke, predvp\u0111eni Almirom Muratovi\u0107em, predsjednikom BDZ za Petnjicu. BS\u00a0uz Milovu Vladu &#8220;Najavljeni protesti nemaju socijalni karakter ve\u0107 isklju\u010divo [&hellip;]<\/p>\n","protected":false},"author":83,"featured_media":138647,"comment_status":"open","ping_status":"open","sticky":false,"template":"","format":"standard","meta":{"footnotes":""},"categories":[398,1,397,10174,396,395,399,10173,8957],"tags":[10223],"class_list":{"0":"post-138638","1":"post","2":"type-post","3":"status-publish","4":"format-standard","5":"has-post-thumbnail","7":"category-rozaje","8":"category-politika","9":"category-berane","10":"category-petnjica-vase-vijesti","11":"category-bijelo_polje","12":"category-pljevlja_","13":"category-plav_","14":"category-gusinje-vase-vijesti","15":"category-vijesti-dana","16":"tag-bdz"},"yoast_head":"<!-- This site is optimized with the Yoast SEO Premium plugin v23.1 (Yoast SEO v24.9) - https:\/\/yoast.com\/wordpress\/plugins\/seo\/ -->\n<title>Protesti u CG - BDZ podr\u017eala opoziciju, re\u017eimske bo\u0161nja\u010dke stranke uz Milovu Vladu<\/title>\n<meta name=\"robots\" content=\"index, follow, max-snippet:-1, max-image-preview:large, max-video-preview:-1\" \/>\n<link rel=\"canonical\" href=\"https:\/\/sandzakpress.net\/arhiva\/protesti-u-cg-bdz-podrzala-opoziciju-rezimske-bosnjacke-stranke-uz-milovu-vladu\/\" \/>\n<meta property=\"og:locale\" content=\"bs_BA\" \/>\n<meta property=\"og:type\" content=\"article\" \/>\n<meta property=\"og:title\" content=\"Protesti u CG - BDZ podr\u017eala opoziciju, re\u017eimske bo\u0161nja\u010dke stranke uz Milovu Vladu\" \/>\n<meta property=\"og:description\" content=\"Sand\u017eak, Crna Gora &#8211; Ju\u010der je u Podgorici odr\u017ean protest opozicije koju predvode Andrija Mandi\u0107 i Nikola Medojevi\u0107 na kojem se pojavila i zastava Sand\u017eaka. Zastavu Sand\u017eaka su istakli demonstranti koji su se priklju\u010dili protestu iz BDZ stranke, predvp\u0111eni Almirom Muratovi\u0107em, predsjednikom BDZ za Petnjicu. BS\u00a0uz Milovu Vladu &#8220;Najavljeni protesti nemaju socijalni karakter ve\u0107 isklju\u010divo [&hellip;]\" \/>\n<meta property=\"og:url\" content=\"https:\/\/sandzakpress.net\/arhiva\/protesti-u-cg-bdz-podrzala-opoziciju-rezimske-bosnjacke-stranke-uz-milovu-vladu\/\" \/>\n<meta property=\"og:site_name\" content=\"Sand\u017eak PRESS\" \/>\n<meta property=\"article:published_time\" content=\"2015-09-28T12:19:04+00:00\" \/>\n<meta property=\"article:modified_time\" content=\"2015-09-28T12:20:52+00:00\" \/>\n<meta property=\"og:image\" content=\"https:\/\/sandzakpress.net\/arhiva\/wp-content\/uploads\/2015\/09\/protest2.jpg\" \/>\n\t<meta property=\"og:image:width\" content=\"840\" \/>\n\t<meta property=\"og:image:height\" content=\"560\" \/>\n\t<meta property=\"og:image:type\" content=\"image\/jpeg\" \/>\n<meta name=\"author\" content=\"bosniak\" \/>\n<meta name=\"twitter:card\" content=\"summary_large_image\" \/>\n<meta name=\"twitter:label1\" content=\"Written by\" \/>\n\t<meta name=\"twitter:data1\" content=\"bosniak\" \/>\n\t<meta name=\"twitter:label2\" content=\"Est. reading time\" \/>\n\t<meta name=\"twitter:data2\" content=\"1 minuta\" \/>\n<script type=\"application\/ld+json\" class=\"yoast-schema-graph\">{\"@context\":\"https:\/\/schema.org\",\"@graph\":[{\"@type\":\"Article\",\"@id\":\"https:\/\/sandzakpress.net\/arhiva\/protesti-u-cg-bdz-podrzala-opoziciju-rezimske-bosnjacke-stranke-uz-milovu-vladu\/#article\",\"isPartOf\":{\"@id\":\"https:\/\/sandzakpress.net\/arhiva\/protesti-u-cg-bdz-podrzala-opoziciju-rezimske-bosnjacke-stranke-uz-milovu-vladu\/\"},\"author\":{\"name\":\"bosniak\",\"@id\":\"https:\/\/sandzakpress.net\/arhiva\/#\/schema\/person\/c8baee722073534b583ea7bdb2e36c02\"},\"headline\":\"Protesti u CG &#8211; BDZ podr\u017eala opoziciju, re\u017eimske bo\u0161nja\u010dke stranke uz Milovu Vladu\",\"datePublished\":\"2015-09-28T12:19:04+00:00\",\"dateModified\":\"2015-09-28T12:20:52+00:00\",\"mainEntityOfPage\":{\"@id\":\"https:\/\/sandzakpress.net\/arhiva\/protesti-u-cg-bdz-podrzala-opoziciju-rezimske-bosnjacke-stranke-uz-milovu-vladu\/\"},\"wordCount\":145,\"commentCount\":22,\"publisher\":{\"@id\":\"https:\/\/sandzakpress.net\/arhiva\/#\/schema\/person\/6e72b67d6e51910a1117b3b483ba20bd\"},\"image\":{\"@id\":\"https:\/\/sandzakpress.net\/arhiva\/protesti-u-cg-bdz-podrzala-opoziciju-rezimske-bosnjacke-stranke-uz-milovu-vladu\/#primaryimage\"},\"thumbnailUrl\":\"https:\/\/sandzakpress.net\/arhiva\/wp-content\/uploads\/2015\/09\/protest2.jpg\",\"keywords\":[\"BDZ\"],\"articleSection\":[\"Ro\u017eaje\",\"Politika\",\"Berane\",\"Petnjica\",\"Bijelo Polje\",\"Pljevlja\",\"Plav\",\"Gusinje\",\"VIJESTI DANA\"],\"inLanguage\":\"bs-BA\",\"potentialAction\":[{\"@type\":\"CommentAction\",\"name\":\"Comment\",\"target\":[\"https:\/\/sandzakpress.net\/arhiva\/protesti-u-cg-bdz-podrzala-opoziciju-rezimske-bosnjacke-stranke-uz-milovu-vladu\/#respond\"]}]},{\"@type\":\"WebPage\",\"@id\":\"https:\/\/sandzakpress.net\/arhiva\/protesti-u-cg-bdz-podrzala-opoziciju-rezimske-bosnjacke-stranke-uz-milovu-vladu\/\",\"url\":\"https:\/\/sandzakpress.net\/arhiva\/protesti-u-cg-bdz-podrzala-opoziciju-rezimske-bosnjacke-stranke-uz-milovu-vladu\/\",\"name\":\"Protesti u CG - BDZ podr\u017eala opoziciju, re\u017eimske bo\u0161nja\u010dke stranke uz Milovu Vladu\",\"isPartOf\":{\"@id\":\"https:\/\/sandzakpress.net\/arhiva\/#website\"},\"primaryImageOfPage\":{\"@id\":\"https:\/\/sandzakpress.net\/arhiva\/protesti-u-cg-bdz-podrzala-opoziciju-rezimske-bosnjacke-stranke-uz-milovu-vladu\/#primaryimage\"},\"image\":{\"@id\":\"https:\/\/sandzakpress.net\/arhiva\/protesti-u-cg-bdz-podrzala-opoziciju-rezimske-bosnjacke-stranke-uz-milovu-vladu\/#primaryimage\"},\"thumbnailUrl\":\"https:\/\/sandzakpress.net\/arhiva\/wp-content\/uploads\/2015\/09\/protest2.jpg\",\"datePublished\":\"2015-09-28T12:19:04+00:00\",\"dateModified\":\"2015-09-28T12:20:52+00:00\",\"breadcrumb\":{\"@id\":\"https:\/\/sandzakpress.net\/arhiva\/protesti-u-cg-bdz-podrzala-opoziciju-rezimske-bosnjacke-stranke-uz-milovu-vladu\/#breadcrumb\"},\"inLanguage\":\"bs-BA\",\"potentialAction\":[{\"@type\":\"ReadAction\",\"target\":[\"https:\/\/sandzakpress.net\/arhiva\/protesti-u-cg-bdz-podrzala-opoziciju-rezimske-bosnjacke-stranke-uz-milovu-vladu\/\"]}]},{\"@type\":\"ImageObject\",\"inLanguage\":\"bs-BA\",\"@id\":\"https:\/\/sandzakpress.net\/arhiva\/protesti-u-cg-bdz-podrzala-opoziciju-rezimske-bosnjacke-stranke-uz-milovu-vladu\/#primaryimage\",\"url\":\"https:\/\/sandzakpress.net\/arhiva\/wp-content\/uploads\/2015\/09\/protest2.jpg\",\"contentUrl\":\"https:\/\/sandzakpress.net\/arhiva\/wp-content\/uploads\/2015\/09\/protest2.jpg\",\"width\":840,\"height\":560},{\"@type\":\"BreadcrumbList\",\"@id\":\"https:\/\/sandzakpress.net\/arhiva\/protesti-u-cg-bdz-podrzala-opoziciju-rezimske-bosnjacke-stranke-uz-milovu-vladu\/#breadcrumb\",\"itemListElement\":[{\"@type\":\"ListItem\",\"position\":1,\"name\":\"Home\",\"item\":\"https:\/\/sandzakpress.net\/arhiva\/\"},{\"@type\":\"ListItem\",\"position\":2,\"name\":\"Protesti u CG &#8211; BDZ podr\u017eala opoziciju, re\u017eimske bo\u0161nja\u010dke stranke uz Milovu Vladu\"}]},{\"@type\":\"WebSite\",\"@id\":\"https:\/\/sandzakpress.net\/arhiva\/#website\",\"url\":\"https:\/\/sandzakpress.net\/arhiva\/\",\"name\":\"Sand\u017eak PRESS\",\"description\":\"Prve elektronske novine u Sand\u017eaku\",\"publisher\":{\"@id\":\"https:\/\/sandzakpress.net\/arhiva\/#\/schema\/person\/6e72b67d6e51910a1117b3b483ba20bd\"},\"potentialAction\":[{\"@type\":\"SearchAction\",\"target\":{\"@type\":\"EntryPoint\",\"urlTemplate\":\"https:\/\/sandzakpress.net\/arhiva\/?s={search_term_string}\"},\"query-input\":{\"@type\":\"PropertyValueSpecification\",\"valueRequired\":true,\"valueName\":\"search_term_string\"}}],\"inLanguage\":\"bs-BA\"},{\"@type\":[\"Person\",\"Organization\"],\"@id\":\"https:\/\/sandzakpress.net\/arhiva\/#\/schema\/person\/6e72b67d6e51910a1117b3b483ba20bd\",\"name\":\"Kul\",\"image\":{\"@type\":\"ImageObject\",\"inLanguage\":\"bs-BA\",\"@id\":\"https:\/\/sandzakpress.net\/arhiva\/#\/schema\/person\/image\/\",\"url\":\"https:\/\/secure.gravatar.com\/avatar\/42263f39aa27ac04c43cab85c280eb2e?s=96&d=mm&r=pg\",\"contentUrl\":\"https:\/\/secure.gravatar.com\/avatar\/42263f39aa27ac04c43cab85c280eb2e?s=96&d=mm&r=pg\",\"caption\":\"Kul\"},\"logo\":{\"@id\":\"https:\/\/sandzakpress.net\/arhiva\/#\/schema\/person\/image\/\"}},{\"@type\":\"Person\",\"@id\":\"https:\/\/sandzakpress.net\/arhiva\/#\/schema\/person\/c8baee722073534b583ea7bdb2e36c02\",\"name\":\"bosniak\",\"image\":{\"@type\":\"ImageObject\",\"inLanguage\":\"bs-BA\",\"@id\":\"https:\/\/sandzakpress.net\/arhiva\/#\/schema\/person\/image\/\",\"url\":\"https:\/\/secure.gravatar.com\/avatar\/a04fd330bfe3a36a72a0ad4a6d89fca7?s=96&d=mm&r=pg\",\"contentUrl\":\"https:\/\/secure.gravatar.com\/avatar\/a04fd330bfe3a36a72a0ad4a6d89fca7?s=96&d=mm&r=pg\",\"caption\":\"bosniak\"},\"url\":\"https:\/\/sandzakpress.net\/arhiva\/author\/bosniak\/\"}]}<\/script>\n<!-- \/ Yoast SEO Premium plugin. -->","yoast_head_json":{"title":"Protesti u CG - BDZ podr\u017eala opoziciju, re\u017eimske bo\u0161nja\u010dke stranke uz Milovu Vladu","robots":{"index":"index","follow":"follow","max-snippet":"max-snippet:-1","max-image-preview":"max-image-preview:large","max-video-preview":"max-video-preview:-1"},"canonical":"https:\/\/sandzakpress.net\/arhiva\/protesti-u-cg-bdz-podrzala-opoziciju-rezimske-bosnjacke-stranke-uz-milovu-vladu\/","og_locale":"bs_BA","og_type":"article","og_title":"Protesti u CG - BDZ podr\u017eala opoziciju, re\u017eimske bo\u0161nja\u010dke stranke uz Milovu Vladu","og_description":"Sand\u017eak, Crna Gora &#8211; Ju\u010der je u Podgorici odr\u017ean protest opozicije koju predvode Andrija Mandi\u0107 i Nikola Medojevi\u0107 na kojem se pojavila i zastava Sand\u017eaka. Zastavu Sand\u017eaka su istakli demonstranti koji su se priklju\u010dili protestu iz BDZ stranke, predvp\u0111eni Almirom Muratovi\u0107em, predsjednikom BDZ za Petnjicu. BS\u00a0uz Milovu Vladu &#8220;Najavljeni protesti nemaju socijalni karakter ve\u0107 isklju\u010divo [&hellip;]","og_url":"https:\/\/sandzakpress.net\/arhiva\/protesti-u-cg-bdz-podrzala-opoziciju-rezimske-bosnjacke-stranke-uz-milovu-vladu\/","og_site_name":"Sand\u017eak PRESS","article_published_time":"2015-09-28T12:19:04+00:00","article_modified_time":"2015-09-28T12:20:52+00:00","og_image":[{"width":840,"height":560,"url":"https:\/\/sandzakpress.net\/arhiva\/wp-content\/uploads\/2015\/09\/protest2.jpg","type":"image\/jpeg"}],"author":"bosniak","twitter_card":"summary_large_image","twitter_misc":{"Written by":"bosniak","Est. reading time":"1 minuta"},"schema":{"@context":"https:\/\/schema.org","@graph":[{"@type":"Article","@id":"https:\/\/sandzakpress.net\/arhiva\/protesti-u-cg-bdz-podrzala-opoziciju-rezimske-bosnjacke-stranke-uz-milovu-vladu\/#article","isPartOf":{"@id":"https:\/\/sandzakpress.net\/arhiva\/protesti-u-cg-bdz-podrzala-opoziciju-rezimske-bosnjacke-stranke-uz-milovu-vladu\/"},"author":{"name":"bosniak","@id":"https:\/\/sandzakpress.net\/arhiva\/#\/schema\/person\/c8baee722073534b583ea7bdb2e36c02"},"headline":"Protesti u CG &#8211; BDZ podr\u017eala opoziciju, re\u017eimske bo\u0161nja\u010dke stranke uz Milovu Vladu","datePublished":"2015-09-28T12:19:04+00:00","dateModified":"2015-09-28T12:20:52+00:00","mainEntityOfPage":{"@id":"https:\/\/sandzakpress.net\/arhiva\/protesti-u-cg-bdz-podrzala-opoziciju-rezimske-bosnjacke-stranke-uz-milovu-vladu\/"},"wordCount":145,"commentCount":22,"publisher":{"@id":"https:\/\/sandzakpress.net\/arhiva\/#\/schema\/person\/6e72b67d6e51910a1117b3b483ba20bd"},"image":{"@id":"https:\/\/sandzakpress.net\/arhiva\/protesti-u-cg-bdz-podrzala-opoziciju-rezimske-bosnjacke-stranke-uz-milovu-vladu\/#primaryimage"},"thumbnailUrl":"https:\/\/sandzakpress.net\/arhiva\/wp-content\/uploads\/2015\/09\/protest2.jpg","keywords":["BDZ"],"articleSection":["Ro\u017eaje","Politika","Berane","Petnjica","Bijelo Polje","Pljevlja","Plav","Gusinje","VIJESTI DANA"],"inLanguage":"bs-BA","potentialAction":[{"@type":"CommentAction","name":"Comment","target":["https:\/\/sandzakpress.net\/arhiva\/protesti-u-cg-bdz-podrzala-opoziciju-rezimske-bosnjacke-stranke-uz-milovu-vladu\/#respond"]}]},{"@type":"WebPage","@id":"https:\/\/sandzakpress.net\/arhiva\/protesti-u-cg-bdz-podrzala-opoziciju-rezimske-bosnjacke-stranke-uz-milovu-vladu\/","url":"https:\/\/sandzakpress.net\/arhiva\/protesti-u-cg-bdz-podrzala-opoziciju-rezimske-bosnjacke-stranke-uz-milovu-vladu\/","name":"Protesti u CG - BDZ podr\u017eala opoziciju, re\u017eimske bo\u0161nja\u010dke stranke uz Milovu Vladu","isPartOf":{"@id":"https:\/\/sandzakpress.net\/arhiva\/#website"},"primaryImageOfPage":{"@id":"https:\/\/sandzakpress.net\/arhiva\/protesti-u-cg-bdz-podrzala-opoziciju-rezimske-bosnjacke-stranke-uz-milovu-vladu\/#primaryimage"},"image":{"@id":"https:\/\/sandzakpress.net\/arhiva\/protesti-u-cg-bdz-podrzala-opoziciju-rezimske-bosnjacke-stranke-uz-milovu-vladu\/#primaryimage"},"thumbnailUrl":"https:\/\/sandzakpress.net\/arhiva\/wp-content\/uploads\/2015\/09\/protest2.jpg","datePublished":"2015-09-28T12:19:04+00:00","dateModified":"2015-09-28T12:20:52+00:00","breadcrumb":{"@id":"https:\/\/sandzakpress.net\/arhiva\/protesti-u-cg-bdz-podrzala-opoziciju-rezimske-bosnjacke-stranke-uz-milovu-vladu\/#breadcrumb"},"inLanguage":"bs-BA","potentialAction":[{"@type":"ReadAction","target":["https:\/\/sandzakpress.net\/arhiva\/protesti-u-cg-bdz-podrzala-opoziciju-rezimske-bosnjacke-stranke-uz-milovu-vladu\/"]}]},{"@type":"ImageObject","inLanguage":"bs-BA","@id":"https:\/\/sandzakpress.net\/arhiva\/protesti-u-cg-bdz-podrzala-opoziciju-rezimske-bosnjacke-stranke-uz-milovu-vladu\/#primaryimage","url":"https:\/\/sandzakpress.net\/arhiva\/wp-content\/uploads\/2015\/09\/protest2.jpg","contentUrl":"https:\/\/sandzakpress.net\/arhiva\/wp-content\/uploads\/2015\/09\/protest2.jpg","width":840,"height":560},{"@type":"BreadcrumbList","@id":"https:\/\/sandzakpress.net\/arhiva\/protesti-u-cg-bdz-podrzala-opoziciju-rezimske-bosnjacke-stranke-uz-milovu-vladu\/#breadcrumb","itemListElement":[{"@type":"ListItem","position":1,"name":"Home","item":"https:\/\/sandzakpress.net\/arhiva\/"},{"@type":"ListItem","position":2,"name":"Protesti u CG &#8211; BDZ podr\u017eala opoziciju, re\u017eimske bo\u0161nja\u010dke stranke uz Milovu Vladu"}]},{"@type":"WebSite","@id":"https:\/\/sandzakpress.net\/arhiva\/#website","url":"https:\/\/sandzakpress.net\/arhiva\/","name":"Sand\u017eak PRESS","description":"Prve elektronske novine u Sand\u017eaku","publisher":{"@id":"https:\/\/sandzakpress.net\/arhiva\/#\/schema\/person\/6e72b67d6e51910a1117b3b483ba20bd"},"potentialAction":[{"@type":"SearchAction","target":{"@type":"EntryPoint","urlTemplate":"https:\/\/sandzakpress.net\/arhiva\/?s={search_term_string}"},"query-input":{"@type":"PropertyValueSpecification","valueRequired":true,"valueName":"search_term_string"}}],"inLanguage":"bs-BA"},{"@type":["Person","Organization"],"@id":"https:\/\/sandzakpress.net\/arhiva\/#\/schema\/person\/6e72b67d6e51910a1117b3b483ba20bd","name":"Kul","image":{"@type":"ImageObject","inLanguage":"bs-BA","@id":"https:\/\/sandzakpress.net\/arhiva\/#\/schema\/person\/image\/","url":"https:\/\/secure.gravatar.com\/avatar\/42263f39aa27ac04c43cab85c280eb2e?s=96&d=mm&r=pg","contentUrl":"https:\/\/secure.gravatar.com\/avatar\/42263f39aa27ac04c43cab85c280eb2e?s=96&d=mm&r=pg","caption":"Kul"},"logo":{"@id":"https:\/\/sandzakpress.net\/arhiva\/#\/schema\/person\/image\/"}},{"@type":"Person","@id":"https:\/\/sandzakpress.net\/arhiva\/#\/schema\/person\/c8baee722073534b583ea7bdb2e36c02","name":"bosniak","image":{"@type":"ImageObject","inLanguage":"bs-BA","@id":"https:\/\/sandzakpress.net\/arhiva\/#\/schema\/person\/image\/","url":"https:\/\/secure.gravatar.com\/avatar\/a04fd330bfe3a36a72a0ad4a6d89fca7?s=96&d=mm&r=pg","contentUrl":"https:\/\/secure.gravatar.com\/avatar\/a04fd330bfe3a36a72a0ad4a6d89fca7?s=96&d=mm&r=pg","caption":"bosniak"},"url":"https:\/\/sandzakpress.net\/arhiva\/author\/bosniak\/"}]}},"_links":{"self":[{"href":"https:\/\/sandzakpress.net\/arhiva\/wp-json\/wp\/v2\/posts\/138638"}],"collection":[{"href":"https:\/\/sandzakpress.net\/arhiva\/wp-json\/wp\/v2\/posts"}],"about":[{"href":"https:\/\/sandzakpress.net\/arhiva\/wp-json\/wp\/v2\/types\/post"}],"author":[{"embeddable":true,"href":"https:\/\/sandzakpress.net\/arhiva\/wp-json\/wp\/v2\/users\/83"}],"replies":[{"embeddable":true,"href":"https:\/\/sandzakpress.net\/arhiva\/wp-json\/wp\/v2\/comments?post=138638"}],"version-history":[{"count":0,"href":"https:\/\/sandzakpress.net\/arhiva\/wp-json\/wp\/v2\/posts\/138638\/revisions"}],"wp:featuredmedia":[{"embeddable":true,"href":"https:\/\/sandzakpress.net\/arhiva\/wp-json\/wp\/v2\/media\/138647"}],"wp:attachment":[{"href":"https:\/\/sandzakpress.net\/arhiva\/wp-json\/wp\/v2\/media?parent=138638"}],"wp:term":[{"taxonomy":"category","embeddable":true,"href":"https:\/\/sandzakpress.net\/arhiva\/wp-json\/wp\/v2\/categories?post=138638"},{"taxonomy":"post_tag","embeddable":true,"href":"https:\/\/sandzakpress.net\/arhiva\/wp-json\/wp\/v2\/tags?post=138638"}],"curies":[{"name":"wp","href":"https:\/\/api.w.org\/{rel}","templated":true}]}}