{"id":138553,"date":"2015-09-28T09:40:25","date_gmt":"2015-09-28T07:40:25","guid":{"rendered":"https:\/\/sandzakpress.net\/arhiva\/?p=138553"},"modified":"2015-09-28T13:53:05","modified_gmt":"2015-09-28T11:53:05","slug":"jedno-krivo-drvo-cijeli-tovar-raspe","status":"publish","type":"post","link":"https:\/\/sandzakpress.net\/arhiva\/jedno-krivo-drvo-cijeli-tovar-raspe\/","title":{"rendered":"JEDNO KRIVO DRVO CIJELI TOVAR RASPE"},"content":{"rendered":"<div class=\"uvod\">\u00a0<\/div>\n<div class=\"uvod\">\n<table border=\"0\" width=\"350\" cellspacing=\"0\" cellpadding=\"5\" align=\"left\" bgcolor=\"Gainsboro\">\n<tbody>\n<tr>\n<td align=\"left\"><span style=\"color: black;\"><img decoding=\"async\" src=\"http:\/\/www.bosnjaci.net\/foto\/100_Avdo_Metjahic0034.jpg\" alt=\"\" width=\"100\" align=\"left\" border=\"0\" \/><b>Avdo METJAHI\u0106:<\/b> \u010cesto se pitam; da li u na\u0161em narodu ima patriota koji \u0107e do kraja \u017eivota ostati u slu\u017ebi svoga naroda i u slu\u017ebi svoje \u010dasne vjere? Da li je mogu\u0107e da je na\u0161 narod nakon toliko genocida, istrebljenja i istraga poturica ostao na one koji se preme\u0107u u raznim bojama la\u017ei i nemorala. Ne\u0107u da vjerujem staroj krilatici \u2018kakav narod, takve mu vo\u0111e\u2019, pa iako je potvr\u0111eno mnogo puta kroz historiju balkanskih naroda. Zar je mogu\u0107e da na\u0161 \u010dovjek pri izborima prodaje svoj glas za sitni\u0161, a prodajom svog glasa, prodaje i svoju budu\u0107nost.<\/span><\/td>\n<\/tr>\n<\/tbody>\n<\/table>\n<p>U mom zavi\u010daju od davnina me\u0111u ljudima se prepri\u010davaju hikaje. Ima ih puno koje nisu zapisane ali se pamte, s koljena na koljeno se prepri\u010davaju i tako ih \u010duva narod. Evo ba\u0161 jedne istinite pri\u010de iz Sand\u017ea\u010dke krajine.<\/p>\n<p>Jedan bo\u0161nja\u010dki starina, koji je bio poznat kao \u0161eret koji je u svakom momentu znao uzvratiti na ovodunjalu\u010dke izazove, prolaze\u0107i mahalom na\u0161e kasabe u ba\u0161\u010di primjeti grupu ljudi gdje kopaju septi\u010dku jamu. Kada sti\u017ee do njih, re\u010de: <br \/>&#8211; O, hairli rabota lju\u0111i! <br \/>&#8211; O, hajr imao, da Bog da. Hajde bujrum na kahvu i cigar duhana, &#8211; pozva ga doma\u0107in koji ga poznavao, ali i malo da se ispri\u010daju i nasmiju. <br \/>&#8211; Ho\u0107u vala, &#8211; re\u010de on, pa u\u0111e u avliju i sjede na klupu nedaleko od radnika koji vrijedno kopaju. Po\u0161to ga doma\u0107in po\u010dasti duhanom, iako dobro vidi \u0161ta kopaju, ali ipak da priupita radnike da \u010duje \u0161ta \u0107e mu oni re\u0107i:<br \/>&#8211; A \u0161ta to kopate? <br \/>&#8211; Trap za kompire, &#8211; odgovori mu brzinski jedan od radnika, gledaju\u0107i ispod oka ostale kako se podsmjehuju. <br \/>Do\u0111e i doma\u0107inska kahva koju polahko ispi uz cigaretu, te u jedan vakat ustade da ide ku\u0107i koja mu je bila podalje. Na odlasku doma\u0107inu izrazi zahvalnost a radnicima dobaci rije\u010dima: <br \/>&#8211; O vazda imali, a ovaj trap u zdravlje punilji i u zdravlje ga jeli, &#8211; iza\u0111e preko avlije, dok pogledi radnika kru\u017ee izme\u0111u njih, s \u010du\u0111enjem \u0161ta im to re\u010de!?!<\/p>\n<p>Za ono \u0161to imam namjeru napisati, nekako za po\u010detak najbolje prili\u010di ova istinita hikaja, u kojoj \u0107e se vjerovatno na\u0107i oni koji se vrte po dru\u0161tvenim funkcijama koje obavljaju u politi\u010dkim, kulturnim (ako ih ima), pa i duhovnim institucijama kod Bo\u0161njaka. \u017divimo u svakodnevnici, gdje materijalizam prevladava i gdje nametnuti mo\u0107nici name\u0107u svoja pravila, \u0161to obi\u010dni svijet nebi smio progutati a najmanje slijediti, pa za\u0161to onda ne izraziti svoju bol vriskom ili rije\u010dima. Jer bol koja se ne izbaci gu\u0161i \u010dovjeka.<\/p>\n<p>\u0160ta ustvari da ka\u017eemo, uvijek je u narodu bilo spodoba, te onih koji nikad nisu imali ni\u0161ta svoje i koji su uvijek bili spremni staviti se u slu\u017ebi neljudi i njihovih nemoralnih ciljeva. Jest, uvijek smo ih imali, ali to je bilo u malom i nevi\u0111enom procentu, a danas su pozicije izmijenjene, te u malom procentu je prisutnost \u010dasnih i po\u0161tenih ljudi. Do\u0161ao je na\u0161 Bo\u0161njo, koji sebe tretira vjernikom muslimanom, da na ovodunjalu\u010dkoj ljestvici dodatkne dno srama i to sve radi pohlepe i tu\u0111ih interesa, a sve to na\u017ealost pod krovom institucije IZ u CG. To je ono \u0161to nas \u017ealosti i rastu\u017euje da ba\u0161 tu ima takvih pojava, gdje ih nebi smjelo biti.<\/p>\n<p>Nekoliko povampirenih \u2018duhovnjaka\u2019 koji u ime svoje pozicije i svoje grupe interesnih sljedbenika \u010dine ono \u0161to Svemogu\u0107i Bog d\u017e.\u0161. strogo zabranjuje, a to je izdaja vjere, potvora vjerniku ili vjernicima muslimanima i to radi sitnog re\u017eimskog karada\u010dkog \u0161i\u0107ara. Karada\u010dka politika i politikanstvo u \u010dijem su vrhu okorjeli ratni zlo\u010dinci nad mojim bo\u0161nja\u010dkim narodom, vo\u0111e mafija\u0161kog kartela, svedena je na najni\u017ee ljudsko kurvanje i prostituciju sve pod pla\u0161tom euro-atlanskih integracija. Ali se samo ibretim kako se to smije desiti i pojedincima iz vrha IZ koji bar zbog straha od Allaha i <i>din-i islama <\/i>kojem pripadaju i koji dobro znaju koja je odgovornost za duhovni odgoj \u010dovjeka, odnosno muslimana! Ru\u017ean smo primjer imali i imamo u srpskim hamalima koji su obezvrijedili i degradirali ahmediju, poput Hamdije Jusufspahi\u0107a sa sinovima, nakon toga im se pridru\u017euje Adem Zilki\u0107, koji skupa radi srpskih i li\u010dnih interesa cijepaju Islamsku zajednicu. Ne\u0107emo da vjerujemo da istim putem gazi na\u0161 Ro\u017eajac koji svoj tre\u0107i mandat ne koristi da oja\u010damo ve\u0107 da uni\u0161ti sve pred sobom. Kojem su crnogorski vlastodr\u017eci primjer u ga\u017eenju naroda i lomljenju intelektualaca, a Turci pre\u010di od svojih sunarodnika Bo\u0161njaka u Bosni, ali i u Sand\u017eaku, koji sve oko sebe natjerava da ga vi\u0161e ne spominju, da se zaboravi, kako se Milo nebi naljutio.<\/p>\n<\/div>\n<div class=\"uvod\"><img decoding=\"async\" src=\"http:\/\/www.bosnjaci.net\/foto\/sandzak_crnagora.jpg\" alt=\"\" \/><\/div>\n<div class=\"uvod\">\u00a0<\/div>\n<div class=\"uvod\">Nego, iako smo mnogi od nas uzrokom genocidne politike daleko od svog vatana, ipak pratimo dru\u0161tvena zbivanja u svom rodnom mjestu i \u0161ire. Prije nekoliko hefti pro\u010ditasmo interviju crnogorskog reisa koji je dao za radio Petnjica. Ibretim se danima ono \u0161to sam pro\u010ditao, jer do sada u ovim mojim poodmaklim godinama nikada tako ne\u0161to nisam \u010duo ni pro\u010ditao. Bilo je da se sunarodnici mimio\u0111u izvrije\u0111aju javno i tajno, ali ono \u0161to je on, reis, rekao protiv svojeg kolege, muftije i ljudi oko njega, zaista je ispod svakog nivoa ljudskosti i da tako ne\u0161to onaj koji sebe smatra vjernikom ne mo\u017ee da ka\u017ee, posebno da se nalazi na \u010delu Islamske zajednice. Misao me navodila da nekim slu\u010dajem nije u pitanju podvala \u010delniku IZ u Crnoj Gori. \u010cak sam razmi\u0161ljao da kojim slu\u010dajem to nije izjavio zloglasni pukovnik Amfilohije\u2026<center>*****<\/center><\/p>\n<p>\u010cesto se pitam; da li u na\u0161em narodu ima patriota koji \u0107e do kraja \u017eivota ostati u slu\u017ebi svoga naroda i u slu\u017ebi svoje \u010dasne vjere? Da li je mogu\u0107e da je na\u0161 narod nakon toliko genocida, istrebljenja i istraga poturica ostao na one koji se preme\u0107u u raznim bojama la\u017ei i nemorala. Ne\u0107u da vjerujem staroj krilatici \u2018kakav narod, takve mu vo\u0111e\u2019, pa iako je potvr\u0111eno mnogo puta kroz historiju balkanskih naroda. Zar je mogu\u0107e da na\u0161 \u010dovjek pri izborima prodaje svoj glas za sitni\u0161, a prodajom svog glasa, prodaje i svoju budu\u0107nost.<\/p>\n<p>Da ne bih govorio o svim bo\u0161nja\u010dkim \u010dar\u0161ijama u CG jer su sli\u010dne kao jaje jajetu, osvrnut \u0107u se na moj Plav i Gusinje i d\u017eematske odbore koji su svojim glasovima dozvolili izmjenu pravila u IZ, gdje je mandat vjerskog poglavara bio \u010detiri godine, a najvi\u0161e da mo\u017ee bit izabran dva puta. Dolaskom korumpiranih pojedinaca na \u010delo IZ, odbori d\u017eemata, odnosno Sabor IZ, produ\u017euju mandat sa \u010detiri godine na \u0161est, a od dva mandata propisani na ovoj du\u017enosti, daju Rifatu Fejzi\u0107u tri, sa ukupno osamnaest godina, \u0161to nismo sigurni da \u0107e on stati na tome ako do\u017eivi kraj na tronu. Zar ovo nije dokaz da je licemjerje postalo na\u010din \u017eivota dana\u0161njeg \u010dovjeka na tim prostorima i da je egoizam i kompleksi vi\u0161e vrijednosti na snazi i u vjerskim institucijama. Sramno! Arapska poslovica ka\u017ee: \u201cZa razliku od ljudi, psi, kad se najedu, spremni su da prepuste jedan drugome ono \u0161to je ostalo\u201d.<\/p>\n<p>Fejzi\u0107 uz potporu vlasti u CG i dodvoravanje Turcima, skrojio je po svojim ar\u0161inima propise u Islamskoj zajednici, a njegov Sabor mu je to potvrdio, \u0161to je nezakonito i protivu svih islamskih vrijednosti. Ali kad je premijer dr\u017eave na tvojoj strani, onda je sve mogu\u0107e. Tako vjerovatno i Fejzi\u0107 razmi\u0161lja, \u201ckad mo\u017ee Milo da bude preko 25 godina premijer, vallahi ga i ja na \u010delu IZ mogu prete\u0107i\u201d.<\/p>\n<p>Bez uvijanja, ovo je zloupotreba vjere i institucije IZ u politi\u010dke svrhe. Kako smo obavije\u0161teni, u d\u017eematskim odborima sjede ljudi koji su i u Upravnim odborima politi\u010dkih stranaka koje vedre i obla\u010de. IZ i d\u017eamija kao zajedni\u010dko dobro i vakuf postali su politi\u010dki i udba\u0161ki poligon presretanja Bo\u0161njaka ali i prijetnja. Prema svemu \u0161to se de\u0161ava na tim prostorima, mo\u017eemo zaklju\u010diti da je arogancija postala navika, gdje pojedinci ili grupe diktiraju pravila igre, a ako se ne uklapa\u0161 u igru, spremi kesu i u azil. Politi\u010dki mo\u0107noci u nas Bo\u0161njaka, dobar procenat, da bi lak\u0161e obmanjivali svoj narod, \u010dak na ra\u010dun IZ posta\u0161e had\u017eije. A poznato je da se had\u017eiji tradicionalno vjeruje, makar i nakon had\u017ea nastavio da guli op\u0161tinske kase i prave\u0107i i renoviraju\u0107i svoje ku\u0107e od turskih donacija. Zar i ovo nije zloupotreba vjere, institucije IZ, dr\u017eavnih institucija i turskih donacija i to sve u politi\u010dke i li\u010dne svrhe. Za nadati se da \u0107e pravosudne institucije ipak po\u010deti da djeluju da te ho\u0161taplere smjeste na optu\u017eni\u010dke klupe.<\/p>\n<p>I poslije svih de\u0161avanja ipak sam ubije\u0111en, da je pravi duhovni odgoj, ono \u0161to \u010dini \u010dovjeka sve boljim i boljim, vode\u0107i ga stazama napretka i \u010dine\u0107i ga razumnijim, te da ne prihvata one koji govore da rade za narod, jer to su obmanjiva\u010di. Veliki ljudi i pravednici su oni koji rade sa narodom i takvi samo zaslu\u017euju narodno povjerenje. S time vjernici u sand\u017ea\u010dkim mjestima moraju nastojati da zajedni\u010dki na pravedan na\u010din izaberu najbolje i najvrjednije me\u0111u njima da vode IZ odnosno d\u017eematske odbore, koji ne\u0107e potpanuti pod uticaj bilo koga osim uputa kako ih je u Kur\u2019anu propisao Svevi\u0161nji Stvoritelj i u sunnetu poslanika Muhammeda a.s.<\/p>\n<p>Negdje pro\u010ditah, da je svijet podijeljen na budale i one \u0161to se jo\u0161 nisu opredijeljili, ali \u010dekaju\u0107i ove druge da se opredijele, \u017eivot prolazi pa Fejzi\u0107 i njemu sli\u010dni ubiraju plodove narodnog budaluka, \u0161to je plod bo\u0161nja\u010dkih masa danas na tim prostorima. Kako stati na kraj opstrukcionistima i ko ima snage to izvesti, kad je sve kukavica do kukavice i kad ve\u0107ina \u010dekaju da do\u0111e privi u mjesecu i dobiju Milovu milostinju, socijalu&#8230;<\/p>\n<p><strong>Autor: Avdo Metjahi\u0107<\/strong><\/p>\n<\/div>\n","protected":false},"excerpt":{"rendered":"<p>Avdo METJAHI\u0106<\/p>\n","protected":false},"author":83,"featured_media":138554,"comment_status":"open","ping_status":"open","sticky":false,"template":"","format":"standard","meta":{"footnotes":""},"categories":[10196],"tags":[],"class_list":{"0":"post-138553","1":"post","2":"type-post","3":"status-publish","4":"format-standard","5":"has-post-thumbnail","7":"category-iz-pera-nasih-autora"},"yoast_head":"<!-- This site is optimized with the Yoast SEO Premium plugin v23.1 (Yoast SEO v24.9) - https:\/\/yoast.com\/wordpress\/plugins\/seo\/ -->\n<title>JEDNO KRIVO DRVO CIJELI TOVAR RASPE<\/title>\n<meta name=\"robots\" content=\"index, follow, max-snippet:-1, max-image-preview:large, max-video-preview:-1\" \/>\n<link rel=\"canonical\" href=\"https:\/\/sandzakpress.net\/arhiva\/jedno-krivo-drvo-cijeli-tovar-raspe\/\" \/>\n<meta property=\"og:locale\" content=\"bs_BA\" \/>\n<meta property=\"og:type\" content=\"article\" \/>\n<meta property=\"og:title\" content=\"JEDNO KRIVO DRVO CIJELI TOVAR RASPE\" \/>\n<meta property=\"og:description\" content=\"Avdo METJAHI\u0106\" \/>\n<meta property=\"og:url\" content=\"https:\/\/sandzakpress.net\/arhiva\/jedno-krivo-drvo-cijeli-tovar-raspe\/\" \/>\n<meta property=\"og:site_name\" content=\"Sand\u017eak PRESS\" \/>\n<meta property=\"article:published_time\" content=\"2015-09-28T07:40:25+00:00\" \/>\n<meta property=\"article:modified_time\" content=\"2015-09-28T11:53:05+00:00\" \/>\n<meta property=\"og:image\" content=\"https:\/\/sandzakpress.net\/arhiva\/wp-content\/uploads\/2015\/09\/100_Avdo_Metjahic0034.jpg\" \/>\n\t<meta property=\"og:image:width\" content=\"100\" \/>\n\t<meta property=\"og:image:height\" content=\"109\" \/>\n\t<meta property=\"og:image:type\" content=\"image\/jpeg\" \/>\n<meta name=\"author\" content=\"bosniak\" \/>\n<meta name=\"twitter:card\" content=\"summary_large_image\" \/>\n<meta name=\"twitter:label1\" content=\"Written by\" \/>\n\t<meta name=\"twitter:data1\" content=\"bosniak\" \/>\n\t<meta name=\"twitter:label2\" content=\"Est. reading time\" \/>\n\t<meta name=\"twitter:data2\" content=\"9 minuta\" \/>\n<script type=\"application\/ld+json\" class=\"yoast-schema-graph\">{\"@context\":\"https:\/\/schema.org\",\"@graph\":[{\"@type\":\"Article\",\"@id\":\"https:\/\/sandzakpress.net\/arhiva\/jedno-krivo-drvo-cijeli-tovar-raspe\/#article\",\"isPartOf\":{\"@id\":\"https:\/\/sandzakpress.net\/arhiva\/jedno-krivo-drvo-cijeli-tovar-raspe\/\"},\"author\":{\"name\":\"bosniak\",\"@id\":\"https:\/\/sandzakpress.net\/arhiva\/#\/schema\/person\/c8baee722073534b583ea7bdb2e36c02\"},\"headline\":\"JEDNO KRIVO DRVO CIJELI TOVAR RASPE\",\"datePublished\":\"2015-09-28T07:40:25+00:00\",\"dateModified\":\"2015-09-28T11:53:05+00:00\",\"mainEntityOfPage\":{\"@id\":\"https:\/\/sandzakpress.net\/arhiva\/jedno-krivo-drvo-cijeli-tovar-raspe\/\"},\"wordCount\":1744,\"commentCount\":0,\"publisher\":{\"@id\":\"https:\/\/sandzakpress.net\/arhiva\/#\/schema\/person\/6e72b67d6e51910a1117b3b483ba20bd\"},\"image\":{\"@id\":\"https:\/\/sandzakpress.net\/arhiva\/jedno-krivo-drvo-cijeli-tovar-raspe\/#primaryimage\"},\"thumbnailUrl\":\"https:\/\/sandzakpress.net\/arhiva\/wp-content\/uploads\/2015\/09\/100_Avdo_Metjahic0034.jpg\",\"articleSection\":[\"Iz pera na\u0161ih autora\"],\"inLanguage\":\"bs-BA\",\"potentialAction\":[{\"@type\":\"CommentAction\",\"name\":\"Comment\",\"target\":[\"https:\/\/sandzakpress.net\/arhiva\/jedno-krivo-drvo-cijeli-tovar-raspe\/#respond\"]}]},{\"@type\":\"WebPage\",\"@id\":\"https:\/\/sandzakpress.net\/arhiva\/jedno-krivo-drvo-cijeli-tovar-raspe\/\",\"url\":\"https:\/\/sandzakpress.net\/arhiva\/jedno-krivo-drvo-cijeli-tovar-raspe\/\",\"name\":\"JEDNO KRIVO DRVO CIJELI TOVAR RASPE\",\"isPartOf\":{\"@id\":\"https:\/\/sandzakpress.net\/arhiva\/#website\"},\"primaryImageOfPage\":{\"@id\":\"https:\/\/sandzakpress.net\/arhiva\/jedno-krivo-drvo-cijeli-tovar-raspe\/#primaryimage\"},\"image\":{\"@id\":\"https:\/\/sandzakpress.net\/arhiva\/jedno-krivo-drvo-cijeli-tovar-raspe\/#primaryimage\"},\"thumbnailUrl\":\"https:\/\/sandzakpress.net\/arhiva\/wp-content\/uploads\/2015\/09\/100_Avdo_Metjahic0034.jpg\",\"datePublished\":\"2015-09-28T07:40:25+00:00\",\"dateModified\":\"2015-09-28T11:53:05+00:00\",\"breadcrumb\":{\"@id\":\"https:\/\/sandzakpress.net\/arhiva\/jedno-krivo-drvo-cijeli-tovar-raspe\/#breadcrumb\"},\"inLanguage\":\"bs-BA\",\"potentialAction\":[{\"@type\":\"ReadAction\",\"target\":[\"https:\/\/sandzakpress.net\/arhiva\/jedno-krivo-drvo-cijeli-tovar-raspe\/\"]}]},{\"@type\":\"ImageObject\",\"inLanguage\":\"bs-BA\",\"@id\":\"https:\/\/sandzakpress.net\/arhiva\/jedno-krivo-drvo-cijeli-tovar-raspe\/#primaryimage\",\"url\":\"https:\/\/sandzakpress.net\/arhiva\/wp-content\/uploads\/2015\/09\/100_Avdo_Metjahic0034.jpg\",\"contentUrl\":\"https:\/\/sandzakpress.net\/arhiva\/wp-content\/uploads\/2015\/09\/100_Avdo_Metjahic0034.jpg\",\"width\":100,\"height\":109},{\"@type\":\"BreadcrumbList\",\"@id\":\"https:\/\/sandzakpress.net\/arhiva\/jedno-krivo-drvo-cijeli-tovar-raspe\/#breadcrumb\",\"itemListElement\":[{\"@type\":\"ListItem\",\"position\":1,\"name\":\"Home\",\"item\":\"https:\/\/sandzakpress.net\/arhiva\/\"},{\"@type\":\"ListItem\",\"position\":2,\"name\":\"JEDNO KRIVO DRVO CIJELI TOVAR RASPE\"}]},{\"@type\":\"WebSite\",\"@id\":\"https:\/\/sandzakpress.net\/arhiva\/#website\",\"url\":\"https:\/\/sandzakpress.net\/arhiva\/\",\"name\":\"Sand\u017eak PRESS\",\"description\":\"Prve elektronske novine u Sand\u017eaku\",\"publisher\":{\"@id\":\"https:\/\/sandzakpress.net\/arhiva\/#\/schema\/person\/6e72b67d6e51910a1117b3b483ba20bd\"},\"potentialAction\":[{\"@type\":\"SearchAction\",\"target\":{\"@type\":\"EntryPoint\",\"urlTemplate\":\"https:\/\/sandzakpress.net\/arhiva\/?s={search_term_string}\"},\"query-input\":{\"@type\":\"PropertyValueSpecification\",\"valueRequired\":true,\"valueName\":\"search_term_string\"}}],\"inLanguage\":\"bs-BA\"},{\"@type\":[\"Person\",\"Organization\"],\"@id\":\"https:\/\/sandzakpress.net\/arhiva\/#\/schema\/person\/6e72b67d6e51910a1117b3b483ba20bd\",\"name\":\"Kul\",\"image\":{\"@type\":\"ImageObject\",\"inLanguage\":\"bs-BA\",\"@id\":\"https:\/\/sandzakpress.net\/arhiva\/#\/schema\/person\/image\/\",\"url\":\"https:\/\/secure.gravatar.com\/avatar\/42263f39aa27ac04c43cab85c280eb2e?s=96&d=mm&r=pg\",\"contentUrl\":\"https:\/\/secure.gravatar.com\/avatar\/42263f39aa27ac04c43cab85c280eb2e?s=96&d=mm&r=pg\",\"caption\":\"Kul\"},\"logo\":{\"@id\":\"https:\/\/sandzakpress.net\/arhiva\/#\/schema\/person\/image\/\"}},{\"@type\":\"Person\",\"@id\":\"https:\/\/sandzakpress.net\/arhiva\/#\/schema\/person\/c8baee722073534b583ea7bdb2e36c02\",\"name\":\"bosniak\",\"image\":{\"@type\":\"ImageObject\",\"inLanguage\":\"bs-BA\",\"@id\":\"https:\/\/sandzakpress.net\/arhiva\/#\/schema\/person\/image\/\",\"url\":\"https:\/\/secure.gravatar.com\/avatar\/a04fd330bfe3a36a72a0ad4a6d89fca7?s=96&d=mm&r=pg\",\"contentUrl\":\"https:\/\/secure.gravatar.com\/avatar\/a04fd330bfe3a36a72a0ad4a6d89fca7?s=96&d=mm&r=pg\",\"caption\":\"bosniak\"},\"url\":\"https:\/\/sandzakpress.net\/arhiva\/author\/bosniak\/\"}]}<\/script>\n<!-- \/ Yoast SEO Premium plugin. -->","yoast_head_json":{"title":"JEDNO KRIVO DRVO CIJELI TOVAR RASPE","robots":{"index":"index","follow":"follow","max-snippet":"max-snippet:-1","max-image-preview":"max-image-preview:large","max-video-preview":"max-video-preview:-1"},"canonical":"https:\/\/sandzakpress.net\/arhiva\/jedno-krivo-drvo-cijeli-tovar-raspe\/","og_locale":"bs_BA","og_type":"article","og_title":"JEDNO KRIVO DRVO CIJELI TOVAR RASPE","og_description":"Avdo METJAHI\u0106","og_url":"https:\/\/sandzakpress.net\/arhiva\/jedno-krivo-drvo-cijeli-tovar-raspe\/","og_site_name":"Sand\u017eak PRESS","article_published_time":"2015-09-28T07:40:25+00:00","article_modified_time":"2015-09-28T11:53:05+00:00","og_image":[{"width":100,"height":109,"url":"https:\/\/sandzakpress.net\/arhiva\/wp-content\/uploads\/2015\/09\/100_Avdo_Metjahic0034.jpg","type":"image\/jpeg"}],"author":"bosniak","twitter_card":"summary_large_image","twitter_misc":{"Written by":"bosniak","Est. reading time":"9 minuta"},"schema":{"@context":"https:\/\/schema.org","@graph":[{"@type":"Article","@id":"https:\/\/sandzakpress.net\/arhiva\/jedno-krivo-drvo-cijeli-tovar-raspe\/#article","isPartOf":{"@id":"https:\/\/sandzakpress.net\/arhiva\/jedno-krivo-drvo-cijeli-tovar-raspe\/"},"author":{"name":"bosniak","@id":"https:\/\/sandzakpress.net\/arhiva\/#\/schema\/person\/c8baee722073534b583ea7bdb2e36c02"},"headline":"JEDNO KRIVO DRVO CIJELI TOVAR RASPE","datePublished":"2015-09-28T07:40:25+00:00","dateModified":"2015-09-28T11:53:05+00:00","mainEntityOfPage":{"@id":"https:\/\/sandzakpress.net\/arhiva\/jedno-krivo-drvo-cijeli-tovar-raspe\/"},"wordCount":1744,"commentCount":0,"publisher":{"@id":"https:\/\/sandzakpress.net\/arhiva\/#\/schema\/person\/6e72b67d6e51910a1117b3b483ba20bd"},"image":{"@id":"https:\/\/sandzakpress.net\/arhiva\/jedno-krivo-drvo-cijeli-tovar-raspe\/#primaryimage"},"thumbnailUrl":"https:\/\/sandzakpress.net\/arhiva\/wp-content\/uploads\/2015\/09\/100_Avdo_Metjahic0034.jpg","articleSection":["Iz pera na\u0161ih autora"],"inLanguage":"bs-BA","potentialAction":[{"@type":"CommentAction","name":"Comment","target":["https:\/\/sandzakpress.net\/arhiva\/jedno-krivo-drvo-cijeli-tovar-raspe\/#respond"]}]},{"@type":"WebPage","@id":"https:\/\/sandzakpress.net\/arhiva\/jedno-krivo-drvo-cijeli-tovar-raspe\/","url":"https:\/\/sandzakpress.net\/arhiva\/jedno-krivo-drvo-cijeli-tovar-raspe\/","name":"JEDNO KRIVO DRVO CIJELI TOVAR RASPE","isPartOf":{"@id":"https:\/\/sandzakpress.net\/arhiva\/#website"},"primaryImageOfPage":{"@id":"https:\/\/sandzakpress.net\/arhiva\/jedno-krivo-drvo-cijeli-tovar-raspe\/#primaryimage"},"image":{"@id":"https:\/\/sandzakpress.net\/arhiva\/jedno-krivo-drvo-cijeli-tovar-raspe\/#primaryimage"},"thumbnailUrl":"https:\/\/sandzakpress.net\/arhiva\/wp-content\/uploads\/2015\/09\/100_Avdo_Metjahic0034.jpg","datePublished":"2015-09-28T07:40:25+00:00","dateModified":"2015-09-28T11:53:05+00:00","breadcrumb":{"@id":"https:\/\/sandzakpress.net\/arhiva\/jedno-krivo-drvo-cijeli-tovar-raspe\/#breadcrumb"},"inLanguage":"bs-BA","potentialAction":[{"@type":"ReadAction","target":["https:\/\/sandzakpress.net\/arhiva\/jedno-krivo-drvo-cijeli-tovar-raspe\/"]}]},{"@type":"ImageObject","inLanguage":"bs-BA","@id":"https:\/\/sandzakpress.net\/arhiva\/jedno-krivo-drvo-cijeli-tovar-raspe\/#primaryimage","url":"https:\/\/sandzakpress.net\/arhiva\/wp-content\/uploads\/2015\/09\/100_Avdo_Metjahic0034.jpg","contentUrl":"https:\/\/sandzakpress.net\/arhiva\/wp-content\/uploads\/2015\/09\/100_Avdo_Metjahic0034.jpg","width":100,"height":109},{"@type":"BreadcrumbList","@id":"https:\/\/sandzakpress.net\/arhiva\/jedno-krivo-drvo-cijeli-tovar-raspe\/#breadcrumb","itemListElement":[{"@type":"ListItem","position":1,"name":"Home","item":"https:\/\/sandzakpress.net\/arhiva\/"},{"@type":"ListItem","position":2,"name":"JEDNO KRIVO DRVO CIJELI TOVAR RASPE"}]},{"@type":"WebSite","@id":"https:\/\/sandzakpress.net\/arhiva\/#website","url":"https:\/\/sandzakpress.net\/arhiva\/","name":"Sand\u017eak PRESS","description":"Prve elektronske novine u Sand\u017eaku","publisher":{"@id":"https:\/\/sandzakpress.net\/arhiva\/#\/schema\/person\/6e72b67d6e51910a1117b3b483ba20bd"},"potentialAction":[{"@type":"SearchAction","target":{"@type":"EntryPoint","urlTemplate":"https:\/\/sandzakpress.net\/arhiva\/?s={search_term_string}"},"query-input":{"@type":"PropertyValueSpecification","valueRequired":true,"valueName":"search_term_string"}}],"inLanguage":"bs-BA"},{"@type":["Person","Organization"],"@id":"https:\/\/sandzakpress.net\/arhiva\/#\/schema\/person\/6e72b67d6e51910a1117b3b483ba20bd","name":"Kul","image":{"@type":"ImageObject","inLanguage":"bs-BA","@id":"https:\/\/sandzakpress.net\/arhiva\/#\/schema\/person\/image\/","url":"https:\/\/secure.gravatar.com\/avatar\/42263f39aa27ac04c43cab85c280eb2e?s=96&d=mm&r=pg","contentUrl":"https:\/\/secure.gravatar.com\/avatar\/42263f39aa27ac04c43cab85c280eb2e?s=96&d=mm&r=pg","caption":"Kul"},"logo":{"@id":"https:\/\/sandzakpress.net\/arhiva\/#\/schema\/person\/image\/"}},{"@type":"Person","@id":"https:\/\/sandzakpress.net\/arhiva\/#\/schema\/person\/c8baee722073534b583ea7bdb2e36c02","name":"bosniak","image":{"@type":"ImageObject","inLanguage":"bs-BA","@id":"https:\/\/sandzakpress.net\/arhiva\/#\/schema\/person\/image\/","url":"https:\/\/secure.gravatar.com\/avatar\/a04fd330bfe3a36a72a0ad4a6d89fca7?s=96&d=mm&r=pg","contentUrl":"https:\/\/secure.gravatar.com\/avatar\/a04fd330bfe3a36a72a0ad4a6d89fca7?s=96&d=mm&r=pg","caption":"bosniak"},"url":"https:\/\/sandzakpress.net\/arhiva\/author\/bosniak\/"}]}},"_links":{"self":[{"href":"https:\/\/sandzakpress.net\/arhiva\/wp-json\/wp\/v2\/posts\/138553"}],"collection":[{"href":"https:\/\/sandzakpress.net\/arhiva\/wp-json\/wp\/v2\/posts"}],"about":[{"href":"https:\/\/sandzakpress.net\/arhiva\/wp-json\/wp\/v2\/types\/post"}],"author":[{"embeddable":true,"href":"https:\/\/sandzakpress.net\/arhiva\/wp-json\/wp\/v2\/users\/83"}],"replies":[{"embeddable":true,"href":"https:\/\/sandzakpress.net\/arhiva\/wp-json\/wp\/v2\/comments?post=138553"}],"version-history":[{"count":0,"href":"https:\/\/sandzakpress.net\/arhiva\/wp-json\/wp\/v2\/posts\/138553\/revisions"}],"wp:featuredmedia":[{"embeddable":true,"href":"https:\/\/sandzakpress.net\/arhiva\/wp-json\/wp\/v2\/media\/138554"}],"wp:attachment":[{"href":"https:\/\/sandzakpress.net\/arhiva\/wp-json\/wp\/v2\/media?parent=138553"}],"wp:term":[{"taxonomy":"category","embeddable":true,"href":"https:\/\/sandzakpress.net\/arhiva\/wp-json\/wp\/v2\/categories?post=138553"},{"taxonomy":"post_tag","embeddable":true,"href":"https:\/\/sandzakpress.net\/arhiva\/wp-json\/wp\/v2\/tags?post=138553"}],"curies":[{"name":"wp","href":"https:\/\/api.w.org\/{rel}","templated":true}]}}