{"id":138432,"date":"2015-09-25T18:03:44","date_gmt":"2015-09-25T16:03:44","guid":{"rendered":"https:\/\/sandzakpress.net\/arhiva\/?p=138432"},"modified":"2015-09-25T22:23:24","modified_gmt":"2015-09-25T20:23:24","slug":"turski-amasador-posjetio-medzlis-iz-e-tutin","status":"publish","type":"post","link":"https:\/\/sandzakpress.net\/arhiva\/turski-amasador-posjetio-medzlis-iz-e-tutin\/","title":{"rendered":"Turski ambasador posjetio Med\u017elis IZ-e Tutin"},"content":{"rendered":"<p><img loading=\"lazy\" decoding=\"async\" class=\"\" src=\"http:\/\/mesihat.org\/wp-content\/uploads\/2015\/09\/tutin-1067x600.jpg\" alt=\"tutin\" width=\"601\" height=\"338\" \/><\/p>\n<p><strong>Turska, Tutin &#8211; Drugog dana Kurban bajrama, 25.09.2015. godine, ambasador Republike Turske Mehmet Kemal Bozaj posjetio je Med\u017elis Islamske zajednice Tutin gdje mu je doma\u0107in bio imam Centralne d\u017eamije Fahrudin ef. \u0106osovi\u0107, koji ga je upoznao sa aktivnostima Tutinskog med\u017elisa s posebnim osvrtom na dogradnju Centralne d\u017eamije.<\/strong><\/p>\n<p>Ambasador Bozaj je u pomenutoj d\u017eamiji obavio i d\u017euma namaz, gdje je prije toga prisutnim d\u017eematlijama mubareklisao bajramske dane.<\/p>\n<p>(mesihat.org)<\/p>\n","protected":false},"excerpt":{"rendered":"<p>Turska, Tutin &#8211; Drugog dana Kurban bajrama, 25.09.2015. godine, ambasador Republike Turske Mehmet Kemal Bozaj posjetio je Med\u017elis Islamske zajednice Tutin gdje mu je doma\u0107in bio imam Centralne d\u017eamije Fahrudin ef. \u0106osovi\u0107, koji ga je upoznao sa aktivnostima Tutinskog med\u017elisa s posebnim osvrtom na dogradnju Centralne d\u017eamije. Ambasador Bozaj je u pomenutoj d\u017eamiji obavio i [&hellip;]<\/p>\n","protected":false},"author":509,"featured_media":138433,"comment_status":"open","ping_status":"open","sticky":false,"template":"","format":"standard","meta":{"footnotes":""},"categories":[1,327,8957,798,2692],"tags":[],"class_list":{"0":"post-138432","1":"post","2":"type-post","3":"status-publish","4":"format-standard","5":"has-post-thumbnail","7":"category-politika","8":"category-tutin","9":"category-vijesti-dana","10":"category-teme","11":"category-turska-gradovi"},"yoast_head":"<!-- This site is optimized with the Yoast SEO Premium plugin v23.1 (Yoast SEO v24.9) - https:\/\/yoast.com\/wordpress\/plugins\/seo\/ -->\n<title>Turski ambasador posjetio Med\u017elis IZ-e Tutin<\/title>\n<meta name=\"robots\" content=\"index, follow, max-snippet:-1, max-image-preview:large, max-video-preview:-1\" \/>\n<link rel=\"canonical\" href=\"https:\/\/sandzakpress.net\/arhiva\/turski-amasador-posjetio-medzlis-iz-e-tutin\/\" \/>\n<meta property=\"og:locale\" content=\"bs_BA\" \/>\n<meta property=\"og:type\" content=\"article\" \/>\n<meta property=\"og:title\" content=\"Turski ambasador posjetio Med\u017elis IZ-e Tutin\" \/>\n<meta property=\"og:description\" content=\"Turska, Tutin &#8211; Drugog dana Kurban bajrama, 25.09.2015. godine, ambasador Republike Turske Mehmet Kemal Bozaj posjetio je Med\u017elis Islamske zajednice Tutin gdje mu je doma\u0107in bio imam Centralne d\u017eamije Fahrudin ef. \u0106osovi\u0107, koji ga je upoznao sa aktivnostima Tutinskog med\u017elisa s posebnim osvrtom na dogradnju Centralne d\u017eamije. Ambasador Bozaj je u pomenutoj d\u017eamiji obavio i [&hellip;]\" \/>\n<meta property=\"og:url\" content=\"https:\/\/sandzakpress.net\/arhiva\/turski-amasador-posjetio-medzlis-iz-e-tutin\/\" \/>\n<meta property=\"og:site_name\" content=\"Sand\u017eak PRESS\" \/>\n<meta property=\"article:published_time\" content=\"2015-09-25T16:03:44+00:00\" \/>\n<meta property=\"article:modified_time\" content=\"2015-09-25T20:23:24+00:00\" \/>\n<meta property=\"og:image\" content=\"https:\/\/sandzakpress.net\/arhiva\/wp-content\/uploads\/2015\/09\/tutin-1067x600.jpg\" \/>\n\t<meta property=\"og:image:width\" content=\"1067\" \/>\n\t<meta property=\"og:image:height\" content=\"600\" \/>\n\t<meta property=\"og:image:type\" content=\"image\/jpeg\" \/>\n<meta name=\"author\" content=\"Agencija\" \/>\n<meta name=\"twitter:card\" content=\"summary_large_image\" \/>\n<meta name=\"twitter:label1\" content=\"Written by\" \/>\n\t<meta name=\"twitter:data1\" content=\"Agencija\" \/>\n<script type=\"application\/ld+json\" class=\"yoast-schema-graph\">{\"@context\":\"https:\/\/schema.org\",\"@graph\":[{\"@type\":\"Article\",\"@id\":\"https:\/\/sandzakpress.net\/arhiva\/turski-amasador-posjetio-medzlis-iz-e-tutin\/#article\",\"isPartOf\":{\"@id\":\"https:\/\/sandzakpress.net\/arhiva\/turski-amasador-posjetio-medzlis-iz-e-tutin\/\"},\"author\":{\"name\":\"Agencija\",\"@id\":\"https:\/\/sandzakpress.net\/arhiva\/#\/schema\/person\/cb59d7e3ab91ab90dd680ad0305a6185\"},\"headline\":\"Turski ambasador posjetio Med\u017elis IZ-e Tutin\",\"datePublished\":\"2015-09-25T16:03:44+00:00\",\"dateModified\":\"2015-09-25T20:23:24+00:00\",\"mainEntityOfPage\":{\"@id\":\"https:\/\/sandzakpress.net\/arhiva\/turski-amasador-posjetio-medzlis-iz-e-tutin\/\"},\"wordCount\":82,\"commentCount\":0,\"publisher\":{\"@id\":\"https:\/\/sandzakpress.net\/arhiva\/#\/schema\/person\/6e72b67d6e51910a1117b3b483ba20bd\"},\"image\":{\"@id\":\"https:\/\/sandzakpress.net\/arhiva\/turski-amasador-posjetio-medzlis-iz-e-tutin\/#primaryimage\"},\"thumbnailUrl\":\"https:\/\/sandzakpress.net\/arhiva\/wp-content\/uploads\/2015\/09\/tutin-1067x600.jpg\",\"articleSection\":[\"Politika\",\"Tutin\",\"VIJESTI DANA\",\"NAJNOVIJE\",\"Turska\"],\"inLanguage\":\"bs-BA\",\"potentialAction\":[{\"@type\":\"CommentAction\",\"name\":\"Comment\",\"target\":[\"https:\/\/sandzakpress.net\/arhiva\/turski-amasador-posjetio-medzlis-iz-e-tutin\/#respond\"]}]},{\"@type\":\"WebPage\",\"@id\":\"https:\/\/sandzakpress.net\/arhiva\/turski-amasador-posjetio-medzlis-iz-e-tutin\/\",\"url\":\"https:\/\/sandzakpress.net\/arhiva\/turski-amasador-posjetio-medzlis-iz-e-tutin\/\",\"name\":\"Turski ambasador posjetio Med\u017elis IZ-e Tutin\",\"isPartOf\":{\"@id\":\"https:\/\/sandzakpress.net\/arhiva\/#website\"},\"primaryImageOfPage\":{\"@id\":\"https:\/\/sandzakpress.net\/arhiva\/turski-amasador-posjetio-medzlis-iz-e-tutin\/#primaryimage\"},\"image\":{\"@id\":\"https:\/\/sandzakpress.net\/arhiva\/turski-amasador-posjetio-medzlis-iz-e-tutin\/#primaryimage\"},\"thumbnailUrl\":\"https:\/\/sandzakpress.net\/arhiva\/wp-content\/uploads\/2015\/09\/tutin-1067x600.jpg\",\"datePublished\":\"2015-09-25T16:03:44+00:00\",\"dateModified\":\"2015-09-25T20:23:24+00:00\",\"breadcrumb\":{\"@id\":\"https:\/\/sandzakpress.net\/arhiva\/turski-amasador-posjetio-medzlis-iz-e-tutin\/#breadcrumb\"},\"inLanguage\":\"bs-BA\",\"potentialAction\":[{\"@type\":\"ReadAction\",\"target\":[\"https:\/\/sandzakpress.net\/arhiva\/turski-amasador-posjetio-medzlis-iz-e-tutin\/\"]}]},{\"@type\":\"ImageObject\",\"inLanguage\":\"bs-BA\",\"@id\":\"https:\/\/sandzakpress.net\/arhiva\/turski-amasador-posjetio-medzlis-iz-e-tutin\/#primaryimage\",\"url\":\"https:\/\/sandzakpress.net\/arhiva\/wp-content\/uploads\/2015\/09\/tutin-1067x600.jpg\",\"contentUrl\":\"https:\/\/sandzakpress.net\/arhiva\/wp-content\/uploads\/2015\/09\/tutin-1067x600.jpg\",\"width\":1067,\"height\":600},{\"@type\":\"BreadcrumbList\",\"@id\":\"https:\/\/sandzakpress.net\/arhiva\/turski-amasador-posjetio-medzlis-iz-e-tutin\/#breadcrumb\",\"itemListElement\":[{\"@type\":\"ListItem\",\"position\":1,\"name\":\"Home\",\"item\":\"https:\/\/sandzakpress.net\/arhiva\/\"},{\"@type\":\"ListItem\",\"position\":2,\"name\":\"Turski ambasador posjetio Med\u017elis IZ-e Tutin\"}]},{\"@type\":\"WebSite\",\"@id\":\"https:\/\/sandzakpress.net\/arhiva\/#website\",\"url\":\"https:\/\/sandzakpress.net\/arhiva\/\",\"name\":\"Sand\u017eak PRESS\",\"description\":\"Prve elektronske novine u Sand\u017eaku\",\"publisher\":{\"@id\":\"https:\/\/sandzakpress.net\/arhiva\/#\/schema\/person\/6e72b67d6e51910a1117b3b483ba20bd\"},\"potentialAction\":[{\"@type\":\"SearchAction\",\"target\":{\"@type\":\"EntryPoint\",\"urlTemplate\":\"https:\/\/sandzakpress.net\/arhiva\/?s={search_term_string}\"},\"query-input\":{\"@type\":\"PropertyValueSpecification\",\"valueRequired\":true,\"valueName\":\"search_term_string\"}}],\"inLanguage\":\"bs-BA\"},{\"@type\":[\"Person\",\"Organization\"],\"@id\":\"https:\/\/sandzakpress.net\/arhiva\/#\/schema\/person\/6e72b67d6e51910a1117b3b483ba20bd\",\"name\":\"Kul\",\"image\":{\"@type\":\"ImageObject\",\"inLanguage\":\"bs-BA\",\"@id\":\"https:\/\/sandzakpress.net\/arhiva\/#\/schema\/person\/image\/\",\"url\":\"https:\/\/secure.gravatar.com\/avatar\/42263f39aa27ac04c43cab85c280eb2e?s=96&d=mm&r=pg\",\"contentUrl\":\"https:\/\/secure.gravatar.com\/avatar\/42263f39aa27ac04c43cab85c280eb2e?s=96&d=mm&r=pg\",\"caption\":\"Kul\"},\"logo\":{\"@id\":\"https:\/\/sandzakpress.net\/arhiva\/#\/schema\/person\/image\/\"}},{\"@type\":\"Person\",\"@id\":\"https:\/\/sandzakpress.net\/arhiva\/#\/schema\/person\/cb59d7e3ab91ab90dd680ad0305a6185\",\"name\":\"Agencija\",\"image\":{\"@type\":\"ImageObject\",\"inLanguage\":\"bs-BA\",\"@id\":\"https:\/\/sandzakpress.net\/arhiva\/#\/schema\/person\/image\/\",\"url\":\"https:\/\/secure.gravatar.com\/avatar\/4b7fafa80a22f0c2afe23966b3961fe0?s=96&d=mm&r=pg\",\"contentUrl\":\"https:\/\/secure.gravatar.com\/avatar\/4b7fafa80a22f0c2afe23966b3961fe0?s=96&d=mm&r=pg\",\"caption\":\"Agencija\"},\"url\":\"https:\/\/sandzakpress.net\/arhiva\/author\/agencija\/\"}]}<\/script>\n<!-- \/ Yoast SEO Premium plugin. -->","yoast_head_json":{"title":"Turski ambasador posjetio Med\u017elis IZ-e Tutin","robots":{"index":"index","follow":"follow","max-snippet":"max-snippet:-1","max-image-preview":"max-image-preview:large","max-video-preview":"max-video-preview:-1"},"canonical":"https:\/\/sandzakpress.net\/arhiva\/turski-amasador-posjetio-medzlis-iz-e-tutin\/","og_locale":"bs_BA","og_type":"article","og_title":"Turski ambasador posjetio Med\u017elis IZ-e Tutin","og_description":"Turska, Tutin &#8211; Drugog dana Kurban bajrama, 25.09.2015. godine, ambasador Republike Turske Mehmet Kemal Bozaj posjetio je Med\u017elis Islamske zajednice Tutin gdje mu je doma\u0107in bio imam Centralne d\u017eamije Fahrudin ef. \u0106osovi\u0107, koji ga je upoznao sa aktivnostima Tutinskog med\u017elisa s posebnim osvrtom na dogradnju Centralne d\u017eamije. Ambasador Bozaj je u pomenutoj d\u017eamiji obavio i [&hellip;]","og_url":"https:\/\/sandzakpress.net\/arhiva\/turski-amasador-posjetio-medzlis-iz-e-tutin\/","og_site_name":"Sand\u017eak PRESS","article_published_time":"2015-09-25T16:03:44+00:00","article_modified_time":"2015-09-25T20:23:24+00:00","og_image":[{"width":1067,"height":600,"url":"https:\/\/sandzakpress.net\/arhiva\/wp-content\/uploads\/2015\/09\/tutin-1067x600.jpg","type":"image\/jpeg"}],"author":"Agencija","twitter_card":"summary_large_image","twitter_misc":{"Written by":"Agencija"},"schema":{"@context":"https:\/\/schema.org","@graph":[{"@type":"Article","@id":"https:\/\/sandzakpress.net\/arhiva\/turski-amasador-posjetio-medzlis-iz-e-tutin\/#article","isPartOf":{"@id":"https:\/\/sandzakpress.net\/arhiva\/turski-amasador-posjetio-medzlis-iz-e-tutin\/"},"author":{"name":"Agencija","@id":"https:\/\/sandzakpress.net\/arhiva\/#\/schema\/person\/cb59d7e3ab91ab90dd680ad0305a6185"},"headline":"Turski ambasador posjetio Med\u017elis IZ-e Tutin","datePublished":"2015-09-25T16:03:44+00:00","dateModified":"2015-09-25T20:23:24+00:00","mainEntityOfPage":{"@id":"https:\/\/sandzakpress.net\/arhiva\/turski-amasador-posjetio-medzlis-iz-e-tutin\/"},"wordCount":82,"commentCount":0,"publisher":{"@id":"https:\/\/sandzakpress.net\/arhiva\/#\/schema\/person\/6e72b67d6e51910a1117b3b483ba20bd"},"image":{"@id":"https:\/\/sandzakpress.net\/arhiva\/turski-amasador-posjetio-medzlis-iz-e-tutin\/#primaryimage"},"thumbnailUrl":"https:\/\/sandzakpress.net\/arhiva\/wp-content\/uploads\/2015\/09\/tutin-1067x600.jpg","articleSection":["Politika","Tutin","VIJESTI DANA","NAJNOVIJE","Turska"],"inLanguage":"bs-BA","potentialAction":[{"@type":"CommentAction","name":"Comment","target":["https:\/\/sandzakpress.net\/arhiva\/turski-amasador-posjetio-medzlis-iz-e-tutin\/#respond"]}]},{"@type":"WebPage","@id":"https:\/\/sandzakpress.net\/arhiva\/turski-amasador-posjetio-medzlis-iz-e-tutin\/","url":"https:\/\/sandzakpress.net\/arhiva\/turski-amasador-posjetio-medzlis-iz-e-tutin\/","name":"Turski ambasador posjetio Med\u017elis IZ-e Tutin","isPartOf":{"@id":"https:\/\/sandzakpress.net\/arhiva\/#website"},"primaryImageOfPage":{"@id":"https:\/\/sandzakpress.net\/arhiva\/turski-amasador-posjetio-medzlis-iz-e-tutin\/#primaryimage"},"image":{"@id":"https:\/\/sandzakpress.net\/arhiva\/turski-amasador-posjetio-medzlis-iz-e-tutin\/#primaryimage"},"thumbnailUrl":"https:\/\/sandzakpress.net\/arhiva\/wp-content\/uploads\/2015\/09\/tutin-1067x600.jpg","datePublished":"2015-09-25T16:03:44+00:00","dateModified":"2015-09-25T20:23:24+00:00","breadcrumb":{"@id":"https:\/\/sandzakpress.net\/arhiva\/turski-amasador-posjetio-medzlis-iz-e-tutin\/#breadcrumb"},"inLanguage":"bs-BA","potentialAction":[{"@type":"ReadAction","target":["https:\/\/sandzakpress.net\/arhiva\/turski-amasador-posjetio-medzlis-iz-e-tutin\/"]}]},{"@type":"ImageObject","inLanguage":"bs-BA","@id":"https:\/\/sandzakpress.net\/arhiva\/turski-amasador-posjetio-medzlis-iz-e-tutin\/#primaryimage","url":"https:\/\/sandzakpress.net\/arhiva\/wp-content\/uploads\/2015\/09\/tutin-1067x600.jpg","contentUrl":"https:\/\/sandzakpress.net\/arhiva\/wp-content\/uploads\/2015\/09\/tutin-1067x600.jpg","width":1067,"height":600},{"@type":"BreadcrumbList","@id":"https:\/\/sandzakpress.net\/arhiva\/turski-amasador-posjetio-medzlis-iz-e-tutin\/#breadcrumb","itemListElement":[{"@type":"ListItem","position":1,"name":"Home","item":"https:\/\/sandzakpress.net\/arhiva\/"},{"@type":"ListItem","position":2,"name":"Turski ambasador posjetio Med\u017elis IZ-e Tutin"}]},{"@type":"WebSite","@id":"https:\/\/sandzakpress.net\/arhiva\/#website","url":"https:\/\/sandzakpress.net\/arhiva\/","name":"Sand\u017eak PRESS","description":"Prve elektronske novine u Sand\u017eaku","publisher":{"@id":"https:\/\/sandzakpress.net\/arhiva\/#\/schema\/person\/6e72b67d6e51910a1117b3b483ba20bd"},"potentialAction":[{"@type":"SearchAction","target":{"@type":"EntryPoint","urlTemplate":"https:\/\/sandzakpress.net\/arhiva\/?s={search_term_string}"},"query-input":{"@type":"PropertyValueSpecification","valueRequired":true,"valueName":"search_term_string"}}],"inLanguage":"bs-BA"},{"@type":["Person","Organization"],"@id":"https:\/\/sandzakpress.net\/arhiva\/#\/schema\/person\/6e72b67d6e51910a1117b3b483ba20bd","name":"Kul","image":{"@type":"ImageObject","inLanguage":"bs-BA","@id":"https:\/\/sandzakpress.net\/arhiva\/#\/schema\/person\/image\/","url":"https:\/\/secure.gravatar.com\/avatar\/42263f39aa27ac04c43cab85c280eb2e?s=96&d=mm&r=pg","contentUrl":"https:\/\/secure.gravatar.com\/avatar\/42263f39aa27ac04c43cab85c280eb2e?s=96&d=mm&r=pg","caption":"Kul"},"logo":{"@id":"https:\/\/sandzakpress.net\/arhiva\/#\/schema\/person\/image\/"}},{"@type":"Person","@id":"https:\/\/sandzakpress.net\/arhiva\/#\/schema\/person\/cb59d7e3ab91ab90dd680ad0305a6185","name":"Agencija","image":{"@type":"ImageObject","inLanguage":"bs-BA","@id":"https:\/\/sandzakpress.net\/arhiva\/#\/schema\/person\/image\/","url":"https:\/\/secure.gravatar.com\/avatar\/4b7fafa80a22f0c2afe23966b3961fe0?s=96&d=mm&r=pg","contentUrl":"https:\/\/secure.gravatar.com\/avatar\/4b7fafa80a22f0c2afe23966b3961fe0?s=96&d=mm&r=pg","caption":"Agencija"},"url":"https:\/\/sandzakpress.net\/arhiva\/author\/agencija\/"}]}},"_links":{"self":[{"href":"https:\/\/sandzakpress.net\/arhiva\/wp-json\/wp\/v2\/posts\/138432"}],"collection":[{"href":"https:\/\/sandzakpress.net\/arhiva\/wp-json\/wp\/v2\/posts"}],"about":[{"href":"https:\/\/sandzakpress.net\/arhiva\/wp-json\/wp\/v2\/types\/post"}],"author":[{"embeddable":true,"href":"https:\/\/sandzakpress.net\/arhiva\/wp-json\/wp\/v2\/users\/509"}],"replies":[{"embeddable":true,"href":"https:\/\/sandzakpress.net\/arhiva\/wp-json\/wp\/v2\/comments?post=138432"}],"version-history":[{"count":0,"href":"https:\/\/sandzakpress.net\/arhiva\/wp-json\/wp\/v2\/posts\/138432\/revisions"}],"wp:featuredmedia":[{"embeddable":true,"href":"https:\/\/sandzakpress.net\/arhiva\/wp-json\/wp\/v2\/media\/138433"}],"wp:attachment":[{"href":"https:\/\/sandzakpress.net\/arhiva\/wp-json\/wp\/v2\/media?parent=138432"}],"wp:term":[{"taxonomy":"category","embeddable":true,"href":"https:\/\/sandzakpress.net\/arhiva\/wp-json\/wp\/v2\/categories?post=138432"},{"taxonomy":"post_tag","embeddable":true,"href":"https:\/\/sandzakpress.net\/arhiva\/wp-json\/wp\/v2\/tags?post=138432"}],"curies":[{"name":"wp","href":"https:\/\/api.w.org\/{rel}","templated":true}]}}