{"id":138367,"date":"2015-09-24T19:47:16","date_gmt":"2015-09-24T17:47:16","guid":{"rendered":"https:\/\/sandzakpress.net\/arhiva\/?p=138367"},"modified":"2015-09-24T19:47:16","modified_gmt":"2015-09-24T17:47:16","slug":"kurban-bajramska-svecanost-u-new-yorku","status":"publish","type":"post","link":"https:\/\/sandzakpress.net\/arhiva\/kurban-bajramska-svecanost-u-new-yorku\/","title":{"rendered":"Kurban-bajramska sve\u010danost u New Yorku"},"content":{"rendered":"<p><img decoding=\"async\" src=\"http:\/\/www.bosnjaci.net\/foto\/Bosnjacki_centar_Richmond_Hill_Kurban_bajram_24_sept_2015.jpg\" alt=\"\" \/><\/p>\n<p><strong>Amerika &#8211; Bo\u0161njaci u New Yorku Kurban bajram klanjali su u vi\u0161e d\u017eamija i mesd\u017eida, dok po brojnosti moglo bi se re\u0107i da je centralna bajramska sve\u010danost bila u modernom Bo\u0161nja\u010dkom islamskom centru na Richmond Hillu. Bajram namaz i hutbu je predvidio hafiz Hako ef. Omeragi\u0107, glavni imam u Islamskoj zajednici Plav-Gusinje.<\/strong><\/p>\n<p> Va\u017eno je ista\u0107i da je brojnost klanja\u010da, posebno mladih ovog puta prema\u0161ila sve prijethodne bajrame. Velikom prisustvu je sigurno doprinio i po prvi puta prazni\u010dni dan za Bajram kada su sve \u0161kole u New York City-u \u0111acima dali slobodan prazni\u010dni dan. Time je dana\u0161nji mubarek bajramski dan i historijski dan koji \u0107e biti upisan u historiji ovog grada, Sjedinjenih ameri\u010dkih dr\u017eava ali i historiji muslimana na ovom kontinentu, odnosno u ovoj svjetskoj metropoli u koji \u0107e se od sada obilje\u017eavati i dva valika islamska praznika &#8211; ramazanski i kurban bajram. Zahvalnost treba uputiti svim aktivistima koji su godinama radili da se ozvani\u010di i institucionalno priznaju dva velika muslimanska praznika, i posebno administraciji na \u010delu sa majorom New York City-a Bill de Blasio, koji je odmah nakon stupanja na du\u017enost ispunio predizborno obe\u0107anje. Za nadati se da \u0107e se u \u0161to kra\u0107em roku donijeta odluka na dr\u017eavnom nivou. <\/p>\n<p> Pored pomenutog Bo\u0161nja\u010dkog centra, bajram namaz je klanjan u Bosansko-hercegova\u010dkom islamskom centru u Astoriji, Ali-pa\u0161inoj d\u017eamiji u Astoriji, Bo\u0161nja\u010dkom islamskom kulturnom centru u Astoriji, Islamskom centru u Bronxu, Islamskom centru u Brooklynu, Islamskom centru u Monticello&#8230;<\/p>\n<p> Nakon namaza prire\u0111eno je bajramsko \u010destitanje i dru\u017eenje uz kahvu, \u010daj i neizbje\u017ene poslastice koje su pripremile vrijedne Bo\u0161njakinje&#8230; potom su krenuli u tradcionalna porodi\u010dna i prejateljska obila\u017eenja i zijaret mezarja. (Bosnjaci.net)  <\/p>\n<table border=\"0\" width=\"680\" cellspacing=\"0\" cellpadding=\"5\" align=\"center\" bgcolor=\"Gainsboro\">\n<tbody>\n<tr>\n<td align=\"left\"><center><a href=\"http:\/\/www.bosnjaci.net\/foto\/Bosnjacki_centar_Richmond_Hill_Kurban_bajram_24_sept_2015d.jpg\" rel=\"lightbox\"><img decoding=\"async\" src=\"http:\/\/www.bosnjaci.net\/foto\/680_Bosnjacki_centar_Richmond_Hill_Kurban_bajram_24_sept_2015d.jpg\" alt=\"\" width=\"680\" border=\"0\" \/><\/a><\/p>\n<p> <a href=\"http:\/\/www.bosnjaci.net\/foto\/Bosnjacki_centar_Richmond_Hill_Kurban_bajram_24_sept_2015b.jpg\" rel=\"lightbox\"><img decoding=\"async\" src=\"http:\/\/www.bosnjaci.net\/foto\/680_Bosnjacki_centar_Richmond_Hill_Kurban_bajram_24_sept_2015b.jpg\" alt=\"\" width=\"680\" border=\"0\" \/><\/a><br \/> <\/center><\/td>\n<\/tr>\n<\/tbody>\n<\/table>\n","protected":false},"excerpt":{"rendered":"<p>Amerika &#8211; Bo\u0161njaci u New Yorku Kurban bajram klanjali su u vi\u0161e d\u017eamija i mesd\u017eida, dok po brojnosti moglo bi se re\u0107i da je centralna bajramska sve\u010danost bila u modernom Bo\u0161nja\u010dkom islamskom centru na Richmond Hillu. Bajram namaz i hutbu je predvidio hafiz Hako ef. Omeragi\u0107, glavni imam u Islamskoj zajednici Plav-Gusinje. Va\u017eno je ista\u0107i [&hellip;]<\/p>\n","protected":false},"author":83,"featured_media":138368,"comment_status":"open","ping_status":"open","sticky":false,"template":"","format":"standard","meta":{"footnotes":""},"categories":[3012,802,10429],"tags":[],"class_list":{"0":"post-138367","1":"post","2":"type-post","3":"status-publish","4":"format-standard","5":"has-post-thumbnail","7":"category-amerika-gradovi","8":"category-islamska_zajednica","9":"category-vazno"},"yoast_head":"<!-- This site is optimized with the Yoast SEO Premium plugin v23.1 (Yoast SEO v24.9) - https:\/\/yoast.com\/wordpress\/plugins\/seo\/ -->\n<title>Kurban-bajramska sve\u010danost u New Yorku<\/title>\n<meta name=\"robots\" content=\"index, follow, max-snippet:-1, max-image-preview:large, max-video-preview:-1\" \/>\n<link rel=\"canonical\" href=\"https:\/\/sandzakpress.net\/arhiva\/kurban-bajramska-svecanost-u-new-yorku\/\" \/>\n<meta property=\"og:locale\" content=\"bs_BA\" \/>\n<meta property=\"og:type\" content=\"article\" \/>\n<meta property=\"og:title\" content=\"Kurban-bajramska sve\u010danost u New Yorku\" \/>\n<meta property=\"og:description\" content=\"Amerika &#8211; Bo\u0161njaci u New Yorku Kurban bajram klanjali su u vi\u0161e d\u017eamija i mesd\u017eida, dok po brojnosti moglo bi se re\u0107i da je centralna bajramska sve\u010danost bila u modernom Bo\u0161nja\u010dkom islamskom centru na Richmond Hillu. Bajram namaz i hutbu je predvidio hafiz Hako ef. Omeragi\u0107, glavni imam u Islamskoj zajednici Plav-Gusinje. Va\u017eno je ista\u0107i [&hellip;]\" \/>\n<meta property=\"og:url\" content=\"https:\/\/sandzakpress.net\/arhiva\/kurban-bajramska-svecanost-u-new-yorku\/\" \/>\n<meta property=\"og:site_name\" content=\"Sand\u017eak PRESS\" \/>\n<meta property=\"article:published_time\" content=\"2015-09-24T17:47:16+00:00\" \/>\n<meta property=\"og:image\" content=\"https:\/\/sandzakpress.net\/arhiva\/wp-content\/uploads\/2015\/09\/Bosnjacki_centar_Richmond_Hill_Kurban_bajram_24_sept_2015.jpg\" \/>\n\t<meta property=\"og:image:width\" content=\"2048\" \/>\n\t<meta property=\"og:image:height\" content=\"1536\" \/>\n\t<meta property=\"og:image:type\" content=\"image\/jpeg\" \/>\n<meta name=\"author\" content=\"bosniak\" \/>\n<meta name=\"twitter:card\" content=\"summary_large_image\" \/>\n<meta name=\"twitter:label1\" content=\"Written by\" \/>\n\t<meta name=\"twitter:data1\" content=\"bosniak\" \/>\n\t<meta name=\"twitter:label2\" content=\"Est. reading time\" \/>\n\t<meta name=\"twitter:data2\" content=\"2 minute\" \/>\n<script type=\"application\/ld+json\" class=\"yoast-schema-graph\">{\"@context\":\"https:\/\/schema.org\",\"@graph\":[{\"@type\":\"Article\",\"@id\":\"https:\/\/sandzakpress.net\/arhiva\/kurban-bajramska-svecanost-u-new-yorku\/#article\",\"isPartOf\":{\"@id\":\"https:\/\/sandzakpress.net\/arhiva\/kurban-bajramska-svecanost-u-new-yorku\/\"},\"author\":{\"name\":\"bosniak\",\"@id\":\"https:\/\/sandzakpress.net\/arhiva\/#\/schema\/person\/c8baee722073534b583ea7bdb2e36c02\"},\"headline\":\"Kurban-bajramska sve\u010danost u New Yorku\",\"datePublished\":\"2015-09-24T17:47:16+00:00\",\"mainEntityOfPage\":{\"@id\":\"https:\/\/sandzakpress.net\/arhiva\/kurban-bajramska-svecanost-u-new-yorku\/\"},\"wordCount\":310,\"commentCount\":1,\"publisher\":{\"@id\":\"https:\/\/sandzakpress.net\/arhiva\/#\/schema\/person\/6e72b67d6e51910a1117b3b483ba20bd\"},\"image\":{\"@id\":\"https:\/\/sandzakpress.net\/arhiva\/kurban-bajramska-svecanost-u-new-yorku\/#primaryimage\"},\"thumbnailUrl\":\"https:\/\/sandzakpress.net\/arhiva\/wp-content\/uploads\/2015\/09\/Bosnjacki_centar_Richmond_Hill_Kurban_bajram_24_sept_2015.jpg\",\"articleSection\":[\"Amerika\",\"Islamska zajednica\",\"VA\u017dNO!\"],\"inLanguage\":\"bs-BA\",\"potentialAction\":[{\"@type\":\"CommentAction\",\"name\":\"Comment\",\"target\":[\"https:\/\/sandzakpress.net\/arhiva\/kurban-bajramska-svecanost-u-new-yorku\/#respond\"]}]},{\"@type\":\"WebPage\",\"@id\":\"https:\/\/sandzakpress.net\/arhiva\/kurban-bajramska-svecanost-u-new-yorku\/\",\"url\":\"https:\/\/sandzakpress.net\/arhiva\/kurban-bajramska-svecanost-u-new-yorku\/\",\"name\":\"Kurban-bajramska sve\u010danost u New Yorku\",\"isPartOf\":{\"@id\":\"https:\/\/sandzakpress.net\/arhiva\/#website\"},\"primaryImageOfPage\":{\"@id\":\"https:\/\/sandzakpress.net\/arhiva\/kurban-bajramska-svecanost-u-new-yorku\/#primaryimage\"},\"image\":{\"@id\":\"https:\/\/sandzakpress.net\/arhiva\/kurban-bajramska-svecanost-u-new-yorku\/#primaryimage\"},\"thumbnailUrl\":\"https:\/\/sandzakpress.net\/arhiva\/wp-content\/uploads\/2015\/09\/Bosnjacki_centar_Richmond_Hill_Kurban_bajram_24_sept_2015.jpg\",\"datePublished\":\"2015-09-24T17:47:16+00:00\",\"breadcrumb\":{\"@id\":\"https:\/\/sandzakpress.net\/arhiva\/kurban-bajramska-svecanost-u-new-yorku\/#breadcrumb\"},\"inLanguage\":\"bs-BA\",\"potentialAction\":[{\"@type\":\"ReadAction\",\"target\":[\"https:\/\/sandzakpress.net\/arhiva\/kurban-bajramska-svecanost-u-new-yorku\/\"]}]},{\"@type\":\"ImageObject\",\"inLanguage\":\"bs-BA\",\"@id\":\"https:\/\/sandzakpress.net\/arhiva\/kurban-bajramska-svecanost-u-new-yorku\/#primaryimage\",\"url\":\"https:\/\/sandzakpress.net\/arhiva\/wp-content\/uploads\/2015\/09\/Bosnjacki_centar_Richmond_Hill_Kurban_bajram_24_sept_2015.jpg\",\"contentUrl\":\"https:\/\/sandzakpress.net\/arhiva\/wp-content\/uploads\/2015\/09\/Bosnjacki_centar_Richmond_Hill_Kurban_bajram_24_sept_2015.jpg\",\"width\":2048,\"height\":1536},{\"@type\":\"BreadcrumbList\",\"@id\":\"https:\/\/sandzakpress.net\/arhiva\/kurban-bajramska-svecanost-u-new-yorku\/#breadcrumb\",\"itemListElement\":[{\"@type\":\"ListItem\",\"position\":1,\"name\":\"Home\",\"item\":\"https:\/\/sandzakpress.net\/arhiva\/\"},{\"@type\":\"ListItem\",\"position\":2,\"name\":\"Kurban-bajramska sve\u010danost u New Yorku\"}]},{\"@type\":\"WebSite\",\"@id\":\"https:\/\/sandzakpress.net\/arhiva\/#website\",\"url\":\"https:\/\/sandzakpress.net\/arhiva\/\",\"name\":\"Sand\u017eak PRESS\",\"description\":\"Prve elektronske novine u Sand\u017eaku\",\"publisher\":{\"@id\":\"https:\/\/sandzakpress.net\/arhiva\/#\/schema\/person\/6e72b67d6e51910a1117b3b483ba20bd\"},\"potentialAction\":[{\"@type\":\"SearchAction\",\"target\":{\"@type\":\"EntryPoint\",\"urlTemplate\":\"https:\/\/sandzakpress.net\/arhiva\/?s={search_term_string}\"},\"query-input\":{\"@type\":\"PropertyValueSpecification\",\"valueRequired\":true,\"valueName\":\"search_term_string\"}}],\"inLanguage\":\"bs-BA\"},{\"@type\":[\"Person\",\"Organization\"],\"@id\":\"https:\/\/sandzakpress.net\/arhiva\/#\/schema\/person\/6e72b67d6e51910a1117b3b483ba20bd\",\"name\":\"Kul\",\"image\":{\"@type\":\"ImageObject\",\"inLanguage\":\"bs-BA\",\"@id\":\"https:\/\/sandzakpress.net\/arhiva\/#\/schema\/person\/image\/\",\"url\":\"https:\/\/secure.gravatar.com\/avatar\/42263f39aa27ac04c43cab85c280eb2e?s=96&d=mm&r=pg\",\"contentUrl\":\"https:\/\/secure.gravatar.com\/avatar\/42263f39aa27ac04c43cab85c280eb2e?s=96&d=mm&r=pg\",\"caption\":\"Kul\"},\"logo\":{\"@id\":\"https:\/\/sandzakpress.net\/arhiva\/#\/schema\/person\/image\/\"}},{\"@type\":\"Person\",\"@id\":\"https:\/\/sandzakpress.net\/arhiva\/#\/schema\/person\/c8baee722073534b583ea7bdb2e36c02\",\"name\":\"bosniak\",\"image\":{\"@type\":\"ImageObject\",\"inLanguage\":\"bs-BA\",\"@id\":\"https:\/\/sandzakpress.net\/arhiva\/#\/schema\/person\/image\/\",\"url\":\"https:\/\/secure.gravatar.com\/avatar\/a04fd330bfe3a36a72a0ad4a6d89fca7?s=96&d=mm&r=pg\",\"contentUrl\":\"https:\/\/secure.gravatar.com\/avatar\/a04fd330bfe3a36a72a0ad4a6d89fca7?s=96&d=mm&r=pg\",\"caption\":\"bosniak\"},\"url\":\"https:\/\/sandzakpress.net\/arhiva\/author\/bosniak\/\"}]}<\/script>\n<!-- \/ Yoast SEO Premium plugin. -->","yoast_head_json":{"title":"Kurban-bajramska sve\u010danost u New Yorku","robots":{"index":"index","follow":"follow","max-snippet":"max-snippet:-1","max-image-preview":"max-image-preview:large","max-video-preview":"max-video-preview:-1"},"canonical":"https:\/\/sandzakpress.net\/arhiva\/kurban-bajramska-svecanost-u-new-yorku\/","og_locale":"bs_BA","og_type":"article","og_title":"Kurban-bajramska sve\u010danost u New Yorku","og_description":"Amerika &#8211; Bo\u0161njaci u New Yorku Kurban bajram klanjali su u vi\u0161e d\u017eamija i mesd\u017eida, dok po brojnosti moglo bi se re\u0107i da je centralna bajramska sve\u010danost bila u modernom Bo\u0161nja\u010dkom islamskom centru na Richmond Hillu. Bajram namaz i hutbu je predvidio hafiz Hako ef. Omeragi\u0107, glavni imam u Islamskoj zajednici Plav-Gusinje. Va\u017eno je ista\u0107i [&hellip;]","og_url":"https:\/\/sandzakpress.net\/arhiva\/kurban-bajramska-svecanost-u-new-yorku\/","og_site_name":"Sand\u017eak PRESS","article_published_time":"2015-09-24T17:47:16+00:00","og_image":[{"width":2048,"height":1536,"url":"https:\/\/sandzakpress.net\/arhiva\/wp-content\/uploads\/2015\/09\/Bosnjacki_centar_Richmond_Hill_Kurban_bajram_24_sept_2015.jpg","type":"image\/jpeg"}],"author":"bosniak","twitter_card":"summary_large_image","twitter_misc":{"Written by":"bosniak","Est. reading time":"2 minute"},"schema":{"@context":"https:\/\/schema.org","@graph":[{"@type":"Article","@id":"https:\/\/sandzakpress.net\/arhiva\/kurban-bajramska-svecanost-u-new-yorku\/#article","isPartOf":{"@id":"https:\/\/sandzakpress.net\/arhiva\/kurban-bajramska-svecanost-u-new-yorku\/"},"author":{"name":"bosniak","@id":"https:\/\/sandzakpress.net\/arhiva\/#\/schema\/person\/c8baee722073534b583ea7bdb2e36c02"},"headline":"Kurban-bajramska sve\u010danost u New Yorku","datePublished":"2015-09-24T17:47:16+00:00","mainEntityOfPage":{"@id":"https:\/\/sandzakpress.net\/arhiva\/kurban-bajramska-svecanost-u-new-yorku\/"},"wordCount":310,"commentCount":1,"publisher":{"@id":"https:\/\/sandzakpress.net\/arhiva\/#\/schema\/person\/6e72b67d6e51910a1117b3b483ba20bd"},"image":{"@id":"https:\/\/sandzakpress.net\/arhiva\/kurban-bajramska-svecanost-u-new-yorku\/#primaryimage"},"thumbnailUrl":"https:\/\/sandzakpress.net\/arhiva\/wp-content\/uploads\/2015\/09\/Bosnjacki_centar_Richmond_Hill_Kurban_bajram_24_sept_2015.jpg","articleSection":["Amerika","Islamska zajednica","VA\u017dNO!"],"inLanguage":"bs-BA","potentialAction":[{"@type":"CommentAction","name":"Comment","target":["https:\/\/sandzakpress.net\/arhiva\/kurban-bajramska-svecanost-u-new-yorku\/#respond"]}]},{"@type":"WebPage","@id":"https:\/\/sandzakpress.net\/arhiva\/kurban-bajramska-svecanost-u-new-yorku\/","url":"https:\/\/sandzakpress.net\/arhiva\/kurban-bajramska-svecanost-u-new-yorku\/","name":"Kurban-bajramska sve\u010danost u New Yorku","isPartOf":{"@id":"https:\/\/sandzakpress.net\/arhiva\/#website"},"primaryImageOfPage":{"@id":"https:\/\/sandzakpress.net\/arhiva\/kurban-bajramska-svecanost-u-new-yorku\/#primaryimage"},"image":{"@id":"https:\/\/sandzakpress.net\/arhiva\/kurban-bajramska-svecanost-u-new-yorku\/#primaryimage"},"thumbnailUrl":"https:\/\/sandzakpress.net\/arhiva\/wp-content\/uploads\/2015\/09\/Bosnjacki_centar_Richmond_Hill_Kurban_bajram_24_sept_2015.jpg","datePublished":"2015-09-24T17:47:16+00:00","breadcrumb":{"@id":"https:\/\/sandzakpress.net\/arhiva\/kurban-bajramska-svecanost-u-new-yorku\/#breadcrumb"},"inLanguage":"bs-BA","potentialAction":[{"@type":"ReadAction","target":["https:\/\/sandzakpress.net\/arhiva\/kurban-bajramska-svecanost-u-new-yorku\/"]}]},{"@type":"ImageObject","inLanguage":"bs-BA","@id":"https:\/\/sandzakpress.net\/arhiva\/kurban-bajramska-svecanost-u-new-yorku\/#primaryimage","url":"https:\/\/sandzakpress.net\/arhiva\/wp-content\/uploads\/2015\/09\/Bosnjacki_centar_Richmond_Hill_Kurban_bajram_24_sept_2015.jpg","contentUrl":"https:\/\/sandzakpress.net\/arhiva\/wp-content\/uploads\/2015\/09\/Bosnjacki_centar_Richmond_Hill_Kurban_bajram_24_sept_2015.jpg","width":2048,"height":1536},{"@type":"BreadcrumbList","@id":"https:\/\/sandzakpress.net\/arhiva\/kurban-bajramska-svecanost-u-new-yorku\/#breadcrumb","itemListElement":[{"@type":"ListItem","position":1,"name":"Home","item":"https:\/\/sandzakpress.net\/arhiva\/"},{"@type":"ListItem","position":2,"name":"Kurban-bajramska sve\u010danost u New Yorku"}]},{"@type":"WebSite","@id":"https:\/\/sandzakpress.net\/arhiva\/#website","url":"https:\/\/sandzakpress.net\/arhiva\/","name":"Sand\u017eak PRESS","description":"Prve elektronske novine u Sand\u017eaku","publisher":{"@id":"https:\/\/sandzakpress.net\/arhiva\/#\/schema\/person\/6e72b67d6e51910a1117b3b483ba20bd"},"potentialAction":[{"@type":"SearchAction","target":{"@type":"EntryPoint","urlTemplate":"https:\/\/sandzakpress.net\/arhiva\/?s={search_term_string}"},"query-input":{"@type":"PropertyValueSpecification","valueRequired":true,"valueName":"search_term_string"}}],"inLanguage":"bs-BA"},{"@type":["Person","Organization"],"@id":"https:\/\/sandzakpress.net\/arhiva\/#\/schema\/person\/6e72b67d6e51910a1117b3b483ba20bd","name":"Kul","image":{"@type":"ImageObject","inLanguage":"bs-BA","@id":"https:\/\/sandzakpress.net\/arhiva\/#\/schema\/person\/image\/","url":"https:\/\/secure.gravatar.com\/avatar\/42263f39aa27ac04c43cab85c280eb2e?s=96&d=mm&r=pg","contentUrl":"https:\/\/secure.gravatar.com\/avatar\/42263f39aa27ac04c43cab85c280eb2e?s=96&d=mm&r=pg","caption":"Kul"},"logo":{"@id":"https:\/\/sandzakpress.net\/arhiva\/#\/schema\/person\/image\/"}},{"@type":"Person","@id":"https:\/\/sandzakpress.net\/arhiva\/#\/schema\/person\/c8baee722073534b583ea7bdb2e36c02","name":"bosniak","image":{"@type":"ImageObject","inLanguage":"bs-BA","@id":"https:\/\/sandzakpress.net\/arhiva\/#\/schema\/person\/image\/","url":"https:\/\/secure.gravatar.com\/avatar\/a04fd330bfe3a36a72a0ad4a6d89fca7?s=96&d=mm&r=pg","contentUrl":"https:\/\/secure.gravatar.com\/avatar\/a04fd330bfe3a36a72a0ad4a6d89fca7?s=96&d=mm&r=pg","caption":"bosniak"},"url":"https:\/\/sandzakpress.net\/arhiva\/author\/bosniak\/"}]}},"_links":{"self":[{"href":"https:\/\/sandzakpress.net\/arhiva\/wp-json\/wp\/v2\/posts\/138367"}],"collection":[{"href":"https:\/\/sandzakpress.net\/arhiva\/wp-json\/wp\/v2\/posts"}],"about":[{"href":"https:\/\/sandzakpress.net\/arhiva\/wp-json\/wp\/v2\/types\/post"}],"author":[{"embeddable":true,"href":"https:\/\/sandzakpress.net\/arhiva\/wp-json\/wp\/v2\/users\/83"}],"replies":[{"embeddable":true,"href":"https:\/\/sandzakpress.net\/arhiva\/wp-json\/wp\/v2\/comments?post=138367"}],"version-history":[{"count":0,"href":"https:\/\/sandzakpress.net\/arhiva\/wp-json\/wp\/v2\/posts\/138367\/revisions"}],"wp:featuredmedia":[{"embeddable":true,"href":"https:\/\/sandzakpress.net\/arhiva\/wp-json\/wp\/v2\/media\/138368"}],"wp:attachment":[{"href":"https:\/\/sandzakpress.net\/arhiva\/wp-json\/wp\/v2\/media?parent=138367"}],"wp:term":[{"taxonomy":"category","embeddable":true,"href":"https:\/\/sandzakpress.net\/arhiva\/wp-json\/wp\/v2\/categories?post=138367"},{"taxonomy":"post_tag","embeddable":true,"href":"https:\/\/sandzakpress.net\/arhiva\/wp-json\/wp\/v2\/tags?post=138367"}],"curies":[{"name":"wp","href":"https:\/\/api.w.org\/{rel}","templated":true}]}}