{"id":138268,"date":"2015-09-23T16:25:07","date_gmt":"2015-09-23T14:25:07","guid":{"rendered":"https:\/\/sandzakpress.net\/arhiva\/?p=138268"},"modified":"2015-09-23T18:13:12","modified_gmt":"2015-09-23T16:13:12","slug":"fehratovic-prepoznajmo-bajramsku-poruku-i-prevazidimo-nesuglasice","status":"publish","type":"post","link":"https:\/\/sandzakpress.net\/arhiva\/fehratovic-prepoznajmo-bajramsku-poruku-i-prevazidimo-nesuglasice\/","title":{"rendered":"Fehratovi\u0107: Prepoznajmo bajramsku poruku i prevazi\u0111imo nesuglasice"},"content":{"rendered":"<p><strong><img loading=\"lazy\" decoding=\"async\" class=\"aligncenter size-full wp-image-131328\" src=\"https:\/\/sandzakpress.net\/arhiva\/wp-content\/uploads\/2015\/07\/Jahja-Fehratovic-BDZ.jpg\" alt=\"Jahja Fehratovic BDZ\" width=\"996\" height=\"653\" srcset=\"https:\/\/sandzakpress.net\/arhiva\/wp-content\/uploads\/2015\/07\/Jahja-Fehratovic-BDZ.jpg 996w, https:\/\/sandzakpress.net\/arhiva\/wp-content\/uploads\/2015\/07\/Jahja-Fehratovic-BDZ-616x404.jpg 616w\" sizes=\"(max-width: 996px) 100vw, 996px\" \/>Novi Pazar &#8211; Predsjednik BDZ\u00a0Sand\u017eaka dr. Jahja Fehratovi\u0107\u00a0uputio je danas \u010destitku povodom nastupaju\u0107eg Kurban bajrama. U \u010destitki se ka\u017ee:<\/strong><\/p>\n<p>&nbsp;<\/p>\n<p>U danima kada na\u0161i had\u017eije sa milionima drugih bivaju gosti Uzvi\u0161enog Allaha i upu\u0107uju dove za na\u0161e blagostanje, du\u017enost svih nas je da prepoznamo Kurban-bajramsku poruku i napravimo posebnu \u017ertvu kojom \u0107emo prevazi\u0107i sve nesuglasice i krenuti u op\u0107i prosperitet na\u0161e zajednice.<\/p>\n<p>U tom duhu i i\u0161\u010dekivanju radosti kurban-bajramskih tekbira, u ime Bo\u0161nja\u010dke demokratske zajednice Sand\u017eaka i u svoje li\u010dno ime svim muslimanima Bajram \u0160erif Mubarek Olsun \u017eelim.<\/p>\n<p>(BDZ)<\/p>\n","protected":false},"excerpt":{"rendered":"<p>Novi Pazar &#8211; Predsjednik BDZ\u00a0Sand\u017eaka dr. Jahja Fehratovi\u0107\u00a0uputio je danas \u010destitku povodom nastupaju\u0107eg Kurban bajrama. U \u010destitki se ka\u017ee: &nbsp; U danima kada na\u0161i had\u017eije sa milionima drugih bivaju gosti Uzvi\u0161enog Allaha i upu\u0107uju dove za na\u0161e blagostanje, du\u017enost svih nas je da prepoznamo Kurban-bajramsku poruku i napravimo posebnu \u017ertvu kojom \u0107emo prevazi\u0107i sve nesuglasice [&hellip;]<\/p>\n","protected":false},"author":83,"featured_media":131328,"comment_status":"open","ping_status":"open","sticky":false,"template":"","format":"standard","meta":{"footnotes":""},"categories":[72,1,798,10429],"tags":[10223],"class_list":{"0":"post-138268","1":"post","2":"type-post","3":"status-publish","4":"format-standard","5":"has-post-thumbnail","7":"category-novi-pazar","8":"category-politika","9":"category-teme","10":"category-vazno","11":"tag-bdz"},"yoast_head":"<!-- This site is optimized with the Yoast SEO Premium plugin v23.1 (Yoast SEO v24.9) - https:\/\/yoast.com\/wordpress\/plugins\/seo\/ -->\n<title>Fehratovi\u0107: Prepoznajmo bajramsku poruku i prevazi\u0111imo nesuglasice<\/title>\n<meta name=\"robots\" content=\"index, follow, max-snippet:-1, max-image-preview:large, max-video-preview:-1\" \/>\n<link rel=\"canonical\" href=\"https:\/\/sandzakpress.net\/arhiva\/fehratovic-prepoznajmo-bajramsku-poruku-i-prevazidimo-nesuglasice\/\" \/>\n<meta property=\"og:locale\" content=\"bs_BA\" \/>\n<meta property=\"og:type\" content=\"article\" \/>\n<meta property=\"og:title\" content=\"Fehratovi\u0107: Prepoznajmo bajramsku poruku i prevazi\u0111imo nesuglasice\" \/>\n<meta property=\"og:description\" content=\"Novi Pazar &#8211; Predsjednik BDZ\u00a0Sand\u017eaka dr. Jahja Fehratovi\u0107\u00a0uputio je danas \u010destitku povodom nastupaju\u0107eg Kurban bajrama. U \u010destitki se ka\u017ee: &nbsp; U danima kada na\u0161i had\u017eije sa milionima drugih bivaju gosti Uzvi\u0161enog Allaha i upu\u0107uju dove za na\u0161e blagostanje, du\u017enost svih nas je da prepoznamo Kurban-bajramsku poruku i napravimo posebnu \u017ertvu kojom \u0107emo prevazi\u0107i sve nesuglasice [&hellip;]\" \/>\n<meta property=\"og:url\" content=\"https:\/\/sandzakpress.net\/arhiva\/fehratovic-prepoznajmo-bajramsku-poruku-i-prevazidimo-nesuglasice\/\" \/>\n<meta property=\"og:site_name\" content=\"Sand\u017eak PRESS\" \/>\n<meta property=\"article:published_time\" content=\"2015-09-23T14:25:07+00:00\" \/>\n<meta property=\"article:modified_time\" content=\"2015-09-23T16:13:12+00:00\" \/>\n<meta property=\"og:image\" content=\"https:\/\/sandzakpress.net\/arhiva\/wp-content\/uploads\/2015\/07\/Jahja-Fehratovic-BDZ.jpg\" \/>\n\t<meta property=\"og:image:width\" content=\"996\" \/>\n\t<meta property=\"og:image:height\" content=\"653\" \/>\n\t<meta property=\"og:image:type\" content=\"image\/jpeg\" \/>\n<meta name=\"author\" content=\"bosniak\" \/>\n<meta name=\"twitter:card\" content=\"summary_large_image\" \/>\n<meta name=\"twitter:label1\" content=\"Written by\" \/>\n\t<meta name=\"twitter:data1\" content=\"bosniak\" \/>\n\t<meta name=\"twitter:label2\" content=\"Est. reading time\" \/>\n\t<meta name=\"twitter:data2\" content=\"1 minuta\" \/>\n<script type=\"application\/ld+json\" class=\"yoast-schema-graph\">{\"@context\":\"https:\/\/schema.org\",\"@graph\":[{\"@type\":\"Article\",\"@id\":\"https:\/\/sandzakpress.net\/arhiva\/fehratovic-prepoznajmo-bajramsku-poruku-i-prevazidimo-nesuglasice\/#article\",\"isPartOf\":{\"@id\":\"https:\/\/sandzakpress.net\/arhiva\/fehratovic-prepoznajmo-bajramsku-poruku-i-prevazidimo-nesuglasice\/\"},\"author\":{\"name\":\"bosniak\",\"@id\":\"https:\/\/sandzakpress.net\/arhiva\/#\/schema\/person\/c8baee722073534b583ea7bdb2e36c02\"},\"headline\":\"Fehratovi\u0107: Prepoznajmo bajramsku poruku i prevazi\u0111imo nesuglasice\",\"datePublished\":\"2015-09-23T14:25:07+00:00\",\"dateModified\":\"2015-09-23T16:13:12+00:00\",\"mainEntityOfPage\":{\"@id\":\"https:\/\/sandzakpress.net\/arhiva\/fehratovic-prepoznajmo-bajramsku-poruku-i-prevazidimo-nesuglasice\/\"},\"wordCount\":116,\"commentCount\":8,\"publisher\":{\"@id\":\"https:\/\/sandzakpress.net\/arhiva\/#\/schema\/person\/6e72b67d6e51910a1117b3b483ba20bd\"},\"image\":{\"@id\":\"https:\/\/sandzakpress.net\/arhiva\/fehratovic-prepoznajmo-bajramsku-poruku-i-prevazidimo-nesuglasice\/#primaryimage\"},\"thumbnailUrl\":\"https:\/\/sandzakpress.net\/arhiva\/wp-content\/uploads\/2015\/07\/Jahja-Fehratovic-BDZ.jpg\",\"keywords\":[\"BDZ\"],\"articleSection\":[\"Novi Pazar\",\"Politika\",\"NAJNOVIJE\",\"VA\u017dNO!\"],\"inLanguage\":\"bs-BA\",\"potentialAction\":[{\"@type\":\"CommentAction\",\"name\":\"Comment\",\"target\":[\"https:\/\/sandzakpress.net\/arhiva\/fehratovic-prepoznajmo-bajramsku-poruku-i-prevazidimo-nesuglasice\/#respond\"]}]},{\"@type\":\"WebPage\",\"@id\":\"https:\/\/sandzakpress.net\/arhiva\/fehratovic-prepoznajmo-bajramsku-poruku-i-prevazidimo-nesuglasice\/\",\"url\":\"https:\/\/sandzakpress.net\/arhiva\/fehratovic-prepoznajmo-bajramsku-poruku-i-prevazidimo-nesuglasice\/\",\"name\":\"Fehratovi\u0107: Prepoznajmo bajramsku poruku i prevazi\u0111imo nesuglasice\",\"isPartOf\":{\"@id\":\"https:\/\/sandzakpress.net\/arhiva\/#website\"},\"primaryImageOfPage\":{\"@id\":\"https:\/\/sandzakpress.net\/arhiva\/fehratovic-prepoznajmo-bajramsku-poruku-i-prevazidimo-nesuglasice\/#primaryimage\"},\"image\":{\"@id\":\"https:\/\/sandzakpress.net\/arhiva\/fehratovic-prepoznajmo-bajramsku-poruku-i-prevazidimo-nesuglasice\/#primaryimage\"},\"thumbnailUrl\":\"https:\/\/sandzakpress.net\/arhiva\/wp-content\/uploads\/2015\/07\/Jahja-Fehratovic-BDZ.jpg\",\"datePublished\":\"2015-09-23T14:25:07+00:00\",\"dateModified\":\"2015-09-23T16:13:12+00:00\",\"breadcrumb\":{\"@id\":\"https:\/\/sandzakpress.net\/arhiva\/fehratovic-prepoznajmo-bajramsku-poruku-i-prevazidimo-nesuglasice\/#breadcrumb\"},\"inLanguage\":\"bs-BA\",\"potentialAction\":[{\"@type\":\"ReadAction\",\"target\":[\"https:\/\/sandzakpress.net\/arhiva\/fehratovic-prepoznajmo-bajramsku-poruku-i-prevazidimo-nesuglasice\/\"]}]},{\"@type\":\"ImageObject\",\"inLanguage\":\"bs-BA\",\"@id\":\"https:\/\/sandzakpress.net\/arhiva\/fehratovic-prepoznajmo-bajramsku-poruku-i-prevazidimo-nesuglasice\/#primaryimage\",\"url\":\"https:\/\/sandzakpress.net\/arhiva\/wp-content\/uploads\/2015\/07\/Jahja-Fehratovic-BDZ.jpg\",\"contentUrl\":\"https:\/\/sandzakpress.net\/arhiva\/wp-content\/uploads\/2015\/07\/Jahja-Fehratovic-BDZ.jpg\",\"width\":996,\"height\":653},{\"@type\":\"BreadcrumbList\",\"@id\":\"https:\/\/sandzakpress.net\/arhiva\/fehratovic-prepoznajmo-bajramsku-poruku-i-prevazidimo-nesuglasice\/#breadcrumb\",\"itemListElement\":[{\"@type\":\"ListItem\",\"position\":1,\"name\":\"Home\",\"item\":\"https:\/\/sandzakpress.net\/arhiva\/\"},{\"@type\":\"ListItem\",\"position\":2,\"name\":\"Fehratovi\u0107: Prepoznajmo bajramsku poruku i prevazi\u0111imo nesuglasice\"}]},{\"@type\":\"WebSite\",\"@id\":\"https:\/\/sandzakpress.net\/arhiva\/#website\",\"url\":\"https:\/\/sandzakpress.net\/arhiva\/\",\"name\":\"Sand\u017eak PRESS\",\"description\":\"Prve elektronske novine u Sand\u017eaku\",\"publisher\":{\"@id\":\"https:\/\/sandzakpress.net\/arhiva\/#\/schema\/person\/6e72b67d6e51910a1117b3b483ba20bd\"},\"potentialAction\":[{\"@type\":\"SearchAction\",\"target\":{\"@type\":\"EntryPoint\",\"urlTemplate\":\"https:\/\/sandzakpress.net\/arhiva\/?s={search_term_string}\"},\"query-input\":{\"@type\":\"PropertyValueSpecification\",\"valueRequired\":true,\"valueName\":\"search_term_string\"}}],\"inLanguage\":\"bs-BA\"},{\"@type\":[\"Person\",\"Organization\"],\"@id\":\"https:\/\/sandzakpress.net\/arhiva\/#\/schema\/person\/6e72b67d6e51910a1117b3b483ba20bd\",\"name\":\"Kul\",\"image\":{\"@type\":\"ImageObject\",\"inLanguage\":\"bs-BA\",\"@id\":\"https:\/\/sandzakpress.net\/arhiva\/#\/schema\/person\/image\/\",\"url\":\"https:\/\/secure.gravatar.com\/avatar\/42263f39aa27ac04c43cab85c280eb2e?s=96&d=mm&r=pg\",\"contentUrl\":\"https:\/\/secure.gravatar.com\/avatar\/42263f39aa27ac04c43cab85c280eb2e?s=96&d=mm&r=pg\",\"caption\":\"Kul\"},\"logo\":{\"@id\":\"https:\/\/sandzakpress.net\/arhiva\/#\/schema\/person\/image\/\"}},{\"@type\":\"Person\",\"@id\":\"https:\/\/sandzakpress.net\/arhiva\/#\/schema\/person\/c8baee722073534b583ea7bdb2e36c02\",\"name\":\"bosniak\",\"image\":{\"@type\":\"ImageObject\",\"inLanguage\":\"bs-BA\",\"@id\":\"https:\/\/sandzakpress.net\/arhiva\/#\/schema\/person\/image\/\",\"url\":\"https:\/\/secure.gravatar.com\/avatar\/a04fd330bfe3a36a72a0ad4a6d89fca7?s=96&d=mm&r=pg\",\"contentUrl\":\"https:\/\/secure.gravatar.com\/avatar\/a04fd330bfe3a36a72a0ad4a6d89fca7?s=96&d=mm&r=pg\",\"caption\":\"bosniak\"},\"url\":\"https:\/\/sandzakpress.net\/arhiva\/author\/bosniak\/\"}]}<\/script>\n<!-- \/ Yoast SEO Premium plugin. -->","yoast_head_json":{"title":"Fehratovi\u0107: Prepoznajmo bajramsku poruku i prevazi\u0111imo nesuglasice","robots":{"index":"index","follow":"follow","max-snippet":"max-snippet:-1","max-image-preview":"max-image-preview:large","max-video-preview":"max-video-preview:-1"},"canonical":"https:\/\/sandzakpress.net\/arhiva\/fehratovic-prepoznajmo-bajramsku-poruku-i-prevazidimo-nesuglasice\/","og_locale":"bs_BA","og_type":"article","og_title":"Fehratovi\u0107: Prepoznajmo bajramsku poruku i prevazi\u0111imo nesuglasice","og_description":"Novi Pazar &#8211; Predsjednik BDZ\u00a0Sand\u017eaka dr. Jahja Fehratovi\u0107\u00a0uputio je danas \u010destitku povodom nastupaju\u0107eg Kurban bajrama. U \u010destitki se ka\u017ee: &nbsp; U danima kada na\u0161i had\u017eije sa milionima drugih bivaju gosti Uzvi\u0161enog Allaha i upu\u0107uju dove za na\u0161e blagostanje, du\u017enost svih nas je da prepoznamo Kurban-bajramsku poruku i napravimo posebnu \u017ertvu kojom \u0107emo prevazi\u0107i sve nesuglasice [&hellip;]","og_url":"https:\/\/sandzakpress.net\/arhiva\/fehratovic-prepoznajmo-bajramsku-poruku-i-prevazidimo-nesuglasice\/","og_site_name":"Sand\u017eak PRESS","article_published_time":"2015-09-23T14:25:07+00:00","article_modified_time":"2015-09-23T16:13:12+00:00","og_image":[{"width":996,"height":653,"url":"https:\/\/sandzakpress.net\/arhiva\/wp-content\/uploads\/2015\/07\/Jahja-Fehratovic-BDZ.jpg","type":"image\/jpeg"}],"author":"bosniak","twitter_card":"summary_large_image","twitter_misc":{"Written by":"bosniak","Est. reading time":"1 minuta"},"schema":{"@context":"https:\/\/schema.org","@graph":[{"@type":"Article","@id":"https:\/\/sandzakpress.net\/arhiva\/fehratovic-prepoznajmo-bajramsku-poruku-i-prevazidimo-nesuglasice\/#article","isPartOf":{"@id":"https:\/\/sandzakpress.net\/arhiva\/fehratovic-prepoznajmo-bajramsku-poruku-i-prevazidimo-nesuglasice\/"},"author":{"name":"bosniak","@id":"https:\/\/sandzakpress.net\/arhiva\/#\/schema\/person\/c8baee722073534b583ea7bdb2e36c02"},"headline":"Fehratovi\u0107: Prepoznajmo bajramsku poruku i prevazi\u0111imo nesuglasice","datePublished":"2015-09-23T14:25:07+00:00","dateModified":"2015-09-23T16:13:12+00:00","mainEntityOfPage":{"@id":"https:\/\/sandzakpress.net\/arhiva\/fehratovic-prepoznajmo-bajramsku-poruku-i-prevazidimo-nesuglasice\/"},"wordCount":116,"commentCount":8,"publisher":{"@id":"https:\/\/sandzakpress.net\/arhiva\/#\/schema\/person\/6e72b67d6e51910a1117b3b483ba20bd"},"image":{"@id":"https:\/\/sandzakpress.net\/arhiva\/fehratovic-prepoznajmo-bajramsku-poruku-i-prevazidimo-nesuglasice\/#primaryimage"},"thumbnailUrl":"https:\/\/sandzakpress.net\/arhiva\/wp-content\/uploads\/2015\/07\/Jahja-Fehratovic-BDZ.jpg","keywords":["BDZ"],"articleSection":["Novi Pazar","Politika","NAJNOVIJE","VA\u017dNO!"],"inLanguage":"bs-BA","potentialAction":[{"@type":"CommentAction","name":"Comment","target":["https:\/\/sandzakpress.net\/arhiva\/fehratovic-prepoznajmo-bajramsku-poruku-i-prevazidimo-nesuglasice\/#respond"]}]},{"@type":"WebPage","@id":"https:\/\/sandzakpress.net\/arhiva\/fehratovic-prepoznajmo-bajramsku-poruku-i-prevazidimo-nesuglasice\/","url":"https:\/\/sandzakpress.net\/arhiva\/fehratovic-prepoznajmo-bajramsku-poruku-i-prevazidimo-nesuglasice\/","name":"Fehratovi\u0107: Prepoznajmo bajramsku poruku i prevazi\u0111imo nesuglasice","isPartOf":{"@id":"https:\/\/sandzakpress.net\/arhiva\/#website"},"primaryImageOfPage":{"@id":"https:\/\/sandzakpress.net\/arhiva\/fehratovic-prepoznajmo-bajramsku-poruku-i-prevazidimo-nesuglasice\/#primaryimage"},"image":{"@id":"https:\/\/sandzakpress.net\/arhiva\/fehratovic-prepoznajmo-bajramsku-poruku-i-prevazidimo-nesuglasice\/#primaryimage"},"thumbnailUrl":"https:\/\/sandzakpress.net\/arhiva\/wp-content\/uploads\/2015\/07\/Jahja-Fehratovic-BDZ.jpg","datePublished":"2015-09-23T14:25:07+00:00","dateModified":"2015-09-23T16:13:12+00:00","breadcrumb":{"@id":"https:\/\/sandzakpress.net\/arhiva\/fehratovic-prepoznajmo-bajramsku-poruku-i-prevazidimo-nesuglasice\/#breadcrumb"},"inLanguage":"bs-BA","potentialAction":[{"@type":"ReadAction","target":["https:\/\/sandzakpress.net\/arhiva\/fehratovic-prepoznajmo-bajramsku-poruku-i-prevazidimo-nesuglasice\/"]}]},{"@type":"ImageObject","inLanguage":"bs-BA","@id":"https:\/\/sandzakpress.net\/arhiva\/fehratovic-prepoznajmo-bajramsku-poruku-i-prevazidimo-nesuglasice\/#primaryimage","url":"https:\/\/sandzakpress.net\/arhiva\/wp-content\/uploads\/2015\/07\/Jahja-Fehratovic-BDZ.jpg","contentUrl":"https:\/\/sandzakpress.net\/arhiva\/wp-content\/uploads\/2015\/07\/Jahja-Fehratovic-BDZ.jpg","width":996,"height":653},{"@type":"BreadcrumbList","@id":"https:\/\/sandzakpress.net\/arhiva\/fehratovic-prepoznajmo-bajramsku-poruku-i-prevazidimo-nesuglasice\/#breadcrumb","itemListElement":[{"@type":"ListItem","position":1,"name":"Home","item":"https:\/\/sandzakpress.net\/arhiva\/"},{"@type":"ListItem","position":2,"name":"Fehratovi\u0107: Prepoznajmo bajramsku poruku i prevazi\u0111imo nesuglasice"}]},{"@type":"WebSite","@id":"https:\/\/sandzakpress.net\/arhiva\/#website","url":"https:\/\/sandzakpress.net\/arhiva\/","name":"Sand\u017eak PRESS","description":"Prve elektronske novine u Sand\u017eaku","publisher":{"@id":"https:\/\/sandzakpress.net\/arhiva\/#\/schema\/person\/6e72b67d6e51910a1117b3b483ba20bd"},"potentialAction":[{"@type":"SearchAction","target":{"@type":"EntryPoint","urlTemplate":"https:\/\/sandzakpress.net\/arhiva\/?s={search_term_string}"},"query-input":{"@type":"PropertyValueSpecification","valueRequired":true,"valueName":"search_term_string"}}],"inLanguage":"bs-BA"},{"@type":["Person","Organization"],"@id":"https:\/\/sandzakpress.net\/arhiva\/#\/schema\/person\/6e72b67d6e51910a1117b3b483ba20bd","name":"Kul","image":{"@type":"ImageObject","inLanguage":"bs-BA","@id":"https:\/\/sandzakpress.net\/arhiva\/#\/schema\/person\/image\/","url":"https:\/\/secure.gravatar.com\/avatar\/42263f39aa27ac04c43cab85c280eb2e?s=96&d=mm&r=pg","contentUrl":"https:\/\/secure.gravatar.com\/avatar\/42263f39aa27ac04c43cab85c280eb2e?s=96&d=mm&r=pg","caption":"Kul"},"logo":{"@id":"https:\/\/sandzakpress.net\/arhiva\/#\/schema\/person\/image\/"}},{"@type":"Person","@id":"https:\/\/sandzakpress.net\/arhiva\/#\/schema\/person\/c8baee722073534b583ea7bdb2e36c02","name":"bosniak","image":{"@type":"ImageObject","inLanguage":"bs-BA","@id":"https:\/\/sandzakpress.net\/arhiva\/#\/schema\/person\/image\/","url":"https:\/\/secure.gravatar.com\/avatar\/a04fd330bfe3a36a72a0ad4a6d89fca7?s=96&d=mm&r=pg","contentUrl":"https:\/\/secure.gravatar.com\/avatar\/a04fd330bfe3a36a72a0ad4a6d89fca7?s=96&d=mm&r=pg","caption":"bosniak"},"url":"https:\/\/sandzakpress.net\/arhiva\/author\/bosniak\/"}]}},"_links":{"self":[{"href":"https:\/\/sandzakpress.net\/arhiva\/wp-json\/wp\/v2\/posts\/138268"}],"collection":[{"href":"https:\/\/sandzakpress.net\/arhiva\/wp-json\/wp\/v2\/posts"}],"about":[{"href":"https:\/\/sandzakpress.net\/arhiva\/wp-json\/wp\/v2\/types\/post"}],"author":[{"embeddable":true,"href":"https:\/\/sandzakpress.net\/arhiva\/wp-json\/wp\/v2\/users\/83"}],"replies":[{"embeddable":true,"href":"https:\/\/sandzakpress.net\/arhiva\/wp-json\/wp\/v2\/comments?post=138268"}],"version-history":[{"count":0,"href":"https:\/\/sandzakpress.net\/arhiva\/wp-json\/wp\/v2\/posts\/138268\/revisions"}],"wp:featuredmedia":[{"embeddable":true,"href":"https:\/\/sandzakpress.net\/arhiva\/wp-json\/wp\/v2\/media\/131328"}],"wp:attachment":[{"href":"https:\/\/sandzakpress.net\/arhiva\/wp-json\/wp\/v2\/media?parent=138268"}],"wp:term":[{"taxonomy":"category","embeddable":true,"href":"https:\/\/sandzakpress.net\/arhiva\/wp-json\/wp\/v2\/categories?post=138268"},{"taxonomy":"post_tag","embeddable":true,"href":"https:\/\/sandzakpress.net\/arhiva\/wp-json\/wp\/v2\/tags?post=138268"}],"curies":[{"name":"wp","href":"https:\/\/api.w.org\/{rel}","templated":true}]}}