{"id":138226,"date":"2015-09-23T12:13:54","date_gmt":"2015-09-23T10:13:54","guid":{"rendered":"https:\/\/sandzakpress.net\/arhiva\/svecano-otvorena-dzamija-ibrahim-bukvic-u-sarajevskom-naselju-vlakovu"},"modified":"2015-09-23T12:13:54","modified_gmt":"2015-09-23T10:13:54","slug":"svecano-otvorena-dzamija-ibrahim-bukvic-u-sarajevskom-naselju-vlakovu","status":"publish","type":"post","link":"https:\/\/sandzakpress.net\/arhiva\/svecano-otvorena-dzamija-ibrahim-bukvic-u-sarajevskom-naselju-vlakovu\/","title":{"rendered":"Sve\u010dano otvorena d\u017eamija \u201eIbrahim Bukvi\u0107\u201c u sarajevskom naselju Vlakovu"},"content":{"rendered":"<p>\u00a0<\/p>\n<p><strong><img decoding=\"async\" src=\"http:\/\/www.akos.ba\/media\/k2\/galleries\/109781\/04.jpg\" alt=\"\" \/><br \/>\nSarajevo \u2013 Otvorenju d\u017eamije prisustvovali su brojni gra\u0111ani, te veliki broj zvanica na \u010delu sa reisu-l-ulemom IZ u BiH Husein ef. Kavazovi\u0107em, te specijalnim gostom, biv\u0161im premijerom Malezije dr. Muhamedom Mahatirom.<\/strong><\/p>\n<p>D\u017eamija \u201eIbrahim Bukvi\u0107\u201c je sagra\u0111ena za manje od godinu dana, a sredstva za izgradnju d\u017eamije obezbijedila je Vakufska direkcija IZ u BiH od porodice Bukvi\u0107 iz Sarajeva, koja je d\u017eamiju u Vlakovu sagradila kao vakuf pred du\u0161u rahmetli Ibrahima Bukvi\u0107a. D\u017eamija u Vlakovu je proklanjana polovinom mjeseca juna teku\u0107e godine, te su vjernici sa ovog podru\u010dja mogli po prvi put do\u010dekati najdra\u017eeg gosta, mubarek mjesec ramazan u jedinoj d\u017eamiji na podru\u010dju MZ Bla\u017euj.<\/p>\n<p>D\u017eamiju \u201eIbrahim Bukvi\u0107\u201c su sve\u010dano otvorili reisu-l-ulema Islamske zajednice BiH Husein ef. Kavazovi\u0107 i dr. Muhamed Mahatir, koji je poznavao i u Maleziji sara\u0111ivao sa rahmetli Ibrahimom Bukvi\u0107em. Samom \u010dinu otvorenja je prethodila sve\u010danost kojoj je prisustvovao veliki broj vjernika sa ovog podru\u010dja, a koju je otvorio imam ovog d\u017eemata Ahmed ef. Serdarevi\u0107, po\u017eeliv\u0161i dobrodo\u0161licu svim prisutnima, a posebno visokim zvanicama. Predsjednik Gra\u0111evinskog odbora g. Ned\u017ead Jahi\u0107 je upoznao prisutne sa \u010dinjenicama o izgradnji ove d\u017eamije, od ideje do same realizacije i izgradnje d\u017eamije koja je uljep\u0161ala panoramu Vlakova.<\/p>\n<p>U ime vakifa, porodice Bukvi\u0107, obratio se g. Edib Bukvi\u0107 poru\u010div\u0161i da ova d\u017eamija pokazuje jedinstvo bo\u0161nja\u010dkog naroda i zahvaliv\u0161i se lokalnoj i Islamskoj zajednici na podr\u0161ci u izgradnje ove d\u017eamije. Ispred op\u0107ine Ilid\u017ea obratio se na\u010delnik dr. Senaid Memi\u0107, koji se zahvalio porodici Bukvi\u0107 na ovom hajratu, poru\u010div\u0161i kako se nada da \u0107e ova d\u017eamija doprinijeti novom razvoju ovog mjesta ali i obrazovanju ljudi i djece, koji do sada nisu imali d\u017eamiju u svojoj blizini. Poseban doprinos u gradnji ove d\u017eamije je dao MIZ Sarajevo sa svojim slu\u017ebama, u \u010dije ime se obratio zamjenik glavnog imama MIZ Sarajevo Malik ef. \u0160ljivo, naglasiv\u0161i zna\u010daj i ulogu d\u017eamije u \u017eivotu muslimana. Prof. \u0160ljivo je istakao i veliku \u017ertvu ljudi koji su brinuli i gradili d\u017eamije te ulogu imama i \u0161ehida. Prisutnima se obratio i muftija sarajevski dr. Enes ef. Ljevakovi\u0107, koji je \u010destitao d\u017eematlijama ovog d\u017eemata poru\u010div\u0161i kako je ovo najbolji bajramluk koji su mogli dobiti, nakon \u010dega je istakao ulogu vakifa, zahvaliv\u0161i se porodici Bukvi\u0107 na ovom vakufu.<\/p>\n<p>Veliki broj vjernika je sa posebnom pa\u017enjom pratio obra\u0107anje specijalnog gosta iz Malezije dr. Muhameda Mahatira, koji se u svom govoru dotakao razloga potla\u010denosti i nazadovanja muslimana u svijetu, poru\u010div\u0161i izme\u0111u ostalog kako uspjeh dolazi samo onda kada se muslimani okrenu Kur'anu kao jedinom pravom vodi\u010du u \u017eivotu. Dr. Mahatir je izrazio nadu da \u0107e ova d\u017eamija opravdati svoju svrhu, tj. da \u0107e okupljati muslimane na zajedni\u010dkim molitvama ali i u svim drugim situacijama kako bi oni bili svjesni da su bra\u0107a u islamu. Biv\u0161i malezijski premijer je poru\u010dio da danas u muslimanskom svijetu vidimo mnogo katastrofa, zato \u0161to zaboravljamo da smo bra\u0107a, a \u0161to za posljedicu ima da dozvoljavamo da na\u0161e razlike vladaju nama i da ubijamo jedni druge. Dr. Mahatir je izrazio posebno zadovoljstvo da je BiH danas ostrvo mira u turbulentom muslimanskom svijetu.<\/p>\n<p>Reisu-l-ulema Husein ef. Kavazovi\u0107 se u svom obra\u0107anju zahvalio porodici Bukvi\u0107 \u0161to nastavljaju tradiciju vakufa te ulemi i imamima koji vrijedno rade u d\u017eematima sa svojim narodom pou\u010davaju\u0107i ih vrijednostima vjere islama. Reisu-l-ulema se posebno zahvalio dr. Mahatiru, koji nas je sve zadu\u017eio u BiH, ali isto tako i muslimane diljem svijeta, ne samo zato \u0161to je podigao Maleziju i malezijski narod na noge, nego zato \u0161to je primjer i svim drugim vladarima u muslimanskom svijetu, po na\u010dinu kako je drugima mirno predao vlast, \u0161to je jako rijetko vidjeti u muslimanskom svijetu, a \u0161to za posljedicu ima dana\u0161nje stanje u muslimanskom svijetu. Reisu-l-ulema je d\u017eamiju \u201eIbrahim Bukvi\u0107\u201c proglasio vlasni\u0161tvom IZ u BiH nakon \u010dega je zajedno sa visokim gostom iz Malezije sve\u010dano otvorio ovu d\u017eamiju. Dovu je prou\u010dio pomo\u0107nik glavnog imama MIZ Sarajevo Suljo ef. \u0106erimovi\u0107, a sve\u010danost u Vlakovu svojim su izvedbama uljep\u0161ali \u010dlanovi Hora MIZ Sarajevo, koji su no\u0107 ranije u d\u017eamiji prou\u010dili i mevlud i \u0161erif, dok je prigodan vazu nasihat odr\u017eao prof. Mustafa Spahi\u0107.<\/p>\n<p>Reisu-l-ulema Islamske zajednice u BiH Husein ef. Kavazovi\u0107 je iskoristio posjetu dr. Mahatira da mu 21. septembra na prigodnoj sve\u010danosti u Gazi Husrev begovoj biblioteci u Sarajevu uru\u010di Orden Islamske zajednice sa zlatnim nitima. Ovo najvi\u0161e priznanje Islamske zajednice biv\u0161em dugogodi\u0161njem premijeru Malezije dr. Mahatiru dodijeljeno je za poseban doprinos op\u0107em razvoju zajednice i dr\u017eave Bosne i Hercegovine, a na osnovu zaklju\u010dka Rijaseta IZ u BiH sa njegove 12. redovne sjednice.<\/p>\n<p><img decoding=\"async\" src=\"http:\/\/www.akos.ba\/media\/k2\/galleries\/109781\/05.jpg\" alt=\"\" \/><\/p>\n<p>Rijaset.ba<\/p>\n<p>\u00a0<\/p>\n<p>Pogledajte vijest na izvornom sajtu:<\/p>\n<p><a href=\"http:\/\/bosnapress.net\/svecano-otvorena-dzamija-ibrahim-bukvic-u-sarajevskom-naselju-vlakovu\/\" target=\"_blank\">Sve\u010dano otvorena d\u017eamija \u201eIbrahim Bukvi\u0107\u201c u sarajevskom naselju Vlakovu<\/a><\/p>\n","protected":false},"excerpt":{"rendered":"<p>\u00a0 Sarajevo \u2013 Otvorenju d\u017eamije prisustvovali su brojni gra\u0111ani, te veliki broj zvanica na \u010delu sa reisu-l-ulemom IZ u BiH Husein ef. Kavazovi\u0107em, te specijalnim gostom, biv\u0161im premijerom Malezije dr. Muhamedom Mahatirom. D\u017eamija \u201eIbrahim Bukvi\u0107\u201c je sagra\u0111ena za manje od godinu dana, a sredstva za izgradnju d\u017eamije obezbijedila je Vakufska direkcija IZ u BiH od [&hellip;]<\/p>\n","protected":false},"author":83,"featured_media":138228,"comment_status":"open","ping_status":"open","sticky":false,"template":"","format":"standard","meta":{"footnotes":""},"categories":[10513],"tags":[10466],"class_list":{"0":"post-138226","1":"post","2":"type-post","3":"status-publish","4":"format-standard","5":"has-post-thumbnail","7":"category-bosna-press","8":"tag-bosna-i-hercegovina"},"yoast_head":"<!-- This site is optimized with the Yoast SEO Premium plugin v23.1 (Yoast SEO v24.9) - https:\/\/yoast.com\/wordpress\/plugins\/seo\/ -->\n<title>Sve\u010dano otvorena d\u017eamija \u201eIbrahim Bukvi\u0107\u201c u sarajevskom naselju Vlakovu<\/title>\n<meta name=\"robots\" content=\"index, follow, max-snippet:-1, max-image-preview:large, max-video-preview:-1\" \/>\n<link rel=\"canonical\" href=\"https:\/\/sandzakpress.net\/arhiva\/svecano-otvorena-dzamija-ibrahim-bukvic-u-sarajevskom-naselju-vlakovu\/\" \/>\n<meta property=\"og:locale\" content=\"bs_BA\" \/>\n<meta property=\"og:type\" content=\"article\" \/>\n<meta property=\"og:title\" content=\"Sve\u010dano otvorena d\u017eamija \u201eIbrahim Bukvi\u0107\u201c u sarajevskom naselju Vlakovu\" \/>\n<meta property=\"og:description\" content=\"\u00a0 Sarajevo \u2013 Otvorenju d\u017eamije prisustvovali su brojni gra\u0111ani, te veliki broj zvanica na \u010delu sa reisu-l-ulemom IZ u BiH Husein ef. Kavazovi\u0107em, te specijalnim gostom, biv\u0161im premijerom Malezije dr. Muhamedom Mahatirom. D\u017eamija \u201eIbrahim Bukvi\u0107\u201c je sagra\u0111ena za manje od godinu dana, a sredstva za izgradnju d\u017eamije obezbijedila je Vakufska direkcija IZ u BiH od [&hellip;]\" \/>\n<meta property=\"og:url\" content=\"https:\/\/sandzakpress.net\/arhiva\/svecano-otvorena-dzamija-ibrahim-bukvic-u-sarajevskom-naselju-vlakovu\/\" \/>\n<meta property=\"og:site_name\" content=\"Sand\u017eak PRESS\" \/>\n<meta property=\"article:published_time\" content=\"2015-09-23T10:13:54+00:00\" \/>\n<meta property=\"og:image\" content=\"https:\/\/sandzakpress.net\/arhiva\/wp-content\/uploads\/2015\/09\/042.jpg\" \/>\n\t<meta property=\"og:image:width\" content=\"800\" \/>\n\t<meta property=\"og:image:height\" content=\"450\" \/>\n\t<meta property=\"og:image:type\" content=\"image\/jpeg\" \/>\n<meta name=\"author\" content=\"bosniak\" \/>\n<meta name=\"twitter:card\" content=\"summary_large_image\" \/>\n<meta name=\"twitter:label1\" content=\"Written by\" \/>\n\t<meta name=\"twitter:data1\" content=\"bosniak\" \/>\n\t<meta name=\"twitter:label2\" content=\"Est. reading time\" \/>\n\t<meta name=\"twitter:data2\" content=\"4 minute\" \/>\n<script type=\"application\/ld+json\" class=\"yoast-schema-graph\">{\"@context\":\"https:\/\/schema.org\",\"@graph\":[{\"@type\":\"Article\",\"@id\":\"https:\/\/sandzakpress.net\/arhiva\/svecano-otvorena-dzamija-ibrahim-bukvic-u-sarajevskom-naselju-vlakovu\/#article\",\"isPartOf\":{\"@id\":\"https:\/\/sandzakpress.net\/arhiva\/svecano-otvorena-dzamija-ibrahim-bukvic-u-sarajevskom-naselju-vlakovu\/\"},\"author\":{\"name\":\"bosniak\",\"@id\":\"https:\/\/sandzakpress.net\/arhiva\/#\/schema\/person\/c8baee722073534b583ea7bdb2e36c02\"},\"headline\":\"Sve\u010dano otvorena d\u017eamija \u201eIbrahim Bukvi\u0107\u201c u sarajevskom naselju Vlakovu\",\"datePublished\":\"2015-09-23T10:13:54+00:00\",\"mainEntityOfPage\":{\"@id\":\"https:\/\/sandzakpress.net\/arhiva\/svecano-otvorena-dzamija-ibrahim-bukvic-u-sarajevskom-naselju-vlakovu\/\"},\"wordCount\":862,\"commentCount\":1,\"publisher\":{\"@id\":\"https:\/\/sandzakpress.net\/arhiva\/#\/schema\/person\/6e72b67d6e51910a1117b3b483ba20bd\"},\"image\":{\"@id\":\"https:\/\/sandzakpress.net\/arhiva\/svecano-otvorena-dzamija-ibrahim-bukvic-u-sarajevskom-naselju-vlakovu\/#primaryimage\"},\"thumbnailUrl\":\"https:\/\/sandzakpress.net\/arhiva\/wp-content\/uploads\/2015\/09\/042.jpg\",\"keywords\":[\"Bosna i Hercegovina\"],\"articleSection\":[\"Bosna PRESS\"],\"inLanguage\":\"bs-BA\",\"potentialAction\":[{\"@type\":\"CommentAction\",\"name\":\"Comment\",\"target\":[\"https:\/\/sandzakpress.net\/arhiva\/svecano-otvorena-dzamija-ibrahim-bukvic-u-sarajevskom-naselju-vlakovu\/#respond\"]}]},{\"@type\":\"WebPage\",\"@id\":\"https:\/\/sandzakpress.net\/arhiva\/svecano-otvorena-dzamija-ibrahim-bukvic-u-sarajevskom-naselju-vlakovu\/\",\"url\":\"https:\/\/sandzakpress.net\/arhiva\/svecano-otvorena-dzamija-ibrahim-bukvic-u-sarajevskom-naselju-vlakovu\/\",\"name\":\"Sve\u010dano otvorena d\u017eamija \u201eIbrahim Bukvi\u0107\u201c u sarajevskom naselju Vlakovu\",\"isPartOf\":{\"@id\":\"https:\/\/sandzakpress.net\/arhiva\/#website\"},\"primaryImageOfPage\":{\"@id\":\"https:\/\/sandzakpress.net\/arhiva\/svecano-otvorena-dzamija-ibrahim-bukvic-u-sarajevskom-naselju-vlakovu\/#primaryimage\"},\"image\":{\"@id\":\"https:\/\/sandzakpress.net\/arhiva\/svecano-otvorena-dzamija-ibrahim-bukvic-u-sarajevskom-naselju-vlakovu\/#primaryimage\"},\"thumbnailUrl\":\"https:\/\/sandzakpress.net\/arhiva\/wp-content\/uploads\/2015\/09\/042.jpg\",\"datePublished\":\"2015-09-23T10:13:54+00:00\",\"breadcrumb\":{\"@id\":\"https:\/\/sandzakpress.net\/arhiva\/svecano-otvorena-dzamija-ibrahim-bukvic-u-sarajevskom-naselju-vlakovu\/#breadcrumb\"},\"inLanguage\":\"bs-BA\",\"potentialAction\":[{\"@type\":\"ReadAction\",\"target\":[\"https:\/\/sandzakpress.net\/arhiva\/svecano-otvorena-dzamija-ibrahim-bukvic-u-sarajevskom-naselju-vlakovu\/\"]}]},{\"@type\":\"ImageObject\",\"inLanguage\":\"bs-BA\",\"@id\":\"https:\/\/sandzakpress.net\/arhiva\/svecano-otvorena-dzamija-ibrahim-bukvic-u-sarajevskom-naselju-vlakovu\/#primaryimage\",\"url\":\"https:\/\/sandzakpress.net\/arhiva\/wp-content\/uploads\/2015\/09\/042.jpg\",\"contentUrl\":\"https:\/\/sandzakpress.net\/arhiva\/wp-content\/uploads\/2015\/09\/042.jpg\",\"width\":800,\"height\":450},{\"@type\":\"BreadcrumbList\",\"@id\":\"https:\/\/sandzakpress.net\/arhiva\/svecano-otvorena-dzamija-ibrahim-bukvic-u-sarajevskom-naselju-vlakovu\/#breadcrumb\",\"itemListElement\":[{\"@type\":\"ListItem\",\"position\":1,\"name\":\"Home\",\"item\":\"https:\/\/sandzakpress.net\/arhiva\/\"},{\"@type\":\"ListItem\",\"position\":2,\"name\":\"Sve\u010dano otvorena d\u017eamija \u201eIbrahim Bukvi\u0107\u201c u sarajevskom naselju Vlakovu\"}]},{\"@type\":\"WebSite\",\"@id\":\"https:\/\/sandzakpress.net\/arhiva\/#website\",\"url\":\"https:\/\/sandzakpress.net\/arhiva\/\",\"name\":\"Sand\u017eak PRESS\",\"description\":\"Prve elektronske novine u Sand\u017eaku\",\"publisher\":{\"@id\":\"https:\/\/sandzakpress.net\/arhiva\/#\/schema\/person\/6e72b67d6e51910a1117b3b483ba20bd\"},\"potentialAction\":[{\"@type\":\"SearchAction\",\"target\":{\"@type\":\"EntryPoint\",\"urlTemplate\":\"https:\/\/sandzakpress.net\/arhiva\/?s={search_term_string}\"},\"query-input\":{\"@type\":\"PropertyValueSpecification\",\"valueRequired\":true,\"valueName\":\"search_term_string\"}}],\"inLanguage\":\"bs-BA\"},{\"@type\":[\"Person\",\"Organization\"],\"@id\":\"https:\/\/sandzakpress.net\/arhiva\/#\/schema\/person\/6e72b67d6e51910a1117b3b483ba20bd\",\"name\":\"Kul\",\"image\":{\"@type\":\"ImageObject\",\"inLanguage\":\"bs-BA\",\"@id\":\"https:\/\/sandzakpress.net\/arhiva\/#\/schema\/person\/image\/\",\"url\":\"https:\/\/secure.gravatar.com\/avatar\/42263f39aa27ac04c43cab85c280eb2e?s=96&d=mm&r=pg\",\"contentUrl\":\"https:\/\/secure.gravatar.com\/avatar\/42263f39aa27ac04c43cab85c280eb2e?s=96&d=mm&r=pg\",\"caption\":\"Kul\"},\"logo\":{\"@id\":\"https:\/\/sandzakpress.net\/arhiva\/#\/schema\/person\/image\/\"}},{\"@type\":\"Person\",\"@id\":\"https:\/\/sandzakpress.net\/arhiva\/#\/schema\/person\/c8baee722073534b583ea7bdb2e36c02\",\"name\":\"bosniak\",\"image\":{\"@type\":\"ImageObject\",\"inLanguage\":\"bs-BA\",\"@id\":\"https:\/\/sandzakpress.net\/arhiva\/#\/schema\/person\/image\/\",\"url\":\"https:\/\/secure.gravatar.com\/avatar\/a04fd330bfe3a36a72a0ad4a6d89fca7?s=96&d=mm&r=pg\",\"contentUrl\":\"https:\/\/secure.gravatar.com\/avatar\/a04fd330bfe3a36a72a0ad4a6d89fca7?s=96&d=mm&r=pg\",\"caption\":\"bosniak\"},\"url\":\"https:\/\/sandzakpress.net\/arhiva\/author\/bosniak\/\"}]}<\/script>\n<!-- \/ Yoast SEO Premium plugin. -->","yoast_head_json":{"title":"Sve\u010dano otvorena d\u017eamija \u201eIbrahim Bukvi\u0107\u201c u sarajevskom naselju Vlakovu","robots":{"index":"index","follow":"follow","max-snippet":"max-snippet:-1","max-image-preview":"max-image-preview:large","max-video-preview":"max-video-preview:-1"},"canonical":"https:\/\/sandzakpress.net\/arhiva\/svecano-otvorena-dzamija-ibrahim-bukvic-u-sarajevskom-naselju-vlakovu\/","og_locale":"bs_BA","og_type":"article","og_title":"Sve\u010dano otvorena d\u017eamija \u201eIbrahim Bukvi\u0107\u201c u sarajevskom naselju Vlakovu","og_description":"\u00a0 Sarajevo \u2013 Otvorenju d\u017eamije prisustvovali su brojni gra\u0111ani, te veliki broj zvanica na \u010delu sa reisu-l-ulemom IZ u BiH Husein ef. Kavazovi\u0107em, te specijalnim gostom, biv\u0161im premijerom Malezije dr. Muhamedom Mahatirom. D\u017eamija \u201eIbrahim Bukvi\u0107\u201c je sagra\u0111ena za manje od godinu dana, a sredstva za izgradnju d\u017eamije obezbijedila je Vakufska direkcija IZ u BiH od [&hellip;]","og_url":"https:\/\/sandzakpress.net\/arhiva\/svecano-otvorena-dzamija-ibrahim-bukvic-u-sarajevskom-naselju-vlakovu\/","og_site_name":"Sand\u017eak PRESS","article_published_time":"2015-09-23T10:13:54+00:00","og_image":[{"width":800,"height":450,"url":"https:\/\/sandzakpress.net\/arhiva\/wp-content\/uploads\/2015\/09\/042.jpg","type":"image\/jpeg"}],"author":"bosniak","twitter_card":"summary_large_image","twitter_misc":{"Written by":"bosniak","Est. reading time":"4 minute"},"schema":{"@context":"https:\/\/schema.org","@graph":[{"@type":"Article","@id":"https:\/\/sandzakpress.net\/arhiva\/svecano-otvorena-dzamija-ibrahim-bukvic-u-sarajevskom-naselju-vlakovu\/#article","isPartOf":{"@id":"https:\/\/sandzakpress.net\/arhiva\/svecano-otvorena-dzamija-ibrahim-bukvic-u-sarajevskom-naselju-vlakovu\/"},"author":{"name":"bosniak","@id":"https:\/\/sandzakpress.net\/arhiva\/#\/schema\/person\/c8baee722073534b583ea7bdb2e36c02"},"headline":"Sve\u010dano otvorena d\u017eamija \u201eIbrahim Bukvi\u0107\u201c u sarajevskom naselju Vlakovu","datePublished":"2015-09-23T10:13:54+00:00","mainEntityOfPage":{"@id":"https:\/\/sandzakpress.net\/arhiva\/svecano-otvorena-dzamija-ibrahim-bukvic-u-sarajevskom-naselju-vlakovu\/"},"wordCount":862,"commentCount":1,"publisher":{"@id":"https:\/\/sandzakpress.net\/arhiva\/#\/schema\/person\/6e72b67d6e51910a1117b3b483ba20bd"},"image":{"@id":"https:\/\/sandzakpress.net\/arhiva\/svecano-otvorena-dzamija-ibrahim-bukvic-u-sarajevskom-naselju-vlakovu\/#primaryimage"},"thumbnailUrl":"https:\/\/sandzakpress.net\/arhiva\/wp-content\/uploads\/2015\/09\/042.jpg","keywords":["Bosna i Hercegovina"],"articleSection":["Bosna PRESS"],"inLanguage":"bs-BA","potentialAction":[{"@type":"CommentAction","name":"Comment","target":["https:\/\/sandzakpress.net\/arhiva\/svecano-otvorena-dzamija-ibrahim-bukvic-u-sarajevskom-naselju-vlakovu\/#respond"]}]},{"@type":"WebPage","@id":"https:\/\/sandzakpress.net\/arhiva\/svecano-otvorena-dzamija-ibrahim-bukvic-u-sarajevskom-naselju-vlakovu\/","url":"https:\/\/sandzakpress.net\/arhiva\/svecano-otvorena-dzamija-ibrahim-bukvic-u-sarajevskom-naselju-vlakovu\/","name":"Sve\u010dano otvorena d\u017eamija \u201eIbrahim Bukvi\u0107\u201c u sarajevskom naselju Vlakovu","isPartOf":{"@id":"https:\/\/sandzakpress.net\/arhiva\/#website"},"primaryImageOfPage":{"@id":"https:\/\/sandzakpress.net\/arhiva\/svecano-otvorena-dzamija-ibrahim-bukvic-u-sarajevskom-naselju-vlakovu\/#primaryimage"},"image":{"@id":"https:\/\/sandzakpress.net\/arhiva\/svecano-otvorena-dzamija-ibrahim-bukvic-u-sarajevskom-naselju-vlakovu\/#primaryimage"},"thumbnailUrl":"https:\/\/sandzakpress.net\/arhiva\/wp-content\/uploads\/2015\/09\/042.jpg","datePublished":"2015-09-23T10:13:54+00:00","breadcrumb":{"@id":"https:\/\/sandzakpress.net\/arhiva\/svecano-otvorena-dzamija-ibrahim-bukvic-u-sarajevskom-naselju-vlakovu\/#breadcrumb"},"inLanguage":"bs-BA","potentialAction":[{"@type":"ReadAction","target":["https:\/\/sandzakpress.net\/arhiva\/svecano-otvorena-dzamija-ibrahim-bukvic-u-sarajevskom-naselju-vlakovu\/"]}]},{"@type":"ImageObject","inLanguage":"bs-BA","@id":"https:\/\/sandzakpress.net\/arhiva\/svecano-otvorena-dzamija-ibrahim-bukvic-u-sarajevskom-naselju-vlakovu\/#primaryimage","url":"https:\/\/sandzakpress.net\/arhiva\/wp-content\/uploads\/2015\/09\/042.jpg","contentUrl":"https:\/\/sandzakpress.net\/arhiva\/wp-content\/uploads\/2015\/09\/042.jpg","width":800,"height":450},{"@type":"BreadcrumbList","@id":"https:\/\/sandzakpress.net\/arhiva\/svecano-otvorena-dzamija-ibrahim-bukvic-u-sarajevskom-naselju-vlakovu\/#breadcrumb","itemListElement":[{"@type":"ListItem","position":1,"name":"Home","item":"https:\/\/sandzakpress.net\/arhiva\/"},{"@type":"ListItem","position":2,"name":"Sve\u010dano otvorena d\u017eamija \u201eIbrahim Bukvi\u0107\u201c u sarajevskom naselju Vlakovu"}]},{"@type":"WebSite","@id":"https:\/\/sandzakpress.net\/arhiva\/#website","url":"https:\/\/sandzakpress.net\/arhiva\/","name":"Sand\u017eak PRESS","description":"Prve elektronske novine u Sand\u017eaku","publisher":{"@id":"https:\/\/sandzakpress.net\/arhiva\/#\/schema\/person\/6e72b67d6e51910a1117b3b483ba20bd"},"potentialAction":[{"@type":"SearchAction","target":{"@type":"EntryPoint","urlTemplate":"https:\/\/sandzakpress.net\/arhiva\/?s={search_term_string}"},"query-input":{"@type":"PropertyValueSpecification","valueRequired":true,"valueName":"search_term_string"}}],"inLanguage":"bs-BA"},{"@type":["Person","Organization"],"@id":"https:\/\/sandzakpress.net\/arhiva\/#\/schema\/person\/6e72b67d6e51910a1117b3b483ba20bd","name":"Kul","image":{"@type":"ImageObject","inLanguage":"bs-BA","@id":"https:\/\/sandzakpress.net\/arhiva\/#\/schema\/person\/image\/","url":"https:\/\/secure.gravatar.com\/avatar\/42263f39aa27ac04c43cab85c280eb2e?s=96&d=mm&r=pg","contentUrl":"https:\/\/secure.gravatar.com\/avatar\/42263f39aa27ac04c43cab85c280eb2e?s=96&d=mm&r=pg","caption":"Kul"},"logo":{"@id":"https:\/\/sandzakpress.net\/arhiva\/#\/schema\/person\/image\/"}},{"@type":"Person","@id":"https:\/\/sandzakpress.net\/arhiva\/#\/schema\/person\/c8baee722073534b583ea7bdb2e36c02","name":"bosniak","image":{"@type":"ImageObject","inLanguage":"bs-BA","@id":"https:\/\/sandzakpress.net\/arhiva\/#\/schema\/person\/image\/","url":"https:\/\/secure.gravatar.com\/avatar\/a04fd330bfe3a36a72a0ad4a6d89fca7?s=96&d=mm&r=pg","contentUrl":"https:\/\/secure.gravatar.com\/avatar\/a04fd330bfe3a36a72a0ad4a6d89fca7?s=96&d=mm&r=pg","caption":"bosniak"},"url":"https:\/\/sandzakpress.net\/arhiva\/author\/bosniak\/"}]}},"_links":{"self":[{"href":"https:\/\/sandzakpress.net\/arhiva\/wp-json\/wp\/v2\/posts\/138226"}],"collection":[{"href":"https:\/\/sandzakpress.net\/arhiva\/wp-json\/wp\/v2\/posts"}],"about":[{"href":"https:\/\/sandzakpress.net\/arhiva\/wp-json\/wp\/v2\/types\/post"}],"author":[{"embeddable":true,"href":"https:\/\/sandzakpress.net\/arhiva\/wp-json\/wp\/v2\/users\/83"}],"replies":[{"embeddable":true,"href":"https:\/\/sandzakpress.net\/arhiva\/wp-json\/wp\/v2\/comments?post=138226"}],"version-history":[{"count":0,"href":"https:\/\/sandzakpress.net\/arhiva\/wp-json\/wp\/v2\/posts\/138226\/revisions"}],"wp:featuredmedia":[{"embeddable":true,"href":"https:\/\/sandzakpress.net\/arhiva\/wp-json\/wp\/v2\/media\/138228"}],"wp:attachment":[{"href":"https:\/\/sandzakpress.net\/arhiva\/wp-json\/wp\/v2\/media?parent=138226"}],"wp:term":[{"taxonomy":"category","embeddable":true,"href":"https:\/\/sandzakpress.net\/arhiva\/wp-json\/wp\/v2\/categories?post=138226"},{"taxonomy":"post_tag","embeddable":true,"href":"https:\/\/sandzakpress.net\/arhiva\/wp-json\/wp\/v2\/tags?post=138226"}],"curies":[{"name":"wp","href":"https:\/\/api.w.org\/{rel}","templated":true}]}}