{"id":138105,"date":"2015-09-22T15:34:51","date_gmt":"2015-09-22T13:34:51","guid":{"rendered":"https:\/\/sandzakpress.net\/arhiva\/?p=138105"},"modified":"2015-09-22T15:34:51","modified_gmt":"2015-09-22T13:34:51","slug":"sjecanja-i-licni-apel-bosnjakinje-iz-sandzaka","status":"publish","type":"post","link":"https:\/\/sandzakpress.net\/arhiva\/sjecanja-i-licni-apel-bosnjakinje-iz-sandzaka\/","title":{"rendered":"Sje\u0107anja i li\u010dni apel Bo\u0161njakinje iz Sand\u017eaka"},"content":{"rendered":"<p><strong><img loading=\"lazy\" decoding=\"async\" class=\"aligncenter size-full wp-image-138106\" src=\"https:\/\/sandzakpress.net\/arhiva\/wp-content\/uploads\/2015\/09\/Sjecnja_nane_Bosnjakinje_zene.jpg\" alt=\"Sjecnja_nane_Bosnjakinje_zene\" width=\"462\" height=\"561\" \/>Nakon zijareta Novom Pazaru<\/strong><\/p>\n<p><strong>Meni smeta ova granica. Smeta mi, kada nije nikad tu bila! Za\u0161to da nam dijeli ku\u0107e i livade? Za\u0161to da pokazujemo paso\u0161e kada ho\u0107emo svojima na mezar? Za\u0161to su je postavili taman na mjestu gdje sam se sretno i bezbri\u017eno sa porodicom odmarala? Smeta mi! Koga to ona dijeli? Koga poku\u0161ava da podijeli? Bo\u0161nja\u010dke ku\u0107e i livade? Moj narod? I ko je naredio da se tu postavi? Ho\u0107u to da znam.<\/strong><\/p>\n<p>Izlazim autom iz Novog Pazara, tog na\u0161eg sand\u017ea\u010dkog Istanbula i Mekke sand\u017ea\u010dke. Ponosna sam na ovaj grad, sve njegove znamenitosti i vrijednosti, a najvi\u0161e na svoju divnu, vrijednu sabra\u0107u, sunarodnike i saradnike. Putujem prema Ro\u017eajama, u autu nema klime. Ne vozim ja. Velika je vru\u0107ina i svijetli sun\u010dan dan. Nema ni radio stanice, vijesti i nikakvog zvuka do zvuka motora, pa mi se misli po\u010dinju rojiti gledaju\u0107i iz auta otkose po tu\u0111im livadama.<\/p>\n<h4>Sjetih se otkosa na livadama mog djeda \u0160efka i sretnih vremena kad je mnogobrojna porodica bila na okupu. U posljednjem muhad\u017eirskom valu i nakon proganjanja Bo\u0161njaka Sand\u017eaka od strane vlasti, moj dedo \u0160efko je odlu\u010dio da sa svojim bratom \u0160emom (\u0160emsudin) ode u Tursku, kao i mnogi drugi u to vrijeme. Vjerovatno su se granice prema Turskoj zatvorile i on je sa bratom ostao da \u017eivi u Skoplju dugi niz godina. Ali, po\u0161to je Dedo sa tim bratom imao imetak u Gnili (do Biohana gdje je ro\u0111en i gdje mu je ostalo da \u017eivi jo\u0161 bra\u0107e), svake godine se zemlja obra\u0111ivala, trava kosila, sijena prodavala, a vrijedna bika Fatima rodom iz Naboja\u00a0(Nabojska \u0107afa, Pe\u0161ter, na nadmorskoj visini od 1.204 m sa visokim planinskim vrhom od 1.502 m na planini Hum), preko ljeta bi nam svima u Gnili obezbijedila sira, kajmaka, pekmeza i drugih prehrambenih artikala koje smo preko zime koristili.<\/h4>\n<h4>Gledam kroz prozor auta i naizgled se \u010dini da je sve ostalo isto, a ipak isto nije. Jo\u0161 malo pa \u0107emo do\u0107i na Mehov kr\u0161 (u Bosni bi rekli Mehin kr\u0161, a kod nas je bio i ostao Mehov). Tu su, od kad znam za sebe, stajala po dva saobra\u0107ajna policajca koja su uvijek temeljito pregledavala vozila koja idu prema Kosovu. Ona koja su skretala ka Tutinu manje su tretirana. Reko\u0161e da ih sada tamo nikako nema. A nakon tog mjesta na par stotina metara ima jedno mjesto gdje, ako se iza\u0111e iz auta, mogu istovremeno da se vide brda Biohana \u2013 rodno mjesto moga oca i Stupa (ispod Jablanice) \u2013 rodno mjesto moje majke. Samo se mora glava okrenuti prvo desno, pa lijevo, jer ih dijeli Ibarska magistrala. Upravo to stalno radim. Kada god idem iz Novog Pazara okrenem glavu desno, pa lijevo i u jednoj sekundi o\u010dima obuhvatim zavi\u010daj oba roditelja, a kada idem iz Ro\u017eaja uradim to obrnutim redosljedom i opet postignem u\u010dinak. Nekako mi du\u0161i bude lak\u0161e i za trenutak izlije\u010dim nostalgiju.<\/h4>\n<h4>Za\u010das do\u0111osmo na nedavno postavljeni grani\u010dni prijelaz \u0160piljani. Ispred nas je duga\u010dka kolona vozila. Svi ugasili motore. Voza\u010d re\u010de da \u0107emo sigurno tu ostati cijeli sahat. Gu\u017eva je, veli, zbog brojnih turista. Ne smeta mi \u010dekanje. Svakako mi se u glavi misli roje i sje\u0107anja naviru. Rekla bih, \u010dak, da je Allahov blagoslov \u0161to \u0107u ba\u0161 na tom mjestu du\u017ee ostati. Na mjestu gdje poznajem svaki kamen, svaki \u017ebun. Razgledam\u2026 Prepoznajem drve\u0107e, puteljke gdje sam tr\u010dkarala. Suze mi naviru na o\u010di, a krijem ih od prisutnih. Rado bih zajecala da sam sama.<\/h4>\n<h4>Ta\u010dno na ovom mjestu, kad ove proklete \u010deli\u010dne konstrukcije nije bilo, prije trideset i kusur godina ispao mi je bostan iz ruku (u Bosni bi rekli lubenica). Bila sam sa dedom \u0160efkom kod deda Had\u017ee i u povratku sreo nas je neki Pepi\u0107 koji je natovario vi\u0161e bostana. Jedan je dao meni \u201eda ponesem sekama ku\u0107i\u201c. Ali, on mi je nakon desetak metara no\u0161enja nespretno skliznuo iz ruku. Poku\u0161ala sam ga u padu spasiti, ali dohvatio je ulicu i prsnuo preko polovine. Dedo \u0160efko, koji je nosio neke torbe (i jo\u0161 dvije osobe sa nama) okrenuo se nakon zvuka pucanja i s osmjehom rekao: \u201eE, sad ga moramo pojest!\u201c Sklonili smo se s puta na malu livadsku uzvisinu (u blizini sada\u0161njeg, a tada nepostoje\u0107eg, grani\u010dnog prijelaza). Dedo je iz d\u017eepa izvadio britvu i iskomadao prisutnima par\u010di\u0107e bostana, a ja sam, ohrabrena izostankom kritike za nepa\u017enju, samouvjereno rekla jedu\u0107i: \u201eJelda Dedo, bolje \u0161to nam je ispao?\u201c On se samo nasmijao i rekao: \u201eBolje, bolje!\u201c<\/h4>\n<h4>Jedna \u017eena beogradskog naglaska izlazi iz auta i prekida mi sje\u0107anja pitaju\u0107i mog saputnika ne\u0161to u vezi puta prema Ro\u017eajama i dalje za Podgoricu. Nakon \u0161to ona ode, di\u017eem pogled prema Stupi i gledam ku\u0107u gdje mi je ro\u0111ena majka Ibrima. Vide se prozori, vrata i sve na toj staroj ku\u0107i. Povi\u0161e nje je novija za koju me ne ve\u017eu nikakva sje\u0107anja. Samo ona stara mi je u srcu.<\/h4>\n<h4>U njoj sam ponekad dolazila iz Skoplja, preko zimskog \u0161kolskog raspusta. Moj drugi djed, dedo Had\u017ea (albansko ime Haxha) sa svojom majkom Ljemom nasamo je govorio na albanskom jeziku i kada bi pone\u0161to htio da sakrije od nas. A mi djeca smo nervozno komentarisali: \u201eO, evo opet \u0161ifrovani govor!\u201c Majka mi nije znala ni rije\u010d albanskog. Bika Ljema je otkad znam za sebe klanjala pet vakat namaza. Bila je udata za \u010dovjeka koji je poginuo u ratu. Zvao se Uka (isto albansko ime). Nakon pogibije mu\u017ea nikada se vi\u0161e nije udala, ve\u0107 je sav svoj \u017eivot posvetila odgoju svoje petero djece. Ka\u017eu, kada su joj djeca bila mala da ih je konopcem vezivala oko svog struka da joj se ne pogube, pa i\u0161la \u201eu trupine\u201c, sama sjekla drva i donosila ih ku\u0107i. Kada su djeca odrasla pomagala su joj. Umrla je u 97. godini \u017eivota predu\u0107i praunu\u010di\u0107ima i \u201ebijelim p\u010delama\u201c (generacija nakon praunu\u010dadi) vunu na ru\u010dno prelo i vreteno, u hladu ispred ku\u0107e. Moj dedo Had\u017ea se jo\u0161 jedanput o\u017eenio \u017eenom koju smo zvali \u201etetka Hamida\u201c. Naime, moja bika Arifa je veoma mlada umrla na poro\u0111aju, nakon \u0161to je rodila moje dvije tetke i majku, pa se tada mladi Dedo morao ponovo o\u017eeniti. Hamida je uvijek bila dobra prema mojoj majci i tetkama i rodila mu je jo\u0161 tri k\u0107eri i tri sina. Bika Arifa ima mnogo bra\u0107e Miralemovi\u0107a koji su sa svojim babom Sejfom uspjeli da do\u0111u do Turske, ali su im tamo Turci promijenili prezime i sada se prezivaju Jaman (Yaman). Moja majka uop\u0107e ne zna kako joj izgleda majka koja je umrla na poro\u0111aju, jer je u to vrijeme fotograf bio skoro nedostupan. Samo, po pri\u010di, vele da li\u010dim na nju.<\/h4>\n<h4>Znam, jednog, isto ovako vrelog, ljeta moj dedo \u0160efko je do\u0161ao kod svog poznanika, mog deda Had\u017ee poslom i vidio mu 15-ogodi\u0161nju k\u0107erku Ibrimu koja je poslu\u017eivala goste. Odmah je do\u0161ao na ideju da je zaprosi za svog 19-ogodi\u0161njeg sina Arslana (mog oca). U to vrijeme se djeca toliko nisu pitala, \u010dak ni za brak, ve\u0107 su sve bitne \u017eivotne odluke prepu\u0161tala svojim roditeljima. Dedo \u0160efko Dedei\u0107, srednji rastom, dugih crnih brkova, bio je po\u0161ten, ali izrazito prodoran, uporan i superioran \u010dovjek, a dedo Had\u017ea crn, visok skoro dva metra (star i povijen nadvisivao je mladu generaciju), bio je tako\u0111er po\u0161ten, ali \u0160efkova suprotnost u naravi, izuzetno miran i povu\u010den \u010dovjek, tako da mi je posve jasno \u010dija se rije\u010d po\u0161tovala kad je bilo govora o sklapanju braka mojih roditelja.<\/h4>\n<h4>Nevjestu, moju majku, opremili su i sa nekoliko autobusa svatova 1969. doveli u Skoplje. Ro\u0111ena sam nakon godinu dana, 1970. godine u Skoplju. Sa svojim sestricama sam poha\u0111ala osnovnu \u0161kolu \u201ePetar Zdravkovski \u2013 Penko\u201c u \u010cairu i imala nastavu na makedonskom jeziku. U mojoj \u0161koli bilo je ne\u0161to malo Bo\u0161njaka, Turaka i Albanaca, ali je najvi\u0161e bilo etni\u010dkih Makedonaca. Mene su svi zvali \u201emala Bo\u0161njaka\u201c jo\u0161 od pred\u0161kolskog uzrasta. Znala sam da sam Bo\u0161njaka (Bo\u0161njakinja) od malih nogu, dok su se u Tuzli, gdje trenutno \u017eivim i radim, do pred sami popis 2013. godine i\u0161\u010du\u0111avali ovoj (svojoj) etni\u010dkoj pripadnosti. Paradoksalno, ali istinito je da se velika borba vodila da se usred Bosne nekim Bo\u0161njacima doka\u017ee da su Bo\u0161njaci. I \u010dudim se za\u0161to sam u Skoplju bila \u201edo\u0161ljakinja Bo\u0161njaka\u201c, u Bosni \u201eSand\u017eaklijka\u201c\u2019, a evo, danas, na mjestu gdje sam se potpuno osje\u0107ala svojom i gledala rodne grude oba roditelja, postavljena je ova \u010deli\u010dna grani\u010dna barikada.<\/h4>\n<h4>Kona\u010dno se pribli\u017eismo autom kabini za pregled dokumenata. Predajem grani\u010dnoj policiji dokumenta na pregled i sjetih se, kada mi se u Skoplju rodila \u0161esta sestra Amela, do\u0111e jedan na\u0161 stari amid\u017ea iz Biohana i ozbiljno veli mom babu: \u201eArslane, vidi\u0161, sve su ti \u017eenska djeca, bje\u017ei za Sand\u017eak!\u201c I poslu\u0161ao ga je moj babo. Doveo nas je u Ro\u017eaje, a ostavio bratu koji ima mu\u0161ku djecu stan. Tako sam srednju \u0161kolu zavr\u0161ila u Ro\u017eajama, gdje sam, nakon devet nas sestara, dobila i dva brata koja su se rodila nakon moje udaje i udaje jo\u0161 nekih mojih sestara. Udata sam, ina\u010de, za Ro\u017eajca koji ima ku\u0107u preko Ibra i moja roditeljska ku\u0107a gleda u prozor ku\u0107e u koju sam udata. Usput re\u010deno, i ja sam se, poput moje majke, udala s proscima, gdje je moja profesorica razrednica do\u0161la da me prosi za svog brata (kojeg nisam poznavala). Svih nas devet sestara smo, danas, sretno udate za devet Bo\u0161njaka.<\/h4>\n<h4>Sjetih se i djevoja\u010dkog doba. Svakog ljeta smo i\u0161li u Gnilu da kosimo travu i plastimo sijeno, ali nije bilo rampe, ni granice. Nisu nam od Ro\u017eaja do livada u Gnili trebala nikakva dokumenta. A pored Gnile je bilo Biohane, rodno mjesto mog rahmetli baba. Posje\u0107ivali smo malu \u0161kolu u koju je babo i\u0161ao kad je bio mali. Ona se nalazi izme\u0111u Dudi\u0107a i Dedei\u0107a (tada jedina dva prezimena u Biohanama). Meni su i Dudi\u0107i rodbina po nekoj liniji, ali nisu svim ostalim Dedei\u0107ima. I mezarje se na\u0161e, kao i \u0161kola, nalazi izme\u0111u Dudi\u0107kog i Dedei\u0107kog brijega.<\/h4>\n<h4>Sje\u0107am se kada su na\u0161e \u017eene, Dedei\u0107ke i Dudi\u0107ke, na glavama nosile kosa\u010dima i plastiocima ru\u010dak i postavljale ga u najve\u0107i i najljep\u0161i hlad. Po nekoliko lijepo i pristojno obu\u010denih \u017eena i\u0161lo je u koloni. Jedna bi nosila birijan s mesom (pirjan) na glavi, na nekakvom \u201ekoturu\u201c (okruglom platnenom podmeta\u010du), druga pitu, tre\u0107a dudove (hurma\u0161ice), \u010detvrta hljebove, salatu, kiselo mlijeko, a mi djeca i djevoj\u010durci hladnu izvorsku vodu, bostane i sl. Ja sam, kao najstarije \u0160efkovo unu\u010de, imala privilegiju da biram \u201esofru\u201c. Na \u201emu\u0161koj sofri\u201c, koju su \u010dinili Dedo, Babo, amid\u017ee i amid\u017ei\u0107i, bilo da je u ku\u0107i ili van nje, nije bio obi\u010daj da sjedne djevojka ili \u017eena. Prvo bi, u tako ogromnoj porodici i zajednici, i\u0161la \u201emu\u0161ka sofra\u201c, pa \u201edje\u010dija\u201c, pa na kraju \u201e\u017eenska\u201c, ili nekad \u017eenska i dje\u010dija sofra zajedno. Ali, Dedo i Babo su meni, kao najstarijoj, dali privilegiju da mogu da sjedim gdje ho\u0107u i sa kime ho\u0107u, jer bila sam im neka vrsta \u201eizaslanika\u201c i glasnogovornika kod nekoliko desetina \u010dlanova na\u0161e \u0161ire ljetne zajednice. Tako mi je i danas ostala navika da \u201emu\u0161ki\u201c rje\u0161avam probleme u \u017eivotu i svijetu i da sam prema \u017eenskom rodu trajno starateljski nastrojena.<\/h4>\n<h4>Pro\u0111osmo granicu nakon skoro sahat vremena i osta \u010deli\u010dna konstrukcija iza nas. Osvrnuh se prema njoj namr\u0161tenim izrazom lica. Pa kako ne\u0107u biti? Dedo \u0160efko je preselio od infarkta srca na putu prema Sarajevu u 62. godini \u017eivota. Muhamed-ef. Feti\u0107 mu je klanjao d\u017eenazu. Babo je 2008. god. preselio na Ahiret u 57. godini \u017eivota, tokom obavljanja tu\u0111e d\u017eenaze, isto od infarkta srca. Bio je moj dana\u0161nji brat, prijatelj i saradnik Hazbija Kala\u010d blizu njega. Dr. Mevlud-ef. Dudi\u0107 mu je klanjao d\u017eenazu i rekao nama porodici da na\u010din smrti nekog \u010dovjeka mnogo govori i o njegovom \u017eivotu i da treba da budemo ponosni na njega, kojeg su mnogi ljudi zvali u muslihune, radi njegovog po\u0161tenja, o\u0161troumnosti i razboritosti. A ja sada kada ho\u0107u Babu i Dedu, iz roditeljske ku\u0107e ili ku\u0107e mu\u017ea, na mezar, moram nekome paso\u0161 pokazivati, ta\u010dno na mjestu gdje mi je kao djevoj\u010durku bostan iz ruku ispao. To boli! Kako oni ne razumiju da mi nanose bol? Babo je ukopan ispod one njegove male \u0161kole, u ravnici, na mezarju izme\u0111u Dedei\u0107kog i Dudi\u0107kog brijega. Ove godine (mjeseca septembra 2015.) spremam se da za njega obavim had\u017e, in\u0161allah, jer nije stigao tu du\u017enost obaviti, a planirao je\u2026<\/h4>\n<h4>Meni smeta ova granica. Smeta mi, kada nije nikad tu bila! Za\u0161to da nam dijeli ku\u0107e i livade? Za\u0161to da pokazujemo paso\u0161e kada ho\u0107emo svojima na mezar? Za\u0161to su je postavili taman na mjestu gdje sam se sretno i bezbri\u017eno sa porodicom odmarala? Smeta mi! Koga to ona dijeli? Koga poku\u0161ava da podijeli? Bo\u0161nja\u010dke ku\u0107e i livade? Moj narod? I ko je naredio da se tu postavi? Ho\u0107u to da znam.<\/h4>\n<h4>Ja sam 2013. godine napisala prilog koji sam objavila pod naslovom \u201eSand\u017eak \u2013 evropska prekograni\u010dna regija\u201c u kojem iznosim argumente za svoj posve razuman prijedlog:<\/h4>\n<h4><a href=\"http:\/\/www.bosnjaci.net\/prilog.php?pid=50459\">http:\/\/www.bosnjaci.net\/prilog.php?pid=50459<\/a><\/h4>\n<h4>Sje\u0107am se, izme\u0111u ostalog, kazala sam u njemu da bi se uspostavom ove regije pobolj\u0161ao ekonomski razvoj cijele na\u0161e regije. Omogu\u0107ila bi se socijalna inkluzija stanovni\u0161tva, a procesom socijalne inkluzije omogu\u0107ilo bi se gra\u0111anima koji su u riziku od siroma\u0161tva i dru\u0161tvene isklju\u010denosti da dobiju mogu\u0107nost i sredstva za uzimanje u\u010de\u0161\u0107a u dono\u0161enju odluka koje uti\u010du na njihov \u017eivot, da nesmetano u\u010destvuju u ekonomskom i kulturnom razvoju dru\u0161tva. Sand\u017eak bi postao privla\u010dnija regija za investiranje. Potencijalni investitori ne bi, kao dosad, morali tra\u017eiti brojne dozvole od lokalnih do regionalnih vlasti, ve\u0107 bi jednostavnije rje\u0161avali proceduru investiranja u svoj projekat. Sand\u017ea\u010dka dijaspora podr\u017eala bi (i podr\u017eava) razvoj Sand\u017eaka kao evropske prekograni\u010dne regije. Pove\u0107ala bi se nau\u010dna, sportska i svaka druga saradnja bez granica, kao i umno i kreativno stvarala\u0161tvo. Kao 183. evropska prekograni\u010dna regija, Sand\u017eak bi mogao koristiti nov\u010dana sredstva koja dobijaju druge evropske prekograni\u010dne regije iz EU fonda. Mogao bi sara\u0111ivati sa ostalim evropskim prekograni\u010dnim regijama i u slu\u010daju nepogoda ra\u010dunati na njihovu pomo\u0107, koja je danas me\u0111u ovim regijama uobi\u010dajena, kao na primjer u slu\u010daju elementarnih nepogoda.<\/h4>\n<h4>Navela sam u tom prilogu da bi carinske olak\u0161ice bile ve\u0107e, trgovina bi bila unaprije\u0111ena, cijene bi bile ni\u017ee, izbor proizvoda bio bi ve\u0107i, \u017eivotni standard bio bi bolji i kao posljedica toga kriminal bi se smanjio. Na tr\u017ei\u0161tu rada bio bi ve\u0107i izbor usluga, unaprijedili bi se multinacionalni odnosi, br\u017ee bi se dobijala dr\u017eavljanstva za stanovnike koje granica razdvaja.<\/h4>\n<h4>Istakla sam da bi lak\u0161e \u017eivotno fukcionisali \u017eitelji koji imaju ku\u0107u u jednoj dr\u017eavi, a zemlju (njive) iza granice, u drugoj. Slobodnije bi se putovalo, turizam bi se br\u017ee razvijao, br\u017ee bi se razmjenjivala iskustava, znanja i vje\u0161tine. Razvoj slobodnijeg ambijenta razvijao bi prijateljstva i saradnju me\u0111u pripadnicima svih etni\u010dkih grupa. Zaustavila bi se erozija bo\u0161nja\u010dkog nacionalnog tkiva i tzv. odliv mozgova u strane zemlje, pokrenuli bi se moderni razvojni projekti, anga\u017eovali se koordinatori za me\u0111uregionalnu saradnju, dijasporu, obrazovanje, kulturu, ekonomiju, sport itd. Evropa bi, sigurna sam, podr\u017eala rje\u0161avanje sand\u017ea\u010dkog pitanja koje je na op\u0107e dobro Bo\u0161njaka i svih drugih naroda, a Srbija i Crna Gora bi osiguravanjem br\u017eeg dru\u0161tveno-ekonomskog razvoja regije Sand\u017eak ubrzale ulazak svoje zemlje u Evropsku uniju.<\/h4>\n<h4><strong>Zato, u svoje li\u010dno ime, ime moje porodice, u\u017ee i \u0161ire rodbine, prijatelja i ostalih sunarodnika, apelovat \u0107u da se moj prijedlog ozbiljno razmotri i obavijestit \u0107u javnost da se uskoro planiram po\u010deti obra\u0107ati svim relevantnim instancama da mi pomognu da se politi\u010dki i drugi odnosi, poreme\u0107eni \u010dinjenjem brojnih nepravdi prema mome narodu u Sand\u017eaku, relaksiraju, uz pronala\u017eenje modernog i efikasnog rje\u0161enja, kao \u0161to je uspostava moderne evropske prekograni\u010dne regije, koja \u0107e, zasigurno, svima u regionu biti od koristi.<\/strong><\/h4>\n<p>(Glas islama 268, strana 14,R: Analitika,A: Mersada Nuruddina Agovi\u0107)<\/p>\n","protected":false},"excerpt":{"rendered":"<p>Mersada Nuruddina Agovi\u0107<\/p>\n","protected":false},"author":83,"featured_media":138106,"comment_status":"open","ping_status":"open","sticky":false,"template":"","format":"standard","meta":{"footnotes":""},"categories":[10196],"tags":[],"class_list":{"0":"post-138105","1":"post","2":"type-post","3":"status-publish","4":"format-standard","5":"has-post-thumbnail","7":"category-iz-pera-nasih-autora"},"yoast_head":"<!-- This site is optimized with the Yoast SEO Premium plugin v23.1 (Yoast SEO v24.9) - https:\/\/yoast.com\/wordpress\/plugins\/seo\/ -->\n<title>Sje\u0107anja i li\u010dni apel Bo\u0161njakinje iz Sand\u017eaka<\/title>\n<meta name=\"robots\" content=\"index, follow, max-snippet:-1, max-image-preview:large, max-video-preview:-1\" \/>\n<link rel=\"canonical\" href=\"https:\/\/sandzakpress.net\/arhiva\/sjecanja-i-licni-apel-bosnjakinje-iz-sandzaka\/\" \/>\n<meta property=\"og:locale\" content=\"bs_BA\" \/>\n<meta property=\"og:type\" content=\"article\" \/>\n<meta property=\"og:title\" content=\"Sje\u0107anja i li\u010dni apel Bo\u0161njakinje iz Sand\u017eaka\" \/>\n<meta property=\"og:description\" content=\"Mersada Nuruddina Agovi\u0107\" \/>\n<meta property=\"og:url\" content=\"https:\/\/sandzakpress.net\/arhiva\/sjecanja-i-licni-apel-bosnjakinje-iz-sandzaka\/\" \/>\n<meta property=\"og:site_name\" content=\"Sand\u017eak PRESS\" \/>\n<meta property=\"article:published_time\" content=\"2015-09-22T13:34:51+00:00\" \/>\n<meta property=\"og:image\" content=\"https:\/\/sandzakpress.net\/arhiva\/wp-content\/uploads\/2015\/09\/Sjecnja_nane_Bosnjakinje_zene.jpg\" \/>\n\t<meta property=\"og:image:width\" content=\"462\" \/>\n\t<meta property=\"og:image:height\" content=\"561\" \/>\n\t<meta property=\"og:image:type\" content=\"image\/jpeg\" \/>\n<meta name=\"author\" content=\"bosniak\" \/>\n<meta name=\"twitter:card\" content=\"summary_large_image\" \/>\n<meta name=\"twitter:label1\" content=\"Written by\" \/>\n\t<meta name=\"twitter:data1\" content=\"bosniak\" \/>\n\t<meta name=\"twitter:label2\" content=\"Est. reading time\" \/>\n\t<meta name=\"twitter:data2\" content=\"14 minuta\" \/>\n<script type=\"application\/ld+json\" class=\"yoast-schema-graph\">{\"@context\":\"https:\/\/schema.org\",\"@graph\":[{\"@type\":\"Article\",\"@id\":\"https:\/\/sandzakpress.net\/arhiva\/sjecanja-i-licni-apel-bosnjakinje-iz-sandzaka\/#article\",\"isPartOf\":{\"@id\":\"https:\/\/sandzakpress.net\/arhiva\/sjecanja-i-licni-apel-bosnjakinje-iz-sandzaka\/\"},\"author\":{\"name\":\"bosniak\",\"@id\":\"https:\/\/sandzakpress.net\/arhiva\/#\/schema\/person\/c8baee722073534b583ea7bdb2e36c02\"},\"headline\":\"Sje\u0107anja i li\u010dni apel Bo\u0161njakinje iz Sand\u017eaka\",\"datePublished\":\"2015-09-22T13:34:51+00:00\",\"mainEntityOfPage\":{\"@id\":\"https:\/\/sandzakpress.net\/arhiva\/sjecanja-i-licni-apel-bosnjakinje-iz-sandzaka\/\"},\"wordCount\":2887,\"commentCount\":8,\"publisher\":{\"@id\":\"https:\/\/sandzakpress.net\/arhiva\/#\/schema\/person\/6e72b67d6e51910a1117b3b483ba20bd\"},\"image\":{\"@id\":\"https:\/\/sandzakpress.net\/arhiva\/sjecanja-i-licni-apel-bosnjakinje-iz-sandzaka\/#primaryimage\"},\"thumbnailUrl\":\"https:\/\/sandzakpress.net\/arhiva\/wp-content\/uploads\/2015\/09\/Sjecnja_nane_Bosnjakinje_zene.jpg\",\"articleSection\":[\"Iz pera na\u0161ih autora\"],\"inLanguage\":\"bs-BA\",\"potentialAction\":[{\"@type\":\"CommentAction\",\"name\":\"Comment\",\"target\":[\"https:\/\/sandzakpress.net\/arhiva\/sjecanja-i-licni-apel-bosnjakinje-iz-sandzaka\/#respond\"]}]},{\"@type\":\"WebPage\",\"@id\":\"https:\/\/sandzakpress.net\/arhiva\/sjecanja-i-licni-apel-bosnjakinje-iz-sandzaka\/\",\"url\":\"https:\/\/sandzakpress.net\/arhiva\/sjecanja-i-licni-apel-bosnjakinje-iz-sandzaka\/\",\"name\":\"Sje\u0107anja i li\u010dni apel Bo\u0161njakinje iz Sand\u017eaka\",\"isPartOf\":{\"@id\":\"https:\/\/sandzakpress.net\/arhiva\/#website\"},\"primaryImageOfPage\":{\"@id\":\"https:\/\/sandzakpress.net\/arhiva\/sjecanja-i-licni-apel-bosnjakinje-iz-sandzaka\/#primaryimage\"},\"image\":{\"@id\":\"https:\/\/sandzakpress.net\/arhiva\/sjecanja-i-licni-apel-bosnjakinje-iz-sandzaka\/#primaryimage\"},\"thumbnailUrl\":\"https:\/\/sandzakpress.net\/arhiva\/wp-content\/uploads\/2015\/09\/Sjecnja_nane_Bosnjakinje_zene.jpg\",\"datePublished\":\"2015-09-22T13:34:51+00:00\",\"breadcrumb\":{\"@id\":\"https:\/\/sandzakpress.net\/arhiva\/sjecanja-i-licni-apel-bosnjakinje-iz-sandzaka\/#breadcrumb\"},\"inLanguage\":\"bs-BA\",\"potentialAction\":[{\"@type\":\"ReadAction\",\"target\":[\"https:\/\/sandzakpress.net\/arhiva\/sjecanja-i-licni-apel-bosnjakinje-iz-sandzaka\/\"]}]},{\"@type\":\"ImageObject\",\"inLanguage\":\"bs-BA\",\"@id\":\"https:\/\/sandzakpress.net\/arhiva\/sjecanja-i-licni-apel-bosnjakinje-iz-sandzaka\/#primaryimage\",\"url\":\"https:\/\/sandzakpress.net\/arhiva\/wp-content\/uploads\/2015\/09\/Sjecnja_nane_Bosnjakinje_zene.jpg\",\"contentUrl\":\"https:\/\/sandzakpress.net\/arhiva\/wp-content\/uploads\/2015\/09\/Sjecnja_nane_Bosnjakinje_zene.jpg\",\"width\":462,\"height\":561},{\"@type\":\"BreadcrumbList\",\"@id\":\"https:\/\/sandzakpress.net\/arhiva\/sjecanja-i-licni-apel-bosnjakinje-iz-sandzaka\/#breadcrumb\",\"itemListElement\":[{\"@type\":\"ListItem\",\"position\":1,\"name\":\"Home\",\"item\":\"https:\/\/sandzakpress.net\/arhiva\/\"},{\"@type\":\"ListItem\",\"position\":2,\"name\":\"Sje\u0107anja i li\u010dni apel Bo\u0161njakinje iz Sand\u017eaka\"}]},{\"@type\":\"WebSite\",\"@id\":\"https:\/\/sandzakpress.net\/arhiva\/#website\",\"url\":\"https:\/\/sandzakpress.net\/arhiva\/\",\"name\":\"Sand\u017eak PRESS\",\"description\":\"Prve elektronske novine u Sand\u017eaku\",\"publisher\":{\"@id\":\"https:\/\/sandzakpress.net\/arhiva\/#\/schema\/person\/6e72b67d6e51910a1117b3b483ba20bd\"},\"potentialAction\":[{\"@type\":\"SearchAction\",\"target\":{\"@type\":\"EntryPoint\",\"urlTemplate\":\"https:\/\/sandzakpress.net\/arhiva\/?s={search_term_string}\"},\"query-input\":{\"@type\":\"PropertyValueSpecification\",\"valueRequired\":true,\"valueName\":\"search_term_string\"}}],\"inLanguage\":\"bs-BA\"},{\"@type\":[\"Person\",\"Organization\"],\"@id\":\"https:\/\/sandzakpress.net\/arhiva\/#\/schema\/person\/6e72b67d6e51910a1117b3b483ba20bd\",\"name\":\"Kul\",\"image\":{\"@type\":\"ImageObject\",\"inLanguage\":\"bs-BA\",\"@id\":\"https:\/\/sandzakpress.net\/arhiva\/#\/schema\/person\/image\/\",\"url\":\"https:\/\/secure.gravatar.com\/avatar\/42263f39aa27ac04c43cab85c280eb2e?s=96&d=mm&r=pg\",\"contentUrl\":\"https:\/\/secure.gravatar.com\/avatar\/42263f39aa27ac04c43cab85c280eb2e?s=96&d=mm&r=pg\",\"caption\":\"Kul\"},\"logo\":{\"@id\":\"https:\/\/sandzakpress.net\/arhiva\/#\/schema\/person\/image\/\"}},{\"@type\":\"Person\",\"@id\":\"https:\/\/sandzakpress.net\/arhiva\/#\/schema\/person\/c8baee722073534b583ea7bdb2e36c02\",\"name\":\"bosniak\",\"image\":{\"@type\":\"ImageObject\",\"inLanguage\":\"bs-BA\",\"@id\":\"https:\/\/sandzakpress.net\/arhiva\/#\/schema\/person\/image\/\",\"url\":\"https:\/\/secure.gravatar.com\/avatar\/a04fd330bfe3a36a72a0ad4a6d89fca7?s=96&d=mm&r=pg\",\"contentUrl\":\"https:\/\/secure.gravatar.com\/avatar\/a04fd330bfe3a36a72a0ad4a6d89fca7?s=96&d=mm&r=pg\",\"caption\":\"bosniak\"},\"url\":\"https:\/\/sandzakpress.net\/arhiva\/author\/bosniak\/\"}]}<\/script>\n<!-- \/ Yoast SEO Premium plugin. -->","yoast_head_json":{"title":"Sje\u0107anja i li\u010dni apel Bo\u0161njakinje iz Sand\u017eaka","robots":{"index":"index","follow":"follow","max-snippet":"max-snippet:-1","max-image-preview":"max-image-preview:large","max-video-preview":"max-video-preview:-1"},"canonical":"https:\/\/sandzakpress.net\/arhiva\/sjecanja-i-licni-apel-bosnjakinje-iz-sandzaka\/","og_locale":"bs_BA","og_type":"article","og_title":"Sje\u0107anja i li\u010dni apel Bo\u0161njakinje iz Sand\u017eaka","og_description":"Mersada Nuruddina Agovi\u0107","og_url":"https:\/\/sandzakpress.net\/arhiva\/sjecanja-i-licni-apel-bosnjakinje-iz-sandzaka\/","og_site_name":"Sand\u017eak PRESS","article_published_time":"2015-09-22T13:34:51+00:00","og_image":[{"width":462,"height":561,"url":"https:\/\/sandzakpress.net\/arhiva\/wp-content\/uploads\/2015\/09\/Sjecnja_nane_Bosnjakinje_zene.jpg","type":"image\/jpeg"}],"author":"bosniak","twitter_card":"summary_large_image","twitter_misc":{"Written by":"bosniak","Est. reading time":"14 minuta"},"schema":{"@context":"https:\/\/schema.org","@graph":[{"@type":"Article","@id":"https:\/\/sandzakpress.net\/arhiva\/sjecanja-i-licni-apel-bosnjakinje-iz-sandzaka\/#article","isPartOf":{"@id":"https:\/\/sandzakpress.net\/arhiva\/sjecanja-i-licni-apel-bosnjakinje-iz-sandzaka\/"},"author":{"name":"bosniak","@id":"https:\/\/sandzakpress.net\/arhiva\/#\/schema\/person\/c8baee722073534b583ea7bdb2e36c02"},"headline":"Sje\u0107anja i li\u010dni apel Bo\u0161njakinje iz Sand\u017eaka","datePublished":"2015-09-22T13:34:51+00:00","mainEntityOfPage":{"@id":"https:\/\/sandzakpress.net\/arhiva\/sjecanja-i-licni-apel-bosnjakinje-iz-sandzaka\/"},"wordCount":2887,"commentCount":8,"publisher":{"@id":"https:\/\/sandzakpress.net\/arhiva\/#\/schema\/person\/6e72b67d6e51910a1117b3b483ba20bd"},"image":{"@id":"https:\/\/sandzakpress.net\/arhiva\/sjecanja-i-licni-apel-bosnjakinje-iz-sandzaka\/#primaryimage"},"thumbnailUrl":"https:\/\/sandzakpress.net\/arhiva\/wp-content\/uploads\/2015\/09\/Sjecnja_nane_Bosnjakinje_zene.jpg","articleSection":["Iz pera na\u0161ih autora"],"inLanguage":"bs-BA","potentialAction":[{"@type":"CommentAction","name":"Comment","target":["https:\/\/sandzakpress.net\/arhiva\/sjecanja-i-licni-apel-bosnjakinje-iz-sandzaka\/#respond"]}]},{"@type":"WebPage","@id":"https:\/\/sandzakpress.net\/arhiva\/sjecanja-i-licni-apel-bosnjakinje-iz-sandzaka\/","url":"https:\/\/sandzakpress.net\/arhiva\/sjecanja-i-licni-apel-bosnjakinje-iz-sandzaka\/","name":"Sje\u0107anja i li\u010dni apel Bo\u0161njakinje iz Sand\u017eaka","isPartOf":{"@id":"https:\/\/sandzakpress.net\/arhiva\/#website"},"primaryImageOfPage":{"@id":"https:\/\/sandzakpress.net\/arhiva\/sjecanja-i-licni-apel-bosnjakinje-iz-sandzaka\/#primaryimage"},"image":{"@id":"https:\/\/sandzakpress.net\/arhiva\/sjecanja-i-licni-apel-bosnjakinje-iz-sandzaka\/#primaryimage"},"thumbnailUrl":"https:\/\/sandzakpress.net\/arhiva\/wp-content\/uploads\/2015\/09\/Sjecnja_nane_Bosnjakinje_zene.jpg","datePublished":"2015-09-22T13:34:51+00:00","breadcrumb":{"@id":"https:\/\/sandzakpress.net\/arhiva\/sjecanja-i-licni-apel-bosnjakinje-iz-sandzaka\/#breadcrumb"},"inLanguage":"bs-BA","potentialAction":[{"@type":"ReadAction","target":["https:\/\/sandzakpress.net\/arhiva\/sjecanja-i-licni-apel-bosnjakinje-iz-sandzaka\/"]}]},{"@type":"ImageObject","inLanguage":"bs-BA","@id":"https:\/\/sandzakpress.net\/arhiva\/sjecanja-i-licni-apel-bosnjakinje-iz-sandzaka\/#primaryimage","url":"https:\/\/sandzakpress.net\/arhiva\/wp-content\/uploads\/2015\/09\/Sjecnja_nane_Bosnjakinje_zene.jpg","contentUrl":"https:\/\/sandzakpress.net\/arhiva\/wp-content\/uploads\/2015\/09\/Sjecnja_nane_Bosnjakinje_zene.jpg","width":462,"height":561},{"@type":"BreadcrumbList","@id":"https:\/\/sandzakpress.net\/arhiva\/sjecanja-i-licni-apel-bosnjakinje-iz-sandzaka\/#breadcrumb","itemListElement":[{"@type":"ListItem","position":1,"name":"Home","item":"https:\/\/sandzakpress.net\/arhiva\/"},{"@type":"ListItem","position":2,"name":"Sje\u0107anja i li\u010dni apel Bo\u0161njakinje iz Sand\u017eaka"}]},{"@type":"WebSite","@id":"https:\/\/sandzakpress.net\/arhiva\/#website","url":"https:\/\/sandzakpress.net\/arhiva\/","name":"Sand\u017eak PRESS","description":"Prve elektronske novine u Sand\u017eaku","publisher":{"@id":"https:\/\/sandzakpress.net\/arhiva\/#\/schema\/person\/6e72b67d6e51910a1117b3b483ba20bd"},"potentialAction":[{"@type":"SearchAction","target":{"@type":"EntryPoint","urlTemplate":"https:\/\/sandzakpress.net\/arhiva\/?s={search_term_string}"},"query-input":{"@type":"PropertyValueSpecification","valueRequired":true,"valueName":"search_term_string"}}],"inLanguage":"bs-BA"},{"@type":["Person","Organization"],"@id":"https:\/\/sandzakpress.net\/arhiva\/#\/schema\/person\/6e72b67d6e51910a1117b3b483ba20bd","name":"Kul","image":{"@type":"ImageObject","inLanguage":"bs-BA","@id":"https:\/\/sandzakpress.net\/arhiva\/#\/schema\/person\/image\/","url":"https:\/\/secure.gravatar.com\/avatar\/42263f39aa27ac04c43cab85c280eb2e?s=96&d=mm&r=pg","contentUrl":"https:\/\/secure.gravatar.com\/avatar\/42263f39aa27ac04c43cab85c280eb2e?s=96&d=mm&r=pg","caption":"Kul"},"logo":{"@id":"https:\/\/sandzakpress.net\/arhiva\/#\/schema\/person\/image\/"}},{"@type":"Person","@id":"https:\/\/sandzakpress.net\/arhiva\/#\/schema\/person\/c8baee722073534b583ea7bdb2e36c02","name":"bosniak","image":{"@type":"ImageObject","inLanguage":"bs-BA","@id":"https:\/\/sandzakpress.net\/arhiva\/#\/schema\/person\/image\/","url":"https:\/\/secure.gravatar.com\/avatar\/a04fd330bfe3a36a72a0ad4a6d89fca7?s=96&d=mm&r=pg","contentUrl":"https:\/\/secure.gravatar.com\/avatar\/a04fd330bfe3a36a72a0ad4a6d89fca7?s=96&d=mm&r=pg","caption":"bosniak"},"url":"https:\/\/sandzakpress.net\/arhiva\/author\/bosniak\/"}]}},"_links":{"self":[{"href":"https:\/\/sandzakpress.net\/arhiva\/wp-json\/wp\/v2\/posts\/138105"}],"collection":[{"href":"https:\/\/sandzakpress.net\/arhiva\/wp-json\/wp\/v2\/posts"}],"about":[{"href":"https:\/\/sandzakpress.net\/arhiva\/wp-json\/wp\/v2\/types\/post"}],"author":[{"embeddable":true,"href":"https:\/\/sandzakpress.net\/arhiva\/wp-json\/wp\/v2\/users\/83"}],"replies":[{"embeddable":true,"href":"https:\/\/sandzakpress.net\/arhiva\/wp-json\/wp\/v2\/comments?post=138105"}],"version-history":[{"count":0,"href":"https:\/\/sandzakpress.net\/arhiva\/wp-json\/wp\/v2\/posts\/138105\/revisions"}],"wp:featuredmedia":[{"embeddable":true,"href":"https:\/\/sandzakpress.net\/arhiva\/wp-json\/wp\/v2\/media\/138106"}],"wp:attachment":[{"href":"https:\/\/sandzakpress.net\/arhiva\/wp-json\/wp\/v2\/media?parent=138105"}],"wp:term":[{"taxonomy":"category","embeddable":true,"href":"https:\/\/sandzakpress.net\/arhiva\/wp-json\/wp\/v2\/categories?post=138105"},{"taxonomy":"post_tag","embeddable":true,"href":"https:\/\/sandzakpress.net\/arhiva\/wp-json\/wp\/v2\/tags?post=138105"}],"curies":[{"name":"wp","href":"https:\/\/api.w.org\/{rel}","templated":true}]}}