{"id":13793,"date":"2011-03-14T05:18:31","date_gmt":"2011-03-14T04:18:31","guid":{"rendered":"https:\/\/sandzakpress.net\/arhiva\/?p=13793"},"modified":"2011-03-14T05:18:31","modified_gmt":"2011-03-14T04:18:31","slug":"za-karadordevu-ulicu-jos-40-miliona-dinara","status":"publish","type":"post","link":"https:\/\/sandzakpress.net\/arhiva\/za-karadordevu-ulicu-jos-40-miliona-dinara\/","title":{"rendered":"Za Kara\u0111or\u0111evu ulicu jo\u0161 40 miliona dinara"},"content":{"rendered":"<figure id=\"attachment_13794\" aria-describedby=\"caption-attachment-13794\" style=\"width: 300px\" class=\"wp-caption alignleft\"><a href=\"https:\/\/sandzakpress.net\/arhiva\/wp-content\/uploads\/2011\/03\/jpg.Nenad-todorovic_ocp_w380_h300.jpg\"><img loading=\"lazy\" decoding=\"async\" class=\"size-medium wp-image-13794\" title=\"jpg.Nenad-todorovic_ocp_w380_h300\" src=\"https:\/\/sandzakpress.net\/arhiva\/wp-content\/uploads\/2011\/03\/jpg.Nenad-todorovic_ocp_w380_h300-300x236.jpg\" alt=\"\" width=\"300\" height=\"236\" \/><\/a><figcaption id=\"caption-attachment-13794\" class=\"wp-caption-text\">Nenad Todorovi\u0107, zamjenik predsednika op\u0107ine<\/figcaption><\/figure>\n<p><strong>Ministarstvo za Nacionalni investicioni plan je poo\u0161trilo kriterijume za finansiranje projekata u 2011. \u0161to zna\u010di da \u0107e se iz bud\u017eeta ovog resora tokom ove godine investirati samo u istinske prioritete na nacionalnom, regionalnom i lokalnom nivou. Op\u0107ini Nova Varo\u0161 odobreno je 40 miliona dinara za nastavak radova u Kara\u0111or\u0111evoj ulici. Re\u010d je kompletnoj rekonstrukciji dionice glavne gradske saobra\u0107ajnice od Ulice Slobodana Nika\u010devi\u0107a do magistalnog puta na izlasku iz grada.<\/strong><\/p>\n<p>Prva faza radova na potezu od Vignjeva do Risti\u0107a sokaka, u du\u017eini od oko 400 metara, privodi se kraju i samo od vremenskih uslova zavisi kada \u0107e u\u017ei\u010dki putari zavr\u0161iti ovaj kapitalni infrastrukturni poduhvat, isti\u010de Nenad Todorovi\u0107, zamjenik predsjednika op\u0161tine Nova Varo\u0161 .<\/p>\n<p><strong>Za\u0161to se prva faza radova na Kara\u0111or\u0111evoj ne odvija planiranom dinamikom?<\/strong><\/p>\n<p>&#8211; Posao nije odra\u0111en u predvi\u0111enom roku isklju\u010divo zbog ka\u0161njenja u tenderskoj proceduri, na koju op\u0107ina nije mogla da uti\u010de i koja je u direktnoj ingerenciji resornog ministarstva. Ono \u0161to je, me\u0111utim, va\u017eno je da je ova investicija u zavr\u0161noj fazi i da ni na koji na\u010din ne\u0107e ugroziti nastavak projekta, \u010dija \u0107e ukupna vrijednost dosti\u0107i cifru od oko 80 miliona dinara.<\/p>\n<p><strong>Opozicija gradskoj vlasti zamijera da se iz \u201ekase\u201c NIP-a mogla izboriti za zna\u010dajniju finansijsku podr\u0161ku, kako lane, tako i ove godine.<\/strong><\/p>\n<p>&#8211; U posljednje dvije godine iz Ministarstva za Nacionalni investicioni plan op\u0107ina Nova Varo\u0161 izborila se za vi\u0161e od 60 miliona dinara. Iz bud\u017eeta NIP-a za 2011. za finansiranje lokalnih infrastrukturnih projekata opredjeljeno je ukupno oko 500 miliona dinara, od kojih je na\u0161a op\u0107ina dobila 40. Mislim da ovaj podatak dovoljno ilustruje \u010dinjenicu za\u0161to je ovda\u0161nje op\u0107insko rukovodstvo zadovoljno nov\u010danom podr\u0161kom koju smo dobili od Ministarstva za NIP. Projekat druge faze rekonstrukcije nije , ina\u010de, jedini sa kojim smo konkurisali ka NIP-u. Bilo je dvadesetak, a aplicira\u0107emo i za dodatna sredstva kojim bi eventualno finansirali projekte izrade tehni\u010dke dokumentacije.<\/p>\n<p><strong>\u0160ta gra\u0111ani novovaro\u0161ke op\u0161tine jo\u0161 mogu o\u010dekivati od novog investicionog ciklusa i \u0161ta \u0107e biti prioriteti u radu lokalne samouprave u nastupaju\u0107em periodu?<\/strong><\/p>\n<p>&#8211; Osim nastavka na realizaciji brojnih projekata u oblasti putne infrastrukture, izgradnje objekata u segmentu vodovoda i kanalizacije u gradu, rubnim podru\u010djima i po selima, zavr\u0161etka ski staze Brije\u017e\u0111a i investiranja u sistem za osnje\u017eavanje kako bi \u017ei\u010dara bila spremna da po\u010detak naredne zimske sezone, po\u010detka druge faze radova na izgradnji sanitarne deponije Banjica i njeno pu\u0161tanje u funkciju sredinom 2012. godine, op\u0107ina i njeno rukovodstvo \u0107e se maksimalno anga\u017eovati na privla\u010denju investitora. Intezivirali smo pregovore sa potencijalnim ulaga\u010dima, ali je jo\u0161 uvijek rano da govorimo o njihovom ishodu.<\/p>\n<p><strong>Vi ste u vi\u0161e navrata isticali da je gradska vlast du\u017ena da u\u010dini sve kako bi stvorila pozitivan privredni ambijent i uslove za investiranje. Smatrate li da je lokalna vlast dovoljno u\u010dinila na tom polju u protekle dvije i po godine?<\/strong><\/p>\n<p>&#8211; Smatram da se mo\u017eemo pohvaliti izvanrednim rezultatima kada je u pitanju izrada planskih akata i strate\u0161kih dokumenata, dosta je ura\u0111eno i u segmentu unapre\u0111enja infrastrukture, posebno putne mre\u017ee ( samo tokom pro\u0161le godine asfaltirano je vi\u0161e od 50 kilometara lokalnih saobra\u0107ajnica), kao i stvaranja preduslova za razvoj turizma, njegove promocije, brendiranja auten\u010dnih zlatarskih proizvoda, a u skladu sa mogu\u0107nostima, poku\u0161ali smo i da pomognemo socijalno ugro\u017eenim kategorijama, jer smo itekako svjesni te\u0161ke ekonomske situacije sa kojom se suo\u010dava veliki broj na\u0161ih gra\u0111ana. Kroz razli\u010dite subvencije posredstvom Nacionalne slu\u017ebe za zapo\u0161ljavanje, trudili smo se i da ubla\u017eimo problem nezaposlenosti, koji je, ipak, dominantan i najve\u0107i izazov sa kojima se suo\u010dava vlast na svim nivoima. Lokalnom poreskom politikom u\u010dinili smo sve da i da podstaknemo razvoj posustale privrede, prije svega time \u0161to se, za razliku od mnogih drugih op\u0107ina u Srbiji, ipak, nismo odlu\u010dili za pove\u0107anje poreza u svojoj nadle\u017enosti, kako bi, zbog smanjenog tranfera iz republike, nadomijestili manjak u gradskom bud\u017eetu. Ono \u0161to nam je, me\u0111utim, najve\u0107e ograni\u010denje jeste \u010dinjenica da kao op\u0107ina ne posjedujemo imovinu , koju bi mogli planski da obradimo, infrastrukturno dovedemo u pristojno stanje i kao takvu cjelinu ponudimo investitoru.<\/p>\n<p><strong>Da li se, ipak, bez obzira na sva ograni\u010denja, u bliskoj budu\u0107nosti mogu o\u010dekivati novi proizvodni kapaciteti i otvaranje novih radnih mjesta i ima li \u0161anse da se ponovo uposli Inova, Trikota\u017ea, da o\u017eive seoski pogoni u Jasenovu i Bo\u017eeti\u0107ima?<\/strong><\/p>\n<p>&#8211; Kao i mnoge druge op\u0161tine, Nova Varo\u0161 je u procesu privatizacije lo\u0161e pro\u0161la. Najve\u0107i dio preduze\u0107a dobio je vlasnike koji nisu bili sposobni da pokrenu proizvodnju ili je njen obim drasti\u010dno smanjen te su mnogi radnici ostali bez posla. Mi smo u op\u0107ini prepoznali da je na\u0161a \u0161ansa u razvoju malih i srednjih preduze\u0107a, posebno u domenu usluga, sa zna\u010dajnim u\u010de\u0161\u0107em proizvodnje lokalnih brendova. Zato je op\u0107ina pru\u017eala pomo\u0107 preduze\u0107ima koja su ulagala napore na obnove i unaprijede proizvodnju i to posreduju\u0107i za dobijanje povoljnih kreditnih aran\u017emana koje je Vlada usmjeravala ka nedovoljno razvijenim podru\u010djima, kao i kroz subvencije u segmentu samozapo\u0161ljavanja i pokretanja sopstvenog biznisa, a u okviru razli\u010ditih programa Nacionalne slu\u017ebe za zapo\u0161ljavanje. Izdvojio bih posredni\u0161tvo u odobravanju kredita iz Fonda za razvoj za projekat proizvodnje mre\u017ee za protivgradnu za\u0161titu za \u201eZlatarplast\u201c. Iznos kredita dosti\u017ee cifru od oko dva miliona evra i predstavlja vi\u0161e od 50 odsto odobrenih sredstava iz ovih izvora za \u010ditavo podru\u010dje Zlatiborskog okruga. Uradili smo jo\u0161 mnogo toga, sa intencijom da nam to bude prioritet i u budu\u0107nosti. Ali, i tu kao op\u0107ina imamo velikih ograni\u010denja, koja se pre svega odnose na nepostojanje adekvatnih zakonskih re\u0161enja u domenu poreske politike na republi\u010dkom nivou. To prakti\u010dno zna\u010di da bi zakonski stvari trebalo postaviti tako da svaki vlasnik kada kupi preduze\u0107e ili neki drugi privredni objekat, bude u obavezi da u njemu i pokrene proizvodnju, a ne da bi se kupovina svela na preprodaju imovine.<\/p>\n<p>Izvor: <strong>Danas.rs<\/strong><\/p>\n","protected":false},"excerpt":{"rendered":"<p>Ministarstvo za Nacionalni investicioni plan je poo\u0161trilo kriterijume za finansiranje projekata u 2011. \u0161to zna\u010di da \u0107e se iz bud\u017eeta ovog resora tokom ove godine investirati samo u istinske prioritete na nacionalnom, regionalnom i lokalnom nivou. Op\u0107ini Nova Varo\u0161 odobreno je 40 miliona dinara za nastavak radova u Kara\u0111or\u0111evoj ulici. Re\u010d je kompletnoj rekonstrukciji dionice [&hellip;]<\/p>\n","protected":false},"author":83,"featured_media":13794,"comment_status":"open","ping_status":"open","sticky":false,"template":"","format":"standard","meta":{"footnotes":""},"categories":[394],"tags":[],"class_list":{"0":"post-13793","1":"post","2":"type-post","3":"status-publish","4":"format-standard","5":"has-post-thumbnail","7":"category-nova-varos"},"yoast_head":"<!-- This site is optimized with the Yoast SEO Premium plugin v23.1 (Yoast SEO v24.9) - https:\/\/yoast.com\/wordpress\/plugins\/seo\/ -->\n<title>Za Kara\u0111or\u0111evu ulicu jo\u0161 40 miliona dinara<\/title>\n<meta name=\"robots\" content=\"index, follow, max-snippet:-1, max-image-preview:large, max-video-preview:-1\" \/>\n<link rel=\"canonical\" href=\"https:\/\/sandzakpress.net\/arhiva\/za-karadordevu-ulicu-jos-40-miliona-dinara\/\" \/>\n<meta property=\"og:locale\" content=\"bs_BA\" \/>\n<meta property=\"og:type\" content=\"article\" \/>\n<meta property=\"og:title\" content=\"Za Kara\u0111or\u0111evu ulicu jo\u0161 40 miliona dinara\" \/>\n<meta property=\"og:description\" content=\"Ministarstvo za Nacionalni investicioni plan je poo\u0161trilo kriterijume za finansiranje projekata u 2011. \u0161to zna\u010di da \u0107e se iz bud\u017eeta ovog resora tokom ove godine investirati samo u istinske prioritete na nacionalnom, regionalnom i lokalnom nivou. Op\u0107ini Nova Varo\u0161 odobreno je 40 miliona dinara za nastavak radova u Kara\u0111or\u0111evoj ulici. Re\u010d je kompletnoj rekonstrukciji dionice [&hellip;]\" \/>\n<meta property=\"og:url\" content=\"https:\/\/sandzakpress.net\/arhiva\/za-karadordevu-ulicu-jos-40-miliona-dinara\/\" \/>\n<meta property=\"og:site_name\" content=\"Sand\u017eak PRESS\" \/>\n<meta property=\"article:published_time\" content=\"2011-03-14T04:18:31+00:00\" \/>\n<meta property=\"og:image\" content=\"https:\/\/sandzakpress.net\/arhiva\/wp-content\/uploads\/2011\/03\/jpg.Nenad-todorovic_ocp_w380_h300.jpg\" \/>\n\t<meta property=\"og:image:width\" content=\"380\" \/>\n\t<meta property=\"og:image:height\" content=\"300\" \/>\n\t<meta property=\"og:image:type\" content=\"image\/jpeg\" \/>\n<meta name=\"author\" content=\"bosniak\" \/>\n<meta name=\"twitter:card\" content=\"summary_large_image\" \/>\n<meta name=\"twitter:label1\" content=\"Written by\" \/>\n\t<meta name=\"twitter:data1\" content=\"bosniak\" \/>\n\t<meta name=\"twitter:label2\" content=\"Est. reading time\" \/>\n\t<meta name=\"twitter:data2\" content=\"5 minuta\" \/>\n<script type=\"application\/ld+json\" class=\"yoast-schema-graph\">{\"@context\":\"https:\/\/schema.org\",\"@graph\":[{\"@type\":\"Article\",\"@id\":\"https:\/\/sandzakpress.net\/arhiva\/za-karadordevu-ulicu-jos-40-miliona-dinara\/#article\",\"isPartOf\":{\"@id\":\"https:\/\/sandzakpress.net\/arhiva\/za-karadordevu-ulicu-jos-40-miliona-dinara\/\"},\"author\":{\"name\":\"bosniak\",\"@id\":\"https:\/\/sandzakpress.net\/arhiva\/#\/schema\/person\/c8baee722073534b583ea7bdb2e36c02\"},\"headline\":\"Za Kara\u0111or\u0111evu ulicu jo\u0161 40 miliona dinara\",\"datePublished\":\"2011-03-14T04:18:31+00:00\",\"mainEntityOfPage\":{\"@id\":\"https:\/\/sandzakpress.net\/arhiva\/za-karadordevu-ulicu-jos-40-miliona-dinara\/\"},\"wordCount\":1084,\"commentCount\":0,\"publisher\":{\"@id\":\"https:\/\/sandzakpress.net\/arhiva\/#\/schema\/person\/6e72b67d6e51910a1117b3b483ba20bd\"},\"image\":{\"@id\":\"https:\/\/sandzakpress.net\/arhiva\/za-karadordevu-ulicu-jos-40-miliona-dinara\/#primaryimage\"},\"thumbnailUrl\":\"https:\/\/sandzakpress.net\/arhiva\/wp-content\/uploads\/2011\/03\/jpg.Nenad-todorovic_ocp_w380_h300.jpg\",\"articleSection\":[\"Nova Varo\u0161\"],\"inLanguage\":\"bs-BA\",\"potentialAction\":[{\"@type\":\"CommentAction\",\"name\":\"Comment\",\"target\":[\"https:\/\/sandzakpress.net\/arhiva\/za-karadordevu-ulicu-jos-40-miliona-dinara\/#respond\"]}]},{\"@type\":\"WebPage\",\"@id\":\"https:\/\/sandzakpress.net\/arhiva\/za-karadordevu-ulicu-jos-40-miliona-dinara\/\",\"url\":\"https:\/\/sandzakpress.net\/arhiva\/za-karadordevu-ulicu-jos-40-miliona-dinara\/\",\"name\":\"Za Kara\u0111or\u0111evu ulicu jo\u0161 40 miliona dinara\",\"isPartOf\":{\"@id\":\"https:\/\/sandzakpress.net\/arhiva\/#website\"},\"primaryImageOfPage\":{\"@id\":\"https:\/\/sandzakpress.net\/arhiva\/za-karadordevu-ulicu-jos-40-miliona-dinara\/#primaryimage\"},\"image\":{\"@id\":\"https:\/\/sandzakpress.net\/arhiva\/za-karadordevu-ulicu-jos-40-miliona-dinara\/#primaryimage\"},\"thumbnailUrl\":\"https:\/\/sandzakpress.net\/arhiva\/wp-content\/uploads\/2011\/03\/jpg.Nenad-todorovic_ocp_w380_h300.jpg\",\"datePublished\":\"2011-03-14T04:18:31+00:00\",\"breadcrumb\":{\"@id\":\"https:\/\/sandzakpress.net\/arhiva\/za-karadordevu-ulicu-jos-40-miliona-dinara\/#breadcrumb\"},\"inLanguage\":\"bs-BA\",\"potentialAction\":[{\"@type\":\"ReadAction\",\"target\":[\"https:\/\/sandzakpress.net\/arhiva\/za-karadordevu-ulicu-jos-40-miliona-dinara\/\"]}]},{\"@type\":\"ImageObject\",\"inLanguage\":\"bs-BA\",\"@id\":\"https:\/\/sandzakpress.net\/arhiva\/za-karadordevu-ulicu-jos-40-miliona-dinara\/#primaryimage\",\"url\":\"https:\/\/sandzakpress.net\/arhiva\/wp-content\/uploads\/2011\/03\/jpg.Nenad-todorovic_ocp_w380_h300.jpg\",\"contentUrl\":\"https:\/\/sandzakpress.net\/arhiva\/wp-content\/uploads\/2011\/03\/jpg.Nenad-todorovic_ocp_w380_h300.jpg\",\"width\":380,\"height\":300},{\"@type\":\"BreadcrumbList\",\"@id\":\"https:\/\/sandzakpress.net\/arhiva\/za-karadordevu-ulicu-jos-40-miliona-dinara\/#breadcrumb\",\"itemListElement\":[{\"@type\":\"ListItem\",\"position\":1,\"name\":\"Home\",\"item\":\"https:\/\/sandzakpress.net\/arhiva\/\"},{\"@type\":\"ListItem\",\"position\":2,\"name\":\"Za Kara\u0111or\u0111evu ulicu jo\u0161 40 miliona dinara\"}]},{\"@type\":\"WebSite\",\"@id\":\"https:\/\/sandzakpress.net\/arhiva\/#website\",\"url\":\"https:\/\/sandzakpress.net\/arhiva\/\",\"name\":\"Sand\u017eak PRESS\",\"description\":\"Prve elektronske novine u Sand\u017eaku\",\"publisher\":{\"@id\":\"https:\/\/sandzakpress.net\/arhiva\/#\/schema\/person\/6e72b67d6e51910a1117b3b483ba20bd\"},\"potentialAction\":[{\"@type\":\"SearchAction\",\"target\":{\"@type\":\"EntryPoint\",\"urlTemplate\":\"https:\/\/sandzakpress.net\/arhiva\/?s={search_term_string}\"},\"query-input\":{\"@type\":\"PropertyValueSpecification\",\"valueRequired\":true,\"valueName\":\"search_term_string\"}}],\"inLanguage\":\"bs-BA\"},{\"@type\":[\"Person\",\"Organization\"],\"@id\":\"https:\/\/sandzakpress.net\/arhiva\/#\/schema\/person\/6e72b67d6e51910a1117b3b483ba20bd\",\"name\":\"Kul\",\"image\":{\"@type\":\"ImageObject\",\"inLanguage\":\"bs-BA\",\"@id\":\"https:\/\/sandzakpress.net\/arhiva\/#\/schema\/person\/image\/\",\"url\":\"https:\/\/secure.gravatar.com\/avatar\/42263f39aa27ac04c43cab85c280eb2e?s=96&d=mm&r=pg\",\"contentUrl\":\"https:\/\/secure.gravatar.com\/avatar\/42263f39aa27ac04c43cab85c280eb2e?s=96&d=mm&r=pg\",\"caption\":\"Kul\"},\"logo\":{\"@id\":\"https:\/\/sandzakpress.net\/arhiva\/#\/schema\/person\/image\/\"}},{\"@type\":\"Person\",\"@id\":\"https:\/\/sandzakpress.net\/arhiva\/#\/schema\/person\/c8baee722073534b583ea7bdb2e36c02\",\"name\":\"bosniak\",\"image\":{\"@type\":\"ImageObject\",\"inLanguage\":\"bs-BA\",\"@id\":\"https:\/\/sandzakpress.net\/arhiva\/#\/schema\/person\/image\/\",\"url\":\"https:\/\/secure.gravatar.com\/avatar\/a04fd330bfe3a36a72a0ad4a6d89fca7?s=96&d=mm&r=pg\",\"contentUrl\":\"https:\/\/secure.gravatar.com\/avatar\/a04fd330bfe3a36a72a0ad4a6d89fca7?s=96&d=mm&r=pg\",\"caption\":\"bosniak\"},\"url\":\"https:\/\/sandzakpress.net\/arhiva\/author\/bosniak\/\"}]}<\/script>\n<!-- \/ Yoast SEO Premium plugin. -->","yoast_head_json":{"title":"Za Kara\u0111or\u0111evu ulicu jo\u0161 40 miliona dinara","robots":{"index":"index","follow":"follow","max-snippet":"max-snippet:-1","max-image-preview":"max-image-preview:large","max-video-preview":"max-video-preview:-1"},"canonical":"https:\/\/sandzakpress.net\/arhiva\/za-karadordevu-ulicu-jos-40-miliona-dinara\/","og_locale":"bs_BA","og_type":"article","og_title":"Za Kara\u0111or\u0111evu ulicu jo\u0161 40 miliona dinara","og_description":"Ministarstvo za Nacionalni investicioni plan je poo\u0161trilo kriterijume za finansiranje projekata u 2011. \u0161to zna\u010di da \u0107e se iz bud\u017eeta ovog resora tokom ove godine investirati samo u istinske prioritete na nacionalnom, regionalnom i lokalnom nivou. Op\u0107ini Nova Varo\u0161 odobreno je 40 miliona dinara za nastavak radova u Kara\u0111or\u0111evoj ulici. Re\u010d je kompletnoj rekonstrukciji dionice [&hellip;]","og_url":"https:\/\/sandzakpress.net\/arhiva\/za-karadordevu-ulicu-jos-40-miliona-dinara\/","og_site_name":"Sand\u017eak PRESS","article_published_time":"2011-03-14T04:18:31+00:00","og_image":[{"width":380,"height":300,"url":"https:\/\/sandzakpress.net\/arhiva\/wp-content\/uploads\/2011\/03\/jpg.Nenad-todorovic_ocp_w380_h300.jpg","type":"image\/jpeg"}],"author":"bosniak","twitter_card":"summary_large_image","twitter_misc":{"Written by":"bosniak","Est. reading time":"5 minuta"},"schema":{"@context":"https:\/\/schema.org","@graph":[{"@type":"Article","@id":"https:\/\/sandzakpress.net\/arhiva\/za-karadordevu-ulicu-jos-40-miliona-dinara\/#article","isPartOf":{"@id":"https:\/\/sandzakpress.net\/arhiva\/za-karadordevu-ulicu-jos-40-miliona-dinara\/"},"author":{"name":"bosniak","@id":"https:\/\/sandzakpress.net\/arhiva\/#\/schema\/person\/c8baee722073534b583ea7bdb2e36c02"},"headline":"Za Kara\u0111or\u0111evu ulicu jo\u0161 40 miliona dinara","datePublished":"2011-03-14T04:18:31+00:00","mainEntityOfPage":{"@id":"https:\/\/sandzakpress.net\/arhiva\/za-karadordevu-ulicu-jos-40-miliona-dinara\/"},"wordCount":1084,"commentCount":0,"publisher":{"@id":"https:\/\/sandzakpress.net\/arhiva\/#\/schema\/person\/6e72b67d6e51910a1117b3b483ba20bd"},"image":{"@id":"https:\/\/sandzakpress.net\/arhiva\/za-karadordevu-ulicu-jos-40-miliona-dinara\/#primaryimage"},"thumbnailUrl":"https:\/\/sandzakpress.net\/arhiva\/wp-content\/uploads\/2011\/03\/jpg.Nenad-todorovic_ocp_w380_h300.jpg","articleSection":["Nova Varo\u0161"],"inLanguage":"bs-BA","potentialAction":[{"@type":"CommentAction","name":"Comment","target":["https:\/\/sandzakpress.net\/arhiva\/za-karadordevu-ulicu-jos-40-miliona-dinara\/#respond"]}]},{"@type":"WebPage","@id":"https:\/\/sandzakpress.net\/arhiva\/za-karadordevu-ulicu-jos-40-miliona-dinara\/","url":"https:\/\/sandzakpress.net\/arhiva\/za-karadordevu-ulicu-jos-40-miliona-dinara\/","name":"Za Kara\u0111or\u0111evu ulicu jo\u0161 40 miliona dinara","isPartOf":{"@id":"https:\/\/sandzakpress.net\/arhiva\/#website"},"primaryImageOfPage":{"@id":"https:\/\/sandzakpress.net\/arhiva\/za-karadordevu-ulicu-jos-40-miliona-dinara\/#primaryimage"},"image":{"@id":"https:\/\/sandzakpress.net\/arhiva\/za-karadordevu-ulicu-jos-40-miliona-dinara\/#primaryimage"},"thumbnailUrl":"https:\/\/sandzakpress.net\/arhiva\/wp-content\/uploads\/2011\/03\/jpg.Nenad-todorovic_ocp_w380_h300.jpg","datePublished":"2011-03-14T04:18:31+00:00","breadcrumb":{"@id":"https:\/\/sandzakpress.net\/arhiva\/za-karadordevu-ulicu-jos-40-miliona-dinara\/#breadcrumb"},"inLanguage":"bs-BA","potentialAction":[{"@type":"ReadAction","target":["https:\/\/sandzakpress.net\/arhiva\/za-karadordevu-ulicu-jos-40-miliona-dinara\/"]}]},{"@type":"ImageObject","inLanguage":"bs-BA","@id":"https:\/\/sandzakpress.net\/arhiva\/za-karadordevu-ulicu-jos-40-miliona-dinara\/#primaryimage","url":"https:\/\/sandzakpress.net\/arhiva\/wp-content\/uploads\/2011\/03\/jpg.Nenad-todorovic_ocp_w380_h300.jpg","contentUrl":"https:\/\/sandzakpress.net\/arhiva\/wp-content\/uploads\/2011\/03\/jpg.Nenad-todorovic_ocp_w380_h300.jpg","width":380,"height":300},{"@type":"BreadcrumbList","@id":"https:\/\/sandzakpress.net\/arhiva\/za-karadordevu-ulicu-jos-40-miliona-dinara\/#breadcrumb","itemListElement":[{"@type":"ListItem","position":1,"name":"Home","item":"https:\/\/sandzakpress.net\/arhiva\/"},{"@type":"ListItem","position":2,"name":"Za Kara\u0111or\u0111evu ulicu jo\u0161 40 miliona dinara"}]},{"@type":"WebSite","@id":"https:\/\/sandzakpress.net\/arhiva\/#website","url":"https:\/\/sandzakpress.net\/arhiva\/","name":"Sand\u017eak PRESS","description":"Prve elektronske novine u Sand\u017eaku","publisher":{"@id":"https:\/\/sandzakpress.net\/arhiva\/#\/schema\/person\/6e72b67d6e51910a1117b3b483ba20bd"},"potentialAction":[{"@type":"SearchAction","target":{"@type":"EntryPoint","urlTemplate":"https:\/\/sandzakpress.net\/arhiva\/?s={search_term_string}"},"query-input":{"@type":"PropertyValueSpecification","valueRequired":true,"valueName":"search_term_string"}}],"inLanguage":"bs-BA"},{"@type":["Person","Organization"],"@id":"https:\/\/sandzakpress.net\/arhiva\/#\/schema\/person\/6e72b67d6e51910a1117b3b483ba20bd","name":"Kul","image":{"@type":"ImageObject","inLanguage":"bs-BA","@id":"https:\/\/sandzakpress.net\/arhiva\/#\/schema\/person\/image\/","url":"https:\/\/secure.gravatar.com\/avatar\/42263f39aa27ac04c43cab85c280eb2e?s=96&d=mm&r=pg","contentUrl":"https:\/\/secure.gravatar.com\/avatar\/42263f39aa27ac04c43cab85c280eb2e?s=96&d=mm&r=pg","caption":"Kul"},"logo":{"@id":"https:\/\/sandzakpress.net\/arhiva\/#\/schema\/person\/image\/"}},{"@type":"Person","@id":"https:\/\/sandzakpress.net\/arhiva\/#\/schema\/person\/c8baee722073534b583ea7bdb2e36c02","name":"bosniak","image":{"@type":"ImageObject","inLanguage":"bs-BA","@id":"https:\/\/sandzakpress.net\/arhiva\/#\/schema\/person\/image\/","url":"https:\/\/secure.gravatar.com\/avatar\/a04fd330bfe3a36a72a0ad4a6d89fca7?s=96&d=mm&r=pg","contentUrl":"https:\/\/secure.gravatar.com\/avatar\/a04fd330bfe3a36a72a0ad4a6d89fca7?s=96&d=mm&r=pg","caption":"bosniak"},"url":"https:\/\/sandzakpress.net\/arhiva\/author\/bosniak\/"}]}},"_links":{"self":[{"href":"https:\/\/sandzakpress.net\/arhiva\/wp-json\/wp\/v2\/posts\/13793"}],"collection":[{"href":"https:\/\/sandzakpress.net\/arhiva\/wp-json\/wp\/v2\/posts"}],"about":[{"href":"https:\/\/sandzakpress.net\/arhiva\/wp-json\/wp\/v2\/types\/post"}],"author":[{"embeddable":true,"href":"https:\/\/sandzakpress.net\/arhiva\/wp-json\/wp\/v2\/users\/83"}],"replies":[{"embeddable":true,"href":"https:\/\/sandzakpress.net\/arhiva\/wp-json\/wp\/v2\/comments?post=13793"}],"version-history":[{"count":0,"href":"https:\/\/sandzakpress.net\/arhiva\/wp-json\/wp\/v2\/posts\/13793\/revisions"}],"wp:featuredmedia":[{"embeddable":true,"href":"https:\/\/sandzakpress.net\/arhiva\/wp-json\/wp\/v2\/media\/13794"}],"wp:attachment":[{"href":"https:\/\/sandzakpress.net\/arhiva\/wp-json\/wp\/v2\/media?parent=13793"}],"wp:term":[{"taxonomy":"category","embeddable":true,"href":"https:\/\/sandzakpress.net\/arhiva\/wp-json\/wp\/v2\/categories?post=13793"},{"taxonomy":"post_tag","embeddable":true,"href":"https:\/\/sandzakpress.net\/arhiva\/wp-json\/wp\/v2\/tags?post=13793"}],"curies":[{"name":"wp","href":"https:\/\/api.w.org\/{rel}","templated":true}]}}