{"id":13786,"date":"2011-03-14T04:31:38","date_gmt":"2011-03-14T03:31:38","guid":{"rendered":"https:\/\/sandzakpress.net\/arhiva\/?p=13786"},"modified":"2011-03-14T04:31:38","modified_gmt":"2011-03-14T03:31:38","slug":"osnovana-asocijacija-bosnjacke-omladine-za-tursku","status":"publish","type":"post","link":"https:\/\/sandzakpress.net\/arhiva\/osnovana-asocijacija-bosnjacke-omladine-za-tursku\/","title":{"rendered":"Osnovana asocijacija bo\u0161nja\u010dke omladine za Tursku"},"content":{"rendered":"<p><strong><a href=\"https:\/\/sandzakpress.net\/arhiva\/wp-content\/uploads\/2011\/03\/ABOT_14.jpg\"><img loading=\"lazy\" decoding=\"async\" class=\"alignleft size-medium wp-image-13787\" title=\"ABOT_14\" src=\"https:\/\/sandzakpress.net\/arhiva\/wp-content\/uploads\/2011\/03\/ABOT_14-300x225.jpg\" alt=\"\" width=\"300\" height=\"225\" \/><\/a>Turska &#8211; Uprili\u010dena je sve\u010dana ceremonija otvaranja Asocijacija bo\u0161nja\u010dke omladine u Turskoj u prostorijama TOBB univerziteta u Ankari, na kojoj je bilo i kratko osvrtanje na historiju Bosne i Hercegovine od dana njene nezavisnosti pa do 1995. <\/strong><\/p>\n<p>Prema rije\u010dima osniva\u010da Asocijacije bo\u0161nja\u010dke omladine (ABO) put do nezavisnosti Bosne i Hercegovine je bio jako dug, te\u017eak i bolan, pred nama predstoji jo\u0161 te\u017ei da je o\u010duvamo i radimo na izgradnji Bosne i Hercegovine, kako njene ekonomije tako i politike, to mo\u017eemo jedino ako smo slo\u017eni.<\/p>\n<p>Ceremoniji se odazvao veliki broj gostiju, kako i studenata. Grupa mladih ljudi koji su porijeklom iz Bosne i Hercegovine, Sand\u017eaka, Srbije, CG i Slovenije je hrabro odlu\u010dila da sprovede dugogodi\u0161nju ideju u djelo, te okupi sve studente bo\u0161nja\u010dkog porijekla u Republici Turskoj. Na ovoj sve\u010danosti, skupu su se obratili osniva\u010di Asocijacije bo\u0161nja\u010dke omladine: Adnan D\u017eaferovi\u0107, Enisa Begi\u0107, Enisa Kezo, Elma Jelovac, Naser Ku\u010devi\u0107, Mukader Tanovi\u0107 Tanok i Sanela Husi\u0107.<\/p>\n<p>Tokom i poslije rata u Bosni i Hercegovini (1992-1995), hiljade studenata iz BiH je dobilo priliku da studira na univerzitetima u Turskoj uz pomo\u0107 Vlade Republike Turske. Do danas je otprilike 1000 studenata diplomiralo sa razli\u010ditih univerziteta. Ve\u0107ina ovih studenata se vratila u svoje dr\u017eave (Crnu Goru, Srbiju, Hrvatsku i Bosnu i Hercegovinu). Me\u0111utim, nikada nije postojala neka asocijacija niti u toku njihovih studija u Turskoj niti po povratku u zemlje porijekla, koja bi ujedinila, povezala, i njegovala dugogodi\u0161nja iskustva i prijateljstva me\u0111u ovim studentima. Uzimaju\u0107i ovo u obzir, Asocijacija bo\u0161nja\u010dke omladine je zvani\u010dno osnovana 4. Februara 2011. Jedan od na\u0161ih ciljeva je stvoriti neprekidivu vezu izme\u0111u Bo\u0161njaka koji su svoje studije zavr\u0161ili u Turskoj i same Turske.<\/p>\n<table border=\"0\" cellspacing=\"0\" cellpadding=\"5\" width=\"640\" align=\"rcenter\" bgcolor=\"Gainsboro\">\n<tbody>\n<tr>\n<td align=\"left\"><span style=\"color: black;\"><img decoding=\"async\" src=\"http:\/\/www.bosnjaci.net\/foto\/ABOT_41.jpg\" border=\"0\" alt=\"\" width=\"640\" \/><br \/>\nVeliko interesovanje<\/span><\/td>\n<\/tr>\n<\/tbody>\n<\/table>\n<table border=\"0\" cellspacing=\"0\" cellpadding=\"5\" width=\"350\" align=\"left\" bgcolor=\"Gainsboro\">\n<tbody>\n<tr>\n<td align=\"left\"><span style=\"color: black;\"><strong>Ceremoniji su prisustovali:<\/strong><br \/>\nAmbasador BiH Dragoljub Ljepoja<br \/>\nZamjenik Ambasadora dr. Sabit Suba\u0161i\u0107<br \/>\nVojni Ata\u0161e \u0160uaib \u0160eta, kao i drugi \u010dlanovi BiH ambasade u Ankara<br \/>\n3. Sekretar ambasade CG Sanja Radulovi\u0107<br \/>\nPredstavnici Ministarstva obrazovanja R.Turske<br \/>\nPredstavnici Ministarstva turizma i kulture<br \/>\nPredstavnici Slu\u017ebe za poslove sa strancima R.Turske<br \/>\nPredstavnici Parlamenta R.Turske<br \/>\nDirektor TRT Avaza<br \/>\nPredsjednik Fondacije za Balkan Turker Yorukcuoglu<br \/>\nPredsjednik Yunus Emre Instituta Ali Fuad Bilkan<br \/>\nPredsjednik Federacije Bosnja\u010dkih udru\u017eenja u Turskoj Muzafer Gunes<br \/>\nPenzionisani general Vojske R.Turske Mehmed Ali Erdogan<br \/>\nPredsjednik IUSMED Oguzhan Gedik<\/span><\/td>\n<\/tr>\n<\/tbody>\n<\/table>\n<p>Sanela Husi\u0107 je jedna od \u010dlanova Upravnog odbora, ro\u0111ena je u Sloveniji gdje je zavr\u0161ila osnovnu \u0161kolu, a potom srednju u Zagrebu. Svoje dalje obrazovanje nastavila je u Ankari \u2013 Turska. \u201eIako \u010desto gledaju na nas kao dijasporu, to ne umanjuje na\u0161u ljubav prema Bosni i Hercegovini. Vjerujem da je ljubav prema domovini puno jaca nego prema ljudima, jer ljudi su privremeno tu, zemlja ostaje. Uvijek sam imala \u017eelju u\u010diniti ne\u0161to za moju Bosnu i Hercegovinu, za Bo\u0161njake diljem zemaljske kugle, sada imam i priliku za to. \u010ceka nas dug put, ali nade ne izostaje, ja duboko vjerujem da \u0107e uskoro ne\u010dije lice obasjati osmjeh zbog rada Asocijacije i da se Bo\u0161njaci ne\u0107e osje\u0107ati usamljeno i izgubljeno kao sada.\u201c<\/p>\n<p>U svom obra\u010danju Enisa Kezo, koja trenuto opona\u0161a funkciju predsjedavaju\u0107e Upravnog odbora je istakla da sa ponosom mo\u017eemo re\u0107i da je ideja prerasla u djelo, koje \u0107e pridonijeti miru i stabilizaciji na na\u0161im prostorima.<\/p>\n<p>Ciljevi kao i programi Asocijacije su predo\u010deni u kratkom izlaganju Enise Begi\u0107 i Elme Jelovac koje su tako\u0111er \u010dlanovi Upravnog odbora ABO, gdje se izme\u0111u ostalog navodi da su osnovni ciljevi Asocijacije okupljanje bo\u0161nja\u010dke omladine, mladih sa BiH porijeklom i prijatelja BiH na podru\u010dju Turske, podr\u017eavanje svih aspekata ekonomske i kulturne suradnje izme\u0111u Bosne i Hercegovine i Turske; pokretanje projekata koji bi pridonijeli dodatnoj demokratizaciji i liberalizaciji dru\u0161tva u Bosni i Hercegovini, kako na politi\u010dkom, tako i na ekonomskom i svakom drugom planu.<\/p>\n<p>Zvani\u010dni dio ceremonija je zavr\u0161ena uz rije\u010di Sand\u017eaklije Nasera Ku\u010devi\u0107a, \u010dlana Upravnog odbora, ina\u010de dr\u017eavljana Srbije sa bo\u0161nja\u010dkim porijeklom, da ova Asocijacija nije samo zbir kvalitetnih pojedinaca nego i udru\u017eenje koje mo\u017ee i treba imati istaknutu ulogu u svim dru\u0161tvenim tokovima bitnim za bo\u0161nja\u010dku omladinu. Kao \u0161to i prili\u010di dobrom kraju, na poziv Adnana D\u017eaferovi\u0107a ceremonija je zavr\u0161ena sa presjecanjem torte, uz simboli\u010dnu prozivku osniva\u010da Asocijacije i pojedinih zvanica prisutnih na ceremoniji.<\/p>\n<p>Izvor: Bosnjaci.net<\/p>\n","protected":false},"excerpt":{"rendered":"<p>Turska &#8211; Uprili\u010dena je sve\u010dana ceremonija otvaranja Asocijacija bo\u0161nja\u010dke omladine u Turskoj u prostorijama TOBB univerziteta u Ankari, na kojoj je bilo i kratko osvrtanje na historiju Bosne i Hercegovine od dana njene nezavisnosti pa do 1995. Prema rije\u010dima osniva\u010da Asocijacije bo\u0161nja\u010dke omladine (ABO) put do nezavisnosti Bosne i Hercegovine je bio jako dug, te\u017eak [&hellip;]<\/p>\n","protected":false},"author":83,"featured_media":13787,"comment_status":"open","ping_status":"open","sticky":false,"template":"","format":"standard","meta":{"footnotes":""},"categories":[2692],"tags":[],"class_list":{"0":"post-13786","1":"post","2":"type-post","3":"status-publish","4":"format-standard","5":"has-post-thumbnail","7":"category-turska-gradovi"},"yoast_head":"<!-- This site is optimized with the Yoast SEO Premium plugin v23.1 (Yoast SEO v24.9) - https:\/\/yoast.com\/wordpress\/plugins\/seo\/ -->\n<title>Osnovana asocijacija bo\u0161nja\u010dke omladine za Tursku<\/title>\n<meta name=\"robots\" content=\"index, follow, max-snippet:-1, max-image-preview:large, max-video-preview:-1\" \/>\n<link rel=\"canonical\" href=\"https:\/\/sandzakpress.net\/arhiva\/osnovana-asocijacija-bosnjacke-omladine-za-tursku\/\" \/>\n<meta property=\"og:locale\" content=\"bs_BA\" \/>\n<meta property=\"og:type\" content=\"article\" \/>\n<meta property=\"og:title\" content=\"Osnovana asocijacija bo\u0161nja\u010dke omladine za Tursku\" \/>\n<meta property=\"og:description\" content=\"Turska &#8211; Uprili\u010dena je sve\u010dana ceremonija otvaranja Asocijacija bo\u0161nja\u010dke omladine u Turskoj u prostorijama TOBB univerziteta u Ankari, na kojoj je bilo i kratko osvrtanje na historiju Bosne i Hercegovine od dana njene nezavisnosti pa do 1995. Prema rije\u010dima osniva\u010da Asocijacije bo\u0161nja\u010dke omladine (ABO) put do nezavisnosti Bosne i Hercegovine je bio jako dug, te\u017eak [&hellip;]\" \/>\n<meta property=\"og:url\" content=\"https:\/\/sandzakpress.net\/arhiva\/osnovana-asocijacija-bosnjacke-omladine-za-tursku\/\" \/>\n<meta property=\"og:site_name\" content=\"Sand\u017eak PRESS\" \/>\n<meta property=\"article:published_time\" content=\"2011-03-14T03:31:38+00:00\" \/>\n<meta property=\"og:image\" content=\"https:\/\/sandzakpress.net\/arhiva\/wp-content\/uploads\/2011\/03\/ABOT_14.jpg\" \/>\n\t<meta property=\"og:image:width\" content=\"616\" \/>\n\t<meta property=\"og:image:height\" content=\"462\" \/>\n\t<meta property=\"og:image:type\" content=\"image\/jpeg\" \/>\n<meta name=\"author\" content=\"bosniak\" \/>\n<meta name=\"twitter:card\" content=\"summary_large_image\" \/>\n<meta name=\"twitter:label1\" content=\"Written by\" \/>\n\t<meta name=\"twitter:data1\" content=\"bosniak\" \/>\n\t<meta name=\"twitter:label2\" content=\"Est. reading time\" \/>\n\t<meta name=\"twitter:data2\" content=\"4 minute\" \/>\n<script type=\"application\/ld+json\" class=\"yoast-schema-graph\">{\"@context\":\"https:\/\/schema.org\",\"@graph\":[{\"@type\":\"Article\",\"@id\":\"https:\/\/sandzakpress.net\/arhiva\/osnovana-asocijacija-bosnjacke-omladine-za-tursku\/#article\",\"isPartOf\":{\"@id\":\"https:\/\/sandzakpress.net\/arhiva\/osnovana-asocijacija-bosnjacke-omladine-za-tursku\/\"},\"author\":{\"name\":\"bosniak\",\"@id\":\"https:\/\/sandzakpress.net\/arhiva\/#\/schema\/person\/c8baee722073534b583ea7bdb2e36c02\"},\"headline\":\"Osnovana asocijacija bo\u0161nja\u010dke omladine za Tursku\",\"datePublished\":\"2011-03-14T03:31:38+00:00\",\"mainEntityOfPage\":{\"@id\":\"https:\/\/sandzakpress.net\/arhiva\/osnovana-asocijacija-bosnjacke-omladine-za-tursku\/\"},\"wordCount\":764,\"commentCount\":0,\"publisher\":{\"@id\":\"https:\/\/sandzakpress.net\/arhiva\/#\/schema\/person\/6e72b67d6e51910a1117b3b483ba20bd\"},\"image\":{\"@id\":\"https:\/\/sandzakpress.net\/arhiva\/osnovana-asocijacija-bosnjacke-omladine-za-tursku\/#primaryimage\"},\"thumbnailUrl\":\"https:\/\/sandzakpress.net\/arhiva\/wp-content\/uploads\/2011\/03\/ABOT_14.jpg\",\"articleSection\":[\"Turska\"],\"inLanguage\":\"bs-BA\",\"potentialAction\":[{\"@type\":\"CommentAction\",\"name\":\"Comment\",\"target\":[\"https:\/\/sandzakpress.net\/arhiva\/osnovana-asocijacija-bosnjacke-omladine-za-tursku\/#respond\"]}]},{\"@type\":\"WebPage\",\"@id\":\"https:\/\/sandzakpress.net\/arhiva\/osnovana-asocijacija-bosnjacke-omladine-za-tursku\/\",\"url\":\"https:\/\/sandzakpress.net\/arhiva\/osnovana-asocijacija-bosnjacke-omladine-za-tursku\/\",\"name\":\"Osnovana asocijacija bo\u0161nja\u010dke omladine za Tursku\",\"isPartOf\":{\"@id\":\"https:\/\/sandzakpress.net\/arhiva\/#website\"},\"primaryImageOfPage\":{\"@id\":\"https:\/\/sandzakpress.net\/arhiva\/osnovana-asocijacija-bosnjacke-omladine-za-tursku\/#primaryimage\"},\"image\":{\"@id\":\"https:\/\/sandzakpress.net\/arhiva\/osnovana-asocijacija-bosnjacke-omladine-za-tursku\/#primaryimage\"},\"thumbnailUrl\":\"https:\/\/sandzakpress.net\/arhiva\/wp-content\/uploads\/2011\/03\/ABOT_14.jpg\",\"datePublished\":\"2011-03-14T03:31:38+00:00\",\"breadcrumb\":{\"@id\":\"https:\/\/sandzakpress.net\/arhiva\/osnovana-asocijacija-bosnjacke-omladine-za-tursku\/#breadcrumb\"},\"inLanguage\":\"bs-BA\",\"potentialAction\":[{\"@type\":\"ReadAction\",\"target\":[\"https:\/\/sandzakpress.net\/arhiva\/osnovana-asocijacija-bosnjacke-omladine-za-tursku\/\"]}]},{\"@type\":\"ImageObject\",\"inLanguage\":\"bs-BA\",\"@id\":\"https:\/\/sandzakpress.net\/arhiva\/osnovana-asocijacija-bosnjacke-omladine-za-tursku\/#primaryimage\",\"url\":\"https:\/\/sandzakpress.net\/arhiva\/wp-content\/uploads\/2011\/03\/ABOT_14.jpg\",\"contentUrl\":\"https:\/\/sandzakpress.net\/arhiva\/wp-content\/uploads\/2011\/03\/ABOT_14.jpg\",\"width\":616,\"height\":462},{\"@type\":\"BreadcrumbList\",\"@id\":\"https:\/\/sandzakpress.net\/arhiva\/osnovana-asocijacija-bosnjacke-omladine-za-tursku\/#breadcrumb\",\"itemListElement\":[{\"@type\":\"ListItem\",\"position\":1,\"name\":\"Home\",\"item\":\"https:\/\/sandzakpress.net\/arhiva\/\"},{\"@type\":\"ListItem\",\"position\":2,\"name\":\"Osnovana asocijacija bo\u0161nja\u010dke omladine za Tursku\"}]},{\"@type\":\"WebSite\",\"@id\":\"https:\/\/sandzakpress.net\/arhiva\/#website\",\"url\":\"https:\/\/sandzakpress.net\/arhiva\/\",\"name\":\"Sand\u017eak PRESS\",\"description\":\"Prve elektronske novine u Sand\u017eaku\",\"publisher\":{\"@id\":\"https:\/\/sandzakpress.net\/arhiva\/#\/schema\/person\/6e72b67d6e51910a1117b3b483ba20bd\"},\"potentialAction\":[{\"@type\":\"SearchAction\",\"target\":{\"@type\":\"EntryPoint\",\"urlTemplate\":\"https:\/\/sandzakpress.net\/arhiva\/?s={search_term_string}\"},\"query-input\":{\"@type\":\"PropertyValueSpecification\",\"valueRequired\":true,\"valueName\":\"search_term_string\"}}],\"inLanguage\":\"bs-BA\"},{\"@type\":[\"Person\",\"Organization\"],\"@id\":\"https:\/\/sandzakpress.net\/arhiva\/#\/schema\/person\/6e72b67d6e51910a1117b3b483ba20bd\",\"name\":\"Kul\",\"image\":{\"@type\":\"ImageObject\",\"inLanguage\":\"bs-BA\",\"@id\":\"https:\/\/sandzakpress.net\/arhiva\/#\/schema\/person\/image\/\",\"url\":\"https:\/\/secure.gravatar.com\/avatar\/42263f39aa27ac04c43cab85c280eb2e?s=96&d=mm&r=pg\",\"contentUrl\":\"https:\/\/secure.gravatar.com\/avatar\/42263f39aa27ac04c43cab85c280eb2e?s=96&d=mm&r=pg\",\"caption\":\"Kul\"},\"logo\":{\"@id\":\"https:\/\/sandzakpress.net\/arhiva\/#\/schema\/person\/image\/\"}},{\"@type\":\"Person\",\"@id\":\"https:\/\/sandzakpress.net\/arhiva\/#\/schema\/person\/c8baee722073534b583ea7bdb2e36c02\",\"name\":\"bosniak\",\"image\":{\"@type\":\"ImageObject\",\"inLanguage\":\"bs-BA\",\"@id\":\"https:\/\/sandzakpress.net\/arhiva\/#\/schema\/person\/image\/\",\"url\":\"https:\/\/secure.gravatar.com\/avatar\/a04fd330bfe3a36a72a0ad4a6d89fca7?s=96&d=mm&r=pg\",\"contentUrl\":\"https:\/\/secure.gravatar.com\/avatar\/a04fd330bfe3a36a72a0ad4a6d89fca7?s=96&d=mm&r=pg\",\"caption\":\"bosniak\"},\"url\":\"https:\/\/sandzakpress.net\/arhiva\/author\/bosniak\/\"}]}<\/script>\n<!-- \/ Yoast SEO Premium plugin. -->","yoast_head_json":{"title":"Osnovana asocijacija bo\u0161nja\u010dke omladine za Tursku","robots":{"index":"index","follow":"follow","max-snippet":"max-snippet:-1","max-image-preview":"max-image-preview:large","max-video-preview":"max-video-preview:-1"},"canonical":"https:\/\/sandzakpress.net\/arhiva\/osnovana-asocijacija-bosnjacke-omladine-za-tursku\/","og_locale":"bs_BA","og_type":"article","og_title":"Osnovana asocijacija bo\u0161nja\u010dke omladine za Tursku","og_description":"Turska &#8211; Uprili\u010dena je sve\u010dana ceremonija otvaranja Asocijacija bo\u0161nja\u010dke omladine u Turskoj u prostorijama TOBB univerziteta u Ankari, na kojoj je bilo i kratko osvrtanje na historiju Bosne i Hercegovine od dana njene nezavisnosti pa do 1995. Prema rije\u010dima osniva\u010da Asocijacije bo\u0161nja\u010dke omladine (ABO) put do nezavisnosti Bosne i Hercegovine je bio jako dug, te\u017eak [&hellip;]","og_url":"https:\/\/sandzakpress.net\/arhiva\/osnovana-asocijacija-bosnjacke-omladine-za-tursku\/","og_site_name":"Sand\u017eak PRESS","article_published_time":"2011-03-14T03:31:38+00:00","og_image":[{"width":616,"height":462,"url":"https:\/\/sandzakpress.net\/arhiva\/wp-content\/uploads\/2011\/03\/ABOT_14.jpg","type":"image\/jpeg"}],"author":"bosniak","twitter_card":"summary_large_image","twitter_misc":{"Written by":"bosniak","Est. reading time":"4 minute"},"schema":{"@context":"https:\/\/schema.org","@graph":[{"@type":"Article","@id":"https:\/\/sandzakpress.net\/arhiva\/osnovana-asocijacija-bosnjacke-omladine-za-tursku\/#article","isPartOf":{"@id":"https:\/\/sandzakpress.net\/arhiva\/osnovana-asocijacija-bosnjacke-omladine-za-tursku\/"},"author":{"name":"bosniak","@id":"https:\/\/sandzakpress.net\/arhiva\/#\/schema\/person\/c8baee722073534b583ea7bdb2e36c02"},"headline":"Osnovana asocijacija bo\u0161nja\u010dke omladine za Tursku","datePublished":"2011-03-14T03:31:38+00:00","mainEntityOfPage":{"@id":"https:\/\/sandzakpress.net\/arhiva\/osnovana-asocijacija-bosnjacke-omladine-za-tursku\/"},"wordCount":764,"commentCount":0,"publisher":{"@id":"https:\/\/sandzakpress.net\/arhiva\/#\/schema\/person\/6e72b67d6e51910a1117b3b483ba20bd"},"image":{"@id":"https:\/\/sandzakpress.net\/arhiva\/osnovana-asocijacija-bosnjacke-omladine-za-tursku\/#primaryimage"},"thumbnailUrl":"https:\/\/sandzakpress.net\/arhiva\/wp-content\/uploads\/2011\/03\/ABOT_14.jpg","articleSection":["Turska"],"inLanguage":"bs-BA","potentialAction":[{"@type":"CommentAction","name":"Comment","target":["https:\/\/sandzakpress.net\/arhiva\/osnovana-asocijacija-bosnjacke-omladine-za-tursku\/#respond"]}]},{"@type":"WebPage","@id":"https:\/\/sandzakpress.net\/arhiva\/osnovana-asocijacija-bosnjacke-omladine-za-tursku\/","url":"https:\/\/sandzakpress.net\/arhiva\/osnovana-asocijacija-bosnjacke-omladine-za-tursku\/","name":"Osnovana asocijacija bo\u0161nja\u010dke omladine za Tursku","isPartOf":{"@id":"https:\/\/sandzakpress.net\/arhiva\/#website"},"primaryImageOfPage":{"@id":"https:\/\/sandzakpress.net\/arhiva\/osnovana-asocijacija-bosnjacke-omladine-za-tursku\/#primaryimage"},"image":{"@id":"https:\/\/sandzakpress.net\/arhiva\/osnovana-asocijacija-bosnjacke-omladine-za-tursku\/#primaryimage"},"thumbnailUrl":"https:\/\/sandzakpress.net\/arhiva\/wp-content\/uploads\/2011\/03\/ABOT_14.jpg","datePublished":"2011-03-14T03:31:38+00:00","breadcrumb":{"@id":"https:\/\/sandzakpress.net\/arhiva\/osnovana-asocijacija-bosnjacke-omladine-za-tursku\/#breadcrumb"},"inLanguage":"bs-BA","potentialAction":[{"@type":"ReadAction","target":["https:\/\/sandzakpress.net\/arhiva\/osnovana-asocijacija-bosnjacke-omladine-za-tursku\/"]}]},{"@type":"ImageObject","inLanguage":"bs-BA","@id":"https:\/\/sandzakpress.net\/arhiva\/osnovana-asocijacija-bosnjacke-omladine-za-tursku\/#primaryimage","url":"https:\/\/sandzakpress.net\/arhiva\/wp-content\/uploads\/2011\/03\/ABOT_14.jpg","contentUrl":"https:\/\/sandzakpress.net\/arhiva\/wp-content\/uploads\/2011\/03\/ABOT_14.jpg","width":616,"height":462},{"@type":"BreadcrumbList","@id":"https:\/\/sandzakpress.net\/arhiva\/osnovana-asocijacija-bosnjacke-omladine-za-tursku\/#breadcrumb","itemListElement":[{"@type":"ListItem","position":1,"name":"Home","item":"https:\/\/sandzakpress.net\/arhiva\/"},{"@type":"ListItem","position":2,"name":"Osnovana asocijacija bo\u0161nja\u010dke omladine za Tursku"}]},{"@type":"WebSite","@id":"https:\/\/sandzakpress.net\/arhiva\/#website","url":"https:\/\/sandzakpress.net\/arhiva\/","name":"Sand\u017eak PRESS","description":"Prve elektronske novine u Sand\u017eaku","publisher":{"@id":"https:\/\/sandzakpress.net\/arhiva\/#\/schema\/person\/6e72b67d6e51910a1117b3b483ba20bd"},"potentialAction":[{"@type":"SearchAction","target":{"@type":"EntryPoint","urlTemplate":"https:\/\/sandzakpress.net\/arhiva\/?s={search_term_string}"},"query-input":{"@type":"PropertyValueSpecification","valueRequired":true,"valueName":"search_term_string"}}],"inLanguage":"bs-BA"},{"@type":["Person","Organization"],"@id":"https:\/\/sandzakpress.net\/arhiva\/#\/schema\/person\/6e72b67d6e51910a1117b3b483ba20bd","name":"Kul","image":{"@type":"ImageObject","inLanguage":"bs-BA","@id":"https:\/\/sandzakpress.net\/arhiva\/#\/schema\/person\/image\/","url":"https:\/\/secure.gravatar.com\/avatar\/42263f39aa27ac04c43cab85c280eb2e?s=96&d=mm&r=pg","contentUrl":"https:\/\/secure.gravatar.com\/avatar\/42263f39aa27ac04c43cab85c280eb2e?s=96&d=mm&r=pg","caption":"Kul"},"logo":{"@id":"https:\/\/sandzakpress.net\/arhiva\/#\/schema\/person\/image\/"}},{"@type":"Person","@id":"https:\/\/sandzakpress.net\/arhiva\/#\/schema\/person\/c8baee722073534b583ea7bdb2e36c02","name":"bosniak","image":{"@type":"ImageObject","inLanguage":"bs-BA","@id":"https:\/\/sandzakpress.net\/arhiva\/#\/schema\/person\/image\/","url":"https:\/\/secure.gravatar.com\/avatar\/a04fd330bfe3a36a72a0ad4a6d89fca7?s=96&d=mm&r=pg","contentUrl":"https:\/\/secure.gravatar.com\/avatar\/a04fd330bfe3a36a72a0ad4a6d89fca7?s=96&d=mm&r=pg","caption":"bosniak"},"url":"https:\/\/sandzakpress.net\/arhiva\/author\/bosniak\/"}]}},"_links":{"self":[{"href":"https:\/\/sandzakpress.net\/arhiva\/wp-json\/wp\/v2\/posts\/13786"}],"collection":[{"href":"https:\/\/sandzakpress.net\/arhiva\/wp-json\/wp\/v2\/posts"}],"about":[{"href":"https:\/\/sandzakpress.net\/arhiva\/wp-json\/wp\/v2\/types\/post"}],"author":[{"embeddable":true,"href":"https:\/\/sandzakpress.net\/arhiva\/wp-json\/wp\/v2\/users\/83"}],"replies":[{"embeddable":true,"href":"https:\/\/sandzakpress.net\/arhiva\/wp-json\/wp\/v2\/comments?post=13786"}],"version-history":[{"count":0,"href":"https:\/\/sandzakpress.net\/arhiva\/wp-json\/wp\/v2\/posts\/13786\/revisions"}],"wp:featuredmedia":[{"embeddable":true,"href":"https:\/\/sandzakpress.net\/arhiva\/wp-json\/wp\/v2\/media\/13787"}],"wp:attachment":[{"href":"https:\/\/sandzakpress.net\/arhiva\/wp-json\/wp\/v2\/media?parent=13786"}],"wp:term":[{"taxonomy":"category","embeddable":true,"href":"https:\/\/sandzakpress.net\/arhiva\/wp-json\/wp\/v2\/categories?post=13786"},{"taxonomy":"post_tag","embeddable":true,"href":"https:\/\/sandzakpress.net\/arhiva\/wp-json\/wp\/v2\/tags?post=13786"}],"curies":[{"name":"wp","href":"https:\/\/api.w.org\/{rel}","templated":true}]}}