{"id":137803,"date":"2015-09-20T13:26:02","date_gmt":"2015-09-20T11:26:02","guid":{"rendered":"https:\/\/sandzakpress.net\/arhiva\/?p=137803"},"modified":"2015-09-21T10:54:53","modified_gmt":"2015-09-21T08:54:53","slug":"linz-spahovic-brutalno-nokautirao-dietza-u-okviru-ffc-19","status":"publish","type":"post","link":"https:\/\/sandzakpress.net\/arhiva\/linz-spahovic-brutalno-nokautirao-dietza-u-okviru-ffc-19\/","title":{"rendered":"Linz: Spahovi\u0107 brutalno nokautirao Dietza u okviru FFC 19"},"content":{"rendered":"<p class=\"story-lead\"><img loading=\"lazy\" decoding=\"async\" class=\"\" src=\"http:\/\/sandzakonline.com\/wp-content\/uploads\/2015\/09\/spaha-640x360.jpg\" alt=\"\" width=\"601\" height=\"338\" \/><\/p>\n<p class=\"story-lead\"><strong>Austrija &#8211; Sino\u0107 je u austrijskom Linzu odr\u017ean borila\u010dki spektakl FFC 19, u kojem je u\u010destvovo i bh. borac Tomislav \u201cThe Beast\u201d Spahovi\u0107.<\/strong><\/p>\n<p>Iako je u okviru doga\u0111aja odr\u017eano nekoliko borbi, Spahovi\u0107u je pripao \u201cpotez ve\u010deri\u201d nakon \u0161to je brutalno nokautirao svog protivnika iz Ma\u0111arske, Gustava Dietza.<\/p>\n<p>Spahovi\u0107 je u borbu u\u0161ao mnogo bolje i spremnije, te je bilo jasno da okr\u0161aj ne\u0107e potrajati dugo.<\/p>\n<p>Nakon nekoliko \u201cbacanja\u201d protivnika po ringu, uslijedio je brutalan udarac desnom rukom u glavu Dietza nakon \u010dega je ovaj ostao nepomi\u010dno le\u017eati.<\/p>\n<p>BIo je to jo\u0161 jedan u nizu sjajnih nastupa Tomislava Tome Spahovi\u0107a, a publika \u0161irom svijeta uveliko pri\u010da o bh. borcu i spektakularnom nokautu.<\/p>\n<p>Pogledajte i sami.<\/p>\n<p>https:\/\/youtu.be\/cjR821m5og4<\/p>\n<p>(sandzakonline.com)<\/p>\n","protected":false},"excerpt":{"rendered":"<p>Austrija &#8211; Sino\u0107 je u austrijskom Linzu odr\u017ean borila\u010dki spektakl FFC 19, u kojem je u\u010destvovo i bh. borac Tomislav \u201cThe Beast\u201d Spahovi\u0107. Iako je u okviru doga\u0111aja odr\u017eano nekoliko borbi, Spahovi\u0107u je pripao \u201cpotez ve\u010deri\u201d nakon \u0161to je brutalno nokautirao svog protivnika iz Ma\u0111arske, Gustava Dietza. Spahovi\u0107 je u borbu u\u0161ao mnogo bolje i [&hellip;]<\/p>\n","protected":false},"author":509,"featured_media":137804,"comment_status":"open","ping_status":"open","sticky":false,"template":"","format":"standard","meta":{"footnotes":""},"categories":[9539,13,8957,798,10429],"tags":[],"class_list":{"0":"post-137803","1":"post","2":"type-post","3":"status-publish","4":"format-standard","5":"has-post-thumbnail","7":"category-austrija-dijaspora-gradovi-vase-vijesti","8":"category-sport","9":"category-vijesti-dana","10":"category-teme","11":"category-vazno"},"yoast_head":"<!-- This site is optimized with the Yoast SEO Premium plugin v23.1 (Yoast SEO v24.9) - https:\/\/yoast.com\/wordpress\/plugins\/seo\/ -->\n<title>Linz: Spahovi\u0107 brutalno nokautirao Dietza u okviru FFC 19<\/title>\n<meta name=\"robots\" content=\"index, follow, max-snippet:-1, max-image-preview:large, max-video-preview:-1\" \/>\n<link rel=\"canonical\" href=\"https:\/\/sandzakpress.net\/arhiva\/linz-spahovic-brutalno-nokautirao-dietza-u-okviru-ffc-19\/\" \/>\n<meta property=\"og:locale\" content=\"bs_BA\" \/>\n<meta property=\"og:type\" content=\"article\" \/>\n<meta property=\"og:title\" content=\"Linz: Spahovi\u0107 brutalno nokautirao Dietza u okviru FFC 19\" \/>\n<meta property=\"og:description\" content=\"Austrija &#8211; Sino\u0107 je u austrijskom Linzu odr\u017ean borila\u010dki spektakl FFC 19, u kojem je u\u010destvovo i bh. borac Tomislav \u201cThe Beast\u201d Spahovi\u0107. Iako je u okviru doga\u0111aja odr\u017eano nekoliko borbi, Spahovi\u0107u je pripao \u201cpotez ve\u010deri\u201d nakon \u0161to je brutalno nokautirao svog protivnika iz Ma\u0111arske, Gustava Dietza. Spahovi\u0107 je u borbu u\u0161ao mnogo bolje i [&hellip;]\" \/>\n<meta property=\"og:url\" content=\"https:\/\/sandzakpress.net\/arhiva\/linz-spahovic-brutalno-nokautirao-dietza-u-okviru-ffc-19\/\" \/>\n<meta property=\"og:site_name\" content=\"Sand\u017eak PRESS\" \/>\n<meta property=\"article:published_time\" content=\"2015-09-20T11:26:02+00:00\" \/>\n<meta property=\"article:modified_time\" content=\"2015-09-21T08:54:53+00:00\" \/>\n<meta property=\"og:image\" content=\"https:\/\/sandzakpress.net\/arhiva\/wp-content\/uploads\/2015\/09\/spaha-640x360.jpg\" \/>\n\t<meta property=\"og:image:width\" content=\"640\" \/>\n\t<meta property=\"og:image:height\" content=\"360\" \/>\n\t<meta property=\"og:image:type\" content=\"image\/jpeg\" \/>\n<meta name=\"author\" content=\"Agencija\" \/>\n<meta name=\"twitter:card\" content=\"summary_large_image\" \/>\n<meta name=\"twitter:label1\" content=\"Written by\" \/>\n\t<meta name=\"twitter:data1\" content=\"Agencija\" \/>\n\t<meta name=\"twitter:label2\" content=\"Est. reading time\" \/>\n\t<meta name=\"twitter:data2\" content=\"1 minuta\" \/>\n<script type=\"application\/ld+json\" class=\"yoast-schema-graph\">{\"@context\":\"https:\/\/schema.org\",\"@graph\":[{\"@type\":\"Article\",\"@id\":\"https:\/\/sandzakpress.net\/arhiva\/linz-spahovic-brutalno-nokautirao-dietza-u-okviru-ffc-19\/#article\",\"isPartOf\":{\"@id\":\"https:\/\/sandzakpress.net\/arhiva\/linz-spahovic-brutalno-nokautirao-dietza-u-okviru-ffc-19\/\"},\"author\":{\"name\":\"Agencija\",\"@id\":\"https:\/\/sandzakpress.net\/arhiva\/#\/schema\/person\/cb59d7e3ab91ab90dd680ad0305a6185\"},\"headline\":\"Linz: Spahovi\u0107 brutalno nokautirao Dietza u okviru FFC 19\",\"datePublished\":\"2015-09-20T11:26:02+00:00\",\"dateModified\":\"2015-09-21T08:54:53+00:00\",\"mainEntityOfPage\":{\"@id\":\"https:\/\/sandzakpress.net\/arhiva\/linz-spahovic-brutalno-nokautirao-dietza-u-okviru-ffc-19\/\"},\"wordCount\":144,\"commentCount\":3,\"publisher\":{\"@id\":\"https:\/\/sandzakpress.net\/arhiva\/#\/schema\/person\/6e72b67d6e51910a1117b3b483ba20bd\"},\"image\":{\"@id\":\"https:\/\/sandzakpress.net\/arhiva\/linz-spahovic-brutalno-nokautirao-dietza-u-okviru-ffc-19\/#primaryimage\"},\"thumbnailUrl\":\"https:\/\/sandzakpress.net\/arhiva\/wp-content\/uploads\/2015\/09\/spaha-640x360.jpg\",\"articleSection\":[\"Austrija\",\"Sport\",\"VIJESTI DANA\",\"NAJNOVIJE\",\"VA\u017dNO!\"],\"inLanguage\":\"bs-BA\",\"potentialAction\":[{\"@type\":\"CommentAction\",\"name\":\"Comment\",\"target\":[\"https:\/\/sandzakpress.net\/arhiva\/linz-spahovic-brutalno-nokautirao-dietza-u-okviru-ffc-19\/#respond\"]}]},{\"@type\":\"WebPage\",\"@id\":\"https:\/\/sandzakpress.net\/arhiva\/linz-spahovic-brutalno-nokautirao-dietza-u-okviru-ffc-19\/\",\"url\":\"https:\/\/sandzakpress.net\/arhiva\/linz-spahovic-brutalno-nokautirao-dietza-u-okviru-ffc-19\/\",\"name\":\"Linz: Spahovi\u0107 brutalno nokautirao Dietza u okviru FFC 19\",\"isPartOf\":{\"@id\":\"https:\/\/sandzakpress.net\/arhiva\/#website\"},\"primaryImageOfPage\":{\"@id\":\"https:\/\/sandzakpress.net\/arhiva\/linz-spahovic-brutalno-nokautirao-dietza-u-okviru-ffc-19\/#primaryimage\"},\"image\":{\"@id\":\"https:\/\/sandzakpress.net\/arhiva\/linz-spahovic-brutalno-nokautirao-dietza-u-okviru-ffc-19\/#primaryimage\"},\"thumbnailUrl\":\"https:\/\/sandzakpress.net\/arhiva\/wp-content\/uploads\/2015\/09\/spaha-640x360.jpg\",\"datePublished\":\"2015-09-20T11:26:02+00:00\",\"dateModified\":\"2015-09-21T08:54:53+00:00\",\"breadcrumb\":{\"@id\":\"https:\/\/sandzakpress.net\/arhiva\/linz-spahovic-brutalno-nokautirao-dietza-u-okviru-ffc-19\/#breadcrumb\"},\"inLanguage\":\"bs-BA\",\"potentialAction\":[{\"@type\":\"ReadAction\",\"target\":[\"https:\/\/sandzakpress.net\/arhiva\/linz-spahovic-brutalno-nokautirao-dietza-u-okviru-ffc-19\/\"]}]},{\"@type\":\"ImageObject\",\"inLanguage\":\"bs-BA\",\"@id\":\"https:\/\/sandzakpress.net\/arhiva\/linz-spahovic-brutalno-nokautirao-dietza-u-okviru-ffc-19\/#primaryimage\",\"url\":\"https:\/\/sandzakpress.net\/arhiva\/wp-content\/uploads\/2015\/09\/spaha-640x360.jpg\",\"contentUrl\":\"https:\/\/sandzakpress.net\/arhiva\/wp-content\/uploads\/2015\/09\/spaha-640x360.jpg\",\"width\":640,\"height\":360},{\"@type\":\"BreadcrumbList\",\"@id\":\"https:\/\/sandzakpress.net\/arhiva\/linz-spahovic-brutalno-nokautirao-dietza-u-okviru-ffc-19\/#breadcrumb\",\"itemListElement\":[{\"@type\":\"ListItem\",\"position\":1,\"name\":\"Home\",\"item\":\"https:\/\/sandzakpress.net\/arhiva\/\"},{\"@type\":\"ListItem\",\"position\":2,\"name\":\"Linz: Spahovi\u0107 brutalno nokautirao Dietza u okviru FFC 19\"}]},{\"@type\":\"WebSite\",\"@id\":\"https:\/\/sandzakpress.net\/arhiva\/#website\",\"url\":\"https:\/\/sandzakpress.net\/arhiva\/\",\"name\":\"Sand\u017eak PRESS\",\"description\":\"Prve elektronske novine u Sand\u017eaku\",\"publisher\":{\"@id\":\"https:\/\/sandzakpress.net\/arhiva\/#\/schema\/person\/6e72b67d6e51910a1117b3b483ba20bd\"},\"potentialAction\":[{\"@type\":\"SearchAction\",\"target\":{\"@type\":\"EntryPoint\",\"urlTemplate\":\"https:\/\/sandzakpress.net\/arhiva\/?s={search_term_string}\"},\"query-input\":{\"@type\":\"PropertyValueSpecification\",\"valueRequired\":true,\"valueName\":\"search_term_string\"}}],\"inLanguage\":\"bs-BA\"},{\"@type\":[\"Person\",\"Organization\"],\"@id\":\"https:\/\/sandzakpress.net\/arhiva\/#\/schema\/person\/6e72b67d6e51910a1117b3b483ba20bd\",\"name\":\"Kul\",\"image\":{\"@type\":\"ImageObject\",\"inLanguage\":\"bs-BA\",\"@id\":\"https:\/\/sandzakpress.net\/arhiva\/#\/schema\/person\/image\/\",\"url\":\"https:\/\/secure.gravatar.com\/avatar\/42263f39aa27ac04c43cab85c280eb2e?s=96&d=mm&r=pg\",\"contentUrl\":\"https:\/\/secure.gravatar.com\/avatar\/42263f39aa27ac04c43cab85c280eb2e?s=96&d=mm&r=pg\",\"caption\":\"Kul\"},\"logo\":{\"@id\":\"https:\/\/sandzakpress.net\/arhiva\/#\/schema\/person\/image\/\"}},{\"@type\":\"Person\",\"@id\":\"https:\/\/sandzakpress.net\/arhiva\/#\/schema\/person\/cb59d7e3ab91ab90dd680ad0305a6185\",\"name\":\"Agencija\",\"image\":{\"@type\":\"ImageObject\",\"inLanguage\":\"bs-BA\",\"@id\":\"https:\/\/sandzakpress.net\/arhiva\/#\/schema\/person\/image\/\",\"url\":\"https:\/\/secure.gravatar.com\/avatar\/4b7fafa80a22f0c2afe23966b3961fe0?s=96&d=mm&r=pg\",\"contentUrl\":\"https:\/\/secure.gravatar.com\/avatar\/4b7fafa80a22f0c2afe23966b3961fe0?s=96&d=mm&r=pg\",\"caption\":\"Agencija\"},\"url\":\"https:\/\/sandzakpress.net\/arhiva\/author\/agencija\/\"}]}<\/script>\n<!-- \/ Yoast SEO Premium plugin. -->","yoast_head_json":{"title":"Linz: Spahovi\u0107 brutalno nokautirao Dietza u okviru FFC 19","robots":{"index":"index","follow":"follow","max-snippet":"max-snippet:-1","max-image-preview":"max-image-preview:large","max-video-preview":"max-video-preview:-1"},"canonical":"https:\/\/sandzakpress.net\/arhiva\/linz-spahovic-brutalno-nokautirao-dietza-u-okviru-ffc-19\/","og_locale":"bs_BA","og_type":"article","og_title":"Linz: Spahovi\u0107 brutalno nokautirao Dietza u okviru FFC 19","og_description":"Austrija &#8211; Sino\u0107 je u austrijskom Linzu odr\u017ean borila\u010dki spektakl FFC 19, u kojem je u\u010destvovo i bh. borac Tomislav \u201cThe Beast\u201d Spahovi\u0107. Iako je u okviru doga\u0111aja odr\u017eano nekoliko borbi, Spahovi\u0107u je pripao \u201cpotez ve\u010deri\u201d nakon \u0161to je brutalno nokautirao svog protivnika iz Ma\u0111arske, Gustava Dietza. Spahovi\u0107 je u borbu u\u0161ao mnogo bolje i [&hellip;]","og_url":"https:\/\/sandzakpress.net\/arhiva\/linz-spahovic-brutalno-nokautirao-dietza-u-okviru-ffc-19\/","og_site_name":"Sand\u017eak PRESS","article_published_time":"2015-09-20T11:26:02+00:00","article_modified_time":"2015-09-21T08:54:53+00:00","og_image":[{"width":640,"height":360,"url":"https:\/\/sandzakpress.net\/arhiva\/wp-content\/uploads\/2015\/09\/spaha-640x360.jpg","type":"image\/jpeg"}],"author":"Agencija","twitter_card":"summary_large_image","twitter_misc":{"Written by":"Agencija","Est. reading time":"1 minuta"},"schema":{"@context":"https:\/\/schema.org","@graph":[{"@type":"Article","@id":"https:\/\/sandzakpress.net\/arhiva\/linz-spahovic-brutalno-nokautirao-dietza-u-okviru-ffc-19\/#article","isPartOf":{"@id":"https:\/\/sandzakpress.net\/arhiva\/linz-spahovic-brutalno-nokautirao-dietza-u-okviru-ffc-19\/"},"author":{"name":"Agencija","@id":"https:\/\/sandzakpress.net\/arhiva\/#\/schema\/person\/cb59d7e3ab91ab90dd680ad0305a6185"},"headline":"Linz: Spahovi\u0107 brutalno nokautirao Dietza u okviru FFC 19","datePublished":"2015-09-20T11:26:02+00:00","dateModified":"2015-09-21T08:54:53+00:00","mainEntityOfPage":{"@id":"https:\/\/sandzakpress.net\/arhiva\/linz-spahovic-brutalno-nokautirao-dietza-u-okviru-ffc-19\/"},"wordCount":144,"commentCount":3,"publisher":{"@id":"https:\/\/sandzakpress.net\/arhiva\/#\/schema\/person\/6e72b67d6e51910a1117b3b483ba20bd"},"image":{"@id":"https:\/\/sandzakpress.net\/arhiva\/linz-spahovic-brutalno-nokautirao-dietza-u-okviru-ffc-19\/#primaryimage"},"thumbnailUrl":"https:\/\/sandzakpress.net\/arhiva\/wp-content\/uploads\/2015\/09\/spaha-640x360.jpg","articleSection":["Austrija","Sport","VIJESTI DANA","NAJNOVIJE","VA\u017dNO!"],"inLanguage":"bs-BA","potentialAction":[{"@type":"CommentAction","name":"Comment","target":["https:\/\/sandzakpress.net\/arhiva\/linz-spahovic-brutalno-nokautirao-dietza-u-okviru-ffc-19\/#respond"]}]},{"@type":"WebPage","@id":"https:\/\/sandzakpress.net\/arhiva\/linz-spahovic-brutalno-nokautirao-dietza-u-okviru-ffc-19\/","url":"https:\/\/sandzakpress.net\/arhiva\/linz-spahovic-brutalno-nokautirao-dietza-u-okviru-ffc-19\/","name":"Linz: Spahovi\u0107 brutalno nokautirao Dietza u okviru FFC 19","isPartOf":{"@id":"https:\/\/sandzakpress.net\/arhiva\/#website"},"primaryImageOfPage":{"@id":"https:\/\/sandzakpress.net\/arhiva\/linz-spahovic-brutalno-nokautirao-dietza-u-okviru-ffc-19\/#primaryimage"},"image":{"@id":"https:\/\/sandzakpress.net\/arhiva\/linz-spahovic-brutalno-nokautirao-dietza-u-okviru-ffc-19\/#primaryimage"},"thumbnailUrl":"https:\/\/sandzakpress.net\/arhiva\/wp-content\/uploads\/2015\/09\/spaha-640x360.jpg","datePublished":"2015-09-20T11:26:02+00:00","dateModified":"2015-09-21T08:54:53+00:00","breadcrumb":{"@id":"https:\/\/sandzakpress.net\/arhiva\/linz-spahovic-brutalno-nokautirao-dietza-u-okviru-ffc-19\/#breadcrumb"},"inLanguage":"bs-BA","potentialAction":[{"@type":"ReadAction","target":["https:\/\/sandzakpress.net\/arhiva\/linz-spahovic-brutalno-nokautirao-dietza-u-okviru-ffc-19\/"]}]},{"@type":"ImageObject","inLanguage":"bs-BA","@id":"https:\/\/sandzakpress.net\/arhiva\/linz-spahovic-brutalno-nokautirao-dietza-u-okviru-ffc-19\/#primaryimage","url":"https:\/\/sandzakpress.net\/arhiva\/wp-content\/uploads\/2015\/09\/spaha-640x360.jpg","contentUrl":"https:\/\/sandzakpress.net\/arhiva\/wp-content\/uploads\/2015\/09\/spaha-640x360.jpg","width":640,"height":360},{"@type":"BreadcrumbList","@id":"https:\/\/sandzakpress.net\/arhiva\/linz-spahovic-brutalno-nokautirao-dietza-u-okviru-ffc-19\/#breadcrumb","itemListElement":[{"@type":"ListItem","position":1,"name":"Home","item":"https:\/\/sandzakpress.net\/arhiva\/"},{"@type":"ListItem","position":2,"name":"Linz: Spahovi\u0107 brutalno nokautirao Dietza u okviru FFC 19"}]},{"@type":"WebSite","@id":"https:\/\/sandzakpress.net\/arhiva\/#website","url":"https:\/\/sandzakpress.net\/arhiva\/","name":"Sand\u017eak PRESS","description":"Prve elektronske novine u Sand\u017eaku","publisher":{"@id":"https:\/\/sandzakpress.net\/arhiva\/#\/schema\/person\/6e72b67d6e51910a1117b3b483ba20bd"},"potentialAction":[{"@type":"SearchAction","target":{"@type":"EntryPoint","urlTemplate":"https:\/\/sandzakpress.net\/arhiva\/?s={search_term_string}"},"query-input":{"@type":"PropertyValueSpecification","valueRequired":true,"valueName":"search_term_string"}}],"inLanguage":"bs-BA"},{"@type":["Person","Organization"],"@id":"https:\/\/sandzakpress.net\/arhiva\/#\/schema\/person\/6e72b67d6e51910a1117b3b483ba20bd","name":"Kul","image":{"@type":"ImageObject","inLanguage":"bs-BA","@id":"https:\/\/sandzakpress.net\/arhiva\/#\/schema\/person\/image\/","url":"https:\/\/secure.gravatar.com\/avatar\/42263f39aa27ac04c43cab85c280eb2e?s=96&d=mm&r=pg","contentUrl":"https:\/\/secure.gravatar.com\/avatar\/42263f39aa27ac04c43cab85c280eb2e?s=96&d=mm&r=pg","caption":"Kul"},"logo":{"@id":"https:\/\/sandzakpress.net\/arhiva\/#\/schema\/person\/image\/"}},{"@type":"Person","@id":"https:\/\/sandzakpress.net\/arhiva\/#\/schema\/person\/cb59d7e3ab91ab90dd680ad0305a6185","name":"Agencija","image":{"@type":"ImageObject","inLanguage":"bs-BA","@id":"https:\/\/sandzakpress.net\/arhiva\/#\/schema\/person\/image\/","url":"https:\/\/secure.gravatar.com\/avatar\/4b7fafa80a22f0c2afe23966b3961fe0?s=96&d=mm&r=pg","contentUrl":"https:\/\/secure.gravatar.com\/avatar\/4b7fafa80a22f0c2afe23966b3961fe0?s=96&d=mm&r=pg","caption":"Agencija"},"url":"https:\/\/sandzakpress.net\/arhiva\/author\/agencija\/"}]}},"_links":{"self":[{"href":"https:\/\/sandzakpress.net\/arhiva\/wp-json\/wp\/v2\/posts\/137803"}],"collection":[{"href":"https:\/\/sandzakpress.net\/arhiva\/wp-json\/wp\/v2\/posts"}],"about":[{"href":"https:\/\/sandzakpress.net\/arhiva\/wp-json\/wp\/v2\/types\/post"}],"author":[{"embeddable":true,"href":"https:\/\/sandzakpress.net\/arhiva\/wp-json\/wp\/v2\/users\/509"}],"replies":[{"embeddable":true,"href":"https:\/\/sandzakpress.net\/arhiva\/wp-json\/wp\/v2\/comments?post=137803"}],"version-history":[{"count":0,"href":"https:\/\/sandzakpress.net\/arhiva\/wp-json\/wp\/v2\/posts\/137803\/revisions"}],"wp:featuredmedia":[{"embeddable":true,"href":"https:\/\/sandzakpress.net\/arhiva\/wp-json\/wp\/v2\/media\/137804"}],"wp:attachment":[{"href":"https:\/\/sandzakpress.net\/arhiva\/wp-json\/wp\/v2\/media?parent=137803"}],"wp:term":[{"taxonomy":"category","embeddable":true,"href":"https:\/\/sandzakpress.net\/arhiva\/wp-json\/wp\/v2\/categories?post=137803"},{"taxonomy":"post_tag","embeddable":true,"href":"https:\/\/sandzakpress.net\/arhiva\/wp-json\/wp\/v2\/tags?post=137803"}],"curies":[{"name":"wp","href":"https:\/\/api.w.org\/{rel}","templated":true}]}}