{"id":13763,"date":"2011-03-12T17:03:34","date_gmt":"2011-03-12T16:03:34","guid":{"rendered":"https:\/\/sandzakpress.net\/arhiva\/?p=13763"},"modified":"2011-03-12T17:03:34","modified_gmt":"2011-03-12T16:03:34","slug":"fk-novi-pazar-u-rangu-zvezde-i-partizana","status":"publish","type":"post","link":"https:\/\/sandzakpress.net\/arhiva\/fk-novi-pazar-u-rangu-zvezde-i-partizana\/","title":{"rendered":"FK Novi Pazar u rangu Zvezde i Partizana"},"content":{"rendered":"<p><strong><a href=\"https:\/\/sandzakpress.net\/arhiva\/wp-content\/uploads\/2011\/03\/rasim-ljajic-3_thumb307_.jpg\"><img loading=\"lazy\" decoding=\"async\" class=\"alignleft size-medium wp-image-13764\" src=\"https:\/\/sandzakpress.net\/arhiva\/wp-content\/uploads\/2011\/03\/rasim-ljajic-3_thumb307_-300x217.jpg\" alt=\"\" width=\"300\" height=\"217\" \/><\/a>Novi Pazar &#8211; Pred start drugoliga\u0161ke trke, predsednik Pazaraca i ministar za rad i socijalnu politiku Rasim Ljaji\u0107 vjeruje u svoj klub.<\/strong><\/p>\n<p>Ljaji\u0107 poku\u0161ava da u Novom Pazaru stvori uslove za normalno funkcionisanje kluba.<br \/>\n<em><br \/>\n<\/em>&#8220;Klub je godinama slu\u017eio kao socijalna ustanova za biv\u0161e igra\u010de. Nije se vodilo ra\u010duna jer se podrazumevalo da \u0107e op\u0107ina da pokrije tro\u0161kove. Poku\u0161avamo da stvari postavimo na svoje mjesto jer imamo ogroman potencijal&#8221;, rekao je Ljaji\u0107.<\/p>\n<p>On je dodao da su izgubljeni kriterijumi u stru\u010dnom radu, da dobar igra\u010d ne zna\u010di i automatski dobar trener i da je klub spa\u0161en od ga\u0161enja.<br \/>\n<em><br \/>\n<\/em>&#8220;Jesenas smo do\u017eivjeli neuspjeh, bili smo katastrofalni u me\u010devima za vode\u0107im timovima. Ali ne odustajemo, u\u010dini\u0107emo sve da se domognemo elite. \u017delja nam je da formiramo klub na zdravim osnovama, ali i da napravimo rezultat. Ako ne uspemo \u010destita\u0107emo boljima, samo da sve bude regularno&#8221;, ka\u017ee Ljaji\u0107.<\/p>\n<p>Na kraju je poru\u010dio da Novopazarci vole fudbal.<\/p>\n<p>&#8220;Ulaganja sponzora nisu bezrazlo\u017ena jer Novi Pazar ima sjajnu posjetu. Ovde treninge gleda vi\u0161e ljudi nego \u0161to se pojavi na superliga\u0161kim utakmicama. Ovakvu podr\u0161ku imaju samo Zvezda i Partizan, to je i motiv da se borimo za najvi\u0161i plasman&#8221;, zavr\u0161io je prvi \u010dovjek drugoliga\u0161a iz Novog Pazara.<\/p>\n<p>Izvor:<strong> SandzakLive.rs<\/strong><\/p>\n","protected":false},"excerpt":{"rendered":"<p>Novi Pazar &#8211; Pred start drugoliga\u0161ke trke, predsednik Pazaraca i ministar za rad i socijalnu politiku Rasim Ljaji\u0107 vjeruje u svoj klub. Ljaji\u0107 poku\u0161ava da u Novom Pazaru stvori uslove za normalno funkcionisanje kluba. &#8220;Klub je godinama slu\u017eio kao socijalna ustanova za biv\u0161e igra\u010de. Nije se vodilo ra\u010duna jer se podrazumevalo da \u0107e op\u0107ina da [&hellip;]<\/p>\n","protected":false},"author":13,"featured_media":13764,"comment_status":"open","ping_status":"open","sticky":false,"template":"","format":"standard","meta":{"footnotes":""},"categories":[72,13],"tags":[],"class_list":{"0":"post-13763","1":"post","2":"type-post","3":"status-publish","4":"format-standard","5":"has-post-thumbnail","7":"category-novi-pazar","8":"category-sport"},"yoast_head":"<!-- This site is optimized with the Yoast SEO Premium plugin v23.1 (Yoast SEO v24.9) - https:\/\/yoast.com\/wordpress\/plugins\/seo\/ -->\n<title>FK Novi Pazar u rangu Zvezde i Partizana<\/title>\n<meta name=\"robots\" content=\"index, follow, max-snippet:-1, max-image-preview:large, max-video-preview:-1\" \/>\n<link rel=\"canonical\" href=\"https:\/\/sandzakpress.net\/arhiva\/fk-novi-pazar-u-rangu-zvezde-i-partizana\/\" \/>\n<meta property=\"og:locale\" content=\"bs_BA\" \/>\n<meta property=\"og:type\" content=\"article\" \/>\n<meta property=\"og:title\" content=\"FK Novi Pazar u rangu Zvezde i Partizana\" \/>\n<meta property=\"og:description\" content=\"Novi Pazar &#8211; Pred start drugoliga\u0161ke trke, predsednik Pazaraca i ministar za rad i socijalnu politiku Rasim Ljaji\u0107 vjeruje u svoj klub. Ljaji\u0107 poku\u0161ava da u Novom Pazaru stvori uslove za normalno funkcionisanje kluba. &#8220;Klub je godinama slu\u017eio kao socijalna ustanova za biv\u0161e igra\u010de. Nije se vodilo ra\u010duna jer se podrazumevalo da \u0107e op\u0107ina da [&hellip;]\" \/>\n<meta property=\"og:url\" content=\"https:\/\/sandzakpress.net\/arhiva\/fk-novi-pazar-u-rangu-zvezde-i-partizana\/\" \/>\n<meta property=\"og:site_name\" content=\"Sand\u017eak PRESS\" \/>\n<meta property=\"article:published_time\" content=\"2011-03-12T16:03:34+00:00\" \/>\n<meta property=\"og:image\" content=\"https:\/\/sandzakpress.net\/arhiva\/wp-content\/uploads\/2011\/03\/rasim-ljajic-3_thumb307_.jpg\" \/>\n\t<meta property=\"og:image:width\" content=\"307\" \/>\n\t<meta property=\"og:image:height\" content=\"223\" \/>\n\t<meta property=\"og:image:type\" content=\"image\/jpeg\" \/>\n<meta name=\"twitter:card\" content=\"summary_large_image\" \/>\n<meta name=\"twitter:label1\" content=\"Written by\" \/>\n\t<meta name=\"twitter:data1\" content=\"\" \/>\n\t<meta name=\"twitter:label2\" content=\"Est. reading time\" \/>\n\t<meta name=\"twitter:data2\" content=\"1 minuta\" \/>\n<script type=\"application\/ld+json\" class=\"yoast-schema-graph\">{\"@context\":\"https:\/\/schema.org\",\"@graph\":[{\"@type\":\"Article\",\"@id\":\"https:\/\/sandzakpress.net\/arhiva\/fk-novi-pazar-u-rangu-zvezde-i-partizana\/#article\",\"isPartOf\":{\"@id\":\"https:\/\/sandzakpress.net\/arhiva\/fk-novi-pazar-u-rangu-zvezde-i-partizana\/\"},\"author\":{\"name\":\"\",\"@id\":\"\"},\"headline\":\"FK Novi Pazar u rangu Zvezde i Partizana\",\"datePublished\":\"2011-03-12T16:03:34+00:00\",\"mainEntityOfPage\":{\"@id\":\"https:\/\/sandzakpress.net\/arhiva\/fk-novi-pazar-u-rangu-zvezde-i-partizana\/\"},\"wordCount\":238,\"commentCount\":1,\"publisher\":{\"@id\":\"https:\/\/sandzakpress.net\/arhiva\/#\/schema\/person\/6e72b67d6e51910a1117b3b483ba20bd\"},\"image\":{\"@id\":\"https:\/\/sandzakpress.net\/arhiva\/fk-novi-pazar-u-rangu-zvezde-i-partizana\/#primaryimage\"},\"thumbnailUrl\":\"https:\/\/sandzakpress.net\/arhiva\/wp-content\/uploads\/2011\/03\/rasim-ljajic-3_thumb307_.jpg\",\"articleSection\":[\"Novi Pazar\",\"Sport\"],\"inLanguage\":\"bs-BA\",\"potentialAction\":[{\"@type\":\"CommentAction\",\"name\":\"Comment\",\"target\":[\"https:\/\/sandzakpress.net\/arhiva\/fk-novi-pazar-u-rangu-zvezde-i-partizana\/#respond\"]}]},{\"@type\":\"WebPage\",\"@id\":\"https:\/\/sandzakpress.net\/arhiva\/fk-novi-pazar-u-rangu-zvezde-i-partizana\/\",\"url\":\"https:\/\/sandzakpress.net\/arhiva\/fk-novi-pazar-u-rangu-zvezde-i-partizana\/\",\"name\":\"FK Novi Pazar u rangu Zvezde i Partizana\",\"isPartOf\":{\"@id\":\"https:\/\/sandzakpress.net\/arhiva\/#website\"},\"primaryImageOfPage\":{\"@id\":\"https:\/\/sandzakpress.net\/arhiva\/fk-novi-pazar-u-rangu-zvezde-i-partizana\/#primaryimage\"},\"image\":{\"@id\":\"https:\/\/sandzakpress.net\/arhiva\/fk-novi-pazar-u-rangu-zvezde-i-partizana\/#primaryimage\"},\"thumbnailUrl\":\"https:\/\/sandzakpress.net\/arhiva\/wp-content\/uploads\/2011\/03\/rasim-ljajic-3_thumb307_.jpg\",\"datePublished\":\"2011-03-12T16:03:34+00:00\",\"breadcrumb\":{\"@id\":\"https:\/\/sandzakpress.net\/arhiva\/fk-novi-pazar-u-rangu-zvezde-i-partizana\/#breadcrumb\"},\"inLanguage\":\"bs-BA\",\"potentialAction\":[{\"@type\":\"ReadAction\",\"target\":[\"https:\/\/sandzakpress.net\/arhiva\/fk-novi-pazar-u-rangu-zvezde-i-partizana\/\"]}]},{\"@type\":\"ImageObject\",\"inLanguage\":\"bs-BA\",\"@id\":\"https:\/\/sandzakpress.net\/arhiva\/fk-novi-pazar-u-rangu-zvezde-i-partizana\/#primaryimage\",\"url\":\"https:\/\/sandzakpress.net\/arhiva\/wp-content\/uploads\/2011\/03\/rasim-ljajic-3_thumb307_.jpg\",\"contentUrl\":\"https:\/\/sandzakpress.net\/arhiva\/wp-content\/uploads\/2011\/03\/rasim-ljajic-3_thumb307_.jpg\",\"width\":307,\"height\":223},{\"@type\":\"BreadcrumbList\",\"@id\":\"https:\/\/sandzakpress.net\/arhiva\/fk-novi-pazar-u-rangu-zvezde-i-partizana\/#breadcrumb\",\"itemListElement\":[{\"@type\":\"ListItem\",\"position\":1,\"name\":\"Home\",\"item\":\"https:\/\/sandzakpress.net\/arhiva\/\"},{\"@type\":\"ListItem\",\"position\":2,\"name\":\"FK Novi Pazar u rangu Zvezde i Partizana\"}]},{\"@type\":\"WebSite\",\"@id\":\"https:\/\/sandzakpress.net\/arhiva\/#website\",\"url\":\"https:\/\/sandzakpress.net\/arhiva\/\",\"name\":\"Sand\u017eak PRESS\",\"description\":\"Prve elektronske novine u Sand\u017eaku\",\"publisher\":{\"@id\":\"https:\/\/sandzakpress.net\/arhiva\/#\/schema\/person\/6e72b67d6e51910a1117b3b483ba20bd\"},\"potentialAction\":[{\"@type\":\"SearchAction\",\"target\":{\"@type\":\"EntryPoint\",\"urlTemplate\":\"https:\/\/sandzakpress.net\/arhiva\/?s={search_term_string}\"},\"query-input\":{\"@type\":\"PropertyValueSpecification\",\"valueRequired\":true,\"valueName\":\"search_term_string\"}}],\"inLanguage\":\"bs-BA\"},{\"@type\":[\"Person\",\"Organization\"],\"@id\":\"https:\/\/sandzakpress.net\/arhiva\/#\/schema\/person\/6e72b67d6e51910a1117b3b483ba20bd\",\"name\":\"Kul\",\"image\":{\"@type\":\"ImageObject\",\"inLanguage\":\"bs-BA\",\"@id\":\"https:\/\/sandzakpress.net\/arhiva\/#\/schema\/person\/image\/\",\"url\":\"https:\/\/secure.gravatar.com\/avatar\/42263f39aa27ac04c43cab85c280eb2e?s=96&d=mm&r=pg\",\"contentUrl\":\"https:\/\/secure.gravatar.com\/avatar\/42263f39aa27ac04c43cab85c280eb2e?s=96&d=mm&r=pg\",\"caption\":\"Kul\"},\"logo\":{\"@id\":\"https:\/\/sandzakpress.net\/arhiva\/#\/schema\/person\/image\/\"}},{\"@type\":\"Person\",\"@id\":\"\",\"url\":\"https:\/\/sandzakpress.net\/arhiva\/author\/\"}]}<\/script>\n<!-- \/ Yoast SEO Premium plugin. -->","yoast_head_json":{"title":"FK Novi Pazar u rangu Zvezde i Partizana","robots":{"index":"index","follow":"follow","max-snippet":"max-snippet:-1","max-image-preview":"max-image-preview:large","max-video-preview":"max-video-preview:-1"},"canonical":"https:\/\/sandzakpress.net\/arhiva\/fk-novi-pazar-u-rangu-zvezde-i-partizana\/","og_locale":"bs_BA","og_type":"article","og_title":"FK Novi Pazar u rangu Zvezde i Partizana","og_description":"Novi Pazar &#8211; Pred start drugoliga\u0161ke trke, predsednik Pazaraca i ministar za rad i socijalnu politiku Rasim Ljaji\u0107 vjeruje u svoj klub. Ljaji\u0107 poku\u0161ava da u Novom Pazaru stvori uslove za normalno funkcionisanje kluba. &#8220;Klub je godinama slu\u017eio kao socijalna ustanova za biv\u0161e igra\u010de. Nije se vodilo ra\u010duna jer se podrazumevalo da \u0107e op\u0107ina da [&hellip;]","og_url":"https:\/\/sandzakpress.net\/arhiva\/fk-novi-pazar-u-rangu-zvezde-i-partizana\/","og_site_name":"Sand\u017eak PRESS","article_published_time":"2011-03-12T16:03:34+00:00","og_image":[{"width":307,"height":223,"url":"https:\/\/sandzakpress.net\/arhiva\/wp-content\/uploads\/2011\/03\/rasim-ljajic-3_thumb307_.jpg","type":"image\/jpeg"}],"twitter_card":"summary_large_image","twitter_misc":{"Written by":"","Est. reading time":"1 minuta"},"schema":{"@context":"https:\/\/schema.org","@graph":[{"@type":"Article","@id":"https:\/\/sandzakpress.net\/arhiva\/fk-novi-pazar-u-rangu-zvezde-i-partizana\/#article","isPartOf":{"@id":"https:\/\/sandzakpress.net\/arhiva\/fk-novi-pazar-u-rangu-zvezde-i-partizana\/"},"author":{"name":"","@id":""},"headline":"FK Novi Pazar u rangu Zvezde i Partizana","datePublished":"2011-03-12T16:03:34+00:00","mainEntityOfPage":{"@id":"https:\/\/sandzakpress.net\/arhiva\/fk-novi-pazar-u-rangu-zvezde-i-partizana\/"},"wordCount":238,"commentCount":1,"publisher":{"@id":"https:\/\/sandzakpress.net\/arhiva\/#\/schema\/person\/6e72b67d6e51910a1117b3b483ba20bd"},"image":{"@id":"https:\/\/sandzakpress.net\/arhiva\/fk-novi-pazar-u-rangu-zvezde-i-partizana\/#primaryimage"},"thumbnailUrl":"https:\/\/sandzakpress.net\/arhiva\/wp-content\/uploads\/2011\/03\/rasim-ljajic-3_thumb307_.jpg","articleSection":["Novi Pazar","Sport"],"inLanguage":"bs-BA","potentialAction":[{"@type":"CommentAction","name":"Comment","target":["https:\/\/sandzakpress.net\/arhiva\/fk-novi-pazar-u-rangu-zvezde-i-partizana\/#respond"]}]},{"@type":"WebPage","@id":"https:\/\/sandzakpress.net\/arhiva\/fk-novi-pazar-u-rangu-zvezde-i-partizana\/","url":"https:\/\/sandzakpress.net\/arhiva\/fk-novi-pazar-u-rangu-zvezde-i-partizana\/","name":"FK Novi Pazar u rangu Zvezde i Partizana","isPartOf":{"@id":"https:\/\/sandzakpress.net\/arhiva\/#website"},"primaryImageOfPage":{"@id":"https:\/\/sandzakpress.net\/arhiva\/fk-novi-pazar-u-rangu-zvezde-i-partizana\/#primaryimage"},"image":{"@id":"https:\/\/sandzakpress.net\/arhiva\/fk-novi-pazar-u-rangu-zvezde-i-partizana\/#primaryimage"},"thumbnailUrl":"https:\/\/sandzakpress.net\/arhiva\/wp-content\/uploads\/2011\/03\/rasim-ljajic-3_thumb307_.jpg","datePublished":"2011-03-12T16:03:34+00:00","breadcrumb":{"@id":"https:\/\/sandzakpress.net\/arhiva\/fk-novi-pazar-u-rangu-zvezde-i-partizana\/#breadcrumb"},"inLanguage":"bs-BA","potentialAction":[{"@type":"ReadAction","target":["https:\/\/sandzakpress.net\/arhiva\/fk-novi-pazar-u-rangu-zvezde-i-partizana\/"]}]},{"@type":"ImageObject","inLanguage":"bs-BA","@id":"https:\/\/sandzakpress.net\/arhiva\/fk-novi-pazar-u-rangu-zvezde-i-partizana\/#primaryimage","url":"https:\/\/sandzakpress.net\/arhiva\/wp-content\/uploads\/2011\/03\/rasim-ljajic-3_thumb307_.jpg","contentUrl":"https:\/\/sandzakpress.net\/arhiva\/wp-content\/uploads\/2011\/03\/rasim-ljajic-3_thumb307_.jpg","width":307,"height":223},{"@type":"BreadcrumbList","@id":"https:\/\/sandzakpress.net\/arhiva\/fk-novi-pazar-u-rangu-zvezde-i-partizana\/#breadcrumb","itemListElement":[{"@type":"ListItem","position":1,"name":"Home","item":"https:\/\/sandzakpress.net\/arhiva\/"},{"@type":"ListItem","position":2,"name":"FK Novi Pazar u rangu Zvezde i Partizana"}]},{"@type":"WebSite","@id":"https:\/\/sandzakpress.net\/arhiva\/#website","url":"https:\/\/sandzakpress.net\/arhiva\/","name":"Sand\u017eak PRESS","description":"Prve elektronske novine u Sand\u017eaku","publisher":{"@id":"https:\/\/sandzakpress.net\/arhiva\/#\/schema\/person\/6e72b67d6e51910a1117b3b483ba20bd"},"potentialAction":[{"@type":"SearchAction","target":{"@type":"EntryPoint","urlTemplate":"https:\/\/sandzakpress.net\/arhiva\/?s={search_term_string}"},"query-input":{"@type":"PropertyValueSpecification","valueRequired":true,"valueName":"search_term_string"}}],"inLanguage":"bs-BA"},{"@type":["Person","Organization"],"@id":"https:\/\/sandzakpress.net\/arhiva\/#\/schema\/person\/6e72b67d6e51910a1117b3b483ba20bd","name":"Kul","image":{"@type":"ImageObject","inLanguage":"bs-BA","@id":"https:\/\/sandzakpress.net\/arhiva\/#\/schema\/person\/image\/","url":"https:\/\/secure.gravatar.com\/avatar\/42263f39aa27ac04c43cab85c280eb2e?s=96&d=mm&r=pg","contentUrl":"https:\/\/secure.gravatar.com\/avatar\/42263f39aa27ac04c43cab85c280eb2e?s=96&d=mm&r=pg","caption":"Kul"},"logo":{"@id":"https:\/\/sandzakpress.net\/arhiva\/#\/schema\/person\/image\/"}},{"@type":"Person","@id":"","url":"https:\/\/sandzakpress.net\/arhiva\/author\/"}]}},"_links":{"self":[{"href":"https:\/\/sandzakpress.net\/arhiva\/wp-json\/wp\/v2\/posts\/13763"}],"collection":[{"href":"https:\/\/sandzakpress.net\/arhiva\/wp-json\/wp\/v2\/posts"}],"about":[{"href":"https:\/\/sandzakpress.net\/arhiva\/wp-json\/wp\/v2\/types\/post"}],"author":[{"embeddable":true,"href":"https:\/\/sandzakpress.net\/arhiva\/wp-json\/wp\/v2\/users\/13"}],"replies":[{"embeddable":true,"href":"https:\/\/sandzakpress.net\/arhiva\/wp-json\/wp\/v2\/comments?post=13763"}],"version-history":[{"count":0,"href":"https:\/\/sandzakpress.net\/arhiva\/wp-json\/wp\/v2\/posts\/13763\/revisions"}],"wp:featuredmedia":[{"embeddable":true,"href":"https:\/\/sandzakpress.net\/arhiva\/wp-json\/wp\/v2\/media\/13764"}],"wp:attachment":[{"href":"https:\/\/sandzakpress.net\/arhiva\/wp-json\/wp\/v2\/media?parent=13763"}],"wp:term":[{"taxonomy":"category","embeddable":true,"href":"https:\/\/sandzakpress.net\/arhiva\/wp-json\/wp\/v2\/categories?post=13763"},{"taxonomy":"post_tag","embeddable":true,"href":"https:\/\/sandzakpress.net\/arhiva\/wp-json\/wp\/v2\/tags?post=13763"}],"curies":[{"name":"wp","href":"https:\/\/api.w.org\/{rel}","templated":true}]}}