{"id":137507,"date":"2015-09-17T18:23:58","date_gmt":"2015-09-17T16:23:58","guid":{"rendered":"https:\/\/sandzakpress.net\/arhiva\/stranka-za-bih-se-pita-kojom-vojnom-imovinom-raspolaze-federacija-bih"},"modified":"2015-09-17T18:23:58","modified_gmt":"2015-09-17T16:23:58","slug":"stranka-za-bih-se-pita-kojom-vojnom-imovinom-raspolaze-federacija-bih","status":"publish","type":"post","link":"https:\/\/sandzakpress.net\/arhiva\/stranka-za-bih-se-pita-kojom-vojnom-imovinom-raspolaze-federacija-bih\/","title":{"rendered":"Stranka za BiH se pita: Kojom vojnom imovinom raspola\u017ee Federacija BiH?"},"content":{"rendered":"<p><img decoding=\"async\" src=\"http:\/\/i0.wp.com\/bosnjaci.agency\/wp-content\/uploads\/2015\/09\/oruzane-snage-BiH.jpg?w=696\" alt=\"\" \/><\/p>\n<p><strong>BiH \u2013 Stranka za Bosnu i Hercegovinu zatra\u017eila je danas poja\u0161njenje kojom neperspektivnom vojnom imovinom raspola\u017ee ve\u0107i bh. entitet, \u201cako se zna da je sva vojna imovina dio dr\u017eavne imovine koja pripada isklju\u010divo Bosni i Hercegovini, a ne entitetima\u201c.<\/strong><\/p>\n<p>U saop\u0107enju za javnost SBiH navodi kako je \u201ciz medija saznala\u201d da je Vlada Federacije BiH na sjednici odr\u017eanoj 27. augusta donijela Odluku o osnivanju privrednog dru\u0161tva Intera industrija, tehnologija i razvoj d.o.o Sarajevo, \u010dija bi djelatnost, izme\u0111u ostalog, bila i upravljanje neperspektivnom vojnom imovinom i drugom imovinom koju je Federacija BiH naslijedila na bilo koji drugi na\u010din.<\/p>\n<p>\u2013 Ovim putem zamolili bi premijera Federacije BiH da javno pojasni kojom neperspektivnom vojnom imovinom raspola\u017ee ve\u0107i bh. entitet, ako se zna da je sva vojna imovina dio dr\u017eavne imovine koja pripada isklju\u010divo Bosni i Hercegovini, a ne entitetima. Iz toga proizilazi da je, u slu\u010daju i da postoji, neperspektivna vojna imovina koja je dodjeljena enitetima morala pro\u0107i parlamentarnu proceduru na dr\u017eavnom nivou, gdje se samo Parlament BiH mogao odre\u0107i takve imovine. Ako postoji takav zakon zahtijevamo da se predo\u010di javnosti \u2013 navodi se u saop\u0107enju.<br \/>\nU Odluci o osnivanju firme \u201cIntera\u201d dalje stoji da \u0107e djelatnost biti upravljanje i drugom imovinom koju je Federacija BiH naslijedila na bilo koji drugi na\u010din.<\/p>\n<p>\u2013 Ovdje je tako\u0111er potrebno objasniti javnosti, koju je to drugu imovinu Federacija naslijedila i od koga, ili pak o\u010dekuje nasljedjivanje neke imovine u budu\u0107nosti? Ovo je posebno va\u017eno jer je poznato da su javna dobra, putevi, rijeke, \u0161ume itd, u vlasni\u0161tvu Bosne i Hercegovine, bez obzira u kojem njenom djelu ili entitetu se nalazili \u2013 navodi se u saop\u0107enju.<br \/>\nStranka za BiH poziva \u201csve probosanskohercegova\u010dke snage u BiH da se dobro prou\u010di ova materija i ne pristane na podjelu dr\u017eavne imovine\u201d.<\/p>\n<p>Pogledajte vijest na izvornom sajtu:<\/p>\n<p><a href=\"http:\/\/bosnapress.net\/stranka-za-bih-se-pita-kojom-vojnom-imovinom-raspolaze-federacija-bih\/\" target=\"_blank\">Stranka za BiH se pita: Kojom vojnom imovinom raspola\u017ee Federacija BiH?<\/a><\/p>\n","protected":false},"excerpt":{"rendered":"<p>BiH \u2013 Stranka za Bosnu i Hercegovinu zatra\u017eila je danas poja\u0161njenje kojom neperspektivnom vojnom imovinom raspola\u017ee ve\u0107i bh. entitet, \u201cako se zna da je sva vojna imovina dio dr\u017eavne imovine koja pripada isklju\u010divo Bosni i Hercegovini, a ne entitetima\u201c. U saop\u0107enju za javnost SBiH navodi kako je \u201ciz medija saznala\u201d da je Vlada Federacije BiH [&hellip;]<\/p>\n","protected":false},"author":83,"featured_media":137508,"comment_status":"open","ping_status":"open","sticky":false,"template":"","format":"standard","meta":{"footnotes":""},"categories":[10513],"tags":[10466],"class_list":{"0":"post-137507","1":"post","2":"type-post","3":"status-publish","4":"format-standard","5":"has-post-thumbnail","7":"category-bosna-press","8":"tag-bosna-i-hercegovina"},"yoast_head":"<!-- This site is optimized with the Yoast SEO Premium plugin v23.1 (Yoast SEO v24.9) - https:\/\/yoast.com\/wordpress\/plugins\/seo\/ -->\n<title>Stranka za BiH se pita: Kojom vojnom imovinom raspola\u017ee Federacija BiH?<\/title>\n<meta name=\"robots\" content=\"index, follow, max-snippet:-1, max-image-preview:large, max-video-preview:-1\" \/>\n<link rel=\"canonical\" href=\"https:\/\/sandzakpress.net\/arhiva\/stranka-za-bih-se-pita-kojom-vojnom-imovinom-raspolaze-federacija-bih\/\" \/>\n<meta property=\"og:locale\" content=\"bs_BA\" \/>\n<meta property=\"og:type\" content=\"article\" \/>\n<meta property=\"og:title\" content=\"Stranka za BiH se pita: Kojom vojnom imovinom raspola\u017ee Federacija BiH?\" \/>\n<meta property=\"og:description\" content=\"BiH \u2013 Stranka za Bosnu i Hercegovinu zatra\u017eila je danas poja\u0161njenje kojom neperspektivnom vojnom imovinom raspola\u017ee ve\u0107i bh. entitet, \u201cako se zna da je sva vojna imovina dio dr\u017eavne imovine koja pripada isklju\u010divo Bosni i Hercegovini, a ne entitetima\u201c. U saop\u0107enju za javnost SBiH navodi kako je \u201ciz medija saznala\u201d da je Vlada Federacije BiH [&hellip;]\" \/>\n<meta property=\"og:url\" content=\"https:\/\/sandzakpress.net\/arhiva\/stranka-za-bih-se-pita-kojom-vojnom-imovinom-raspolaze-federacija-bih\/\" \/>\n<meta property=\"og:site_name\" content=\"Sand\u017eak PRESS\" \/>\n<meta property=\"article:published_time\" content=\"2015-09-17T16:23:58+00:00\" \/>\n<meta property=\"og:image\" content=\"https:\/\/sandzakpress.net\/arhiva\/wp-content\/uploads\/2015\/09\/oruzane-snage-BiH.jpg\" \/>\n\t<meta property=\"og:image:width\" content=\"696\" \/>\n\t<meta property=\"og:image:height\" content=\"627\" \/>\n\t<meta property=\"og:image:type\" content=\"image\/jpeg\" \/>\n<meta name=\"author\" content=\"bosniak\" \/>\n<meta name=\"twitter:card\" content=\"summary_large_image\" \/>\n<meta name=\"twitter:label1\" content=\"Written by\" \/>\n\t<meta name=\"twitter:data1\" content=\"bosniak\" \/>\n\t<meta name=\"twitter:label2\" content=\"Est. reading time\" \/>\n\t<meta name=\"twitter:data2\" content=\"2 minute\" \/>\n<script type=\"application\/ld+json\" class=\"yoast-schema-graph\">{\"@context\":\"https:\/\/schema.org\",\"@graph\":[{\"@type\":\"Article\",\"@id\":\"https:\/\/sandzakpress.net\/arhiva\/stranka-za-bih-se-pita-kojom-vojnom-imovinom-raspolaze-federacija-bih\/#article\",\"isPartOf\":{\"@id\":\"https:\/\/sandzakpress.net\/arhiva\/stranka-za-bih-se-pita-kojom-vojnom-imovinom-raspolaze-federacija-bih\/\"},\"author\":{\"name\":\"bosniak\",\"@id\":\"https:\/\/sandzakpress.net\/arhiva\/#\/schema\/person\/c8baee722073534b583ea7bdb2e36c02\"},\"headline\":\"Stranka za BiH se pita: Kojom vojnom imovinom raspola\u017ee Federacija BiH?\",\"datePublished\":\"2015-09-17T16:23:58+00:00\",\"mainEntityOfPage\":{\"@id\":\"https:\/\/sandzakpress.net\/arhiva\/stranka-za-bih-se-pita-kojom-vojnom-imovinom-raspolaze-federacija-bih\/\"},\"wordCount\":347,\"commentCount\":0,\"publisher\":{\"@id\":\"https:\/\/sandzakpress.net\/arhiva\/#\/schema\/person\/6e72b67d6e51910a1117b3b483ba20bd\"},\"image\":{\"@id\":\"https:\/\/sandzakpress.net\/arhiva\/stranka-za-bih-se-pita-kojom-vojnom-imovinom-raspolaze-federacija-bih\/#primaryimage\"},\"thumbnailUrl\":\"https:\/\/sandzakpress.net\/arhiva\/wp-content\/uploads\/2015\/09\/oruzane-snage-BiH.jpg\",\"keywords\":[\"Bosna i Hercegovina\"],\"articleSection\":[\"Bosna PRESS\"],\"inLanguage\":\"bs-BA\",\"potentialAction\":[{\"@type\":\"CommentAction\",\"name\":\"Comment\",\"target\":[\"https:\/\/sandzakpress.net\/arhiva\/stranka-za-bih-se-pita-kojom-vojnom-imovinom-raspolaze-federacija-bih\/#respond\"]}]},{\"@type\":\"WebPage\",\"@id\":\"https:\/\/sandzakpress.net\/arhiva\/stranka-za-bih-se-pita-kojom-vojnom-imovinom-raspolaze-federacija-bih\/\",\"url\":\"https:\/\/sandzakpress.net\/arhiva\/stranka-za-bih-se-pita-kojom-vojnom-imovinom-raspolaze-federacija-bih\/\",\"name\":\"Stranka za BiH se pita: Kojom vojnom imovinom raspola\u017ee Federacija BiH?\",\"isPartOf\":{\"@id\":\"https:\/\/sandzakpress.net\/arhiva\/#website\"},\"primaryImageOfPage\":{\"@id\":\"https:\/\/sandzakpress.net\/arhiva\/stranka-za-bih-se-pita-kojom-vojnom-imovinom-raspolaze-federacija-bih\/#primaryimage\"},\"image\":{\"@id\":\"https:\/\/sandzakpress.net\/arhiva\/stranka-za-bih-se-pita-kojom-vojnom-imovinom-raspolaze-federacija-bih\/#primaryimage\"},\"thumbnailUrl\":\"https:\/\/sandzakpress.net\/arhiva\/wp-content\/uploads\/2015\/09\/oruzane-snage-BiH.jpg\",\"datePublished\":\"2015-09-17T16:23:58+00:00\",\"breadcrumb\":{\"@id\":\"https:\/\/sandzakpress.net\/arhiva\/stranka-za-bih-se-pita-kojom-vojnom-imovinom-raspolaze-federacija-bih\/#breadcrumb\"},\"inLanguage\":\"bs-BA\",\"potentialAction\":[{\"@type\":\"ReadAction\",\"target\":[\"https:\/\/sandzakpress.net\/arhiva\/stranka-za-bih-se-pita-kojom-vojnom-imovinom-raspolaze-federacija-bih\/\"]}]},{\"@type\":\"ImageObject\",\"inLanguage\":\"bs-BA\",\"@id\":\"https:\/\/sandzakpress.net\/arhiva\/stranka-za-bih-se-pita-kojom-vojnom-imovinom-raspolaze-federacija-bih\/#primaryimage\",\"url\":\"https:\/\/sandzakpress.net\/arhiva\/wp-content\/uploads\/2015\/09\/oruzane-snage-BiH.jpg\",\"contentUrl\":\"https:\/\/sandzakpress.net\/arhiva\/wp-content\/uploads\/2015\/09\/oruzane-snage-BiH.jpg\",\"width\":696,\"height\":627},{\"@type\":\"BreadcrumbList\",\"@id\":\"https:\/\/sandzakpress.net\/arhiva\/stranka-za-bih-se-pita-kojom-vojnom-imovinom-raspolaze-federacija-bih\/#breadcrumb\",\"itemListElement\":[{\"@type\":\"ListItem\",\"position\":1,\"name\":\"Home\",\"item\":\"https:\/\/sandzakpress.net\/arhiva\/\"},{\"@type\":\"ListItem\",\"position\":2,\"name\":\"Stranka za BiH se pita: Kojom vojnom imovinom raspola\u017ee Federacija BiH?\"}]},{\"@type\":\"WebSite\",\"@id\":\"https:\/\/sandzakpress.net\/arhiva\/#website\",\"url\":\"https:\/\/sandzakpress.net\/arhiva\/\",\"name\":\"Sand\u017eak PRESS\",\"description\":\"Prve elektronske novine u Sand\u017eaku\",\"publisher\":{\"@id\":\"https:\/\/sandzakpress.net\/arhiva\/#\/schema\/person\/6e72b67d6e51910a1117b3b483ba20bd\"},\"potentialAction\":[{\"@type\":\"SearchAction\",\"target\":{\"@type\":\"EntryPoint\",\"urlTemplate\":\"https:\/\/sandzakpress.net\/arhiva\/?s={search_term_string}\"},\"query-input\":{\"@type\":\"PropertyValueSpecification\",\"valueRequired\":true,\"valueName\":\"search_term_string\"}}],\"inLanguage\":\"bs-BA\"},{\"@type\":[\"Person\",\"Organization\"],\"@id\":\"https:\/\/sandzakpress.net\/arhiva\/#\/schema\/person\/6e72b67d6e51910a1117b3b483ba20bd\",\"name\":\"Kul\",\"image\":{\"@type\":\"ImageObject\",\"inLanguage\":\"bs-BA\",\"@id\":\"https:\/\/sandzakpress.net\/arhiva\/#\/schema\/person\/image\/\",\"url\":\"https:\/\/secure.gravatar.com\/avatar\/42263f39aa27ac04c43cab85c280eb2e?s=96&d=mm&r=pg\",\"contentUrl\":\"https:\/\/secure.gravatar.com\/avatar\/42263f39aa27ac04c43cab85c280eb2e?s=96&d=mm&r=pg\",\"caption\":\"Kul\"},\"logo\":{\"@id\":\"https:\/\/sandzakpress.net\/arhiva\/#\/schema\/person\/image\/\"}},{\"@type\":\"Person\",\"@id\":\"https:\/\/sandzakpress.net\/arhiva\/#\/schema\/person\/c8baee722073534b583ea7bdb2e36c02\",\"name\":\"bosniak\",\"image\":{\"@type\":\"ImageObject\",\"inLanguage\":\"bs-BA\",\"@id\":\"https:\/\/sandzakpress.net\/arhiva\/#\/schema\/person\/image\/\",\"url\":\"https:\/\/secure.gravatar.com\/avatar\/a04fd330bfe3a36a72a0ad4a6d89fca7?s=96&d=mm&r=pg\",\"contentUrl\":\"https:\/\/secure.gravatar.com\/avatar\/a04fd330bfe3a36a72a0ad4a6d89fca7?s=96&d=mm&r=pg\",\"caption\":\"bosniak\"},\"url\":\"https:\/\/sandzakpress.net\/arhiva\/author\/bosniak\/\"}]}<\/script>\n<!-- \/ Yoast SEO Premium plugin. -->","yoast_head_json":{"title":"Stranka za BiH se pita: Kojom vojnom imovinom raspola\u017ee Federacija BiH?","robots":{"index":"index","follow":"follow","max-snippet":"max-snippet:-1","max-image-preview":"max-image-preview:large","max-video-preview":"max-video-preview:-1"},"canonical":"https:\/\/sandzakpress.net\/arhiva\/stranka-za-bih-se-pita-kojom-vojnom-imovinom-raspolaze-federacija-bih\/","og_locale":"bs_BA","og_type":"article","og_title":"Stranka za BiH se pita: Kojom vojnom imovinom raspola\u017ee Federacija BiH?","og_description":"BiH \u2013 Stranka za Bosnu i Hercegovinu zatra\u017eila je danas poja\u0161njenje kojom neperspektivnom vojnom imovinom raspola\u017ee ve\u0107i bh. entitet, \u201cako se zna da je sva vojna imovina dio dr\u017eavne imovine koja pripada isklju\u010divo Bosni i Hercegovini, a ne entitetima\u201c. U saop\u0107enju za javnost SBiH navodi kako je \u201ciz medija saznala\u201d da je Vlada Federacije BiH [&hellip;]","og_url":"https:\/\/sandzakpress.net\/arhiva\/stranka-za-bih-se-pita-kojom-vojnom-imovinom-raspolaze-federacija-bih\/","og_site_name":"Sand\u017eak PRESS","article_published_time":"2015-09-17T16:23:58+00:00","og_image":[{"width":696,"height":627,"url":"https:\/\/sandzakpress.net\/arhiva\/wp-content\/uploads\/2015\/09\/oruzane-snage-BiH.jpg","type":"image\/jpeg"}],"author":"bosniak","twitter_card":"summary_large_image","twitter_misc":{"Written by":"bosniak","Est. reading time":"2 minute"},"schema":{"@context":"https:\/\/schema.org","@graph":[{"@type":"Article","@id":"https:\/\/sandzakpress.net\/arhiva\/stranka-za-bih-se-pita-kojom-vojnom-imovinom-raspolaze-federacija-bih\/#article","isPartOf":{"@id":"https:\/\/sandzakpress.net\/arhiva\/stranka-za-bih-se-pita-kojom-vojnom-imovinom-raspolaze-federacija-bih\/"},"author":{"name":"bosniak","@id":"https:\/\/sandzakpress.net\/arhiva\/#\/schema\/person\/c8baee722073534b583ea7bdb2e36c02"},"headline":"Stranka za BiH se pita: Kojom vojnom imovinom raspola\u017ee Federacija BiH?","datePublished":"2015-09-17T16:23:58+00:00","mainEntityOfPage":{"@id":"https:\/\/sandzakpress.net\/arhiva\/stranka-za-bih-se-pita-kojom-vojnom-imovinom-raspolaze-federacija-bih\/"},"wordCount":347,"commentCount":0,"publisher":{"@id":"https:\/\/sandzakpress.net\/arhiva\/#\/schema\/person\/6e72b67d6e51910a1117b3b483ba20bd"},"image":{"@id":"https:\/\/sandzakpress.net\/arhiva\/stranka-za-bih-se-pita-kojom-vojnom-imovinom-raspolaze-federacija-bih\/#primaryimage"},"thumbnailUrl":"https:\/\/sandzakpress.net\/arhiva\/wp-content\/uploads\/2015\/09\/oruzane-snage-BiH.jpg","keywords":["Bosna i Hercegovina"],"articleSection":["Bosna PRESS"],"inLanguage":"bs-BA","potentialAction":[{"@type":"CommentAction","name":"Comment","target":["https:\/\/sandzakpress.net\/arhiva\/stranka-za-bih-se-pita-kojom-vojnom-imovinom-raspolaze-federacija-bih\/#respond"]}]},{"@type":"WebPage","@id":"https:\/\/sandzakpress.net\/arhiva\/stranka-za-bih-se-pita-kojom-vojnom-imovinom-raspolaze-federacija-bih\/","url":"https:\/\/sandzakpress.net\/arhiva\/stranka-za-bih-se-pita-kojom-vojnom-imovinom-raspolaze-federacija-bih\/","name":"Stranka za BiH se pita: Kojom vojnom imovinom raspola\u017ee Federacija BiH?","isPartOf":{"@id":"https:\/\/sandzakpress.net\/arhiva\/#website"},"primaryImageOfPage":{"@id":"https:\/\/sandzakpress.net\/arhiva\/stranka-za-bih-se-pita-kojom-vojnom-imovinom-raspolaze-federacija-bih\/#primaryimage"},"image":{"@id":"https:\/\/sandzakpress.net\/arhiva\/stranka-za-bih-se-pita-kojom-vojnom-imovinom-raspolaze-federacija-bih\/#primaryimage"},"thumbnailUrl":"https:\/\/sandzakpress.net\/arhiva\/wp-content\/uploads\/2015\/09\/oruzane-snage-BiH.jpg","datePublished":"2015-09-17T16:23:58+00:00","breadcrumb":{"@id":"https:\/\/sandzakpress.net\/arhiva\/stranka-za-bih-se-pita-kojom-vojnom-imovinom-raspolaze-federacija-bih\/#breadcrumb"},"inLanguage":"bs-BA","potentialAction":[{"@type":"ReadAction","target":["https:\/\/sandzakpress.net\/arhiva\/stranka-za-bih-se-pita-kojom-vojnom-imovinom-raspolaze-federacija-bih\/"]}]},{"@type":"ImageObject","inLanguage":"bs-BA","@id":"https:\/\/sandzakpress.net\/arhiva\/stranka-za-bih-se-pita-kojom-vojnom-imovinom-raspolaze-federacija-bih\/#primaryimage","url":"https:\/\/sandzakpress.net\/arhiva\/wp-content\/uploads\/2015\/09\/oruzane-snage-BiH.jpg","contentUrl":"https:\/\/sandzakpress.net\/arhiva\/wp-content\/uploads\/2015\/09\/oruzane-snage-BiH.jpg","width":696,"height":627},{"@type":"BreadcrumbList","@id":"https:\/\/sandzakpress.net\/arhiva\/stranka-za-bih-se-pita-kojom-vojnom-imovinom-raspolaze-federacija-bih\/#breadcrumb","itemListElement":[{"@type":"ListItem","position":1,"name":"Home","item":"https:\/\/sandzakpress.net\/arhiva\/"},{"@type":"ListItem","position":2,"name":"Stranka za BiH se pita: Kojom vojnom imovinom raspola\u017ee Federacija BiH?"}]},{"@type":"WebSite","@id":"https:\/\/sandzakpress.net\/arhiva\/#website","url":"https:\/\/sandzakpress.net\/arhiva\/","name":"Sand\u017eak PRESS","description":"Prve elektronske novine u Sand\u017eaku","publisher":{"@id":"https:\/\/sandzakpress.net\/arhiva\/#\/schema\/person\/6e72b67d6e51910a1117b3b483ba20bd"},"potentialAction":[{"@type":"SearchAction","target":{"@type":"EntryPoint","urlTemplate":"https:\/\/sandzakpress.net\/arhiva\/?s={search_term_string}"},"query-input":{"@type":"PropertyValueSpecification","valueRequired":true,"valueName":"search_term_string"}}],"inLanguage":"bs-BA"},{"@type":["Person","Organization"],"@id":"https:\/\/sandzakpress.net\/arhiva\/#\/schema\/person\/6e72b67d6e51910a1117b3b483ba20bd","name":"Kul","image":{"@type":"ImageObject","inLanguage":"bs-BA","@id":"https:\/\/sandzakpress.net\/arhiva\/#\/schema\/person\/image\/","url":"https:\/\/secure.gravatar.com\/avatar\/42263f39aa27ac04c43cab85c280eb2e?s=96&d=mm&r=pg","contentUrl":"https:\/\/secure.gravatar.com\/avatar\/42263f39aa27ac04c43cab85c280eb2e?s=96&d=mm&r=pg","caption":"Kul"},"logo":{"@id":"https:\/\/sandzakpress.net\/arhiva\/#\/schema\/person\/image\/"}},{"@type":"Person","@id":"https:\/\/sandzakpress.net\/arhiva\/#\/schema\/person\/c8baee722073534b583ea7bdb2e36c02","name":"bosniak","image":{"@type":"ImageObject","inLanguage":"bs-BA","@id":"https:\/\/sandzakpress.net\/arhiva\/#\/schema\/person\/image\/","url":"https:\/\/secure.gravatar.com\/avatar\/a04fd330bfe3a36a72a0ad4a6d89fca7?s=96&d=mm&r=pg","contentUrl":"https:\/\/secure.gravatar.com\/avatar\/a04fd330bfe3a36a72a0ad4a6d89fca7?s=96&d=mm&r=pg","caption":"bosniak"},"url":"https:\/\/sandzakpress.net\/arhiva\/author\/bosniak\/"}]}},"_links":{"self":[{"href":"https:\/\/sandzakpress.net\/arhiva\/wp-json\/wp\/v2\/posts\/137507"}],"collection":[{"href":"https:\/\/sandzakpress.net\/arhiva\/wp-json\/wp\/v2\/posts"}],"about":[{"href":"https:\/\/sandzakpress.net\/arhiva\/wp-json\/wp\/v2\/types\/post"}],"author":[{"embeddable":true,"href":"https:\/\/sandzakpress.net\/arhiva\/wp-json\/wp\/v2\/users\/83"}],"replies":[{"embeddable":true,"href":"https:\/\/sandzakpress.net\/arhiva\/wp-json\/wp\/v2\/comments?post=137507"}],"version-history":[{"count":0,"href":"https:\/\/sandzakpress.net\/arhiva\/wp-json\/wp\/v2\/posts\/137507\/revisions"}],"wp:featuredmedia":[{"embeddable":true,"href":"https:\/\/sandzakpress.net\/arhiva\/wp-json\/wp\/v2\/media\/137508"}],"wp:attachment":[{"href":"https:\/\/sandzakpress.net\/arhiva\/wp-json\/wp\/v2\/media?parent=137507"}],"wp:term":[{"taxonomy":"category","embeddable":true,"href":"https:\/\/sandzakpress.net\/arhiva\/wp-json\/wp\/v2\/categories?post=137507"},{"taxonomy":"post_tag","embeddable":true,"href":"https:\/\/sandzakpress.net\/arhiva\/wp-json\/wp\/v2\/tags?post=137507"}],"curies":[{"name":"wp","href":"https:\/\/api.w.org\/{rel}","templated":true}]}}