{"id":137290,"date":"2015-09-16T16:11:36","date_gmt":"2015-09-16T14:11:36","guid":{"rendered":"https:\/\/sandzakpress.net\/arhiva\/visoko-kreativni-trio-had-radi-na-jedinstvenom-simbolu-sjecanja-na-genocid-u-srebrenici-foto"},"modified":"2015-09-16T16:11:36","modified_gmt":"2015-09-16T14:11:36","slug":"visoko-kreativni-trio-had-radi-na-jedinstvenom-simbolu-sjecanja-na-genocid-u-srebrenici-foto","status":"publish","type":"post","link":"https:\/\/sandzakpress.net\/arhiva\/visoko-kreativni-trio-had-radi-na-jedinstvenom-simbolu-sjecanja-na-genocid-u-srebrenici-foto\/","title":{"rendered":"Visoko: Kreativni trio HAD radi na jedinstvenom simbolu sje\u0107anja na genocid u Srebrenici (FOTO)"},"content":{"rendered":"<p><img decoding=\"async\" src=\"http:\/\/faktor.ba\/wp-content\/uploads\/2015\/09\/had_visoko_16915.jpg\" alt=\"\" \/><\/p>\n<p><strong>Visoko, Srebrenica \u2013 Muhamed Be\u0161lagi\u0107 \u2013 Hamo, Anel Lepi\u0107 i Damir Sara\u010d iz Visokog \u010dine umjetni\u010dki kolektiv HAD, koji radi na projektu \u201cSilence\u201d (Ti\u0161ina), odnosno oslikavanju zidova u du\u017einu 35 metara, koji bi trebao biti zavr\u0161en do kraja mjeseca.<\/strong><\/p>\n<p>Kada su vidjeli prazne zidove izgra\u0111ene u sklopu \u0161etnice i Trga \u017ertava Srebrenice u Visokom do\u0161li su na ideju da te zidove urede u svom stilu, koriste\u0107i tehniku Wallcut. Radi se o urezivanju povr\u0161ine zida, gdje odstranjeno i neodstranjeno na zidu stvara reljefnu predstavu njihovih djela.<\/p>\n<p>\u2013 Ovim projektom \u017eelimo dati poklon gradu i dr\u017eavi, te skrenuti pa\u017enju na stradanja u Srebrenici i odati po\u010dast \u017ertvama \u2013 ka\u017ee Anel Lepi\u0107, akademski slikar za portal Faktor.ba.<\/p>\n<p>Tema koja \u0107e dominirati na zidovima bit \u0107e stradanja u Srebrenici u julu 1995. godine. U kona\u010dnici bit \u0107e urezano 10 radova na zidovima i bit \u0107e jedinstveni simbol sje\u0107anja na \u017ertve. Ovaj projekat je, ka\u017eu, poklon svim gra\u0111anima Visokog. Na njemu rade samoinicijativno i finansiraju ga iz svojih sredstava.<\/p>\n<p>Ali, u me\u0111uvremenu su im se javili i sponzori koji su ponudili pomo\u0107 u vidu alata i boja. Radove na zidovima sa velikom znati\u017eeljom prate i brojni prolaznici. Umjetnici ka\u017eu da ima i negativnih kritika jer rade slike sa tu\u017enim prizorima, a pojedini gra\u0111ani smatraju da \u0107e takvi prizori odbiti \u0161eta\u010de.<\/p>\n<p>\u2013 Mi smo ubije\u0111eni da je najbolji na\u010din skretanja pa\u017enje i edukacije budu\u0107ih nara\u0161taja upravo ovakav vid umjetnosti. Da za 20 godina djeca vide radove i da znaju \u0161ta se desilo u na\u0161oj zemlji \u2013 ka\u017ee Lepi\u0107.<\/p>\n<p>Poznati bh. dizajner Adnan Hajrulahovi\u0107 Haad je zbog sli\u010dnosti u imenima pokazao interesovanje za ovaj umjetni\u010dki trio, te im je ponudio saradnju.<\/p>\n<p>\u2013 Po\u010deli smo sa izradom odjevnih predmeta sa slikama na\u0161ih radova, koji \u0107e se uskoro na\u0107i u prodaji. Haad \u0107e za nas kreirati radna odijela. U planu su i drugi projekti u saradnji sa bh. dizajnerom \u2013 ka\u017ee Lepi\u0107 za Faktor.ba.<\/p>\n<p>(E. Ha.\/Faktor.ba)<\/p>\n<p>Pogledajte vijest na izvornom sajtu:<\/p>\n<p><a href=\"http:\/\/bosnapress.net\/visoko-kreativni-trio-had-radi-na-jedinstvenom-simbolu-sjecanja-na-genocid-u-srebrenici-foto\/\" target=\"_blank\">Visoko: Kreativni trio HAD radi na jedinstvenom simbolu sje\u0107anja na genocid u Srebrenici (FOTO)<\/a><\/p>\n","protected":false},"excerpt":{"rendered":"<p>Visoko, Srebrenica \u2013 Muhamed Be\u0161lagi\u0107 \u2013 Hamo, Anel Lepi\u0107 i Damir Sara\u010d iz Visokog \u010dine umjetni\u010dki kolektiv HAD, koji radi na projektu \u201cSilence\u201d (Ti\u0161ina), odnosno oslikavanju zidova u du\u017einu 35 metara, koji bi trebao biti zavr\u0161en do kraja mjeseca. Kada su vidjeli prazne zidove izgra\u0111ene u sklopu \u0161etnice i Trga \u017ertava Srebrenice u Visokom do\u0161li [&hellip;]<\/p>\n","protected":false},"author":83,"featured_media":137292,"comment_status":"open","ping_status":"open","sticky":false,"template":"","format":"standard","meta":{"footnotes":""},"categories":[10513],"tags":[10466],"class_list":{"0":"post-137290","1":"post","2":"type-post","3":"status-publish","4":"format-standard","5":"has-post-thumbnail","7":"category-bosna-press","8":"tag-bosna-i-hercegovina"},"yoast_head":"<!-- This site is optimized with the Yoast SEO Premium plugin v23.1 (Yoast SEO v24.9) - https:\/\/yoast.com\/wordpress\/plugins\/seo\/ -->\n<title>Visoko: Kreativni trio HAD radi na jedinstvenom simbolu sje\u0107anja na genocid u Srebrenici (FOTO)<\/title>\n<meta name=\"robots\" content=\"index, follow, max-snippet:-1, max-image-preview:large, max-video-preview:-1\" \/>\n<link rel=\"canonical\" href=\"https:\/\/sandzakpress.net\/arhiva\/visoko-kreativni-trio-had-radi-na-jedinstvenom-simbolu-sjecanja-na-genocid-u-srebrenici-foto\/\" \/>\n<meta property=\"og:locale\" content=\"bs_BA\" \/>\n<meta property=\"og:type\" content=\"article\" \/>\n<meta property=\"og:title\" content=\"Visoko: Kreativni trio HAD radi na jedinstvenom simbolu sje\u0107anja na genocid u Srebrenici (FOTO)\" \/>\n<meta property=\"og:description\" content=\"Visoko, Srebrenica \u2013 Muhamed Be\u0161lagi\u0107 \u2013 Hamo, Anel Lepi\u0107 i Damir Sara\u010d iz Visokog \u010dine umjetni\u010dki kolektiv HAD, koji radi na projektu \u201cSilence\u201d (Ti\u0161ina), odnosno oslikavanju zidova u du\u017einu 35 metara, koji bi trebao biti zavr\u0161en do kraja mjeseca. Kada su vidjeli prazne zidove izgra\u0111ene u sklopu \u0161etnice i Trga \u017ertava Srebrenice u Visokom do\u0161li [&hellip;]\" \/>\n<meta property=\"og:url\" content=\"https:\/\/sandzakpress.net\/arhiva\/visoko-kreativni-trio-had-radi-na-jedinstvenom-simbolu-sjecanja-na-genocid-u-srebrenici-foto\/\" \/>\n<meta property=\"og:site_name\" content=\"Sand\u017eak PRESS\" \/>\n<meta property=\"article:published_time\" content=\"2015-09-16T14:11:36+00:00\" \/>\n<meta property=\"og:image\" content=\"https:\/\/sandzakpress.net\/arhiva\/wp-content\/uploads\/2015\/09\/had_visoko_169151.jpg\" \/>\n\t<meta property=\"og:image:width\" content=\"1047\" \/>\n\t<meta property=\"og:image:height\" content=\"785\" \/>\n\t<meta property=\"og:image:type\" content=\"image\/jpeg\" \/>\n<meta name=\"author\" content=\"bosniak\" \/>\n<meta name=\"twitter:card\" content=\"summary_large_image\" \/>\n<meta name=\"twitter:label1\" content=\"Written by\" \/>\n\t<meta name=\"twitter:data1\" content=\"bosniak\" \/>\n\t<meta name=\"twitter:label2\" content=\"Est. reading time\" \/>\n\t<meta name=\"twitter:data2\" content=\"2 minute\" \/>\n<script type=\"application\/ld+json\" class=\"yoast-schema-graph\">{\"@context\":\"https:\/\/schema.org\",\"@graph\":[{\"@type\":\"Article\",\"@id\":\"https:\/\/sandzakpress.net\/arhiva\/visoko-kreativni-trio-had-radi-na-jedinstvenom-simbolu-sjecanja-na-genocid-u-srebrenici-foto\/#article\",\"isPartOf\":{\"@id\":\"https:\/\/sandzakpress.net\/arhiva\/visoko-kreativni-trio-had-radi-na-jedinstvenom-simbolu-sjecanja-na-genocid-u-srebrenici-foto\/\"},\"author\":{\"name\":\"bosniak\",\"@id\":\"https:\/\/sandzakpress.net\/arhiva\/#\/schema\/person\/c8baee722073534b583ea7bdb2e36c02\"},\"headline\":\"Visoko: Kreativni trio HAD radi na jedinstvenom simbolu sje\u0107anja na genocid u Srebrenici (FOTO)\",\"datePublished\":\"2015-09-16T14:11:36+00:00\",\"mainEntityOfPage\":{\"@id\":\"https:\/\/sandzakpress.net\/arhiva\/visoko-kreativni-trio-had-radi-na-jedinstvenom-simbolu-sjecanja-na-genocid-u-srebrenici-foto\/\"},\"wordCount\":380,\"commentCount\":0,\"publisher\":{\"@id\":\"https:\/\/sandzakpress.net\/arhiva\/#\/schema\/person\/6e72b67d6e51910a1117b3b483ba20bd\"},\"image\":{\"@id\":\"https:\/\/sandzakpress.net\/arhiva\/visoko-kreativni-trio-had-radi-na-jedinstvenom-simbolu-sjecanja-na-genocid-u-srebrenici-foto\/#primaryimage\"},\"thumbnailUrl\":\"https:\/\/sandzakpress.net\/arhiva\/wp-content\/uploads\/2015\/09\/had_visoko_169151.jpg\",\"keywords\":[\"Bosna i Hercegovina\"],\"articleSection\":[\"Bosna PRESS\"],\"inLanguage\":\"bs-BA\",\"potentialAction\":[{\"@type\":\"CommentAction\",\"name\":\"Comment\",\"target\":[\"https:\/\/sandzakpress.net\/arhiva\/visoko-kreativni-trio-had-radi-na-jedinstvenom-simbolu-sjecanja-na-genocid-u-srebrenici-foto\/#respond\"]}]},{\"@type\":\"WebPage\",\"@id\":\"https:\/\/sandzakpress.net\/arhiva\/visoko-kreativni-trio-had-radi-na-jedinstvenom-simbolu-sjecanja-na-genocid-u-srebrenici-foto\/\",\"url\":\"https:\/\/sandzakpress.net\/arhiva\/visoko-kreativni-trio-had-radi-na-jedinstvenom-simbolu-sjecanja-na-genocid-u-srebrenici-foto\/\",\"name\":\"Visoko: Kreativni trio HAD radi na jedinstvenom simbolu sje\u0107anja na genocid u Srebrenici (FOTO)\",\"isPartOf\":{\"@id\":\"https:\/\/sandzakpress.net\/arhiva\/#website\"},\"primaryImageOfPage\":{\"@id\":\"https:\/\/sandzakpress.net\/arhiva\/visoko-kreativni-trio-had-radi-na-jedinstvenom-simbolu-sjecanja-na-genocid-u-srebrenici-foto\/#primaryimage\"},\"image\":{\"@id\":\"https:\/\/sandzakpress.net\/arhiva\/visoko-kreativni-trio-had-radi-na-jedinstvenom-simbolu-sjecanja-na-genocid-u-srebrenici-foto\/#primaryimage\"},\"thumbnailUrl\":\"https:\/\/sandzakpress.net\/arhiva\/wp-content\/uploads\/2015\/09\/had_visoko_169151.jpg\",\"datePublished\":\"2015-09-16T14:11:36+00:00\",\"breadcrumb\":{\"@id\":\"https:\/\/sandzakpress.net\/arhiva\/visoko-kreativni-trio-had-radi-na-jedinstvenom-simbolu-sjecanja-na-genocid-u-srebrenici-foto\/#breadcrumb\"},\"inLanguage\":\"bs-BA\",\"potentialAction\":[{\"@type\":\"ReadAction\",\"target\":[\"https:\/\/sandzakpress.net\/arhiva\/visoko-kreativni-trio-had-radi-na-jedinstvenom-simbolu-sjecanja-na-genocid-u-srebrenici-foto\/\"]}]},{\"@type\":\"ImageObject\",\"inLanguage\":\"bs-BA\",\"@id\":\"https:\/\/sandzakpress.net\/arhiva\/visoko-kreativni-trio-had-radi-na-jedinstvenom-simbolu-sjecanja-na-genocid-u-srebrenici-foto\/#primaryimage\",\"url\":\"https:\/\/sandzakpress.net\/arhiva\/wp-content\/uploads\/2015\/09\/had_visoko_169151.jpg\",\"contentUrl\":\"https:\/\/sandzakpress.net\/arhiva\/wp-content\/uploads\/2015\/09\/had_visoko_169151.jpg\",\"width\":1047,\"height\":785},{\"@type\":\"BreadcrumbList\",\"@id\":\"https:\/\/sandzakpress.net\/arhiva\/visoko-kreativni-trio-had-radi-na-jedinstvenom-simbolu-sjecanja-na-genocid-u-srebrenici-foto\/#breadcrumb\",\"itemListElement\":[{\"@type\":\"ListItem\",\"position\":1,\"name\":\"Home\",\"item\":\"https:\/\/sandzakpress.net\/arhiva\/\"},{\"@type\":\"ListItem\",\"position\":2,\"name\":\"Visoko: Kreativni trio HAD radi na jedinstvenom simbolu sje\u0107anja na genocid u Srebrenici (FOTO)\"}]},{\"@type\":\"WebSite\",\"@id\":\"https:\/\/sandzakpress.net\/arhiva\/#website\",\"url\":\"https:\/\/sandzakpress.net\/arhiva\/\",\"name\":\"Sand\u017eak PRESS\",\"description\":\"Prve elektronske novine u Sand\u017eaku\",\"publisher\":{\"@id\":\"https:\/\/sandzakpress.net\/arhiva\/#\/schema\/person\/6e72b67d6e51910a1117b3b483ba20bd\"},\"potentialAction\":[{\"@type\":\"SearchAction\",\"target\":{\"@type\":\"EntryPoint\",\"urlTemplate\":\"https:\/\/sandzakpress.net\/arhiva\/?s={search_term_string}\"},\"query-input\":{\"@type\":\"PropertyValueSpecification\",\"valueRequired\":true,\"valueName\":\"search_term_string\"}}],\"inLanguage\":\"bs-BA\"},{\"@type\":[\"Person\",\"Organization\"],\"@id\":\"https:\/\/sandzakpress.net\/arhiva\/#\/schema\/person\/6e72b67d6e51910a1117b3b483ba20bd\",\"name\":\"Kul\",\"image\":{\"@type\":\"ImageObject\",\"inLanguage\":\"bs-BA\",\"@id\":\"https:\/\/sandzakpress.net\/arhiva\/#\/schema\/person\/image\/\",\"url\":\"https:\/\/secure.gravatar.com\/avatar\/42263f39aa27ac04c43cab85c280eb2e?s=96&d=mm&r=pg\",\"contentUrl\":\"https:\/\/secure.gravatar.com\/avatar\/42263f39aa27ac04c43cab85c280eb2e?s=96&d=mm&r=pg\",\"caption\":\"Kul\"},\"logo\":{\"@id\":\"https:\/\/sandzakpress.net\/arhiva\/#\/schema\/person\/image\/\"}},{\"@type\":\"Person\",\"@id\":\"https:\/\/sandzakpress.net\/arhiva\/#\/schema\/person\/c8baee722073534b583ea7bdb2e36c02\",\"name\":\"bosniak\",\"image\":{\"@type\":\"ImageObject\",\"inLanguage\":\"bs-BA\",\"@id\":\"https:\/\/sandzakpress.net\/arhiva\/#\/schema\/person\/image\/\",\"url\":\"https:\/\/secure.gravatar.com\/avatar\/a04fd330bfe3a36a72a0ad4a6d89fca7?s=96&d=mm&r=pg\",\"contentUrl\":\"https:\/\/secure.gravatar.com\/avatar\/a04fd330bfe3a36a72a0ad4a6d89fca7?s=96&d=mm&r=pg\",\"caption\":\"bosniak\"},\"url\":\"https:\/\/sandzakpress.net\/arhiva\/author\/bosniak\/\"}]}<\/script>\n<!-- \/ Yoast SEO Premium plugin. -->","yoast_head_json":{"title":"Visoko: Kreativni trio HAD radi na jedinstvenom simbolu sje\u0107anja na genocid u Srebrenici (FOTO)","robots":{"index":"index","follow":"follow","max-snippet":"max-snippet:-1","max-image-preview":"max-image-preview:large","max-video-preview":"max-video-preview:-1"},"canonical":"https:\/\/sandzakpress.net\/arhiva\/visoko-kreativni-trio-had-radi-na-jedinstvenom-simbolu-sjecanja-na-genocid-u-srebrenici-foto\/","og_locale":"bs_BA","og_type":"article","og_title":"Visoko: Kreativni trio HAD radi na jedinstvenom simbolu sje\u0107anja na genocid u Srebrenici (FOTO)","og_description":"Visoko, Srebrenica \u2013 Muhamed Be\u0161lagi\u0107 \u2013 Hamo, Anel Lepi\u0107 i Damir Sara\u010d iz Visokog \u010dine umjetni\u010dki kolektiv HAD, koji radi na projektu \u201cSilence\u201d (Ti\u0161ina), odnosno oslikavanju zidova u du\u017einu 35 metara, koji bi trebao biti zavr\u0161en do kraja mjeseca. Kada su vidjeli prazne zidove izgra\u0111ene u sklopu \u0161etnice i Trga \u017ertava Srebrenice u Visokom do\u0161li [&hellip;]","og_url":"https:\/\/sandzakpress.net\/arhiva\/visoko-kreativni-trio-had-radi-na-jedinstvenom-simbolu-sjecanja-na-genocid-u-srebrenici-foto\/","og_site_name":"Sand\u017eak PRESS","article_published_time":"2015-09-16T14:11:36+00:00","og_image":[{"width":1047,"height":785,"url":"https:\/\/sandzakpress.net\/arhiva\/wp-content\/uploads\/2015\/09\/had_visoko_169151.jpg","type":"image\/jpeg"}],"author":"bosniak","twitter_card":"summary_large_image","twitter_misc":{"Written by":"bosniak","Est. reading time":"2 minute"},"schema":{"@context":"https:\/\/schema.org","@graph":[{"@type":"Article","@id":"https:\/\/sandzakpress.net\/arhiva\/visoko-kreativni-trio-had-radi-na-jedinstvenom-simbolu-sjecanja-na-genocid-u-srebrenici-foto\/#article","isPartOf":{"@id":"https:\/\/sandzakpress.net\/arhiva\/visoko-kreativni-trio-had-radi-na-jedinstvenom-simbolu-sjecanja-na-genocid-u-srebrenici-foto\/"},"author":{"name":"bosniak","@id":"https:\/\/sandzakpress.net\/arhiva\/#\/schema\/person\/c8baee722073534b583ea7bdb2e36c02"},"headline":"Visoko: Kreativni trio HAD radi na jedinstvenom simbolu sje\u0107anja na genocid u Srebrenici (FOTO)","datePublished":"2015-09-16T14:11:36+00:00","mainEntityOfPage":{"@id":"https:\/\/sandzakpress.net\/arhiva\/visoko-kreativni-trio-had-radi-na-jedinstvenom-simbolu-sjecanja-na-genocid-u-srebrenici-foto\/"},"wordCount":380,"commentCount":0,"publisher":{"@id":"https:\/\/sandzakpress.net\/arhiva\/#\/schema\/person\/6e72b67d6e51910a1117b3b483ba20bd"},"image":{"@id":"https:\/\/sandzakpress.net\/arhiva\/visoko-kreativni-trio-had-radi-na-jedinstvenom-simbolu-sjecanja-na-genocid-u-srebrenici-foto\/#primaryimage"},"thumbnailUrl":"https:\/\/sandzakpress.net\/arhiva\/wp-content\/uploads\/2015\/09\/had_visoko_169151.jpg","keywords":["Bosna i Hercegovina"],"articleSection":["Bosna PRESS"],"inLanguage":"bs-BA","potentialAction":[{"@type":"CommentAction","name":"Comment","target":["https:\/\/sandzakpress.net\/arhiva\/visoko-kreativni-trio-had-radi-na-jedinstvenom-simbolu-sjecanja-na-genocid-u-srebrenici-foto\/#respond"]}]},{"@type":"WebPage","@id":"https:\/\/sandzakpress.net\/arhiva\/visoko-kreativni-trio-had-radi-na-jedinstvenom-simbolu-sjecanja-na-genocid-u-srebrenici-foto\/","url":"https:\/\/sandzakpress.net\/arhiva\/visoko-kreativni-trio-had-radi-na-jedinstvenom-simbolu-sjecanja-na-genocid-u-srebrenici-foto\/","name":"Visoko: Kreativni trio HAD radi na jedinstvenom simbolu sje\u0107anja na genocid u Srebrenici (FOTO)","isPartOf":{"@id":"https:\/\/sandzakpress.net\/arhiva\/#website"},"primaryImageOfPage":{"@id":"https:\/\/sandzakpress.net\/arhiva\/visoko-kreativni-trio-had-radi-na-jedinstvenom-simbolu-sjecanja-na-genocid-u-srebrenici-foto\/#primaryimage"},"image":{"@id":"https:\/\/sandzakpress.net\/arhiva\/visoko-kreativni-trio-had-radi-na-jedinstvenom-simbolu-sjecanja-na-genocid-u-srebrenici-foto\/#primaryimage"},"thumbnailUrl":"https:\/\/sandzakpress.net\/arhiva\/wp-content\/uploads\/2015\/09\/had_visoko_169151.jpg","datePublished":"2015-09-16T14:11:36+00:00","breadcrumb":{"@id":"https:\/\/sandzakpress.net\/arhiva\/visoko-kreativni-trio-had-radi-na-jedinstvenom-simbolu-sjecanja-na-genocid-u-srebrenici-foto\/#breadcrumb"},"inLanguage":"bs-BA","potentialAction":[{"@type":"ReadAction","target":["https:\/\/sandzakpress.net\/arhiva\/visoko-kreativni-trio-had-radi-na-jedinstvenom-simbolu-sjecanja-na-genocid-u-srebrenici-foto\/"]}]},{"@type":"ImageObject","inLanguage":"bs-BA","@id":"https:\/\/sandzakpress.net\/arhiva\/visoko-kreativni-trio-had-radi-na-jedinstvenom-simbolu-sjecanja-na-genocid-u-srebrenici-foto\/#primaryimage","url":"https:\/\/sandzakpress.net\/arhiva\/wp-content\/uploads\/2015\/09\/had_visoko_169151.jpg","contentUrl":"https:\/\/sandzakpress.net\/arhiva\/wp-content\/uploads\/2015\/09\/had_visoko_169151.jpg","width":1047,"height":785},{"@type":"BreadcrumbList","@id":"https:\/\/sandzakpress.net\/arhiva\/visoko-kreativni-trio-had-radi-na-jedinstvenom-simbolu-sjecanja-na-genocid-u-srebrenici-foto\/#breadcrumb","itemListElement":[{"@type":"ListItem","position":1,"name":"Home","item":"https:\/\/sandzakpress.net\/arhiva\/"},{"@type":"ListItem","position":2,"name":"Visoko: Kreativni trio HAD radi na jedinstvenom simbolu sje\u0107anja na genocid u Srebrenici (FOTO)"}]},{"@type":"WebSite","@id":"https:\/\/sandzakpress.net\/arhiva\/#website","url":"https:\/\/sandzakpress.net\/arhiva\/","name":"Sand\u017eak PRESS","description":"Prve elektronske novine u Sand\u017eaku","publisher":{"@id":"https:\/\/sandzakpress.net\/arhiva\/#\/schema\/person\/6e72b67d6e51910a1117b3b483ba20bd"},"potentialAction":[{"@type":"SearchAction","target":{"@type":"EntryPoint","urlTemplate":"https:\/\/sandzakpress.net\/arhiva\/?s={search_term_string}"},"query-input":{"@type":"PropertyValueSpecification","valueRequired":true,"valueName":"search_term_string"}}],"inLanguage":"bs-BA"},{"@type":["Person","Organization"],"@id":"https:\/\/sandzakpress.net\/arhiva\/#\/schema\/person\/6e72b67d6e51910a1117b3b483ba20bd","name":"Kul","image":{"@type":"ImageObject","inLanguage":"bs-BA","@id":"https:\/\/sandzakpress.net\/arhiva\/#\/schema\/person\/image\/","url":"https:\/\/secure.gravatar.com\/avatar\/42263f39aa27ac04c43cab85c280eb2e?s=96&d=mm&r=pg","contentUrl":"https:\/\/secure.gravatar.com\/avatar\/42263f39aa27ac04c43cab85c280eb2e?s=96&d=mm&r=pg","caption":"Kul"},"logo":{"@id":"https:\/\/sandzakpress.net\/arhiva\/#\/schema\/person\/image\/"}},{"@type":"Person","@id":"https:\/\/sandzakpress.net\/arhiva\/#\/schema\/person\/c8baee722073534b583ea7bdb2e36c02","name":"bosniak","image":{"@type":"ImageObject","inLanguage":"bs-BA","@id":"https:\/\/sandzakpress.net\/arhiva\/#\/schema\/person\/image\/","url":"https:\/\/secure.gravatar.com\/avatar\/a04fd330bfe3a36a72a0ad4a6d89fca7?s=96&d=mm&r=pg","contentUrl":"https:\/\/secure.gravatar.com\/avatar\/a04fd330bfe3a36a72a0ad4a6d89fca7?s=96&d=mm&r=pg","caption":"bosniak"},"url":"https:\/\/sandzakpress.net\/arhiva\/author\/bosniak\/"}]}},"_links":{"self":[{"href":"https:\/\/sandzakpress.net\/arhiva\/wp-json\/wp\/v2\/posts\/137290"}],"collection":[{"href":"https:\/\/sandzakpress.net\/arhiva\/wp-json\/wp\/v2\/posts"}],"about":[{"href":"https:\/\/sandzakpress.net\/arhiva\/wp-json\/wp\/v2\/types\/post"}],"author":[{"embeddable":true,"href":"https:\/\/sandzakpress.net\/arhiva\/wp-json\/wp\/v2\/users\/83"}],"replies":[{"embeddable":true,"href":"https:\/\/sandzakpress.net\/arhiva\/wp-json\/wp\/v2\/comments?post=137290"}],"version-history":[{"count":0,"href":"https:\/\/sandzakpress.net\/arhiva\/wp-json\/wp\/v2\/posts\/137290\/revisions"}],"wp:featuredmedia":[{"embeddable":true,"href":"https:\/\/sandzakpress.net\/arhiva\/wp-json\/wp\/v2\/media\/137292"}],"wp:attachment":[{"href":"https:\/\/sandzakpress.net\/arhiva\/wp-json\/wp\/v2\/media?parent=137290"}],"wp:term":[{"taxonomy":"category","embeddable":true,"href":"https:\/\/sandzakpress.net\/arhiva\/wp-json\/wp\/v2\/categories?post=137290"},{"taxonomy":"post_tag","embeddable":true,"href":"https:\/\/sandzakpress.net\/arhiva\/wp-json\/wp\/v2\/tags?post=137290"}],"curies":[{"name":"wp","href":"https:\/\/api.w.org\/{rel}","templated":true}]}}