{"id":13725,"date":"2011-03-11T18:24:36","date_gmt":"2011-03-11T17:24:36","guid":{"rendered":"https:\/\/sandzakpress.net\/arhiva\/?p=13725"},"modified":"2011-03-11T18:24:36","modified_gmt":"2011-03-11T17:24:36","slug":"tajkun-cerim-semsovic-samald-uputio-prijetnje-seadu-sacirovicu","status":"publish","type":"post","link":"https:\/\/sandzakpress.net\/arhiva\/tajkun-cerim-semsovic-samald-uputio-prijetnje-seadu-sacirovicu\/","title":{"rendered":"Tajkun \u0106erim \u0160emsovi\u0107 &#8211; &#8220;Samald&#8221; uputio prijetnje Seadu \u0160a\u0107irovi\u0107u"},"content":{"rendered":"<p><strong><a href=\"https:\/\/sandzakpress.net\/arhiva\/wp-content\/uploads\/2011\/03\/83141_sead-sacirovic01-fonet-fonetenes-halilovi_hs.jpg\"><img loading=\"lazy\" decoding=\"async\" class=\"alignleft size-full wp-image-13726\" title=\"83141_sead-sacirovic01-fonet-fonetenes-halilovi_hs\" src=\"https:\/\/sandzakpress.net\/arhiva\/wp-content\/uploads\/2011\/03\/83141_sead-sacirovic01-fonet-fonetenes-halilovi_hs.jpg\" alt=\"\" width=\"245\" height=\"200\" srcset=\"https:\/\/sandzakpress.net\/arhiva\/wp-content\/uploads\/2011\/03\/83141_sead-sacirovic01-fonet-fonetenes-halilovi_hs.jpg 245w, https:\/\/sandzakpress.net\/arhiva\/wp-content\/uploads\/2011\/03\/83141_sead-sacirovic01-fonet-fonetenes-halilovi_hs-220x180.jpg 220w\" sizes=\"(max-width: 245px) 100vw, 245px\" \/><\/a>Novi Pazar &#8211; Povod za ovakvo reagiranje \u0106erima \u0160emsovi\u0107a jeste tekst iz revije Sand\u017eak od 1. 3. 2011. godine:\u00a0\u0160ari\u0107evim novcem kupljena LIPA. <\/strong><\/p>\n<p>Tekst se bazira na pisanju lista BLIC od 19. 1. 2011. godine gdje se navodi niz preduze\u0107a koja su kupljena novcem narkobosa Darka \u0160ari\u0107a, me\u0111u kojima je i novopazarsko preduze\u0107e AD \u201eLIPA\u201c, kao i na pisanju sarajevskog magazina SLOBODNA BOSNA, u kom stoji da je \u0106erim \u0160emsovi\u0107 \u201eMi\u0161kovi\u0107ev Sand\u017eaklija od povjerenja\u201c. Dakle, svi navodi su preuzeti iz drugih medija i provjerljivi, \u0161to je i nazna\u010deno u samome tekstu. Iz zvani\u010dnih podataka Agencije za privatizaciju vidi se da je kupac AD \u201eLipa\u201c iz Novog Pazara fizi\u010dko lice Hasnija \u0160emsovi\u0107, supruga \u0106erima \u0160emsovi\u0107a.<\/p>\n<p>Zbog ovakvog na\u010dina opho\u0111enja prema svom saradniku, uredni\u0161tvo revije Sand\u017eak najo\u0161trije protestira i zahtjeva od nadle\u017enih organa da preduzmu sve korake kako se sli\u010dne stvari vi\u0161e ne bi de\u0161avale. Tako\u0111er, revija Sand\u017eak poziva i sva udru\u017eenja novinara da stanu u odbranu \u0160a\u0107irovi\u0107a, jer se ovakvim ispadima ugro\u017eava sloboda javnog informiranja, poku\u0161avaju zapla\u0161iti novinari koji raskrinkavaju kriminalne radnje i \u017eeli staviti do znanja svakom ko te\u017ei utvrditi istinu o odre\u0111enim privatizacionim postupcima da \u0107e lo\u0161e pro\u0107i. Smatramo da je pro\u0161lo vrijeme kada su novinari izlagani pritiscima, ucjenjivani i ubijani, te da je sloboda medija najvrjednija tekovina savremenog dru\u0161tva.<\/p>\n<p>Izvor: <strong>BKZ.rs<\/strong><\/p>\n","protected":false},"excerpt":{"rendered":"<p>Novi Pazar &#8211; Povod za ovakvo reagiranje \u0106erima \u0160emsovi\u0107a jeste tekst iz revije Sand\u017eak od 1. 3. 2011. godine:\u00a0\u0160ari\u0107evim novcem kupljena LIPA. Tekst se bazira na pisanju lista BLIC od 19. 1. 2011. godine gdje se navodi niz preduze\u0107a koja su kupljena novcem narkobosa Darka \u0160ari\u0107a, me\u0111u kojima je i novopazarsko preduze\u0107e AD \u201eLIPA\u201c, kao [&hellip;]<\/p>\n","protected":false},"author":83,"featured_media":13726,"comment_status":"open","ping_status":"open","sticky":false,"template":"","format":"standard","meta":{"footnotes":""},"categories":[72,800],"tags":[],"class_list":{"0":"post-13725","1":"post","2":"type-post","3":"status-publish","4":"format-standard","5":"has-post-thumbnail","7":"category-novi-pazar","8":"category-nacija"},"yoast_head":"<!-- This site is optimized with the Yoast SEO Premium plugin v23.1 (Yoast SEO v24.9) - https:\/\/yoast.com\/wordpress\/plugins\/seo\/ -->\n<title>Tajkun \u0106erim \u0160emsovi\u0107 - &quot;Samald&quot; uputio prijetnje Seadu \u0160a\u0107irovi\u0107u<\/title>\n<meta name=\"robots\" content=\"index, follow, max-snippet:-1, max-image-preview:large, max-video-preview:-1\" \/>\n<link rel=\"canonical\" href=\"https:\/\/sandzakpress.net\/arhiva\/tajkun-cerim-semsovic-samald-uputio-prijetnje-seadu-sacirovicu\/\" \/>\n<meta property=\"og:locale\" content=\"bs_BA\" \/>\n<meta property=\"og:type\" content=\"article\" \/>\n<meta property=\"og:title\" content=\"Tajkun \u0106erim \u0160emsovi\u0107 - &quot;Samald&quot; uputio prijetnje Seadu \u0160a\u0107irovi\u0107u\" \/>\n<meta property=\"og:description\" content=\"Novi Pazar &#8211; Povod za ovakvo reagiranje \u0106erima \u0160emsovi\u0107a jeste tekst iz revije Sand\u017eak od 1. 3. 2011. godine:\u00a0\u0160ari\u0107evim novcem kupljena LIPA. Tekst se bazira na pisanju lista BLIC od 19. 1. 2011. godine gdje se navodi niz preduze\u0107a koja su kupljena novcem narkobosa Darka \u0160ari\u0107a, me\u0111u kojima je i novopazarsko preduze\u0107e AD \u201eLIPA\u201c, kao [&hellip;]\" \/>\n<meta property=\"og:url\" content=\"https:\/\/sandzakpress.net\/arhiva\/tajkun-cerim-semsovic-samald-uputio-prijetnje-seadu-sacirovicu\/\" \/>\n<meta property=\"og:site_name\" content=\"Sand\u017eak PRESS\" \/>\n<meta property=\"article:published_time\" content=\"2011-03-11T17:24:36+00:00\" \/>\n<meta property=\"og:image\" content=\"https:\/\/sandzakpress.net\/arhiva\/wp-content\/uploads\/2011\/03\/83141_sead-sacirovic01-fonet-fonetenes-halilovi_hs.jpg\" \/>\n\t<meta property=\"og:image:width\" content=\"245\" \/>\n\t<meta property=\"og:image:height\" content=\"200\" \/>\n\t<meta property=\"og:image:type\" content=\"image\/jpeg\" \/>\n<meta name=\"author\" content=\"bosniak\" \/>\n<meta name=\"twitter:card\" content=\"summary_large_image\" \/>\n<meta name=\"twitter:label1\" content=\"Written by\" \/>\n\t<meta name=\"twitter:data1\" content=\"bosniak\" \/>\n\t<meta name=\"twitter:label2\" content=\"Est. reading time\" \/>\n\t<meta name=\"twitter:data2\" content=\"1 minuta\" \/>\n<script type=\"application\/ld+json\" class=\"yoast-schema-graph\">{\"@context\":\"https:\/\/schema.org\",\"@graph\":[{\"@type\":\"Article\",\"@id\":\"https:\/\/sandzakpress.net\/arhiva\/tajkun-cerim-semsovic-samald-uputio-prijetnje-seadu-sacirovicu\/#article\",\"isPartOf\":{\"@id\":\"https:\/\/sandzakpress.net\/arhiva\/tajkun-cerim-semsovic-samald-uputio-prijetnje-seadu-sacirovicu\/\"},\"author\":{\"name\":\"bosniak\",\"@id\":\"https:\/\/sandzakpress.net\/arhiva\/#\/schema\/person\/c8baee722073534b583ea7bdb2e36c02\"},\"headline\":\"Tajkun \u0106erim \u0160emsovi\u0107 &#8211; &#8220;Samald&#8221; uputio prijetnje Seadu \u0160a\u0107irovi\u0107u\",\"datePublished\":\"2011-03-11T17:24:36+00:00\",\"mainEntityOfPage\":{\"@id\":\"https:\/\/sandzakpress.net\/arhiva\/tajkun-cerim-semsovic-samald-uputio-prijetnje-seadu-sacirovicu\/\"},\"wordCount\":256,\"commentCount\":10,\"publisher\":{\"@id\":\"https:\/\/sandzakpress.net\/arhiva\/#\/schema\/person\/6e72b67d6e51910a1117b3b483ba20bd\"},\"image\":{\"@id\":\"https:\/\/sandzakpress.net\/arhiva\/tajkun-cerim-semsovic-samald-uputio-prijetnje-seadu-sacirovicu\/#primaryimage\"},\"thumbnailUrl\":\"https:\/\/sandzakpress.net\/arhiva\/wp-content\/uploads\/2011\/03\/83141_sead-sacirovic01-fonet-fonetenes-halilovi_hs.jpg\",\"articleSection\":[\"Novi Pazar\",\"Nacija\"],\"inLanguage\":\"bs-BA\",\"potentialAction\":[{\"@type\":\"CommentAction\",\"name\":\"Comment\",\"target\":[\"https:\/\/sandzakpress.net\/arhiva\/tajkun-cerim-semsovic-samald-uputio-prijetnje-seadu-sacirovicu\/#respond\"]}]},{\"@type\":\"WebPage\",\"@id\":\"https:\/\/sandzakpress.net\/arhiva\/tajkun-cerim-semsovic-samald-uputio-prijetnje-seadu-sacirovicu\/\",\"url\":\"https:\/\/sandzakpress.net\/arhiva\/tajkun-cerim-semsovic-samald-uputio-prijetnje-seadu-sacirovicu\/\",\"name\":\"Tajkun \u0106erim \u0160emsovi\u0107 - \\\"Samald\\\" uputio prijetnje Seadu \u0160a\u0107irovi\u0107u\",\"isPartOf\":{\"@id\":\"https:\/\/sandzakpress.net\/arhiva\/#website\"},\"primaryImageOfPage\":{\"@id\":\"https:\/\/sandzakpress.net\/arhiva\/tajkun-cerim-semsovic-samald-uputio-prijetnje-seadu-sacirovicu\/#primaryimage\"},\"image\":{\"@id\":\"https:\/\/sandzakpress.net\/arhiva\/tajkun-cerim-semsovic-samald-uputio-prijetnje-seadu-sacirovicu\/#primaryimage\"},\"thumbnailUrl\":\"https:\/\/sandzakpress.net\/arhiva\/wp-content\/uploads\/2011\/03\/83141_sead-sacirovic01-fonet-fonetenes-halilovi_hs.jpg\",\"datePublished\":\"2011-03-11T17:24:36+00:00\",\"breadcrumb\":{\"@id\":\"https:\/\/sandzakpress.net\/arhiva\/tajkun-cerim-semsovic-samald-uputio-prijetnje-seadu-sacirovicu\/#breadcrumb\"},\"inLanguage\":\"bs-BA\",\"potentialAction\":[{\"@type\":\"ReadAction\",\"target\":[\"https:\/\/sandzakpress.net\/arhiva\/tajkun-cerim-semsovic-samald-uputio-prijetnje-seadu-sacirovicu\/\"]}]},{\"@type\":\"ImageObject\",\"inLanguage\":\"bs-BA\",\"@id\":\"https:\/\/sandzakpress.net\/arhiva\/tajkun-cerim-semsovic-samald-uputio-prijetnje-seadu-sacirovicu\/#primaryimage\",\"url\":\"https:\/\/sandzakpress.net\/arhiva\/wp-content\/uploads\/2011\/03\/83141_sead-sacirovic01-fonet-fonetenes-halilovi_hs.jpg\",\"contentUrl\":\"https:\/\/sandzakpress.net\/arhiva\/wp-content\/uploads\/2011\/03\/83141_sead-sacirovic01-fonet-fonetenes-halilovi_hs.jpg\",\"width\":245,\"height\":200},{\"@type\":\"BreadcrumbList\",\"@id\":\"https:\/\/sandzakpress.net\/arhiva\/tajkun-cerim-semsovic-samald-uputio-prijetnje-seadu-sacirovicu\/#breadcrumb\",\"itemListElement\":[{\"@type\":\"ListItem\",\"position\":1,\"name\":\"Home\",\"item\":\"https:\/\/sandzakpress.net\/arhiva\/\"},{\"@type\":\"ListItem\",\"position\":2,\"name\":\"Tajkun \u0106erim \u0160emsovi\u0107 &#8211; &#8220;Samald&#8221; uputio prijetnje Seadu \u0160a\u0107irovi\u0107u\"}]},{\"@type\":\"WebSite\",\"@id\":\"https:\/\/sandzakpress.net\/arhiva\/#website\",\"url\":\"https:\/\/sandzakpress.net\/arhiva\/\",\"name\":\"Sand\u017eak PRESS\",\"description\":\"Prve elektronske novine u Sand\u017eaku\",\"publisher\":{\"@id\":\"https:\/\/sandzakpress.net\/arhiva\/#\/schema\/person\/6e72b67d6e51910a1117b3b483ba20bd\"},\"potentialAction\":[{\"@type\":\"SearchAction\",\"target\":{\"@type\":\"EntryPoint\",\"urlTemplate\":\"https:\/\/sandzakpress.net\/arhiva\/?s={search_term_string}\"},\"query-input\":{\"@type\":\"PropertyValueSpecification\",\"valueRequired\":true,\"valueName\":\"search_term_string\"}}],\"inLanguage\":\"bs-BA\"},{\"@type\":[\"Person\",\"Organization\"],\"@id\":\"https:\/\/sandzakpress.net\/arhiva\/#\/schema\/person\/6e72b67d6e51910a1117b3b483ba20bd\",\"name\":\"Kul\",\"image\":{\"@type\":\"ImageObject\",\"inLanguage\":\"bs-BA\",\"@id\":\"https:\/\/sandzakpress.net\/arhiva\/#\/schema\/person\/image\/\",\"url\":\"https:\/\/secure.gravatar.com\/avatar\/42263f39aa27ac04c43cab85c280eb2e?s=96&d=mm&r=pg\",\"contentUrl\":\"https:\/\/secure.gravatar.com\/avatar\/42263f39aa27ac04c43cab85c280eb2e?s=96&d=mm&r=pg\",\"caption\":\"Kul\"},\"logo\":{\"@id\":\"https:\/\/sandzakpress.net\/arhiva\/#\/schema\/person\/image\/\"}},{\"@type\":\"Person\",\"@id\":\"https:\/\/sandzakpress.net\/arhiva\/#\/schema\/person\/c8baee722073534b583ea7bdb2e36c02\",\"name\":\"bosniak\",\"image\":{\"@type\":\"ImageObject\",\"inLanguage\":\"bs-BA\",\"@id\":\"https:\/\/sandzakpress.net\/arhiva\/#\/schema\/person\/image\/\",\"url\":\"https:\/\/secure.gravatar.com\/avatar\/a04fd330bfe3a36a72a0ad4a6d89fca7?s=96&d=mm&r=pg\",\"contentUrl\":\"https:\/\/secure.gravatar.com\/avatar\/a04fd330bfe3a36a72a0ad4a6d89fca7?s=96&d=mm&r=pg\",\"caption\":\"bosniak\"},\"url\":\"https:\/\/sandzakpress.net\/arhiva\/author\/bosniak\/\"}]}<\/script>\n<!-- \/ Yoast SEO Premium plugin. -->","yoast_head_json":{"title":"Tajkun \u0106erim \u0160emsovi\u0107 - \"Samald\" uputio prijetnje Seadu \u0160a\u0107irovi\u0107u","robots":{"index":"index","follow":"follow","max-snippet":"max-snippet:-1","max-image-preview":"max-image-preview:large","max-video-preview":"max-video-preview:-1"},"canonical":"https:\/\/sandzakpress.net\/arhiva\/tajkun-cerim-semsovic-samald-uputio-prijetnje-seadu-sacirovicu\/","og_locale":"bs_BA","og_type":"article","og_title":"Tajkun \u0106erim \u0160emsovi\u0107 - \"Samald\" uputio prijetnje Seadu \u0160a\u0107irovi\u0107u","og_description":"Novi Pazar &#8211; Povod za ovakvo reagiranje \u0106erima \u0160emsovi\u0107a jeste tekst iz revije Sand\u017eak od 1. 3. 2011. godine:\u00a0\u0160ari\u0107evim novcem kupljena LIPA. Tekst se bazira na pisanju lista BLIC od 19. 1. 2011. godine gdje se navodi niz preduze\u0107a koja su kupljena novcem narkobosa Darka \u0160ari\u0107a, me\u0111u kojima je i novopazarsko preduze\u0107e AD \u201eLIPA\u201c, kao [&hellip;]","og_url":"https:\/\/sandzakpress.net\/arhiva\/tajkun-cerim-semsovic-samald-uputio-prijetnje-seadu-sacirovicu\/","og_site_name":"Sand\u017eak PRESS","article_published_time":"2011-03-11T17:24:36+00:00","og_image":[{"width":245,"height":200,"url":"https:\/\/sandzakpress.net\/arhiva\/wp-content\/uploads\/2011\/03\/83141_sead-sacirovic01-fonet-fonetenes-halilovi_hs.jpg","type":"image\/jpeg"}],"author":"bosniak","twitter_card":"summary_large_image","twitter_misc":{"Written by":"bosniak","Est. reading time":"1 minuta"},"schema":{"@context":"https:\/\/schema.org","@graph":[{"@type":"Article","@id":"https:\/\/sandzakpress.net\/arhiva\/tajkun-cerim-semsovic-samald-uputio-prijetnje-seadu-sacirovicu\/#article","isPartOf":{"@id":"https:\/\/sandzakpress.net\/arhiva\/tajkun-cerim-semsovic-samald-uputio-prijetnje-seadu-sacirovicu\/"},"author":{"name":"bosniak","@id":"https:\/\/sandzakpress.net\/arhiva\/#\/schema\/person\/c8baee722073534b583ea7bdb2e36c02"},"headline":"Tajkun \u0106erim \u0160emsovi\u0107 &#8211; &#8220;Samald&#8221; uputio prijetnje Seadu \u0160a\u0107irovi\u0107u","datePublished":"2011-03-11T17:24:36+00:00","mainEntityOfPage":{"@id":"https:\/\/sandzakpress.net\/arhiva\/tajkun-cerim-semsovic-samald-uputio-prijetnje-seadu-sacirovicu\/"},"wordCount":256,"commentCount":10,"publisher":{"@id":"https:\/\/sandzakpress.net\/arhiva\/#\/schema\/person\/6e72b67d6e51910a1117b3b483ba20bd"},"image":{"@id":"https:\/\/sandzakpress.net\/arhiva\/tajkun-cerim-semsovic-samald-uputio-prijetnje-seadu-sacirovicu\/#primaryimage"},"thumbnailUrl":"https:\/\/sandzakpress.net\/arhiva\/wp-content\/uploads\/2011\/03\/83141_sead-sacirovic01-fonet-fonetenes-halilovi_hs.jpg","articleSection":["Novi Pazar","Nacija"],"inLanguage":"bs-BA","potentialAction":[{"@type":"CommentAction","name":"Comment","target":["https:\/\/sandzakpress.net\/arhiva\/tajkun-cerim-semsovic-samald-uputio-prijetnje-seadu-sacirovicu\/#respond"]}]},{"@type":"WebPage","@id":"https:\/\/sandzakpress.net\/arhiva\/tajkun-cerim-semsovic-samald-uputio-prijetnje-seadu-sacirovicu\/","url":"https:\/\/sandzakpress.net\/arhiva\/tajkun-cerim-semsovic-samald-uputio-prijetnje-seadu-sacirovicu\/","name":"Tajkun \u0106erim \u0160emsovi\u0107 - \"Samald\" uputio prijetnje Seadu \u0160a\u0107irovi\u0107u","isPartOf":{"@id":"https:\/\/sandzakpress.net\/arhiva\/#website"},"primaryImageOfPage":{"@id":"https:\/\/sandzakpress.net\/arhiva\/tajkun-cerim-semsovic-samald-uputio-prijetnje-seadu-sacirovicu\/#primaryimage"},"image":{"@id":"https:\/\/sandzakpress.net\/arhiva\/tajkun-cerim-semsovic-samald-uputio-prijetnje-seadu-sacirovicu\/#primaryimage"},"thumbnailUrl":"https:\/\/sandzakpress.net\/arhiva\/wp-content\/uploads\/2011\/03\/83141_sead-sacirovic01-fonet-fonetenes-halilovi_hs.jpg","datePublished":"2011-03-11T17:24:36+00:00","breadcrumb":{"@id":"https:\/\/sandzakpress.net\/arhiva\/tajkun-cerim-semsovic-samald-uputio-prijetnje-seadu-sacirovicu\/#breadcrumb"},"inLanguage":"bs-BA","potentialAction":[{"@type":"ReadAction","target":["https:\/\/sandzakpress.net\/arhiva\/tajkun-cerim-semsovic-samald-uputio-prijetnje-seadu-sacirovicu\/"]}]},{"@type":"ImageObject","inLanguage":"bs-BA","@id":"https:\/\/sandzakpress.net\/arhiva\/tajkun-cerim-semsovic-samald-uputio-prijetnje-seadu-sacirovicu\/#primaryimage","url":"https:\/\/sandzakpress.net\/arhiva\/wp-content\/uploads\/2011\/03\/83141_sead-sacirovic01-fonet-fonetenes-halilovi_hs.jpg","contentUrl":"https:\/\/sandzakpress.net\/arhiva\/wp-content\/uploads\/2011\/03\/83141_sead-sacirovic01-fonet-fonetenes-halilovi_hs.jpg","width":245,"height":200},{"@type":"BreadcrumbList","@id":"https:\/\/sandzakpress.net\/arhiva\/tajkun-cerim-semsovic-samald-uputio-prijetnje-seadu-sacirovicu\/#breadcrumb","itemListElement":[{"@type":"ListItem","position":1,"name":"Home","item":"https:\/\/sandzakpress.net\/arhiva\/"},{"@type":"ListItem","position":2,"name":"Tajkun \u0106erim \u0160emsovi\u0107 &#8211; &#8220;Samald&#8221; uputio prijetnje Seadu \u0160a\u0107irovi\u0107u"}]},{"@type":"WebSite","@id":"https:\/\/sandzakpress.net\/arhiva\/#website","url":"https:\/\/sandzakpress.net\/arhiva\/","name":"Sand\u017eak PRESS","description":"Prve elektronske novine u Sand\u017eaku","publisher":{"@id":"https:\/\/sandzakpress.net\/arhiva\/#\/schema\/person\/6e72b67d6e51910a1117b3b483ba20bd"},"potentialAction":[{"@type":"SearchAction","target":{"@type":"EntryPoint","urlTemplate":"https:\/\/sandzakpress.net\/arhiva\/?s={search_term_string}"},"query-input":{"@type":"PropertyValueSpecification","valueRequired":true,"valueName":"search_term_string"}}],"inLanguage":"bs-BA"},{"@type":["Person","Organization"],"@id":"https:\/\/sandzakpress.net\/arhiva\/#\/schema\/person\/6e72b67d6e51910a1117b3b483ba20bd","name":"Kul","image":{"@type":"ImageObject","inLanguage":"bs-BA","@id":"https:\/\/sandzakpress.net\/arhiva\/#\/schema\/person\/image\/","url":"https:\/\/secure.gravatar.com\/avatar\/42263f39aa27ac04c43cab85c280eb2e?s=96&d=mm&r=pg","contentUrl":"https:\/\/secure.gravatar.com\/avatar\/42263f39aa27ac04c43cab85c280eb2e?s=96&d=mm&r=pg","caption":"Kul"},"logo":{"@id":"https:\/\/sandzakpress.net\/arhiva\/#\/schema\/person\/image\/"}},{"@type":"Person","@id":"https:\/\/sandzakpress.net\/arhiva\/#\/schema\/person\/c8baee722073534b583ea7bdb2e36c02","name":"bosniak","image":{"@type":"ImageObject","inLanguage":"bs-BA","@id":"https:\/\/sandzakpress.net\/arhiva\/#\/schema\/person\/image\/","url":"https:\/\/secure.gravatar.com\/avatar\/a04fd330bfe3a36a72a0ad4a6d89fca7?s=96&d=mm&r=pg","contentUrl":"https:\/\/secure.gravatar.com\/avatar\/a04fd330bfe3a36a72a0ad4a6d89fca7?s=96&d=mm&r=pg","caption":"bosniak"},"url":"https:\/\/sandzakpress.net\/arhiva\/author\/bosniak\/"}]}},"_links":{"self":[{"href":"https:\/\/sandzakpress.net\/arhiva\/wp-json\/wp\/v2\/posts\/13725"}],"collection":[{"href":"https:\/\/sandzakpress.net\/arhiva\/wp-json\/wp\/v2\/posts"}],"about":[{"href":"https:\/\/sandzakpress.net\/arhiva\/wp-json\/wp\/v2\/types\/post"}],"author":[{"embeddable":true,"href":"https:\/\/sandzakpress.net\/arhiva\/wp-json\/wp\/v2\/users\/83"}],"replies":[{"embeddable":true,"href":"https:\/\/sandzakpress.net\/arhiva\/wp-json\/wp\/v2\/comments?post=13725"}],"version-history":[{"count":0,"href":"https:\/\/sandzakpress.net\/arhiva\/wp-json\/wp\/v2\/posts\/13725\/revisions"}],"wp:featuredmedia":[{"embeddable":true,"href":"https:\/\/sandzakpress.net\/arhiva\/wp-json\/wp\/v2\/media\/13726"}],"wp:attachment":[{"href":"https:\/\/sandzakpress.net\/arhiva\/wp-json\/wp\/v2\/media?parent=13725"}],"wp:term":[{"taxonomy":"category","embeddable":true,"href":"https:\/\/sandzakpress.net\/arhiva\/wp-json\/wp\/v2\/categories?post=13725"},{"taxonomy":"post_tag","embeddable":true,"href":"https:\/\/sandzakpress.net\/arhiva\/wp-json\/wp\/v2\/tags?post=13725"}],"curies":[{"name":"wp","href":"https:\/\/api.w.org\/{rel}","templated":true}]}}