{"id":137157,"date":"2015-09-15T16:07:50","date_gmt":"2015-09-15T14:07:50","guid":{"rendered":"https:\/\/sandzakpress.net\/arhiva\/?p=137157"},"modified":"2015-09-15T16:09:45","modified_gmt":"2015-09-15T14:09:45","slug":"skandalozna-otkrica-ljajic-otvorio-fabriku-koja-postoji-vise-desetina-godina","status":"publish","type":"post","link":"https:\/\/sandzakpress.net\/arhiva\/skandalozna-otkrica-ljajic-otvorio-fabriku-koja-postoji-vise-desetina-godina\/","title":{"rendered":"SKANDALOZNA OTKRI\u0106A &#8211; Ljaji\u0107 otvorio fabriku koja postoji vi\u0161e desetina godina!"},"content":{"rendered":"<p><img loading=\"lazy\" decoding=\"async\" class=\"aligncenter  wp-image-137171\" src=\"https:\/\/sandzakpress.net\/arhiva\/wp-content\/uploads\/2015\/09\/Untitled-12.jpg\" alt=\"Untitled-1\" width=\"807\" height=\"600\" srcset=\"https:\/\/sandzakpress.net\/arhiva\/wp-content\/uploads\/2015\/09\/Untitled-12.jpg 1117w, https:\/\/sandzakpress.net\/arhiva\/wp-content\/uploads\/2015\/09\/Untitled-12-616x458.jpg 616w\" sizes=\"(max-width: 807px) 100vw, 807px\" \/><\/p>\n<p style=\"text-align: center;\"><span style=\"text-decoration: underline;\"><strong>Italijanski investitor nije investirao ni u nove stolice<\/strong><\/span><\/p>\n<p><strong>Novi Pazar &#8211; Kako ekskluzivno saznajemo od biv\u0161ih radnika firme &#8220;Opcija doo&#8221; prethodnice dana\u0161nje firme &#8220;Moda kompanija&#8221; fabrika koju je navodno Rasim Ljaji\u0107 pustio u pogon, kao i uvidom u dokumentaciju Privredne komore Srbije, ustanovljeno je da ova fabrika postoji i radi ve\u0107 vi\u0161e desetina godina ,\u00a0<\/strong><\/p>\n<h4><span style=\"color: #800000;\">Fabrika je u pro\u0161losti upo\u0161ljavala do 190 radnika<\/span><\/h4>\n<p>Naime, vlasnik ove fabrike je rah. Hidajet Mu\u0161ovi\u0107 pod imenom &#8220;Opcija doo&#8221; od 1993. godine i bavila se proizvodnjom tekstila. U jednom trenutku brojila je 190 upo\u0161ljenika iz Bijelih Voda i okoline. Godine 2001. Privredna komora Srbije je uvrstila ovu firmu u Lidere malog biznisa za 2001. godinu. Godine 2004. vlasnik je investirao u firmu u iznosu od 20 miliona dinara uz pomo\u0107 Fonda za razvoj.\u00a0<\/p>\n<h4><span style=\"color: #800000;\">Fabrika oteta iz ruku Sand\u017eaklija &#8230;<\/span><\/h4>\n<p>Kako nas tada\u0161nji informi\u0161u radnici, godine 2007. se situacija drasti\u010dno mijenja nakon \u0161to je u firmu na razgovor sa radnicima do\u0161ao tada\u0161nji \u0161ef inspekcije, pri ministarsrvu za rad i socijalnu politiku na \u010delu sa Rasimom Ljaji\u0107e, Kasim Zorni\u0107. Naime, on je u razgovoru sa radnicima u lokalnoj\u00a0kahvi\u00a0u Bijelim Vodama pokrenuo \u0161trajk radnika. Nakon \u0161trajka je uslijedila akcija inspekcije koja je navodno utvrdila da se radnicima ne pla\u0107aju porezi i doprinosi, kao i navodna druga porezna dugovanja.\u00a0<\/p>\n<p>Kako nam svjedo\u010di jedan od radnika koji je \u017eelio ostati anoniman, isti\u010de da su svi doprinosi radnicima do tada bili redovno upla\u0107ivani i da je \u0161trajk pokrenut uz nagovor Kasima Zorni\u0107a, kako je tada obe\u0107avao da \u0107e da preuzme fabriku i ponudi bolje uslove radnicima. Me\u0111utim, kada je firma oti\u0161la pod ste\u010daj, ve\u0107ina radnika koja su dobila obe\u0107anja je ostalo bez posla u firmi, a na njihovo mjesto je doveden kadar opcije kojoj pripada Kasim Zorni\u0107. O motivima otimanja ove fabrike i neprijateljstvu ove opcije prema vlasniku \u0107emo nastaviti istra\u017eivati.<\/p>\n<h4><span style=\"color: #800000;\">&#8230; i\u00a0predata strancima\u00a0<\/span><\/h4>\n<p>Kako nas dalje obavje\u0161tavaju radnici, fabriku je uzela pod zakup italijanska firma. Prema pisanju medija\u00a0zaposlila je 52 radnika, a Ljaji\u0107 je obe\u0107ao do kraja naredne godine u njoj \u0107e raditi 300 tekstilaca.<\/p>\n<p>Ljaji\u0107 je rekao da se otvaranjem ove fabrike Novi Pazar na velika vrata vratio na tekstilnu mapu Srbije i \u010ditavog regiona.<\/p>\n<p>Vlasnik \u201eMode kampanja\u201c An\u0111elo Amirati ka\u017ee da je prepoznao ovaj grad za koji vjeruje da mo\u017ee da da odre\u0111eni kvalitet koji se tra\u017ei u svetu mode.<\/p>\n<p>Najve\u0107i paradoks je u tome \u0161to je ova fabrika prije 10 godina izvozila tekstil u Italiju i na taj na\u010din se ja\u010dao sand\u017ea\u010dki biznis, dok danas ti isti Italijani su vlasnici ove sand\u017ea\u010dke fabrike.<\/p>\n<p>(Agencija SANA)<\/p>\n<h4 style=\"text-align: center;\"><span style=\"text-decoration: underline;\"><span style=\"color: #800000; text-decoration: underline;\">Ova fabrika je progla\u0161ena za lidera malog biznisa u Srbiji 2001.<\/span><\/span><\/h4>\n<p><img loading=\"lazy\" decoding=\"async\" class=\"aligncenter wp-image-137159 size-full\" src=\"https:\/\/sandzakpress.net\/arhiva\/wp-content\/uploads\/2015\/09\/IMG_3517-e1442323323422.jpg\" alt=\"IMG_3517\" width=\"960\" height=\"1280\" srcset=\"https:\/\/sandzakpress.net\/arhiva\/wp-content\/uploads\/2015\/09\/IMG_3517-e1442323323422.jpg 960w, https:\/\/sandzakpress.net\/arhiva\/wp-content\/uploads\/2015\/09\/IMG_3517-e1442323323422-616x821.jpg 616w\" sizes=\"(max-width: 960px) 100vw, 960px\" \/> <img loading=\"lazy\" decoding=\"async\" class=\"aligncenter wp-image-137160 size-full\" src=\"https:\/\/sandzakpress.net\/arhiva\/wp-content\/uploads\/2015\/09\/IMG_3518-e1442323337856.jpg\" alt=\"IMG_3518\" width=\"960\" height=\"1280\" srcset=\"https:\/\/sandzakpress.net\/arhiva\/wp-content\/uploads\/2015\/09\/IMG_3518-e1442323337856.jpg 960w, https:\/\/sandzakpress.net\/arhiva\/wp-content\/uploads\/2015\/09\/IMG_3518-e1442323337856-616x821.jpg 616w\" sizes=\"(max-width: 960px) 100vw, 960px\" \/> <img loading=\"lazy\" decoding=\"async\" class=\"aligncenter wp-image-137161 size-full\" src=\"https:\/\/sandzakpress.net\/arhiva\/wp-content\/uploads\/2015\/09\/IMG_3519-e1442323349212.jpg\" alt=\"IMG_3519\" width=\"960\" height=\"1280\" srcset=\"https:\/\/sandzakpress.net\/arhiva\/wp-content\/uploads\/2015\/09\/IMG_3519-e1442323349212.jpg 960w, https:\/\/sandzakpress.net\/arhiva\/wp-content\/uploads\/2015\/09\/IMG_3519-e1442323349212-616x821.jpg 616w\" sizes=\"(max-width: 960px) 100vw, 960px\" \/> <img loading=\"lazy\" decoding=\"async\" class=\"aligncenter wp-image-137162 size-full\" src=\"https:\/\/sandzakpress.net\/arhiva\/wp-content\/uploads\/2015\/09\/IMG_3520-e1442323368404.jpg\" alt=\"IMG_3520\" width=\"960\" height=\"1280\" srcset=\"https:\/\/sandzakpress.net\/arhiva\/wp-content\/uploads\/2015\/09\/IMG_3520-e1442323368404.jpg 960w, https:\/\/sandzakpress.net\/arhiva\/wp-content\/uploads\/2015\/09\/IMG_3520-e1442323368404-616x821.jpg 616w\" sizes=\"(max-width: 960px) 100vw, 960px\" \/><\/p>\n","protected":false},"excerpt":{"rendered":"<p>Italijanski investitor nije investirao ni u nove stolice Novi Pazar &#8211; Kako ekskluzivno saznajemo od biv\u0161ih radnika firme &#8220;Opcija doo&#8221; prethodnice dana\u0161nje firme &#8220;Moda kompanija&#8221; fabrika koju je navodno Rasim Ljaji\u0107 pustio u pogon, kao i uvidom u dokumentaciju Privredne komore Srbije, ustanovljeno je da ova fabrika postoji i radi ve\u0107 vi\u0161e desetina godina ,\u00a0 [&hellip;]<\/p>\n","protected":false},"author":83,"featured_media":137171,"comment_status":"open","ping_status":"open","sticky":false,"template":"","format":"standard","meta":{"footnotes":""},"categories":[72,1,52,8957],"tags":[10426,10210,10217,10248],"class_list":{"0":"post-137157","1":"post","2":"type-post","3":"status-publish","4":"format-standard","5":"has-post-thumbnail","7":"category-novi-pazar","8":"category-politika","9":"category-sjenica","10":"category-vijesti-dana","11":"tag-obecanja-politicara","12":"tag-rasim-ljajic","13":"tag-nepravde-srpske-vlasti","14":"tag-gradska-uprava-novi-pazar"},"yoast_head":"<!-- This site is optimized with the Yoast SEO Premium plugin v23.1 (Yoast SEO v24.9) - https:\/\/yoast.com\/wordpress\/plugins\/seo\/ -->\n<title>SKANDALOZNA OTKRI\u0106A - Ljaji\u0107 otvorio fabriku koja postoji vi\u0161e desetina godina!<\/title>\n<meta name=\"robots\" content=\"index, follow, max-snippet:-1, max-image-preview:large, max-video-preview:-1\" \/>\n<link rel=\"canonical\" href=\"https:\/\/sandzakpress.net\/arhiva\/skandalozna-otkrica-ljajic-otvorio-fabriku-koja-postoji-vise-desetina-godina\/\" \/>\n<meta property=\"og:locale\" content=\"bs_BA\" \/>\n<meta property=\"og:type\" content=\"article\" \/>\n<meta property=\"og:title\" content=\"SKANDALOZNA OTKRI\u0106A - Ljaji\u0107 otvorio fabriku koja postoji vi\u0161e desetina godina!\" \/>\n<meta property=\"og:description\" content=\"Italijanski investitor nije investirao ni u nove stolice Novi Pazar &#8211; Kako ekskluzivno saznajemo od biv\u0161ih radnika firme &#8220;Opcija doo&#8221; prethodnice dana\u0161nje firme &#8220;Moda kompanija&#8221; fabrika koju je navodno Rasim Ljaji\u0107 pustio u pogon, kao i uvidom u dokumentaciju Privredne komore Srbije, ustanovljeno je da ova fabrika postoji i radi ve\u0107 vi\u0161e desetina godina ,\u00a0 [&hellip;]\" \/>\n<meta property=\"og:url\" content=\"https:\/\/sandzakpress.net\/arhiva\/skandalozna-otkrica-ljajic-otvorio-fabriku-koja-postoji-vise-desetina-godina\/\" \/>\n<meta property=\"og:site_name\" content=\"Sand\u017eak PRESS\" \/>\n<meta property=\"article:published_time\" content=\"2015-09-15T14:07:50+00:00\" \/>\n<meta property=\"article:modified_time\" content=\"2015-09-15T14:09:45+00:00\" \/>\n<meta property=\"og:image\" content=\"https:\/\/sandzakpress.net\/arhiva\/wp-content\/uploads\/2015\/09\/Untitled-12.jpg\" \/>\n\t<meta property=\"og:image:width\" content=\"1117\" \/>\n\t<meta property=\"og:image:height\" content=\"830\" \/>\n\t<meta property=\"og:image:type\" content=\"image\/jpeg\" \/>\n<meta name=\"author\" content=\"bosniak\" \/>\n<meta name=\"twitter:card\" content=\"summary_large_image\" \/>\n<meta name=\"twitter:label1\" content=\"Written by\" \/>\n\t<meta name=\"twitter:data1\" content=\"bosniak\" \/>\n\t<meta name=\"twitter:label2\" content=\"Est. reading time\" \/>\n\t<meta name=\"twitter:data2\" content=\"2 minute\" \/>\n<script type=\"application\/ld+json\" class=\"yoast-schema-graph\">{\"@context\":\"https:\/\/schema.org\",\"@graph\":[{\"@type\":\"Article\",\"@id\":\"https:\/\/sandzakpress.net\/arhiva\/skandalozna-otkrica-ljajic-otvorio-fabriku-koja-postoji-vise-desetina-godina\/#article\",\"isPartOf\":{\"@id\":\"https:\/\/sandzakpress.net\/arhiva\/skandalozna-otkrica-ljajic-otvorio-fabriku-koja-postoji-vise-desetina-godina\/\"},\"author\":{\"name\":\"bosniak\",\"@id\":\"https:\/\/sandzakpress.net\/arhiva\/#\/schema\/person\/c8baee722073534b583ea7bdb2e36c02\"},\"headline\":\"SKANDALOZNA OTKRI\u0106A &#8211; Ljaji\u0107 otvorio fabriku koja postoji vi\u0161e desetina godina!\",\"datePublished\":\"2015-09-15T14:07:50+00:00\",\"dateModified\":\"2015-09-15T14:09:45+00:00\",\"mainEntityOfPage\":{\"@id\":\"https:\/\/sandzakpress.net\/arhiva\/skandalozna-otkrica-ljajic-otvorio-fabriku-koja-postoji-vise-desetina-godina\/\"},\"wordCount\":473,\"commentCount\":13,\"publisher\":{\"@id\":\"https:\/\/sandzakpress.net\/arhiva\/#\/schema\/person\/6e72b67d6e51910a1117b3b483ba20bd\"},\"image\":{\"@id\":\"https:\/\/sandzakpress.net\/arhiva\/skandalozna-otkrica-ljajic-otvorio-fabriku-koja-postoji-vise-desetina-godina\/#primaryimage\"},\"thumbnailUrl\":\"https:\/\/sandzakpress.net\/arhiva\/wp-content\/uploads\/2015\/09\/Untitled-12.jpg\",\"keywords\":[\"obe\u0107anja politi\u010dara\",\"Rasim Ljaji\u0107\",\"nepravde srpske vlasti\",\"Vlast u Novom Pazaru\"],\"articleSection\":[\"Novi Pazar\",\"Politika\",\"Sjenica\",\"VIJESTI DANA\"],\"inLanguage\":\"bs-BA\",\"potentialAction\":[{\"@type\":\"CommentAction\",\"name\":\"Comment\",\"target\":[\"https:\/\/sandzakpress.net\/arhiva\/skandalozna-otkrica-ljajic-otvorio-fabriku-koja-postoji-vise-desetina-godina\/#respond\"]}]},{\"@type\":\"WebPage\",\"@id\":\"https:\/\/sandzakpress.net\/arhiva\/skandalozna-otkrica-ljajic-otvorio-fabriku-koja-postoji-vise-desetina-godina\/\",\"url\":\"https:\/\/sandzakpress.net\/arhiva\/skandalozna-otkrica-ljajic-otvorio-fabriku-koja-postoji-vise-desetina-godina\/\",\"name\":\"SKANDALOZNA OTKRI\u0106A - Ljaji\u0107 otvorio fabriku koja postoji vi\u0161e desetina godina!\",\"isPartOf\":{\"@id\":\"https:\/\/sandzakpress.net\/arhiva\/#website\"},\"primaryImageOfPage\":{\"@id\":\"https:\/\/sandzakpress.net\/arhiva\/skandalozna-otkrica-ljajic-otvorio-fabriku-koja-postoji-vise-desetina-godina\/#primaryimage\"},\"image\":{\"@id\":\"https:\/\/sandzakpress.net\/arhiva\/skandalozna-otkrica-ljajic-otvorio-fabriku-koja-postoji-vise-desetina-godina\/#primaryimage\"},\"thumbnailUrl\":\"https:\/\/sandzakpress.net\/arhiva\/wp-content\/uploads\/2015\/09\/Untitled-12.jpg\",\"datePublished\":\"2015-09-15T14:07:50+00:00\",\"dateModified\":\"2015-09-15T14:09:45+00:00\",\"breadcrumb\":{\"@id\":\"https:\/\/sandzakpress.net\/arhiva\/skandalozna-otkrica-ljajic-otvorio-fabriku-koja-postoji-vise-desetina-godina\/#breadcrumb\"},\"inLanguage\":\"bs-BA\",\"potentialAction\":[{\"@type\":\"ReadAction\",\"target\":[\"https:\/\/sandzakpress.net\/arhiva\/skandalozna-otkrica-ljajic-otvorio-fabriku-koja-postoji-vise-desetina-godina\/\"]}]},{\"@type\":\"ImageObject\",\"inLanguage\":\"bs-BA\",\"@id\":\"https:\/\/sandzakpress.net\/arhiva\/skandalozna-otkrica-ljajic-otvorio-fabriku-koja-postoji-vise-desetina-godina\/#primaryimage\",\"url\":\"https:\/\/sandzakpress.net\/arhiva\/wp-content\/uploads\/2015\/09\/Untitled-12.jpg\",\"contentUrl\":\"https:\/\/sandzakpress.net\/arhiva\/wp-content\/uploads\/2015\/09\/Untitled-12.jpg\",\"width\":1117,\"height\":830},{\"@type\":\"BreadcrumbList\",\"@id\":\"https:\/\/sandzakpress.net\/arhiva\/skandalozna-otkrica-ljajic-otvorio-fabriku-koja-postoji-vise-desetina-godina\/#breadcrumb\",\"itemListElement\":[{\"@type\":\"ListItem\",\"position\":1,\"name\":\"Home\",\"item\":\"https:\/\/sandzakpress.net\/arhiva\/\"},{\"@type\":\"ListItem\",\"position\":2,\"name\":\"SKANDALOZNA OTKRI\u0106A &#8211; Ljaji\u0107 otvorio fabriku koja postoji vi\u0161e desetina godina!\"}]},{\"@type\":\"WebSite\",\"@id\":\"https:\/\/sandzakpress.net\/arhiva\/#website\",\"url\":\"https:\/\/sandzakpress.net\/arhiva\/\",\"name\":\"Sand\u017eak PRESS\",\"description\":\"Prve elektronske novine u Sand\u017eaku\",\"publisher\":{\"@id\":\"https:\/\/sandzakpress.net\/arhiva\/#\/schema\/person\/6e72b67d6e51910a1117b3b483ba20bd\"},\"potentialAction\":[{\"@type\":\"SearchAction\",\"target\":{\"@type\":\"EntryPoint\",\"urlTemplate\":\"https:\/\/sandzakpress.net\/arhiva\/?s={search_term_string}\"},\"query-input\":{\"@type\":\"PropertyValueSpecification\",\"valueRequired\":true,\"valueName\":\"search_term_string\"}}],\"inLanguage\":\"bs-BA\"},{\"@type\":[\"Person\",\"Organization\"],\"@id\":\"https:\/\/sandzakpress.net\/arhiva\/#\/schema\/person\/6e72b67d6e51910a1117b3b483ba20bd\",\"name\":\"Kul\",\"image\":{\"@type\":\"ImageObject\",\"inLanguage\":\"bs-BA\",\"@id\":\"https:\/\/sandzakpress.net\/arhiva\/#\/schema\/person\/image\/\",\"url\":\"https:\/\/secure.gravatar.com\/avatar\/42263f39aa27ac04c43cab85c280eb2e?s=96&d=mm&r=pg\",\"contentUrl\":\"https:\/\/secure.gravatar.com\/avatar\/42263f39aa27ac04c43cab85c280eb2e?s=96&d=mm&r=pg\",\"caption\":\"Kul\"},\"logo\":{\"@id\":\"https:\/\/sandzakpress.net\/arhiva\/#\/schema\/person\/image\/\"}},{\"@type\":\"Person\",\"@id\":\"https:\/\/sandzakpress.net\/arhiva\/#\/schema\/person\/c8baee722073534b583ea7bdb2e36c02\",\"name\":\"bosniak\",\"image\":{\"@type\":\"ImageObject\",\"inLanguage\":\"bs-BA\",\"@id\":\"https:\/\/sandzakpress.net\/arhiva\/#\/schema\/person\/image\/\",\"url\":\"https:\/\/secure.gravatar.com\/avatar\/a04fd330bfe3a36a72a0ad4a6d89fca7?s=96&d=mm&r=pg\",\"contentUrl\":\"https:\/\/secure.gravatar.com\/avatar\/a04fd330bfe3a36a72a0ad4a6d89fca7?s=96&d=mm&r=pg\",\"caption\":\"bosniak\"},\"url\":\"https:\/\/sandzakpress.net\/arhiva\/author\/bosniak\/\"}]}<\/script>\n<!-- \/ Yoast SEO Premium plugin. -->","yoast_head_json":{"title":"SKANDALOZNA OTKRI\u0106A - Ljaji\u0107 otvorio fabriku koja postoji vi\u0161e desetina godina!","robots":{"index":"index","follow":"follow","max-snippet":"max-snippet:-1","max-image-preview":"max-image-preview:large","max-video-preview":"max-video-preview:-1"},"canonical":"https:\/\/sandzakpress.net\/arhiva\/skandalozna-otkrica-ljajic-otvorio-fabriku-koja-postoji-vise-desetina-godina\/","og_locale":"bs_BA","og_type":"article","og_title":"SKANDALOZNA OTKRI\u0106A - Ljaji\u0107 otvorio fabriku koja postoji vi\u0161e desetina godina!","og_description":"Italijanski investitor nije investirao ni u nove stolice Novi Pazar &#8211; Kako ekskluzivno saznajemo od biv\u0161ih radnika firme &#8220;Opcija doo&#8221; prethodnice dana\u0161nje firme &#8220;Moda kompanija&#8221; fabrika koju je navodno Rasim Ljaji\u0107 pustio u pogon, kao i uvidom u dokumentaciju Privredne komore Srbije, ustanovljeno je da ova fabrika postoji i radi ve\u0107 vi\u0161e desetina godina ,\u00a0 [&hellip;]","og_url":"https:\/\/sandzakpress.net\/arhiva\/skandalozna-otkrica-ljajic-otvorio-fabriku-koja-postoji-vise-desetina-godina\/","og_site_name":"Sand\u017eak PRESS","article_published_time":"2015-09-15T14:07:50+00:00","article_modified_time":"2015-09-15T14:09:45+00:00","og_image":[{"width":1117,"height":830,"url":"https:\/\/sandzakpress.net\/arhiva\/wp-content\/uploads\/2015\/09\/Untitled-12.jpg","type":"image\/jpeg"}],"author":"bosniak","twitter_card":"summary_large_image","twitter_misc":{"Written by":"bosniak","Est. reading time":"2 minute"},"schema":{"@context":"https:\/\/schema.org","@graph":[{"@type":"Article","@id":"https:\/\/sandzakpress.net\/arhiva\/skandalozna-otkrica-ljajic-otvorio-fabriku-koja-postoji-vise-desetina-godina\/#article","isPartOf":{"@id":"https:\/\/sandzakpress.net\/arhiva\/skandalozna-otkrica-ljajic-otvorio-fabriku-koja-postoji-vise-desetina-godina\/"},"author":{"name":"bosniak","@id":"https:\/\/sandzakpress.net\/arhiva\/#\/schema\/person\/c8baee722073534b583ea7bdb2e36c02"},"headline":"SKANDALOZNA OTKRI\u0106A &#8211; Ljaji\u0107 otvorio fabriku koja postoji vi\u0161e desetina godina!","datePublished":"2015-09-15T14:07:50+00:00","dateModified":"2015-09-15T14:09:45+00:00","mainEntityOfPage":{"@id":"https:\/\/sandzakpress.net\/arhiva\/skandalozna-otkrica-ljajic-otvorio-fabriku-koja-postoji-vise-desetina-godina\/"},"wordCount":473,"commentCount":13,"publisher":{"@id":"https:\/\/sandzakpress.net\/arhiva\/#\/schema\/person\/6e72b67d6e51910a1117b3b483ba20bd"},"image":{"@id":"https:\/\/sandzakpress.net\/arhiva\/skandalozna-otkrica-ljajic-otvorio-fabriku-koja-postoji-vise-desetina-godina\/#primaryimage"},"thumbnailUrl":"https:\/\/sandzakpress.net\/arhiva\/wp-content\/uploads\/2015\/09\/Untitled-12.jpg","keywords":["obe\u0107anja politi\u010dara","Rasim Ljaji\u0107","nepravde srpske vlasti","Vlast u Novom Pazaru"],"articleSection":["Novi Pazar","Politika","Sjenica","VIJESTI DANA"],"inLanguage":"bs-BA","potentialAction":[{"@type":"CommentAction","name":"Comment","target":["https:\/\/sandzakpress.net\/arhiva\/skandalozna-otkrica-ljajic-otvorio-fabriku-koja-postoji-vise-desetina-godina\/#respond"]}]},{"@type":"WebPage","@id":"https:\/\/sandzakpress.net\/arhiva\/skandalozna-otkrica-ljajic-otvorio-fabriku-koja-postoji-vise-desetina-godina\/","url":"https:\/\/sandzakpress.net\/arhiva\/skandalozna-otkrica-ljajic-otvorio-fabriku-koja-postoji-vise-desetina-godina\/","name":"SKANDALOZNA OTKRI\u0106A - Ljaji\u0107 otvorio fabriku koja postoji vi\u0161e desetina godina!","isPartOf":{"@id":"https:\/\/sandzakpress.net\/arhiva\/#website"},"primaryImageOfPage":{"@id":"https:\/\/sandzakpress.net\/arhiva\/skandalozna-otkrica-ljajic-otvorio-fabriku-koja-postoji-vise-desetina-godina\/#primaryimage"},"image":{"@id":"https:\/\/sandzakpress.net\/arhiva\/skandalozna-otkrica-ljajic-otvorio-fabriku-koja-postoji-vise-desetina-godina\/#primaryimage"},"thumbnailUrl":"https:\/\/sandzakpress.net\/arhiva\/wp-content\/uploads\/2015\/09\/Untitled-12.jpg","datePublished":"2015-09-15T14:07:50+00:00","dateModified":"2015-09-15T14:09:45+00:00","breadcrumb":{"@id":"https:\/\/sandzakpress.net\/arhiva\/skandalozna-otkrica-ljajic-otvorio-fabriku-koja-postoji-vise-desetina-godina\/#breadcrumb"},"inLanguage":"bs-BA","potentialAction":[{"@type":"ReadAction","target":["https:\/\/sandzakpress.net\/arhiva\/skandalozna-otkrica-ljajic-otvorio-fabriku-koja-postoji-vise-desetina-godina\/"]}]},{"@type":"ImageObject","inLanguage":"bs-BA","@id":"https:\/\/sandzakpress.net\/arhiva\/skandalozna-otkrica-ljajic-otvorio-fabriku-koja-postoji-vise-desetina-godina\/#primaryimage","url":"https:\/\/sandzakpress.net\/arhiva\/wp-content\/uploads\/2015\/09\/Untitled-12.jpg","contentUrl":"https:\/\/sandzakpress.net\/arhiva\/wp-content\/uploads\/2015\/09\/Untitled-12.jpg","width":1117,"height":830},{"@type":"BreadcrumbList","@id":"https:\/\/sandzakpress.net\/arhiva\/skandalozna-otkrica-ljajic-otvorio-fabriku-koja-postoji-vise-desetina-godina\/#breadcrumb","itemListElement":[{"@type":"ListItem","position":1,"name":"Home","item":"https:\/\/sandzakpress.net\/arhiva\/"},{"@type":"ListItem","position":2,"name":"SKANDALOZNA OTKRI\u0106A &#8211; Ljaji\u0107 otvorio fabriku koja postoji vi\u0161e desetina godina!"}]},{"@type":"WebSite","@id":"https:\/\/sandzakpress.net\/arhiva\/#website","url":"https:\/\/sandzakpress.net\/arhiva\/","name":"Sand\u017eak PRESS","description":"Prve elektronske novine u Sand\u017eaku","publisher":{"@id":"https:\/\/sandzakpress.net\/arhiva\/#\/schema\/person\/6e72b67d6e51910a1117b3b483ba20bd"},"potentialAction":[{"@type":"SearchAction","target":{"@type":"EntryPoint","urlTemplate":"https:\/\/sandzakpress.net\/arhiva\/?s={search_term_string}"},"query-input":{"@type":"PropertyValueSpecification","valueRequired":true,"valueName":"search_term_string"}}],"inLanguage":"bs-BA"},{"@type":["Person","Organization"],"@id":"https:\/\/sandzakpress.net\/arhiva\/#\/schema\/person\/6e72b67d6e51910a1117b3b483ba20bd","name":"Kul","image":{"@type":"ImageObject","inLanguage":"bs-BA","@id":"https:\/\/sandzakpress.net\/arhiva\/#\/schema\/person\/image\/","url":"https:\/\/secure.gravatar.com\/avatar\/42263f39aa27ac04c43cab85c280eb2e?s=96&d=mm&r=pg","contentUrl":"https:\/\/secure.gravatar.com\/avatar\/42263f39aa27ac04c43cab85c280eb2e?s=96&d=mm&r=pg","caption":"Kul"},"logo":{"@id":"https:\/\/sandzakpress.net\/arhiva\/#\/schema\/person\/image\/"}},{"@type":"Person","@id":"https:\/\/sandzakpress.net\/arhiva\/#\/schema\/person\/c8baee722073534b583ea7bdb2e36c02","name":"bosniak","image":{"@type":"ImageObject","inLanguage":"bs-BA","@id":"https:\/\/sandzakpress.net\/arhiva\/#\/schema\/person\/image\/","url":"https:\/\/secure.gravatar.com\/avatar\/a04fd330bfe3a36a72a0ad4a6d89fca7?s=96&d=mm&r=pg","contentUrl":"https:\/\/secure.gravatar.com\/avatar\/a04fd330bfe3a36a72a0ad4a6d89fca7?s=96&d=mm&r=pg","caption":"bosniak"},"url":"https:\/\/sandzakpress.net\/arhiva\/author\/bosniak\/"}]}},"_links":{"self":[{"href":"https:\/\/sandzakpress.net\/arhiva\/wp-json\/wp\/v2\/posts\/137157"}],"collection":[{"href":"https:\/\/sandzakpress.net\/arhiva\/wp-json\/wp\/v2\/posts"}],"about":[{"href":"https:\/\/sandzakpress.net\/arhiva\/wp-json\/wp\/v2\/types\/post"}],"author":[{"embeddable":true,"href":"https:\/\/sandzakpress.net\/arhiva\/wp-json\/wp\/v2\/users\/83"}],"replies":[{"embeddable":true,"href":"https:\/\/sandzakpress.net\/arhiva\/wp-json\/wp\/v2\/comments?post=137157"}],"version-history":[{"count":0,"href":"https:\/\/sandzakpress.net\/arhiva\/wp-json\/wp\/v2\/posts\/137157\/revisions"}],"wp:featuredmedia":[{"embeddable":true,"href":"https:\/\/sandzakpress.net\/arhiva\/wp-json\/wp\/v2\/media\/137171"}],"wp:attachment":[{"href":"https:\/\/sandzakpress.net\/arhiva\/wp-json\/wp\/v2\/media?parent=137157"}],"wp:term":[{"taxonomy":"category","embeddable":true,"href":"https:\/\/sandzakpress.net\/arhiva\/wp-json\/wp\/v2\/categories?post=137157"},{"taxonomy":"post_tag","embeddable":true,"href":"https:\/\/sandzakpress.net\/arhiva\/wp-json\/wp\/v2\/tags?post=137157"}],"curies":[{"name":"wp","href":"https:\/\/api.w.org\/{rel}","templated":true}]}}