{"id":13700,"date":"2011-03-10T10:02:43","date_gmt":"2011-03-10T09:02:43","guid":{"rendered":"https:\/\/sandzakpress.net\/arhiva\/?p=13700"},"modified":"2011-03-10T10:02:43","modified_gmt":"2011-03-10T09:02:43","slug":"optuzeni-za-ratni-zlocin-dvije-godine-u-pritvoru","status":"publish","type":"post","link":"https:\/\/sandzakpress.net\/arhiva\/optuzeni-za-ratni-zlocin-dvije-godine-u-pritvoru\/","title":{"rendered":"Optu\u017eeni za ratni zlo\u010din dvije godine u pritvoru"},"content":{"rendered":"<p><strong><a href=\"https:\/\/sandzakpress.net\/arhiva\/wp-content\/uploads\/2011\/03\/cg-Goran-Rodic-i-Slobodan-N_310x186.jpg\"><img loading=\"lazy\" decoding=\"async\" class=\"alignleft size-medium wp-image-13701\" src=\"https:\/\/sandzakpress.net\/arhiva\/wp-content\/uploads\/2011\/03\/cg-Goran-Rodic-i-Slobodan-N_310x186-300x180.jpg\" alt=\"\" width=\"300\" height=\"180\" \/><\/a>Bijelo Polje , Ro\u017eaje &#8211; Kada je prije dvije godine po\u010delo su\u0111enje optu\u017eenima za ratni zlo\u010din u Kalu\u0111erskom lazu 1999. godine, samo neupu\u0107eni su mogli o\u010dekivati njegov brz zavr\u0161etak.<\/strong><\/p>\n<p>Dvije godine kasnije, gotovo da niko sa sigurno\u0161\u0107u ne mo\u017ee re\u0107i kada \u0107e biti okon\u010dan postupak protiv biv\u0161ih pripadnika Vojske Jugoslavije, pukovniku Predragu Strugaru, Mom\u010dilu Barjaktarovi\u0107u (54), Petru Labudovi\u0107u (49), Acu Kne\u017eevi\u0107u, (43), Branislavu Radni\u0107u (42), Miru Bojovi\u0107u (42), Radomiru \u0110ura\u0161kovi\u0107u (45) i Boru Novakovi\u0107u (31).<\/p>\n<p>U me\u0111uvremenu, pred specijalnim ve\u0107em Vi\u0161eg suda u Bijelom Polju, kome predsjedava sudija Drago Konatar, prodefilovalo je stotinak svjedoka, uglavnom onih koje je predlo\u017eio zamjenik specijalnog tu\u017eioca Milosav Veli\u010dkovi\u0107.<\/p>\n<p>Razlog poslednjeg odlaganja je bolest jednog od optu\u017eenih, Bora Novakovi\u0107a, koji je iz bjelopoljskog zatvora hitno preba\u010den u Op\u0161tu bolnicu u Bijelom Polju.<\/p>\n<p>&#8211; Ako mu se ne\u0161to desi, smatra\u0107u odgovornim predsjednika ve\u0107a i advokata Veliju Muri\u0107a, koji svjesno odugovla\u010di ovaj proces &#8211; reagovao je advokat Slobodan Novakovi\u0107.<\/p>\n<p>&#8211; Zahtijevam da mu se smjesta ukine pritvor i omogu\u0107i da \u017eivi jo\u0161 nekoliko dana. Od ostalih optu\u017eenih saznao sam da se nalazi u kriti\u010dnom stanju. Nekoliko puta se onesve\u0161\u0107ivao prethodnih dana &#8211; obratio se sudskom ve\u0107u advokat Novakovi\u0107, ukazuju\u0107i da je zdravstveno stanje svih optu\u017eenih koji u zatvoru \u010dame punih 27 mjeseci izuzetno lo\u0161e.<\/p>\n<p>Koliko su ti ljudi ozbiljno bolesni, najbolje govori \u010dinjenica da je i optu\u017eenom Branimiru Radni\u0107u, pritvor ukinut zbog te\u0161kog oboljenja&#8230;<\/p>\n<p>&#8211; Su\u0111enje se nastavlja 12. aprila saslu\u0161anjem dva svjedoka, posle \u010dega \u0107e sudski vje\u0161tak dr Mihailo Kuli\u0161 dati svoje mi\u0161ljenje. Punomo\u0107nik o\u0161te\u0107enih porodica sa Kosova advokat iz Ro\u017eaja Velija Muri\u0107, podneo je prijedlog o saslu\u0161anju novih svjedoka. On tvrdi da su oni o\u010devici doga\u0111aja. Tra\u017eio sam od njega da spisak predlo\u017eenih svjedoka, s obzirom na stalna odlaganja pretresa, svede na minimum &#8211; bile su rije\u010di sudije Konatara, koje su dodatno raspalile strasti u sudnici.<\/p>\n<p>&#8211; Ima li u ovoj dr\u017eavi i pravosu\u0111u ikoga da se suprotstavi i da jednom prestanu da \u010de\u0161u j&#8230; Veliji Muri\u0107u i privedu ovaj slu\u010daj kraju &#8211; reagovao je Novakovi\u0107, ukazuju\u0107i da Muri\u0107 od po\u010detka odugovla\u010di postupak navodnim podno\u0161enjem spisa i dokaza, a sud ne preduzima ni\u0161ta da to okon\u010da, \u0161to je izazvalo sudiju Konatara da zatra\u017ei dostojanstveno pona\u0161anje i po\u0161tovanje suda.<\/p>\n<p>&#8211; Ne znam o kakvom se dostojanstvu ovdje pri\u010da. Da li je dostojanstveno dr\u017eati dvije godine i sedam mjeseci nevine ljude u zatvoru &#8211; upitao se Novakovi\u0107, posle \u010dega je u sudnici do\u0161lo do kome\u0161anja.<\/p>\n<p>Dopisni\u0161tvu \u201eNovosti\u201c u Beranama u utorak se obratilo nekoliko prodica \u010diji \u010dlanovi le\u017ee u bjelopoljskom zatvoru.<\/p>\n<p>&#8211; Stvar je jasna. Dokaza za krivicu optu\u017eenih nema. Ljudski je da se puste na slobodu do okon\u010danja pretresa, jer su se odazivali na svaki poziv policije i suda dok je postupak bio u predistra\u017enoj i istra\u017enoj fazi. Sada se tra\u017ee o\u010devici koji \u0107e prepoznati optu\u017eene. Zar to nije mogao da do sada u\u010dini niko od stotinak svjedoka i zar to nije vidljivo iz dokumentacije koja je pristigla iz Beograda &#8211; pitaju se ovi ljudi, koji strepe za \u017eivote najdra\u017eih, jer je njihovo zdravlje, i po medicinskoj dokumentaciji odavno ugro\u017eeno.<\/p>\n<p>Izvor: <strong>Novosti.rs<\/strong><\/p>\n","protected":false},"excerpt":{"rendered":"<p>Bijelo Polje , Ro\u017eaje &#8211; Kada je prije dvije godine po\u010delo su\u0111enje optu\u017eenima za ratni zlo\u010din u Kalu\u0111erskom lazu 1999. godine, samo neupu\u0107eni su mogli o\u010dekivati njegov brz zavr\u0161etak. Dvije godine kasnije, gotovo da niko sa sigurno\u0161\u0107u ne mo\u017ee re\u0107i kada \u0107e biti okon\u010dan postupak protiv biv\u0161ih pripadnika Vojske Jugoslavije, pukovniku Predragu Strugaru, Mom\u010dilu Barjaktarovi\u0107u [&hellip;]<\/p>\n","protected":false},"author":13,"featured_media":13701,"comment_status":"open","ping_status":"open","sticky":false,"template":"","format":"standard","meta":{"footnotes":""},"categories":[398,396,801],"tags":[],"class_list":{"0":"post-13700","1":"post","2":"type-post","3":"status-publish","4":"format-standard","5":"has-post-thumbnail","7":"category-rozaje","8":"category-bijelo_polje","9":"category-crna_hronika"},"yoast_head":"<!-- This site is optimized with the Yoast SEO Premium plugin v23.1 (Yoast SEO v24.9) - https:\/\/yoast.com\/wordpress\/plugins\/seo\/ -->\n<title>Optu\u017eeni za ratni zlo\u010din dvije godine u pritvoru<\/title>\n<meta name=\"robots\" content=\"index, follow, max-snippet:-1, max-image-preview:large, max-video-preview:-1\" \/>\n<link rel=\"canonical\" href=\"https:\/\/sandzakpress.net\/arhiva\/optuzeni-za-ratni-zlocin-dvije-godine-u-pritvoru\/\" \/>\n<meta property=\"og:locale\" content=\"bs_BA\" \/>\n<meta property=\"og:type\" content=\"article\" \/>\n<meta property=\"og:title\" content=\"Optu\u017eeni za ratni zlo\u010din dvije godine u pritvoru\" \/>\n<meta property=\"og:description\" content=\"Bijelo Polje , Ro\u017eaje &#8211; Kada je prije dvije godine po\u010delo su\u0111enje optu\u017eenima za ratni zlo\u010din u Kalu\u0111erskom lazu 1999. godine, samo neupu\u0107eni su mogli o\u010dekivati njegov brz zavr\u0161etak. Dvije godine kasnije, gotovo da niko sa sigurno\u0161\u0107u ne mo\u017ee re\u0107i kada \u0107e biti okon\u010dan postupak protiv biv\u0161ih pripadnika Vojske Jugoslavije, pukovniku Predragu Strugaru, Mom\u010dilu Barjaktarovi\u0107u [&hellip;]\" \/>\n<meta property=\"og:url\" content=\"https:\/\/sandzakpress.net\/arhiva\/optuzeni-za-ratni-zlocin-dvije-godine-u-pritvoru\/\" \/>\n<meta property=\"og:site_name\" content=\"Sand\u017eak PRESS\" \/>\n<meta property=\"article:published_time\" content=\"2011-03-10T09:02:43+00:00\" \/>\n<meta property=\"og:image\" content=\"https:\/\/sandzakpress.net\/arhiva\/wp-content\/uploads\/2011\/03\/cg-Goran-Rodic-i-Slobodan-N_310x186.jpg\" \/>\n\t<meta property=\"og:image:width\" content=\"310\" \/>\n\t<meta property=\"og:image:height\" content=\"186\" \/>\n\t<meta property=\"og:image:type\" content=\"image\/jpeg\" \/>\n<meta name=\"twitter:card\" content=\"summary_large_image\" \/>\n<meta name=\"twitter:label1\" content=\"Written by\" \/>\n\t<meta name=\"twitter:data1\" content=\"\" \/>\n\t<meta name=\"twitter:label2\" content=\"Est. reading time\" \/>\n\t<meta name=\"twitter:data2\" content=\"3 minute\" \/>\n<script type=\"application\/ld+json\" class=\"yoast-schema-graph\">{\"@context\":\"https:\/\/schema.org\",\"@graph\":[{\"@type\":\"Article\",\"@id\":\"https:\/\/sandzakpress.net\/arhiva\/optuzeni-za-ratni-zlocin-dvije-godine-u-pritvoru\/#article\",\"isPartOf\":{\"@id\":\"https:\/\/sandzakpress.net\/arhiva\/optuzeni-za-ratni-zlocin-dvije-godine-u-pritvoru\/\"},\"author\":{\"name\":\"\",\"@id\":\"\"},\"headline\":\"Optu\u017eeni za ratni zlo\u010din dvije godine u pritvoru\",\"datePublished\":\"2011-03-10T09:02:43+00:00\",\"mainEntityOfPage\":{\"@id\":\"https:\/\/sandzakpress.net\/arhiva\/optuzeni-za-ratni-zlocin-dvije-godine-u-pritvoru\/\"},\"wordCount\":600,\"commentCount\":0,\"publisher\":{\"@id\":\"https:\/\/sandzakpress.net\/arhiva\/#\/schema\/person\/6e72b67d6e51910a1117b3b483ba20bd\"},\"image\":{\"@id\":\"https:\/\/sandzakpress.net\/arhiva\/optuzeni-za-ratni-zlocin-dvije-godine-u-pritvoru\/#primaryimage\"},\"thumbnailUrl\":\"https:\/\/sandzakpress.net\/arhiva\/wp-content\/uploads\/2011\/03\/cg-Goran-Rodic-i-Slobodan-N_310x186.jpg\",\"articleSection\":[\"Ro\u017eaje\",\"Bijelo Polje\",\"Hronika\"],\"inLanguage\":\"bs-BA\",\"potentialAction\":[{\"@type\":\"CommentAction\",\"name\":\"Comment\",\"target\":[\"https:\/\/sandzakpress.net\/arhiva\/optuzeni-za-ratni-zlocin-dvije-godine-u-pritvoru\/#respond\"]}]},{\"@type\":\"WebPage\",\"@id\":\"https:\/\/sandzakpress.net\/arhiva\/optuzeni-za-ratni-zlocin-dvije-godine-u-pritvoru\/\",\"url\":\"https:\/\/sandzakpress.net\/arhiva\/optuzeni-za-ratni-zlocin-dvije-godine-u-pritvoru\/\",\"name\":\"Optu\u017eeni za ratni zlo\u010din dvije godine u pritvoru\",\"isPartOf\":{\"@id\":\"https:\/\/sandzakpress.net\/arhiva\/#website\"},\"primaryImageOfPage\":{\"@id\":\"https:\/\/sandzakpress.net\/arhiva\/optuzeni-za-ratni-zlocin-dvije-godine-u-pritvoru\/#primaryimage\"},\"image\":{\"@id\":\"https:\/\/sandzakpress.net\/arhiva\/optuzeni-za-ratni-zlocin-dvije-godine-u-pritvoru\/#primaryimage\"},\"thumbnailUrl\":\"https:\/\/sandzakpress.net\/arhiva\/wp-content\/uploads\/2011\/03\/cg-Goran-Rodic-i-Slobodan-N_310x186.jpg\",\"datePublished\":\"2011-03-10T09:02:43+00:00\",\"breadcrumb\":{\"@id\":\"https:\/\/sandzakpress.net\/arhiva\/optuzeni-za-ratni-zlocin-dvije-godine-u-pritvoru\/#breadcrumb\"},\"inLanguage\":\"bs-BA\",\"potentialAction\":[{\"@type\":\"ReadAction\",\"target\":[\"https:\/\/sandzakpress.net\/arhiva\/optuzeni-za-ratni-zlocin-dvije-godine-u-pritvoru\/\"]}]},{\"@type\":\"ImageObject\",\"inLanguage\":\"bs-BA\",\"@id\":\"https:\/\/sandzakpress.net\/arhiva\/optuzeni-za-ratni-zlocin-dvije-godine-u-pritvoru\/#primaryimage\",\"url\":\"https:\/\/sandzakpress.net\/arhiva\/wp-content\/uploads\/2011\/03\/cg-Goran-Rodic-i-Slobodan-N_310x186.jpg\",\"contentUrl\":\"https:\/\/sandzakpress.net\/arhiva\/wp-content\/uploads\/2011\/03\/cg-Goran-Rodic-i-Slobodan-N_310x186.jpg\",\"width\":310,\"height\":186},{\"@type\":\"BreadcrumbList\",\"@id\":\"https:\/\/sandzakpress.net\/arhiva\/optuzeni-za-ratni-zlocin-dvije-godine-u-pritvoru\/#breadcrumb\",\"itemListElement\":[{\"@type\":\"ListItem\",\"position\":1,\"name\":\"Home\",\"item\":\"https:\/\/sandzakpress.net\/arhiva\/\"},{\"@type\":\"ListItem\",\"position\":2,\"name\":\"Optu\u017eeni za ratni zlo\u010din dvije godine u pritvoru\"}]},{\"@type\":\"WebSite\",\"@id\":\"https:\/\/sandzakpress.net\/arhiva\/#website\",\"url\":\"https:\/\/sandzakpress.net\/arhiva\/\",\"name\":\"Sand\u017eak PRESS\",\"description\":\"Prve elektronske novine u Sand\u017eaku\",\"publisher\":{\"@id\":\"https:\/\/sandzakpress.net\/arhiva\/#\/schema\/person\/6e72b67d6e51910a1117b3b483ba20bd\"},\"potentialAction\":[{\"@type\":\"SearchAction\",\"target\":{\"@type\":\"EntryPoint\",\"urlTemplate\":\"https:\/\/sandzakpress.net\/arhiva\/?s={search_term_string}\"},\"query-input\":{\"@type\":\"PropertyValueSpecification\",\"valueRequired\":true,\"valueName\":\"search_term_string\"}}],\"inLanguage\":\"bs-BA\"},{\"@type\":[\"Person\",\"Organization\"],\"@id\":\"https:\/\/sandzakpress.net\/arhiva\/#\/schema\/person\/6e72b67d6e51910a1117b3b483ba20bd\",\"name\":\"Kul\",\"image\":{\"@type\":\"ImageObject\",\"inLanguage\":\"bs-BA\",\"@id\":\"https:\/\/sandzakpress.net\/arhiva\/#\/schema\/person\/image\/\",\"url\":\"https:\/\/secure.gravatar.com\/avatar\/42263f39aa27ac04c43cab85c280eb2e?s=96&d=mm&r=pg\",\"contentUrl\":\"https:\/\/secure.gravatar.com\/avatar\/42263f39aa27ac04c43cab85c280eb2e?s=96&d=mm&r=pg\",\"caption\":\"Kul\"},\"logo\":{\"@id\":\"https:\/\/sandzakpress.net\/arhiva\/#\/schema\/person\/image\/\"}},{\"@type\":\"Person\",\"@id\":\"\",\"url\":\"https:\/\/sandzakpress.net\/arhiva\/author\/\"}]}<\/script>\n<!-- \/ Yoast SEO Premium plugin. -->","yoast_head_json":{"title":"Optu\u017eeni za ratni zlo\u010din dvije godine u pritvoru","robots":{"index":"index","follow":"follow","max-snippet":"max-snippet:-1","max-image-preview":"max-image-preview:large","max-video-preview":"max-video-preview:-1"},"canonical":"https:\/\/sandzakpress.net\/arhiva\/optuzeni-za-ratni-zlocin-dvije-godine-u-pritvoru\/","og_locale":"bs_BA","og_type":"article","og_title":"Optu\u017eeni za ratni zlo\u010din dvije godine u pritvoru","og_description":"Bijelo Polje , Ro\u017eaje &#8211; Kada je prije dvije godine po\u010delo su\u0111enje optu\u017eenima za ratni zlo\u010din u Kalu\u0111erskom lazu 1999. godine, samo neupu\u0107eni su mogli o\u010dekivati njegov brz zavr\u0161etak. Dvije godine kasnije, gotovo da niko sa sigurno\u0161\u0107u ne mo\u017ee re\u0107i kada \u0107e biti okon\u010dan postupak protiv biv\u0161ih pripadnika Vojske Jugoslavije, pukovniku Predragu Strugaru, Mom\u010dilu Barjaktarovi\u0107u [&hellip;]","og_url":"https:\/\/sandzakpress.net\/arhiva\/optuzeni-za-ratni-zlocin-dvije-godine-u-pritvoru\/","og_site_name":"Sand\u017eak PRESS","article_published_time":"2011-03-10T09:02:43+00:00","og_image":[{"width":310,"height":186,"url":"https:\/\/sandzakpress.net\/arhiva\/wp-content\/uploads\/2011\/03\/cg-Goran-Rodic-i-Slobodan-N_310x186.jpg","type":"image\/jpeg"}],"twitter_card":"summary_large_image","twitter_misc":{"Written by":"","Est. reading time":"3 minute"},"schema":{"@context":"https:\/\/schema.org","@graph":[{"@type":"Article","@id":"https:\/\/sandzakpress.net\/arhiva\/optuzeni-za-ratni-zlocin-dvije-godine-u-pritvoru\/#article","isPartOf":{"@id":"https:\/\/sandzakpress.net\/arhiva\/optuzeni-za-ratni-zlocin-dvije-godine-u-pritvoru\/"},"author":{"name":"","@id":""},"headline":"Optu\u017eeni za ratni zlo\u010din dvije godine u pritvoru","datePublished":"2011-03-10T09:02:43+00:00","mainEntityOfPage":{"@id":"https:\/\/sandzakpress.net\/arhiva\/optuzeni-za-ratni-zlocin-dvije-godine-u-pritvoru\/"},"wordCount":600,"commentCount":0,"publisher":{"@id":"https:\/\/sandzakpress.net\/arhiva\/#\/schema\/person\/6e72b67d6e51910a1117b3b483ba20bd"},"image":{"@id":"https:\/\/sandzakpress.net\/arhiva\/optuzeni-za-ratni-zlocin-dvije-godine-u-pritvoru\/#primaryimage"},"thumbnailUrl":"https:\/\/sandzakpress.net\/arhiva\/wp-content\/uploads\/2011\/03\/cg-Goran-Rodic-i-Slobodan-N_310x186.jpg","articleSection":["Ro\u017eaje","Bijelo Polje","Hronika"],"inLanguage":"bs-BA","potentialAction":[{"@type":"CommentAction","name":"Comment","target":["https:\/\/sandzakpress.net\/arhiva\/optuzeni-za-ratni-zlocin-dvije-godine-u-pritvoru\/#respond"]}]},{"@type":"WebPage","@id":"https:\/\/sandzakpress.net\/arhiva\/optuzeni-za-ratni-zlocin-dvije-godine-u-pritvoru\/","url":"https:\/\/sandzakpress.net\/arhiva\/optuzeni-za-ratni-zlocin-dvije-godine-u-pritvoru\/","name":"Optu\u017eeni za ratni zlo\u010din dvije godine u pritvoru","isPartOf":{"@id":"https:\/\/sandzakpress.net\/arhiva\/#website"},"primaryImageOfPage":{"@id":"https:\/\/sandzakpress.net\/arhiva\/optuzeni-za-ratni-zlocin-dvije-godine-u-pritvoru\/#primaryimage"},"image":{"@id":"https:\/\/sandzakpress.net\/arhiva\/optuzeni-za-ratni-zlocin-dvije-godine-u-pritvoru\/#primaryimage"},"thumbnailUrl":"https:\/\/sandzakpress.net\/arhiva\/wp-content\/uploads\/2011\/03\/cg-Goran-Rodic-i-Slobodan-N_310x186.jpg","datePublished":"2011-03-10T09:02:43+00:00","breadcrumb":{"@id":"https:\/\/sandzakpress.net\/arhiva\/optuzeni-za-ratni-zlocin-dvije-godine-u-pritvoru\/#breadcrumb"},"inLanguage":"bs-BA","potentialAction":[{"@type":"ReadAction","target":["https:\/\/sandzakpress.net\/arhiva\/optuzeni-za-ratni-zlocin-dvije-godine-u-pritvoru\/"]}]},{"@type":"ImageObject","inLanguage":"bs-BA","@id":"https:\/\/sandzakpress.net\/arhiva\/optuzeni-za-ratni-zlocin-dvije-godine-u-pritvoru\/#primaryimage","url":"https:\/\/sandzakpress.net\/arhiva\/wp-content\/uploads\/2011\/03\/cg-Goran-Rodic-i-Slobodan-N_310x186.jpg","contentUrl":"https:\/\/sandzakpress.net\/arhiva\/wp-content\/uploads\/2011\/03\/cg-Goran-Rodic-i-Slobodan-N_310x186.jpg","width":310,"height":186},{"@type":"BreadcrumbList","@id":"https:\/\/sandzakpress.net\/arhiva\/optuzeni-za-ratni-zlocin-dvije-godine-u-pritvoru\/#breadcrumb","itemListElement":[{"@type":"ListItem","position":1,"name":"Home","item":"https:\/\/sandzakpress.net\/arhiva\/"},{"@type":"ListItem","position":2,"name":"Optu\u017eeni za ratni zlo\u010din dvije godine u pritvoru"}]},{"@type":"WebSite","@id":"https:\/\/sandzakpress.net\/arhiva\/#website","url":"https:\/\/sandzakpress.net\/arhiva\/","name":"Sand\u017eak PRESS","description":"Prve elektronske novine u Sand\u017eaku","publisher":{"@id":"https:\/\/sandzakpress.net\/arhiva\/#\/schema\/person\/6e72b67d6e51910a1117b3b483ba20bd"},"potentialAction":[{"@type":"SearchAction","target":{"@type":"EntryPoint","urlTemplate":"https:\/\/sandzakpress.net\/arhiva\/?s={search_term_string}"},"query-input":{"@type":"PropertyValueSpecification","valueRequired":true,"valueName":"search_term_string"}}],"inLanguage":"bs-BA"},{"@type":["Person","Organization"],"@id":"https:\/\/sandzakpress.net\/arhiva\/#\/schema\/person\/6e72b67d6e51910a1117b3b483ba20bd","name":"Kul","image":{"@type":"ImageObject","inLanguage":"bs-BA","@id":"https:\/\/sandzakpress.net\/arhiva\/#\/schema\/person\/image\/","url":"https:\/\/secure.gravatar.com\/avatar\/42263f39aa27ac04c43cab85c280eb2e?s=96&d=mm&r=pg","contentUrl":"https:\/\/secure.gravatar.com\/avatar\/42263f39aa27ac04c43cab85c280eb2e?s=96&d=mm&r=pg","caption":"Kul"},"logo":{"@id":"https:\/\/sandzakpress.net\/arhiva\/#\/schema\/person\/image\/"}},{"@type":"Person","@id":"","url":"https:\/\/sandzakpress.net\/arhiva\/author\/"}]}},"_links":{"self":[{"href":"https:\/\/sandzakpress.net\/arhiva\/wp-json\/wp\/v2\/posts\/13700"}],"collection":[{"href":"https:\/\/sandzakpress.net\/arhiva\/wp-json\/wp\/v2\/posts"}],"about":[{"href":"https:\/\/sandzakpress.net\/arhiva\/wp-json\/wp\/v2\/types\/post"}],"author":[{"embeddable":true,"href":"https:\/\/sandzakpress.net\/arhiva\/wp-json\/wp\/v2\/users\/13"}],"replies":[{"embeddable":true,"href":"https:\/\/sandzakpress.net\/arhiva\/wp-json\/wp\/v2\/comments?post=13700"}],"version-history":[{"count":0,"href":"https:\/\/sandzakpress.net\/arhiva\/wp-json\/wp\/v2\/posts\/13700\/revisions"}],"wp:featuredmedia":[{"embeddable":true,"href":"https:\/\/sandzakpress.net\/arhiva\/wp-json\/wp\/v2\/media\/13701"}],"wp:attachment":[{"href":"https:\/\/sandzakpress.net\/arhiva\/wp-json\/wp\/v2\/media?parent=13700"}],"wp:term":[{"taxonomy":"category","embeddable":true,"href":"https:\/\/sandzakpress.net\/arhiva\/wp-json\/wp\/v2\/categories?post=13700"},{"taxonomy":"post_tag","embeddable":true,"href":"https:\/\/sandzakpress.net\/arhiva\/wp-json\/wp\/v2\/tags?post=13700"}],"curies":[{"name":"wp","href":"https:\/\/api.w.org\/{rel}","templated":true}]}}