{"id":136837,"date":"2015-09-12T18:46:26","date_gmt":"2015-09-12T16:46:26","guid":{"rendered":"https:\/\/sandzakpress.net\/arhiva\/autobusi-sa-izbjeglicama-stoje-centri-prebukirani-2"},"modified":"2015-09-12T18:46:26","modified_gmt":"2015-09-12T16:46:26","slug":"autobusi-sa-izbjeglicama-stoje-centri-prebukirani-2","status":"publish","type":"post","link":"https:\/\/sandzakpress.net\/arhiva\/autobusi-sa-izbjeglicama-stoje-centri-prebukirani-2\/","title":{"rendered":"Autobusi sa izbjeglicama stoje, centri prebukirani"},"content":{"rendered":"<p><strong>Zapad \u2013 U Ma\u0111arskoj tokom no\u0107i 20 autobusa prebacilo izbjeglice u prihvatne centre u kojima vi\u0161e nema mjesta.<\/strong><\/p>\n<\/p>\n<p>Autobusi sa jutros ukrcanim izbjeglicama u Ma\u0111arskoj ne mogu da krenu, jer su prihvatni centri trenutno prebukirani i \u010deka se da se za njih oslobode mjesta.<\/p>\n<p>U Ma\u0111arskoj je tokom no\u0107i 20 autobusa prebacilo izbjeglice iz sabirnog u prihvatne centre.<\/p>\n<p>Reporter dr\u017eavne televizije M1 sa lica mjesta izvje\u0161tava da je naglo porastao broj dolazaka izbjeglica iz pravca Srbije, kako autobusima, tako i taksi i obi\u010dnim vozilima.<\/p>\n<p>Tokom ju\u010dera\u0161njeg dana na teritoriji Ma\u0111arske registrirana su 3.023 ilegalna prelaska granice, protiv 13 osoba je pokrenut postupak zbog krijum\u010darenja ljudi, protiv dvije zbog falsificiranja isprava, saop\u0107ila je danas policija Ma\u0111arske.<\/p>\n<\/p>\n<p>Novi nemiri izbili su sino\u0107 u centru za izbjeglice u mjestu Roszce, u blizini granice sa Srbijom.<\/p>\n<p>Kako izvje\u0161tava dr\u017eavna televizija Ma\u0111arske M1, sino\u0107 poslije 20 sati grupa od 200 izbjeglica ponovo je po\u010dela proteste zbog obavezne registracije i uzimanja otisaka prstiju.<\/p>\n<p>Reporter ove televizije izvje\u0161tava da izbjeglice ni u koga nemaju povjerenja i da su uzvikivali parole \u201cNjema\u010dka, Njema\u010dka\u201d.<\/p>\n<p>Izbjeglice nisu \u017eeljele da u\u0111u u autobuse koji bi ih prebacili do prihvatnih centara, a neki od njih su iz protesta sjedeli ispred autobusa.<\/p>\n<p><strong>Orban: EU neka da tri milijarde eura susjedima Sirije<\/strong><\/p>\n<p>Ma\u0111arski premijer Viktor Orban, \u010dija zemlja je izlo\u017eena kritikama zbog o\u0161trog tretmana prema izbjeglicama, predlo\u017eio je danas da Evropska unija da tri milijarde eura pomo\u0107i susjedima Sirije kako bi se na taj na\u010din sprije\u010dio ogromni priliv izbjeglica.<\/p>\n<p>Orban je u intervjuu za njema\u010dki list <em>Bild<\/em> rekao kako \u017eeli da EU da novac Turskoj, Libanu i Jordanu, prvim zemljama u koje do\u0111u Sirijci kad napuste svoju zemlju bje\u017ee\u0107i pred ratom, prenijela je agencija AFP.<\/p>\n<\/p>\n<p>\u201cImamo plan, koji \u0107u predstaviti liderima Evropske unije na na\u0161em sljede\u0107em sastanku, a koji predvi\u0111a osiguravanje ogromne finansijske pomo\u0107i zemljama koje grani\u010de sa Sirijom\u201d, rekao je ma\u0111arski premijer.<\/p>\n<p>\u201cUkoliko je potrebno vi\u0161e novca, pove\u0107at \u0107emo pomo\u0107 sve dok priliv izbjeglica ne presu\u0161i\u201d, rekao je Orban i dodao: \u201cTi migranti ne dolaze iz ratnih zona, ve\u0107 iz kampova iz tih susjednih zemalja, gdje su bili sigurni. Oni ne bje\u017ee od opasnosti, oni su ve\u0107 pobjegli i ne bi vi\u0161e trebalo da strahuju za svoje \u017eivote.\u201d<\/p>\n<p>\u201cOni ne dolaze u Evropu zato \u0161to tragaju za sigurno\u0161\u0107u, ve\u0107 zato \u0161to \u017eele bolji \u017eivot nego \u0161to ga imaju u kampu. Oni \u017eele njema\u010dki \u017eivot ili mo\u017eda \u0161vedski \u017eivot\u201d, rekao je Orban.<\/p>\n<p>Premijer Ma\u0111arske Vlade je, me\u0111utim, istakao: \u201c\u010cinjenica je da ne postoji takvo osnovno pravo kao \u0161to je pravo na bolji \u017eivot, ve\u0107 samo pravo na sigurnost i ljudsko dostojanstvo.\u201d<\/p>\n<p><strong>UNHCR: Srbija u humanitarnoj krizi<\/strong><\/p>\n<p>Hladno\u0107a i ki\u0161a pogor\u0161ali su stanje hiljade izbjeglica u Srbiji, a glasnogovornica UNHCR-a Melita \u0160unji\u0107 kazala je da se Srbija nalazi u \u201chumanitarnoj krizi\u201c.<\/p>\n<p>Oko 250.000 izbjeglica je od po\u010detka godine pro\u0161lo Makedonijom i Srbijom, \u0161to je izazovna situacija, koju je Srbija do sada relativno dobro savladala, rekla je za be\u010dke medije.<\/p>\n<p>\u201eLjudi sada dolaze potpuno mokri i promrzli u Beograd, a deca pla\u010du sve vreme\u201c, prenela je \u0160unji\u0107 aktuelno stanje.<\/p>\n<p>UNHCR o\u010dekuje da \u0107e idu\u0107e sedmice najmanje 42.000 izbjeglica poku\u0161ati da u\u0111e u Ma\u0111arsku, a razlog za to je poo\u0161treni zakon koji stupa na snagu u toj zemlji, a koji ilegalni prelazak granice ka\u017enjava zatvorom.<\/p>\n<p><em>Izvor: Al Jazeera i agencije<\/em><\/p>\n<p>Pogledajte vijest na izvornom sajtu:<\/p>\n<p><a href=\"http:\/\/islampress.net\/dijeli\/autobusi-sa-izbjeglicama-stoje-centri-prebukirani\" target=\"_blank\">Autobusi sa izbjeglicama stoje, centri prebukirani<\/a><\/p>\n","protected":false},"excerpt":{"rendered":"<p>Zapad \u2013 U Ma\u0111arskoj tokom no\u0107i 20 autobusa prebacilo izbjeglice u prihvatne centre u kojima vi\u0161e nema mjesta. Autobusi sa jutros ukrcanim izbjeglicama u Ma\u0111arskoj ne mogu da krenu, jer su prihvatni centri trenutno prebukirani i \u010deka se da se za njih oslobode mjesta. U Ma\u0111arskoj je tokom no\u0107i 20 autobusa prebacilo izbjeglice iz sabirnog [&hellip;]<\/p>\n","protected":false},"author":83,"featured_media":0,"comment_status":"open","ping_status":"open","sticky":false,"template":"","format":"standard","meta":{"footnotes":""},"categories":[9],"tags":[10499],"class_list":{"0":"post-136837","1":"post","2":"type-post","3":"status-publish","4":"format-standard","6":"category-svijet","7":"tag-a"},"yoast_head":"<!-- This site is optimized with the Yoast SEO Premium plugin v23.1 (Yoast SEO v24.9) - https:\/\/yoast.com\/wordpress\/plugins\/seo\/ -->\n<title>Autobusi sa izbjeglicama stoje, centri prebukirani<\/title>\n<meta name=\"robots\" content=\"index, follow, max-snippet:-1, max-image-preview:large, max-video-preview:-1\" \/>\n<link rel=\"canonical\" href=\"https:\/\/sandzakpress.net\/arhiva\/autobusi-sa-izbjeglicama-stoje-centri-prebukirani-2\/\" \/>\n<meta property=\"og:locale\" content=\"bs_BA\" \/>\n<meta property=\"og:type\" content=\"article\" \/>\n<meta property=\"og:title\" content=\"Autobusi sa izbjeglicama stoje, centri prebukirani\" \/>\n<meta property=\"og:description\" content=\"Zapad \u2013 U Ma\u0111arskoj tokom no\u0107i 20 autobusa prebacilo izbjeglice u prihvatne centre u kojima vi\u0161e nema mjesta. Autobusi sa jutros ukrcanim izbjeglicama u Ma\u0111arskoj ne mogu da krenu, jer su prihvatni centri trenutno prebukirani i \u010deka se da se za njih oslobode mjesta. U Ma\u0111arskoj je tokom no\u0107i 20 autobusa prebacilo izbjeglice iz sabirnog [&hellip;]\" \/>\n<meta property=\"og:url\" content=\"https:\/\/sandzakpress.net\/arhiva\/autobusi-sa-izbjeglicama-stoje-centri-prebukirani-2\/\" \/>\n<meta property=\"og:site_name\" content=\"Sand\u017eak PRESS\" \/>\n<meta property=\"article:published_time\" content=\"2015-09-12T16:46:26+00:00\" \/>\n<meta name=\"author\" content=\"bosniak\" \/>\n<meta name=\"twitter:card\" content=\"summary_large_image\" \/>\n<meta name=\"twitter:label1\" content=\"Written by\" \/>\n\t<meta name=\"twitter:data1\" content=\"bosniak\" \/>\n\t<meta name=\"twitter:label2\" content=\"Est. reading time\" \/>\n\t<meta name=\"twitter:data2\" content=\"3 minute\" \/>\n<script type=\"application\/ld+json\" class=\"yoast-schema-graph\">{\"@context\":\"https:\/\/schema.org\",\"@graph\":[{\"@type\":\"Article\",\"@id\":\"https:\/\/sandzakpress.net\/arhiva\/autobusi-sa-izbjeglicama-stoje-centri-prebukirani-2\/#article\",\"isPartOf\":{\"@id\":\"https:\/\/sandzakpress.net\/arhiva\/autobusi-sa-izbjeglicama-stoje-centri-prebukirani-2\/\"},\"author\":{\"name\":\"bosniak\",\"@id\":\"https:\/\/sandzakpress.net\/arhiva\/#\/schema\/person\/c8baee722073534b583ea7bdb2e36c02\"},\"headline\":\"Autobusi sa izbjeglicama stoje, centri prebukirani\",\"datePublished\":\"2015-09-12T16:46:26+00:00\",\"mainEntityOfPage\":{\"@id\":\"https:\/\/sandzakpress.net\/arhiva\/autobusi-sa-izbjeglicama-stoje-centri-prebukirani-2\/\"},\"wordCount\":615,\"commentCount\":0,\"publisher\":{\"@id\":\"https:\/\/sandzakpress.net\/arhiva\/#\/schema\/person\/6e72b67d6e51910a1117b3b483ba20bd\"},\"keywords\":[\"A\"],\"articleSection\":[\"Svijet\"],\"inLanguage\":\"bs-BA\",\"potentialAction\":[{\"@type\":\"CommentAction\",\"name\":\"Comment\",\"target\":[\"https:\/\/sandzakpress.net\/arhiva\/autobusi-sa-izbjeglicama-stoje-centri-prebukirani-2\/#respond\"]}]},{\"@type\":\"WebPage\",\"@id\":\"https:\/\/sandzakpress.net\/arhiva\/autobusi-sa-izbjeglicama-stoje-centri-prebukirani-2\/\",\"url\":\"https:\/\/sandzakpress.net\/arhiva\/autobusi-sa-izbjeglicama-stoje-centri-prebukirani-2\/\",\"name\":\"Autobusi sa izbjeglicama stoje, centri prebukirani\",\"isPartOf\":{\"@id\":\"https:\/\/sandzakpress.net\/arhiva\/#website\"},\"datePublished\":\"2015-09-12T16:46:26+00:00\",\"breadcrumb\":{\"@id\":\"https:\/\/sandzakpress.net\/arhiva\/autobusi-sa-izbjeglicama-stoje-centri-prebukirani-2\/#breadcrumb\"},\"inLanguage\":\"bs-BA\",\"potentialAction\":[{\"@type\":\"ReadAction\",\"target\":[\"https:\/\/sandzakpress.net\/arhiva\/autobusi-sa-izbjeglicama-stoje-centri-prebukirani-2\/\"]}]},{\"@type\":\"BreadcrumbList\",\"@id\":\"https:\/\/sandzakpress.net\/arhiva\/autobusi-sa-izbjeglicama-stoje-centri-prebukirani-2\/#breadcrumb\",\"itemListElement\":[{\"@type\":\"ListItem\",\"position\":1,\"name\":\"Home\",\"item\":\"https:\/\/sandzakpress.net\/arhiva\/\"},{\"@type\":\"ListItem\",\"position\":2,\"name\":\"Autobusi sa izbjeglicama stoje, centri prebukirani\"}]},{\"@type\":\"WebSite\",\"@id\":\"https:\/\/sandzakpress.net\/arhiva\/#website\",\"url\":\"https:\/\/sandzakpress.net\/arhiva\/\",\"name\":\"Sand\u017eak PRESS\",\"description\":\"Prve elektronske novine u Sand\u017eaku\",\"publisher\":{\"@id\":\"https:\/\/sandzakpress.net\/arhiva\/#\/schema\/person\/6e72b67d6e51910a1117b3b483ba20bd\"},\"potentialAction\":[{\"@type\":\"SearchAction\",\"target\":{\"@type\":\"EntryPoint\",\"urlTemplate\":\"https:\/\/sandzakpress.net\/arhiva\/?s={search_term_string}\"},\"query-input\":{\"@type\":\"PropertyValueSpecification\",\"valueRequired\":true,\"valueName\":\"search_term_string\"}}],\"inLanguage\":\"bs-BA\"},{\"@type\":[\"Person\",\"Organization\"],\"@id\":\"https:\/\/sandzakpress.net\/arhiva\/#\/schema\/person\/6e72b67d6e51910a1117b3b483ba20bd\",\"name\":\"Kul\",\"image\":{\"@type\":\"ImageObject\",\"inLanguage\":\"bs-BA\",\"@id\":\"https:\/\/sandzakpress.net\/arhiva\/#\/schema\/person\/image\/\",\"url\":\"https:\/\/secure.gravatar.com\/avatar\/42263f39aa27ac04c43cab85c280eb2e?s=96&d=mm&r=pg\",\"contentUrl\":\"https:\/\/secure.gravatar.com\/avatar\/42263f39aa27ac04c43cab85c280eb2e?s=96&d=mm&r=pg\",\"caption\":\"Kul\"},\"logo\":{\"@id\":\"https:\/\/sandzakpress.net\/arhiva\/#\/schema\/person\/image\/\"}},{\"@type\":\"Person\",\"@id\":\"https:\/\/sandzakpress.net\/arhiva\/#\/schema\/person\/c8baee722073534b583ea7bdb2e36c02\",\"name\":\"bosniak\",\"image\":{\"@type\":\"ImageObject\",\"inLanguage\":\"bs-BA\",\"@id\":\"https:\/\/sandzakpress.net\/arhiva\/#\/schema\/person\/image\/\",\"url\":\"https:\/\/secure.gravatar.com\/avatar\/a04fd330bfe3a36a72a0ad4a6d89fca7?s=96&d=mm&r=pg\",\"contentUrl\":\"https:\/\/secure.gravatar.com\/avatar\/a04fd330bfe3a36a72a0ad4a6d89fca7?s=96&d=mm&r=pg\",\"caption\":\"bosniak\"},\"url\":\"https:\/\/sandzakpress.net\/arhiva\/author\/bosniak\/\"}]}<\/script>\n<!-- \/ Yoast SEO Premium plugin. -->","yoast_head_json":{"title":"Autobusi sa izbjeglicama stoje, centri prebukirani","robots":{"index":"index","follow":"follow","max-snippet":"max-snippet:-1","max-image-preview":"max-image-preview:large","max-video-preview":"max-video-preview:-1"},"canonical":"https:\/\/sandzakpress.net\/arhiva\/autobusi-sa-izbjeglicama-stoje-centri-prebukirani-2\/","og_locale":"bs_BA","og_type":"article","og_title":"Autobusi sa izbjeglicama stoje, centri prebukirani","og_description":"Zapad \u2013 U Ma\u0111arskoj tokom no\u0107i 20 autobusa prebacilo izbjeglice u prihvatne centre u kojima vi\u0161e nema mjesta. Autobusi sa jutros ukrcanim izbjeglicama u Ma\u0111arskoj ne mogu da krenu, jer su prihvatni centri trenutno prebukirani i \u010deka se da se za njih oslobode mjesta. U Ma\u0111arskoj je tokom no\u0107i 20 autobusa prebacilo izbjeglice iz sabirnog [&hellip;]","og_url":"https:\/\/sandzakpress.net\/arhiva\/autobusi-sa-izbjeglicama-stoje-centri-prebukirani-2\/","og_site_name":"Sand\u017eak PRESS","article_published_time":"2015-09-12T16:46:26+00:00","author":"bosniak","twitter_card":"summary_large_image","twitter_misc":{"Written by":"bosniak","Est. reading time":"3 minute"},"schema":{"@context":"https:\/\/schema.org","@graph":[{"@type":"Article","@id":"https:\/\/sandzakpress.net\/arhiva\/autobusi-sa-izbjeglicama-stoje-centri-prebukirani-2\/#article","isPartOf":{"@id":"https:\/\/sandzakpress.net\/arhiva\/autobusi-sa-izbjeglicama-stoje-centri-prebukirani-2\/"},"author":{"name":"bosniak","@id":"https:\/\/sandzakpress.net\/arhiva\/#\/schema\/person\/c8baee722073534b583ea7bdb2e36c02"},"headline":"Autobusi sa izbjeglicama stoje, centri prebukirani","datePublished":"2015-09-12T16:46:26+00:00","mainEntityOfPage":{"@id":"https:\/\/sandzakpress.net\/arhiva\/autobusi-sa-izbjeglicama-stoje-centri-prebukirani-2\/"},"wordCount":615,"commentCount":0,"publisher":{"@id":"https:\/\/sandzakpress.net\/arhiva\/#\/schema\/person\/6e72b67d6e51910a1117b3b483ba20bd"},"keywords":["A"],"articleSection":["Svijet"],"inLanguage":"bs-BA","potentialAction":[{"@type":"CommentAction","name":"Comment","target":["https:\/\/sandzakpress.net\/arhiva\/autobusi-sa-izbjeglicama-stoje-centri-prebukirani-2\/#respond"]}]},{"@type":"WebPage","@id":"https:\/\/sandzakpress.net\/arhiva\/autobusi-sa-izbjeglicama-stoje-centri-prebukirani-2\/","url":"https:\/\/sandzakpress.net\/arhiva\/autobusi-sa-izbjeglicama-stoje-centri-prebukirani-2\/","name":"Autobusi sa izbjeglicama stoje, centri prebukirani","isPartOf":{"@id":"https:\/\/sandzakpress.net\/arhiva\/#website"},"datePublished":"2015-09-12T16:46:26+00:00","breadcrumb":{"@id":"https:\/\/sandzakpress.net\/arhiva\/autobusi-sa-izbjeglicama-stoje-centri-prebukirani-2\/#breadcrumb"},"inLanguage":"bs-BA","potentialAction":[{"@type":"ReadAction","target":["https:\/\/sandzakpress.net\/arhiva\/autobusi-sa-izbjeglicama-stoje-centri-prebukirani-2\/"]}]},{"@type":"BreadcrumbList","@id":"https:\/\/sandzakpress.net\/arhiva\/autobusi-sa-izbjeglicama-stoje-centri-prebukirani-2\/#breadcrumb","itemListElement":[{"@type":"ListItem","position":1,"name":"Home","item":"https:\/\/sandzakpress.net\/arhiva\/"},{"@type":"ListItem","position":2,"name":"Autobusi sa izbjeglicama stoje, centri prebukirani"}]},{"@type":"WebSite","@id":"https:\/\/sandzakpress.net\/arhiva\/#website","url":"https:\/\/sandzakpress.net\/arhiva\/","name":"Sand\u017eak PRESS","description":"Prve elektronske novine u Sand\u017eaku","publisher":{"@id":"https:\/\/sandzakpress.net\/arhiva\/#\/schema\/person\/6e72b67d6e51910a1117b3b483ba20bd"},"potentialAction":[{"@type":"SearchAction","target":{"@type":"EntryPoint","urlTemplate":"https:\/\/sandzakpress.net\/arhiva\/?s={search_term_string}"},"query-input":{"@type":"PropertyValueSpecification","valueRequired":true,"valueName":"search_term_string"}}],"inLanguage":"bs-BA"},{"@type":["Person","Organization"],"@id":"https:\/\/sandzakpress.net\/arhiva\/#\/schema\/person\/6e72b67d6e51910a1117b3b483ba20bd","name":"Kul","image":{"@type":"ImageObject","inLanguage":"bs-BA","@id":"https:\/\/sandzakpress.net\/arhiva\/#\/schema\/person\/image\/","url":"https:\/\/secure.gravatar.com\/avatar\/42263f39aa27ac04c43cab85c280eb2e?s=96&d=mm&r=pg","contentUrl":"https:\/\/secure.gravatar.com\/avatar\/42263f39aa27ac04c43cab85c280eb2e?s=96&d=mm&r=pg","caption":"Kul"},"logo":{"@id":"https:\/\/sandzakpress.net\/arhiva\/#\/schema\/person\/image\/"}},{"@type":"Person","@id":"https:\/\/sandzakpress.net\/arhiva\/#\/schema\/person\/c8baee722073534b583ea7bdb2e36c02","name":"bosniak","image":{"@type":"ImageObject","inLanguage":"bs-BA","@id":"https:\/\/sandzakpress.net\/arhiva\/#\/schema\/person\/image\/","url":"https:\/\/secure.gravatar.com\/avatar\/a04fd330bfe3a36a72a0ad4a6d89fca7?s=96&d=mm&r=pg","contentUrl":"https:\/\/secure.gravatar.com\/avatar\/a04fd330bfe3a36a72a0ad4a6d89fca7?s=96&d=mm&r=pg","caption":"bosniak"},"url":"https:\/\/sandzakpress.net\/arhiva\/author\/bosniak\/"}]}},"_links":{"self":[{"href":"https:\/\/sandzakpress.net\/arhiva\/wp-json\/wp\/v2\/posts\/136837"}],"collection":[{"href":"https:\/\/sandzakpress.net\/arhiva\/wp-json\/wp\/v2\/posts"}],"about":[{"href":"https:\/\/sandzakpress.net\/arhiva\/wp-json\/wp\/v2\/types\/post"}],"author":[{"embeddable":true,"href":"https:\/\/sandzakpress.net\/arhiva\/wp-json\/wp\/v2\/users\/83"}],"replies":[{"embeddable":true,"href":"https:\/\/sandzakpress.net\/arhiva\/wp-json\/wp\/v2\/comments?post=136837"}],"version-history":[{"count":0,"href":"https:\/\/sandzakpress.net\/arhiva\/wp-json\/wp\/v2\/posts\/136837\/revisions"}],"wp:attachment":[{"href":"https:\/\/sandzakpress.net\/arhiva\/wp-json\/wp\/v2\/media?parent=136837"}],"wp:term":[{"taxonomy":"category","embeddable":true,"href":"https:\/\/sandzakpress.net\/arhiva\/wp-json\/wp\/v2\/categories?post=136837"},{"taxonomy":"post_tag","embeddable":true,"href":"https:\/\/sandzakpress.net\/arhiva\/wp-json\/wp\/v2\/tags?post=136837"}],"curies":[{"name":"wp","href":"https:\/\/api.w.org\/{rel}","templated":true}]}}