{"id":136805,"date":"2015-09-12T18:45:08","date_gmt":"2015-09-12T16:45:08","guid":{"rendered":"https:\/\/sandzakpress.net\/arhiva\/?p=136805"},"modified":"2015-09-12T18:45:08","modified_gmt":"2015-09-12T16:45:08","slug":"formirana-asocijacija-albanskih-opstina-traze-policiju-bolnice-i-skole-gdje-je-sandzak-u-cijeloj-prici","status":"publish","type":"post","link":"https:\/\/sandzakpress.net\/arhiva\/formirana-asocijacija-albanskih-opstina-traze-policiju-bolnice-i-skole-gdje-je-sandzak-u-cijeloj-prici\/","title":{"rendered":"Formirana Asocijacija albanskih op\u0161tina &#8211; Tra\u017ee policiju, bolnice i \u0161kole &#8211; Gdje je Sand\u017eak u cijeloj pri\u010di?"},"content":{"rendered":"<div class=\"wrapper\">\n<p><img decoding=\"async\" src=\"http:\/\/cdn.tf.rs\/2015\/09\/12\/Albanski-odbornici-u-Presevu-1-620x350.jpg\" alt=\"\" \/><\/p>\n<p><strong>Pre\u0161evska dolina &#8211; Albanski odbornici op\u0161tina Pre\u0161evo, Medve\u0111e i Bujanovac sa krajnjeg juga Srbije na zajedni\u010dkoj sjednici danas su u Pre\u0161evu donijeli odluku o formiranju Asocijacije op\u0161tina nastanjenih Albancima u Pre\u0161evskoj dolini, javlja\u00a0 Anadolija.<\/strong><\/p>\n<p>Istakli su da ne tra\u017ee ni\u0161ta, ve\u0107 samo reciprocitet, odnosno, kako ka\u017eu, tra\u017ee samo ono \u0161to imaju Srbi koji \u017eive na Kosovu.<\/p>\n<p>\u201cS obzirom na Deklaraciju o ljudskim pravima (1948), Evropsku konvenciju o za\u0161titi ljudskih prava i osnovnih sloboda i njenih protokola, Konvenciju o za\u0161titi nacionalnih manjina, kao i druge me\u0111unarodne instrumente o za\u0161titi ljudskih prava, Skup\u0161tina albanskih odbornika Pre\u0161evske doline (Pre\u0161evo, Bujanovac i Medve\u0111a) donijela je odluku o formiranju Asocijacije op\u0161tina nastanjenih Albancima u Pre\u0161evskoj dolini\u201c, navodi se u dokumentu koji potpisuje Skup\u0161tina albanskih odbornika, u kojem dodaju:<\/p>\n<p>\u201cAsocijacija albanskih op\u0161tina Pre\u0161evske doline treba da bude isto kao Zajednica srpskih op\u0161tina u Republici Kosovo\u201c.<\/p>\n<div class=\"youtube-embed\" data-video_id=\"XOd1Hxap_mY\"><iframe loading=\"lazy\" title=\"Kosanovi\u0107 o formiranju Asocijacije tri op\u0161tine\" width=\"696\" height=\"392\" src=\"https:\/\/www.youtube.com\/embed\/XOd1Hxap_mY?start=52&#038;feature=oembed\" frameborder=\"0\" allow=\"accelerometer; autoplay; encrypted-media; gyroscope; picture-in-picture\" allowfullscreen><\/iframe><\/div>\n<p><strong>Ve\u010dina glasala za odluku<\/strong><\/p>\n<p>\u201cUkoliko eventualno do\u0111e do promjene statusa Srba u Republici Kosovo, baziraju\u0107i se na na\u010delu reciprociteta, Skup\u0161tina se obavezuje da donese Odluku i o promjeni statusa Albanaca Pre\u0161evske doline, u skladu sa referendumom od 1. i 2. marta 1992. godine\u201c, pi\u0161e u usvojenom dokumentu.\u00a0<\/p>\n<p>Odluka je donijeta ve\u0107inom glasova prisutnih 68 odbornika.<\/p>\n<p>U op\u0161tinama Pre\u0161evo, Bujanovac i Medve\u0111a od 114 odbornika, njih 74 je albanske nacionalnosti.<\/p>\n<p>Stranke koje su ranije podr\u017eale inicijativu predsjednika Nacionalnog savjeta Albanaca o formiranju asocijacije imaju 41 odbornika, a one koje se protive 33.\u00a0<\/p>\n<p><em>Izvor: Al Jazeera i agencije<\/em><\/p>\n<\/div>\n","protected":false},"excerpt":{"rendered":"<p>Pre\u0161evska dolina &#8211; Albanski odbornici op\u0161tina Pre\u0161evo, Medve\u0111e i Bujanovac sa krajnjeg juga Srbije na zajedni\u010dkoj sjednici danas su u Pre\u0161evu donijeli odluku o formiranju Asocijacije op\u0161tina nastanjenih Albancima u Pre\u0161evskoj dolini, javlja\u00a0 Anadolija. Istakli su da ne tra\u017ee ni\u0161ta, ve\u0107 samo reciprocitet, odnosno, kako ka\u017eu, tra\u017ee samo ono \u0161to imaju Srbi koji \u017eive na [&hellip;]<\/p>\n","protected":false},"author":83,"featured_media":136812,"comment_status":"open","ping_status":"open","sticky":false,"template":"","format":"standard","meta":{"footnotes":""},"categories":[72,1,52,327,392,393,394,8957],"tags":[10288],"class_list":{"0":"post-136805","1":"post","2":"type-post","3":"status-publish","4":"format-standard","5":"has-post-thumbnail","7":"category-novi-pazar","8":"category-politika","9":"category-sjenica","10":"category-tutin","11":"category-prijepolje_","12":"category-priboj","13":"category-nova-varos","14":"category-vijesti-dana","15":"tag-autonomija-sandzaka"},"yoast_head":"<!-- This site is optimized with the Yoast SEO Premium plugin v23.1 (Yoast SEO v24.9) - https:\/\/yoast.com\/wordpress\/plugins\/seo\/ -->\n<title>Formirana Asocijacija albanskih op\u0161tina - Tra\u017ee policiju, bolnice i \u0161kole - Gdje je Sand\u017eak u cijeloj pri\u010di?<\/title>\n<meta name=\"robots\" content=\"index, follow, max-snippet:-1, max-image-preview:large, max-video-preview:-1\" \/>\n<link rel=\"canonical\" href=\"https:\/\/sandzakpress.net\/arhiva\/formirana-asocijacija-albanskih-opstina-traze-policiju-bolnice-i-skole-gdje-je-sandzak-u-cijeloj-prici\/\" \/>\n<meta property=\"og:locale\" content=\"bs_BA\" \/>\n<meta property=\"og:type\" content=\"article\" \/>\n<meta property=\"og:title\" content=\"Formirana Asocijacija albanskih op\u0161tina - Tra\u017ee policiju, bolnice i \u0161kole - Gdje je Sand\u017eak u cijeloj pri\u010di?\" \/>\n<meta property=\"og:description\" content=\"Pre\u0161evska dolina &#8211; Albanski odbornici op\u0161tina Pre\u0161evo, Medve\u0111e i Bujanovac sa krajnjeg juga Srbije na zajedni\u010dkoj sjednici danas su u Pre\u0161evu donijeli odluku o formiranju Asocijacije op\u0161tina nastanjenih Albancima u Pre\u0161evskoj dolini, javlja\u00a0 Anadolija. Istakli su da ne tra\u017ee ni\u0161ta, ve\u0107 samo reciprocitet, odnosno, kako ka\u017eu, tra\u017ee samo ono \u0161to imaju Srbi koji \u017eive na [&hellip;]\" \/>\n<meta property=\"og:url\" content=\"https:\/\/sandzakpress.net\/arhiva\/formirana-asocijacija-albanskih-opstina-traze-policiju-bolnice-i-skole-gdje-je-sandzak-u-cijeloj-prici\/\" \/>\n<meta property=\"og:site_name\" content=\"Sand\u017eak PRESS\" \/>\n<meta property=\"article:published_time\" content=\"2015-09-12T16:45:08+00:00\" \/>\n<meta property=\"og:image\" content=\"https:\/\/sandzakpress.net\/arhiva\/wp-content\/uploads\/2015\/09\/Albanski-odbornici-u-Presevu-1-620x350.jpg\" \/>\n\t<meta property=\"og:image:width\" content=\"620\" \/>\n\t<meta property=\"og:image:height\" content=\"350\" \/>\n\t<meta property=\"og:image:type\" content=\"image\/jpeg\" \/>\n<meta name=\"author\" content=\"bosniak\" \/>\n<meta name=\"twitter:card\" content=\"summary_large_image\" \/>\n<meta name=\"twitter:label1\" content=\"Written by\" \/>\n\t<meta name=\"twitter:data1\" content=\"bosniak\" \/>\n\t<meta name=\"twitter:label2\" content=\"Est. reading time\" \/>\n\t<meta name=\"twitter:data2\" content=\"1 minuta\" \/>\n<script type=\"application\/ld+json\" class=\"yoast-schema-graph\">{\"@context\":\"https:\/\/schema.org\",\"@graph\":[{\"@type\":\"Article\",\"@id\":\"https:\/\/sandzakpress.net\/arhiva\/formirana-asocijacija-albanskih-opstina-traze-policiju-bolnice-i-skole-gdje-je-sandzak-u-cijeloj-prici\/#article\",\"isPartOf\":{\"@id\":\"https:\/\/sandzakpress.net\/arhiva\/formirana-asocijacija-albanskih-opstina-traze-policiju-bolnice-i-skole-gdje-je-sandzak-u-cijeloj-prici\/\"},\"author\":{\"name\":\"bosniak\",\"@id\":\"https:\/\/sandzakpress.net\/arhiva\/#\/schema\/person\/c8baee722073534b583ea7bdb2e36c02\"},\"headline\":\"Formirana Asocijacija albanskih op\u0161tina &#8211; Tra\u017ee policiju, bolnice i \u0161kole &#8211; Gdje je Sand\u017eak u cijeloj pri\u010di?\",\"datePublished\":\"2015-09-12T16:45:08+00:00\",\"mainEntityOfPage\":{\"@id\":\"https:\/\/sandzakpress.net\/arhiva\/formirana-asocijacija-albanskih-opstina-traze-policiju-bolnice-i-skole-gdje-je-sandzak-u-cijeloj-prici\/\"},\"wordCount\":295,\"commentCount\":144,\"publisher\":{\"@id\":\"https:\/\/sandzakpress.net\/arhiva\/#\/schema\/person\/6e72b67d6e51910a1117b3b483ba20bd\"},\"image\":{\"@id\":\"https:\/\/sandzakpress.net\/arhiva\/formirana-asocijacija-albanskih-opstina-traze-policiju-bolnice-i-skole-gdje-je-sandzak-u-cijeloj-prici\/#primaryimage\"},\"thumbnailUrl\":\"https:\/\/sandzakpress.net\/arhiva\/wp-content\/uploads\/2015\/09\/Albanski-odbornici-u-Presevu-1-620x350.jpg\",\"keywords\":[\"Autonomija Sand\u017eaka\"],\"articleSection\":[\"Novi Pazar\",\"Politika\",\"Sjenica\",\"Tutin\",\"Prijepolje\",\"Priboj\",\"Nova Varo\u0161\",\"VIJESTI DANA\"],\"inLanguage\":\"bs-BA\",\"potentialAction\":[{\"@type\":\"CommentAction\",\"name\":\"Comment\",\"target\":[\"https:\/\/sandzakpress.net\/arhiva\/formirana-asocijacija-albanskih-opstina-traze-policiju-bolnice-i-skole-gdje-je-sandzak-u-cijeloj-prici\/#respond\"]}]},{\"@type\":\"WebPage\",\"@id\":\"https:\/\/sandzakpress.net\/arhiva\/formirana-asocijacija-albanskih-opstina-traze-policiju-bolnice-i-skole-gdje-je-sandzak-u-cijeloj-prici\/\",\"url\":\"https:\/\/sandzakpress.net\/arhiva\/formirana-asocijacija-albanskih-opstina-traze-policiju-bolnice-i-skole-gdje-je-sandzak-u-cijeloj-prici\/\",\"name\":\"Formirana Asocijacija albanskih op\u0161tina - Tra\u017ee policiju, bolnice i \u0161kole - Gdje je Sand\u017eak u cijeloj pri\u010di?\",\"isPartOf\":{\"@id\":\"https:\/\/sandzakpress.net\/arhiva\/#website\"},\"primaryImageOfPage\":{\"@id\":\"https:\/\/sandzakpress.net\/arhiva\/formirana-asocijacija-albanskih-opstina-traze-policiju-bolnice-i-skole-gdje-je-sandzak-u-cijeloj-prici\/#primaryimage\"},\"image\":{\"@id\":\"https:\/\/sandzakpress.net\/arhiva\/formirana-asocijacija-albanskih-opstina-traze-policiju-bolnice-i-skole-gdje-je-sandzak-u-cijeloj-prici\/#primaryimage\"},\"thumbnailUrl\":\"https:\/\/sandzakpress.net\/arhiva\/wp-content\/uploads\/2015\/09\/Albanski-odbornici-u-Presevu-1-620x350.jpg\",\"datePublished\":\"2015-09-12T16:45:08+00:00\",\"breadcrumb\":{\"@id\":\"https:\/\/sandzakpress.net\/arhiva\/formirana-asocijacija-albanskih-opstina-traze-policiju-bolnice-i-skole-gdje-je-sandzak-u-cijeloj-prici\/#breadcrumb\"},\"inLanguage\":\"bs-BA\",\"potentialAction\":[{\"@type\":\"ReadAction\",\"target\":[\"https:\/\/sandzakpress.net\/arhiva\/formirana-asocijacija-albanskih-opstina-traze-policiju-bolnice-i-skole-gdje-je-sandzak-u-cijeloj-prici\/\"]}]},{\"@type\":\"ImageObject\",\"inLanguage\":\"bs-BA\",\"@id\":\"https:\/\/sandzakpress.net\/arhiva\/formirana-asocijacija-albanskih-opstina-traze-policiju-bolnice-i-skole-gdje-je-sandzak-u-cijeloj-prici\/#primaryimage\",\"url\":\"https:\/\/sandzakpress.net\/arhiva\/wp-content\/uploads\/2015\/09\/Albanski-odbornici-u-Presevu-1-620x350.jpg\",\"contentUrl\":\"https:\/\/sandzakpress.net\/arhiva\/wp-content\/uploads\/2015\/09\/Albanski-odbornici-u-Presevu-1-620x350.jpg\",\"width\":620,\"height\":350},{\"@type\":\"BreadcrumbList\",\"@id\":\"https:\/\/sandzakpress.net\/arhiva\/formirana-asocijacija-albanskih-opstina-traze-policiju-bolnice-i-skole-gdje-je-sandzak-u-cijeloj-prici\/#breadcrumb\",\"itemListElement\":[{\"@type\":\"ListItem\",\"position\":1,\"name\":\"Home\",\"item\":\"https:\/\/sandzakpress.net\/arhiva\/\"},{\"@type\":\"ListItem\",\"position\":2,\"name\":\"Formirana Asocijacija albanskih op\u0161tina &#8211; Tra\u017ee policiju, bolnice i \u0161kole &#8211; Gdje je Sand\u017eak u cijeloj pri\u010di?\"}]},{\"@type\":\"WebSite\",\"@id\":\"https:\/\/sandzakpress.net\/arhiva\/#website\",\"url\":\"https:\/\/sandzakpress.net\/arhiva\/\",\"name\":\"Sand\u017eak PRESS\",\"description\":\"Prve elektronske novine u Sand\u017eaku\",\"publisher\":{\"@id\":\"https:\/\/sandzakpress.net\/arhiva\/#\/schema\/person\/6e72b67d6e51910a1117b3b483ba20bd\"},\"potentialAction\":[{\"@type\":\"SearchAction\",\"target\":{\"@type\":\"EntryPoint\",\"urlTemplate\":\"https:\/\/sandzakpress.net\/arhiva\/?s={search_term_string}\"},\"query-input\":{\"@type\":\"PropertyValueSpecification\",\"valueRequired\":true,\"valueName\":\"search_term_string\"}}],\"inLanguage\":\"bs-BA\"},{\"@type\":[\"Person\",\"Organization\"],\"@id\":\"https:\/\/sandzakpress.net\/arhiva\/#\/schema\/person\/6e72b67d6e51910a1117b3b483ba20bd\",\"name\":\"Kul\",\"image\":{\"@type\":\"ImageObject\",\"inLanguage\":\"bs-BA\",\"@id\":\"https:\/\/sandzakpress.net\/arhiva\/#\/schema\/person\/image\/\",\"url\":\"https:\/\/secure.gravatar.com\/avatar\/42263f39aa27ac04c43cab85c280eb2e?s=96&d=mm&r=pg\",\"contentUrl\":\"https:\/\/secure.gravatar.com\/avatar\/42263f39aa27ac04c43cab85c280eb2e?s=96&d=mm&r=pg\",\"caption\":\"Kul\"},\"logo\":{\"@id\":\"https:\/\/sandzakpress.net\/arhiva\/#\/schema\/person\/image\/\"}},{\"@type\":\"Person\",\"@id\":\"https:\/\/sandzakpress.net\/arhiva\/#\/schema\/person\/c8baee722073534b583ea7bdb2e36c02\",\"name\":\"bosniak\",\"image\":{\"@type\":\"ImageObject\",\"inLanguage\":\"bs-BA\",\"@id\":\"https:\/\/sandzakpress.net\/arhiva\/#\/schema\/person\/image\/\",\"url\":\"https:\/\/secure.gravatar.com\/avatar\/a04fd330bfe3a36a72a0ad4a6d89fca7?s=96&d=mm&r=pg\",\"contentUrl\":\"https:\/\/secure.gravatar.com\/avatar\/a04fd330bfe3a36a72a0ad4a6d89fca7?s=96&d=mm&r=pg\",\"caption\":\"bosniak\"},\"url\":\"https:\/\/sandzakpress.net\/arhiva\/author\/bosniak\/\"}]}<\/script>\n<!-- \/ Yoast SEO Premium plugin. -->","yoast_head_json":{"title":"Formirana Asocijacija albanskih op\u0161tina - Tra\u017ee policiju, bolnice i \u0161kole - Gdje je Sand\u017eak u cijeloj pri\u010di?","robots":{"index":"index","follow":"follow","max-snippet":"max-snippet:-1","max-image-preview":"max-image-preview:large","max-video-preview":"max-video-preview:-1"},"canonical":"https:\/\/sandzakpress.net\/arhiva\/formirana-asocijacija-albanskih-opstina-traze-policiju-bolnice-i-skole-gdje-je-sandzak-u-cijeloj-prici\/","og_locale":"bs_BA","og_type":"article","og_title":"Formirana Asocijacija albanskih op\u0161tina - Tra\u017ee policiju, bolnice i \u0161kole - Gdje je Sand\u017eak u cijeloj pri\u010di?","og_description":"Pre\u0161evska dolina &#8211; Albanski odbornici op\u0161tina Pre\u0161evo, Medve\u0111e i Bujanovac sa krajnjeg juga Srbije na zajedni\u010dkoj sjednici danas su u Pre\u0161evu donijeli odluku o formiranju Asocijacije op\u0161tina nastanjenih Albancima u Pre\u0161evskoj dolini, javlja\u00a0 Anadolija. Istakli su da ne tra\u017ee ni\u0161ta, ve\u0107 samo reciprocitet, odnosno, kako ka\u017eu, tra\u017ee samo ono \u0161to imaju Srbi koji \u017eive na [&hellip;]","og_url":"https:\/\/sandzakpress.net\/arhiva\/formirana-asocijacija-albanskih-opstina-traze-policiju-bolnice-i-skole-gdje-je-sandzak-u-cijeloj-prici\/","og_site_name":"Sand\u017eak PRESS","article_published_time":"2015-09-12T16:45:08+00:00","og_image":[{"width":620,"height":350,"url":"https:\/\/sandzakpress.net\/arhiva\/wp-content\/uploads\/2015\/09\/Albanski-odbornici-u-Presevu-1-620x350.jpg","type":"image\/jpeg"}],"author":"bosniak","twitter_card":"summary_large_image","twitter_misc":{"Written by":"bosniak","Est. reading time":"1 minuta"},"schema":{"@context":"https:\/\/schema.org","@graph":[{"@type":"Article","@id":"https:\/\/sandzakpress.net\/arhiva\/formirana-asocijacija-albanskih-opstina-traze-policiju-bolnice-i-skole-gdje-je-sandzak-u-cijeloj-prici\/#article","isPartOf":{"@id":"https:\/\/sandzakpress.net\/arhiva\/formirana-asocijacija-albanskih-opstina-traze-policiju-bolnice-i-skole-gdje-je-sandzak-u-cijeloj-prici\/"},"author":{"name":"bosniak","@id":"https:\/\/sandzakpress.net\/arhiva\/#\/schema\/person\/c8baee722073534b583ea7bdb2e36c02"},"headline":"Formirana Asocijacija albanskih op\u0161tina &#8211; Tra\u017ee policiju, bolnice i \u0161kole &#8211; Gdje je Sand\u017eak u cijeloj pri\u010di?","datePublished":"2015-09-12T16:45:08+00:00","mainEntityOfPage":{"@id":"https:\/\/sandzakpress.net\/arhiva\/formirana-asocijacija-albanskih-opstina-traze-policiju-bolnice-i-skole-gdje-je-sandzak-u-cijeloj-prici\/"},"wordCount":295,"commentCount":144,"publisher":{"@id":"https:\/\/sandzakpress.net\/arhiva\/#\/schema\/person\/6e72b67d6e51910a1117b3b483ba20bd"},"image":{"@id":"https:\/\/sandzakpress.net\/arhiva\/formirana-asocijacija-albanskih-opstina-traze-policiju-bolnice-i-skole-gdje-je-sandzak-u-cijeloj-prici\/#primaryimage"},"thumbnailUrl":"https:\/\/sandzakpress.net\/arhiva\/wp-content\/uploads\/2015\/09\/Albanski-odbornici-u-Presevu-1-620x350.jpg","keywords":["Autonomija Sand\u017eaka"],"articleSection":["Novi Pazar","Politika","Sjenica","Tutin","Prijepolje","Priboj","Nova Varo\u0161","VIJESTI DANA"],"inLanguage":"bs-BA","potentialAction":[{"@type":"CommentAction","name":"Comment","target":["https:\/\/sandzakpress.net\/arhiva\/formirana-asocijacija-albanskih-opstina-traze-policiju-bolnice-i-skole-gdje-je-sandzak-u-cijeloj-prici\/#respond"]}]},{"@type":"WebPage","@id":"https:\/\/sandzakpress.net\/arhiva\/formirana-asocijacija-albanskih-opstina-traze-policiju-bolnice-i-skole-gdje-je-sandzak-u-cijeloj-prici\/","url":"https:\/\/sandzakpress.net\/arhiva\/formirana-asocijacija-albanskih-opstina-traze-policiju-bolnice-i-skole-gdje-je-sandzak-u-cijeloj-prici\/","name":"Formirana Asocijacija albanskih op\u0161tina - Tra\u017ee policiju, bolnice i \u0161kole - Gdje je Sand\u017eak u cijeloj pri\u010di?","isPartOf":{"@id":"https:\/\/sandzakpress.net\/arhiva\/#website"},"primaryImageOfPage":{"@id":"https:\/\/sandzakpress.net\/arhiva\/formirana-asocijacija-albanskih-opstina-traze-policiju-bolnice-i-skole-gdje-je-sandzak-u-cijeloj-prici\/#primaryimage"},"image":{"@id":"https:\/\/sandzakpress.net\/arhiva\/formirana-asocijacija-albanskih-opstina-traze-policiju-bolnice-i-skole-gdje-je-sandzak-u-cijeloj-prici\/#primaryimage"},"thumbnailUrl":"https:\/\/sandzakpress.net\/arhiva\/wp-content\/uploads\/2015\/09\/Albanski-odbornici-u-Presevu-1-620x350.jpg","datePublished":"2015-09-12T16:45:08+00:00","breadcrumb":{"@id":"https:\/\/sandzakpress.net\/arhiva\/formirana-asocijacija-albanskih-opstina-traze-policiju-bolnice-i-skole-gdje-je-sandzak-u-cijeloj-prici\/#breadcrumb"},"inLanguage":"bs-BA","potentialAction":[{"@type":"ReadAction","target":["https:\/\/sandzakpress.net\/arhiva\/formirana-asocijacija-albanskih-opstina-traze-policiju-bolnice-i-skole-gdje-je-sandzak-u-cijeloj-prici\/"]}]},{"@type":"ImageObject","inLanguage":"bs-BA","@id":"https:\/\/sandzakpress.net\/arhiva\/formirana-asocijacija-albanskih-opstina-traze-policiju-bolnice-i-skole-gdje-je-sandzak-u-cijeloj-prici\/#primaryimage","url":"https:\/\/sandzakpress.net\/arhiva\/wp-content\/uploads\/2015\/09\/Albanski-odbornici-u-Presevu-1-620x350.jpg","contentUrl":"https:\/\/sandzakpress.net\/arhiva\/wp-content\/uploads\/2015\/09\/Albanski-odbornici-u-Presevu-1-620x350.jpg","width":620,"height":350},{"@type":"BreadcrumbList","@id":"https:\/\/sandzakpress.net\/arhiva\/formirana-asocijacija-albanskih-opstina-traze-policiju-bolnice-i-skole-gdje-je-sandzak-u-cijeloj-prici\/#breadcrumb","itemListElement":[{"@type":"ListItem","position":1,"name":"Home","item":"https:\/\/sandzakpress.net\/arhiva\/"},{"@type":"ListItem","position":2,"name":"Formirana Asocijacija albanskih op\u0161tina &#8211; Tra\u017ee policiju, bolnice i \u0161kole &#8211; Gdje je Sand\u017eak u cijeloj pri\u010di?"}]},{"@type":"WebSite","@id":"https:\/\/sandzakpress.net\/arhiva\/#website","url":"https:\/\/sandzakpress.net\/arhiva\/","name":"Sand\u017eak PRESS","description":"Prve elektronske novine u Sand\u017eaku","publisher":{"@id":"https:\/\/sandzakpress.net\/arhiva\/#\/schema\/person\/6e72b67d6e51910a1117b3b483ba20bd"},"potentialAction":[{"@type":"SearchAction","target":{"@type":"EntryPoint","urlTemplate":"https:\/\/sandzakpress.net\/arhiva\/?s={search_term_string}"},"query-input":{"@type":"PropertyValueSpecification","valueRequired":true,"valueName":"search_term_string"}}],"inLanguage":"bs-BA"},{"@type":["Person","Organization"],"@id":"https:\/\/sandzakpress.net\/arhiva\/#\/schema\/person\/6e72b67d6e51910a1117b3b483ba20bd","name":"Kul","image":{"@type":"ImageObject","inLanguage":"bs-BA","@id":"https:\/\/sandzakpress.net\/arhiva\/#\/schema\/person\/image\/","url":"https:\/\/secure.gravatar.com\/avatar\/42263f39aa27ac04c43cab85c280eb2e?s=96&d=mm&r=pg","contentUrl":"https:\/\/secure.gravatar.com\/avatar\/42263f39aa27ac04c43cab85c280eb2e?s=96&d=mm&r=pg","caption":"Kul"},"logo":{"@id":"https:\/\/sandzakpress.net\/arhiva\/#\/schema\/person\/image\/"}},{"@type":"Person","@id":"https:\/\/sandzakpress.net\/arhiva\/#\/schema\/person\/c8baee722073534b583ea7bdb2e36c02","name":"bosniak","image":{"@type":"ImageObject","inLanguage":"bs-BA","@id":"https:\/\/sandzakpress.net\/arhiva\/#\/schema\/person\/image\/","url":"https:\/\/secure.gravatar.com\/avatar\/a04fd330bfe3a36a72a0ad4a6d89fca7?s=96&d=mm&r=pg","contentUrl":"https:\/\/secure.gravatar.com\/avatar\/a04fd330bfe3a36a72a0ad4a6d89fca7?s=96&d=mm&r=pg","caption":"bosniak"},"url":"https:\/\/sandzakpress.net\/arhiva\/author\/bosniak\/"}]}},"_links":{"self":[{"href":"https:\/\/sandzakpress.net\/arhiva\/wp-json\/wp\/v2\/posts\/136805"}],"collection":[{"href":"https:\/\/sandzakpress.net\/arhiva\/wp-json\/wp\/v2\/posts"}],"about":[{"href":"https:\/\/sandzakpress.net\/arhiva\/wp-json\/wp\/v2\/types\/post"}],"author":[{"embeddable":true,"href":"https:\/\/sandzakpress.net\/arhiva\/wp-json\/wp\/v2\/users\/83"}],"replies":[{"embeddable":true,"href":"https:\/\/sandzakpress.net\/arhiva\/wp-json\/wp\/v2\/comments?post=136805"}],"version-history":[{"count":0,"href":"https:\/\/sandzakpress.net\/arhiva\/wp-json\/wp\/v2\/posts\/136805\/revisions"}],"wp:featuredmedia":[{"embeddable":true,"href":"https:\/\/sandzakpress.net\/arhiva\/wp-json\/wp\/v2\/media\/136812"}],"wp:attachment":[{"href":"https:\/\/sandzakpress.net\/arhiva\/wp-json\/wp\/v2\/media?parent=136805"}],"wp:term":[{"taxonomy":"category","embeddable":true,"href":"https:\/\/sandzakpress.net\/arhiva\/wp-json\/wp\/v2\/categories?post=136805"},{"taxonomy":"post_tag","embeddable":true,"href":"https:\/\/sandzakpress.net\/arhiva\/wp-json\/wp\/v2\/tags?post=136805"}],"curies":[{"name":"wp","href":"https:\/\/api.w.org\/{rel}","templated":true}]}}