{"id":136798,"date":"2015-09-12T14:58:58","date_gmt":"2015-09-12T12:58:58","guid":{"rendered":"https:\/\/sandzakpress.net\/arhiva\/?p=136798"},"modified":"2015-09-12T23:10:42","modified_gmt":"2015-09-12T21:10:42","slug":"otvoreno-pismo-vladiki-irineju-bulovicu","status":"publish","type":"post","link":"https:\/\/sandzakpress.net\/arhiva\/otvoreno-pismo-vladiki-irineju-bulovicu\/","title":{"rendered":"Otvoreno pismo vladiki Irineju Bulovi\u0107u"},"content":{"rendered":"<p><img loading=\"lazy\" decoding=\"async\" class=\"aligncenter size-full wp-image-136870\" src=\"https:\/\/sandzakpress.net\/arhiva\/wp-content\/uploads\/2015\/09\/9d3d6c3e828aab34aeef54110161548d181c78e25a0291598ffa220931d88b53.jpg\" alt=\"9d3d6c3e828aab34aeef54110161548d181c78e25a0291598ffa220931d88b53\" width=\"600\" height=\"400\" \/><\/p>\n<p><strong>Novi Pazar &#8211;<\/strong> <strong>Potaknut Va\u0161im pismom, tj. reakcijom na saop\u0107enje Me\u0161ihata Islamske zajednice u Srbiji, nakon odr\u017eane sjednice u kojem je najo\u0161trije osu\u0111eno ugro\u017eavanje projekta islamske vjeronauke, koje je aktuelno skoro osam godina, a rezultiralo je protjerivanjem svih vjerou\u010ditelja sa liste jedine, sa aspekta vjere i tradicije, legalne i legitimne tradicionalne Islamske zajednice u Srbiji, \u017eelim Vam kazati da je Me\u0161ihat najvi\u0161i izvr\u0161ni organ Islamske zajednice kojeg \u010dine izabrani predstavnici muslimana u dr\u017eavi Srbiji, koje je izabrao narod, te koji ima svog demokratski i legalno izabranog predsjednika, \u0161to je svima u ovoj dr\u017eavi op\u0107epoznata stvar, tako da se saop\u0107enja i proglasi Me\u0161ihata nemaju potrebu potpisivati, jer predstavljaju op\u0107i stav usagla\u0161en na ovom organu, iza kojeg stoje svi \u010dlanovi na \u010delu sa predsjednikom.<\/strong><\/p>\n<p>Neko sam ko Vas dosta dobro poznaje, jer sam bio u prilici od momenta uvo\u0111enja vjeronauke, zapravo, \u010dak i malo prije, od kako je potekla inicijativa za vra\u0107anje vjeronauke u \u0161kolski sistem Republike Srbije, pa sve do negdje 2008. godine, u svojstvu koordinatora za islamsku vjeronauku, prisustvovati sastancima predstavnika tradicionalnih vjerskih zajednica, kasnije Komisije za vjeronauku, me\u0111u kojima ste bili i Vi, nezaobilazno i nezamjenljivo, kao predstavnik Srpske pravoslavne crkve i neko ko nije krio ambiciju da usmjerava, predla\u017ee, daje zavr\u0161nu rije\u010d, tj. upravlja ovim tijelom, \u010dak i onda kada je na njenom \u010delu bio Va\u0161 prethodnik, kojeg ste zamijenili, te ste i <em>de jure<\/em> i <em>de facto<\/em> potvrdili svoju ambiciju da budete glavni.<\/p>\n<p>Posebno mi je bio zanimljiv i simptomati\u010dan Va\u0161 tihi glas u obra\u0107anju, iako ste prili\u010dno krupan \u010dovjek, kojeg su te\u0161ko mogli \u010duti svi \u010dlanovi Komisije, a obi\u010dno ste sjedili odmah pored predsjednika Komisije i predstavnika ministarstava prosvjete i vjera, \u0161to je Vama vjerovatno bilo dovoljno, jer je bilo bitno da oni \u010duju, a drugi Vam nisu bili va\u017eni, poni\u017eavaju\u0107i ih na taj na\u010din, kao i povremeni, ali ipak redovni vicevi o Muju, Sulji, Fati itd., te ismijavanja na ra\u010dun najve\u0107im ordenom odlikovanog, najstarijeg predstavnika dinastije Jusufspahi\u0107a iz Bajrakli d\u017eamije, koji je na po\u010detku povremeno prisustvovao sjednicama, koja meni nimalo nisu bila smije\u0161na, jer sam u tome vidio Va\u0161u \u017eelju da pokazujete svoju superiornost, pamet, dominaciju nad drugima, ali ste nekada izvla\u010dili i deblji kraj, poput one kada Vam je poglavica pomenute dinastije, na Va\u0161e \u017ealjenje njega \u201e\u0161to nikada nije probao vino, koliko je ukusno (jer je u islamu zabranjeno)\u201c, odgovorio u istom tonu da mu je \u017eao \u0161to \u201eVa\u0161i i njegovi sinovi ne\u0107e biti dobri prijatelji, kao \u0161to ste vas dvojica (jer se ne \u017eenite i nemate djece)\u201c!<\/p>\n<p>Po\u0161tovani vladiko, nema potrebe da se skrivate ili stidite \u0161to ste glavna faca kada je u pitanju projekat vjeronauke od samog po\u010detka, i ne samo to, ve\u0107 \u0161to ste najdominantniji vladika u SPC, najpismeniji, najna\u010ditaniji\u2026 Trebate se time ponositi.<\/p>\n<p>Istina, nije Vam po\u0161lo za rukom da do\u0111ete na njeno \u010delo, iako ste to htjeli, pa su Vas omeli neki kolege koji dominiraju u drugom, Vama suprotstavljenom taboru SPC, me\u0111u kojima je jo\u0161 jedan veoma mudar, ambiciozan vladika \u010dije ime na \u017eelim spominjati, jer on nije tema i sa njim ovo pismo Vama li\u010dno nema veze, ali trebate biti strpljivi jer mo\u017eda \u0107e do\u0107i va\u0161ih pet minuta, mada iskren da budem, mislim da ne\u0107e, jer ideologija koju gajite i kojoj pripadate je propala ili je u fazi propadanja, a Vi se niste u stanju adaptirati novoj, jer ste vjerni staroj!<\/p>\n<p>Nemate\u00a0 potrebe skrivati, negirati, niti se stidjeti da ste Vi krojili i krojite kapu ministarstvima i Vladi po pitanju odnosa prema Islamskoj zajednici, vjeronauke, posebno one koja se ti\u010de SPC, na koju Vi li\u010dno imate ekskluzivno pravo, i islamske koju ste uspjeli oteti od zvani\u010dnih i legalnih predstavnika i predati je onima, Vama poslu\u0161nima, ku\u0107nim ljubimcima, i ne samo to, ve\u0107 i po pitanju medija, gdje ste imali glavnu ulogu, jer je va\u0161 u\u010denik, a sada jedan od vladika SPC, \u010diji odnos prema nama je bio fer i korektan, bio predsjednik RRA, tj. vodio klju\u010dnu rije\u010d po pitanju medija u Srbiji, gdje je svakom bio dostupan javni servis, pod uslovom da Vama li\u010dno poljubi ruku, to jest iska\u017ee poslu\u0161nost i lojalnost.<\/p>\n<p>Vi li\u010dno znate vladiko da oni koje Vi nazivate \u201enezvanim ili samopozvanim padobrancima\u201c Vama li\u010dno su bili prihvatljivi zvani\u010dni predstavnici Islamske zajednice i bili glavni pobornici da se vjeronauka vrati u \u0161kolski sistem R. Srbije, valjali su i bili prihvatljivi sedam-osam godina, dolazili na sastanke Komisije za vjeronauku i Vi njima dolazili u goste, jer je bila praksa da se sastanci odr\u017eavaju u centralama ili na prostoru svih tradicionalnih vjerskih zajednica, ali ste ih zbog neposlu\u0161nosti i nakon \u0161to su odbili Va\u0161u ponudu, o kojoj ne bih sada, htjeli kazniti, odbaciti, izbaciti iz Komisije, vjeruju\u0107i da ne\u0107e pre\u017eivjeti pad, ali gle \u010duda, oni su pre\u017eivjeli, djeluju, razvijaju se, unapre\u0111uju svoj rad. Mo\u017eda nas zato i nazivate \u201epadobrancima\u201c jer smo pre\u017eivjeli Va\u0161e izbacivanje, po Vama pad, koji se nije mogao pre\u017eivjeti, osim ako nismo opremljeni kvalitetnom opremom za pre\u017eivljavanje nakon izbacivanja iz Va\u0161eg aviona koji visoko leti.<\/p>\n<p>To nije lijepo, niti kulturno sa Va\u0161e strane, to je uvreda na ra\u010dun onih kojima trebate re\u0107i hvala za mnogo stvari, a posebno za uspje\u0161nu realizaciju projekta vjeronauke, mir i dobre odnose na prostoru Sand\u017eaka i jo\u0161 mnogo toga, ali jeste iskreno i ja Vam se zahvaljujem zbog toga.<\/p>\n<p>Va\u0161e reagovanje sam razumio kao vapaj, nezadovoljstvo i paniku zbog ugro\u017eenosti i propadanja vlastite ideologije, projekta ru\u0161enja Islamske zajednice, rasula u redovima Va\u0161ih ku\u0107nih ljubimaca, \u010ditaj dvorskih luda, tzv. predstavnika Rijaseta srbijanskog, koji je, kao \u0161to vidite, na izdisaju i odr\u017eava se vje\u0161ta\u010dki, na aparatima, Va\u0161im aparatima, jer im kroz vjeronauku pumpate kiseonik, \u010ditaj \u2013 po neki dinar, kako ne bi izdahnuli.<\/p>\n<p>Tako\u0111e ga vidim kao Va\u0161e li\u010dno razo\u010darenje u predstavnike vlasti jer nisu nastavili brutalni odnos prema Islamskoj zajednici kakav je bio svojstven onima koji su Vam bili bli\u017ei i poslu\u0161niji, Ko\u0161tunica i Tadi\u0107, i nisu dozvolili da se zavr\u0161e pogubni projekti za demokratiju i budu\u0107nost ove dr\u017eave, koje ste sa prethodnicima zapo\u010deli, a sami znate \u0161ta sve konkretno.<\/p>\n<p>\u017delite vladiko da izazovete na\u0161u reakciju i napade na ministarstva prosvjete i pravde, a Vi se iz hladovine i udobne fotelje smijete i divite svojoj pameti i lukavstvu, zadovoljno trljaju\u0107i dlanove, misle\u0107i da smo naivni i da ne znamo koliki uticaj imate na njihove odluke koje se nas ti\u010du, koje Vi li\u010dno donosite i njima proslijedite na potpisivanje, tvrde\u0107i da je to najbolje mogu\u0107e, jedino ispravno, najbolje za dr\u017eavu i njene interese.<\/p>\n<p>Znamo vladiko ko je Va\u0161a desna ruka u Ministarstvu prosvjete, nakon \u0161to ste je dobro upoznali i i\u0161kolovali u Ministarstvu vjera, prebacili ste je na vrijeme u Ministarstvo prosvjete, da nekim slu\u010dajem neki ministar ne pogrije\u0161i u stvarima koje se nas ti\u010du, posebno u vjeronauci, ali ne \u017eelim spominjati njeno ime, jer ipak ona samo radi svoj posao za koji je dobro pla\u0107ena!<\/p>\n<p>Znate Vi vladiko da mi nismo ni padobranci, ni Indijanci, ni kriminalci, ni falsifikatori potpisa, ni prekr\u0161ioci zakona, a ni nepismeni, ni naivni ni glupi, ni tupi, ve\u0107 vrlo mudri, Vama ravnopravni sagovornici koje Vi ne \u017eelite, jer ne mo\u017eete onda dokazivati svoju \u201eBogom danu\u201c superiornost. Niti se me\u0111usobno sva\u0111amo, pa za to Vas krivimo, ve\u0107 stvari nazivamo svojim imenima, govorimo istinu, koja Vama smeta, lak\u0161e bi Vam bilo da na\u0161eg glasa nema, jer vas neprestano podsje\u0107a na neuspjeh, na kr\u0161enja zakona koje ste podr\u017eali i za koja \u0107ete kad-tad biti pitani, na ovom ili onom svijetu, i za koje \u0107e neko kad-tad morati odgovarati. Smetamo Vam jer smo \u017eivi svjedoci Va\u0161eg li\u010dnog zlo\u010dina prema Islamskoj zajednici i muslimanima ove dr\u017eave.<\/p>\n<p>Zato ste prognali dr. Mevlud ef. Dudi\u0107a, tada potpredsjednika, a sada predsjednika Me\u0161ihata, iz \u010dlanstva Komisije za vjeronauku, tokom vladavine re\u017eima Vama poslu\u0161nog, lukavog i licemjernog Borisa Tadi\u0107a, koji nam je u Novi Pazar poslao sve specijalne jedinice ove dr\u017eave da nas upla\u0161i, u\u0161uti, kazni, kr\u0161e\u0107i zakone ove dr\u017eave. Poku\u0161ali ste osporiti legitimitet i tradicionalnost Islamske zajednice u Srbiji, formiraju\u0107i nekakvu komisiju koja je trebala ispuniti Va\u0161u \u017eelju, uraditi ono \u0161to ste Vi u pismu reakcije konstatovali, a oni, na Va\u0161u \u017ealost, nisu zavr\u0161ili, \u201eda vam je jedino Zilki\u0107\u201c prihvatljiv sagovornik i njegova lista, kao \u010dlana Komisije i predstavnik muslimana, a zaboravljate da ste odbijali i ignorisali listu koju je potpisivao dr. Dudi\u0107 dok je bio jedini \u010dlan ove Komisije ispred Islamske zajednice i zaboravljate slovo zakona da listu ne predla\u017ee \u010dlan Komisije, ve\u0107 tradicionalna crkva i vjerska zajednica, a Komisija proslje\u0111uje ministru na odobravanje. O\u010digledno imate duple ar\u0161ine kada je u pitanju pravda!<\/p>\n<p>Po\u0161tovani vladiko, obzirom da ste u godinama, \u017eao mi Vas je \u0161to ste svoj \u017eivot potro\u0161ili u uvjerenju da se ucjenama, etiketama, silom mogu nametati vlastite vrijednosti i li\u010dna volja drugima, da ste saradnju sa raznim obavje\u0161tajnim strukturama, \u010ditaj \u2013 kolaboraciju (takav Vas glas bije me\u0111u svojima) pravdali postizanjem odre\u0111enih ciljeva, \u010ditaj \u2013 li\u010dnih interesa. Nije mi \u017eao \u0161to ste mi uskratili mogu\u0107nost prisustva sjednicama Komisije, iako ste se trudili da me ubijedite da trebam prihvatiti prisustvo i tzv. druge strane, a posebno mi je ostao upe\u010datljiv na\u0161 razgovor nakon \u0161to sam napustio zadnju sjednicu Komisije, tokom susreta u holu Palate Srbija, na tre\u0107em spratu, kada ste me poku\u0161ali ubijediti da trebam ostati, kada sam Vam kazao da za nas u Islamskoj zajednici oni koje ste Vi doveli predstavljaju isto \u0161to predstavlaju za Vas predstavnici Crnogorske pravoslavne crkve, koju smatrate nezakonitom i divljom organizacijom i otpadnicima.<\/p>\n<p>Po\u0161tovani gospodine ili dru\u017ee vladiko, odaberite \u0161ta Vam srcu dra\u017ee. Vi niste moj, niti problem Islamske zajednice, Vi nas ne doti\u010dete, na na\u0161 rad Vi ne mo\u017eete i nikada ne\u0107ete mo\u0107i uticati, to \u0107e ostati Va\u0161a neostvarena \u017eivotna \u017eelja. Vi ste problem crkve koju predstavljate, onako kako je predstavljate; problem ste dr\u017eave i vlasti jer uporno poku\u0161avate izazivati po\u017eare u vremenu visokih temperatura i su\u0161a, koji se te\u0161ko gase; vu\u010dete na pogre\u0161nu stranu, u kontra smjeru i ote\u017eavate demokratizaciju i napredak dru\u0161tva i otklanjanje nepravdi, kojih je puno; uti\u010dete da se muslimani u ovoj dr\u017eavi, generalno, osje\u0107aju poni\u017eenima, obespravljenima i gra\u0111anima drugog reda, jer uporno ho\u0107ete da ih Vi u\u010dite njihovoj vjeri, kulturi, jeziku i \u017eelite im nametati i imenovati njihove vjerske predstavnike.<\/p>\n<p>Vladiko, ja niti bilo ko od mojih prijatelja, saradnika, posebno ne \u010dlanova Me\u0161ihata, onih koje Vi nazivate \u201epadobranci\u201c nemamo se \u010dega niti koga stidjeti. Niko od nas nije optu\u017eivan za pedofiliju, zlostavljanja i i\u017eivljavanja nad pot\u010dinjenim, nije u\u010destvovao u zlo\u010dinima, nije nosio oru\u017eje tokom devedesetih, nije silovao, niti davao blagoslov zlo\u010dincima. Na\u0161 obraz je \u010dist, mi nikoga ne mrzimo zbog njegove vjere niti opredjeljenja; svi na\u0161i projekti, sve \u0161to radimo je sa ciljem op\u0107eg, a ne li\u010dnog dobra; na\u0161e odgojne i humanitarne ustanove su na\u0161 ponos i ponos ove dr\u017eave, ali Vama i jo\u0161 nekima to smeta. Mi ne dijelimo ljude kada je u pitanju njihovo pravo na sigurnu i bolju budu\u0107nost, na koju svi imaju podjednako pravo, mi poma\u017eemo svima kojima je pomo\u0107 potrebna, a ne samo svojim \u010dlanovima. Pomagali smo, poma\u017eemo i pomagat \u0107emo na\u0161im kom\u0161ijama, ma koje vjere bili, uvijek kada im je pomo\u0107 potrebna, poput ugro\u017eenih od poplava u gradovima Srbije, pomagali smo \u010dak i nakon saznanja da su pojedinci iz reda Va\u0161eg naroda tu pomo\u0107 zloupotrebljavali, \u0161to je bio slu\u010daj tokom pomo\u0107i ugro\u017eenima od zemljotresa u Kraljevu i okolini, u kojoj smo tako\u0111e zna\u010dajno u\u010destvovali, ali o pozitivnim stvarima kada smo mi u pitanju se ne govori, one se skrivaju, jer se ne uklapaju u Va\u0161e vi\u0111enje i predstavljanje nas.<\/p>\n<p>Mi ne \u017eelimo drugima silom nametati sopstvene vjerske, nacionalne, kulturolo\u0161ke, niti druge vrijednosti. Na\u0161e namjere prema ovoj dr\u017eavi i svim njenim gra\u0111anima bile su i ostale iskrene i mi smo joj mnogo ve\u0107i i iskreniji prijatelji nego \u0161to su oni koji je, navodno, od nas brane, poput Vas i Vama sli\u010dnih iz reda politi\u010dkih predstavnika kojima, kao i Vama smetamo.<\/p>\n<p>Posebno sumnjam i ne bih rekao, sude\u0107i prema Va\u0161im postupcima, da ste od onih hri\u0161\u0107ana, za koje tvrdite da njima pripadate, \u201eda nema\u0161 pravo da milom ili silom vadi\u0161 trun iz oka bli\u017enjega svoga, a da ti ne smeta brvno u sopstvenom oku\u201c citiraju\u0107i (sr. Mat. 7,3-5), ve\u0107 onima koji su spremni da zavade i dva oka u glavi, kako bi jedno ili oboje oslijepila, tj. ostvarili ne crkveni, ve\u0107 vlastiti interes, a u mom narodu, konkretno u tajkunsko-kriminalnoj organizaciji Zilki\u0107a, koju podr\u017eavate, i njemu li\u010dno ste na\u0161li sebi sli\u010dnoga, koji je tako\u0111e svojim radom u vlastitom narodu taj epitet opravdano zaslu\u017eio.<\/p>\n<p>&nbsp;<\/p>\n<p>Koordinator za islamsku vjeronauku<\/p>\n<p>Re\u0161ad ef. Plojovi\u0107<\/p>\n<p>&nbsp;<\/p>\n","protected":false},"excerpt":{"rendered":"<p>Re\u0161ad ef. Plojovi\u0107<\/p>\n","protected":false},"author":501,"featured_media":136870,"comment_status":"open","ping_status":"open","sticky":false,"template":"","format":"standard","meta":{"footnotes":""},"categories":[72,10196,802,8957],"tags":[],"class_list":{"0":"post-136798","1":"post","2":"type-post","3":"status-publish","4":"format-standard","5":"has-post-thumbnail","7":"category-novi-pazar","8":"category-iz-pera-nasih-autora","9":"category-islamska_zajednica","10":"category-vijesti-dana"},"yoast_head":"<!-- This site is optimized with the Yoast SEO Premium plugin v23.1 (Yoast SEO v24.9) - https:\/\/yoast.com\/wordpress\/plugins\/seo\/ -->\n<title>Otvoreno pismo vladiki Irineju Bulovi\u0107u<\/title>\n<meta name=\"robots\" content=\"index, follow, max-snippet:-1, max-image-preview:large, max-video-preview:-1\" \/>\n<link rel=\"canonical\" href=\"https:\/\/sandzakpress.net\/arhiva\/otvoreno-pismo-vladiki-irineju-bulovicu\/\" \/>\n<meta property=\"og:locale\" content=\"bs_BA\" \/>\n<meta property=\"og:type\" content=\"article\" \/>\n<meta property=\"og:title\" content=\"Otvoreno pismo vladiki Irineju Bulovi\u0107u\" \/>\n<meta property=\"og:description\" content=\"Re\u0161ad ef. Plojovi\u0107\" \/>\n<meta property=\"og:url\" content=\"https:\/\/sandzakpress.net\/arhiva\/otvoreno-pismo-vladiki-irineju-bulovicu\/\" \/>\n<meta property=\"og:site_name\" content=\"Sand\u017eak PRESS\" \/>\n<meta property=\"article:published_time\" content=\"2015-09-12T12:58:58+00:00\" \/>\n<meta property=\"article:modified_time\" content=\"2015-09-12T21:10:42+00:00\" \/>\n<meta property=\"og:image\" content=\"https:\/\/sandzakpress.net\/arhiva\/wp-content\/uploads\/2015\/09\/9d3d6c3e828aab34aeef54110161548d181c78e25a0291598ffa220931d88b53.jpg\" \/>\n\t<meta property=\"og:image:width\" content=\"600\" \/>\n\t<meta property=\"og:image:height\" content=\"400\" \/>\n\t<meta property=\"og:image:type\" content=\"image\/jpeg\" \/>\n<meta name=\"author\" content=\"SM\" \/>\n<meta name=\"twitter:card\" content=\"summary_large_image\" \/>\n<meta name=\"twitter:label1\" content=\"Written by\" \/>\n\t<meta name=\"twitter:data1\" content=\"SM\" \/>\n\t<meta name=\"twitter:label2\" content=\"Est. reading time\" \/>\n\t<meta name=\"twitter:data2\" content=\"11 minuta\" \/>\n<script type=\"application\/ld+json\" class=\"yoast-schema-graph\">{\"@context\":\"https:\/\/schema.org\",\"@graph\":[{\"@type\":\"Article\",\"@id\":\"https:\/\/sandzakpress.net\/arhiva\/otvoreno-pismo-vladiki-irineju-bulovicu\/#article\",\"isPartOf\":{\"@id\":\"https:\/\/sandzakpress.net\/arhiva\/otvoreno-pismo-vladiki-irineju-bulovicu\/\"},\"author\":{\"name\":\"SM\",\"@id\":\"https:\/\/sandzakpress.net\/arhiva\/#\/schema\/person\/32f63b6bc693126333e4b1d8cccb52ac\"},\"headline\":\"Otvoreno pismo vladiki Irineju Bulovi\u0107u\",\"datePublished\":\"2015-09-12T12:58:58+00:00\",\"dateModified\":\"2015-09-12T21:10:42+00:00\",\"mainEntityOfPage\":{\"@id\":\"https:\/\/sandzakpress.net\/arhiva\/otvoreno-pismo-vladiki-irineju-bulovicu\/\"},\"wordCount\":2292,\"commentCount\":74,\"publisher\":{\"@id\":\"https:\/\/sandzakpress.net\/arhiva\/#\/schema\/person\/6e72b67d6e51910a1117b3b483ba20bd\"},\"image\":{\"@id\":\"https:\/\/sandzakpress.net\/arhiva\/otvoreno-pismo-vladiki-irineju-bulovicu\/#primaryimage\"},\"thumbnailUrl\":\"https:\/\/sandzakpress.net\/arhiva\/wp-content\/uploads\/2015\/09\/9d3d6c3e828aab34aeef54110161548d181c78e25a0291598ffa220931d88b53.jpg\",\"articleSection\":[\"Novi Pazar\",\"Iz pera na\u0161ih autora\",\"Islamska zajednica\",\"VIJESTI DANA\"],\"inLanguage\":\"bs-BA\",\"potentialAction\":[{\"@type\":\"CommentAction\",\"name\":\"Comment\",\"target\":[\"https:\/\/sandzakpress.net\/arhiva\/otvoreno-pismo-vladiki-irineju-bulovicu\/#respond\"]}]},{\"@type\":\"WebPage\",\"@id\":\"https:\/\/sandzakpress.net\/arhiva\/otvoreno-pismo-vladiki-irineju-bulovicu\/\",\"url\":\"https:\/\/sandzakpress.net\/arhiva\/otvoreno-pismo-vladiki-irineju-bulovicu\/\",\"name\":\"Otvoreno pismo vladiki Irineju Bulovi\u0107u\",\"isPartOf\":{\"@id\":\"https:\/\/sandzakpress.net\/arhiva\/#website\"},\"primaryImageOfPage\":{\"@id\":\"https:\/\/sandzakpress.net\/arhiva\/otvoreno-pismo-vladiki-irineju-bulovicu\/#primaryimage\"},\"image\":{\"@id\":\"https:\/\/sandzakpress.net\/arhiva\/otvoreno-pismo-vladiki-irineju-bulovicu\/#primaryimage\"},\"thumbnailUrl\":\"https:\/\/sandzakpress.net\/arhiva\/wp-content\/uploads\/2015\/09\/9d3d6c3e828aab34aeef54110161548d181c78e25a0291598ffa220931d88b53.jpg\",\"datePublished\":\"2015-09-12T12:58:58+00:00\",\"dateModified\":\"2015-09-12T21:10:42+00:00\",\"breadcrumb\":{\"@id\":\"https:\/\/sandzakpress.net\/arhiva\/otvoreno-pismo-vladiki-irineju-bulovicu\/#breadcrumb\"},\"inLanguage\":\"bs-BA\",\"potentialAction\":[{\"@type\":\"ReadAction\",\"target\":[\"https:\/\/sandzakpress.net\/arhiva\/otvoreno-pismo-vladiki-irineju-bulovicu\/\"]}]},{\"@type\":\"ImageObject\",\"inLanguage\":\"bs-BA\",\"@id\":\"https:\/\/sandzakpress.net\/arhiva\/otvoreno-pismo-vladiki-irineju-bulovicu\/#primaryimage\",\"url\":\"https:\/\/sandzakpress.net\/arhiva\/wp-content\/uploads\/2015\/09\/9d3d6c3e828aab34aeef54110161548d181c78e25a0291598ffa220931d88b53.jpg\",\"contentUrl\":\"https:\/\/sandzakpress.net\/arhiva\/wp-content\/uploads\/2015\/09\/9d3d6c3e828aab34aeef54110161548d181c78e25a0291598ffa220931d88b53.jpg\",\"width\":600,\"height\":400},{\"@type\":\"BreadcrumbList\",\"@id\":\"https:\/\/sandzakpress.net\/arhiva\/otvoreno-pismo-vladiki-irineju-bulovicu\/#breadcrumb\",\"itemListElement\":[{\"@type\":\"ListItem\",\"position\":1,\"name\":\"Home\",\"item\":\"https:\/\/sandzakpress.net\/arhiva\/\"},{\"@type\":\"ListItem\",\"position\":2,\"name\":\"Otvoreno pismo vladiki Irineju Bulovi\u0107u\"}]},{\"@type\":\"WebSite\",\"@id\":\"https:\/\/sandzakpress.net\/arhiva\/#website\",\"url\":\"https:\/\/sandzakpress.net\/arhiva\/\",\"name\":\"Sand\u017eak PRESS\",\"description\":\"Prve elektronske novine u Sand\u017eaku\",\"publisher\":{\"@id\":\"https:\/\/sandzakpress.net\/arhiva\/#\/schema\/person\/6e72b67d6e51910a1117b3b483ba20bd\"},\"potentialAction\":[{\"@type\":\"SearchAction\",\"target\":{\"@type\":\"EntryPoint\",\"urlTemplate\":\"https:\/\/sandzakpress.net\/arhiva\/?s={search_term_string}\"},\"query-input\":{\"@type\":\"PropertyValueSpecification\",\"valueRequired\":true,\"valueName\":\"search_term_string\"}}],\"inLanguage\":\"bs-BA\"},{\"@type\":[\"Person\",\"Organization\"],\"@id\":\"https:\/\/sandzakpress.net\/arhiva\/#\/schema\/person\/6e72b67d6e51910a1117b3b483ba20bd\",\"name\":\"Kul\",\"image\":{\"@type\":\"ImageObject\",\"inLanguage\":\"bs-BA\",\"@id\":\"https:\/\/sandzakpress.net\/arhiva\/#\/schema\/person\/image\/\",\"url\":\"https:\/\/secure.gravatar.com\/avatar\/42263f39aa27ac04c43cab85c280eb2e?s=96&d=mm&r=pg\",\"contentUrl\":\"https:\/\/secure.gravatar.com\/avatar\/42263f39aa27ac04c43cab85c280eb2e?s=96&d=mm&r=pg\",\"caption\":\"Kul\"},\"logo\":{\"@id\":\"https:\/\/sandzakpress.net\/arhiva\/#\/schema\/person\/image\/\"}},{\"@type\":\"Person\",\"@id\":\"https:\/\/sandzakpress.net\/arhiva\/#\/schema\/person\/32f63b6bc693126333e4b1d8cccb52ac\",\"name\":\"SM\",\"image\":{\"@type\":\"ImageObject\",\"inLanguage\":\"bs-BA\",\"@id\":\"https:\/\/sandzakpress.net\/arhiva\/#\/schema\/person\/image\/\",\"url\":\"https:\/\/secure.gravatar.com\/avatar\/e06a45a606f1dee973ded6565c9e653e?s=96&d=mm&r=pg\",\"contentUrl\":\"https:\/\/secure.gravatar.com\/avatar\/e06a45a606f1dee973ded6565c9e653e?s=96&d=mm&r=pg\",\"caption\":\"SM\"},\"url\":\"https:\/\/sandzakpress.net\/arhiva\/author\/sandzakmedia\/\"}]}<\/script>\n<!-- \/ Yoast SEO Premium plugin. -->","yoast_head_json":{"title":"Otvoreno pismo vladiki Irineju Bulovi\u0107u","robots":{"index":"index","follow":"follow","max-snippet":"max-snippet:-1","max-image-preview":"max-image-preview:large","max-video-preview":"max-video-preview:-1"},"canonical":"https:\/\/sandzakpress.net\/arhiva\/otvoreno-pismo-vladiki-irineju-bulovicu\/","og_locale":"bs_BA","og_type":"article","og_title":"Otvoreno pismo vladiki Irineju Bulovi\u0107u","og_description":"Re\u0161ad ef. Plojovi\u0107","og_url":"https:\/\/sandzakpress.net\/arhiva\/otvoreno-pismo-vladiki-irineju-bulovicu\/","og_site_name":"Sand\u017eak PRESS","article_published_time":"2015-09-12T12:58:58+00:00","article_modified_time":"2015-09-12T21:10:42+00:00","og_image":[{"width":600,"height":400,"url":"https:\/\/sandzakpress.net\/arhiva\/wp-content\/uploads\/2015\/09\/9d3d6c3e828aab34aeef54110161548d181c78e25a0291598ffa220931d88b53.jpg","type":"image\/jpeg"}],"author":"SM","twitter_card":"summary_large_image","twitter_misc":{"Written by":"SM","Est. reading time":"11 minuta"},"schema":{"@context":"https:\/\/schema.org","@graph":[{"@type":"Article","@id":"https:\/\/sandzakpress.net\/arhiva\/otvoreno-pismo-vladiki-irineju-bulovicu\/#article","isPartOf":{"@id":"https:\/\/sandzakpress.net\/arhiva\/otvoreno-pismo-vladiki-irineju-bulovicu\/"},"author":{"name":"SM","@id":"https:\/\/sandzakpress.net\/arhiva\/#\/schema\/person\/32f63b6bc693126333e4b1d8cccb52ac"},"headline":"Otvoreno pismo vladiki Irineju Bulovi\u0107u","datePublished":"2015-09-12T12:58:58+00:00","dateModified":"2015-09-12T21:10:42+00:00","mainEntityOfPage":{"@id":"https:\/\/sandzakpress.net\/arhiva\/otvoreno-pismo-vladiki-irineju-bulovicu\/"},"wordCount":2292,"commentCount":74,"publisher":{"@id":"https:\/\/sandzakpress.net\/arhiva\/#\/schema\/person\/6e72b67d6e51910a1117b3b483ba20bd"},"image":{"@id":"https:\/\/sandzakpress.net\/arhiva\/otvoreno-pismo-vladiki-irineju-bulovicu\/#primaryimage"},"thumbnailUrl":"https:\/\/sandzakpress.net\/arhiva\/wp-content\/uploads\/2015\/09\/9d3d6c3e828aab34aeef54110161548d181c78e25a0291598ffa220931d88b53.jpg","articleSection":["Novi Pazar","Iz pera na\u0161ih autora","Islamska zajednica","VIJESTI DANA"],"inLanguage":"bs-BA","potentialAction":[{"@type":"CommentAction","name":"Comment","target":["https:\/\/sandzakpress.net\/arhiva\/otvoreno-pismo-vladiki-irineju-bulovicu\/#respond"]}]},{"@type":"WebPage","@id":"https:\/\/sandzakpress.net\/arhiva\/otvoreno-pismo-vladiki-irineju-bulovicu\/","url":"https:\/\/sandzakpress.net\/arhiva\/otvoreno-pismo-vladiki-irineju-bulovicu\/","name":"Otvoreno pismo vladiki Irineju Bulovi\u0107u","isPartOf":{"@id":"https:\/\/sandzakpress.net\/arhiva\/#website"},"primaryImageOfPage":{"@id":"https:\/\/sandzakpress.net\/arhiva\/otvoreno-pismo-vladiki-irineju-bulovicu\/#primaryimage"},"image":{"@id":"https:\/\/sandzakpress.net\/arhiva\/otvoreno-pismo-vladiki-irineju-bulovicu\/#primaryimage"},"thumbnailUrl":"https:\/\/sandzakpress.net\/arhiva\/wp-content\/uploads\/2015\/09\/9d3d6c3e828aab34aeef54110161548d181c78e25a0291598ffa220931d88b53.jpg","datePublished":"2015-09-12T12:58:58+00:00","dateModified":"2015-09-12T21:10:42+00:00","breadcrumb":{"@id":"https:\/\/sandzakpress.net\/arhiva\/otvoreno-pismo-vladiki-irineju-bulovicu\/#breadcrumb"},"inLanguage":"bs-BA","potentialAction":[{"@type":"ReadAction","target":["https:\/\/sandzakpress.net\/arhiva\/otvoreno-pismo-vladiki-irineju-bulovicu\/"]}]},{"@type":"ImageObject","inLanguage":"bs-BA","@id":"https:\/\/sandzakpress.net\/arhiva\/otvoreno-pismo-vladiki-irineju-bulovicu\/#primaryimage","url":"https:\/\/sandzakpress.net\/arhiva\/wp-content\/uploads\/2015\/09\/9d3d6c3e828aab34aeef54110161548d181c78e25a0291598ffa220931d88b53.jpg","contentUrl":"https:\/\/sandzakpress.net\/arhiva\/wp-content\/uploads\/2015\/09\/9d3d6c3e828aab34aeef54110161548d181c78e25a0291598ffa220931d88b53.jpg","width":600,"height":400},{"@type":"BreadcrumbList","@id":"https:\/\/sandzakpress.net\/arhiva\/otvoreno-pismo-vladiki-irineju-bulovicu\/#breadcrumb","itemListElement":[{"@type":"ListItem","position":1,"name":"Home","item":"https:\/\/sandzakpress.net\/arhiva\/"},{"@type":"ListItem","position":2,"name":"Otvoreno pismo vladiki Irineju Bulovi\u0107u"}]},{"@type":"WebSite","@id":"https:\/\/sandzakpress.net\/arhiva\/#website","url":"https:\/\/sandzakpress.net\/arhiva\/","name":"Sand\u017eak PRESS","description":"Prve elektronske novine u Sand\u017eaku","publisher":{"@id":"https:\/\/sandzakpress.net\/arhiva\/#\/schema\/person\/6e72b67d6e51910a1117b3b483ba20bd"},"potentialAction":[{"@type":"SearchAction","target":{"@type":"EntryPoint","urlTemplate":"https:\/\/sandzakpress.net\/arhiva\/?s={search_term_string}"},"query-input":{"@type":"PropertyValueSpecification","valueRequired":true,"valueName":"search_term_string"}}],"inLanguage":"bs-BA"},{"@type":["Person","Organization"],"@id":"https:\/\/sandzakpress.net\/arhiva\/#\/schema\/person\/6e72b67d6e51910a1117b3b483ba20bd","name":"Kul","image":{"@type":"ImageObject","inLanguage":"bs-BA","@id":"https:\/\/sandzakpress.net\/arhiva\/#\/schema\/person\/image\/","url":"https:\/\/secure.gravatar.com\/avatar\/42263f39aa27ac04c43cab85c280eb2e?s=96&d=mm&r=pg","contentUrl":"https:\/\/secure.gravatar.com\/avatar\/42263f39aa27ac04c43cab85c280eb2e?s=96&d=mm&r=pg","caption":"Kul"},"logo":{"@id":"https:\/\/sandzakpress.net\/arhiva\/#\/schema\/person\/image\/"}},{"@type":"Person","@id":"https:\/\/sandzakpress.net\/arhiva\/#\/schema\/person\/32f63b6bc693126333e4b1d8cccb52ac","name":"SM","image":{"@type":"ImageObject","inLanguage":"bs-BA","@id":"https:\/\/sandzakpress.net\/arhiva\/#\/schema\/person\/image\/","url":"https:\/\/secure.gravatar.com\/avatar\/e06a45a606f1dee973ded6565c9e653e?s=96&d=mm&r=pg","contentUrl":"https:\/\/secure.gravatar.com\/avatar\/e06a45a606f1dee973ded6565c9e653e?s=96&d=mm&r=pg","caption":"SM"},"url":"https:\/\/sandzakpress.net\/arhiva\/author\/sandzakmedia\/"}]}},"_links":{"self":[{"href":"https:\/\/sandzakpress.net\/arhiva\/wp-json\/wp\/v2\/posts\/136798"}],"collection":[{"href":"https:\/\/sandzakpress.net\/arhiva\/wp-json\/wp\/v2\/posts"}],"about":[{"href":"https:\/\/sandzakpress.net\/arhiva\/wp-json\/wp\/v2\/types\/post"}],"author":[{"embeddable":true,"href":"https:\/\/sandzakpress.net\/arhiva\/wp-json\/wp\/v2\/users\/501"}],"replies":[{"embeddable":true,"href":"https:\/\/sandzakpress.net\/arhiva\/wp-json\/wp\/v2\/comments?post=136798"}],"version-history":[{"count":0,"href":"https:\/\/sandzakpress.net\/arhiva\/wp-json\/wp\/v2\/posts\/136798\/revisions"}],"wp:featuredmedia":[{"embeddable":true,"href":"https:\/\/sandzakpress.net\/arhiva\/wp-json\/wp\/v2\/media\/136870"}],"wp:attachment":[{"href":"https:\/\/sandzakpress.net\/arhiva\/wp-json\/wp\/v2\/media?parent=136798"}],"wp:term":[{"taxonomy":"category","embeddable":true,"href":"https:\/\/sandzakpress.net\/arhiva\/wp-json\/wp\/v2\/categories?post=136798"},{"taxonomy":"post_tag","embeddable":true,"href":"https:\/\/sandzakpress.net\/arhiva\/wp-json\/wp\/v2\/tags?post=136798"}],"curies":[{"name":"wp","href":"https:\/\/api.w.org\/{rel}","templated":true}]}}