{"id":136736,"date":"2015-09-12T10:50:40","date_gmt":"2015-09-12T08:50:40","guid":{"rendered":"https:\/\/sandzakpress.net\/arhiva\/?p=136736"},"modified":"2015-09-12T12:33:12","modified_gmt":"2015-09-12T10:33:12","slug":"sukob-izmedju-izucg-i-bs-a-zbog-pitanja-groblja-u-rozajama","status":"publish","type":"post","link":"https:\/\/sandzakpress.net\/arhiva\/sukob-izmedju-izucg-i-bs-a-zbog-pitanja-groblja-u-rozajama\/","title":{"rendered":"Sukob izme\u0111u IZ u CG i BS-a zbog pitanja groblja u Ro\u017eajama"},"content":{"rendered":"<p><img loading=\"lazy\" decoding=\"async\" class=\"\" src=\"http:\/\/www.vijesti.me\/media\/cache\/2f\/9d\/2f9d88c7cec5b4102a84c9851dda8db2.jpg\" alt=\"Ro\u017eaje: Odbor Islamske zajednice tra\u017ei svoje groblje\" width=\"600\" height=\"377\" \/><\/p>\n<p><strong>Ro\u017eaje &#8211; Odluku su podr\u017eali odbornici BS-a, SDP-a i dio DPS-a, dok su nezavisni bili uzdr\u017eani<\/strong><\/p>\n<p>Skup\u0161tinska odluka o odre\u0111ivanju lokacije za zajedni\u010dko gradsko groblje za gra\u0111ane \u00a0islamske vjeroispovijesti \u00a0i pravoslavce, izazvala je o\u0161tre reakcije naro\u010dito ro\u017eajskog odbora Islamske zajednice.\u00a0<\/p>\n<p>Iz tog odbora su navodno poru\u010dili lokalnoj vlasti da nijedan hod\u017ea ne\u0107e vr\u0161iti obrede na zajedni\u010dkom groblju, te da \u0107e o \u201eproblemu\u201c obavijestiti i zvani\u010dnu Tursku.<\/p>\n<p>Ro\u017eajski odbor IZ se, tvrdi izvor iz tog tijela, pismeno nekoliko puta obra\u0107ao predsjedniku Op\u0161tine Ro\u017eaje Ejupu Nurkovi\u0107u da im odredi posebnu lokaciju za islamsko groblje i da tu parcelu uvakufi (preda IZ u posjed).\u00a0<\/p>\n<p>U suprotnom, tvrde upu\u0107eni, predsjednik ro\u017eajskog odbora IZ Ernad Ramovi\u0107 \u0107e pozvati vjernike da dobrovoljnim prilozima kupe zemlji\u0161te i sami odrede lokaciju za islamsko groblje.<\/p>\n<p>Ramovi\u0107 nije negirao da IZ u zajedni\u010dkom groblju vidi problem, ali je odbio da to prokomentari\u0161e.<\/p>\n<p>\u201eU pitanju je jako osjetljiva tema o kojoj \u0107emo se oglasiti saop\u0161tenjem\u201c, rekao je Ramovi\u0107 krajem pro\u0161le sedmice \u201eVijestima\u201c. Nije precizirao kada \u0107e se to dogoditi, a na ju\u010dera\u0161nje pozive nije odgovarao.<\/p>\n<p>Ramovi\u0107 je, tvrde njegove kolege, d\u017eematlije (vjernike) uvjeravao da sli\u010dno razmi\u0161lja i Crkveni odbor.<\/p>\n<p>Paroh Milan Stani\u0161i\u0107, me\u0111utim, uop\u0161te nije informisan o tome.<\/p>\n<p>\u201eU vezi sa zajedni\u010dkim grobljem me nijesu kontaktirali ni iz lokalne uprave niti iz IZ. Zaista ni\u0161ta o tome ne znam. Tako\u0111e, uskoro odlazim iz Ro\u017eaja gdje dolazi novi sve\u0161tenik. Tako da ne mogu komentarisati ni\u0161ta o tome jer sam potpuno neupu\u0107en\u201c, rekao je Stani\u0161i\u0107.<\/p>\n<p>Prema odluci Skup\u0161tine u gradu pod Hajlom, groblje \u0107e se nalaziti na 7,7 hektara zemlji\u0161ta na katastarskoj parceli Ibarac.\u00a0<\/p>\n<p>Odluku su podr\u017eali odbornici BS-a, SDP-a i dio DPS-a, koji su se u tom trenutku nalazili u sali.<\/p>\n<p>Nezavisni odbornici iz parlamenta u Ro\u017eajama \u00a0bili su uzdr\u017eani.\u00a0<\/p>\n<p><strong>Ramovi\u0107 prijetio i Erdoganom?<\/strong><\/p>\n<p>Lokalni parlament je o groblju vije\u0107ao u \u010detvrtak 27. avgusta.<\/p>\n<p>Za vrijeme sjednice u jednom od gradskih lokala, potvrdilo je \u201eVijestima\u201c vi\u0161e sagovornika, predsjednik IZ Ro\u017eaje Ernad Ramovi\u0107 je poru\u010dio predsjedniku Op\u0161tine Ejupu Nurkovi\u0107u da narednog dana ne smije do\u0107i ni u jednu d\u017eamiju na d\u017euma namaz (centralnu molitvu muslimana koja se odr\u017eava petkom).<\/p>\n<p>Ramovi\u0107 je tada, navodno priprijetio da \u0107e o \u201eincidentu\u201c u vezi sa zajedni\u010dkim grobljem obavijestiti Taipa Erdogana i IZ Turske.\u00a0<\/p>\n<p>(vijesti.me)<\/p>\n","protected":false},"excerpt":{"rendered":"<p>Ro\u017eaje &#8211; Odluku su podr\u017eali odbornici BS-a, SDP-a i dio DPS-a, dok su nezavisni bili uzdr\u017eani Skup\u0161tinska odluka o odre\u0111ivanju lokacije za zajedni\u010dko gradsko groblje za gra\u0111ane \u00a0islamske vjeroispovijesti \u00a0i pravoslavce, izazvala je o\u0161tre reakcije naro\u010dito ro\u017eajskog odbora Islamske zajednice.\u00a0 Iz tog odbora su navodno poru\u010dili lokalnoj vlasti da nijedan hod\u017ea ne\u0107e vr\u0161iti obrede na [&hellip;]<\/p>\n","protected":false},"author":509,"featured_media":136737,"comment_status":"open","ping_status":"open","sticky":false,"template":"","format":"standard","meta":{"footnotes":""},"categories":[398,802,8957,798],"tags":[],"class_list":{"0":"post-136736","1":"post","2":"type-post","3":"status-publish","4":"format-standard","5":"has-post-thumbnail","7":"category-rozaje","8":"category-islamska_zajednica","9":"category-vijesti-dana","10":"category-teme"},"yoast_head":"<!-- This site is optimized with the Yoast SEO Premium plugin v23.1 (Yoast SEO v24.9) - https:\/\/yoast.com\/wordpress\/plugins\/seo\/ -->\n<title>Sukob izme\u0111u IZ u CG i BS-a zbog pitanja groblja u Ro\u017eajama<\/title>\n<meta name=\"robots\" content=\"index, follow, max-snippet:-1, max-image-preview:large, max-video-preview:-1\" \/>\n<link rel=\"canonical\" href=\"https:\/\/sandzakpress.net\/arhiva\/sukob-izmedju-izucg-i-bs-a-zbog-pitanja-groblja-u-rozajama\/\" \/>\n<meta property=\"og:locale\" content=\"bs_BA\" \/>\n<meta property=\"og:type\" content=\"article\" \/>\n<meta property=\"og:title\" content=\"Sukob izme\u0111u IZ u CG i BS-a zbog pitanja groblja u Ro\u017eajama\" \/>\n<meta property=\"og:description\" content=\"Ro\u017eaje &#8211; Odluku su podr\u017eali odbornici BS-a, SDP-a i dio DPS-a, dok su nezavisni bili uzdr\u017eani Skup\u0161tinska odluka o odre\u0111ivanju lokacije za zajedni\u010dko gradsko groblje za gra\u0111ane \u00a0islamske vjeroispovijesti \u00a0i pravoslavce, izazvala je o\u0161tre reakcije naro\u010dito ro\u017eajskog odbora Islamske zajednice.\u00a0 Iz tog odbora su navodno poru\u010dili lokalnoj vlasti da nijedan hod\u017ea ne\u0107e vr\u0161iti obrede na [&hellip;]\" \/>\n<meta property=\"og:url\" content=\"https:\/\/sandzakpress.net\/arhiva\/sukob-izmedju-izucg-i-bs-a-zbog-pitanja-groblja-u-rozajama\/\" \/>\n<meta property=\"og:site_name\" content=\"Sand\u017eak PRESS\" \/>\n<meta property=\"article:published_time\" content=\"2015-09-12T08:50:40+00:00\" \/>\n<meta property=\"article:modified_time\" content=\"2015-09-12T10:33:12+00:00\" \/>\n<meta property=\"og:image\" content=\"https:\/\/sandzakpress.net\/arhiva\/wp-content\/uploads\/2015\/09\/2f9d88c7cec5b4102a84c9851dda8db2.jpg\" \/>\n\t<meta property=\"og:image:width\" content=\"560\" \/>\n\t<meta property=\"og:image:height\" content=\"352\" \/>\n\t<meta property=\"og:image:type\" content=\"image\/jpeg\" \/>\n<meta name=\"author\" content=\"Agencija\" \/>\n<meta name=\"twitter:card\" content=\"summary_large_image\" \/>\n<meta name=\"twitter:label1\" content=\"Written by\" \/>\n\t<meta name=\"twitter:data1\" content=\"Agencija\" \/>\n\t<meta name=\"twitter:label2\" content=\"Est. reading time\" \/>\n\t<meta name=\"twitter:data2\" content=\"2 minute\" \/>\n<script type=\"application\/ld+json\" class=\"yoast-schema-graph\">{\"@context\":\"https:\/\/schema.org\",\"@graph\":[{\"@type\":\"Article\",\"@id\":\"https:\/\/sandzakpress.net\/arhiva\/sukob-izmedju-izucg-i-bs-a-zbog-pitanja-groblja-u-rozajama\/#article\",\"isPartOf\":{\"@id\":\"https:\/\/sandzakpress.net\/arhiva\/sukob-izmedju-izucg-i-bs-a-zbog-pitanja-groblja-u-rozajama\/\"},\"author\":{\"name\":\"Agencija\",\"@id\":\"https:\/\/sandzakpress.net\/arhiva\/#\/schema\/person\/cb59d7e3ab91ab90dd680ad0305a6185\"},\"headline\":\"Sukob izme\u0111u IZ u CG i BS-a zbog pitanja groblja u Ro\u017eajama\",\"datePublished\":\"2015-09-12T08:50:40+00:00\",\"dateModified\":\"2015-09-12T10:33:12+00:00\",\"mainEntityOfPage\":{\"@id\":\"https:\/\/sandzakpress.net\/arhiva\/sukob-izmedju-izucg-i-bs-a-zbog-pitanja-groblja-u-rozajama\/\"},\"wordCount\":440,\"commentCount\":13,\"publisher\":{\"@id\":\"https:\/\/sandzakpress.net\/arhiva\/#\/schema\/person\/6e72b67d6e51910a1117b3b483ba20bd\"},\"image\":{\"@id\":\"https:\/\/sandzakpress.net\/arhiva\/sukob-izmedju-izucg-i-bs-a-zbog-pitanja-groblja-u-rozajama\/#primaryimage\"},\"thumbnailUrl\":\"https:\/\/sandzakpress.net\/arhiva\/wp-content\/uploads\/2015\/09\/2f9d88c7cec5b4102a84c9851dda8db2.jpg\",\"articleSection\":[\"Ro\u017eaje\",\"Islamska zajednica\",\"VIJESTI DANA\",\"NAJNOVIJE\"],\"inLanguage\":\"bs-BA\",\"potentialAction\":[{\"@type\":\"CommentAction\",\"name\":\"Comment\",\"target\":[\"https:\/\/sandzakpress.net\/arhiva\/sukob-izmedju-izucg-i-bs-a-zbog-pitanja-groblja-u-rozajama\/#respond\"]}]},{\"@type\":\"WebPage\",\"@id\":\"https:\/\/sandzakpress.net\/arhiva\/sukob-izmedju-izucg-i-bs-a-zbog-pitanja-groblja-u-rozajama\/\",\"url\":\"https:\/\/sandzakpress.net\/arhiva\/sukob-izmedju-izucg-i-bs-a-zbog-pitanja-groblja-u-rozajama\/\",\"name\":\"Sukob izme\u0111u IZ u CG i BS-a zbog pitanja groblja u Ro\u017eajama\",\"isPartOf\":{\"@id\":\"https:\/\/sandzakpress.net\/arhiva\/#website\"},\"primaryImageOfPage\":{\"@id\":\"https:\/\/sandzakpress.net\/arhiva\/sukob-izmedju-izucg-i-bs-a-zbog-pitanja-groblja-u-rozajama\/#primaryimage\"},\"image\":{\"@id\":\"https:\/\/sandzakpress.net\/arhiva\/sukob-izmedju-izucg-i-bs-a-zbog-pitanja-groblja-u-rozajama\/#primaryimage\"},\"thumbnailUrl\":\"https:\/\/sandzakpress.net\/arhiva\/wp-content\/uploads\/2015\/09\/2f9d88c7cec5b4102a84c9851dda8db2.jpg\",\"datePublished\":\"2015-09-12T08:50:40+00:00\",\"dateModified\":\"2015-09-12T10:33:12+00:00\",\"breadcrumb\":{\"@id\":\"https:\/\/sandzakpress.net\/arhiva\/sukob-izmedju-izucg-i-bs-a-zbog-pitanja-groblja-u-rozajama\/#breadcrumb\"},\"inLanguage\":\"bs-BA\",\"potentialAction\":[{\"@type\":\"ReadAction\",\"target\":[\"https:\/\/sandzakpress.net\/arhiva\/sukob-izmedju-izucg-i-bs-a-zbog-pitanja-groblja-u-rozajama\/\"]}]},{\"@type\":\"ImageObject\",\"inLanguage\":\"bs-BA\",\"@id\":\"https:\/\/sandzakpress.net\/arhiva\/sukob-izmedju-izucg-i-bs-a-zbog-pitanja-groblja-u-rozajama\/#primaryimage\",\"url\":\"https:\/\/sandzakpress.net\/arhiva\/wp-content\/uploads\/2015\/09\/2f9d88c7cec5b4102a84c9851dda8db2.jpg\",\"contentUrl\":\"https:\/\/sandzakpress.net\/arhiva\/wp-content\/uploads\/2015\/09\/2f9d88c7cec5b4102a84c9851dda8db2.jpg\",\"width\":560,\"height\":352},{\"@type\":\"BreadcrumbList\",\"@id\":\"https:\/\/sandzakpress.net\/arhiva\/sukob-izmedju-izucg-i-bs-a-zbog-pitanja-groblja-u-rozajama\/#breadcrumb\",\"itemListElement\":[{\"@type\":\"ListItem\",\"position\":1,\"name\":\"Home\",\"item\":\"https:\/\/sandzakpress.net\/arhiva\/\"},{\"@type\":\"ListItem\",\"position\":2,\"name\":\"Sukob izme\u0111u IZ u CG i BS-a zbog pitanja groblja u Ro\u017eajama\"}]},{\"@type\":\"WebSite\",\"@id\":\"https:\/\/sandzakpress.net\/arhiva\/#website\",\"url\":\"https:\/\/sandzakpress.net\/arhiva\/\",\"name\":\"Sand\u017eak PRESS\",\"description\":\"Prve elektronske novine u Sand\u017eaku\",\"publisher\":{\"@id\":\"https:\/\/sandzakpress.net\/arhiva\/#\/schema\/person\/6e72b67d6e51910a1117b3b483ba20bd\"},\"potentialAction\":[{\"@type\":\"SearchAction\",\"target\":{\"@type\":\"EntryPoint\",\"urlTemplate\":\"https:\/\/sandzakpress.net\/arhiva\/?s={search_term_string}\"},\"query-input\":{\"@type\":\"PropertyValueSpecification\",\"valueRequired\":true,\"valueName\":\"search_term_string\"}}],\"inLanguage\":\"bs-BA\"},{\"@type\":[\"Person\",\"Organization\"],\"@id\":\"https:\/\/sandzakpress.net\/arhiva\/#\/schema\/person\/6e72b67d6e51910a1117b3b483ba20bd\",\"name\":\"Kul\",\"image\":{\"@type\":\"ImageObject\",\"inLanguage\":\"bs-BA\",\"@id\":\"https:\/\/sandzakpress.net\/arhiva\/#\/schema\/person\/image\/\",\"url\":\"https:\/\/secure.gravatar.com\/avatar\/42263f39aa27ac04c43cab85c280eb2e?s=96&d=mm&r=pg\",\"contentUrl\":\"https:\/\/secure.gravatar.com\/avatar\/42263f39aa27ac04c43cab85c280eb2e?s=96&d=mm&r=pg\",\"caption\":\"Kul\"},\"logo\":{\"@id\":\"https:\/\/sandzakpress.net\/arhiva\/#\/schema\/person\/image\/\"}},{\"@type\":\"Person\",\"@id\":\"https:\/\/sandzakpress.net\/arhiva\/#\/schema\/person\/cb59d7e3ab91ab90dd680ad0305a6185\",\"name\":\"Agencija\",\"image\":{\"@type\":\"ImageObject\",\"inLanguage\":\"bs-BA\",\"@id\":\"https:\/\/sandzakpress.net\/arhiva\/#\/schema\/person\/image\/\",\"url\":\"https:\/\/secure.gravatar.com\/avatar\/4b7fafa80a22f0c2afe23966b3961fe0?s=96&d=mm&r=pg\",\"contentUrl\":\"https:\/\/secure.gravatar.com\/avatar\/4b7fafa80a22f0c2afe23966b3961fe0?s=96&d=mm&r=pg\",\"caption\":\"Agencija\"},\"url\":\"https:\/\/sandzakpress.net\/arhiva\/author\/agencija\/\"}]}<\/script>\n<!-- \/ Yoast SEO Premium plugin. -->","yoast_head_json":{"title":"Sukob izme\u0111u IZ u CG i BS-a zbog pitanja groblja u Ro\u017eajama","robots":{"index":"index","follow":"follow","max-snippet":"max-snippet:-1","max-image-preview":"max-image-preview:large","max-video-preview":"max-video-preview:-1"},"canonical":"https:\/\/sandzakpress.net\/arhiva\/sukob-izmedju-izucg-i-bs-a-zbog-pitanja-groblja-u-rozajama\/","og_locale":"bs_BA","og_type":"article","og_title":"Sukob izme\u0111u IZ u CG i BS-a zbog pitanja groblja u Ro\u017eajama","og_description":"Ro\u017eaje &#8211; Odluku su podr\u017eali odbornici BS-a, SDP-a i dio DPS-a, dok su nezavisni bili uzdr\u017eani Skup\u0161tinska odluka o odre\u0111ivanju lokacije za zajedni\u010dko gradsko groblje za gra\u0111ane \u00a0islamske vjeroispovijesti \u00a0i pravoslavce, izazvala je o\u0161tre reakcije naro\u010dito ro\u017eajskog odbora Islamske zajednice.\u00a0 Iz tog odbora su navodno poru\u010dili lokalnoj vlasti da nijedan hod\u017ea ne\u0107e vr\u0161iti obrede na [&hellip;]","og_url":"https:\/\/sandzakpress.net\/arhiva\/sukob-izmedju-izucg-i-bs-a-zbog-pitanja-groblja-u-rozajama\/","og_site_name":"Sand\u017eak PRESS","article_published_time":"2015-09-12T08:50:40+00:00","article_modified_time":"2015-09-12T10:33:12+00:00","og_image":[{"width":560,"height":352,"url":"https:\/\/sandzakpress.net\/arhiva\/wp-content\/uploads\/2015\/09\/2f9d88c7cec5b4102a84c9851dda8db2.jpg","type":"image\/jpeg"}],"author":"Agencija","twitter_card":"summary_large_image","twitter_misc":{"Written by":"Agencija","Est. reading time":"2 minute"},"schema":{"@context":"https:\/\/schema.org","@graph":[{"@type":"Article","@id":"https:\/\/sandzakpress.net\/arhiva\/sukob-izmedju-izucg-i-bs-a-zbog-pitanja-groblja-u-rozajama\/#article","isPartOf":{"@id":"https:\/\/sandzakpress.net\/arhiva\/sukob-izmedju-izucg-i-bs-a-zbog-pitanja-groblja-u-rozajama\/"},"author":{"name":"Agencija","@id":"https:\/\/sandzakpress.net\/arhiva\/#\/schema\/person\/cb59d7e3ab91ab90dd680ad0305a6185"},"headline":"Sukob izme\u0111u IZ u CG i BS-a zbog pitanja groblja u Ro\u017eajama","datePublished":"2015-09-12T08:50:40+00:00","dateModified":"2015-09-12T10:33:12+00:00","mainEntityOfPage":{"@id":"https:\/\/sandzakpress.net\/arhiva\/sukob-izmedju-izucg-i-bs-a-zbog-pitanja-groblja-u-rozajama\/"},"wordCount":440,"commentCount":13,"publisher":{"@id":"https:\/\/sandzakpress.net\/arhiva\/#\/schema\/person\/6e72b67d6e51910a1117b3b483ba20bd"},"image":{"@id":"https:\/\/sandzakpress.net\/arhiva\/sukob-izmedju-izucg-i-bs-a-zbog-pitanja-groblja-u-rozajama\/#primaryimage"},"thumbnailUrl":"https:\/\/sandzakpress.net\/arhiva\/wp-content\/uploads\/2015\/09\/2f9d88c7cec5b4102a84c9851dda8db2.jpg","articleSection":["Ro\u017eaje","Islamska zajednica","VIJESTI DANA","NAJNOVIJE"],"inLanguage":"bs-BA","potentialAction":[{"@type":"CommentAction","name":"Comment","target":["https:\/\/sandzakpress.net\/arhiva\/sukob-izmedju-izucg-i-bs-a-zbog-pitanja-groblja-u-rozajama\/#respond"]}]},{"@type":"WebPage","@id":"https:\/\/sandzakpress.net\/arhiva\/sukob-izmedju-izucg-i-bs-a-zbog-pitanja-groblja-u-rozajama\/","url":"https:\/\/sandzakpress.net\/arhiva\/sukob-izmedju-izucg-i-bs-a-zbog-pitanja-groblja-u-rozajama\/","name":"Sukob izme\u0111u IZ u CG i BS-a zbog pitanja groblja u Ro\u017eajama","isPartOf":{"@id":"https:\/\/sandzakpress.net\/arhiva\/#website"},"primaryImageOfPage":{"@id":"https:\/\/sandzakpress.net\/arhiva\/sukob-izmedju-izucg-i-bs-a-zbog-pitanja-groblja-u-rozajama\/#primaryimage"},"image":{"@id":"https:\/\/sandzakpress.net\/arhiva\/sukob-izmedju-izucg-i-bs-a-zbog-pitanja-groblja-u-rozajama\/#primaryimage"},"thumbnailUrl":"https:\/\/sandzakpress.net\/arhiva\/wp-content\/uploads\/2015\/09\/2f9d88c7cec5b4102a84c9851dda8db2.jpg","datePublished":"2015-09-12T08:50:40+00:00","dateModified":"2015-09-12T10:33:12+00:00","breadcrumb":{"@id":"https:\/\/sandzakpress.net\/arhiva\/sukob-izmedju-izucg-i-bs-a-zbog-pitanja-groblja-u-rozajama\/#breadcrumb"},"inLanguage":"bs-BA","potentialAction":[{"@type":"ReadAction","target":["https:\/\/sandzakpress.net\/arhiva\/sukob-izmedju-izucg-i-bs-a-zbog-pitanja-groblja-u-rozajama\/"]}]},{"@type":"ImageObject","inLanguage":"bs-BA","@id":"https:\/\/sandzakpress.net\/arhiva\/sukob-izmedju-izucg-i-bs-a-zbog-pitanja-groblja-u-rozajama\/#primaryimage","url":"https:\/\/sandzakpress.net\/arhiva\/wp-content\/uploads\/2015\/09\/2f9d88c7cec5b4102a84c9851dda8db2.jpg","contentUrl":"https:\/\/sandzakpress.net\/arhiva\/wp-content\/uploads\/2015\/09\/2f9d88c7cec5b4102a84c9851dda8db2.jpg","width":560,"height":352},{"@type":"BreadcrumbList","@id":"https:\/\/sandzakpress.net\/arhiva\/sukob-izmedju-izucg-i-bs-a-zbog-pitanja-groblja-u-rozajama\/#breadcrumb","itemListElement":[{"@type":"ListItem","position":1,"name":"Home","item":"https:\/\/sandzakpress.net\/arhiva\/"},{"@type":"ListItem","position":2,"name":"Sukob izme\u0111u IZ u CG i BS-a zbog pitanja groblja u Ro\u017eajama"}]},{"@type":"WebSite","@id":"https:\/\/sandzakpress.net\/arhiva\/#website","url":"https:\/\/sandzakpress.net\/arhiva\/","name":"Sand\u017eak PRESS","description":"Prve elektronske novine u Sand\u017eaku","publisher":{"@id":"https:\/\/sandzakpress.net\/arhiva\/#\/schema\/person\/6e72b67d6e51910a1117b3b483ba20bd"},"potentialAction":[{"@type":"SearchAction","target":{"@type":"EntryPoint","urlTemplate":"https:\/\/sandzakpress.net\/arhiva\/?s={search_term_string}"},"query-input":{"@type":"PropertyValueSpecification","valueRequired":true,"valueName":"search_term_string"}}],"inLanguage":"bs-BA"},{"@type":["Person","Organization"],"@id":"https:\/\/sandzakpress.net\/arhiva\/#\/schema\/person\/6e72b67d6e51910a1117b3b483ba20bd","name":"Kul","image":{"@type":"ImageObject","inLanguage":"bs-BA","@id":"https:\/\/sandzakpress.net\/arhiva\/#\/schema\/person\/image\/","url":"https:\/\/secure.gravatar.com\/avatar\/42263f39aa27ac04c43cab85c280eb2e?s=96&d=mm&r=pg","contentUrl":"https:\/\/secure.gravatar.com\/avatar\/42263f39aa27ac04c43cab85c280eb2e?s=96&d=mm&r=pg","caption":"Kul"},"logo":{"@id":"https:\/\/sandzakpress.net\/arhiva\/#\/schema\/person\/image\/"}},{"@type":"Person","@id":"https:\/\/sandzakpress.net\/arhiva\/#\/schema\/person\/cb59d7e3ab91ab90dd680ad0305a6185","name":"Agencija","image":{"@type":"ImageObject","inLanguage":"bs-BA","@id":"https:\/\/sandzakpress.net\/arhiva\/#\/schema\/person\/image\/","url":"https:\/\/secure.gravatar.com\/avatar\/4b7fafa80a22f0c2afe23966b3961fe0?s=96&d=mm&r=pg","contentUrl":"https:\/\/secure.gravatar.com\/avatar\/4b7fafa80a22f0c2afe23966b3961fe0?s=96&d=mm&r=pg","caption":"Agencija"},"url":"https:\/\/sandzakpress.net\/arhiva\/author\/agencija\/"}]}},"_links":{"self":[{"href":"https:\/\/sandzakpress.net\/arhiva\/wp-json\/wp\/v2\/posts\/136736"}],"collection":[{"href":"https:\/\/sandzakpress.net\/arhiva\/wp-json\/wp\/v2\/posts"}],"about":[{"href":"https:\/\/sandzakpress.net\/arhiva\/wp-json\/wp\/v2\/types\/post"}],"author":[{"embeddable":true,"href":"https:\/\/sandzakpress.net\/arhiva\/wp-json\/wp\/v2\/users\/509"}],"replies":[{"embeddable":true,"href":"https:\/\/sandzakpress.net\/arhiva\/wp-json\/wp\/v2\/comments?post=136736"}],"version-history":[{"count":0,"href":"https:\/\/sandzakpress.net\/arhiva\/wp-json\/wp\/v2\/posts\/136736\/revisions"}],"wp:featuredmedia":[{"embeddable":true,"href":"https:\/\/sandzakpress.net\/arhiva\/wp-json\/wp\/v2\/media\/136737"}],"wp:attachment":[{"href":"https:\/\/sandzakpress.net\/arhiva\/wp-json\/wp\/v2\/media?parent=136736"}],"wp:term":[{"taxonomy":"category","embeddable":true,"href":"https:\/\/sandzakpress.net\/arhiva\/wp-json\/wp\/v2\/categories?post=136736"},{"taxonomy":"post_tag","embeddable":true,"href":"https:\/\/sandzakpress.net\/arhiva\/wp-json\/wp\/v2\/tags?post=136736"}],"curies":[{"name":"wp","href":"https:\/\/api.w.org\/{rel}","templated":true}]}}