{"id":13671,"date":"2011-03-10T06:59:19","date_gmt":"2011-03-10T05:59:19","guid":{"rendered":"https:\/\/sandzakpress.net\/arhiva\/?p=13671"},"modified":"2011-03-10T06:59:19","modified_gmt":"2011-03-10T05:59:19","slug":"bolja-vlada-samo-novim-izborima","status":"publish","type":"post","link":"https:\/\/sandzakpress.net\/arhiva\/bolja-vlada-samo-novim-izborima\/","title":{"rendered":"Bolja Vlada samo novim izborima"},"content":{"rendered":"<p><strong><a href=\"https:\/\/sandzakpress.net\/arhiva\/wp-content\/uploads\/2011\/03\/bdz-vlada-srbije.jpg\"><img loading=\"lazy\" decoding=\"async\" class=\"alignleft size-medium wp-image-13672\" title=\"bdz vlada srbije\" src=\"https:\/\/sandzakpress.net\/arhiva\/wp-content\/uploads\/2011\/03\/bdz-vlada-srbije-300x225.jpg\" alt=\"\" width=\"300\" height=\"225\" \/><\/a>Sjeverni Sand\u017eak &#8211; Povodom najavljene\u00a0 rekonstrukcije Vlade republike Srbije koja bi u svom novom sazivu imala smanjeni broj ministrstava, smatramo da ovaj potez vladaju\u0107e koalicije nije ni\u0161ta drugo do\u00a0 marketin\u0161ko politi\u010dki\u00a0 potez kojim se \u017eeli dobiti na vremenu do sljede\u0107ih izbora. <\/strong><\/p>\n<p>Ova vlada je potpuno izgubila neophodni legitimitet, a formalne promjene ne\u0107e izmijeniti izuzetno lo\u0161e stanje u dr\u017eavi, kao ni rje\u0161avanje svih nagomilanih problema u Sand\u017eaku, koji su izazvani neodgovornom politikom re\u017eima u Beogradu, a u \u010demu su u\u010destvovala i dva bo\u0161nja\u010dka ministra u Vladi.<\/p>\n<p>Smjena \u010cipli\u0107a\u00a0 i \u0160ijakovi\u0107a se mo\u017ee razumjeti kao\u00a0 pozitivan\u00a0 simboli\u010dki potez prema Sand\u017eaku\u00a0 i Bo\u0161njacima , s tim sto \u0107e naredni period pokazati da li \u0107e Vlada znati da iskoristi ovu promjenu kako bi iza\u0161la iz slijepe ulice u koju je sebe dovela.<\/p>\n<p>Dokaz su\u0161te formalnosti\u00a0 i\u00a0 jo\u0161 jedne polit\u010dke\u00a0 trgovine koja se treba sakriti iza re\u010denice \u201eprikupljanje nove energije\u201c, \u00a0jeste \u010dinjeica da je smanjenjem broja ministarstava predlo\u017eeno spajanje odre\u0111enih resora, a da je\u00a0 sa druge strane ostalo ministarstvo bez portfelja .<\/p>\n<p>U tom smislu, smatramo da jedino rje\u0161enje jeste hitno raspisivanje novih izbora i stvaranje nove vlade, koja bi u sebi imala nove politi\u010dke subjekte, uklju\u010duju\u0107i i predstavnike Bo\u0161njaka koji \u0107e se zalagati za interese svoga naroda\u00a0 i regije Sand\u017eak.<\/p>\n<p>Izvor: <strong>BDZ.rs<\/strong><\/p>\n","protected":false},"excerpt":{"rendered":"<p>Sjeverni Sand\u017eak &#8211; Povodom najavljene\u00a0 rekonstrukcije Vlade republike Srbije koja bi u svom novom sazivu imala smanjeni broj ministrstava, smatramo da ovaj potez vladaju\u0107e koalicije nije ni\u0161ta drugo do\u00a0 marketin\u0161ko politi\u010dki\u00a0 potez kojim se \u017eeli dobiti na vremenu do sljede\u0107ih izbora. Ova vlada je potpuno izgubila neophodni legitimitet, a formalne promjene ne\u0107e izmijeniti izuzetno lo\u0161e [&hellip;]<\/p>\n","protected":false},"author":83,"featured_media":13672,"comment_status":"open","ping_status":"open","sticky":false,"template":"","format":"standard","meta":{"footnotes":""},"categories":[72,1,52,327,392,393,394],"tags":[],"class_list":{"0":"post-13671","1":"post","2":"type-post","3":"status-publish","4":"format-standard","5":"has-post-thumbnail","7":"category-novi-pazar","8":"category-politika","9":"category-sjenica","10":"category-tutin","11":"category-prijepolje_","12":"category-priboj","13":"category-nova-varos"},"yoast_head":"<!-- This site is optimized with the Yoast SEO Premium plugin v23.1 (Yoast SEO v24.9) - https:\/\/yoast.com\/wordpress\/plugins\/seo\/ -->\n<title>Bolja Vlada samo novim izborima<\/title>\n<meta name=\"robots\" content=\"index, follow, max-snippet:-1, max-image-preview:large, max-video-preview:-1\" \/>\n<link rel=\"canonical\" href=\"https:\/\/sandzakpress.net\/arhiva\/bolja-vlada-samo-novim-izborima\/\" \/>\n<meta property=\"og:locale\" content=\"bs_BA\" \/>\n<meta property=\"og:type\" content=\"article\" \/>\n<meta property=\"og:title\" content=\"Bolja Vlada samo novim izborima\" \/>\n<meta property=\"og:description\" content=\"Sjeverni Sand\u017eak &#8211; Povodom najavljene\u00a0 rekonstrukcije Vlade republike Srbije koja bi u svom novom sazivu imala smanjeni broj ministrstava, smatramo da ovaj potez vladaju\u0107e koalicije nije ni\u0161ta drugo do\u00a0 marketin\u0161ko politi\u010dki\u00a0 potez kojim se \u017eeli dobiti na vremenu do sljede\u0107ih izbora. Ova vlada je potpuno izgubila neophodni legitimitet, a formalne promjene ne\u0107e izmijeniti izuzetno lo\u0161e [&hellip;]\" \/>\n<meta property=\"og:url\" content=\"https:\/\/sandzakpress.net\/arhiva\/bolja-vlada-samo-novim-izborima\/\" \/>\n<meta property=\"og:site_name\" content=\"Sand\u017eak PRESS\" \/>\n<meta property=\"article:published_time\" content=\"2011-03-10T05:59:19+00:00\" \/>\n<meta property=\"og:image\" content=\"https:\/\/sandzakpress.net\/arhiva\/wp-content\/uploads\/2011\/03\/bdz-vlada-srbije.jpg\" \/>\n\t<meta property=\"og:image:width\" content=\"616\" \/>\n\t<meta property=\"og:image:height\" content=\"462\" \/>\n\t<meta property=\"og:image:type\" content=\"image\/jpeg\" \/>\n<meta name=\"author\" content=\"bosniak\" \/>\n<meta name=\"twitter:card\" content=\"summary_large_image\" \/>\n<meta name=\"twitter:label1\" content=\"Written by\" \/>\n\t<meta name=\"twitter:data1\" content=\"bosniak\" \/>\n\t<meta name=\"twitter:label2\" content=\"Est. reading time\" \/>\n\t<meta name=\"twitter:data2\" content=\"1 minuta\" \/>\n<script type=\"application\/ld+json\" class=\"yoast-schema-graph\">{\"@context\":\"https:\/\/schema.org\",\"@graph\":[{\"@type\":\"Article\",\"@id\":\"https:\/\/sandzakpress.net\/arhiva\/bolja-vlada-samo-novim-izborima\/#article\",\"isPartOf\":{\"@id\":\"https:\/\/sandzakpress.net\/arhiva\/bolja-vlada-samo-novim-izborima\/\"},\"author\":{\"name\":\"bosniak\",\"@id\":\"https:\/\/sandzakpress.net\/arhiva\/#\/schema\/person\/c8baee722073534b583ea7bdb2e36c02\"},\"headline\":\"Bolja Vlada samo novim izborima\",\"datePublished\":\"2011-03-10T05:59:19+00:00\",\"mainEntityOfPage\":{\"@id\":\"https:\/\/sandzakpress.net\/arhiva\/bolja-vlada-samo-novim-izborima\/\"},\"wordCount\":245,\"commentCount\":6,\"publisher\":{\"@id\":\"https:\/\/sandzakpress.net\/arhiva\/#\/schema\/person\/6e72b67d6e51910a1117b3b483ba20bd\"},\"image\":{\"@id\":\"https:\/\/sandzakpress.net\/arhiva\/bolja-vlada-samo-novim-izborima\/#primaryimage\"},\"thumbnailUrl\":\"https:\/\/sandzakpress.net\/arhiva\/wp-content\/uploads\/2011\/03\/bdz-vlada-srbije.jpg\",\"articleSection\":[\"Novi Pazar\",\"Politika\",\"Sjenica\",\"Tutin\",\"Prijepolje\",\"Priboj\",\"Nova Varo\u0161\"],\"inLanguage\":\"bs-BA\",\"potentialAction\":[{\"@type\":\"CommentAction\",\"name\":\"Comment\",\"target\":[\"https:\/\/sandzakpress.net\/arhiva\/bolja-vlada-samo-novim-izborima\/#respond\"]}]},{\"@type\":\"WebPage\",\"@id\":\"https:\/\/sandzakpress.net\/arhiva\/bolja-vlada-samo-novim-izborima\/\",\"url\":\"https:\/\/sandzakpress.net\/arhiva\/bolja-vlada-samo-novim-izborima\/\",\"name\":\"Bolja Vlada samo novim izborima\",\"isPartOf\":{\"@id\":\"https:\/\/sandzakpress.net\/arhiva\/#website\"},\"primaryImageOfPage\":{\"@id\":\"https:\/\/sandzakpress.net\/arhiva\/bolja-vlada-samo-novim-izborima\/#primaryimage\"},\"image\":{\"@id\":\"https:\/\/sandzakpress.net\/arhiva\/bolja-vlada-samo-novim-izborima\/#primaryimage\"},\"thumbnailUrl\":\"https:\/\/sandzakpress.net\/arhiva\/wp-content\/uploads\/2011\/03\/bdz-vlada-srbije.jpg\",\"datePublished\":\"2011-03-10T05:59:19+00:00\",\"breadcrumb\":{\"@id\":\"https:\/\/sandzakpress.net\/arhiva\/bolja-vlada-samo-novim-izborima\/#breadcrumb\"},\"inLanguage\":\"bs-BA\",\"potentialAction\":[{\"@type\":\"ReadAction\",\"target\":[\"https:\/\/sandzakpress.net\/arhiva\/bolja-vlada-samo-novim-izborima\/\"]}]},{\"@type\":\"ImageObject\",\"inLanguage\":\"bs-BA\",\"@id\":\"https:\/\/sandzakpress.net\/arhiva\/bolja-vlada-samo-novim-izborima\/#primaryimage\",\"url\":\"https:\/\/sandzakpress.net\/arhiva\/wp-content\/uploads\/2011\/03\/bdz-vlada-srbije.jpg\",\"contentUrl\":\"https:\/\/sandzakpress.net\/arhiva\/wp-content\/uploads\/2011\/03\/bdz-vlada-srbije.jpg\",\"width\":616,\"height\":462},{\"@type\":\"BreadcrumbList\",\"@id\":\"https:\/\/sandzakpress.net\/arhiva\/bolja-vlada-samo-novim-izborima\/#breadcrumb\",\"itemListElement\":[{\"@type\":\"ListItem\",\"position\":1,\"name\":\"Home\",\"item\":\"https:\/\/sandzakpress.net\/arhiva\/\"},{\"@type\":\"ListItem\",\"position\":2,\"name\":\"Bolja Vlada samo novim izborima\"}]},{\"@type\":\"WebSite\",\"@id\":\"https:\/\/sandzakpress.net\/arhiva\/#website\",\"url\":\"https:\/\/sandzakpress.net\/arhiva\/\",\"name\":\"Sand\u017eak PRESS\",\"description\":\"Prve elektronske novine u Sand\u017eaku\",\"publisher\":{\"@id\":\"https:\/\/sandzakpress.net\/arhiva\/#\/schema\/person\/6e72b67d6e51910a1117b3b483ba20bd\"},\"potentialAction\":[{\"@type\":\"SearchAction\",\"target\":{\"@type\":\"EntryPoint\",\"urlTemplate\":\"https:\/\/sandzakpress.net\/arhiva\/?s={search_term_string}\"},\"query-input\":{\"@type\":\"PropertyValueSpecification\",\"valueRequired\":true,\"valueName\":\"search_term_string\"}}],\"inLanguage\":\"bs-BA\"},{\"@type\":[\"Person\",\"Organization\"],\"@id\":\"https:\/\/sandzakpress.net\/arhiva\/#\/schema\/person\/6e72b67d6e51910a1117b3b483ba20bd\",\"name\":\"Kul\",\"image\":{\"@type\":\"ImageObject\",\"inLanguage\":\"bs-BA\",\"@id\":\"https:\/\/sandzakpress.net\/arhiva\/#\/schema\/person\/image\/\",\"url\":\"https:\/\/secure.gravatar.com\/avatar\/42263f39aa27ac04c43cab85c280eb2e?s=96&d=mm&r=pg\",\"contentUrl\":\"https:\/\/secure.gravatar.com\/avatar\/42263f39aa27ac04c43cab85c280eb2e?s=96&d=mm&r=pg\",\"caption\":\"Kul\"},\"logo\":{\"@id\":\"https:\/\/sandzakpress.net\/arhiva\/#\/schema\/person\/image\/\"}},{\"@type\":\"Person\",\"@id\":\"https:\/\/sandzakpress.net\/arhiva\/#\/schema\/person\/c8baee722073534b583ea7bdb2e36c02\",\"name\":\"bosniak\",\"image\":{\"@type\":\"ImageObject\",\"inLanguage\":\"bs-BA\",\"@id\":\"https:\/\/sandzakpress.net\/arhiva\/#\/schema\/person\/image\/\",\"url\":\"https:\/\/secure.gravatar.com\/avatar\/a04fd330bfe3a36a72a0ad4a6d89fca7?s=96&d=mm&r=pg\",\"contentUrl\":\"https:\/\/secure.gravatar.com\/avatar\/a04fd330bfe3a36a72a0ad4a6d89fca7?s=96&d=mm&r=pg\",\"caption\":\"bosniak\"},\"url\":\"https:\/\/sandzakpress.net\/arhiva\/author\/bosniak\/\"}]}<\/script>\n<!-- \/ Yoast SEO Premium plugin. -->","yoast_head_json":{"title":"Bolja Vlada samo novim izborima","robots":{"index":"index","follow":"follow","max-snippet":"max-snippet:-1","max-image-preview":"max-image-preview:large","max-video-preview":"max-video-preview:-1"},"canonical":"https:\/\/sandzakpress.net\/arhiva\/bolja-vlada-samo-novim-izborima\/","og_locale":"bs_BA","og_type":"article","og_title":"Bolja Vlada samo novim izborima","og_description":"Sjeverni Sand\u017eak &#8211; Povodom najavljene\u00a0 rekonstrukcije Vlade republike Srbije koja bi u svom novom sazivu imala smanjeni broj ministrstava, smatramo da ovaj potez vladaju\u0107e koalicije nije ni\u0161ta drugo do\u00a0 marketin\u0161ko politi\u010dki\u00a0 potez kojim se \u017eeli dobiti na vremenu do sljede\u0107ih izbora. Ova vlada je potpuno izgubila neophodni legitimitet, a formalne promjene ne\u0107e izmijeniti izuzetno lo\u0161e [&hellip;]","og_url":"https:\/\/sandzakpress.net\/arhiva\/bolja-vlada-samo-novim-izborima\/","og_site_name":"Sand\u017eak PRESS","article_published_time":"2011-03-10T05:59:19+00:00","og_image":[{"width":616,"height":462,"url":"https:\/\/sandzakpress.net\/arhiva\/wp-content\/uploads\/2011\/03\/bdz-vlada-srbije.jpg","type":"image\/jpeg"}],"author":"bosniak","twitter_card":"summary_large_image","twitter_misc":{"Written by":"bosniak","Est. reading time":"1 minuta"},"schema":{"@context":"https:\/\/schema.org","@graph":[{"@type":"Article","@id":"https:\/\/sandzakpress.net\/arhiva\/bolja-vlada-samo-novim-izborima\/#article","isPartOf":{"@id":"https:\/\/sandzakpress.net\/arhiva\/bolja-vlada-samo-novim-izborima\/"},"author":{"name":"bosniak","@id":"https:\/\/sandzakpress.net\/arhiva\/#\/schema\/person\/c8baee722073534b583ea7bdb2e36c02"},"headline":"Bolja Vlada samo novim izborima","datePublished":"2011-03-10T05:59:19+00:00","mainEntityOfPage":{"@id":"https:\/\/sandzakpress.net\/arhiva\/bolja-vlada-samo-novim-izborima\/"},"wordCount":245,"commentCount":6,"publisher":{"@id":"https:\/\/sandzakpress.net\/arhiva\/#\/schema\/person\/6e72b67d6e51910a1117b3b483ba20bd"},"image":{"@id":"https:\/\/sandzakpress.net\/arhiva\/bolja-vlada-samo-novim-izborima\/#primaryimage"},"thumbnailUrl":"https:\/\/sandzakpress.net\/arhiva\/wp-content\/uploads\/2011\/03\/bdz-vlada-srbije.jpg","articleSection":["Novi Pazar","Politika","Sjenica","Tutin","Prijepolje","Priboj","Nova Varo\u0161"],"inLanguage":"bs-BA","potentialAction":[{"@type":"CommentAction","name":"Comment","target":["https:\/\/sandzakpress.net\/arhiva\/bolja-vlada-samo-novim-izborima\/#respond"]}]},{"@type":"WebPage","@id":"https:\/\/sandzakpress.net\/arhiva\/bolja-vlada-samo-novim-izborima\/","url":"https:\/\/sandzakpress.net\/arhiva\/bolja-vlada-samo-novim-izborima\/","name":"Bolja Vlada samo novim izborima","isPartOf":{"@id":"https:\/\/sandzakpress.net\/arhiva\/#website"},"primaryImageOfPage":{"@id":"https:\/\/sandzakpress.net\/arhiva\/bolja-vlada-samo-novim-izborima\/#primaryimage"},"image":{"@id":"https:\/\/sandzakpress.net\/arhiva\/bolja-vlada-samo-novim-izborima\/#primaryimage"},"thumbnailUrl":"https:\/\/sandzakpress.net\/arhiva\/wp-content\/uploads\/2011\/03\/bdz-vlada-srbije.jpg","datePublished":"2011-03-10T05:59:19+00:00","breadcrumb":{"@id":"https:\/\/sandzakpress.net\/arhiva\/bolja-vlada-samo-novim-izborima\/#breadcrumb"},"inLanguage":"bs-BA","potentialAction":[{"@type":"ReadAction","target":["https:\/\/sandzakpress.net\/arhiva\/bolja-vlada-samo-novim-izborima\/"]}]},{"@type":"ImageObject","inLanguage":"bs-BA","@id":"https:\/\/sandzakpress.net\/arhiva\/bolja-vlada-samo-novim-izborima\/#primaryimage","url":"https:\/\/sandzakpress.net\/arhiva\/wp-content\/uploads\/2011\/03\/bdz-vlada-srbije.jpg","contentUrl":"https:\/\/sandzakpress.net\/arhiva\/wp-content\/uploads\/2011\/03\/bdz-vlada-srbije.jpg","width":616,"height":462},{"@type":"BreadcrumbList","@id":"https:\/\/sandzakpress.net\/arhiva\/bolja-vlada-samo-novim-izborima\/#breadcrumb","itemListElement":[{"@type":"ListItem","position":1,"name":"Home","item":"https:\/\/sandzakpress.net\/arhiva\/"},{"@type":"ListItem","position":2,"name":"Bolja Vlada samo novim izborima"}]},{"@type":"WebSite","@id":"https:\/\/sandzakpress.net\/arhiva\/#website","url":"https:\/\/sandzakpress.net\/arhiva\/","name":"Sand\u017eak PRESS","description":"Prve elektronske novine u Sand\u017eaku","publisher":{"@id":"https:\/\/sandzakpress.net\/arhiva\/#\/schema\/person\/6e72b67d6e51910a1117b3b483ba20bd"},"potentialAction":[{"@type":"SearchAction","target":{"@type":"EntryPoint","urlTemplate":"https:\/\/sandzakpress.net\/arhiva\/?s={search_term_string}"},"query-input":{"@type":"PropertyValueSpecification","valueRequired":true,"valueName":"search_term_string"}}],"inLanguage":"bs-BA"},{"@type":["Person","Organization"],"@id":"https:\/\/sandzakpress.net\/arhiva\/#\/schema\/person\/6e72b67d6e51910a1117b3b483ba20bd","name":"Kul","image":{"@type":"ImageObject","inLanguage":"bs-BA","@id":"https:\/\/sandzakpress.net\/arhiva\/#\/schema\/person\/image\/","url":"https:\/\/secure.gravatar.com\/avatar\/42263f39aa27ac04c43cab85c280eb2e?s=96&d=mm&r=pg","contentUrl":"https:\/\/secure.gravatar.com\/avatar\/42263f39aa27ac04c43cab85c280eb2e?s=96&d=mm&r=pg","caption":"Kul"},"logo":{"@id":"https:\/\/sandzakpress.net\/arhiva\/#\/schema\/person\/image\/"}},{"@type":"Person","@id":"https:\/\/sandzakpress.net\/arhiva\/#\/schema\/person\/c8baee722073534b583ea7bdb2e36c02","name":"bosniak","image":{"@type":"ImageObject","inLanguage":"bs-BA","@id":"https:\/\/sandzakpress.net\/arhiva\/#\/schema\/person\/image\/","url":"https:\/\/secure.gravatar.com\/avatar\/a04fd330bfe3a36a72a0ad4a6d89fca7?s=96&d=mm&r=pg","contentUrl":"https:\/\/secure.gravatar.com\/avatar\/a04fd330bfe3a36a72a0ad4a6d89fca7?s=96&d=mm&r=pg","caption":"bosniak"},"url":"https:\/\/sandzakpress.net\/arhiva\/author\/bosniak\/"}]}},"_links":{"self":[{"href":"https:\/\/sandzakpress.net\/arhiva\/wp-json\/wp\/v2\/posts\/13671"}],"collection":[{"href":"https:\/\/sandzakpress.net\/arhiva\/wp-json\/wp\/v2\/posts"}],"about":[{"href":"https:\/\/sandzakpress.net\/arhiva\/wp-json\/wp\/v2\/types\/post"}],"author":[{"embeddable":true,"href":"https:\/\/sandzakpress.net\/arhiva\/wp-json\/wp\/v2\/users\/83"}],"replies":[{"embeddable":true,"href":"https:\/\/sandzakpress.net\/arhiva\/wp-json\/wp\/v2\/comments?post=13671"}],"version-history":[{"count":0,"href":"https:\/\/sandzakpress.net\/arhiva\/wp-json\/wp\/v2\/posts\/13671\/revisions"}],"wp:featuredmedia":[{"embeddable":true,"href":"https:\/\/sandzakpress.net\/arhiva\/wp-json\/wp\/v2\/media\/13672"}],"wp:attachment":[{"href":"https:\/\/sandzakpress.net\/arhiva\/wp-json\/wp\/v2\/media?parent=13671"}],"wp:term":[{"taxonomy":"category","embeddable":true,"href":"https:\/\/sandzakpress.net\/arhiva\/wp-json\/wp\/v2\/categories?post=13671"},{"taxonomy":"post_tag","embeddable":true,"href":"https:\/\/sandzakpress.net\/arhiva\/wp-json\/wp\/v2\/tags?post=13671"}],"curies":[{"name":"wp","href":"https:\/\/api.w.org\/{rel}","templated":true}]}}