{"id":136581,"date":"2015-09-10T16:17:04","date_gmt":"2015-09-10T14:17:04","guid":{"rendered":"https:\/\/sandzakpress.net\/arhiva\/?p=136581"},"modified":"2015-09-10T17:19:05","modified_gmt":"2015-09-10T15:19:05","slug":"otvoreno-istureno-odjeljenje-medrese-gazi-isa-beg-u-becu","status":"publish","type":"post","link":"https:\/\/sandzakpress.net\/arhiva\/otvoreno-istureno-odjeljenje-medrese-gazi-isa-beg-u-becu\/","title":{"rendered":"Otvoreno istureno odjeljenje Medrese Gazi Isa-beg u Be\u010du"},"content":{"rendered":"<p><img loading=\"lazy\" decoding=\"async\" class=\"alignnone size-full wp-image-24440\" src=\"http:\/\/sanapress.info\/wp-content\/uploads\/2015\/09\/unnamed-1.jpg\" alt=\"unnamed (1)\" width=\"1038\" height=\"778\" \/><\/p>\n<p><strong>Austrija &#8211; Jedan od dokaza da su obrazovne institucije Me\u0161ihata IZ Sand\u017eaka utemeljene na iskrenosti i ispravnosti jeste i ekspanzija bereketa i svjetla koja dolazi od istih.<\/strong><\/p>\n<p>Nakon otvaranja departmana \u0161kole Kur\u2019ana u gradovima zapadne Evrope: Be\u010du, Minhenu, Frankfurtu i Ofenbahu, ovih dana je, nakon vi\u0161emjese\u010dnih priprema otvoreno\u00a0 istureno odjeljenje Gazi Isa beg Medrese u Be\u010du.<\/p>\n<p>Nastava \u0107e po\u010deti u oktobru, odvija\u0107e se dva puta hefti\u010dno a\u00a0 po potrebi \u0107e imati\u00a0 blok nastava. Do sada se prijavilo dvanaest polaznika. Koordinator Medrese u Be\u010du, prof. Nihat ef. Gegi\u0107 je pro\u0161lih dana promovisao Medresu na sjednici IZ Bo\u0161njaka u Austriji kao I u bo\u0161nja\u010dkim d\u017eematima ukazuju\u0107i na bitnost ove obrazovne institucije.<\/p>\n<p>Prostorije Medrese koje su smje\u0161tene na adresi Voitgasse 21 u 22 be\u010dkom okrugu su nedavno posjetili predstavnici IZ Bo\u0161njaka u Austriji na \u010delu sa predsjednikom mag. Esadom Memi\u0107em.<\/p>\n<p>\u010cestitamo Bosnjacima u Austriji koji svjesni o\u010duvanja svog identiteta predano ula\u017eu u obrazovanje grade\u0107i institucije od op\u0107eg zna\u010daja.<\/p>\n<p><img loading=\"lazy\" decoding=\"async\" class=\"aligncenter size-full wp-image-136582\" src=\"https:\/\/sandzakpress.net\/arhiva\/wp-content\/uploads\/2015\/09\/12.jpg\" alt=\"1\" width=\"679\" height=\"960\" srcset=\"https:\/\/sandzakpress.net\/arhiva\/wp-content\/uploads\/2015\/09\/12.jpg 679w, https:\/\/sandzakpress.net\/arhiva\/wp-content\/uploads\/2015\/09\/12-616x871.jpg 616w\" sizes=\"(max-width: 679px) 100vw, 679px\" \/><\/p>\n<p>\u00a0<a href=\"http:\/\/sanapress.info\/wp-content\/uploads\/2015\/09\/unnamed.jpg\"><img loading=\"lazy\" decoding=\"async\" class=\"alignnone  wp-image-24442\" src=\"http:\/\/sanapress.info\/wp-content\/uploads\/2015\/09\/unnamed.jpg\" alt=\"unnamed\" width=\"561\" height=\"316\" \/><\/a><\/p>\n<p>SANA<\/p>\n<p>&nbsp;<\/p>\n","protected":false},"excerpt":{"rendered":"<p>Austrija &#8211; Jedan od dokaza da su obrazovne institucije Me\u0161ihata IZ Sand\u017eaka utemeljene na iskrenosti i ispravnosti jeste i ekspanzija bereketa i svjetla koja dolazi od istih. Nakon otvaranja departmana \u0161kole Kur\u2019ana u gradovima zapadne Evrope: Be\u010du, Minhenu, Frankfurtu i Ofenbahu, ovih dana je, nakon vi\u0161emjese\u010dnih priprema otvoreno\u00a0 istureno odjeljenje Gazi Isa beg Medrese u [&hellip;]<\/p>\n","protected":false},"author":83,"featured_media":136583,"comment_status":"open","ping_status":"open","sticky":false,"template":"","format":"standard","meta":{"footnotes":""},"categories":[9539,802,8957],"tags":[],"class_list":{"0":"post-136581","1":"post","2":"type-post","3":"status-publish","4":"format-standard","5":"has-post-thumbnail","7":"category-austrija-dijaspora-gradovi-vase-vijesti","8":"category-islamska_zajednica","9":"category-vijesti-dana"},"yoast_head":"<!-- This site is optimized with the Yoast SEO Premium plugin v23.1 (Yoast SEO v24.9) - https:\/\/yoast.com\/wordpress\/plugins\/seo\/ -->\n<title>Otvoreno istureno odjeljenje Medrese Gazi Isa-beg u Be\u010du<\/title>\n<meta name=\"robots\" content=\"index, follow, max-snippet:-1, max-image-preview:large, max-video-preview:-1\" \/>\n<link rel=\"canonical\" href=\"https:\/\/sandzakpress.net\/arhiva\/otvoreno-istureno-odjeljenje-medrese-gazi-isa-beg-u-becu\/\" \/>\n<meta property=\"og:locale\" content=\"bs_BA\" \/>\n<meta property=\"og:type\" content=\"article\" \/>\n<meta property=\"og:title\" content=\"Otvoreno istureno odjeljenje Medrese Gazi Isa-beg u Be\u010du\" \/>\n<meta property=\"og:description\" content=\"Austrija &#8211; Jedan od dokaza da su obrazovne institucije Me\u0161ihata IZ Sand\u017eaka utemeljene na iskrenosti i ispravnosti jeste i ekspanzija bereketa i svjetla koja dolazi od istih. Nakon otvaranja departmana \u0161kole Kur\u2019ana u gradovima zapadne Evrope: Be\u010du, Minhenu, Frankfurtu i Ofenbahu, ovih dana je, nakon vi\u0161emjese\u010dnih priprema otvoreno\u00a0 istureno odjeljenje Gazi Isa beg Medrese u [&hellip;]\" \/>\n<meta property=\"og:url\" content=\"https:\/\/sandzakpress.net\/arhiva\/otvoreno-istureno-odjeljenje-medrese-gazi-isa-beg-u-becu\/\" \/>\n<meta property=\"og:site_name\" content=\"Sand\u017eak PRESS\" \/>\n<meta property=\"article:published_time\" content=\"2015-09-10T14:17:04+00:00\" \/>\n<meta property=\"article:modified_time\" content=\"2015-09-10T15:19:05+00:00\" \/>\n<meta property=\"og:image\" content=\"https:\/\/sandzakpress.net\/arhiva\/wp-content\/uploads\/2015\/09\/unnamed-13.jpg\" \/>\n\t<meta property=\"og:image:width\" content=\"1038\" \/>\n\t<meta property=\"og:image:height\" content=\"778\" \/>\n\t<meta property=\"og:image:type\" content=\"image\/jpeg\" \/>\n<meta name=\"author\" content=\"bosniak\" \/>\n<meta name=\"twitter:card\" content=\"summary_large_image\" \/>\n<meta name=\"twitter:label1\" content=\"Written by\" \/>\n\t<meta name=\"twitter:data1\" content=\"bosniak\" \/>\n\t<meta name=\"twitter:label2\" content=\"Est. reading time\" \/>\n\t<meta name=\"twitter:data2\" content=\"1 minuta\" \/>\n<script type=\"application\/ld+json\" class=\"yoast-schema-graph\">{\"@context\":\"https:\/\/schema.org\",\"@graph\":[{\"@type\":\"Article\",\"@id\":\"https:\/\/sandzakpress.net\/arhiva\/otvoreno-istureno-odjeljenje-medrese-gazi-isa-beg-u-becu\/#article\",\"isPartOf\":{\"@id\":\"https:\/\/sandzakpress.net\/arhiva\/otvoreno-istureno-odjeljenje-medrese-gazi-isa-beg-u-becu\/\"},\"author\":{\"name\":\"bosniak\",\"@id\":\"https:\/\/sandzakpress.net\/arhiva\/#\/schema\/person\/c8baee722073534b583ea7bdb2e36c02\"},\"headline\":\"Otvoreno istureno odjeljenje Medrese Gazi Isa-beg u Be\u010du\",\"datePublished\":\"2015-09-10T14:17:04+00:00\",\"dateModified\":\"2015-09-10T15:19:05+00:00\",\"mainEntityOfPage\":{\"@id\":\"https:\/\/sandzakpress.net\/arhiva\/otvoreno-istureno-odjeljenje-medrese-gazi-isa-beg-u-becu\/\"},\"wordCount\":190,\"commentCount\":2,\"publisher\":{\"@id\":\"https:\/\/sandzakpress.net\/arhiva\/#\/schema\/person\/6e72b67d6e51910a1117b3b483ba20bd\"},\"image\":{\"@id\":\"https:\/\/sandzakpress.net\/arhiva\/otvoreno-istureno-odjeljenje-medrese-gazi-isa-beg-u-becu\/#primaryimage\"},\"thumbnailUrl\":\"https:\/\/sandzakpress.net\/arhiva\/wp-content\/uploads\/2015\/09\/unnamed-13.jpg\",\"articleSection\":[\"Austrija\",\"Islamska zajednica\",\"VIJESTI DANA\"],\"inLanguage\":\"bs-BA\",\"potentialAction\":[{\"@type\":\"CommentAction\",\"name\":\"Comment\",\"target\":[\"https:\/\/sandzakpress.net\/arhiva\/otvoreno-istureno-odjeljenje-medrese-gazi-isa-beg-u-becu\/#respond\"]}]},{\"@type\":\"WebPage\",\"@id\":\"https:\/\/sandzakpress.net\/arhiva\/otvoreno-istureno-odjeljenje-medrese-gazi-isa-beg-u-becu\/\",\"url\":\"https:\/\/sandzakpress.net\/arhiva\/otvoreno-istureno-odjeljenje-medrese-gazi-isa-beg-u-becu\/\",\"name\":\"Otvoreno istureno odjeljenje Medrese Gazi Isa-beg u Be\u010du\",\"isPartOf\":{\"@id\":\"https:\/\/sandzakpress.net\/arhiva\/#website\"},\"primaryImageOfPage\":{\"@id\":\"https:\/\/sandzakpress.net\/arhiva\/otvoreno-istureno-odjeljenje-medrese-gazi-isa-beg-u-becu\/#primaryimage\"},\"image\":{\"@id\":\"https:\/\/sandzakpress.net\/arhiva\/otvoreno-istureno-odjeljenje-medrese-gazi-isa-beg-u-becu\/#primaryimage\"},\"thumbnailUrl\":\"https:\/\/sandzakpress.net\/arhiva\/wp-content\/uploads\/2015\/09\/unnamed-13.jpg\",\"datePublished\":\"2015-09-10T14:17:04+00:00\",\"dateModified\":\"2015-09-10T15:19:05+00:00\",\"breadcrumb\":{\"@id\":\"https:\/\/sandzakpress.net\/arhiva\/otvoreno-istureno-odjeljenje-medrese-gazi-isa-beg-u-becu\/#breadcrumb\"},\"inLanguage\":\"bs-BA\",\"potentialAction\":[{\"@type\":\"ReadAction\",\"target\":[\"https:\/\/sandzakpress.net\/arhiva\/otvoreno-istureno-odjeljenje-medrese-gazi-isa-beg-u-becu\/\"]}]},{\"@type\":\"ImageObject\",\"inLanguage\":\"bs-BA\",\"@id\":\"https:\/\/sandzakpress.net\/arhiva\/otvoreno-istureno-odjeljenje-medrese-gazi-isa-beg-u-becu\/#primaryimage\",\"url\":\"https:\/\/sandzakpress.net\/arhiva\/wp-content\/uploads\/2015\/09\/unnamed-13.jpg\",\"contentUrl\":\"https:\/\/sandzakpress.net\/arhiva\/wp-content\/uploads\/2015\/09\/unnamed-13.jpg\",\"width\":1038,\"height\":778},{\"@type\":\"BreadcrumbList\",\"@id\":\"https:\/\/sandzakpress.net\/arhiva\/otvoreno-istureno-odjeljenje-medrese-gazi-isa-beg-u-becu\/#breadcrumb\",\"itemListElement\":[{\"@type\":\"ListItem\",\"position\":1,\"name\":\"Home\",\"item\":\"https:\/\/sandzakpress.net\/arhiva\/\"},{\"@type\":\"ListItem\",\"position\":2,\"name\":\"Otvoreno istureno odjeljenje Medrese Gazi Isa-beg u Be\u010du\"}]},{\"@type\":\"WebSite\",\"@id\":\"https:\/\/sandzakpress.net\/arhiva\/#website\",\"url\":\"https:\/\/sandzakpress.net\/arhiva\/\",\"name\":\"Sand\u017eak PRESS\",\"description\":\"Prve elektronske novine u Sand\u017eaku\",\"publisher\":{\"@id\":\"https:\/\/sandzakpress.net\/arhiva\/#\/schema\/person\/6e72b67d6e51910a1117b3b483ba20bd\"},\"potentialAction\":[{\"@type\":\"SearchAction\",\"target\":{\"@type\":\"EntryPoint\",\"urlTemplate\":\"https:\/\/sandzakpress.net\/arhiva\/?s={search_term_string}\"},\"query-input\":{\"@type\":\"PropertyValueSpecification\",\"valueRequired\":true,\"valueName\":\"search_term_string\"}}],\"inLanguage\":\"bs-BA\"},{\"@type\":[\"Person\",\"Organization\"],\"@id\":\"https:\/\/sandzakpress.net\/arhiva\/#\/schema\/person\/6e72b67d6e51910a1117b3b483ba20bd\",\"name\":\"Kul\",\"image\":{\"@type\":\"ImageObject\",\"inLanguage\":\"bs-BA\",\"@id\":\"https:\/\/sandzakpress.net\/arhiva\/#\/schema\/person\/image\/\",\"url\":\"https:\/\/secure.gravatar.com\/avatar\/42263f39aa27ac04c43cab85c280eb2e?s=96&d=mm&r=pg\",\"contentUrl\":\"https:\/\/secure.gravatar.com\/avatar\/42263f39aa27ac04c43cab85c280eb2e?s=96&d=mm&r=pg\",\"caption\":\"Kul\"},\"logo\":{\"@id\":\"https:\/\/sandzakpress.net\/arhiva\/#\/schema\/person\/image\/\"}},{\"@type\":\"Person\",\"@id\":\"https:\/\/sandzakpress.net\/arhiva\/#\/schema\/person\/c8baee722073534b583ea7bdb2e36c02\",\"name\":\"bosniak\",\"image\":{\"@type\":\"ImageObject\",\"inLanguage\":\"bs-BA\",\"@id\":\"https:\/\/sandzakpress.net\/arhiva\/#\/schema\/person\/image\/\",\"url\":\"https:\/\/secure.gravatar.com\/avatar\/a04fd330bfe3a36a72a0ad4a6d89fca7?s=96&d=mm&r=pg\",\"contentUrl\":\"https:\/\/secure.gravatar.com\/avatar\/a04fd330bfe3a36a72a0ad4a6d89fca7?s=96&d=mm&r=pg\",\"caption\":\"bosniak\"},\"url\":\"https:\/\/sandzakpress.net\/arhiva\/author\/bosniak\/\"}]}<\/script>\n<!-- \/ Yoast SEO Premium plugin. -->","yoast_head_json":{"title":"Otvoreno istureno odjeljenje Medrese Gazi Isa-beg u Be\u010du","robots":{"index":"index","follow":"follow","max-snippet":"max-snippet:-1","max-image-preview":"max-image-preview:large","max-video-preview":"max-video-preview:-1"},"canonical":"https:\/\/sandzakpress.net\/arhiva\/otvoreno-istureno-odjeljenje-medrese-gazi-isa-beg-u-becu\/","og_locale":"bs_BA","og_type":"article","og_title":"Otvoreno istureno odjeljenje Medrese Gazi Isa-beg u Be\u010du","og_description":"Austrija &#8211; Jedan od dokaza da su obrazovne institucije Me\u0161ihata IZ Sand\u017eaka utemeljene na iskrenosti i ispravnosti jeste i ekspanzija bereketa i svjetla koja dolazi od istih. Nakon otvaranja departmana \u0161kole Kur\u2019ana u gradovima zapadne Evrope: Be\u010du, Minhenu, Frankfurtu i Ofenbahu, ovih dana je, nakon vi\u0161emjese\u010dnih priprema otvoreno\u00a0 istureno odjeljenje Gazi Isa beg Medrese u [&hellip;]","og_url":"https:\/\/sandzakpress.net\/arhiva\/otvoreno-istureno-odjeljenje-medrese-gazi-isa-beg-u-becu\/","og_site_name":"Sand\u017eak PRESS","article_published_time":"2015-09-10T14:17:04+00:00","article_modified_time":"2015-09-10T15:19:05+00:00","og_image":[{"width":1038,"height":778,"url":"https:\/\/sandzakpress.net\/arhiva\/wp-content\/uploads\/2015\/09\/unnamed-13.jpg","type":"image\/jpeg"}],"author":"bosniak","twitter_card":"summary_large_image","twitter_misc":{"Written by":"bosniak","Est. reading time":"1 minuta"},"schema":{"@context":"https:\/\/schema.org","@graph":[{"@type":"Article","@id":"https:\/\/sandzakpress.net\/arhiva\/otvoreno-istureno-odjeljenje-medrese-gazi-isa-beg-u-becu\/#article","isPartOf":{"@id":"https:\/\/sandzakpress.net\/arhiva\/otvoreno-istureno-odjeljenje-medrese-gazi-isa-beg-u-becu\/"},"author":{"name":"bosniak","@id":"https:\/\/sandzakpress.net\/arhiva\/#\/schema\/person\/c8baee722073534b583ea7bdb2e36c02"},"headline":"Otvoreno istureno odjeljenje Medrese Gazi Isa-beg u Be\u010du","datePublished":"2015-09-10T14:17:04+00:00","dateModified":"2015-09-10T15:19:05+00:00","mainEntityOfPage":{"@id":"https:\/\/sandzakpress.net\/arhiva\/otvoreno-istureno-odjeljenje-medrese-gazi-isa-beg-u-becu\/"},"wordCount":190,"commentCount":2,"publisher":{"@id":"https:\/\/sandzakpress.net\/arhiva\/#\/schema\/person\/6e72b67d6e51910a1117b3b483ba20bd"},"image":{"@id":"https:\/\/sandzakpress.net\/arhiva\/otvoreno-istureno-odjeljenje-medrese-gazi-isa-beg-u-becu\/#primaryimage"},"thumbnailUrl":"https:\/\/sandzakpress.net\/arhiva\/wp-content\/uploads\/2015\/09\/unnamed-13.jpg","articleSection":["Austrija","Islamska zajednica","VIJESTI DANA"],"inLanguage":"bs-BA","potentialAction":[{"@type":"CommentAction","name":"Comment","target":["https:\/\/sandzakpress.net\/arhiva\/otvoreno-istureno-odjeljenje-medrese-gazi-isa-beg-u-becu\/#respond"]}]},{"@type":"WebPage","@id":"https:\/\/sandzakpress.net\/arhiva\/otvoreno-istureno-odjeljenje-medrese-gazi-isa-beg-u-becu\/","url":"https:\/\/sandzakpress.net\/arhiva\/otvoreno-istureno-odjeljenje-medrese-gazi-isa-beg-u-becu\/","name":"Otvoreno istureno odjeljenje Medrese Gazi Isa-beg u Be\u010du","isPartOf":{"@id":"https:\/\/sandzakpress.net\/arhiva\/#website"},"primaryImageOfPage":{"@id":"https:\/\/sandzakpress.net\/arhiva\/otvoreno-istureno-odjeljenje-medrese-gazi-isa-beg-u-becu\/#primaryimage"},"image":{"@id":"https:\/\/sandzakpress.net\/arhiva\/otvoreno-istureno-odjeljenje-medrese-gazi-isa-beg-u-becu\/#primaryimage"},"thumbnailUrl":"https:\/\/sandzakpress.net\/arhiva\/wp-content\/uploads\/2015\/09\/unnamed-13.jpg","datePublished":"2015-09-10T14:17:04+00:00","dateModified":"2015-09-10T15:19:05+00:00","breadcrumb":{"@id":"https:\/\/sandzakpress.net\/arhiva\/otvoreno-istureno-odjeljenje-medrese-gazi-isa-beg-u-becu\/#breadcrumb"},"inLanguage":"bs-BA","potentialAction":[{"@type":"ReadAction","target":["https:\/\/sandzakpress.net\/arhiva\/otvoreno-istureno-odjeljenje-medrese-gazi-isa-beg-u-becu\/"]}]},{"@type":"ImageObject","inLanguage":"bs-BA","@id":"https:\/\/sandzakpress.net\/arhiva\/otvoreno-istureno-odjeljenje-medrese-gazi-isa-beg-u-becu\/#primaryimage","url":"https:\/\/sandzakpress.net\/arhiva\/wp-content\/uploads\/2015\/09\/unnamed-13.jpg","contentUrl":"https:\/\/sandzakpress.net\/arhiva\/wp-content\/uploads\/2015\/09\/unnamed-13.jpg","width":1038,"height":778},{"@type":"BreadcrumbList","@id":"https:\/\/sandzakpress.net\/arhiva\/otvoreno-istureno-odjeljenje-medrese-gazi-isa-beg-u-becu\/#breadcrumb","itemListElement":[{"@type":"ListItem","position":1,"name":"Home","item":"https:\/\/sandzakpress.net\/arhiva\/"},{"@type":"ListItem","position":2,"name":"Otvoreno istureno odjeljenje Medrese Gazi Isa-beg u Be\u010du"}]},{"@type":"WebSite","@id":"https:\/\/sandzakpress.net\/arhiva\/#website","url":"https:\/\/sandzakpress.net\/arhiva\/","name":"Sand\u017eak PRESS","description":"Prve elektronske novine u Sand\u017eaku","publisher":{"@id":"https:\/\/sandzakpress.net\/arhiva\/#\/schema\/person\/6e72b67d6e51910a1117b3b483ba20bd"},"potentialAction":[{"@type":"SearchAction","target":{"@type":"EntryPoint","urlTemplate":"https:\/\/sandzakpress.net\/arhiva\/?s={search_term_string}"},"query-input":{"@type":"PropertyValueSpecification","valueRequired":true,"valueName":"search_term_string"}}],"inLanguage":"bs-BA"},{"@type":["Person","Organization"],"@id":"https:\/\/sandzakpress.net\/arhiva\/#\/schema\/person\/6e72b67d6e51910a1117b3b483ba20bd","name":"Kul","image":{"@type":"ImageObject","inLanguage":"bs-BA","@id":"https:\/\/sandzakpress.net\/arhiva\/#\/schema\/person\/image\/","url":"https:\/\/secure.gravatar.com\/avatar\/42263f39aa27ac04c43cab85c280eb2e?s=96&d=mm&r=pg","contentUrl":"https:\/\/secure.gravatar.com\/avatar\/42263f39aa27ac04c43cab85c280eb2e?s=96&d=mm&r=pg","caption":"Kul"},"logo":{"@id":"https:\/\/sandzakpress.net\/arhiva\/#\/schema\/person\/image\/"}},{"@type":"Person","@id":"https:\/\/sandzakpress.net\/arhiva\/#\/schema\/person\/c8baee722073534b583ea7bdb2e36c02","name":"bosniak","image":{"@type":"ImageObject","inLanguage":"bs-BA","@id":"https:\/\/sandzakpress.net\/arhiva\/#\/schema\/person\/image\/","url":"https:\/\/secure.gravatar.com\/avatar\/a04fd330bfe3a36a72a0ad4a6d89fca7?s=96&d=mm&r=pg","contentUrl":"https:\/\/secure.gravatar.com\/avatar\/a04fd330bfe3a36a72a0ad4a6d89fca7?s=96&d=mm&r=pg","caption":"bosniak"},"url":"https:\/\/sandzakpress.net\/arhiva\/author\/bosniak\/"}]}},"_links":{"self":[{"href":"https:\/\/sandzakpress.net\/arhiva\/wp-json\/wp\/v2\/posts\/136581"}],"collection":[{"href":"https:\/\/sandzakpress.net\/arhiva\/wp-json\/wp\/v2\/posts"}],"about":[{"href":"https:\/\/sandzakpress.net\/arhiva\/wp-json\/wp\/v2\/types\/post"}],"author":[{"embeddable":true,"href":"https:\/\/sandzakpress.net\/arhiva\/wp-json\/wp\/v2\/users\/83"}],"replies":[{"embeddable":true,"href":"https:\/\/sandzakpress.net\/arhiva\/wp-json\/wp\/v2\/comments?post=136581"}],"version-history":[{"count":0,"href":"https:\/\/sandzakpress.net\/arhiva\/wp-json\/wp\/v2\/posts\/136581\/revisions"}],"wp:featuredmedia":[{"embeddable":true,"href":"https:\/\/sandzakpress.net\/arhiva\/wp-json\/wp\/v2\/media\/136583"}],"wp:attachment":[{"href":"https:\/\/sandzakpress.net\/arhiva\/wp-json\/wp\/v2\/media?parent=136581"}],"wp:term":[{"taxonomy":"category","embeddable":true,"href":"https:\/\/sandzakpress.net\/arhiva\/wp-json\/wp\/v2\/categories?post=136581"},{"taxonomy":"post_tag","embeddable":true,"href":"https:\/\/sandzakpress.net\/arhiva\/wp-json\/wp\/v2\/tags?post=136581"}],"curies":[{"name":"wp","href":"https:\/\/api.w.org\/{rel}","templated":true}]}}