{"id":136561,"date":"2015-09-10T13:54:16","date_gmt":"2015-09-10T11:54:16","guid":{"rendered":"https:\/\/sandzakpress.net\/arhiva\/sud-bih-potvrdio-optuznicu-protiv-orica"},"modified":"2015-09-10T13:54:16","modified_gmt":"2015-09-10T11:54:16","slug":"sud-bih-potvrdio-optuznicu-protiv-orica","status":"publish","type":"post","link":"https:\/\/sandzakpress.net\/arhiva\/sud-bih-potvrdio-optuznicu-protiv-orica\/","title":{"rendered":"Sud BiH potvrdio optu\u017enicu protiv Ori\u0107a"},"content":{"rendered":"<p><img decoding=\"async\" src=\"http:\/\/balkans.aljazeera.net\/sites\/staff.balkans.aljazeera.com\/files\/styles\/aljazeera_article_main_image\/public\/naser_oric_sud_anadolija_2.jpg?itok=ddYSzGCt\" alt=\"BiH, Ratni zlo\u010dini\" \/><\/p>\n<p><strong>Sarajevo \u2013 Tu\u017eila\u0161tvo Bosne i Hercegovine obavije\u0161teno je da je Sud BiH potvrdio optu\u017enicu u predmetu \u201cNaser Ori\u0107 i drugi\u201d.<\/strong><\/p>\n<p>Optu\u017enicom, koja je podignuta krajem augusta, Naser Ori\u0107 i Sabahudin Muhi\u0107 se terete da su tokom rata izme\u0111u Armije RBiH i Vojske Republike Srpske, na podru\u010dju Srebrenice i Bratunca, u svojstvu komandanta i pripadnika Armije RBiH, postupali protivno odredbama me\u0111unarodnog prava i \u017eenevskih konvencija.<\/p>\n<p>U optu\u017enici se navodi da su optu\u017eeni tokom 1992. godine u mjestima Zalazje, Loli\u0107i i Kunjerac ubili tri zarobljenika srpske nacionalnosti.<\/p>\n<p>Optu\u017eeni se terete za ratni zlo\u010din protiv ratnih zarobljenika.<\/p>\n<p>Tu\u017eilac Posebnog odjela za ratne zlo\u010dine Tu\u017eila\u0161tva Bosne i Hercegovine nakon vi\u0161emjese\u010dne istrage, koja je provedena u saradnji sa Dr\u017eavnom agencijom za istrage i za\u0161titu i Ministarstvom unutra\u0161njih poslova bh. entiteta Republika Srpska, podigao je krajem augusta optu\u017enicu protiv Nasera Ori\u0107a i Sabahudina Muhi\u0107a.<\/p>\n<p>Tu\u017eila\u0161tvo Bosne i Hercegovine \u0107e u istom krivi\u010dnom predmetu uputiti zahtjev \u0160vicarskoj za izru\u010denje Elfete Veseli, koja je osumnji\u010dena da je tokom 1992. godine po\u010dinila krivi\u010dno djelo ratnog zlo\u010dina protiv civilnog stanovni\u0161tva \u2013 ubistvo maloljetnog dje\u010daka srpske nacionalnosti.<\/p>\n<p><strong>Odbacuje navode tu\u017eioca<\/strong><\/p>\n<p>Sud BiH je po\u010detkom jula odredio da Ori\u0107, nekada\u0161nji ratni komandant Armije RBiH u Srebrenici ne mo\u017ee napu\u0161tati podru\u010dje Bosne i Hercegovine, dok mu je kretanje unutar dr\u017eave ograni\u010deno na podru\u010dje Kantona Sarajevo i Zeni\u010dko-dobojskog kantona.<\/p>\n<p>Ori\u0107u je zabranjeno kontaktirati sa svjedocima i osumnji\u010denima u ovom predmetu, ima obavezu javljati se policiji svakog ponedjeljka, a oduzet mu je i paso\u0161, potvrdila je njegova advokatica Vasvija Vidovi\u0107.<\/p>\n<p>Edina Re\u0161idovi\u0107 iz tima odbrane Ori\u0107a ranije je izjavila da \u201csu sve radnje koje tu\u017eilac u prijedlogu navodi ve\u0107 pravosna\u017eno tretirane\u201d.<\/p>\n<p>Podsjetila je da je Ha\u0161ki tribunal Ori\u0107a oslobodio svih komandnih i li\u010dnih odgovornosti u doga\u0111ajima u Srebrenici od po\u010detka do kraja rata.<\/p>\n<p>Predmet \u201cNaser Ori\u0107 i drugi\u201d, koji je u nadle\u017enosti pravosu\u0111a Bosne i Hercegovine, pokrenut je 2006. godine.<\/p>\n<p>Ori\u0107 je ispitan 2008. godine, po zahtjevu Okru\u017enog tu\u017eila\u0161tva u Bijeljini, a predmet je 2009. godine preuzet u nadle\u017enost Tu\u017eila\u0161tva i Suda BiH.<\/p>\n<p>Ori\u0107 je izru\u010den BiH iz \u0160vicarske, u kojoj je 10. juna uhap\u0161en po potjernici Tu\u017eila\u0161tva Srbije, nakon \u010dega mu je odre\u0111en ekstradicioni pritvor.<\/p>\n<p>Godine 2008. Apelaciono vije\u0107e Ha\u0161kog tribunala pravosna\u017eno je oslobodilo Ori\u0107a krivice za nespre\u010davanje zlo\u010dina nad Srbima 1992. i 1993. godine.<\/p>\n<p>Izvor: Agencije<\/p>\n<p>Pogledajte vijest na izvornom sajtu:<\/p>\n<p><a href=\"http:\/\/bosnapress.net\/sud-bih-potvrdio-optuznicu-protiv-orica\/\" target=\"_blank\">Sud BiH potvrdio optu\u017enicu protiv Ori\u0107a<\/a><\/p>\n","protected":false},"excerpt":{"rendered":"<p>Sarajevo \u2013 Tu\u017eila\u0161tvo Bosne i Hercegovine obavije\u0161teno je da je Sud BiH potvrdio optu\u017enicu u predmetu \u201cNaser Ori\u0107 i drugi\u201d. Optu\u017enicom, koja je podignuta krajem augusta, Naser Ori\u0107 i Sabahudin Muhi\u0107 se terete da su tokom rata izme\u0111u Armije RBiH i Vojske Republike Srpske, na podru\u010dju Srebrenice i Bratunca, u svojstvu komandanta i pripadnika Armije [&hellip;]<\/p>\n","protected":false},"author":83,"featured_media":136562,"comment_status":"open","ping_status":"open","sticky":false,"template":"","format":"standard","meta":{"footnotes":""},"categories":[10513],"tags":[10466],"class_list":{"0":"post-136561","1":"post","2":"type-post","3":"status-publish","4":"format-standard","5":"has-post-thumbnail","7":"category-bosna-press","8":"tag-bosna-i-hercegovina"},"yoast_head":"<!-- This site is optimized with the Yoast SEO Premium plugin v23.1 (Yoast SEO v24.9) - https:\/\/yoast.com\/wordpress\/plugins\/seo\/ -->\n<title>Sud BiH potvrdio optu\u017enicu protiv Ori\u0107a<\/title>\n<meta name=\"robots\" content=\"index, follow, max-snippet:-1, max-image-preview:large, max-video-preview:-1\" \/>\n<link rel=\"canonical\" href=\"https:\/\/sandzakpress.net\/arhiva\/sud-bih-potvrdio-optuznicu-protiv-orica\/\" \/>\n<meta property=\"og:locale\" content=\"bs_BA\" \/>\n<meta property=\"og:type\" content=\"article\" \/>\n<meta property=\"og:title\" content=\"Sud BiH potvrdio optu\u017enicu protiv Ori\u0107a\" \/>\n<meta property=\"og:description\" content=\"Sarajevo \u2013 Tu\u017eila\u0161tvo Bosne i Hercegovine obavije\u0161teno je da je Sud BiH potvrdio optu\u017enicu u predmetu \u201cNaser Ori\u0107 i drugi\u201d. Optu\u017enicom, koja je podignuta krajem augusta, Naser Ori\u0107 i Sabahudin Muhi\u0107 se terete da su tokom rata izme\u0111u Armije RBiH i Vojske Republike Srpske, na podru\u010dju Srebrenice i Bratunca, u svojstvu komandanta i pripadnika Armije [&hellip;]\" \/>\n<meta property=\"og:url\" content=\"https:\/\/sandzakpress.net\/arhiva\/sud-bih-potvrdio-optuznicu-protiv-orica\/\" \/>\n<meta property=\"og:site_name\" content=\"Sand\u017eak PRESS\" \/>\n<meta property=\"article:published_time\" content=\"2015-09-10T11:54:16+00:00\" \/>\n<meta property=\"og:image\" content=\"https:\/\/sandzakpress.net\/arhiva\/wp-content\/uploads\/2015\/09\/naser_oric_sud_anadolija_2.jpg\" \/>\n\t<meta property=\"og:image:width\" content=\"900\" \/>\n\t<meta property=\"og:image:height\" content=\"672\" \/>\n\t<meta property=\"og:image:type\" content=\"image\/jpeg\" \/>\n<meta name=\"author\" content=\"bosniak\" \/>\n<meta name=\"twitter:card\" content=\"summary_large_image\" \/>\n<meta name=\"twitter:label1\" content=\"Written by\" \/>\n\t<meta name=\"twitter:data1\" content=\"bosniak\" \/>\n\t<meta name=\"twitter:label2\" content=\"Est. reading time\" \/>\n\t<meta name=\"twitter:data2\" content=\"2 minute\" \/>\n<script type=\"application\/ld+json\" class=\"yoast-schema-graph\">{\"@context\":\"https:\/\/schema.org\",\"@graph\":[{\"@type\":\"Article\",\"@id\":\"https:\/\/sandzakpress.net\/arhiva\/sud-bih-potvrdio-optuznicu-protiv-orica\/#article\",\"isPartOf\":{\"@id\":\"https:\/\/sandzakpress.net\/arhiva\/sud-bih-potvrdio-optuznicu-protiv-orica\/\"},\"author\":{\"name\":\"bosniak\",\"@id\":\"https:\/\/sandzakpress.net\/arhiva\/#\/schema\/person\/c8baee722073534b583ea7bdb2e36c02\"},\"headline\":\"Sud BiH potvrdio optu\u017enicu protiv Ori\u0107a\",\"datePublished\":\"2015-09-10T11:54:16+00:00\",\"mainEntityOfPage\":{\"@id\":\"https:\/\/sandzakpress.net\/arhiva\/sud-bih-potvrdio-optuznicu-protiv-orica\/\"},\"wordCount\":458,\"commentCount\":0,\"publisher\":{\"@id\":\"https:\/\/sandzakpress.net\/arhiva\/#\/schema\/person\/6e72b67d6e51910a1117b3b483ba20bd\"},\"image\":{\"@id\":\"https:\/\/sandzakpress.net\/arhiva\/sud-bih-potvrdio-optuznicu-protiv-orica\/#primaryimage\"},\"thumbnailUrl\":\"https:\/\/sandzakpress.net\/arhiva\/wp-content\/uploads\/2015\/09\/naser_oric_sud_anadolija_2.jpg\",\"keywords\":[\"Bosna i Hercegovina\"],\"articleSection\":[\"Bosna PRESS\"],\"inLanguage\":\"bs-BA\",\"potentialAction\":[{\"@type\":\"CommentAction\",\"name\":\"Comment\",\"target\":[\"https:\/\/sandzakpress.net\/arhiva\/sud-bih-potvrdio-optuznicu-protiv-orica\/#respond\"]}]},{\"@type\":\"WebPage\",\"@id\":\"https:\/\/sandzakpress.net\/arhiva\/sud-bih-potvrdio-optuznicu-protiv-orica\/\",\"url\":\"https:\/\/sandzakpress.net\/arhiva\/sud-bih-potvrdio-optuznicu-protiv-orica\/\",\"name\":\"Sud BiH potvrdio optu\u017enicu protiv Ori\u0107a\",\"isPartOf\":{\"@id\":\"https:\/\/sandzakpress.net\/arhiva\/#website\"},\"primaryImageOfPage\":{\"@id\":\"https:\/\/sandzakpress.net\/arhiva\/sud-bih-potvrdio-optuznicu-protiv-orica\/#primaryimage\"},\"image\":{\"@id\":\"https:\/\/sandzakpress.net\/arhiva\/sud-bih-potvrdio-optuznicu-protiv-orica\/#primaryimage\"},\"thumbnailUrl\":\"https:\/\/sandzakpress.net\/arhiva\/wp-content\/uploads\/2015\/09\/naser_oric_sud_anadolija_2.jpg\",\"datePublished\":\"2015-09-10T11:54:16+00:00\",\"breadcrumb\":{\"@id\":\"https:\/\/sandzakpress.net\/arhiva\/sud-bih-potvrdio-optuznicu-protiv-orica\/#breadcrumb\"},\"inLanguage\":\"bs-BA\",\"potentialAction\":[{\"@type\":\"ReadAction\",\"target\":[\"https:\/\/sandzakpress.net\/arhiva\/sud-bih-potvrdio-optuznicu-protiv-orica\/\"]}]},{\"@type\":\"ImageObject\",\"inLanguage\":\"bs-BA\",\"@id\":\"https:\/\/sandzakpress.net\/arhiva\/sud-bih-potvrdio-optuznicu-protiv-orica\/#primaryimage\",\"url\":\"https:\/\/sandzakpress.net\/arhiva\/wp-content\/uploads\/2015\/09\/naser_oric_sud_anadolija_2.jpg\",\"contentUrl\":\"https:\/\/sandzakpress.net\/arhiva\/wp-content\/uploads\/2015\/09\/naser_oric_sud_anadolija_2.jpg\",\"width\":900,\"height\":672},{\"@type\":\"BreadcrumbList\",\"@id\":\"https:\/\/sandzakpress.net\/arhiva\/sud-bih-potvrdio-optuznicu-protiv-orica\/#breadcrumb\",\"itemListElement\":[{\"@type\":\"ListItem\",\"position\":1,\"name\":\"Home\",\"item\":\"https:\/\/sandzakpress.net\/arhiva\/\"},{\"@type\":\"ListItem\",\"position\":2,\"name\":\"Sud BiH potvrdio optu\u017enicu protiv Ori\u0107a\"}]},{\"@type\":\"WebSite\",\"@id\":\"https:\/\/sandzakpress.net\/arhiva\/#website\",\"url\":\"https:\/\/sandzakpress.net\/arhiva\/\",\"name\":\"Sand\u017eak PRESS\",\"description\":\"Prve elektronske novine u Sand\u017eaku\",\"publisher\":{\"@id\":\"https:\/\/sandzakpress.net\/arhiva\/#\/schema\/person\/6e72b67d6e51910a1117b3b483ba20bd\"},\"potentialAction\":[{\"@type\":\"SearchAction\",\"target\":{\"@type\":\"EntryPoint\",\"urlTemplate\":\"https:\/\/sandzakpress.net\/arhiva\/?s={search_term_string}\"},\"query-input\":{\"@type\":\"PropertyValueSpecification\",\"valueRequired\":true,\"valueName\":\"search_term_string\"}}],\"inLanguage\":\"bs-BA\"},{\"@type\":[\"Person\",\"Organization\"],\"@id\":\"https:\/\/sandzakpress.net\/arhiva\/#\/schema\/person\/6e72b67d6e51910a1117b3b483ba20bd\",\"name\":\"Kul\",\"image\":{\"@type\":\"ImageObject\",\"inLanguage\":\"bs-BA\",\"@id\":\"https:\/\/sandzakpress.net\/arhiva\/#\/schema\/person\/image\/\",\"url\":\"https:\/\/secure.gravatar.com\/avatar\/42263f39aa27ac04c43cab85c280eb2e?s=96&d=mm&r=pg\",\"contentUrl\":\"https:\/\/secure.gravatar.com\/avatar\/42263f39aa27ac04c43cab85c280eb2e?s=96&d=mm&r=pg\",\"caption\":\"Kul\"},\"logo\":{\"@id\":\"https:\/\/sandzakpress.net\/arhiva\/#\/schema\/person\/image\/\"}},{\"@type\":\"Person\",\"@id\":\"https:\/\/sandzakpress.net\/arhiva\/#\/schema\/person\/c8baee722073534b583ea7bdb2e36c02\",\"name\":\"bosniak\",\"image\":{\"@type\":\"ImageObject\",\"inLanguage\":\"bs-BA\",\"@id\":\"https:\/\/sandzakpress.net\/arhiva\/#\/schema\/person\/image\/\",\"url\":\"https:\/\/secure.gravatar.com\/avatar\/a04fd330bfe3a36a72a0ad4a6d89fca7?s=96&d=mm&r=pg\",\"contentUrl\":\"https:\/\/secure.gravatar.com\/avatar\/a04fd330bfe3a36a72a0ad4a6d89fca7?s=96&d=mm&r=pg\",\"caption\":\"bosniak\"},\"url\":\"https:\/\/sandzakpress.net\/arhiva\/author\/bosniak\/\"}]}<\/script>\n<!-- \/ Yoast SEO Premium plugin. -->","yoast_head_json":{"title":"Sud BiH potvrdio optu\u017enicu protiv Ori\u0107a","robots":{"index":"index","follow":"follow","max-snippet":"max-snippet:-1","max-image-preview":"max-image-preview:large","max-video-preview":"max-video-preview:-1"},"canonical":"https:\/\/sandzakpress.net\/arhiva\/sud-bih-potvrdio-optuznicu-protiv-orica\/","og_locale":"bs_BA","og_type":"article","og_title":"Sud BiH potvrdio optu\u017enicu protiv Ori\u0107a","og_description":"Sarajevo \u2013 Tu\u017eila\u0161tvo Bosne i Hercegovine obavije\u0161teno je da je Sud BiH potvrdio optu\u017enicu u predmetu \u201cNaser Ori\u0107 i drugi\u201d. Optu\u017enicom, koja je podignuta krajem augusta, Naser Ori\u0107 i Sabahudin Muhi\u0107 se terete da su tokom rata izme\u0111u Armije RBiH i Vojske Republike Srpske, na podru\u010dju Srebrenice i Bratunca, u svojstvu komandanta i pripadnika Armije [&hellip;]","og_url":"https:\/\/sandzakpress.net\/arhiva\/sud-bih-potvrdio-optuznicu-protiv-orica\/","og_site_name":"Sand\u017eak PRESS","article_published_time":"2015-09-10T11:54:16+00:00","og_image":[{"width":900,"height":672,"url":"https:\/\/sandzakpress.net\/arhiva\/wp-content\/uploads\/2015\/09\/naser_oric_sud_anadolija_2.jpg","type":"image\/jpeg"}],"author":"bosniak","twitter_card":"summary_large_image","twitter_misc":{"Written by":"bosniak","Est. reading time":"2 minute"},"schema":{"@context":"https:\/\/schema.org","@graph":[{"@type":"Article","@id":"https:\/\/sandzakpress.net\/arhiva\/sud-bih-potvrdio-optuznicu-protiv-orica\/#article","isPartOf":{"@id":"https:\/\/sandzakpress.net\/arhiva\/sud-bih-potvrdio-optuznicu-protiv-orica\/"},"author":{"name":"bosniak","@id":"https:\/\/sandzakpress.net\/arhiva\/#\/schema\/person\/c8baee722073534b583ea7bdb2e36c02"},"headline":"Sud BiH potvrdio optu\u017enicu protiv Ori\u0107a","datePublished":"2015-09-10T11:54:16+00:00","mainEntityOfPage":{"@id":"https:\/\/sandzakpress.net\/arhiva\/sud-bih-potvrdio-optuznicu-protiv-orica\/"},"wordCount":458,"commentCount":0,"publisher":{"@id":"https:\/\/sandzakpress.net\/arhiva\/#\/schema\/person\/6e72b67d6e51910a1117b3b483ba20bd"},"image":{"@id":"https:\/\/sandzakpress.net\/arhiva\/sud-bih-potvrdio-optuznicu-protiv-orica\/#primaryimage"},"thumbnailUrl":"https:\/\/sandzakpress.net\/arhiva\/wp-content\/uploads\/2015\/09\/naser_oric_sud_anadolija_2.jpg","keywords":["Bosna i Hercegovina"],"articleSection":["Bosna PRESS"],"inLanguage":"bs-BA","potentialAction":[{"@type":"CommentAction","name":"Comment","target":["https:\/\/sandzakpress.net\/arhiva\/sud-bih-potvrdio-optuznicu-protiv-orica\/#respond"]}]},{"@type":"WebPage","@id":"https:\/\/sandzakpress.net\/arhiva\/sud-bih-potvrdio-optuznicu-protiv-orica\/","url":"https:\/\/sandzakpress.net\/arhiva\/sud-bih-potvrdio-optuznicu-protiv-orica\/","name":"Sud BiH potvrdio optu\u017enicu protiv Ori\u0107a","isPartOf":{"@id":"https:\/\/sandzakpress.net\/arhiva\/#website"},"primaryImageOfPage":{"@id":"https:\/\/sandzakpress.net\/arhiva\/sud-bih-potvrdio-optuznicu-protiv-orica\/#primaryimage"},"image":{"@id":"https:\/\/sandzakpress.net\/arhiva\/sud-bih-potvrdio-optuznicu-protiv-orica\/#primaryimage"},"thumbnailUrl":"https:\/\/sandzakpress.net\/arhiva\/wp-content\/uploads\/2015\/09\/naser_oric_sud_anadolija_2.jpg","datePublished":"2015-09-10T11:54:16+00:00","breadcrumb":{"@id":"https:\/\/sandzakpress.net\/arhiva\/sud-bih-potvrdio-optuznicu-protiv-orica\/#breadcrumb"},"inLanguage":"bs-BA","potentialAction":[{"@type":"ReadAction","target":["https:\/\/sandzakpress.net\/arhiva\/sud-bih-potvrdio-optuznicu-protiv-orica\/"]}]},{"@type":"ImageObject","inLanguage":"bs-BA","@id":"https:\/\/sandzakpress.net\/arhiva\/sud-bih-potvrdio-optuznicu-protiv-orica\/#primaryimage","url":"https:\/\/sandzakpress.net\/arhiva\/wp-content\/uploads\/2015\/09\/naser_oric_sud_anadolija_2.jpg","contentUrl":"https:\/\/sandzakpress.net\/arhiva\/wp-content\/uploads\/2015\/09\/naser_oric_sud_anadolija_2.jpg","width":900,"height":672},{"@type":"BreadcrumbList","@id":"https:\/\/sandzakpress.net\/arhiva\/sud-bih-potvrdio-optuznicu-protiv-orica\/#breadcrumb","itemListElement":[{"@type":"ListItem","position":1,"name":"Home","item":"https:\/\/sandzakpress.net\/arhiva\/"},{"@type":"ListItem","position":2,"name":"Sud BiH potvrdio optu\u017enicu protiv Ori\u0107a"}]},{"@type":"WebSite","@id":"https:\/\/sandzakpress.net\/arhiva\/#website","url":"https:\/\/sandzakpress.net\/arhiva\/","name":"Sand\u017eak PRESS","description":"Prve elektronske novine u Sand\u017eaku","publisher":{"@id":"https:\/\/sandzakpress.net\/arhiva\/#\/schema\/person\/6e72b67d6e51910a1117b3b483ba20bd"},"potentialAction":[{"@type":"SearchAction","target":{"@type":"EntryPoint","urlTemplate":"https:\/\/sandzakpress.net\/arhiva\/?s={search_term_string}"},"query-input":{"@type":"PropertyValueSpecification","valueRequired":true,"valueName":"search_term_string"}}],"inLanguage":"bs-BA"},{"@type":["Person","Organization"],"@id":"https:\/\/sandzakpress.net\/arhiva\/#\/schema\/person\/6e72b67d6e51910a1117b3b483ba20bd","name":"Kul","image":{"@type":"ImageObject","inLanguage":"bs-BA","@id":"https:\/\/sandzakpress.net\/arhiva\/#\/schema\/person\/image\/","url":"https:\/\/secure.gravatar.com\/avatar\/42263f39aa27ac04c43cab85c280eb2e?s=96&d=mm&r=pg","contentUrl":"https:\/\/secure.gravatar.com\/avatar\/42263f39aa27ac04c43cab85c280eb2e?s=96&d=mm&r=pg","caption":"Kul"},"logo":{"@id":"https:\/\/sandzakpress.net\/arhiva\/#\/schema\/person\/image\/"}},{"@type":"Person","@id":"https:\/\/sandzakpress.net\/arhiva\/#\/schema\/person\/c8baee722073534b583ea7bdb2e36c02","name":"bosniak","image":{"@type":"ImageObject","inLanguage":"bs-BA","@id":"https:\/\/sandzakpress.net\/arhiva\/#\/schema\/person\/image\/","url":"https:\/\/secure.gravatar.com\/avatar\/a04fd330bfe3a36a72a0ad4a6d89fca7?s=96&d=mm&r=pg","contentUrl":"https:\/\/secure.gravatar.com\/avatar\/a04fd330bfe3a36a72a0ad4a6d89fca7?s=96&d=mm&r=pg","caption":"bosniak"},"url":"https:\/\/sandzakpress.net\/arhiva\/author\/bosniak\/"}]}},"_links":{"self":[{"href":"https:\/\/sandzakpress.net\/arhiva\/wp-json\/wp\/v2\/posts\/136561"}],"collection":[{"href":"https:\/\/sandzakpress.net\/arhiva\/wp-json\/wp\/v2\/posts"}],"about":[{"href":"https:\/\/sandzakpress.net\/arhiva\/wp-json\/wp\/v2\/types\/post"}],"author":[{"embeddable":true,"href":"https:\/\/sandzakpress.net\/arhiva\/wp-json\/wp\/v2\/users\/83"}],"replies":[{"embeddable":true,"href":"https:\/\/sandzakpress.net\/arhiva\/wp-json\/wp\/v2\/comments?post=136561"}],"version-history":[{"count":0,"href":"https:\/\/sandzakpress.net\/arhiva\/wp-json\/wp\/v2\/posts\/136561\/revisions"}],"wp:featuredmedia":[{"embeddable":true,"href":"https:\/\/sandzakpress.net\/arhiva\/wp-json\/wp\/v2\/media\/136562"}],"wp:attachment":[{"href":"https:\/\/sandzakpress.net\/arhiva\/wp-json\/wp\/v2\/media?parent=136561"}],"wp:term":[{"taxonomy":"category","embeddable":true,"href":"https:\/\/sandzakpress.net\/arhiva\/wp-json\/wp\/v2\/categories?post=136561"},{"taxonomy":"post_tag","embeddable":true,"href":"https:\/\/sandzakpress.net\/arhiva\/wp-json\/wp\/v2\/tags?post=136561"}],"curies":[{"name":"wp","href":"https:\/\/api.w.org\/{rel}","templated":true}]}}