{"id":136519,"date":"2015-09-09T12:28:49","date_gmt":"2015-09-09T10:28:49","guid":{"rendered":"https:\/\/sandzakpress.net\/arhiva\/namjerava-nositi-svog-nepokretnog-babu-tokom-obavljanja-hadza"},"modified":"2015-09-09T12:28:49","modified_gmt":"2015-09-09T10:28:49","slug":"namjerava-nositi-svog-nepokretnog-babu-tokom-obavljanja-hadza","status":"publish","type":"post","link":"https:\/\/sandzakpress.net\/arhiva\/namjerava-nositi-svog-nepokretnog-babu-tokom-obavljanja-hadza\/","title":{"rendered":"Namjerava nositi svog nepokretnog babu tokom obavljanja had\u017ea"},"content":{"rendered":"<p><img decoding=\"async\" src=\"http:\/\/www.islambosna.ba\/wp-content\/uploads\/2015\/09\/IMG-20150904-WA0004.jpg\" alt=\"\" \/><\/p>\n<p><strong>Arabija \u2013 Otac ga je nosio dok je bio dijete, ali sin to nije zaboravio, \u017eelio je uzvratiti ocu sada kada je otac ostario, \u017eelio ga je uva\u017eiti kao \u0161to je on njega odgajao kada je bio mali. Zbog toga ga je donio u Mekku da obavi had\u017e. Ovog pakistanskog had\u017eiju smo susreli kako, zadihan i umoran, nosi svoga oca na ple\u0107ima na d\u017eumu-namaz u Mekki. On pri\u010da kako ima pedeset godina, dok njegov otac, koji je paraliziran, ima osamdeset godina.<\/strong><\/p>\n<p>On pri\u010da kako njegov otac ne mo\u017ee i\u0107i do d\u017eamije da obavi namaz u d\u017eematu i zato ga on nosi na svojim le\u0111ima. Isto \u0107e postupiti i tokom obavljanja had\u017ea, nosit \u0107e svoga oca na le\u0111ima svo vrijeme obavljanja had\u017ea u nadi da \u0107e im Allah primiti ovaj ibadet i da \u0107e se vratiti u svoju domovinu u hajru.<\/p>\n<p>\u00a0<\/p>\n<p>On se zarekao da \u0107e pomo\u0107i svome ocu da obavi had\u017e iako je otac u godinama i nepokretan je i ne mo\u017ee se kretati. Oni su do\u0161li ove godine da obave had\u017e prvi put u \u017eivotu i on se zarekao da \u0107e sve terete i pote\u0161ko\u0107e preuzeti na sebe kako bi obojica izvr\u0161ili ovu obavezu.<\/p>\n<p>Primjer ove dvojice had\u017eija, Pakistanaca, izazvao je divljenje u okolini, tako da svi oni koji ih vide \u010dine dovu Uzvi\u0161enom Allahu da im olak\u0161a obavljanje had\u017ea i pomogne da sve obrede izvr\u0161e do kraja.<\/p>\n<p><strong>IslamBosna.ba<\/strong><\/p>\n<p>Pogledajte vijest na izvornom sajtu:<\/p>\n<p><a href=\"http:\/\/islampress.net\/dijeli\/namjerava-nositi-svog-nepokretnog-babu-tokom-obavljanja-hadza\" target=\"_blank\">Namjerava nositi svog nepokretnog babu tokom obavljanja had\u017ea<\/a><\/p>\n","protected":false},"excerpt":{"rendered":"<p>Arabija \u2013 Otac ga je nosio dok je bio dijete, ali sin to nije zaboravio, \u017eelio je uzvratiti ocu sada kada je otac ostario, \u017eelio ga je uva\u017eiti kao \u0161to je on njega odgajao kada je bio mali. Zbog toga ga je donio u Mekku da obavi had\u017e. Ovog pakistanskog had\u017eiju smo susreli kako, zadihan [&hellip;]<\/p>\n","protected":false},"author":83,"featured_media":136521,"comment_status":"open","ping_status":"open","sticky":false,"template":"","format":"standard","meta":{"footnotes":""},"categories":[10514],"tags":[10516],"class_list":{"0":"post-136519","1":"post","2":"type-post","3":"status-publish","4":"format-standard","5":"has-post-thumbnail","7":"category-islam-press","8":"tag-islam"},"yoast_head":"<!-- This site is optimized with the Yoast SEO Premium plugin v23.1 (Yoast SEO v24.9) - https:\/\/yoast.com\/wordpress\/plugins\/seo\/ -->\n<title>Namjerava nositi svog nepokretnog babu tokom obavljanja had\u017ea<\/title>\n<meta name=\"robots\" content=\"index, follow, max-snippet:-1, max-image-preview:large, max-video-preview:-1\" \/>\n<link rel=\"canonical\" href=\"https:\/\/sandzakpress.net\/arhiva\/namjerava-nositi-svog-nepokretnog-babu-tokom-obavljanja-hadza\/\" \/>\n<meta property=\"og:locale\" content=\"bs_BA\" \/>\n<meta property=\"og:type\" content=\"article\" \/>\n<meta property=\"og:title\" content=\"Namjerava nositi svog nepokretnog babu tokom obavljanja had\u017ea\" \/>\n<meta property=\"og:description\" content=\"Arabija \u2013 Otac ga je nosio dok je bio dijete, ali sin to nije zaboravio, \u017eelio je uzvratiti ocu sada kada je otac ostario, \u017eelio ga je uva\u017eiti kao \u0161to je on njega odgajao kada je bio mali. Zbog toga ga je donio u Mekku da obavi had\u017e. Ovog pakistanskog had\u017eiju smo susreli kako, zadihan [&hellip;]\" \/>\n<meta property=\"og:url\" content=\"https:\/\/sandzakpress.net\/arhiva\/namjerava-nositi-svog-nepokretnog-babu-tokom-obavljanja-hadza\/\" \/>\n<meta property=\"og:site_name\" content=\"Sand\u017eak PRESS\" \/>\n<meta property=\"article:published_time\" content=\"2015-09-09T10:28:49+00:00\" \/>\n<meta property=\"og:image\" content=\"https:\/\/sandzakpress.net\/arhiva\/wp-content\/uploads\/2015\/09\/IMG-20150904-WA00041.jpg\" \/>\n\t<meta property=\"og:image:width\" content=\"746\" \/>\n\t<meta property=\"og:image:height\" content=\"450\" \/>\n\t<meta property=\"og:image:type\" content=\"image\/jpeg\" \/>\n<meta name=\"author\" content=\"bosniak\" \/>\n<meta name=\"twitter:card\" content=\"summary_large_image\" \/>\n<meta name=\"twitter:label1\" content=\"Written by\" \/>\n\t<meta name=\"twitter:data1\" content=\"bosniak\" \/>\n\t<meta name=\"twitter:label2\" content=\"Est. reading time\" \/>\n\t<meta name=\"twitter:data2\" content=\"1 minuta\" \/>\n<script type=\"application\/ld+json\" class=\"yoast-schema-graph\">{\"@context\":\"https:\/\/schema.org\",\"@graph\":[{\"@type\":\"Article\",\"@id\":\"https:\/\/sandzakpress.net\/arhiva\/namjerava-nositi-svog-nepokretnog-babu-tokom-obavljanja-hadza\/#article\",\"isPartOf\":{\"@id\":\"https:\/\/sandzakpress.net\/arhiva\/namjerava-nositi-svog-nepokretnog-babu-tokom-obavljanja-hadza\/\"},\"author\":{\"name\":\"bosniak\",\"@id\":\"https:\/\/sandzakpress.net\/arhiva\/#\/schema\/person\/c8baee722073534b583ea7bdb2e36c02\"},\"headline\":\"Namjerava nositi svog nepokretnog babu tokom obavljanja had\u017ea\",\"datePublished\":\"2015-09-09T10:28:49+00:00\",\"mainEntityOfPage\":{\"@id\":\"https:\/\/sandzakpress.net\/arhiva\/namjerava-nositi-svog-nepokretnog-babu-tokom-obavljanja-hadza\/\"},\"wordCount\":278,\"commentCount\":0,\"publisher\":{\"@id\":\"https:\/\/sandzakpress.net\/arhiva\/#\/schema\/person\/6e72b67d6e51910a1117b3b483ba20bd\"},\"image\":{\"@id\":\"https:\/\/sandzakpress.net\/arhiva\/namjerava-nositi-svog-nepokretnog-babu-tokom-obavljanja-hadza\/#primaryimage\"},\"thumbnailUrl\":\"https:\/\/sandzakpress.net\/arhiva\/wp-content\/uploads\/2015\/09\/IMG-20150904-WA00041.jpg\",\"keywords\":[\"Islam\"],\"articleSection\":[\"Islam PRESS\"],\"inLanguage\":\"bs-BA\",\"potentialAction\":[{\"@type\":\"CommentAction\",\"name\":\"Comment\",\"target\":[\"https:\/\/sandzakpress.net\/arhiva\/namjerava-nositi-svog-nepokretnog-babu-tokom-obavljanja-hadza\/#respond\"]}]},{\"@type\":\"WebPage\",\"@id\":\"https:\/\/sandzakpress.net\/arhiva\/namjerava-nositi-svog-nepokretnog-babu-tokom-obavljanja-hadza\/\",\"url\":\"https:\/\/sandzakpress.net\/arhiva\/namjerava-nositi-svog-nepokretnog-babu-tokom-obavljanja-hadza\/\",\"name\":\"Namjerava nositi svog nepokretnog babu tokom obavljanja had\u017ea\",\"isPartOf\":{\"@id\":\"https:\/\/sandzakpress.net\/arhiva\/#website\"},\"primaryImageOfPage\":{\"@id\":\"https:\/\/sandzakpress.net\/arhiva\/namjerava-nositi-svog-nepokretnog-babu-tokom-obavljanja-hadza\/#primaryimage\"},\"image\":{\"@id\":\"https:\/\/sandzakpress.net\/arhiva\/namjerava-nositi-svog-nepokretnog-babu-tokom-obavljanja-hadza\/#primaryimage\"},\"thumbnailUrl\":\"https:\/\/sandzakpress.net\/arhiva\/wp-content\/uploads\/2015\/09\/IMG-20150904-WA00041.jpg\",\"datePublished\":\"2015-09-09T10:28:49+00:00\",\"breadcrumb\":{\"@id\":\"https:\/\/sandzakpress.net\/arhiva\/namjerava-nositi-svog-nepokretnog-babu-tokom-obavljanja-hadza\/#breadcrumb\"},\"inLanguage\":\"bs-BA\",\"potentialAction\":[{\"@type\":\"ReadAction\",\"target\":[\"https:\/\/sandzakpress.net\/arhiva\/namjerava-nositi-svog-nepokretnog-babu-tokom-obavljanja-hadza\/\"]}]},{\"@type\":\"ImageObject\",\"inLanguage\":\"bs-BA\",\"@id\":\"https:\/\/sandzakpress.net\/arhiva\/namjerava-nositi-svog-nepokretnog-babu-tokom-obavljanja-hadza\/#primaryimage\",\"url\":\"https:\/\/sandzakpress.net\/arhiva\/wp-content\/uploads\/2015\/09\/IMG-20150904-WA00041.jpg\",\"contentUrl\":\"https:\/\/sandzakpress.net\/arhiva\/wp-content\/uploads\/2015\/09\/IMG-20150904-WA00041.jpg\",\"width\":746,\"height\":450},{\"@type\":\"BreadcrumbList\",\"@id\":\"https:\/\/sandzakpress.net\/arhiva\/namjerava-nositi-svog-nepokretnog-babu-tokom-obavljanja-hadza\/#breadcrumb\",\"itemListElement\":[{\"@type\":\"ListItem\",\"position\":1,\"name\":\"Home\",\"item\":\"https:\/\/sandzakpress.net\/arhiva\/\"},{\"@type\":\"ListItem\",\"position\":2,\"name\":\"Namjerava nositi svog nepokretnog babu tokom obavljanja had\u017ea\"}]},{\"@type\":\"WebSite\",\"@id\":\"https:\/\/sandzakpress.net\/arhiva\/#website\",\"url\":\"https:\/\/sandzakpress.net\/arhiva\/\",\"name\":\"Sand\u017eak PRESS\",\"description\":\"Prve elektronske novine u Sand\u017eaku\",\"publisher\":{\"@id\":\"https:\/\/sandzakpress.net\/arhiva\/#\/schema\/person\/6e72b67d6e51910a1117b3b483ba20bd\"},\"potentialAction\":[{\"@type\":\"SearchAction\",\"target\":{\"@type\":\"EntryPoint\",\"urlTemplate\":\"https:\/\/sandzakpress.net\/arhiva\/?s={search_term_string}\"},\"query-input\":{\"@type\":\"PropertyValueSpecification\",\"valueRequired\":true,\"valueName\":\"search_term_string\"}}],\"inLanguage\":\"bs-BA\"},{\"@type\":[\"Person\",\"Organization\"],\"@id\":\"https:\/\/sandzakpress.net\/arhiva\/#\/schema\/person\/6e72b67d6e51910a1117b3b483ba20bd\",\"name\":\"Kul\",\"image\":{\"@type\":\"ImageObject\",\"inLanguage\":\"bs-BA\",\"@id\":\"https:\/\/sandzakpress.net\/arhiva\/#\/schema\/person\/image\/\",\"url\":\"https:\/\/secure.gravatar.com\/avatar\/42263f39aa27ac04c43cab85c280eb2e?s=96&d=mm&r=pg\",\"contentUrl\":\"https:\/\/secure.gravatar.com\/avatar\/42263f39aa27ac04c43cab85c280eb2e?s=96&d=mm&r=pg\",\"caption\":\"Kul\"},\"logo\":{\"@id\":\"https:\/\/sandzakpress.net\/arhiva\/#\/schema\/person\/image\/\"}},{\"@type\":\"Person\",\"@id\":\"https:\/\/sandzakpress.net\/arhiva\/#\/schema\/person\/c8baee722073534b583ea7bdb2e36c02\",\"name\":\"bosniak\",\"image\":{\"@type\":\"ImageObject\",\"inLanguage\":\"bs-BA\",\"@id\":\"https:\/\/sandzakpress.net\/arhiva\/#\/schema\/person\/image\/\",\"url\":\"https:\/\/secure.gravatar.com\/avatar\/a04fd330bfe3a36a72a0ad4a6d89fca7?s=96&d=mm&r=pg\",\"contentUrl\":\"https:\/\/secure.gravatar.com\/avatar\/a04fd330bfe3a36a72a0ad4a6d89fca7?s=96&d=mm&r=pg\",\"caption\":\"bosniak\"},\"url\":\"https:\/\/sandzakpress.net\/arhiva\/author\/bosniak\/\"}]}<\/script>\n<!-- \/ Yoast SEO Premium plugin. -->","yoast_head_json":{"title":"Namjerava nositi svog nepokretnog babu tokom obavljanja had\u017ea","robots":{"index":"index","follow":"follow","max-snippet":"max-snippet:-1","max-image-preview":"max-image-preview:large","max-video-preview":"max-video-preview:-1"},"canonical":"https:\/\/sandzakpress.net\/arhiva\/namjerava-nositi-svog-nepokretnog-babu-tokom-obavljanja-hadza\/","og_locale":"bs_BA","og_type":"article","og_title":"Namjerava nositi svog nepokretnog babu tokom obavljanja had\u017ea","og_description":"Arabija \u2013 Otac ga je nosio dok je bio dijete, ali sin to nije zaboravio, \u017eelio je uzvratiti ocu sada kada je otac ostario, \u017eelio ga je uva\u017eiti kao \u0161to je on njega odgajao kada je bio mali. Zbog toga ga je donio u Mekku da obavi had\u017e. Ovog pakistanskog had\u017eiju smo susreli kako, zadihan [&hellip;]","og_url":"https:\/\/sandzakpress.net\/arhiva\/namjerava-nositi-svog-nepokretnog-babu-tokom-obavljanja-hadza\/","og_site_name":"Sand\u017eak PRESS","article_published_time":"2015-09-09T10:28:49+00:00","og_image":[{"width":746,"height":450,"url":"https:\/\/sandzakpress.net\/arhiva\/wp-content\/uploads\/2015\/09\/IMG-20150904-WA00041.jpg","type":"image\/jpeg"}],"author":"bosniak","twitter_card":"summary_large_image","twitter_misc":{"Written by":"bosniak","Est. reading time":"1 minuta"},"schema":{"@context":"https:\/\/schema.org","@graph":[{"@type":"Article","@id":"https:\/\/sandzakpress.net\/arhiva\/namjerava-nositi-svog-nepokretnog-babu-tokom-obavljanja-hadza\/#article","isPartOf":{"@id":"https:\/\/sandzakpress.net\/arhiva\/namjerava-nositi-svog-nepokretnog-babu-tokom-obavljanja-hadza\/"},"author":{"name":"bosniak","@id":"https:\/\/sandzakpress.net\/arhiva\/#\/schema\/person\/c8baee722073534b583ea7bdb2e36c02"},"headline":"Namjerava nositi svog nepokretnog babu tokom obavljanja had\u017ea","datePublished":"2015-09-09T10:28:49+00:00","mainEntityOfPage":{"@id":"https:\/\/sandzakpress.net\/arhiva\/namjerava-nositi-svog-nepokretnog-babu-tokom-obavljanja-hadza\/"},"wordCount":278,"commentCount":0,"publisher":{"@id":"https:\/\/sandzakpress.net\/arhiva\/#\/schema\/person\/6e72b67d6e51910a1117b3b483ba20bd"},"image":{"@id":"https:\/\/sandzakpress.net\/arhiva\/namjerava-nositi-svog-nepokretnog-babu-tokom-obavljanja-hadza\/#primaryimage"},"thumbnailUrl":"https:\/\/sandzakpress.net\/arhiva\/wp-content\/uploads\/2015\/09\/IMG-20150904-WA00041.jpg","keywords":["Islam"],"articleSection":["Islam PRESS"],"inLanguage":"bs-BA","potentialAction":[{"@type":"CommentAction","name":"Comment","target":["https:\/\/sandzakpress.net\/arhiva\/namjerava-nositi-svog-nepokretnog-babu-tokom-obavljanja-hadza\/#respond"]}]},{"@type":"WebPage","@id":"https:\/\/sandzakpress.net\/arhiva\/namjerava-nositi-svog-nepokretnog-babu-tokom-obavljanja-hadza\/","url":"https:\/\/sandzakpress.net\/arhiva\/namjerava-nositi-svog-nepokretnog-babu-tokom-obavljanja-hadza\/","name":"Namjerava nositi svog nepokretnog babu tokom obavljanja had\u017ea","isPartOf":{"@id":"https:\/\/sandzakpress.net\/arhiva\/#website"},"primaryImageOfPage":{"@id":"https:\/\/sandzakpress.net\/arhiva\/namjerava-nositi-svog-nepokretnog-babu-tokom-obavljanja-hadza\/#primaryimage"},"image":{"@id":"https:\/\/sandzakpress.net\/arhiva\/namjerava-nositi-svog-nepokretnog-babu-tokom-obavljanja-hadza\/#primaryimage"},"thumbnailUrl":"https:\/\/sandzakpress.net\/arhiva\/wp-content\/uploads\/2015\/09\/IMG-20150904-WA00041.jpg","datePublished":"2015-09-09T10:28:49+00:00","breadcrumb":{"@id":"https:\/\/sandzakpress.net\/arhiva\/namjerava-nositi-svog-nepokretnog-babu-tokom-obavljanja-hadza\/#breadcrumb"},"inLanguage":"bs-BA","potentialAction":[{"@type":"ReadAction","target":["https:\/\/sandzakpress.net\/arhiva\/namjerava-nositi-svog-nepokretnog-babu-tokom-obavljanja-hadza\/"]}]},{"@type":"ImageObject","inLanguage":"bs-BA","@id":"https:\/\/sandzakpress.net\/arhiva\/namjerava-nositi-svog-nepokretnog-babu-tokom-obavljanja-hadza\/#primaryimage","url":"https:\/\/sandzakpress.net\/arhiva\/wp-content\/uploads\/2015\/09\/IMG-20150904-WA00041.jpg","contentUrl":"https:\/\/sandzakpress.net\/arhiva\/wp-content\/uploads\/2015\/09\/IMG-20150904-WA00041.jpg","width":746,"height":450},{"@type":"BreadcrumbList","@id":"https:\/\/sandzakpress.net\/arhiva\/namjerava-nositi-svog-nepokretnog-babu-tokom-obavljanja-hadza\/#breadcrumb","itemListElement":[{"@type":"ListItem","position":1,"name":"Home","item":"https:\/\/sandzakpress.net\/arhiva\/"},{"@type":"ListItem","position":2,"name":"Namjerava nositi svog nepokretnog babu tokom obavljanja had\u017ea"}]},{"@type":"WebSite","@id":"https:\/\/sandzakpress.net\/arhiva\/#website","url":"https:\/\/sandzakpress.net\/arhiva\/","name":"Sand\u017eak PRESS","description":"Prve elektronske novine u Sand\u017eaku","publisher":{"@id":"https:\/\/sandzakpress.net\/arhiva\/#\/schema\/person\/6e72b67d6e51910a1117b3b483ba20bd"},"potentialAction":[{"@type":"SearchAction","target":{"@type":"EntryPoint","urlTemplate":"https:\/\/sandzakpress.net\/arhiva\/?s={search_term_string}"},"query-input":{"@type":"PropertyValueSpecification","valueRequired":true,"valueName":"search_term_string"}}],"inLanguage":"bs-BA"},{"@type":["Person","Organization"],"@id":"https:\/\/sandzakpress.net\/arhiva\/#\/schema\/person\/6e72b67d6e51910a1117b3b483ba20bd","name":"Kul","image":{"@type":"ImageObject","inLanguage":"bs-BA","@id":"https:\/\/sandzakpress.net\/arhiva\/#\/schema\/person\/image\/","url":"https:\/\/secure.gravatar.com\/avatar\/42263f39aa27ac04c43cab85c280eb2e?s=96&d=mm&r=pg","contentUrl":"https:\/\/secure.gravatar.com\/avatar\/42263f39aa27ac04c43cab85c280eb2e?s=96&d=mm&r=pg","caption":"Kul"},"logo":{"@id":"https:\/\/sandzakpress.net\/arhiva\/#\/schema\/person\/image\/"}},{"@type":"Person","@id":"https:\/\/sandzakpress.net\/arhiva\/#\/schema\/person\/c8baee722073534b583ea7bdb2e36c02","name":"bosniak","image":{"@type":"ImageObject","inLanguage":"bs-BA","@id":"https:\/\/sandzakpress.net\/arhiva\/#\/schema\/person\/image\/","url":"https:\/\/secure.gravatar.com\/avatar\/a04fd330bfe3a36a72a0ad4a6d89fca7?s=96&d=mm&r=pg","contentUrl":"https:\/\/secure.gravatar.com\/avatar\/a04fd330bfe3a36a72a0ad4a6d89fca7?s=96&d=mm&r=pg","caption":"bosniak"},"url":"https:\/\/sandzakpress.net\/arhiva\/author\/bosniak\/"}]}},"_links":{"self":[{"href":"https:\/\/sandzakpress.net\/arhiva\/wp-json\/wp\/v2\/posts\/136519"}],"collection":[{"href":"https:\/\/sandzakpress.net\/arhiva\/wp-json\/wp\/v2\/posts"}],"about":[{"href":"https:\/\/sandzakpress.net\/arhiva\/wp-json\/wp\/v2\/types\/post"}],"author":[{"embeddable":true,"href":"https:\/\/sandzakpress.net\/arhiva\/wp-json\/wp\/v2\/users\/83"}],"replies":[{"embeddable":true,"href":"https:\/\/sandzakpress.net\/arhiva\/wp-json\/wp\/v2\/comments?post=136519"}],"version-history":[{"count":0,"href":"https:\/\/sandzakpress.net\/arhiva\/wp-json\/wp\/v2\/posts\/136519\/revisions"}],"wp:featuredmedia":[{"embeddable":true,"href":"https:\/\/sandzakpress.net\/arhiva\/wp-json\/wp\/v2\/media\/136521"}],"wp:attachment":[{"href":"https:\/\/sandzakpress.net\/arhiva\/wp-json\/wp\/v2\/media?parent=136519"}],"wp:term":[{"taxonomy":"category","embeddable":true,"href":"https:\/\/sandzakpress.net\/arhiva\/wp-json\/wp\/v2\/categories?post=136519"},{"taxonomy":"post_tag","embeddable":true,"href":"https:\/\/sandzakpress.net\/arhiva\/wp-json\/wp\/v2\/tags?post=136519"}],"curies":[{"name":"wp","href":"https:\/\/api.w.org\/{rel}","templated":true}]}}